{"id":9977,"date":"2022-11-03T12:16:05","date_gmt":"2022-11-03T15:16:05","guid":{"rendered":"http:\/\/10.101.10.197\/www\/?p=9977"},"modified":"2022-11-04T12:21:00","modified_gmt":"2022-11-04T15:21:00","slug":"concurso-de-ensayos-juridicos-por-los-15-anos-de-la-universidad-san-pablo-tucuman","status":"publish","type":"post","link":"https:\/\/www.fcejs.unsl.edu.ar\/index.php\/concurso-de-ensayos-juridicos-por-los-15-anos-de-la-universidad-san-pablo-tucuman\/","title":{"rendered":"Concurso de ensayos jur\u00eddicos por los \u201c15 a\u00f1os\u201d de la Universidad San Pablo-Tucum\u00e1n"},"content":{"rendered":"<p>La Universidad San Pablo-Tucum\u00e1n (USP-T) invita a <strong>graduados\/as en Abogac\u00eda o carrera af\u00edn<\/strong>, a participar del <strong>Concurso de &#8220;ensayos jur\u00eddicos \u201c15 a\u00f1os\u201d de la USPT<\/strong>. Con esta competencia la USP-T celebra su 15\u00b0 aniversario, acorde con su esp\u00edritu, el m\u00e9rito y el esfuerzo. Por eso, la iniciativa cuenta con<strong> grandes premios y oportunidades<\/strong>.<\/p>\n<p>Como <strong>primer premio<\/strong> del concurso se ha establecido la entrega del diploma \u201cPremio pensamiento jur\u00eddico USPT\u201d, la dotaci\u00f3n de <strong>75.000 pesos argentinos<\/strong>, la entrega de dos libros de la editorial Bibliotex y <strong>la publicaci\u00f3n del ensayo en la Revista del Instituto de Estudios Sociales, Pol\u00edtica y Cultura (Revista IESPYC) de la Universidad.<\/strong><\/p>\n<p>El <strong>segundo premio<\/strong> del concurso consiste, por su parte, en la <strong>entrega de un libro de la editorial Bibliotex<\/strong> y la publicaci\u00f3n del ensayo en la mencionada revista. <strong>Los diez mejores ensayos ser\u00e1n publicados en un libro de la editorial Bibliotex<\/strong>.<\/p>\n<p>La tem\u00e1tica de los ensayos de este concurso es \u201c<strong>La constitucionalizaci\u00f3n y convencionalizaci\u00f3n del derecho com\u00fan<\/strong>\u201d. La fecha l\u00edmite de presentaci\u00f3n de los ensayos es el <strong>25 de diciembre de este a\u00f1o<\/strong>.<\/p>\n<p>Este concurso es<strong> destinado a graduados\/as en abogac\u00eda o carrera af\u00edn, mayor de 18 a\u00f1os y con residencia en Argentina.<\/strong><\/p>\n<p>La Universidad San Pablo-Tucum\u00e1n (USP-T) es una joven entidad educativa que este a\u00f1o celebra su quinceavo aniversario. En ocasi\u00f3n de esto, ha instituido recientemente, entre otras cosas, el premio bianual \u201cPensamiento jur\u00eddico USPT\u201d. Para la primera edici\u00f3n de este reconocimiento al pensamiento en el campo del derecho, la Universidad ha decidido lanzar, en asociaci\u00f3n con la editorial jur\u00eddica Bibliotex, la mencionada competencia acad\u00e9mica.<\/p>\n<p>El jurado del concurso est\u00e1 compuesto por juristas de renombre nacional e internacional. El derecho p\u00fablico est\u00e1 representado por el Prof. Dr. Dr. h.c. mult. Nestor Sag\u00fces. Al derecho privado responde el Prof. Dr. Gonzalo Sozzo. En cambio, el derecho penal es representado por Profa. Dra. Anal\u00eda Castillo de Ayusa.<\/p>\n<h4 style=\"text-align: center;\"><strong><a href=\"https:\/\/drive.google.com\/file\/d\/1kd4jfNZJojIo-Kjz2bSPKf-xSTJHrayE\/view?usp=sharing\" target=\"_blank\" rel=\"noopener\">BASES DEL CONCURSO<\/a><\/strong><\/h4>\n<p>&nbsp;<\/p>\n<p><img fetchpriority=\"high\" decoding=\"async\" class=\"aligncenter size-large wp-image-9978\" src=\"https:\/\/www.fcejs.unsl.edu.ar\/wp-content\/uploads\/2022\/11\/Flyer.-Concurso.-818x1024.jpg\" alt=\"\" width=\"818\" height=\"1024\" srcset=\"https:\/\/www.fcejs.unsl.edu.ar\/wp-content\/uploads\/2022\/11\/Flyer.-Concurso.-818x1024.jpg 818w, https:\/\/www.fcejs.unsl.edu.ar\/wp-content\/uploads\/2022\/11\/Flyer.-Concurso.-240x300.jpg 240w, https:\/\/www.fcejs.unsl.edu.ar\/wp-content\/uploads\/2022\/11\/Flyer.-Concurso.-768x961.jpg 768w, https:\/\/www.fcejs.unsl.edu.ar\/wp-content\/uploads\/2022\/11\/Flyer.-Concurso..jpg 1023w\" sizes=\"(max-width: 818px) 100vw, 818px\" \/><\/p>\n<p>&nbsp;<\/p>\n","protected":false},"excerpt":{"rendered":"<p>La Universidad San Pablo-Tucum\u00e1n (USP-T) invita a graduados\/as en Abogac\u00eda o carrera af\u00edn, a participar del Concurso de &#8220;ensayos jur\u00eddicos \u201c15 a\u00f1os\u201d de la USPT.&hellip;<\/p>\n","protected":false},"author":9,"featured_media":9979,"comment_status":"closed","ping_status":"closed","sticky":false,"template":"","format":"standard","meta":{"om_disable_all_campaigns":false,"_monsterinsights_skip_tracking":false,"_monsterinsights_sitenote_active":false,"_monsterinsights_sitenote_note":"","_monsterinsights_sitenote_category":0,"footnotes":""},"categories":[1],"tags":[],"class_list":["post-9977","post","type-post","status-publish","format-standard","has-post-thumbnail","hentry","category-noticias"],"yoast_head":"<!-- This site is optimized with the Yoast SEO plugin v27.5 - https:\/\/yoast.com\/product\/yoast-seo-wordpress\/ -->\n<title>Concurso de ensayos jur\u00eddicos por los \u201c15 a\u00f1os\u201d de la Universidad San Pablo-Tucum\u00e1n - Facultad de Ciencias Econ\u00f3micas, Jur\u00ed\u00addicas y Sociales<\/title>\n<meta name=\"robots\" content=\"index, follow, max-snippet:-1, max-image-preview:large, max-video-preview:-1\" \/>\n<link rel=\"canonical\" href=\"https:\/\/www.fcejs.unsl.edu.ar\/index.php\/concurso-de-ensayos-juridicos-por-los-15-anos-de-la-universidad-san-pablo-tucuman\/\" \/>\n<meta property=\"og:locale\" content=\"es_ES\" \/>\n<meta property=\"og:type\" content=\"article\" \/>\n<meta property=\"og:title\" content=\"Concurso de ensayos jur\u00eddicos por los \u201c15 a\u00f1os\u201d de la Universidad San Pablo-Tucum\u00e1n - Facultad de Ciencias Econ\u00f3micas, Jur\u00ed\u00addicas y Sociales\" \/>\n<meta property=\"og:description\" content=\"La Universidad San Pablo-Tucum\u00e1n (USP-T) invita a graduados\/as en Abogac\u00eda o carrera af\u00edn, a participar del Concurso de &#8220;ensayos jur\u00eddicos \u201c15 a\u00f1os\u201d de la USPT.&hellip;\" \/>\n<meta property=\"og:url\" content=\"https:\/\/www.fcejs.unsl.edu.ar\/index.php\/concurso-de-ensayos-juridicos-por-los-15-anos-de-la-universidad-san-pablo-tucuman\/\" \/>\n<meta property=\"og:site_name\" content=\"Facultad de Ciencias Econ\u00f3micas, Jur\u00ed\u00addicas y Sociales\" \/>\n<meta property=\"article:publisher\" content=\"https:\/\/www.facebook.com\/FCEJS.UNSL\/\" \/>\n<meta property=\"article:published_time\" content=\"2022-11-03T15:16:05+00:00\" \/>\n<meta property=\"article:modified_time\" content=\"2022-11-04T15:21:00+00:00\" \/>\n<meta property=\"og:image\" content=\"https:\/\/www.fcejs.unsl.edu.ar\/wp-content\/uploads\/2022\/11\/Flyer.-Concurso-ensayos-uspt.jpg\" \/>\n\t<meta property=\"og:image:width\" content=\"1152\" \/>\n\t<meta property=\"og:image:height\" content=\"647\" \/>\n\t<meta property=\"og:image:type\" content=\"image\/jpeg\" \/>\n<meta name=\"author\" content=\"DATI\" \/>\n<meta name=\"twitter:card\" content=\"summary_large_image\" \/>\n<meta name=\"twitter:creator\" content=\"@FCEJSUNSL\" \/>\n<meta name=\"twitter:site\" content=\"@FCEJSUNSL\" \/>\n<meta name=\"twitter:label1\" content=\"Escrito por\" \/>\n\t<meta name=\"twitter:data1\" content=\"DATI\" \/>\n\t<meta name=\"twitter:label2\" content=\"Tiempo de lectura\" \/>\n\t<meta name=\"twitter:data2\" content=\"2 minutos\" \/>\n<script type=\"application\/ld+json\" class=\"yoast-schema-graph\">{\"@context\":\"https:\\\/\\\/schema.org\",\"@graph\":[{\"@type\":\"Article\",\"@id\":\"https:\\\/\\\/www.fcejs.unsl.edu.ar\\\/index.php\\\/concurso-de-ensayos-juridicos-por-los-15-anos-de-la-universidad-san-pablo-tucuman\\\/#article\",\"isPartOf\":{\"@id\":\"https:\\\/\\\/www.fcejs.unsl.edu.ar\\\/index.php\\\/concurso-de-ensayos-juridicos-por-los-15-anos-de-la-universidad-san-pablo-tucuman\\\/\"},\"author\":{\"name\":\"DATI\",\"@id\":\"https:\\\/\\\/www.fcejs.unsl.edu.ar\\\/#\\\/schema\\\/person\\\/352ee6ed90c3f394c7cb5945f8956d34\"},\"headline\":\"Concurso de ensayos jur\u00eddicos por los \u201c15 a\u00f1os\u201d de la Universidad San Pablo-Tucum\u00e1n\",\"datePublished\":\"2022-11-03T15:16:05+00:00\",\"dateModified\":\"2022-11-04T15:21:00+00:00\",\"mainEntityOfPage\":{\"@id\":\"https:\\\/\\\/www.fcejs.unsl.edu.ar\\\/index.php\\\/concurso-de-ensayos-juridicos-por-los-15-anos-de-la-universidad-san-pablo-tucuman\\\/\"},\"wordCount\":363,\"publisher\":{\"@id\":\"https:\\\/\\\/www.fcejs.unsl.edu.ar\\\/#organization\"},\"image\":{\"@id\":\"https:\\\/\\\/www.fcejs.unsl.edu.ar\\\/index.php\\\/concurso-de-ensayos-juridicos-por-los-15-anos-de-la-universidad-san-pablo-tucuman\\\/#primaryimage\"},\"thumbnailUrl\":\"https:\\\/\\\/www.fcejs.unsl.edu.ar\\\/wp-content\\\/uploads\\\/2022\\\/11\\\/Flyer.-Concurso-ensayos-uspt.jpg\",\"articleSection\":[\"Noticias\"],\"inLanguage\":\"es-AR\"},{\"@type\":\"WebPage\",\"@id\":\"https:\\\/\\\/www.fcejs.unsl.edu.ar\\\/index.php\\\/concurso-de-ensayos-juridicos-por-los-15-anos-de-la-universidad-san-pablo-tucuman\\\/\",\"url\":\"https:\\\/\\\/www.fcejs.unsl.edu.ar\\\/index.php\\\/concurso-de-ensayos-juridicos-por-los-15-anos-de-la-universidad-san-pablo-tucuman\\\/\",\"name\":\"Concurso de ensayos jur\u00eddicos por los \u201c15 a\u00f1os\u201d de la Universidad San Pablo-Tucum\u00e1n - Facultad de Ciencias Econ\u00f3micas, Jur\u00ed\u00addicas y Sociales\",\"isPartOf\":{\"@id\":\"https:\\\/\\\/www.fcejs.unsl.edu.ar\\\/#website\"},\"primaryImageOfPage\":{\"@id\":\"https:\\\/\\\/www.fcejs.unsl.edu.ar\\\/index.php\\\/concurso-de-ensayos-juridicos-por-los-15-anos-de-la-universidad-san-pablo-tucuman\\\/#primaryimage\"},\"image\":{\"@id\":\"https:\\\/\\\/www.fcejs.unsl.edu.ar\\\/index.php\\\/concurso-de-ensayos-juridicos-por-los-15-anos-de-la-universidad-san-pablo-tucuman\\\/#primaryimage\"},\"thumbnailUrl\":\"https:\\\/\\\/www.fcejs.unsl.edu.ar\\\/wp-content\\\/uploads\\\/2022\\\/11\\\/Flyer.-Concurso-ensayos-uspt.jpg\",\"datePublished\":\"2022-11-03T15:16:05+00:00\",\"dateModified\":\"2022-11-04T15:21:00+00:00\",\"breadcrumb\":{\"@id\":\"https:\\\/\\\/www.fcejs.unsl.edu.ar\\\/index.php\\\/concurso-de-ensayos-juridicos-por-los-15-anos-de-la-universidad-san-pablo-tucuman\\\/#breadcrumb\"},\"inLanguage\":\"es-AR\",\"potentialAction\":[{\"@type\":\"ReadAction\",\"target\":[\"https:\\\/\\\/www.fcejs.unsl.edu.ar\\\/index.php\\\/concurso-de-ensayos-juridicos-por-los-15-anos-de-la-universidad-san-pablo-tucuman\\\/\"]}]},{\"@type\":\"ImageObject\",\"inLanguage\":\"es-AR\",\"@id\":\"https:\\\/\\\/www.fcejs.unsl.edu.ar\\\/index.php\\\/concurso-de-ensayos-juridicos-por-los-15-anos-de-la-universidad-san-pablo-tucuman\\\/#primaryimage\",\"url\":\"https:\\\/\\\/www.fcejs.unsl.edu.ar\\\/wp-content\\\/uploads\\\/2022\\\/11\\\/Flyer.-Concurso-ensayos-uspt.jpg\",\"contentUrl\":\"https:\\\/\\\/www.fcejs.unsl.edu.ar\\\/wp-content\\\/uploads\\\/2022\\\/11\\\/Flyer.-Concurso-ensayos-uspt.jpg\",\"width\":1152,\"height\":647},{\"@type\":\"BreadcrumbList\",\"@id\":\"https:\\\/\\\/www.fcejs.unsl.edu.ar\\\/index.php\\\/concurso-de-ensayos-juridicos-por-los-15-anos-de-la-universidad-san-pablo-tucuman\\\/#breadcrumb\",\"itemListElement\":[{\"@type\":\"ListItem\",\"position\":1,\"name\":\"Inicio\",\"item\":\"https:\\\/\\\/www.fcejs.unsl.edu.ar\\\/\"},{\"@type\":\"ListItem\",\"position\":2,\"name\":\"Concurso de ensayos jur\u00eddicos por los \u201c15 a\u00f1os\u201d de la Universidad San Pablo-Tucum\u00e1n\"}]},{\"@type\":\"WebSite\",\"@id\":\"https:\\\/\\\/www.fcejs.unsl.edu.ar\\\/#website\",\"url\":\"https:\\\/\\\/www.fcejs.unsl.edu.ar\\\/\",\"name\":\"Facultad de Ciencias Econ\u00f3micas, Jur\u00ed\u00addicas y Sociales\",\"description\":\"\",\"publisher\":{\"@id\":\"https:\\\/\\\/www.fcejs.unsl.edu.ar\\\/#organization\"},\"potentialAction\":[{\"@type\":\"SearchAction\",\"target\":{\"@type\":\"EntryPoint\",\"urlTemplate\":\"https:\\\/\\\/www.fcejs.unsl.edu.ar\\\/?s={search_term_string}\"},\"query-input\":{\"@type\":\"PropertyValueSpecification\",\"valueRequired\":true,\"valueName\":\"search_term_string\"}}],\"inLanguage\":\"es-AR\"},{\"@type\":\"Organization\",\"@id\":\"https:\\\/\\\/www.fcejs.unsl.edu.ar\\\/#organization\",\"name\":\"Facultad de Ciencias Econ\u00f3micas, Jur\u00eddicas y Sociales\",\"url\":\"https:\\\/\\\/www.fcejs.unsl.edu.ar\\\/\",\"logo\":{\"@type\":\"ImageObject\",\"inLanguage\":\"es-AR\",\"@id\":\"https:\\\/\\\/www.fcejs.unsl.edu.ar\\\/#\\\/schema\\\/logo\\\/image\\\/\",\"url\":\"https:\\\/\\\/www.fcejs.unsl.edu.ar\\\/wp-content\\\/uploads\\\/2021\\\/03\\\/logo-1.jpg\",\"contentUrl\":\"https:\\\/\\\/www.fcejs.unsl.edu.ar\\\/wp-content\\\/uploads\\\/2021\\\/03\\\/logo-1.jpg\",\"width\":471,\"height\":146,\"caption\":\"Facultad de Ciencias Econ\u00f3micas, Jur\u00eddicas y Sociales\"},\"image\":{\"@id\":\"https:\\\/\\\/www.fcejs.unsl.edu.ar\\\/#\\\/schema\\\/logo\\\/image\\\/\"},\"sameAs\":[\"https:\\\/\\\/www.facebook.com\\\/FCEJS.UNSL\\\/\",\"https:\\\/\\\/x.com\\\/FCEJSUNSL\",\"https:\\\/\\\/www.instagram.com\\\/fcejs.unsl\\\/\",\"https:\\\/\\\/www.youtube.com\\\/channel\\\/UCH-Ut6EaN_X5ogjIQMPe46g\\\/\"]},{\"@type\":\"Person\",\"@id\":\"https:\\\/\\\/www.fcejs.unsl.edu.ar\\\/#\\\/schema\\\/person\\\/352ee6ed90c3f394c7cb5945f8956d34\",\"name\":\"DATI\"}]}<\/script>\n<!-- \/ Yoast SEO plugin. -->","yoast_head_json":{"title":"Concurso de ensayos jur\u00eddicos por los \u201c15 a\u00f1os\u201d de la Universidad San Pablo-Tucum\u00e1n - Facultad de Ciencias Econ\u00f3micas, Jur\u00ed\u00addicas y Sociales","robots":{"index":"index","follow":"follow","max-snippet":"max-snippet:-1","max-image-preview":"max-image-preview:large","max-video-preview":"max-video-preview:-1"},"canonical":"https:\/\/www.fcejs.unsl.edu.ar\/index.php\/concurso-de-ensayos-juridicos-por-los-15-anos-de-la-universidad-san-pablo-tucuman\/","og_locale":"es_ES","og_type":"article","og_title":"Concurso de ensayos jur\u00eddicos por los \u201c15 a\u00f1os\u201d de la Universidad San Pablo-Tucum\u00e1n - Facultad de Ciencias Econ\u00f3micas, Jur\u00ed\u00addicas y Sociales","og_description":"La Universidad San Pablo-Tucum\u00e1n (USP-T) invita a graduados\/as en Abogac\u00eda o carrera af\u00edn, a participar del Concurso de &#8220;ensayos jur\u00eddicos \u201c15 a\u00f1os\u201d de la USPT.&hellip;","og_url":"https:\/\/www.fcejs.unsl.edu.ar\/index.php\/concurso-de-ensayos-juridicos-por-los-15-anos-de-la-universidad-san-pablo-tucuman\/","og_site_name":"Facultad de Ciencias Econ\u00f3micas, Jur\u00ed\u00addicas y Sociales","article_publisher":"https:\/\/www.facebook.com\/FCEJS.UNSL\/","article_published_time":"2022-11-03T15:16:05+00:00","article_modified_time":"2022-11-04T15:21:00+00:00","og_image":[{"width":1152,"height":647,"url":"https:\/\/www.fcejs.unsl.edu.ar\/wp-content\/uploads\/2022\/11\/Flyer.-Concurso-ensayos-uspt.jpg","type":"image\/jpeg"}],"author":"DATI","twitter_card":"summary_large_image","twitter_creator":"@FCEJSUNSL","twitter_site":"@FCEJSUNSL","twitter_misc":{"Escrito por":"DATI","Tiempo de lectura":"2 minutos"},"schema":{"@context":"https:\/\/schema.org","@graph":[{"@type":"Article","@id":"https:\/\/www.fcejs.unsl.edu.ar\/index.php\/concurso-de-ensayos-juridicos-por-los-15-anos-de-la-universidad-san-pablo-tucuman\/#article","isPartOf":{"@id":"https:\/\/www.fcejs.unsl.edu.ar\/index.php\/concurso-de-ensayos-juridicos-por-los-15-anos-de-la-universidad-san-pablo-tucuman\/"},"author":{"name":"DATI","@id":"https:\/\/www.fcejs.unsl.edu.ar\/#\/schema\/person\/352ee6ed90c3f394c7cb5945f8956d34"},"headline":"Concurso de ensayos jur\u00eddicos por los \u201c15 a\u00f1os\u201d de la Universidad San Pablo-Tucum\u00e1n","datePublished":"2022-11-03T15:16:05+00:00","dateModified":"2022-11-04T15:21:00+00:00","mainEntityOfPage":{"@id":"https:\/\/www.fcejs.unsl.edu.ar\/index.php\/concurso-de-ensayos-juridicos-por-los-15-anos-de-la-universidad-san-pablo-tucuman\/"},"wordCount":363,"publisher":{"@id":"https:\/\/www.fcejs.unsl.edu.ar\/#organization"},"image":{"@id":"https:\/\/www.fcejs.unsl.edu.ar\/index.php\/concurso-de-ensayos-juridicos-por-los-15-anos-de-la-universidad-san-pablo-tucuman\/#primaryimage"},"thumbnailUrl":"https:\/\/www.fcejs.unsl.edu.ar\/wp-content\/uploads\/2022\/11\/Flyer.-Concurso-ensayos-uspt.jpg","articleSection":["Noticias"],"inLanguage":"es-AR"},{"@type":"WebPage","@id":"https:\/\/www.fcejs.unsl.edu.ar\/index.php\/concurso-de-ensayos-juridicos-por-los-15-anos-de-la-universidad-san-pablo-tucuman\/","url":"https:\/\/www.fcejs.unsl.edu.ar\/index.php\/concurso-de-ensayos-juridicos-por-los-15-anos-de-la-universidad-san-pablo-tucuman\/","name":"Concurso de ensayos jur\u00eddicos por los \u201c15 a\u00f1os\u201d de la Universidad San Pablo-Tucum\u00e1n - Facultad de Ciencias Econ\u00f3micas, Jur\u00ed\u00addicas y Sociales","isPartOf":{"@id":"https:\/\/www.fcejs.unsl.edu.ar\/#website"},"primaryImageOfPage":{"@id":"https:\/\/www.fcejs.unsl.edu.ar\/index.php\/concurso-de-ensayos-juridicos-por-los-15-anos-de-la-universidad-san-pablo-tucuman\/#primaryimage"},"image":{"@id":"https:\/\/www.fcejs.unsl.edu.ar\/index.php\/concurso-de-ensayos-juridicos-por-los-15-anos-de-la-universidad-san-pablo-tucuman\/#primaryimage"},"thumbnailUrl":"https:\/\/www.fcejs.unsl.edu.ar\/wp-content\/uploads\/2022\/11\/Flyer.-Concurso-ensayos-uspt.jpg","datePublished":"2022-11-03T15:16:05+00:00","dateModified":"2022-11-04T15:21:00+00:00","breadcrumb":{"@id":"https:\/\/www.fcejs.unsl.edu.ar\/index.php\/concurso-de-ensayos-juridicos-por-los-15-anos-de-la-universidad-san-pablo-tucuman\/#breadcrumb"},"inLanguage":"es-AR","potentialAction":[{"@type":"ReadAction","target":["https:\/\/www.fcejs.unsl.edu.ar\/index.php\/concurso-de-ensayos-juridicos-por-los-15-anos-de-la-universidad-san-pablo-tucuman\/"]}]},{"@type":"ImageObject","inLanguage":"es-AR","@id":"https:\/\/www.fcejs.unsl.edu.ar\/index.php\/concurso-de-ensayos-juridicos-por-los-15-anos-de-la-universidad-san-pablo-tucuman\/#primaryimage","url":"https:\/\/www.fcejs.unsl.edu.ar\/wp-content\/uploads\/2022\/11\/Flyer.-Concurso-ensayos-uspt.jpg","contentUrl":"https:\/\/www.fcejs.unsl.edu.ar\/wp-content\/uploads\/2022\/11\/Flyer.-Concurso-ensayos-uspt.jpg","width":1152,"height":647},{"@type":"BreadcrumbList","@id":"https:\/\/www.fcejs.unsl.edu.ar\/index.php\/concurso-de-ensayos-juridicos-por-los-15-anos-de-la-universidad-san-pablo-tucuman\/#breadcrumb","itemListElement":[{"@type":"ListItem","position":1,"name":"Inicio","item":"https:\/\/www.fcejs.unsl.edu.ar\/"},{"@type":"ListItem","position":2,"name":"Concurso de ensayos jur\u00eddicos por los \u201c15 a\u00f1os\u201d de la Universidad San Pablo-Tucum\u00e1n"}]},{"@type":"WebSite","@id":"https:\/\/www.fcejs.unsl.edu.ar\/#website","url":"https:\/\/www.fcejs.unsl.edu.ar\/","name":"Facultad de Ciencias Econ\u00f3micas, Jur\u00ed\u00addicas y Sociales","description":"","publisher":{"@id":"https:\/\/www.fcejs.unsl.edu.ar\/#organization"},"potentialAction":[{"@type":"SearchAction","target":{"@type":"EntryPoint","urlTemplate":"https:\/\/www.fcejs.unsl.edu.ar\/?s={search_term_string}"},"query-input":{"@type":"PropertyValueSpecification","valueRequired":true,"valueName":"search_term_string"}}],"inLanguage":"es-AR"},{"@type":"Organization","@id":"https:\/\/www.fcejs.unsl.edu.ar\/#organization","name":"Facultad de Ciencias Econ\u00f3micas, Jur\u00eddicas y Sociales","url":"https:\/\/www.fcejs.unsl.edu.ar\/","logo":{"@type":"ImageObject","inLanguage":"es-AR","@id":"https:\/\/www.fcejs.unsl.edu.ar\/#\/schema\/logo\/image\/","url":"https:\/\/www.fcejs.unsl.edu.ar\/wp-content\/uploads\/2021\/03\/logo-1.jpg","contentUrl":"https:\/\/www.fcejs.unsl.edu.ar\/wp-content\/uploads\/2021\/03\/logo-1.jpg","width":471,"height":146,"caption":"Facultad de Ciencias Econ\u00f3micas, Jur\u00eddicas y Sociales"},"image":{"@id":"https:\/\/www.fcejs.unsl.edu.ar\/#\/schema\/logo\/image\/"},"sameAs":["https:\/\/www.facebook.com\/FCEJS.UNSL\/","https:\/\/x.com\/FCEJSUNSL","https:\/\/www.instagram.com\/fcejs.unsl\/","https:\/\/www.youtube.com\/channel\/UCH-Ut6EaN_X5ogjIQMPe46g\/"]},{"@type":"Person","@id":"https:\/\/www.fcejs.unsl.edu.ar\/#\/schema\/person\/352ee6ed90c3f394c7cb5945f8956d34","name":"DATI"}]}},"jetpack_featured_media_url":"https:\/\/www.fcejs.unsl.edu.ar\/wp-content\/uploads\/2022\/11\/Flyer.-Concurso-ensayos-uspt.jpg","_links":{"self":[{"href":"https:\/\/www.fcejs.unsl.edu.ar\/index.php\/wp-json\/wp\/v2\/posts\/9977","targetHints":{"allow":["GET"]}}],"collection":[{"href":"https:\/\/www.fcejs.unsl.edu.ar\/index.php\/wp-json\/wp\/v2\/posts"}],"about":[{"href":"https:\/\/www.fcejs.unsl.edu.ar\/index.php\/wp-json\/wp\/v2\/types\/post"}],"author":[{"embeddable":true,"href":"https:\/\/www.fcejs.unsl.edu.ar\/index.php\/wp-json\/wp\/v2\/users\/9"}],"replies":[{"embeddable":true,"href":"https:\/\/www.fcejs.unsl.edu.ar\/index.php\/wp-json\/wp\/v2\/comments?post=9977"}],"version-history":[{"count":1,"href":"https:\/\/www.fcejs.unsl.edu.ar\/index.php\/wp-json\/wp\/v2\/posts\/9977\/revisions"}],"predecessor-version":[{"id":9980,"href":"https:\/\/www.fcejs.unsl.edu.ar\/index.php\/wp-json\/wp\/v2\/posts\/9977\/revisions\/9980"}],"wp:featuredmedia":[{"embeddable":true,"href":"https:\/\/www.fcejs.unsl.edu.ar\/index.php\/wp-json\/wp\/v2\/media\/9979"}],"wp:attachment":[{"href":"https:\/\/www.fcejs.unsl.edu.ar\/index.php\/wp-json\/wp\/v2\/media?parent=9977"}],"wp:term":[{"taxonomy":"category","embeddable":true,"href":"https:\/\/www.fcejs.unsl.edu.ar\/index.php\/wp-json\/wp\/v2\/categories?post=9977"},{"taxonomy":"post_tag","embeddable":true,"href":"https:\/\/www.fcejs.unsl.edu.ar\/index.php\/wp-json\/wp\/v2\/tags?post=9977"}],"curies":[{"name":"wp","href":"https:\/\/api.w.org\/{rel}","templated":true}]}}