{"id":9947,"date":"2022-11-01T12:28:42","date_gmt":"2022-11-01T15:28:42","guid":{"rendered":"http:\/\/10.101.10.197\/www\/?p=9947"},"modified":"2022-11-02T12:33:05","modified_gmt":"2022-11-02T15:33:05","slug":"se-realizo-la-capacitacion-discapacidad-y-sexualidad-aportes-para-el-ejercicio-profesional","status":"publish","type":"post","link":"https:\/\/www.fcejs.unsl.edu.ar\/index.php\/se-realizo-la-capacitacion-discapacidad-y-sexualidad-aportes-para-el-ejercicio-profesional\/","title":{"rendered":"Se realiz\u00f3 la capacitaci\u00f3n \u201cDiscapacidad y Sexualidad. Aportes para el ejercicio profesional\u201d"},"content":{"rendered":"<p><strong>Docentes y estudiantes de carreras sociales<\/strong>, participaron de la capacitaci\u00f3n <strong>\u201cDiscapacidad y Sexualidad. Aportes para el ejercicio profesional<\/strong>\u201d. Esta actividad fue impulsada por el <strong>PROIPRO 15-1620<\/strong>\u201cPr\u00e1cticas profesionales en el campo de la discapacidad: modelos de intervenci\u00f3n en organizaciones de la ciudad de Villa Mercedes (San Luis)\u201d FCEJS-UNSL y l<strong>a Secretar\u00eda de Extensi\u00f3n Universitaria.<\/strong><\/p>\n<p>Desarrollado en el Campus Universitario el<strong> 21 y 28 de octubre de 2022,<\/strong> este taller tuvo como finalidad de generar espacios de reflexi\u00f3n y an\u00e1lisis cr\u00edtico sobre las intervenciones que llevan a cabo los equipos profesionales, en relaci\u00f3n a la sexualidad, a partir de la visi\u00f3n de los modelos actuales de abordaje de la discapacidad. Busco brindar conceptos b\u00e1sicos sobre educaci\u00f3n sexual integral y su vinculaci\u00f3n con la discapacidad desde el modelo social. Derribar algunos mitos sobre la sexualidad en personas con discapacidad y promover la reflexi\u00f3n para el dise\u00f1o de estrategias de intervenci\u00f3n para abordar la tem\u00e1tica con las personas con discapacidad y sus familias.<\/p>\n<p>La docente responsable de esta capacitaci\u00f3n fue la Esp. Virginia D\u00edaz con las colaboraciones de la\u00a0 Esp. Myrian Rubertoni y el Esp. Juan Carena. Coordinaron los encuentros la Ab. Vanesa Alejandra Sosa y la Esp. Mirta Pereira.<\/p>\n<div class=\"gmedia_gallery phantom_module is_bot\" id=\"GmediaGallery_108\" data-gmid=\"108\" data-module=\"phantom\"><style type='text\/css' class='gmedia_module_style_import'>@import url('https:\/\/www.fcejs.unsl.edu.ar\/wp-content\/plugins\/grand-media\/module\/phantom\/css\/style.css') all;<\/style>    <div class=\"gmPhantom_Container noLightbox\" >\r\n                <div class=\"gmPhantom_thumbsWrapper gmPhantom_ThumbScale gmPhantom_LabelHover\">\r\n                        <div class=\"gmPhantom_ThumbContainer gmPhantom_ThumbLoader\" data-id=\"1401\" data-post_id=\"9955\" data-ratio=\"1.3333333333333\" data-type=\"image\" data-ext=\"jpg\" data-views=\"19\" data-likes=\"0\" data-cc=\"0\" data-post_link=\"https:\/\/www.fcejs.unsl.edu.ar\/index.php\/gmedia\/discapacidad_y_sexualidad-_aportes_para_el_ejercicio_profesional_7_-jpg\/\">\r\n                <a href=\"https:\/\/www.fcejs.unsl.edu.ar\/wp-content\/grand-media\/image\/Discapacidad_y_Sexualidad._Aportes_para_el_ejercicio_profesional_7_.jpg\" class=\"gmPhantom_Thumb\"><img decoding=\"async\" src=\"https:\/\/www.fcejs.unsl.edu.ar\/wp-content\/grand-media\/image\/thumb\/Discapacidad_y_Sexualidad._Aportes_para_el_ejercicio_profesional_7_.jpg\" data-src=\"https:\/\/www.fcejs.unsl.edu.ar\/wp-content\/grand-media\/image\/Discapacidad_y_Sexualidad._Aportes_para_el_ejercicio_profesional_7_.jpg\" alt=\"Discapacidad Y Sexualidad. Aportes Para El Ejercicio Profesional (7)\"\/><\/a>\r\n                                    <div class=\"gmPhantom_ThumbLabel\"><span class=\"gmPhantom_ThumbLabel_title\">Discapacidad Y Sexualidad. Aportes Para El Ejercicio Profesional (7)<\/span><\/div>\r\n                                    <div style=\"display:none;\" class=\"gmPhantom_Details\">\r\n                                            <div class=\"gmPhantom_description\">\r\n                            <div class=\"gmPhantom_title\">Discapacidad Y Sexualidad. Aportes Para El Ejercicio Profesional (7)<\/div>\r\n                            <div class=\"gmPhantom_text\"><\/div>\r\n                        <\/div>\r\n                                                            <div class=\"gmPhantom_terms\">\r\n                                                    <div class=\"gmPhantom_other_terms\">\r\n                                <table class=\"gmPhantom_other_terms_table\">\r\n                                                                            <tr class=\"gmPhantom_term_row_album\">\r\n                                            <td class=\"gmPhantom_term_key\">Album<\/td>\r\n                                            <td class=\"gmPhantom_term_value\"><a href=\"\/index.php\/wp-json\/wp\/v2\/posts\/9947?gm108[album__in]=108\" class=\"gmPhantom_alb\">Discapacidad y Sexualidad. Aportes para el ejercicio profesional-2022<\/a><\/td>\r\n                                        <\/tr>\r\n                                                                    <\/table>\r\n                            <\/div>\r\n                                                <\/div>\r\n                <\/div>\r\n                <\/div>            <div class=\"gmPhantom_ThumbContainer gmPhantom_ThumbLoader\" data-id=\"1400\" data-post_id=\"9954\" data-ratio=\"1.3333333333333\" data-type=\"image\" data-ext=\"jpg\" data-views=\"20\" data-likes=\"0\" data-cc=\"0\" data-post_link=\"https:\/\/www.fcejs.unsl.edu.ar\/index.php\/gmedia\/discapacidad_y_sexualidad-_aportes_para_el_ejercicio_profesional_6_-jpg\/\">\r\n                <a href=\"https:\/\/www.fcejs.unsl.edu.ar\/wp-content\/grand-media\/image\/Discapacidad_y_Sexualidad._Aportes_para_el_ejercicio_profesional_6_.jpg\" class=\"gmPhantom_Thumb\"><img decoding=\"async\" src=\"https:\/\/www.fcejs.unsl.edu.ar\/wp-content\/grand-media\/image\/thumb\/Discapacidad_y_Sexualidad._Aportes_para_el_ejercicio_profesional_6_.jpg\" data-src=\"https:\/\/www.fcejs.unsl.edu.ar\/wp-content\/grand-media\/image\/Discapacidad_y_Sexualidad._Aportes_para_el_ejercicio_profesional_6_.jpg\" alt=\"Discapacidad Y Sexualidad. Aportes Para El Ejercicio Profesional (6)\"\/><\/a>\r\n                                    <div class=\"gmPhantom_ThumbLabel\"><span class=\"gmPhantom_ThumbLabel_title\">Discapacidad Y Sexualidad. Aportes Para El Ejercicio Profesional (6)<\/span><\/div>\r\n                                    <div style=\"display:none;\" class=\"gmPhantom_Details\">\r\n                                            <div class=\"gmPhantom_description\">\r\n                            <div class=\"gmPhantom_title\">Discapacidad Y Sexualidad. Aportes Para El Ejercicio Profesional (6)<\/div>\r\n                            <div class=\"gmPhantom_text\"><\/div>\r\n                        <\/div>\r\n                                                            <div class=\"gmPhantom_terms\">\r\n                                                    <div class=\"gmPhantom_other_terms\">\r\n                                <table class=\"gmPhantom_other_terms_table\">\r\n                                                                            <tr class=\"gmPhantom_term_row_album\">\r\n                                            <td class=\"gmPhantom_term_key\">Album<\/td>\r\n                                            <td class=\"gmPhantom_term_value\"><a href=\"\/index.php\/wp-json\/wp\/v2\/posts\/9947?gm108[album__in]=108\" class=\"gmPhantom_alb\">Discapacidad y Sexualidad. Aportes para el ejercicio profesional-2022<\/a><\/td>\r\n                                        <\/tr>\r\n                                                                    <\/table>\r\n                            <\/div>\r\n                                                <\/div>\r\n                <\/div>\r\n                <\/div>            <div class=\"gmPhantom_ThumbContainer gmPhantom_ThumbLoader\" data-id=\"1399\" data-post_id=\"9953\" data-ratio=\"1.3333333333333\" data-type=\"image\" data-ext=\"jpg\" data-views=\"20\" data-likes=\"0\" data-cc=\"0\" data-post_link=\"https:\/\/www.fcejs.unsl.edu.ar\/index.php\/gmedia\/discapacidad_y_sexualidad-_aportes_para_el_ejercicio_profesional_5_-jpg\/\">\r\n                <a href=\"https:\/\/www.fcejs.unsl.edu.ar\/wp-content\/grand-media\/image\/Discapacidad_y_Sexualidad._Aportes_para_el_ejercicio_profesional_5_.jpg\" class=\"gmPhantom_Thumb\"><img decoding=\"async\" src=\"https:\/\/www.fcejs.unsl.edu.ar\/wp-content\/grand-media\/image\/thumb\/Discapacidad_y_Sexualidad._Aportes_para_el_ejercicio_profesional_5_.jpg\" data-src=\"https:\/\/www.fcejs.unsl.edu.ar\/wp-content\/grand-media\/image\/Discapacidad_y_Sexualidad._Aportes_para_el_ejercicio_profesional_5_.jpg\" alt=\"Discapacidad Y Sexualidad. Aportes Para El Ejercicio Profesional (5)\"\/><\/a>\r\n                                    <div class=\"gmPhantom_ThumbLabel\"><span class=\"gmPhantom_ThumbLabel_title\">Discapacidad Y Sexualidad. Aportes Para El Ejercicio Profesional (5)<\/span><\/div>\r\n                                    <div style=\"display:none;\" class=\"gmPhantom_Details\">\r\n                                            <div class=\"gmPhantom_description\">\r\n                            <div class=\"gmPhantom_title\">Discapacidad Y Sexualidad. Aportes Para El Ejercicio Profesional (5)<\/div>\r\n                            <div class=\"gmPhantom_text\"><\/div>\r\n                        <\/div>\r\n                                                            <div class=\"gmPhantom_terms\">\r\n                                                    <div class=\"gmPhantom_other_terms\">\r\n                                <table class=\"gmPhantom_other_terms_table\">\r\n                                                                            <tr class=\"gmPhantom_term_row_album\">\r\n                                            <td class=\"gmPhantom_term_key\">Album<\/td>\r\n                                            <td class=\"gmPhantom_term_value\"><a href=\"\/index.php\/wp-json\/wp\/v2\/posts\/9947?gm108[album__in]=108\" class=\"gmPhantom_alb\">Discapacidad y Sexualidad. Aportes para el ejercicio profesional-2022<\/a><\/td>\r\n                                        <\/tr>\r\n                                                                    <\/table>\r\n                            <\/div>\r\n                                                <\/div>\r\n                <\/div>\r\n                <\/div>            <div class=\"gmPhantom_ThumbContainer gmPhantom_ThumbLoader\" data-id=\"1398\" data-post_id=\"9952\" data-ratio=\"1.3333333333333\" data-type=\"image\" data-ext=\"jpg\" data-views=\"18\" data-likes=\"0\" data-cc=\"0\" data-post_link=\"https:\/\/www.fcejs.unsl.edu.ar\/index.php\/gmedia\/discapacidad_y_sexualidad-_aportes_para_el_ejercicio_profesional_4_-jpg\/\">\r\n                <a href=\"https:\/\/www.fcejs.unsl.edu.ar\/wp-content\/grand-media\/image\/Discapacidad_y_Sexualidad._Aportes_para_el_ejercicio_profesional_4_.jpg\" class=\"gmPhantom_Thumb\"><img decoding=\"async\" src=\"https:\/\/www.fcejs.unsl.edu.ar\/wp-content\/grand-media\/image\/thumb\/Discapacidad_y_Sexualidad._Aportes_para_el_ejercicio_profesional_4_.jpg\" data-src=\"https:\/\/www.fcejs.unsl.edu.ar\/wp-content\/grand-media\/image\/Discapacidad_y_Sexualidad._Aportes_para_el_ejercicio_profesional_4_.jpg\" alt=\"Discapacidad Y Sexualidad. Aportes Para El Ejercicio Profesional (4)\"\/><\/a>\r\n                                    <div class=\"gmPhantom_ThumbLabel\"><span class=\"gmPhantom_ThumbLabel_title\">Discapacidad Y Sexualidad. Aportes Para El Ejercicio Profesional (4)<\/span><\/div>\r\n                                    <div style=\"display:none;\" class=\"gmPhantom_Details\">\r\n                                            <div class=\"gmPhantom_description\">\r\n                            <div class=\"gmPhantom_title\">Discapacidad Y Sexualidad. Aportes Para El Ejercicio Profesional (4)<\/div>\r\n                            <div class=\"gmPhantom_text\"><\/div>\r\n                        <\/div>\r\n                                                            <div class=\"gmPhantom_terms\">\r\n                                                    <div class=\"gmPhantom_other_terms\">\r\n                                <table class=\"gmPhantom_other_terms_table\">\r\n                                                                            <tr class=\"gmPhantom_term_row_album\">\r\n                                            <td class=\"gmPhantom_term_key\">Album<\/td>\r\n                                            <td class=\"gmPhantom_term_value\"><a href=\"\/index.php\/wp-json\/wp\/v2\/posts\/9947?gm108[album__in]=108\" class=\"gmPhantom_alb\">Discapacidad y Sexualidad. Aportes para el ejercicio profesional-2022<\/a><\/td>\r\n                                        <\/tr>\r\n                                                                    <\/table>\r\n                            <\/div>\r\n                                                <\/div>\r\n                <\/div>\r\n                <\/div>            <div class=\"gmPhantom_ThumbContainer gmPhantom_ThumbLoader\" data-id=\"1397\" data-post_id=\"9951\" data-ratio=\"1.3333333333333\" data-type=\"image\" data-ext=\"jpg\" data-views=\"15\" data-likes=\"0\" data-cc=\"0\" data-post_link=\"https:\/\/www.fcejs.unsl.edu.ar\/index.php\/gmedia\/discapacidad_y_sexualidad-_aportes_para_el_ejercicio_profesional_3_-jpg\/\">\r\n                <a href=\"https:\/\/www.fcejs.unsl.edu.ar\/wp-content\/grand-media\/image\/Discapacidad_y_Sexualidad._Aportes_para_el_ejercicio_profesional_3_.jpg\" class=\"gmPhantom_Thumb\"><img decoding=\"async\" src=\"https:\/\/www.fcejs.unsl.edu.ar\/wp-content\/grand-media\/image\/thumb\/Discapacidad_y_Sexualidad._Aportes_para_el_ejercicio_profesional_3_.jpg\" data-src=\"https:\/\/www.fcejs.unsl.edu.ar\/wp-content\/grand-media\/image\/Discapacidad_y_Sexualidad._Aportes_para_el_ejercicio_profesional_3_.jpg\" alt=\"Discapacidad Y Sexualidad. Aportes Para El Ejercicio Profesional (3)\"\/><\/a>\r\n                                    <div class=\"gmPhantom_ThumbLabel\"><span class=\"gmPhantom_ThumbLabel_title\">Discapacidad Y Sexualidad. Aportes Para El Ejercicio Profesional (3)<\/span><\/div>\r\n                                    <div style=\"display:none;\" class=\"gmPhantom_Details\">\r\n                                            <div class=\"gmPhantom_description\">\r\n                            <div class=\"gmPhantom_title\">Discapacidad Y Sexualidad. Aportes Para El Ejercicio Profesional (3)<\/div>\r\n                            <div class=\"gmPhantom_text\"><\/div>\r\n                        <\/div>\r\n                                                            <div class=\"gmPhantom_terms\">\r\n                                                    <div class=\"gmPhantom_other_terms\">\r\n                                <table class=\"gmPhantom_other_terms_table\">\r\n                                                                            <tr class=\"gmPhantom_term_row_album\">\r\n                                            <td class=\"gmPhantom_term_key\">Album<\/td>\r\n                                            <td class=\"gmPhantom_term_value\"><a href=\"\/index.php\/wp-json\/wp\/v2\/posts\/9947?gm108[album__in]=108\" class=\"gmPhantom_alb\">Discapacidad y Sexualidad. Aportes para el ejercicio profesional-2022<\/a><\/td>\r\n                                        <\/tr>\r\n                                                                    <\/table>\r\n                            <\/div>\r\n                                                <\/div>\r\n                <\/div>\r\n                <\/div>            <div class=\"gmPhantom_ThumbContainer gmPhantom_ThumbLoader\" data-id=\"1396\" data-post_id=\"9950\" data-ratio=\"1.3333333333333\" data-type=\"image\" data-ext=\"jpg\" data-views=\"21\" data-likes=\"0\" data-cc=\"0\" data-post_link=\"https:\/\/www.fcejs.unsl.edu.ar\/index.php\/gmedia\/discapacidad_y_sexualidad-_aportes_para_el_ejercicio_profesional_1_-jpg\/\">\r\n                <a href=\"https:\/\/www.fcejs.unsl.edu.ar\/wp-content\/grand-media\/image\/Discapacidad_y_Sexualidad._Aportes_para_el_ejercicio_profesional_1_.jpg\" class=\"gmPhantom_Thumb\"><img decoding=\"async\" src=\"https:\/\/www.fcejs.unsl.edu.ar\/wp-content\/grand-media\/image\/thumb\/Discapacidad_y_Sexualidad._Aportes_para_el_ejercicio_profesional_1_.jpg\" data-src=\"https:\/\/www.fcejs.unsl.edu.ar\/wp-content\/grand-media\/image\/Discapacidad_y_Sexualidad._Aportes_para_el_ejercicio_profesional_1_.jpg\" alt=\"Discapacidad Y Sexualidad. Aportes Para El Ejercicio Profesional (1)\"\/><\/a>\r\n                                    <div class=\"gmPhantom_ThumbLabel\"><span class=\"gmPhantom_ThumbLabel_title\">Discapacidad Y Sexualidad. Aportes Para El Ejercicio Profesional (1)<\/span><\/div>\r\n                                    <div style=\"display:none;\" class=\"gmPhantom_Details\">\r\n                                            <div class=\"gmPhantom_description\">\r\n                            <div class=\"gmPhantom_title\">Discapacidad Y Sexualidad. Aportes Para El Ejercicio Profesional (1)<\/div>\r\n                            <div class=\"gmPhantom_text\"><\/div>\r\n                        <\/div>\r\n                                                            <div class=\"gmPhantom_terms\">\r\n                                                    <div class=\"gmPhantom_other_terms\">\r\n                                <table class=\"gmPhantom_other_terms_table\">\r\n                                                                            <tr class=\"gmPhantom_term_row_album\">\r\n                                            <td class=\"gmPhantom_term_key\">Album<\/td>\r\n                                            <td class=\"gmPhantom_term_value\"><a href=\"\/index.php\/wp-json\/wp\/v2\/posts\/9947?gm108[album__in]=108\" class=\"gmPhantom_alb\">Discapacidad y Sexualidad. Aportes para el ejercicio profesional-2022<\/a><\/td>\r\n                                        <\/tr>\r\n                                                                    <\/table>\r\n                            <\/div>\r\n                                                <\/div>\r\n                <\/div>\r\n                <\/div>        <\/div>\r\n    <\/div>\r\n<\/div>\n<p>&nbsp;<\/p>\n<p>&nbsp;<\/p>\n","protected":false},"excerpt":{"rendered":"<p>Docentes y estudiantes de carreras sociales, participaron de la capacitaci\u00f3n \u201cDiscapacidad y Sexualidad. Aportes para el ejercicio profesional\u201d. Esta actividad fue impulsada por el PROIPRO&hellip;<\/p>\n","protected":false},"author":9,"featured_media":9948,"comment_status":"closed","ping_status":"closed","sticky":false,"template":"","format":"standard","meta":{"om_disable_all_campaigns":false,"_monsterinsights_skip_tracking":false,"_monsterinsights_sitenote_active":false,"_monsterinsights_sitenote_note":"","_monsterinsights_sitenote_category":0,"footnotes":""},"categories":[1],"tags":[],"class_list":["post-9947","post","type-post","status-publish","format-standard","has-post-thumbnail","hentry","category-noticias"],"yoast_head":"<!-- This site is optimized with the Yoast SEO plugin v27.5 - https:\/\/yoast.com\/product\/yoast-seo-wordpress\/ -->\n<title>Se realiz\u00f3 la capacitaci\u00f3n \u201cDiscapacidad y Sexualidad. Aportes para el ejercicio profesional\u201d - Facultad de Ciencias Econ\u00f3micas, Jur\u00ed\u00addicas y Sociales<\/title>\n<meta name=\"robots\" content=\"index, follow, max-snippet:-1, max-image-preview:large, max-video-preview:-1\" \/>\n<link rel=\"canonical\" href=\"https:\/\/www.fcejs.unsl.edu.ar\/index.php\/se-realizo-la-capacitacion-discapacidad-y-sexualidad-aportes-para-el-ejercicio-profesional\/\" \/>\n<meta property=\"og:locale\" content=\"es_ES\" \/>\n<meta property=\"og:type\" content=\"article\" \/>\n<meta property=\"og:title\" content=\"Se realiz\u00f3 la capacitaci\u00f3n \u201cDiscapacidad y Sexualidad. Aportes para el ejercicio profesional\u201d - Facultad de Ciencias Econ\u00f3micas, Jur\u00ed\u00addicas y Sociales\" \/>\n<meta property=\"og:description\" content=\"Docentes y estudiantes de carreras sociales, participaron de la capacitaci\u00f3n \u201cDiscapacidad y Sexualidad. Aportes para el ejercicio profesional\u201d. Esta actividad fue impulsada por el PROIPRO&hellip;\" \/>\n<meta property=\"og:url\" content=\"https:\/\/www.fcejs.unsl.edu.ar\/index.php\/se-realizo-la-capacitacion-discapacidad-y-sexualidad-aportes-para-el-ejercicio-profesional\/\" \/>\n<meta property=\"og:site_name\" content=\"Facultad de Ciencias Econ\u00f3micas, Jur\u00ed\u00addicas y Sociales\" \/>\n<meta property=\"article:publisher\" content=\"https:\/\/www.facebook.com\/FCEJS.UNSL\/\" \/>\n<meta property=\"article:published_time\" content=\"2022-11-01T15:28:42+00:00\" \/>\n<meta property=\"article:modified_time\" content=\"2022-11-02T15:33:05+00:00\" \/>\n<meta property=\"og:image\" content=\"https:\/\/www.fcejs.unsl.edu.ar\/wp-content\/uploads\/2022\/11\/Discapacidad-y-Sexualidad-front.jpg\" \/>\n\t<meta property=\"og:image:width\" content=\"1152\" \/>\n\t<meta property=\"og:image:height\" content=\"647\" \/>\n\t<meta property=\"og:image:type\" content=\"image\/jpeg\" \/>\n<meta name=\"author\" content=\"DATI\" \/>\n<meta name=\"twitter:card\" content=\"summary_large_image\" \/>\n<meta name=\"twitter:creator\" content=\"@FCEJSUNSL\" \/>\n<meta name=\"twitter:site\" content=\"@FCEJSUNSL\" \/>\n<meta name=\"twitter:label1\" content=\"Escrito por\" \/>\n\t<meta name=\"twitter:data1\" content=\"DATI\" \/>\n\t<meta name=\"twitter:label2\" content=\"Tiempo de lectura\" \/>\n\t<meta name=\"twitter:data2\" content=\"1 minuto\" \/>\n<script type=\"application\/ld+json\" class=\"yoast-schema-graph\">{\"@context\":\"https:\\\/\\\/schema.org\",\"@graph\":[{\"@type\":\"Article\",\"@id\":\"https:\\\/\\\/www.fcejs.unsl.edu.ar\\\/index.php\\\/se-realizo-la-capacitacion-discapacidad-y-sexualidad-aportes-para-el-ejercicio-profesional\\\/#article\",\"isPartOf\":{\"@id\":\"https:\\\/\\\/www.fcejs.unsl.edu.ar\\\/index.php\\\/se-realizo-la-capacitacion-discapacidad-y-sexualidad-aportes-para-el-ejercicio-profesional\\\/\"},\"author\":{\"name\":\"DATI\",\"@id\":\"https:\\\/\\\/www.fcejs.unsl.edu.ar\\\/#\\\/schema\\\/person\\\/352ee6ed90c3f394c7cb5945f8956d34\"},\"headline\":\"Se realiz\u00f3 la capacitaci\u00f3n \u201cDiscapacidad y Sexualidad. Aportes para el ejercicio profesional\u201d\",\"datePublished\":\"2022-11-01T15:28:42+00:00\",\"dateModified\":\"2022-11-02T15:33:05+00:00\",\"mainEntityOfPage\":{\"@id\":\"https:\\\/\\\/www.fcejs.unsl.edu.ar\\\/index.php\\\/se-realizo-la-capacitacion-discapacidad-y-sexualidad-aportes-para-el-ejercicio-profesional\\\/\"},\"wordCount\":230,\"publisher\":{\"@id\":\"https:\\\/\\\/www.fcejs.unsl.edu.ar\\\/#organization\"},\"image\":{\"@id\":\"https:\\\/\\\/www.fcejs.unsl.edu.ar\\\/index.php\\\/se-realizo-la-capacitacion-discapacidad-y-sexualidad-aportes-para-el-ejercicio-profesional\\\/#primaryimage\"},\"thumbnailUrl\":\"https:\\\/\\\/www.fcejs.unsl.edu.ar\\\/wp-content\\\/uploads\\\/2022\\\/11\\\/Discapacidad-y-Sexualidad-front.jpg\",\"articleSection\":[\"Noticias\"],\"inLanguage\":\"es-AR\"},{\"@type\":\"WebPage\",\"@id\":\"https:\\\/\\\/www.fcejs.unsl.edu.ar\\\/index.php\\\/se-realizo-la-capacitacion-discapacidad-y-sexualidad-aportes-para-el-ejercicio-profesional\\\/\",\"url\":\"https:\\\/\\\/www.fcejs.unsl.edu.ar\\\/index.php\\\/se-realizo-la-capacitacion-discapacidad-y-sexualidad-aportes-para-el-ejercicio-profesional\\\/\",\"name\":\"Se realiz\u00f3 la capacitaci\u00f3n \u201cDiscapacidad y Sexualidad. Aportes para el ejercicio profesional\u201d - Facultad de Ciencias Econ\u00f3micas, Jur\u00ed\u00addicas y Sociales\",\"isPartOf\":{\"@id\":\"https:\\\/\\\/www.fcejs.unsl.edu.ar\\\/#website\"},\"primaryImageOfPage\":{\"@id\":\"https:\\\/\\\/www.fcejs.unsl.edu.ar\\\/index.php\\\/se-realizo-la-capacitacion-discapacidad-y-sexualidad-aportes-para-el-ejercicio-profesional\\\/#primaryimage\"},\"image\":{\"@id\":\"https:\\\/\\\/www.fcejs.unsl.edu.ar\\\/index.php\\\/se-realizo-la-capacitacion-discapacidad-y-sexualidad-aportes-para-el-ejercicio-profesional\\\/#primaryimage\"},\"thumbnailUrl\":\"https:\\\/\\\/www.fcejs.unsl.edu.ar\\\/wp-content\\\/uploads\\\/2022\\\/11\\\/Discapacidad-y-Sexualidad-front.jpg\",\"datePublished\":\"2022-11-01T15:28:42+00:00\",\"dateModified\":\"2022-11-02T15:33:05+00:00\",\"breadcrumb\":{\"@id\":\"https:\\\/\\\/www.fcejs.unsl.edu.ar\\\/index.php\\\/se-realizo-la-capacitacion-discapacidad-y-sexualidad-aportes-para-el-ejercicio-profesional\\\/#breadcrumb\"},\"inLanguage\":\"es-AR\",\"potentialAction\":[{\"@type\":\"ReadAction\",\"target\":[\"https:\\\/\\\/www.fcejs.unsl.edu.ar\\\/index.php\\\/se-realizo-la-capacitacion-discapacidad-y-sexualidad-aportes-para-el-ejercicio-profesional\\\/\"]}]},{\"@type\":\"ImageObject\",\"inLanguage\":\"es-AR\",\"@id\":\"https:\\\/\\\/www.fcejs.unsl.edu.ar\\\/index.php\\\/se-realizo-la-capacitacion-discapacidad-y-sexualidad-aportes-para-el-ejercicio-profesional\\\/#primaryimage\",\"url\":\"https:\\\/\\\/www.fcejs.unsl.edu.ar\\\/wp-content\\\/uploads\\\/2022\\\/11\\\/Discapacidad-y-Sexualidad-front.jpg\",\"contentUrl\":\"https:\\\/\\\/www.fcejs.unsl.edu.ar\\\/wp-content\\\/uploads\\\/2022\\\/11\\\/Discapacidad-y-Sexualidad-front.jpg\",\"width\":1152,\"height\":647},{\"@type\":\"BreadcrumbList\",\"@id\":\"https:\\\/\\\/www.fcejs.unsl.edu.ar\\\/index.php\\\/se-realizo-la-capacitacion-discapacidad-y-sexualidad-aportes-para-el-ejercicio-profesional\\\/#breadcrumb\",\"itemListElement\":[{\"@type\":\"ListItem\",\"position\":1,\"name\":\"Inicio\",\"item\":\"https:\\\/\\\/www.fcejs.unsl.edu.ar\\\/\"},{\"@type\":\"ListItem\",\"position\":2,\"name\":\"Se realiz\u00f3 la capacitaci\u00f3n \u201cDiscapacidad y Sexualidad. Aportes para el ejercicio profesional\u201d\"}]},{\"@type\":\"WebSite\",\"@id\":\"https:\\\/\\\/www.fcejs.unsl.edu.ar\\\/#website\",\"url\":\"https:\\\/\\\/www.fcejs.unsl.edu.ar\\\/\",\"name\":\"Facultad de Ciencias Econ\u00f3micas, Jur\u00ed\u00addicas y Sociales\",\"description\":\"\",\"publisher\":{\"@id\":\"https:\\\/\\\/www.fcejs.unsl.edu.ar\\\/#organization\"},\"potentialAction\":[{\"@type\":\"SearchAction\",\"target\":{\"@type\":\"EntryPoint\",\"urlTemplate\":\"https:\\\/\\\/www.fcejs.unsl.edu.ar\\\/?s={search_term_string}\"},\"query-input\":{\"@type\":\"PropertyValueSpecification\",\"valueRequired\":true,\"valueName\":\"search_term_string\"}}],\"inLanguage\":\"es-AR\"},{\"@type\":\"Organization\",\"@id\":\"https:\\\/\\\/www.fcejs.unsl.edu.ar\\\/#organization\",\"name\":\"Facultad de Ciencias Econ\u00f3micas, Jur\u00eddicas y Sociales\",\"url\":\"https:\\\/\\\/www.fcejs.unsl.edu.ar\\\/\",\"logo\":{\"@type\":\"ImageObject\",\"inLanguage\":\"es-AR\",\"@id\":\"https:\\\/\\\/www.fcejs.unsl.edu.ar\\\/#\\\/schema\\\/logo\\\/image\\\/\",\"url\":\"https:\\\/\\\/www.fcejs.unsl.edu.ar\\\/wp-content\\\/uploads\\\/2021\\\/03\\\/logo-1.jpg\",\"contentUrl\":\"https:\\\/\\\/www.fcejs.unsl.edu.ar\\\/wp-content\\\/uploads\\\/2021\\\/03\\\/logo-1.jpg\",\"width\":471,\"height\":146,\"caption\":\"Facultad de Ciencias Econ\u00f3micas, Jur\u00eddicas y Sociales\"},\"image\":{\"@id\":\"https:\\\/\\\/www.fcejs.unsl.edu.ar\\\/#\\\/schema\\\/logo\\\/image\\\/\"},\"sameAs\":[\"https:\\\/\\\/www.facebook.com\\\/FCEJS.UNSL\\\/\",\"https:\\\/\\\/x.com\\\/FCEJSUNSL\",\"https:\\\/\\\/www.instagram.com\\\/fcejs.unsl\\\/\",\"https:\\\/\\\/www.youtube.com\\\/channel\\\/UCH-Ut6EaN_X5ogjIQMPe46g\\\/\"]},{\"@type\":\"Person\",\"@id\":\"https:\\\/\\\/www.fcejs.unsl.edu.ar\\\/#\\\/schema\\\/person\\\/352ee6ed90c3f394c7cb5945f8956d34\",\"name\":\"DATI\"}]}<\/script>\n<!-- \/ Yoast SEO plugin. -->","yoast_head_json":{"title":"Se realiz\u00f3 la capacitaci\u00f3n \u201cDiscapacidad y Sexualidad. Aportes para el ejercicio profesional\u201d - Facultad de Ciencias Econ\u00f3micas, Jur\u00ed\u00addicas y Sociales","robots":{"index":"index","follow":"follow","max-snippet":"max-snippet:-1","max-image-preview":"max-image-preview:large","max-video-preview":"max-video-preview:-1"},"canonical":"https:\/\/www.fcejs.unsl.edu.ar\/index.php\/se-realizo-la-capacitacion-discapacidad-y-sexualidad-aportes-para-el-ejercicio-profesional\/","og_locale":"es_ES","og_type":"article","og_title":"Se realiz\u00f3 la capacitaci\u00f3n \u201cDiscapacidad y Sexualidad. Aportes para el ejercicio profesional\u201d - Facultad de Ciencias Econ\u00f3micas, Jur\u00ed\u00addicas y Sociales","og_description":"Docentes y estudiantes de carreras sociales, participaron de la capacitaci\u00f3n \u201cDiscapacidad y Sexualidad. Aportes para el ejercicio profesional\u201d. Esta actividad fue impulsada por el PROIPRO&hellip;","og_url":"https:\/\/www.fcejs.unsl.edu.ar\/index.php\/se-realizo-la-capacitacion-discapacidad-y-sexualidad-aportes-para-el-ejercicio-profesional\/","og_site_name":"Facultad de Ciencias Econ\u00f3micas, Jur\u00ed\u00addicas y Sociales","article_publisher":"https:\/\/www.facebook.com\/FCEJS.UNSL\/","article_published_time":"2022-11-01T15:28:42+00:00","article_modified_time":"2022-11-02T15:33:05+00:00","og_image":[{"width":1152,"height":647,"url":"https:\/\/www.fcejs.unsl.edu.ar\/wp-content\/uploads\/2022\/11\/Discapacidad-y-Sexualidad-front.jpg","type":"image\/jpeg"}],"author":"DATI","twitter_card":"summary_large_image","twitter_creator":"@FCEJSUNSL","twitter_site":"@FCEJSUNSL","twitter_misc":{"Escrito por":"DATI","Tiempo de lectura":"1 minuto"},"schema":{"@context":"https:\/\/schema.org","@graph":[{"@type":"Article","@id":"https:\/\/www.fcejs.unsl.edu.ar\/index.php\/se-realizo-la-capacitacion-discapacidad-y-sexualidad-aportes-para-el-ejercicio-profesional\/#article","isPartOf":{"@id":"https:\/\/www.fcejs.unsl.edu.ar\/index.php\/se-realizo-la-capacitacion-discapacidad-y-sexualidad-aportes-para-el-ejercicio-profesional\/"},"author":{"name":"DATI","@id":"https:\/\/www.fcejs.unsl.edu.ar\/#\/schema\/person\/352ee6ed90c3f394c7cb5945f8956d34"},"headline":"Se realiz\u00f3 la capacitaci\u00f3n \u201cDiscapacidad y Sexualidad. Aportes para el ejercicio profesional\u201d","datePublished":"2022-11-01T15:28:42+00:00","dateModified":"2022-11-02T15:33:05+00:00","mainEntityOfPage":{"@id":"https:\/\/www.fcejs.unsl.edu.ar\/index.php\/se-realizo-la-capacitacion-discapacidad-y-sexualidad-aportes-para-el-ejercicio-profesional\/"},"wordCount":230,"publisher":{"@id":"https:\/\/www.fcejs.unsl.edu.ar\/#organization"},"image":{"@id":"https:\/\/www.fcejs.unsl.edu.ar\/index.php\/se-realizo-la-capacitacion-discapacidad-y-sexualidad-aportes-para-el-ejercicio-profesional\/#primaryimage"},"thumbnailUrl":"https:\/\/www.fcejs.unsl.edu.ar\/wp-content\/uploads\/2022\/11\/Discapacidad-y-Sexualidad-front.jpg","articleSection":["Noticias"],"inLanguage":"es-AR"},{"@type":"WebPage","@id":"https:\/\/www.fcejs.unsl.edu.ar\/index.php\/se-realizo-la-capacitacion-discapacidad-y-sexualidad-aportes-para-el-ejercicio-profesional\/","url":"https:\/\/www.fcejs.unsl.edu.ar\/index.php\/se-realizo-la-capacitacion-discapacidad-y-sexualidad-aportes-para-el-ejercicio-profesional\/","name":"Se realiz\u00f3 la capacitaci\u00f3n \u201cDiscapacidad y Sexualidad. Aportes para el ejercicio profesional\u201d - Facultad de Ciencias Econ\u00f3micas, Jur\u00ed\u00addicas y Sociales","isPartOf":{"@id":"https:\/\/www.fcejs.unsl.edu.ar\/#website"},"primaryImageOfPage":{"@id":"https:\/\/www.fcejs.unsl.edu.ar\/index.php\/se-realizo-la-capacitacion-discapacidad-y-sexualidad-aportes-para-el-ejercicio-profesional\/#primaryimage"},"image":{"@id":"https:\/\/www.fcejs.unsl.edu.ar\/index.php\/se-realizo-la-capacitacion-discapacidad-y-sexualidad-aportes-para-el-ejercicio-profesional\/#primaryimage"},"thumbnailUrl":"https:\/\/www.fcejs.unsl.edu.ar\/wp-content\/uploads\/2022\/11\/Discapacidad-y-Sexualidad-front.jpg","datePublished":"2022-11-01T15:28:42+00:00","dateModified":"2022-11-02T15:33:05+00:00","breadcrumb":{"@id":"https:\/\/www.fcejs.unsl.edu.ar\/index.php\/se-realizo-la-capacitacion-discapacidad-y-sexualidad-aportes-para-el-ejercicio-profesional\/#breadcrumb"},"inLanguage":"es-AR","potentialAction":[{"@type":"ReadAction","target":["https:\/\/www.fcejs.unsl.edu.ar\/index.php\/se-realizo-la-capacitacion-discapacidad-y-sexualidad-aportes-para-el-ejercicio-profesional\/"]}]},{"@type":"ImageObject","inLanguage":"es-AR","@id":"https:\/\/www.fcejs.unsl.edu.ar\/index.php\/se-realizo-la-capacitacion-discapacidad-y-sexualidad-aportes-para-el-ejercicio-profesional\/#primaryimage","url":"https:\/\/www.fcejs.unsl.edu.ar\/wp-content\/uploads\/2022\/11\/Discapacidad-y-Sexualidad-front.jpg","contentUrl":"https:\/\/www.fcejs.unsl.edu.ar\/wp-content\/uploads\/2022\/11\/Discapacidad-y-Sexualidad-front.jpg","width":1152,"height":647},{"@type":"BreadcrumbList","@id":"https:\/\/www.fcejs.unsl.edu.ar\/index.php\/se-realizo-la-capacitacion-discapacidad-y-sexualidad-aportes-para-el-ejercicio-profesional\/#breadcrumb","itemListElement":[{"@type":"ListItem","position":1,"name":"Inicio","item":"https:\/\/www.fcejs.unsl.edu.ar\/"},{"@type":"ListItem","position":2,"name":"Se realiz\u00f3 la capacitaci\u00f3n \u201cDiscapacidad y Sexualidad. Aportes para el ejercicio profesional\u201d"}]},{"@type":"WebSite","@id":"https:\/\/www.fcejs.unsl.edu.ar\/#website","url":"https:\/\/www.fcejs.unsl.edu.ar\/","name":"Facultad de Ciencias Econ\u00f3micas, Jur\u00ed\u00addicas y Sociales","description":"","publisher":{"@id":"https:\/\/www.fcejs.unsl.edu.ar\/#organization"},"potentialAction":[{"@type":"SearchAction","target":{"@type":"EntryPoint","urlTemplate":"https:\/\/www.fcejs.unsl.edu.ar\/?s={search_term_string}"},"query-input":{"@type":"PropertyValueSpecification","valueRequired":true,"valueName":"search_term_string"}}],"inLanguage":"es-AR"},{"@type":"Organization","@id":"https:\/\/www.fcejs.unsl.edu.ar\/#organization","name":"Facultad de Ciencias Econ\u00f3micas, Jur\u00eddicas y Sociales","url":"https:\/\/www.fcejs.unsl.edu.ar\/","logo":{"@type":"ImageObject","inLanguage":"es-AR","@id":"https:\/\/www.fcejs.unsl.edu.ar\/#\/schema\/logo\/image\/","url":"https:\/\/www.fcejs.unsl.edu.ar\/wp-content\/uploads\/2021\/03\/logo-1.jpg","contentUrl":"https:\/\/www.fcejs.unsl.edu.ar\/wp-content\/uploads\/2021\/03\/logo-1.jpg","width":471,"height":146,"caption":"Facultad de Ciencias Econ\u00f3micas, Jur\u00eddicas y Sociales"},"image":{"@id":"https:\/\/www.fcejs.unsl.edu.ar\/#\/schema\/logo\/image\/"},"sameAs":["https:\/\/www.facebook.com\/FCEJS.UNSL\/","https:\/\/x.com\/FCEJSUNSL","https:\/\/www.instagram.com\/fcejs.unsl\/","https:\/\/www.youtube.com\/channel\/UCH-Ut6EaN_X5ogjIQMPe46g\/"]},{"@type":"Person","@id":"https:\/\/www.fcejs.unsl.edu.ar\/#\/schema\/person\/352ee6ed90c3f394c7cb5945f8956d34","name":"DATI"}]}},"jetpack_featured_media_url":"https:\/\/www.fcejs.unsl.edu.ar\/wp-content\/uploads\/2022\/11\/Discapacidad-y-Sexualidad-front.jpg","_links":{"self":[{"href":"https:\/\/www.fcejs.unsl.edu.ar\/index.php\/wp-json\/wp\/v2\/posts\/9947","targetHints":{"allow":["GET"]}}],"collection":[{"href":"https:\/\/www.fcejs.unsl.edu.ar\/index.php\/wp-json\/wp\/v2\/posts"}],"about":[{"href":"https:\/\/www.fcejs.unsl.edu.ar\/index.php\/wp-json\/wp\/v2\/types\/post"}],"author":[{"embeddable":true,"href":"https:\/\/www.fcejs.unsl.edu.ar\/index.php\/wp-json\/wp\/v2\/users\/9"}],"replies":[{"embeddable":true,"href":"https:\/\/www.fcejs.unsl.edu.ar\/index.php\/wp-json\/wp\/v2\/comments?post=9947"}],"version-history":[{"count":1,"href":"https:\/\/www.fcejs.unsl.edu.ar\/index.php\/wp-json\/wp\/v2\/posts\/9947\/revisions"}],"predecessor-version":[{"id":9956,"href":"https:\/\/www.fcejs.unsl.edu.ar\/index.php\/wp-json\/wp\/v2\/posts\/9947\/revisions\/9956"}],"wp:featuredmedia":[{"embeddable":true,"href":"https:\/\/www.fcejs.unsl.edu.ar\/index.php\/wp-json\/wp\/v2\/media\/9948"}],"wp:attachment":[{"href":"https:\/\/www.fcejs.unsl.edu.ar\/index.php\/wp-json\/wp\/v2\/media?parent=9947"}],"wp:term":[{"taxonomy":"category","embeddable":true,"href":"https:\/\/www.fcejs.unsl.edu.ar\/index.php\/wp-json\/wp\/v2\/categories?post=9947"},{"taxonomy":"post_tag","embeddable":true,"href":"https:\/\/www.fcejs.unsl.edu.ar\/index.php\/wp-json\/wp\/v2\/tags?post=9947"}],"curies":[{"name":"wp","href":"https:\/\/api.w.org\/{rel}","templated":true}]}}