{"id":9939,"date":"2022-11-02T12:11:20","date_gmt":"2022-11-02T15:11:20","guid":{"rendered":"http:\/\/10.101.10.197\/www\/?p=9939"},"modified":"2022-11-03T10:19:30","modified_gmt":"2022-11-03T13:19:30","slug":"el-observatorio-social-invita-a-estudiantes-al-taller-sobre-escritura-de-relatos-de-experiencias","status":"publish","type":"post","link":"https:\/\/www.fcejs.unsl.edu.ar\/index.php\/el-observatorio-social-invita-a-estudiantes-al-taller-sobre-escritura-de-relatos-de-experiencias\/","title":{"rendered":"El Observatorio Social invita a estudiantes al taller sobre Escritura de Relatos de Experiencias"},"content":{"rendered":"<p>Camino a la primer Jornada Provincial de Trabajo Social 2022 \u201cRe-pensarnos en experiencias situadas\u201d, <strong>hoy\u00a0Mi\u00e9rcoles 2 de Noviembre<\/strong> se llevar\u00e1 a cabo el taller<strong> \u201cEscritura de relatos de experiencias\u201d,<\/strong> actividad destinada a <strong>estudiantes de la carrera Licenciatura en Trabajo Social que deseen participar como expositores\/as en la jornada provincial.<\/strong><\/p>\n<p>Este encuentro <strong>comenzar\u00e1 a las 18 horas, en el aula \u201cObservatorio Social de la FCEJS\u201d<\/strong>, situada en el edificio \u201cEspacio Programas Especiales\u201d de la FCEJS, Campus Universitario Ruta 55 Ext. Norte.<\/p>\n<p>La <strong>Jornada Provincial de Trabajo Social 2022 \u201cRe-pensarnos en experiencias situadas\u201d<\/strong> se realizar\u00e1 el pr\u00f3ximo <strong>25 de noviembre de 9 a 18<\/strong> horas en las aulas del Instituto \u201cEscuela de Econom\u00eda, Negocios y Transferencia Tecnol\u00f3gica\u201d (EEN&amp;TT), calle Pescadores 314 ciudad de Villa Mercedes.<\/p>\n<p><strong>Organizada por el Observatorio Social de la FCEJS y el Colegio de Profesionales de Servicio Social de la Provincia de San Luis<\/strong>, esta jornada ser\u00e1 un <em>espacio de di\u00e1logo y divulgaci\u00f3n de experiencias profesionales que permitir\u00e1 enriquecer las pr\u00e1cticas actuales y futuras de las y los profesionales y avanzar en la jerarquizaci\u00f3n del Trabajo Social en la Provincia<\/em>.<\/p>\n<p><img fetchpriority=\"high\" decoding=\"async\" class=\"aligncenter size-large wp-image-9941\" src=\"https:\/\/www.fcejs.unsl.edu.ar\/wp-content\/uploads\/2022\/11\/Taller-Jornada-804x1024.jpg\" alt=\"\" width=\"804\" height=\"1024\" srcset=\"https:\/\/www.fcejs.unsl.edu.ar\/wp-content\/uploads\/2022\/11\/Taller-Jornada-804x1024.jpg 804w, https:\/\/www.fcejs.unsl.edu.ar\/wp-content\/uploads\/2022\/11\/Taller-Jornada-236x300.jpg 236w, https:\/\/www.fcejs.unsl.edu.ar\/wp-content\/uploads\/2022\/11\/Taller-Jornada-768x978.jpg 768w, https:\/\/www.fcejs.unsl.edu.ar\/wp-content\/uploads\/2022\/11\/Taller-Jornada.jpg 1152w\" sizes=\"(max-width: 804px) 100vw, 804px\" \/><\/p>\n","protected":false},"excerpt":{"rendered":"<p>Camino a la primer Jornada Provincial de Trabajo Social 2022 \u201cRe-pensarnos en experiencias situadas\u201d, hoy\u00a0Mi\u00e9rcoles 2 de Noviembre se llevar\u00e1 a cabo el taller \u201cEscritura&hellip;<\/p>\n","protected":false},"author":9,"featured_media":9940,"comment_status":"closed","ping_status":"closed","sticky":false,"template":"","format":"standard","meta":{"om_disable_all_campaigns":false,"_monsterinsights_skip_tracking":false,"_monsterinsights_sitenote_active":false,"_monsterinsights_sitenote_note":"","_monsterinsights_sitenote_category":0,"footnotes":""},"categories":[1],"tags":[],"class_list":["post-9939","post","type-post","status-publish","format-standard","has-post-thumbnail","hentry","category-noticias"],"yoast_head":"<!-- This site is optimized with the Yoast SEO plugin v27.5 - https:\/\/yoast.com\/product\/yoast-seo-wordpress\/ -->\n<title>El Observatorio Social invita a estudiantes al taller sobre Escritura de Relatos de Experiencias - Facultad de Ciencias Econ\u00f3micas, Jur\u00ed\u00addicas y Sociales<\/title>\n<meta name=\"robots\" content=\"index, follow, max-snippet:-1, max-image-preview:large, max-video-preview:-1\" \/>\n<link rel=\"canonical\" href=\"https:\/\/www.fcejs.unsl.edu.ar\/index.php\/el-observatorio-social-invita-a-estudiantes-al-taller-sobre-escritura-de-relatos-de-experiencias\/\" \/>\n<meta property=\"og:locale\" content=\"es_ES\" \/>\n<meta property=\"og:type\" content=\"article\" \/>\n<meta property=\"og:title\" content=\"El Observatorio Social invita a estudiantes al taller sobre Escritura de Relatos de Experiencias - Facultad de Ciencias Econ\u00f3micas, Jur\u00ed\u00addicas y Sociales\" \/>\n<meta property=\"og:description\" content=\"Camino a la primer Jornada Provincial de Trabajo Social 2022 \u201cRe-pensarnos en experiencias situadas\u201d, hoy\u00a0Mi\u00e9rcoles 2 de Noviembre se llevar\u00e1 a cabo el taller \u201cEscritura&hellip;\" \/>\n<meta property=\"og:url\" content=\"https:\/\/www.fcejs.unsl.edu.ar\/index.php\/el-observatorio-social-invita-a-estudiantes-al-taller-sobre-escritura-de-relatos-de-experiencias\/\" \/>\n<meta property=\"og:site_name\" content=\"Facultad de Ciencias Econ\u00f3micas, Jur\u00ed\u00addicas y Sociales\" \/>\n<meta property=\"article:publisher\" content=\"https:\/\/www.facebook.com\/FCEJS.UNSL\/\" \/>\n<meta property=\"article:published_time\" content=\"2022-11-02T15:11:20+00:00\" \/>\n<meta property=\"article:modified_time\" content=\"2022-11-03T13:19:30+00:00\" \/>\n<meta property=\"og:image\" content=\"https:\/\/www.fcejs.unsl.edu.ar\/wp-content\/uploads\/2022\/11\/Taller-Jornada-front.jpg\" \/>\n\t<meta property=\"og:image:width\" content=\"1152\" \/>\n\t<meta property=\"og:image:height\" content=\"647\" \/>\n\t<meta property=\"og:image:type\" content=\"image\/jpeg\" \/>\n<meta name=\"author\" content=\"DATI\" \/>\n<meta name=\"twitter:card\" content=\"summary_large_image\" \/>\n<meta name=\"twitter:creator\" content=\"@FCEJSUNSL\" \/>\n<meta name=\"twitter:site\" content=\"@FCEJSUNSL\" \/>\n<meta name=\"twitter:label1\" content=\"Escrito por\" \/>\n\t<meta name=\"twitter:data1\" content=\"DATI\" \/>\n\t<meta name=\"twitter:label2\" content=\"Tiempo de lectura\" \/>\n\t<meta name=\"twitter:data2\" content=\"2 minutos\" \/>\n<script type=\"application\/ld+json\" class=\"yoast-schema-graph\">{\"@context\":\"https:\\\/\\\/schema.org\",\"@graph\":[{\"@type\":\"Article\",\"@id\":\"https:\\\/\\\/www.fcejs.unsl.edu.ar\\\/index.php\\\/el-observatorio-social-invita-a-estudiantes-al-taller-sobre-escritura-de-relatos-de-experiencias\\\/#article\",\"isPartOf\":{\"@id\":\"https:\\\/\\\/www.fcejs.unsl.edu.ar\\\/index.php\\\/el-observatorio-social-invita-a-estudiantes-al-taller-sobre-escritura-de-relatos-de-experiencias\\\/\"},\"author\":{\"name\":\"DATI\",\"@id\":\"https:\\\/\\\/www.fcejs.unsl.edu.ar\\\/#\\\/schema\\\/person\\\/352ee6ed90c3f394c7cb5945f8956d34\"},\"headline\":\"El Observatorio Social invita a estudiantes al taller sobre Escritura de Relatos de Experiencias\",\"datePublished\":\"2022-11-02T15:11:20+00:00\",\"dateModified\":\"2022-11-03T13:19:30+00:00\",\"mainEntityOfPage\":{\"@id\":\"https:\\\/\\\/www.fcejs.unsl.edu.ar\\\/index.php\\\/el-observatorio-social-invita-a-estudiantes-al-taller-sobre-escritura-de-relatos-de-experiencias\\\/\"},\"wordCount\":198,\"publisher\":{\"@id\":\"https:\\\/\\\/www.fcejs.unsl.edu.ar\\\/#organization\"},\"image\":{\"@id\":\"https:\\\/\\\/www.fcejs.unsl.edu.ar\\\/index.php\\\/el-observatorio-social-invita-a-estudiantes-al-taller-sobre-escritura-de-relatos-de-experiencias\\\/#primaryimage\"},\"thumbnailUrl\":\"https:\\\/\\\/www.fcejs.unsl.edu.ar\\\/wp-content\\\/uploads\\\/2022\\\/11\\\/Taller-Jornada-front.jpg\",\"articleSection\":[\"Noticias\"],\"inLanguage\":\"es-AR\"},{\"@type\":\"WebPage\",\"@id\":\"https:\\\/\\\/www.fcejs.unsl.edu.ar\\\/index.php\\\/el-observatorio-social-invita-a-estudiantes-al-taller-sobre-escritura-de-relatos-de-experiencias\\\/\",\"url\":\"https:\\\/\\\/www.fcejs.unsl.edu.ar\\\/index.php\\\/el-observatorio-social-invita-a-estudiantes-al-taller-sobre-escritura-de-relatos-de-experiencias\\\/\",\"name\":\"El Observatorio Social invita a estudiantes al taller sobre Escritura de Relatos de Experiencias - Facultad de Ciencias Econ\u00f3micas, Jur\u00ed\u00addicas y Sociales\",\"isPartOf\":{\"@id\":\"https:\\\/\\\/www.fcejs.unsl.edu.ar\\\/#website\"},\"primaryImageOfPage\":{\"@id\":\"https:\\\/\\\/www.fcejs.unsl.edu.ar\\\/index.php\\\/el-observatorio-social-invita-a-estudiantes-al-taller-sobre-escritura-de-relatos-de-experiencias\\\/#primaryimage\"},\"image\":{\"@id\":\"https:\\\/\\\/www.fcejs.unsl.edu.ar\\\/index.php\\\/el-observatorio-social-invita-a-estudiantes-al-taller-sobre-escritura-de-relatos-de-experiencias\\\/#primaryimage\"},\"thumbnailUrl\":\"https:\\\/\\\/www.fcejs.unsl.edu.ar\\\/wp-content\\\/uploads\\\/2022\\\/11\\\/Taller-Jornada-front.jpg\",\"datePublished\":\"2022-11-02T15:11:20+00:00\",\"dateModified\":\"2022-11-03T13:19:30+00:00\",\"breadcrumb\":{\"@id\":\"https:\\\/\\\/www.fcejs.unsl.edu.ar\\\/index.php\\\/el-observatorio-social-invita-a-estudiantes-al-taller-sobre-escritura-de-relatos-de-experiencias\\\/#breadcrumb\"},\"inLanguage\":\"es-AR\",\"potentialAction\":[{\"@type\":\"ReadAction\",\"target\":[\"https:\\\/\\\/www.fcejs.unsl.edu.ar\\\/index.php\\\/el-observatorio-social-invita-a-estudiantes-al-taller-sobre-escritura-de-relatos-de-experiencias\\\/\"]}]},{\"@type\":\"ImageObject\",\"inLanguage\":\"es-AR\",\"@id\":\"https:\\\/\\\/www.fcejs.unsl.edu.ar\\\/index.php\\\/el-observatorio-social-invita-a-estudiantes-al-taller-sobre-escritura-de-relatos-de-experiencias\\\/#primaryimage\",\"url\":\"https:\\\/\\\/www.fcejs.unsl.edu.ar\\\/wp-content\\\/uploads\\\/2022\\\/11\\\/Taller-Jornada-front.jpg\",\"contentUrl\":\"https:\\\/\\\/www.fcejs.unsl.edu.ar\\\/wp-content\\\/uploads\\\/2022\\\/11\\\/Taller-Jornada-front.jpg\",\"width\":1152,\"height\":647},{\"@type\":\"BreadcrumbList\",\"@id\":\"https:\\\/\\\/www.fcejs.unsl.edu.ar\\\/index.php\\\/el-observatorio-social-invita-a-estudiantes-al-taller-sobre-escritura-de-relatos-de-experiencias\\\/#breadcrumb\",\"itemListElement\":[{\"@type\":\"ListItem\",\"position\":1,\"name\":\"Inicio\",\"item\":\"https:\\\/\\\/www.fcejs.unsl.edu.ar\\\/\"},{\"@type\":\"ListItem\",\"position\":2,\"name\":\"El Observatorio Social invita a estudiantes al taller sobre Escritura de Relatos de Experiencias\"}]},{\"@type\":\"WebSite\",\"@id\":\"https:\\\/\\\/www.fcejs.unsl.edu.ar\\\/#website\",\"url\":\"https:\\\/\\\/www.fcejs.unsl.edu.ar\\\/\",\"name\":\"Facultad de Ciencias Econ\u00f3micas, Jur\u00ed\u00addicas y Sociales\",\"description\":\"\",\"publisher\":{\"@id\":\"https:\\\/\\\/www.fcejs.unsl.edu.ar\\\/#organization\"},\"potentialAction\":[{\"@type\":\"SearchAction\",\"target\":{\"@type\":\"EntryPoint\",\"urlTemplate\":\"https:\\\/\\\/www.fcejs.unsl.edu.ar\\\/?s={search_term_string}\"},\"query-input\":{\"@type\":\"PropertyValueSpecification\",\"valueRequired\":true,\"valueName\":\"search_term_string\"}}],\"inLanguage\":\"es-AR\"},{\"@type\":\"Organization\",\"@id\":\"https:\\\/\\\/www.fcejs.unsl.edu.ar\\\/#organization\",\"name\":\"Facultad de Ciencias Econ\u00f3micas, Jur\u00eddicas y Sociales\",\"url\":\"https:\\\/\\\/www.fcejs.unsl.edu.ar\\\/\",\"logo\":{\"@type\":\"ImageObject\",\"inLanguage\":\"es-AR\",\"@id\":\"https:\\\/\\\/www.fcejs.unsl.edu.ar\\\/#\\\/schema\\\/logo\\\/image\\\/\",\"url\":\"https:\\\/\\\/www.fcejs.unsl.edu.ar\\\/wp-content\\\/uploads\\\/2021\\\/03\\\/logo-1.jpg\",\"contentUrl\":\"https:\\\/\\\/www.fcejs.unsl.edu.ar\\\/wp-content\\\/uploads\\\/2021\\\/03\\\/logo-1.jpg\",\"width\":471,\"height\":146,\"caption\":\"Facultad de Ciencias Econ\u00f3micas, Jur\u00eddicas y Sociales\"},\"image\":{\"@id\":\"https:\\\/\\\/www.fcejs.unsl.edu.ar\\\/#\\\/schema\\\/logo\\\/image\\\/\"},\"sameAs\":[\"https:\\\/\\\/www.facebook.com\\\/FCEJS.UNSL\\\/\",\"https:\\\/\\\/x.com\\\/FCEJSUNSL\",\"https:\\\/\\\/www.instagram.com\\\/fcejs.unsl\\\/\",\"https:\\\/\\\/www.youtube.com\\\/channel\\\/UCH-Ut6EaN_X5ogjIQMPe46g\\\/\"]},{\"@type\":\"Person\",\"@id\":\"https:\\\/\\\/www.fcejs.unsl.edu.ar\\\/#\\\/schema\\\/person\\\/352ee6ed90c3f394c7cb5945f8956d34\",\"name\":\"DATI\"}]}<\/script>\n<!-- \/ Yoast SEO plugin. -->","yoast_head_json":{"title":"El Observatorio Social invita a estudiantes al taller sobre Escritura de Relatos de Experiencias - Facultad de Ciencias Econ\u00f3micas, Jur\u00ed\u00addicas y Sociales","robots":{"index":"index","follow":"follow","max-snippet":"max-snippet:-1","max-image-preview":"max-image-preview:large","max-video-preview":"max-video-preview:-1"},"canonical":"https:\/\/www.fcejs.unsl.edu.ar\/index.php\/el-observatorio-social-invita-a-estudiantes-al-taller-sobre-escritura-de-relatos-de-experiencias\/","og_locale":"es_ES","og_type":"article","og_title":"El Observatorio Social invita a estudiantes al taller sobre Escritura de Relatos de Experiencias - Facultad de Ciencias Econ\u00f3micas, Jur\u00ed\u00addicas y Sociales","og_description":"Camino a la primer Jornada Provincial de Trabajo Social 2022 \u201cRe-pensarnos en experiencias situadas\u201d, hoy\u00a0Mi\u00e9rcoles 2 de Noviembre se llevar\u00e1 a cabo el taller \u201cEscritura&hellip;","og_url":"https:\/\/www.fcejs.unsl.edu.ar\/index.php\/el-observatorio-social-invita-a-estudiantes-al-taller-sobre-escritura-de-relatos-de-experiencias\/","og_site_name":"Facultad de Ciencias Econ\u00f3micas, Jur\u00ed\u00addicas y Sociales","article_publisher":"https:\/\/www.facebook.com\/FCEJS.UNSL\/","article_published_time":"2022-11-02T15:11:20+00:00","article_modified_time":"2022-11-03T13:19:30+00:00","og_image":[{"width":1152,"height":647,"url":"https:\/\/www.fcejs.unsl.edu.ar\/wp-content\/uploads\/2022\/11\/Taller-Jornada-front.jpg","type":"image\/jpeg"}],"author":"DATI","twitter_card":"summary_large_image","twitter_creator":"@FCEJSUNSL","twitter_site":"@FCEJSUNSL","twitter_misc":{"Escrito por":"DATI","Tiempo de lectura":"2 minutos"},"schema":{"@context":"https:\/\/schema.org","@graph":[{"@type":"Article","@id":"https:\/\/www.fcejs.unsl.edu.ar\/index.php\/el-observatorio-social-invita-a-estudiantes-al-taller-sobre-escritura-de-relatos-de-experiencias\/#article","isPartOf":{"@id":"https:\/\/www.fcejs.unsl.edu.ar\/index.php\/el-observatorio-social-invita-a-estudiantes-al-taller-sobre-escritura-de-relatos-de-experiencias\/"},"author":{"name":"DATI","@id":"https:\/\/www.fcejs.unsl.edu.ar\/#\/schema\/person\/352ee6ed90c3f394c7cb5945f8956d34"},"headline":"El Observatorio Social invita a estudiantes al taller sobre Escritura de Relatos de Experiencias","datePublished":"2022-11-02T15:11:20+00:00","dateModified":"2022-11-03T13:19:30+00:00","mainEntityOfPage":{"@id":"https:\/\/www.fcejs.unsl.edu.ar\/index.php\/el-observatorio-social-invita-a-estudiantes-al-taller-sobre-escritura-de-relatos-de-experiencias\/"},"wordCount":198,"publisher":{"@id":"https:\/\/www.fcejs.unsl.edu.ar\/#organization"},"image":{"@id":"https:\/\/www.fcejs.unsl.edu.ar\/index.php\/el-observatorio-social-invita-a-estudiantes-al-taller-sobre-escritura-de-relatos-de-experiencias\/#primaryimage"},"thumbnailUrl":"https:\/\/www.fcejs.unsl.edu.ar\/wp-content\/uploads\/2022\/11\/Taller-Jornada-front.jpg","articleSection":["Noticias"],"inLanguage":"es-AR"},{"@type":"WebPage","@id":"https:\/\/www.fcejs.unsl.edu.ar\/index.php\/el-observatorio-social-invita-a-estudiantes-al-taller-sobre-escritura-de-relatos-de-experiencias\/","url":"https:\/\/www.fcejs.unsl.edu.ar\/index.php\/el-observatorio-social-invita-a-estudiantes-al-taller-sobre-escritura-de-relatos-de-experiencias\/","name":"El Observatorio Social invita a estudiantes al taller sobre Escritura de Relatos de Experiencias - Facultad de Ciencias Econ\u00f3micas, Jur\u00ed\u00addicas y Sociales","isPartOf":{"@id":"https:\/\/www.fcejs.unsl.edu.ar\/#website"},"primaryImageOfPage":{"@id":"https:\/\/www.fcejs.unsl.edu.ar\/index.php\/el-observatorio-social-invita-a-estudiantes-al-taller-sobre-escritura-de-relatos-de-experiencias\/#primaryimage"},"image":{"@id":"https:\/\/www.fcejs.unsl.edu.ar\/index.php\/el-observatorio-social-invita-a-estudiantes-al-taller-sobre-escritura-de-relatos-de-experiencias\/#primaryimage"},"thumbnailUrl":"https:\/\/www.fcejs.unsl.edu.ar\/wp-content\/uploads\/2022\/11\/Taller-Jornada-front.jpg","datePublished":"2022-11-02T15:11:20+00:00","dateModified":"2022-11-03T13:19:30+00:00","breadcrumb":{"@id":"https:\/\/www.fcejs.unsl.edu.ar\/index.php\/el-observatorio-social-invita-a-estudiantes-al-taller-sobre-escritura-de-relatos-de-experiencias\/#breadcrumb"},"inLanguage":"es-AR","potentialAction":[{"@type":"ReadAction","target":["https:\/\/www.fcejs.unsl.edu.ar\/index.php\/el-observatorio-social-invita-a-estudiantes-al-taller-sobre-escritura-de-relatos-de-experiencias\/"]}]},{"@type":"ImageObject","inLanguage":"es-AR","@id":"https:\/\/www.fcejs.unsl.edu.ar\/index.php\/el-observatorio-social-invita-a-estudiantes-al-taller-sobre-escritura-de-relatos-de-experiencias\/#primaryimage","url":"https:\/\/www.fcejs.unsl.edu.ar\/wp-content\/uploads\/2022\/11\/Taller-Jornada-front.jpg","contentUrl":"https:\/\/www.fcejs.unsl.edu.ar\/wp-content\/uploads\/2022\/11\/Taller-Jornada-front.jpg","width":1152,"height":647},{"@type":"BreadcrumbList","@id":"https:\/\/www.fcejs.unsl.edu.ar\/index.php\/el-observatorio-social-invita-a-estudiantes-al-taller-sobre-escritura-de-relatos-de-experiencias\/#breadcrumb","itemListElement":[{"@type":"ListItem","position":1,"name":"Inicio","item":"https:\/\/www.fcejs.unsl.edu.ar\/"},{"@type":"ListItem","position":2,"name":"El Observatorio Social invita a estudiantes al taller sobre Escritura de Relatos de Experiencias"}]},{"@type":"WebSite","@id":"https:\/\/www.fcejs.unsl.edu.ar\/#website","url":"https:\/\/www.fcejs.unsl.edu.ar\/","name":"Facultad de Ciencias Econ\u00f3micas, Jur\u00ed\u00addicas y Sociales","description":"","publisher":{"@id":"https:\/\/www.fcejs.unsl.edu.ar\/#organization"},"potentialAction":[{"@type":"SearchAction","target":{"@type":"EntryPoint","urlTemplate":"https:\/\/www.fcejs.unsl.edu.ar\/?s={search_term_string}"},"query-input":{"@type":"PropertyValueSpecification","valueRequired":true,"valueName":"search_term_string"}}],"inLanguage":"es-AR"},{"@type":"Organization","@id":"https:\/\/www.fcejs.unsl.edu.ar\/#organization","name":"Facultad de Ciencias Econ\u00f3micas, Jur\u00eddicas y Sociales","url":"https:\/\/www.fcejs.unsl.edu.ar\/","logo":{"@type":"ImageObject","inLanguage":"es-AR","@id":"https:\/\/www.fcejs.unsl.edu.ar\/#\/schema\/logo\/image\/","url":"https:\/\/www.fcejs.unsl.edu.ar\/wp-content\/uploads\/2021\/03\/logo-1.jpg","contentUrl":"https:\/\/www.fcejs.unsl.edu.ar\/wp-content\/uploads\/2021\/03\/logo-1.jpg","width":471,"height":146,"caption":"Facultad de Ciencias Econ\u00f3micas, Jur\u00eddicas y Sociales"},"image":{"@id":"https:\/\/www.fcejs.unsl.edu.ar\/#\/schema\/logo\/image\/"},"sameAs":["https:\/\/www.facebook.com\/FCEJS.UNSL\/","https:\/\/x.com\/FCEJSUNSL","https:\/\/www.instagram.com\/fcejs.unsl\/","https:\/\/www.youtube.com\/channel\/UCH-Ut6EaN_X5ogjIQMPe46g\/"]},{"@type":"Person","@id":"https:\/\/www.fcejs.unsl.edu.ar\/#\/schema\/person\/352ee6ed90c3f394c7cb5945f8956d34","name":"DATI"}]}},"jetpack_featured_media_url":"https:\/\/www.fcejs.unsl.edu.ar\/wp-content\/uploads\/2022\/11\/Taller-Jornada-front.jpg","_links":{"self":[{"href":"https:\/\/www.fcejs.unsl.edu.ar\/index.php\/wp-json\/wp\/v2\/posts\/9939","targetHints":{"allow":["GET"]}}],"collection":[{"href":"https:\/\/www.fcejs.unsl.edu.ar\/index.php\/wp-json\/wp\/v2\/posts"}],"about":[{"href":"https:\/\/www.fcejs.unsl.edu.ar\/index.php\/wp-json\/wp\/v2\/types\/post"}],"author":[{"embeddable":true,"href":"https:\/\/www.fcejs.unsl.edu.ar\/index.php\/wp-json\/wp\/v2\/users\/9"}],"replies":[{"embeddable":true,"href":"https:\/\/www.fcejs.unsl.edu.ar\/index.php\/wp-json\/wp\/v2\/comments?post=9939"}],"version-history":[{"count":5,"href":"https:\/\/www.fcejs.unsl.edu.ar\/index.php\/wp-json\/wp\/v2\/posts\/9939\/revisions"}],"predecessor-version":[{"id":9946,"href":"https:\/\/www.fcejs.unsl.edu.ar\/index.php\/wp-json\/wp\/v2\/posts\/9939\/revisions\/9946"}],"wp:featuredmedia":[{"embeddable":true,"href":"https:\/\/www.fcejs.unsl.edu.ar\/index.php\/wp-json\/wp\/v2\/media\/9940"}],"wp:attachment":[{"href":"https:\/\/www.fcejs.unsl.edu.ar\/index.php\/wp-json\/wp\/v2\/media?parent=9939"}],"wp:term":[{"taxonomy":"category","embeddable":true,"href":"https:\/\/www.fcejs.unsl.edu.ar\/index.php\/wp-json\/wp\/v2\/categories?post=9939"},{"taxonomy":"post_tag","embeddable":true,"href":"https:\/\/www.fcejs.unsl.edu.ar\/index.php\/wp-json\/wp\/v2\/tags?post=9939"}],"curies":[{"name":"wp","href":"https:\/\/api.w.org\/{rel}","templated":true}]}}