{"id":9926,"date":"2022-11-23T00:25:38","date_gmt":"2022-11-23T03:25:38","guid":{"rendered":"http:\/\/10.101.10.197\/www\/?p=9926"},"modified":"2022-11-24T09:02:11","modified_gmt":"2022-11-24T12:02:11","slug":"se-vienen-las-primeras-jornadas-de-divulgacion-cientifica-contables-e-impositivas","status":"publish","type":"post","link":"https:\/\/www.fcejs.unsl.edu.ar\/index.php\/se-vienen-las-primeras-jornadas-de-divulgacion-cientifica-contables-e-impositivas\/","title":{"rendered":"Se vienen las Primeras Jornadas de divulgaci\u00f3n cient\u00edfica Contables e Impositivas."},"content":{"rendered":"<p>Orientado a<strong> grupos de investigaci\u00f3n y estudiantes de ciencias econ\u00f3micas de la FCEJS<\/strong>, el pr\u00f3ximo <strong>23 de noviembre<\/strong> se llevar\u00e1 a cabo las <strong>Primeras Jornadas de divulgaci\u00f3n cient\u00edfica Contables e Impositivas<\/strong>.<\/p>\n<p>Con las palabras de bienvenida del Vicerrector, Mgtr. H\u00e9ctor Flores, y la Decana de FCEJS, Mgtr. Roxanna Camiletti, las primeras jornadas dar\u00e1n inicio a las <strong>15.30 horas<\/strong>, en el <strong>Aula L.M.Fr\u00fcm<\/strong>\u00a0(2\u00b0 piso del Campus Universitario). El cierre de la jornada estar\u00e1 a cargo del CPN, Waldo P\u00e9rez.<\/p>\n<p>Estas jornadas tienen como finalidad exponer y socializar avances de proyectos de investigaci\u00f3n de las ciencias econ\u00f3micas; y generar un espacio de acercamiento y vinculaci\u00f3n entre los docentes y los estudiantes de las carreras de Ciencias Econ\u00f3micas de la FCEJS, para promover la actividad investigativa. Esta actividad se enmarca en el Programa Espec\u00edfico de Fortalecimiento para la Investigaci\u00f3n en Ciencias Econ\u00f3micas (PROMCE), cuyo objetivo es divulgar los avances que se realicen en los distintos proyectos aprobados seg\u00fan las Res. 731\/2022<\/p>\n<p>Los expositores trataran temas relacionados a la Recaudaci\u00f3n Tributaria en Argentina. An\u00e1lisis estad\u00edstico de las variables involucradas; An\u00e1lisis Costo-Beneficios de incorporar en Pymes equipo de generaci\u00f3n distribuida entre las provincias de C\u00f3rdoba y San Luis.<\/p>\n<h4 style=\"text-align: center;\"><strong><a href=\"https:\/\/www.fcejs.unsl.edu.ar\/wp-content\/uploads\/2022\/11\/Programa-Primeras-Jornadas-de-divulgacion-cientifica-Contables-e-Impositivas.pdf\" target=\"_blank\" rel=\"noopener\">Programa Primeras Jornadas de Divulgaci\u00f3n Cient\u00edfica Contables e Impositivas<\/a><\/strong><\/h4>\n<p><img fetchpriority=\"high\" decoding=\"async\" class=\"aligncenter size-large wp-image-9929\" src=\"https:\/\/www.fcejs.unsl.edu.ar\/wp-content\/uploads\/2022\/11\/Primeras-Jornadas-de-divulgacion-cientifica-Contables-e-Impositivas-flyer-819x1024.jpg\" alt=\"\" width=\"819\" height=\"1024\" srcset=\"https:\/\/www.fcejs.unsl.edu.ar\/wp-content\/uploads\/2022\/11\/Primeras-Jornadas-de-divulgacion-cientifica-Contables-e-Impositivas-flyer-819x1024.jpg 819w, https:\/\/www.fcejs.unsl.edu.ar\/wp-content\/uploads\/2022\/11\/Primeras-Jornadas-de-divulgacion-cientifica-Contables-e-Impositivas-flyer-240x300.jpg 240w, https:\/\/www.fcejs.unsl.edu.ar\/wp-content\/uploads\/2022\/11\/Primeras-Jornadas-de-divulgacion-cientifica-Contables-e-Impositivas-flyer-768x960.jpg 768w, https:\/\/www.fcejs.unsl.edu.ar\/wp-content\/uploads\/2022\/11\/Primeras-Jornadas-de-divulgacion-cientifica-Contables-e-Impositivas-flyer.jpg 1024w\" sizes=\"(max-width: 819px) 100vw, 819px\" \/><\/p>\n","protected":false},"excerpt":{"rendered":"<p>Orientado a grupos de investigaci\u00f3n y estudiantes de ciencias econ\u00f3micas de la FCEJS, el pr\u00f3ximo 23 de noviembre se llevar\u00e1 a cabo las Primeras Jornadas&hellip;<\/p>\n","protected":false},"author":9,"featured_media":9931,"comment_status":"closed","ping_status":"closed","sticky":false,"template":"","format":"standard","meta":{"om_disable_all_campaigns":false,"_monsterinsights_skip_tracking":false,"_monsterinsights_sitenote_active":false,"_monsterinsights_sitenote_note":"","_monsterinsights_sitenote_category":0,"footnotes":""},"categories":[1],"tags":[],"class_list":["post-9926","post","type-post","status-publish","format-standard","has-post-thumbnail","hentry","category-noticias"],"yoast_head":"<!-- This site is optimized with the Yoast SEO plugin v27.4 - https:\/\/yoast.com\/product\/yoast-seo-wordpress\/ -->\n<title>Se vienen las Primeras Jornadas de divulgaci\u00f3n cient\u00edfica Contables e Impositivas. - Facultad de Ciencias Econ\u00f3micas, Jur\u00ed\u00addicas y Sociales<\/title>\n<meta name=\"robots\" content=\"index, follow, max-snippet:-1, max-image-preview:large, max-video-preview:-1\" \/>\n<link rel=\"canonical\" href=\"https:\/\/www.fcejs.unsl.edu.ar\/index.php\/se-vienen-las-primeras-jornadas-de-divulgacion-cientifica-contables-e-impositivas\/\" \/>\n<meta property=\"og:locale\" content=\"es_ES\" \/>\n<meta property=\"og:type\" content=\"article\" \/>\n<meta property=\"og:title\" content=\"Se vienen las Primeras Jornadas de divulgaci\u00f3n cient\u00edfica Contables e Impositivas. - Facultad de Ciencias Econ\u00f3micas, Jur\u00ed\u00addicas y Sociales\" \/>\n<meta property=\"og:description\" content=\"Orientado a grupos de investigaci\u00f3n y estudiantes de ciencias econ\u00f3micas de la FCEJS, el pr\u00f3ximo 23 de noviembre se llevar\u00e1 a cabo las Primeras Jornadas&hellip;\" \/>\n<meta property=\"og:url\" content=\"https:\/\/www.fcejs.unsl.edu.ar\/index.php\/se-vienen-las-primeras-jornadas-de-divulgacion-cientifica-contables-e-impositivas\/\" \/>\n<meta property=\"og:site_name\" content=\"Facultad de Ciencias Econ\u00f3micas, Jur\u00ed\u00addicas y Sociales\" \/>\n<meta property=\"article:publisher\" content=\"https:\/\/www.facebook.com\/FCEJS.UNSL\/\" \/>\n<meta property=\"article:published_time\" content=\"2022-11-23T03:25:38+00:00\" \/>\n<meta property=\"article:modified_time\" content=\"2022-11-24T12:02:11+00:00\" \/>\n<meta property=\"og:image\" content=\"https:\/\/www.fcejs.unsl.edu.ar\/wp-content\/uploads\/2022\/11\/Primeras-Jornadas-de-divulgacion-cientifica-Contables-e-Impositivas-front-.jpg\" \/>\n\t<meta property=\"og:image:width\" content=\"1152\" \/>\n\t<meta property=\"og:image:height\" content=\"647\" \/>\n\t<meta property=\"og:image:type\" content=\"image\/jpeg\" \/>\n<meta name=\"author\" content=\"DATI\" \/>\n<meta name=\"twitter:card\" content=\"summary_large_image\" \/>\n<meta name=\"twitter:creator\" content=\"@FCEJSUNSL\" \/>\n<meta name=\"twitter:site\" content=\"@FCEJSUNSL\" \/>\n<meta name=\"twitter:label1\" content=\"Escrito por\" \/>\n\t<meta name=\"twitter:data1\" content=\"DATI\" \/>\n\t<meta name=\"twitter:label2\" content=\"Tiempo de lectura\" \/>\n\t<meta name=\"twitter:data2\" content=\"2 minutos\" \/>\n<script type=\"application\/ld+json\" class=\"yoast-schema-graph\">{\"@context\":\"https:\\\/\\\/schema.org\",\"@graph\":[{\"@type\":\"Article\",\"@id\":\"https:\\\/\\\/www.fcejs.unsl.edu.ar\\\/index.php\\\/se-vienen-las-primeras-jornadas-de-divulgacion-cientifica-contables-e-impositivas\\\/#article\",\"isPartOf\":{\"@id\":\"https:\\\/\\\/www.fcejs.unsl.edu.ar\\\/index.php\\\/se-vienen-las-primeras-jornadas-de-divulgacion-cientifica-contables-e-impositivas\\\/\"},\"author\":{\"name\":\"DATI\",\"@id\":\"https:\\\/\\\/www.fcejs.unsl.edu.ar\\\/#\\\/schema\\\/person\\\/352ee6ed90c3f394c7cb5945f8956d34\"},\"headline\":\"Se vienen las Primeras Jornadas de divulgaci\u00f3n cient\u00edfica Contables e Impositivas.\",\"datePublished\":\"2022-11-23T03:25:38+00:00\",\"dateModified\":\"2022-11-24T12:02:11+00:00\",\"mainEntityOfPage\":{\"@id\":\"https:\\\/\\\/www.fcejs.unsl.edu.ar\\\/index.php\\\/se-vienen-las-primeras-jornadas-de-divulgacion-cientifica-contables-e-impositivas\\\/\"},\"wordCount\":239,\"publisher\":{\"@id\":\"https:\\\/\\\/www.fcejs.unsl.edu.ar\\\/#organization\"},\"image\":{\"@id\":\"https:\\\/\\\/www.fcejs.unsl.edu.ar\\\/index.php\\\/se-vienen-las-primeras-jornadas-de-divulgacion-cientifica-contables-e-impositivas\\\/#primaryimage\"},\"thumbnailUrl\":\"https:\\\/\\\/www.fcejs.unsl.edu.ar\\\/wp-content\\\/uploads\\\/2022\\\/11\\\/Primeras-Jornadas-de-divulgacion-cientifica-Contables-e-Impositivas-front-.jpg\",\"articleSection\":[\"Noticias\"],\"inLanguage\":\"es-AR\"},{\"@type\":\"WebPage\",\"@id\":\"https:\\\/\\\/www.fcejs.unsl.edu.ar\\\/index.php\\\/se-vienen-las-primeras-jornadas-de-divulgacion-cientifica-contables-e-impositivas\\\/\",\"url\":\"https:\\\/\\\/www.fcejs.unsl.edu.ar\\\/index.php\\\/se-vienen-las-primeras-jornadas-de-divulgacion-cientifica-contables-e-impositivas\\\/\",\"name\":\"Se vienen las Primeras Jornadas de divulgaci\u00f3n cient\u00edfica Contables e Impositivas. - Facultad de Ciencias Econ\u00f3micas, Jur\u00ed\u00addicas y Sociales\",\"isPartOf\":{\"@id\":\"https:\\\/\\\/www.fcejs.unsl.edu.ar\\\/#website\"},\"primaryImageOfPage\":{\"@id\":\"https:\\\/\\\/www.fcejs.unsl.edu.ar\\\/index.php\\\/se-vienen-las-primeras-jornadas-de-divulgacion-cientifica-contables-e-impositivas\\\/#primaryimage\"},\"image\":{\"@id\":\"https:\\\/\\\/www.fcejs.unsl.edu.ar\\\/index.php\\\/se-vienen-las-primeras-jornadas-de-divulgacion-cientifica-contables-e-impositivas\\\/#primaryimage\"},\"thumbnailUrl\":\"https:\\\/\\\/www.fcejs.unsl.edu.ar\\\/wp-content\\\/uploads\\\/2022\\\/11\\\/Primeras-Jornadas-de-divulgacion-cientifica-Contables-e-Impositivas-front-.jpg\",\"datePublished\":\"2022-11-23T03:25:38+00:00\",\"dateModified\":\"2022-11-24T12:02:11+00:00\",\"breadcrumb\":{\"@id\":\"https:\\\/\\\/www.fcejs.unsl.edu.ar\\\/index.php\\\/se-vienen-las-primeras-jornadas-de-divulgacion-cientifica-contables-e-impositivas\\\/#breadcrumb\"},\"inLanguage\":\"es-AR\",\"potentialAction\":[{\"@type\":\"ReadAction\",\"target\":[\"https:\\\/\\\/www.fcejs.unsl.edu.ar\\\/index.php\\\/se-vienen-las-primeras-jornadas-de-divulgacion-cientifica-contables-e-impositivas\\\/\"]}]},{\"@type\":\"ImageObject\",\"inLanguage\":\"es-AR\",\"@id\":\"https:\\\/\\\/www.fcejs.unsl.edu.ar\\\/index.php\\\/se-vienen-las-primeras-jornadas-de-divulgacion-cientifica-contables-e-impositivas\\\/#primaryimage\",\"url\":\"https:\\\/\\\/www.fcejs.unsl.edu.ar\\\/wp-content\\\/uploads\\\/2022\\\/11\\\/Primeras-Jornadas-de-divulgacion-cientifica-Contables-e-Impositivas-front-.jpg\",\"contentUrl\":\"https:\\\/\\\/www.fcejs.unsl.edu.ar\\\/wp-content\\\/uploads\\\/2022\\\/11\\\/Primeras-Jornadas-de-divulgacion-cientifica-Contables-e-Impositivas-front-.jpg\",\"width\":1152,\"height\":647},{\"@type\":\"BreadcrumbList\",\"@id\":\"https:\\\/\\\/www.fcejs.unsl.edu.ar\\\/index.php\\\/se-vienen-las-primeras-jornadas-de-divulgacion-cientifica-contables-e-impositivas\\\/#breadcrumb\",\"itemListElement\":[{\"@type\":\"ListItem\",\"position\":1,\"name\":\"Inicio\",\"item\":\"https:\\\/\\\/www.fcejs.unsl.edu.ar\\\/\"},{\"@type\":\"ListItem\",\"position\":2,\"name\":\"Se vienen las Primeras Jornadas de divulgaci\u00f3n cient\u00edfica Contables e Impositivas.\"}]},{\"@type\":\"WebSite\",\"@id\":\"https:\\\/\\\/www.fcejs.unsl.edu.ar\\\/#website\",\"url\":\"https:\\\/\\\/www.fcejs.unsl.edu.ar\\\/\",\"name\":\"Facultad de Ciencias Econ\u00f3micas, Jur\u00ed\u00addicas y Sociales\",\"description\":\"\",\"publisher\":{\"@id\":\"https:\\\/\\\/www.fcejs.unsl.edu.ar\\\/#organization\"},\"potentialAction\":[{\"@type\":\"SearchAction\",\"target\":{\"@type\":\"EntryPoint\",\"urlTemplate\":\"https:\\\/\\\/www.fcejs.unsl.edu.ar\\\/?s={search_term_string}\"},\"query-input\":{\"@type\":\"PropertyValueSpecification\",\"valueRequired\":true,\"valueName\":\"search_term_string\"}}],\"inLanguage\":\"es-AR\"},{\"@type\":\"Organization\",\"@id\":\"https:\\\/\\\/www.fcejs.unsl.edu.ar\\\/#organization\",\"name\":\"Facultad de Ciencias Econ\u00f3micas, Jur\u00eddicas y Sociales\",\"url\":\"https:\\\/\\\/www.fcejs.unsl.edu.ar\\\/\",\"logo\":{\"@type\":\"ImageObject\",\"inLanguage\":\"es-AR\",\"@id\":\"https:\\\/\\\/www.fcejs.unsl.edu.ar\\\/#\\\/schema\\\/logo\\\/image\\\/\",\"url\":\"https:\\\/\\\/www.fcejs.unsl.edu.ar\\\/wp-content\\\/uploads\\\/2021\\\/03\\\/logo-1.jpg\",\"contentUrl\":\"https:\\\/\\\/www.fcejs.unsl.edu.ar\\\/wp-content\\\/uploads\\\/2021\\\/03\\\/logo-1.jpg\",\"width\":471,\"height\":146,\"caption\":\"Facultad de Ciencias Econ\u00f3micas, Jur\u00eddicas y Sociales\"},\"image\":{\"@id\":\"https:\\\/\\\/www.fcejs.unsl.edu.ar\\\/#\\\/schema\\\/logo\\\/image\\\/\"},\"sameAs\":[\"https:\\\/\\\/www.facebook.com\\\/FCEJS.UNSL\\\/\",\"https:\\\/\\\/x.com\\\/FCEJSUNSL\",\"https:\\\/\\\/www.instagram.com\\\/fcejs.unsl\\\/\",\"https:\\\/\\\/www.youtube.com\\\/channel\\\/UCH-Ut6EaN_X5ogjIQMPe46g\\\/\"]},{\"@type\":\"Person\",\"@id\":\"https:\\\/\\\/www.fcejs.unsl.edu.ar\\\/#\\\/schema\\\/person\\\/352ee6ed90c3f394c7cb5945f8956d34\",\"name\":\"DATI\"}]}<\/script>\n<!-- \/ Yoast SEO plugin. -->","yoast_head_json":{"title":"Se vienen las Primeras Jornadas de divulgaci\u00f3n cient\u00edfica Contables e Impositivas. - Facultad de Ciencias Econ\u00f3micas, Jur\u00ed\u00addicas y Sociales","robots":{"index":"index","follow":"follow","max-snippet":"max-snippet:-1","max-image-preview":"max-image-preview:large","max-video-preview":"max-video-preview:-1"},"canonical":"https:\/\/www.fcejs.unsl.edu.ar\/index.php\/se-vienen-las-primeras-jornadas-de-divulgacion-cientifica-contables-e-impositivas\/","og_locale":"es_ES","og_type":"article","og_title":"Se vienen las Primeras Jornadas de divulgaci\u00f3n cient\u00edfica Contables e Impositivas. - Facultad de Ciencias Econ\u00f3micas, Jur\u00ed\u00addicas y Sociales","og_description":"Orientado a grupos de investigaci\u00f3n y estudiantes de ciencias econ\u00f3micas de la FCEJS, el pr\u00f3ximo 23 de noviembre se llevar\u00e1 a cabo las Primeras Jornadas&hellip;","og_url":"https:\/\/www.fcejs.unsl.edu.ar\/index.php\/se-vienen-las-primeras-jornadas-de-divulgacion-cientifica-contables-e-impositivas\/","og_site_name":"Facultad de Ciencias Econ\u00f3micas, Jur\u00ed\u00addicas y Sociales","article_publisher":"https:\/\/www.facebook.com\/FCEJS.UNSL\/","article_published_time":"2022-11-23T03:25:38+00:00","article_modified_time":"2022-11-24T12:02:11+00:00","og_image":[{"width":1152,"height":647,"url":"https:\/\/www.fcejs.unsl.edu.ar\/wp-content\/uploads\/2022\/11\/Primeras-Jornadas-de-divulgacion-cientifica-Contables-e-Impositivas-front-.jpg","type":"image\/jpeg"}],"author":"DATI","twitter_card":"summary_large_image","twitter_creator":"@FCEJSUNSL","twitter_site":"@FCEJSUNSL","twitter_misc":{"Escrito por":"DATI","Tiempo de lectura":"2 minutos"},"schema":{"@context":"https:\/\/schema.org","@graph":[{"@type":"Article","@id":"https:\/\/www.fcejs.unsl.edu.ar\/index.php\/se-vienen-las-primeras-jornadas-de-divulgacion-cientifica-contables-e-impositivas\/#article","isPartOf":{"@id":"https:\/\/www.fcejs.unsl.edu.ar\/index.php\/se-vienen-las-primeras-jornadas-de-divulgacion-cientifica-contables-e-impositivas\/"},"author":{"name":"DATI","@id":"https:\/\/www.fcejs.unsl.edu.ar\/#\/schema\/person\/352ee6ed90c3f394c7cb5945f8956d34"},"headline":"Se vienen las Primeras Jornadas de divulgaci\u00f3n cient\u00edfica Contables e Impositivas.","datePublished":"2022-11-23T03:25:38+00:00","dateModified":"2022-11-24T12:02:11+00:00","mainEntityOfPage":{"@id":"https:\/\/www.fcejs.unsl.edu.ar\/index.php\/se-vienen-las-primeras-jornadas-de-divulgacion-cientifica-contables-e-impositivas\/"},"wordCount":239,"publisher":{"@id":"https:\/\/www.fcejs.unsl.edu.ar\/#organization"},"image":{"@id":"https:\/\/www.fcejs.unsl.edu.ar\/index.php\/se-vienen-las-primeras-jornadas-de-divulgacion-cientifica-contables-e-impositivas\/#primaryimage"},"thumbnailUrl":"https:\/\/www.fcejs.unsl.edu.ar\/wp-content\/uploads\/2022\/11\/Primeras-Jornadas-de-divulgacion-cientifica-Contables-e-Impositivas-front-.jpg","articleSection":["Noticias"],"inLanguage":"es-AR"},{"@type":"WebPage","@id":"https:\/\/www.fcejs.unsl.edu.ar\/index.php\/se-vienen-las-primeras-jornadas-de-divulgacion-cientifica-contables-e-impositivas\/","url":"https:\/\/www.fcejs.unsl.edu.ar\/index.php\/se-vienen-las-primeras-jornadas-de-divulgacion-cientifica-contables-e-impositivas\/","name":"Se vienen las Primeras Jornadas de divulgaci\u00f3n cient\u00edfica Contables e Impositivas. - Facultad de Ciencias Econ\u00f3micas, Jur\u00ed\u00addicas y Sociales","isPartOf":{"@id":"https:\/\/www.fcejs.unsl.edu.ar\/#website"},"primaryImageOfPage":{"@id":"https:\/\/www.fcejs.unsl.edu.ar\/index.php\/se-vienen-las-primeras-jornadas-de-divulgacion-cientifica-contables-e-impositivas\/#primaryimage"},"image":{"@id":"https:\/\/www.fcejs.unsl.edu.ar\/index.php\/se-vienen-las-primeras-jornadas-de-divulgacion-cientifica-contables-e-impositivas\/#primaryimage"},"thumbnailUrl":"https:\/\/www.fcejs.unsl.edu.ar\/wp-content\/uploads\/2022\/11\/Primeras-Jornadas-de-divulgacion-cientifica-Contables-e-Impositivas-front-.jpg","datePublished":"2022-11-23T03:25:38+00:00","dateModified":"2022-11-24T12:02:11+00:00","breadcrumb":{"@id":"https:\/\/www.fcejs.unsl.edu.ar\/index.php\/se-vienen-las-primeras-jornadas-de-divulgacion-cientifica-contables-e-impositivas\/#breadcrumb"},"inLanguage":"es-AR","potentialAction":[{"@type":"ReadAction","target":["https:\/\/www.fcejs.unsl.edu.ar\/index.php\/se-vienen-las-primeras-jornadas-de-divulgacion-cientifica-contables-e-impositivas\/"]}]},{"@type":"ImageObject","inLanguage":"es-AR","@id":"https:\/\/www.fcejs.unsl.edu.ar\/index.php\/se-vienen-las-primeras-jornadas-de-divulgacion-cientifica-contables-e-impositivas\/#primaryimage","url":"https:\/\/www.fcejs.unsl.edu.ar\/wp-content\/uploads\/2022\/11\/Primeras-Jornadas-de-divulgacion-cientifica-Contables-e-Impositivas-front-.jpg","contentUrl":"https:\/\/www.fcejs.unsl.edu.ar\/wp-content\/uploads\/2022\/11\/Primeras-Jornadas-de-divulgacion-cientifica-Contables-e-Impositivas-front-.jpg","width":1152,"height":647},{"@type":"BreadcrumbList","@id":"https:\/\/www.fcejs.unsl.edu.ar\/index.php\/se-vienen-las-primeras-jornadas-de-divulgacion-cientifica-contables-e-impositivas\/#breadcrumb","itemListElement":[{"@type":"ListItem","position":1,"name":"Inicio","item":"https:\/\/www.fcejs.unsl.edu.ar\/"},{"@type":"ListItem","position":2,"name":"Se vienen las Primeras Jornadas de divulgaci\u00f3n cient\u00edfica Contables e Impositivas."}]},{"@type":"WebSite","@id":"https:\/\/www.fcejs.unsl.edu.ar\/#website","url":"https:\/\/www.fcejs.unsl.edu.ar\/","name":"Facultad de Ciencias Econ\u00f3micas, Jur\u00ed\u00addicas y Sociales","description":"","publisher":{"@id":"https:\/\/www.fcejs.unsl.edu.ar\/#organization"},"potentialAction":[{"@type":"SearchAction","target":{"@type":"EntryPoint","urlTemplate":"https:\/\/www.fcejs.unsl.edu.ar\/?s={search_term_string}"},"query-input":{"@type":"PropertyValueSpecification","valueRequired":true,"valueName":"search_term_string"}}],"inLanguage":"es-AR"},{"@type":"Organization","@id":"https:\/\/www.fcejs.unsl.edu.ar\/#organization","name":"Facultad de Ciencias Econ\u00f3micas, Jur\u00eddicas y Sociales","url":"https:\/\/www.fcejs.unsl.edu.ar\/","logo":{"@type":"ImageObject","inLanguage":"es-AR","@id":"https:\/\/www.fcejs.unsl.edu.ar\/#\/schema\/logo\/image\/","url":"https:\/\/www.fcejs.unsl.edu.ar\/wp-content\/uploads\/2021\/03\/logo-1.jpg","contentUrl":"https:\/\/www.fcejs.unsl.edu.ar\/wp-content\/uploads\/2021\/03\/logo-1.jpg","width":471,"height":146,"caption":"Facultad de Ciencias Econ\u00f3micas, Jur\u00eddicas y Sociales"},"image":{"@id":"https:\/\/www.fcejs.unsl.edu.ar\/#\/schema\/logo\/image\/"},"sameAs":["https:\/\/www.facebook.com\/FCEJS.UNSL\/","https:\/\/x.com\/FCEJSUNSL","https:\/\/www.instagram.com\/fcejs.unsl\/","https:\/\/www.youtube.com\/channel\/UCH-Ut6EaN_X5ogjIQMPe46g\/"]},{"@type":"Person","@id":"https:\/\/www.fcejs.unsl.edu.ar\/#\/schema\/person\/352ee6ed90c3f394c7cb5945f8956d34","name":"DATI"}]}},"jetpack_featured_media_url":"https:\/\/www.fcejs.unsl.edu.ar\/wp-content\/uploads\/2022\/11\/Primeras-Jornadas-de-divulgacion-cientifica-Contables-e-Impositivas-front-.jpg","_links":{"self":[{"href":"https:\/\/www.fcejs.unsl.edu.ar\/index.php\/wp-json\/wp\/v2\/posts\/9926","targetHints":{"allow":["GET"]}}],"collection":[{"href":"https:\/\/www.fcejs.unsl.edu.ar\/index.php\/wp-json\/wp\/v2\/posts"}],"about":[{"href":"https:\/\/www.fcejs.unsl.edu.ar\/index.php\/wp-json\/wp\/v2\/types\/post"}],"author":[{"embeddable":true,"href":"https:\/\/www.fcejs.unsl.edu.ar\/index.php\/wp-json\/wp\/v2\/users\/9"}],"replies":[{"embeddable":true,"href":"https:\/\/www.fcejs.unsl.edu.ar\/index.php\/wp-json\/wp\/v2\/comments?post=9926"}],"version-history":[{"count":5,"href":"https:\/\/www.fcejs.unsl.edu.ar\/index.php\/wp-json\/wp\/v2\/posts\/9926\/revisions"}],"predecessor-version":[{"id":10199,"href":"https:\/\/www.fcejs.unsl.edu.ar\/index.php\/wp-json\/wp\/v2\/posts\/9926\/revisions\/10199"}],"wp:featuredmedia":[{"embeddable":true,"href":"https:\/\/www.fcejs.unsl.edu.ar\/index.php\/wp-json\/wp\/v2\/media\/9931"}],"wp:attachment":[{"href":"https:\/\/www.fcejs.unsl.edu.ar\/index.php\/wp-json\/wp\/v2\/media?parent=9926"}],"wp:term":[{"taxonomy":"category","embeddable":true,"href":"https:\/\/www.fcejs.unsl.edu.ar\/index.php\/wp-json\/wp\/v2\/categories?post=9926"},{"taxonomy":"post_tag","embeddable":true,"href":"https:\/\/www.fcejs.unsl.edu.ar\/index.php\/wp-json\/wp\/v2\/tags?post=9926"}],"curies":[{"name":"wp","href":"https:\/\/api.w.org\/{rel}","templated":true}]}}