{"id":9801,"date":"2022-11-24T00:14:40","date_gmt":"2022-11-24T03:14:40","guid":{"rendered":"http:\/\/10.101.10.197\/www\/?p=9801"},"modified":"2022-11-28T09:31:20","modified_gmt":"2022-11-28T12:31:20","slug":"la-eentt-sera-sede-de-la-jornada-provincial-de-trabajo-social-2022","status":"publish","type":"post","link":"https:\/\/www.fcejs.unsl.edu.ar\/index.php\/la-eentt-sera-sede-de-la-jornada-provincial-de-trabajo-social-2022\/","title":{"rendered":"La EEN&#038;TT ser\u00e1 sede de la Jornada Provincial de Trabajo Social 2022"},"content":{"rendered":"<p>El pr\u00f3ximo 25 de noviembre el<strong> Observatorio Social de la FCEJS<\/strong> y el Colegio de Profesionales de Servicio Social de la Provincia de San Luis, llevar\u00e1 a cabo la<strong> Jornada Provincial de Trabajo Social 2022 \u201cRe-pensarnos en experiencias situadas\u201d.<\/strong><\/p>\n<p>Este encuentro se desarrollar\u00e1 de <strong>9 a 18 horas<\/strong> en las aulas del Instituto \u201cEscuela de Econom\u00eda, Negocios y Transferencia Tecnol\u00f3gica\u201d (<strong>EEN&amp;TT<\/strong>), calle Pescadores 314 ciudad de \u00a0Villa Mercedes.<\/p>\n<p>Esta jornada es un espacio de di\u00e1logo y divulgaci\u00f3n de experiencias profesionales que permitir\u00e1 enriquecer las pr\u00e1cticas actuales y futuras de las y los profesionales y avanzar en la jerarquizaci\u00f3n del Trabajo Social en la Provincia.<\/p>\n<p>Los ejes tem\u00e1ticos que se proponen buscan articular, a partir de t\u00f3picos generales, el encuentro de experiencias diversas que permitan compartir reflexiones, preguntas, desaf\u00edos de la profesi\u00f3n en el escenario de pospandemia. Conocer el trabajo de los y las profesionales de la Provincia, en un espacio de confianza y respeto, permite la ampliaci\u00f3n y fortalecimiento de las redes de articulaci\u00f3n entre colegas; lo que claramente redunda en el enriquecimiento de las intervenciones.<\/p>\n<p>Aquellos interesados en asistir, deben completar el siguiente formulario:<\/p>\n<h4 style=\"text-align: center;\"><strong><a href=\"https:\/\/docs.google.com\/forms\/d\/e\/1FAIpQLScmg7m8wr9wivEf2praCjsUXFUGbIaNm725oHexbb9mtUUKPw\/viewform\" target=\"_blank\" rel=\"noopener\">INSCRIPCIONES<\/a><\/strong><\/h4>\n<p>Con esta actividad, el Observatorio Social de la FCEJS y el Colegio de Profesionales de Servicio Social comparten la convicci\u00f3n de que el encuentro con otros y otras, es el camino para reflexionar sobre las pr\u00e1cticas y encontrar formas posibles de transformaci\u00f3n enmarcadas en una perspectiva de derechos y de justicia social. Busca ser parte de un Trabajo Social que \u201cconstruya lugar para todos, todas, todes\u201d.<\/p>\n<p>La Jornada contar\u00e1 con diferentes mesas de trabajo organizadas por ejes tem\u00e1ticos, en las que se expondr\u00e1n Relatos de experiencia de intervenciones profesionales o pr\u00e1cticas preprofesionales. Los relatos pueden realizarse de manera individual o grupal; deben presentarse hasta el 04 de noviembre. En la segunda circular se explicitan los requisitos y recomendaciones para la presentaci\u00f3n.<\/p>\n<p style=\"text-align: center;\"><strong><a href=\"https:\/\/www.fcejs.unsl.edu.ar\/wp-content\/uploads\/2022\/10\/Primera-Circular.pdf\" target=\"_blank\" rel=\"noopener\">Primera Circular<\/a> <\/strong><\/p>\n<p style=\"text-align: center;\"><strong><a href=\"https:\/\/www.fcejs.unsl.edu.ar\/wp-content\/uploads\/2022\/10\/Segunda-Circular.pdf\" target=\"_blank\" rel=\"noopener\">Segunda Circular<\/a><\/strong><\/p>\n<p><img fetchpriority=\"high\" decoding=\"async\" class=\"size-large wp-image-9803 aligncenter\" src=\"https:\/\/www.fcejs.unsl.edu.ar\/wp-content\/uploads\/2022\/10\/Jornada-TS-San-Luis-2-716x1024.jpg\" alt=\"\" width=\"716\" height=\"1024\" srcset=\"https:\/\/www.fcejs.unsl.edu.ar\/wp-content\/uploads\/2022\/10\/Jornada-TS-San-Luis-2-716x1024.jpg 716w, https:\/\/www.fcejs.unsl.edu.ar\/wp-content\/uploads\/2022\/10\/Jornada-TS-San-Luis-2-210x300.jpg 210w, https:\/\/www.fcejs.unsl.edu.ar\/wp-content\/uploads\/2022\/10\/Jornada-TS-San-Luis-2-768x1098.jpg 768w, https:\/\/www.fcejs.unsl.edu.ar\/wp-content\/uploads\/2022\/10\/Jornada-TS-San-Luis-2-1074x1536.jpg 1074w, https:\/\/www.fcejs.unsl.edu.ar\/wp-content\/uploads\/2022\/10\/Jornada-TS-San-Luis-2.jpg 1152w\" sizes=\"(max-width: 716px) 100vw, 716px\" \/><\/p>\n<p><img decoding=\"async\" class=\"aligncenter size-full wp-image-10247\" src=\"https:\/\/www.fcejs.unsl.edu.ar\/wp-content\/uploads\/2022\/11\/jornada-provincial-de-trabajo-social-03.jpg\" alt=\"\" width=\"720\" height=\"1017\" srcset=\"https:\/\/www.fcejs.unsl.edu.ar\/wp-content\/uploads\/2022\/11\/jornada-provincial-de-trabajo-social-03.jpg 720w, https:\/\/www.fcejs.unsl.edu.ar\/wp-content\/uploads\/2022\/11\/jornada-provincial-de-trabajo-social-03-212x300.jpg 212w\" sizes=\"(max-width: 720px) 100vw, 720px\" \/><\/p>\n","protected":false},"excerpt":{"rendered":"<p>El pr\u00f3ximo 25 de noviembre el Observatorio Social de la FCEJS y el Colegio de Profesionales de Servicio Social de la Provincia de San Luis,&hellip;<\/p>\n","protected":false},"author":9,"featured_media":9853,"comment_status":"closed","ping_status":"closed","sticky":false,"template":"","format":"standard","meta":{"om_disable_all_campaigns":false,"_monsterinsights_skip_tracking":false,"_monsterinsights_sitenote_active":false,"_monsterinsights_sitenote_note":"","_monsterinsights_sitenote_category":0,"footnotes":""},"categories":[1],"tags":[],"class_list":["post-9801","post","type-post","status-publish","format-standard","has-post-thumbnail","hentry","category-noticias"],"yoast_head":"<!-- This site is optimized with the Yoast SEO plugin v27.4 - https:\/\/yoast.com\/product\/yoast-seo-wordpress\/ -->\n<title>La EEN&amp;TT ser\u00e1 sede de la Jornada Provincial de Trabajo Social 2022 - Facultad de Ciencias Econ\u00f3micas, Jur\u00ed\u00addicas y Sociales<\/title>\n<meta name=\"robots\" content=\"index, follow, max-snippet:-1, max-image-preview:large, max-video-preview:-1\" \/>\n<link rel=\"canonical\" href=\"https:\/\/www.fcejs.unsl.edu.ar\/index.php\/la-eentt-sera-sede-de-la-jornada-provincial-de-trabajo-social-2022\/\" \/>\n<meta property=\"og:locale\" content=\"es_ES\" \/>\n<meta property=\"og:type\" content=\"article\" \/>\n<meta property=\"og:title\" content=\"La EEN&amp;TT ser\u00e1 sede de la Jornada Provincial de Trabajo Social 2022 - Facultad de Ciencias Econ\u00f3micas, Jur\u00ed\u00addicas y Sociales\" \/>\n<meta property=\"og:description\" content=\"El pr\u00f3ximo 25 de noviembre el Observatorio Social de la FCEJS y el Colegio de Profesionales de Servicio Social de la Provincia de San Luis,&hellip;\" \/>\n<meta property=\"og:url\" content=\"https:\/\/www.fcejs.unsl.edu.ar\/index.php\/la-eentt-sera-sede-de-la-jornada-provincial-de-trabajo-social-2022\/\" \/>\n<meta property=\"og:site_name\" content=\"Facultad de Ciencias Econ\u00f3micas, Jur\u00ed\u00addicas y Sociales\" \/>\n<meta property=\"article:publisher\" content=\"https:\/\/www.facebook.com\/FCEJS.UNSL\/\" \/>\n<meta property=\"article:published_time\" content=\"2022-11-24T03:14:40+00:00\" \/>\n<meta property=\"article:modified_time\" content=\"2022-11-28T12:31:20+00:00\" \/>\n<meta property=\"og:image\" content=\"https:\/\/www.fcejs.unsl.edu.ar\/wp-content\/uploads\/2022\/10\/Jornada-TS-San-Luis-front.jpg\" \/>\n\t<meta property=\"og:image:width\" content=\"1152\" \/>\n\t<meta property=\"og:image:height\" content=\"647\" \/>\n\t<meta property=\"og:image:type\" content=\"image\/jpeg\" \/>\n<meta name=\"author\" content=\"DATI\" \/>\n<meta name=\"twitter:card\" content=\"summary_large_image\" \/>\n<meta name=\"twitter:creator\" content=\"@FCEJSUNSL\" \/>\n<meta name=\"twitter:site\" content=\"@FCEJSUNSL\" \/>\n<meta name=\"twitter:label1\" content=\"Escrito por\" \/>\n\t<meta name=\"twitter:data1\" content=\"DATI\" \/>\n\t<meta name=\"twitter:label2\" content=\"Tiempo de lectura\" \/>\n\t<meta name=\"twitter:data2\" content=\"2 minutos\" \/>\n<script type=\"application\/ld+json\" class=\"yoast-schema-graph\">{\"@context\":\"https:\\\/\\\/schema.org\",\"@graph\":[{\"@type\":\"Article\",\"@id\":\"https:\\\/\\\/www.fcejs.unsl.edu.ar\\\/index.php\\\/la-eentt-sera-sede-de-la-jornada-provincial-de-trabajo-social-2022\\\/#article\",\"isPartOf\":{\"@id\":\"https:\\\/\\\/www.fcejs.unsl.edu.ar\\\/index.php\\\/la-eentt-sera-sede-de-la-jornada-provincial-de-trabajo-social-2022\\\/\"},\"author\":{\"name\":\"DATI\",\"@id\":\"https:\\\/\\\/www.fcejs.unsl.edu.ar\\\/#\\\/schema\\\/person\\\/352ee6ed90c3f394c7cb5945f8956d34\"},\"headline\":\"La EEN&#038;TT ser\u00e1 sede de la Jornada Provincial de Trabajo Social 2022\",\"datePublished\":\"2022-11-24T03:14:40+00:00\",\"dateModified\":\"2022-11-28T12:31:20+00:00\",\"mainEntityOfPage\":{\"@id\":\"https:\\\/\\\/www.fcejs.unsl.edu.ar\\\/index.php\\\/la-eentt-sera-sede-de-la-jornada-provincial-de-trabajo-social-2022\\\/\"},\"wordCount\":339,\"publisher\":{\"@id\":\"https:\\\/\\\/www.fcejs.unsl.edu.ar\\\/#organization\"},\"image\":{\"@id\":\"https:\\\/\\\/www.fcejs.unsl.edu.ar\\\/index.php\\\/la-eentt-sera-sede-de-la-jornada-provincial-de-trabajo-social-2022\\\/#primaryimage\"},\"thumbnailUrl\":\"https:\\\/\\\/www.fcejs.unsl.edu.ar\\\/wp-content\\\/uploads\\\/2022\\\/10\\\/Jornada-TS-San-Luis-front.jpg\",\"articleSection\":[\"Noticias\"],\"inLanguage\":\"es-AR\"},{\"@type\":\"WebPage\",\"@id\":\"https:\\\/\\\/www.fcejs.unsl.edu.ar\\\/index.php\\\/la-eentt-sera-sede-de-la-jornada-provincial-de-trabajo-social-2022\\\/\",\"url\":\"https:\\\/\\\/www.fcejs.unsl.edu.ar\\\/index.php\\\/la-eentt-sera-sede-de-la-jornada-provincial-de-trabajo-social-2022\\\/\",\"name\":\"La EEN&TT ser\u00e1 sede de la Jornada Provincial de Trabajo Social 2022 - Facultad de Ciencias Econ\u00f3micas, Jur\u00ed\u00addicas y Sociales\",\"isPartOf\":{\"@id\":\"https:\\\/\\\/www.fcejs.unsl.edu.ar\\\/#website\"},\"primaryImageOfPage\":{\"@id\":\"https:\\\/\\\/www.fcejs.unsl.edu.ar\\\/index.php\\\/la-eentt-sera-sede-de-la-jornada-provincial-de-trabajo-social-2022\\\/#primaryimage\"},\"image\":{\"@id\":\"https:\\\/\\\/www.fcejs.unsl.edu.ar\\\/index.php\\\/la-eentt-sera-sede-de-la-jornada-provincial-de-trabajo-social-2022\\\/#primaryimage\"},\"thumbnailUrl\":\"https:\\\/\\\/www.fcejs.unsl.edu.ar\\\/wp-content\\\/uploads\\\/2022\\\/10\\\/Jornada-TS-San-Luis-front.jpg\",\"datePublished\":\"2022-11-24T03:14:40+00:00\",\"dateModified\":\"2022-11-28T12:31:20+00:00\",\"breadcrumb\":{\"@id\":\"https:\\\/\\\/www.fcejs.unsl.edu.ar\\\/index.php\\\/la-eentt-sera-sede-de-la-jornada-provincial-de-trabajo-social-2022\\\/#breadcrumb\"},\"inLanguage\":\"es-AR\",\"potentialAction\":[{\"@type\":\"ReadAction\",\"target\":[\"https:\\\/\\\/www.fcejs.unsl.edu.ar\\\/index.php\\\/la-eentt-sera-sede-de-la-jornada-provincial-de-trabajo-social-2022\\\/\"]}]},{\"@type\":\"ImageObject\",\"inLanguage\":\"es-AR\",\"@id\":\"https:\\\/\\\/www.fcejs.unsl.edu.ar\\\/index.php\\\/la-eentt-sera-sede-de-la-jornada-provincial-de-trabajo-social-2022\\\/#primaryimage\",\"url\":\"https:\\\/\\\/www.fcejs.unsl.edu.ar\\\/wp-content\\\/uploads\\\/2022\\\/10\\\/Jornada-TS-San-Luis-front.jpg\",\"contentUrl\":\"https:\\\/\\\/www.fcejs.unsl.edu.ar\\\/wp-content\\\/uploads\\\/2022\\\/10\\\/Jornada-TS-San-Luis-front.jpg\",\"width\":1152,\"height\":647},{\"@type\":\"BreadcrumbList\",\"@id\":\"https:\\\/\\\/www.fcejs.unsl.edu.ar\\\/index.php\\\/la-eentt-sera-sede-de-la-jornada-provincial-de-trabajo-social-2022\\\/#breadcrumb\",\"itemListElement\":[{\"@type\":\"ListItem\",\"position\":1,\"name\":\"Inicio\",\"item\":\"https:\\\/\\\/www.fcejs.unsl.edu.ar\\\/\"},{\"@type\":\"ListItem\",\"position\":2,\"name\":\"La EEN&#038;TT ser\u00e1 sede de la Jornada Provincial de Trabajo Social 2022\"}]},{\"@type\":\"WebSite\",\"@id\":\"https:\\\/\\\/www.fcejs.unsl.edu.ar\\\/#website\",\"url\":\"https:\\\/\\\/www.fcejs.unsl.edu.ar\\\/\",\"name\":\"Facultad de Ciencias Econ\u00f3micas, Jur\u00ed\u00addicas y Sociales\",\"description\":\"\",\"publisher\":{\"@id\":\"https:\\\/\\\/www.fcejs.unsl.edu.ar\\\/#organization\"},\"potentialAction\":[{\"@type\":\"SearchAction\",\"target\":{\"@type\":\"EntryPoint\",\"urlTemplate\":\"https:\\\/\\\/www.fcejs.unsl.edu.ar\\\/?s={search_term_string}\"},\"query-input\":{\"@type\":\"PropertyValueSpecification\",\"valueRequired\":true,\"valueName\":\"search_term_string\"}}],\"inLanguage\":\"es-AR\"},{\"@type\":\"Organization\",\"@id\":\"https:\\\/\\\/www.fcejs.unsl.edu.ar\\\/#organization\",\"name\":\"Facultad de Ciencias Econ\u00f3micas, Jur\u00eddicas y Sociales\",\"url\":\"https:\\\/\\\/www.fcejs.unsl.edu.ar\\\/\",\"logo\":{\"@type\":\"ImageObject\",\"inLanguage\":\"es-AR\",\"@id\":\"https:\\\/\\\/www.fcejs.unsl.edu.ar\\\/#\\\/schema\\\/logo\\\/image\\\/\",\"url\":\"https:\\\/\\\/www.fcejs.unsl.edu.ar\\\/wp-content\\\/uploads\\\/2021\\\/03\\\/logo-1.jpg\",\"contentUrl\":\"https:\\\/\\\/www.fcejs.unsl.edu.ar\\\/wp-content\\\/uploads\\\/2021\\\/03\\\/logo-1.jpg\",\"width\":471,\"height\":146,\"caption\":\"Facultad de Ciencias Econ\u00f3micas, Jur\u00eddicas y Sociales\"},\"image\":{\"@id\":\"https:\\\/\\\/www.fcejs.unsl.edu.ar\\\/#\\\/schema\\\/logo\\\/image\\\/\"},\"sameAs\":[\"https:\\\/\\\/www.facebook.com\\\/FCEJS.UNSL\\\/\",\"https:\\\/\\\/x.com\\\/FCEJSUNSL\",\"https:\\\/\\\/www.instagram.com\\\/fcejs.unsl\\\/\",\"https:\\\/\\\/www.youtube.com\\\/channel\\\/UCH-Ut6EaN_X5ogjIQMPe46g\\\/\"]},{\"@type\":\"Person\",\"@id\":\"https:\\\/\\\/www.fcejs.unsl.edu.ar\\\/#\\\/schema\\\/person\\\/352ee6ed90c3f394c7cb5945f8956d34\",\"name\":\"DATI\"}]}<\/script>\n<!-- \/ Yoast SEO plugin. -->","yoast_head_json":{"title":"La EEN&TT ser\u00e1 sede de la Jornada Provincial de Trabajo Social 2022 - Facultad de Ciencias Econ\u00f3micas, Jur\u00ed\u00addicas y Sociales","robots":{"index":"index","follow":"follow","max-snippet":"max-snippet:-1","max-image-preview":"max-image-preview:large","max-video-preview":"max-video-preview:-1"},"canonical":"https:\/\/www.fcejs.unsl.edu.ar\/index.php\/la-eentt-sera-sede-de-la-jornada-provincial-de-trabajo-social-2022\/","og_locale":"es_ES","og_type":"article","og_title":"La EEN&TT ser\u00e1 sede de la Jornada Provincial de Trabajo Social 2022 - Facultad de Ciencias Econ\u00f3micas, Jur\u00ed\u00addicas y Sociales","og_description":"El pr\u00f3ximo 25 de noviembre el Observatorio Social de la FCEJS y el Colegio de Profesionales de Servicio Social de la Provincia de San Luis,&hellip;","og_url":"https:\/\/www.fcejs.unsl.edu.ar\/index.php\/la-eentt-sera-sede-de-la-jornada-provincial-de-trabajo-social-2022\/","og_site_name":"Facultad de Ciencias Econ\u00f3micas, Jur\u00ed\u00addicas y Sociales","article_publisher":"https:\/\/www.facebook.com\/FCEJS.UNSL\/","article_published_time":"2022-11-24T03:14:40+00:00","article_modified_time":"2022-11-28T12:31:20+00:00","og_image":[{"width":1152,"height":647,"url":"https:\/\/www.fcejs.unsl.edu.ar\/wp-content\/uploads\/2022\/10\/Jornada-TS-San-Luis-front.jpg","type":"image\/jpeg"}],"author":"DATI","twitter_card":"summary_large_image","twitter_creator":"@FCEJSUNSL","twitter_site":"@FCEJSUNSL","twitter_misc":{"Escrito por":"DATI","Tiempo de lectura":"2 minutos"},"schema":{"@context":"https:\/\/schema.org","@graph":[{"@type":"Article","@id":"https:\/\/www.fcejs.unsl.edu.ar\/index.php\/la-eentt-sera-sede-de-la-jornada-provincial-de-trabajo-social-2022\/#article","isPartOf":{"@id":"https:\/\/www.fcejs.unsl.edu.ar\/index.php\/la-eentt-sera-sede-de-la-jornada-provincial-de-trabajo-social-2022\/"},"author":{"name":"DATI","@id":"https:\/\/www.fcejs.unsl.edu.ar\/#\/schema\/person\/352ee6ed90c3f394c7cb5945f8956d34"},"headline":"La EEN&#038;TT ser\u00e1 sede de la Jornada Provincial de Trabajo Social 2022","datePublished":"2022-11-24T03:14:40+00:00","dateModified":"2022-11-28T12:31:20+00:00","mainEntityOfPage":{"@id":"https:\/\/www.fcejs.unsl.edu.ar\/index.php\/la-eentt-sera-sede-de-la-jornada-provincial-de-trabajo-social-2022\/"},"wordCount":339,"publisher":{"@id":"https:\/\/www.fcejs.unsl.edu.ar\/#organization"},"image":{"@id":"https:\/\/www.fcejs.unsl.edu.ar\/index.php\/la-eentt-sera-sede-de-la-jornada-provincial-de-trabajo-social-2022\/#primaryimage"},"thumbnailUrl":"https:\/\/www.fcejs.unsl.edu.ar\/wp-content\/uploads\/2022\/10\/Jornada-TS-San-Luis-front.jpg","articleSection":["Noticias"],"inLanguage":"es-AR"},{"@type":"WebPage","@id":"https:\/\/www.fcejs.unsl.edu.ar\/index.php\/la-eentt-sera-sede-de-la-jornada-provincial-de-trabajo-social-2022\/","url":"https:\/\/www.fcejs.unsl.edu.ar\/index.php\/la-eentt-sera-sede-de-la-jornada-provincial-de-trabajo-social-2022\/","name":"La EEN&TT ser\u00e1 sede de la Jornada Provincial de Trabajo Social 2022 - Facultad de Ciencias Econ\u00f3micas, Jur\u00ed\u00addicas y Sociales","isPartOf":{"@id":"https:\/\/www.fcejs.unsl.edu.ar\/#website"},"primaryImageOfPage":{"@id":"https:\/\/www.fcejs.unsl.edu.ar\/index.php\/la-eentt-sera-sede-de-la-jornada-provincial-de-trabajo-social-2022\/#primaryimage"},"image":{"@id":"https:\/\/www.fcejs.unsl.edu.ar\/index.php\/la-eentt-sera-sede-de-la-jornada-provincial-de-trabajo-social-2022\/#primaryimage"},"thumbnailUrl":"https:\/\/www.fcejs.unsl.edu.ar\/wp-content\/uploads\/2022\/10\/Jornada-TS-San-Luis-front.jpg","datePublished":"2022-11-24T03:14:40+00:00","dateModified":"2022-11-28T12:31:20+00:00","breadcrumb":{"@id":"https:\/\/www.fcejs.unsl.edu.ar\/index.php\/la-eentt-sera-sede-de-la-jornada-provincial-de-trabajo-social-2022\/#breadcrumb"},"inLanguage":"es-AR","potentialAction":[{"@type":"ReadAction","target":["https:\/\/www.fcejs.unsl.edu.ar\/index.php\/la-eentt-sera-sede-de-la-jornada-provincial-de-trabajo-social-2022\/"]}]},{"@type":"ImageObject","inLanguage":"es-AR","@id":"https:\/\/www.fcejs.unsl.edu.ar\/index.php\/la-eentt-sera-sede-de-la-jornada-provincial-de-trabajo-social-2022\/#primaryimage","url":"https:\/\/www.fcejs.unsl.edu.ar\/wp-content\/uploads\/2022\/10\/Jornada-TS-San-Luis-front.jpg","contentUrl":"https:\/\/www.fcejs.unsl.edu.ar\/wp-content\/uploads\/2022\/10\/Jornada-TS-San-Luis-front.jpg","width":1152,"height":647},{"@type":"BreadcrumbList","@id":"https:\/\/www.fcejs.unsl.edu.ar\/index.php\/la-eentt-sera-sede-de-la-jornada-provincial-de-trabajo-social-2022\/#breadcrumb","itemListElement":[{"@type":"ListItem","position":1,"name":"Inicio","item":"https:\/\/www.fcejs.unsl.edu.ar\/"},{"@type":"ListItem","position":2,"name":"La EEN&#038;TT ser\u00e1 sede de la Jornada Provincial de Trabajo Social 2022"}]},{"@type":"WebSite","@id":"https:\/\/www.fcejs.unsl.edu.ar\/#website","url":"https:\/\/www.fcejs.unsl.edu.ar\/","name":"Facultad de Ciencias Econ\u00f3micas, Jur\u00ed\u00addicas y Sociales","description":"","publisher":{"@id":"https:\/\/www.fcejs.unsl.edu.ar\/#organization"},"potentialAction":[{"@type":"SearchAction","target":{"@type":"EntryPoint","urlTemplate":"https:\/\/www.fcejs.unsl.edu.ar\/?s={search_term_string}"},"query-input":{"@type":"PropertyValueSpecification","valueRequired":true,"valueName":"search_term_string"}}],"inLanguage":"es-AR"},{"@type":"Organization","@id":"https:\/\/www.fcejs.unsl.edu.ar\/#organization","name":"Facultad de Ciencias Econ\u00f3micas, Jur\u00eddicas y Sociales","url":"https:\/\/www.fcejs.unsl.edu.ar\/","logo":{"@type":"ImageObject","inLanguage":"es-AR","@id":"https:\/\/www.fcejs.unsl.edu.ar\/#\/schema\/logo\/image\/","url":"https:\/\/www.fcejs.unsl.edu.ar\/wp-content\/uploads\/2021\/03\/logo-1.jpg","contentUrl":"https:\/\/www.fcejs.unsl.edu.ar\/wp-content\/uploads\/2021\/03\/logo-1.jpg","width":471,"height":146,"caption":"Facultad de Ciencias Econ\u00f3micas, Jur\u00eddicas y Sociales"},"image":{"@id":"https:\/\/www.fcejs.unsl.edu.ar\/#\/schema\/logo\/image\/"},"sameAs":["https:\/\/www.facebook.com\/FCEJS.UNSL\/","https:\/\/x.com\/FCEJSUNSL","https:\/\/www.instagram.com\/fcejs.unsl\/","https:\/\/www.youtube.com\/channel\/UCH-Ut6EaN_X5ogjIQMPe46g\/"]},{"@type":"Person","@id":"https:\/\/www.fcejs.unsl.edu.ar\/#\/schema\/person\/352ee6ed90c3f394c7cb5945f8956d34","name":"DATI"}]}},"jetpack_featured_media_url":"https:\/\/www.fcejs.unsl.edu.ar\/wp-content\/uploads\/2022\/10\/Jornada-TS-San-Luis-front.jpg","_links":{"self":[{"href":"https:\/\/www.fcejs.unsl.edu.ar\/index.php\/wp-json\/wp\/v2\/posts\/9801","targetHints":{"allow":["GET"]}}],"collection":[{"href":"https:\/\/www.fcejs.unsl.edu.ar\/index.php\/wp-json\/wp\/v2\/posts"}],"about":[{"href":"https:\/\/www.fcejs.unsl.edu.ar\/index.php\/wp-json\/wp\/v2\/types\/post"}],"author":[{"embeddable":true,"href":"https:\/\/www.fcejs.unsl.edu.ar\/index.php\/wp-json\/wp\/v2\/users\/9"}],"replies":[{"embeddable":true,"href":"https:\/\/www.fcejs.unsl.edu.ar\/index.php\/wp-json\/wp\/v2\/comments?post=9801"}],"version-history":[{"count":6,"href":"https:\/\/www.fcejs.unsl.edu.ar\/index.php\/wp-json\/wp\/v2\/posts\/9801\/revisions"}],"predecessor-version":[{"id":10248,"href":"https:\/\/www.fcejs.unsl.edu.ar\/index.php\/wp-json\/wp\/v2\/posts\/9801\/revisions\/10248"}],"wp:featuredmedia":[{"embeddable":true,"href":"https:\/\/www.fcejs.unsl.edu.ar\/index.php\/wp-json\/wp\/v2\/media\/9853"}],"wp:attachment":[{"href":"https:\/\/www.fcejs.unsl.edu.ar\/index.php\/wp-json\/wp\/v2\/media?parent=9801"}],"wp:term":[{"taxonomy":"category","embeddable":true,"href":"https:\/\/www.fcejs.unsl.edu.ar\/index.php\/wp-json\/wp\/v2\/categories?post=9801"},{"taxonomy":"post_tag","embeddable":true,"href":"https:\/\/www.fcejs.unsl.edu.ar\/index.php\/wp-json\/wp\/v2\/tags?post=9801"}],"curies":[{"name":"wp","href":"https:\/\/api.w.org\/{rel}","templated":true}]}}