{"id":9637,"date":"2022-10-13T13:34:58","date_gmt":"2022-10-13T16:34:58","guid":{"rendered":"http:\/\/10.101.10.197\/www\/?p=9637"},"modified":"2022-10-21T13:26:06","modified_gmt":"2022-10-21T16:26:06","slug":"asuncion-de-las-nuevas-autoridades-del-instituto-escuela-de-economia-negocios-y-transferencia-tecnologica","status":"publish","type":"post","link":"https:\/\/www.fcejs.unsl.edu.ar\/index.php\/asuncion-de-las-nuevas-autoridades-del-instituto-escuela-de-economia-negocios-y-transferencia-tecnologica\/","title":{"rendered":"Asunci\u00f3n de las nuevas autoridades del Instituto \u201cEscuela de Econom\u00eda, Negocios y Transferencia Tecnol\u00f3gica\u201d y la Oficina de Propiedad Intelectual"},"content":{"rendered":"<p>El <strong>Instituto \u201c<em>Escuela de Econom\u00eda, Negocios y Transferencia Tecnol\u00f3gica<\/em>\u201d<\/strong> (EEN&amp;TT) y la <strong>Oficina de Propiedad Intelectual (OPI) de FCEJS<\/strong> iniciaron una nueva etapa. En la ma\u00f1ana del <em>jueves 13 de octubre<\/em>, el <strong>Vicerrector<\/strong>, <em>Mgtr. H\u00e9ctor Flores<\/em> y la <strong>Decana de la FCEJS<\/strong>, <em>Mgtr. Roxanna Camiletti<\/em>, llevaron a cabo la <strong>presentaci\u00f3n formal de las nuevas autoridades<\/strong> de la estructura organizativa del EEN&amp;TT y la OPI.<\/p>\n<p>Las primeras palabras del encuentro brindadas por el Vicerrector, Mgtr. H\u00e9ctor Flores estuvieron relacionadas a la creaci\u00f3n del EEN&amp;TT. Record\u00f3 que luego de la divisi\u00f3n de facultades en Villa Mercedes (2013), \u00e9l como Decano de la FCEJS junto a la Vicedecana, Lic. Mirna Dorz\u00e1n y la Secretaria de Investigaci\u00f3n y Posgrado, Lic. Susana Ocampo, plantearon la creaci\u00f3n de un Instituto de Ciencias Sociales, algo in\u00e9dito en la UNSL. \u201cEra algo que nunca se hab\u00eda hecho, pero nos propusimos llevarlo adelante. Tardamos unos 8 meses de debate, hasta que lo logramos. La FCEJS tuvo el primer Instituto de Ciencias Sociales de la UNSL. Ahora existen dos, ya que la Facultad de Ciencias Humanas cre\u00f3 uno este a\u00f1o\u201d, puntualiz\u00f3 el Mgtr. Flores.<\/p>\n<p><img fetchpriority=\"high\" decoding=\"async\" class=\"aligncenter wp-image-9631 size-full\" src=\"https:\/\/www.fcejs.unsl.edu.ar\/wp-content\/uploads\/2022\/10\/presentacion-escuela-escuela-autoridades-2022-3.jpg\" alt=\"\" width=\"1100\" height=\"733\" srcset=\"https:\/\/www.fcejs.unsl.edu.ar\/wp-content\/uploads\/2022\/10\/presentacion-escuela-escuela-autoridades-2022-3.jpg 1100w, https:\/\/www.fcejs.unsl.edu.ar\/wp-content\/uploads\/2022\/10\/presentacion-escuela-escuela-autoridades-2022-3-300x200.jpg 300w, https:\/\/www.fcejs.unsl.edu.ar\/wp-content\/uploads\/2022\/10\/presentacion-escuela-escuela-autoridades-2022-3-1024x682.jpg 1024w, https:\/\/www.fcejs.unsl.edu.ar\/wp-content\/uploads\/2022\/10\/presentacion-escuela-escuela-autoridades-2022-3-768x512.jpg 768w\" sizes=\"(max-width: 1100px) 100vw, 1100px\" \/><\/p>\n<p>Como parte de las diferentes <strong>actividades que impulsa la EEN&amp;TT<\/strong>, inform\u00f3 que a <strong>fines de octubre<\/strong> el Centro Universitario Villa Mercedes de la UNSL contar\u00e1 con la <strong>visita de integrantes del CONICET para realizar encuentros relacionados a las Ciencias Sociales<\/strong>. Conjuntamente en estos momentos, <strong>la EEN&amp;TT trabaja con el Fondo Argentino Sectorial (FONARSEC)<\/strong> en las convocatorias del gobierno nacional, \u201cla que m\u00e1s fondos reparte para el desarrollo sectorial\u201d. Por otra parte, la Universidad Cat\u00f3lica ha propuesto <strong>armar un grupo de trabajo espec\u00edfico referido a la Log\u00edstica<\/strong>, \u201cdebido a que se cuenta muy poco sobre el tema en la provincia\u201d.<\/p>\n<p>Para el Vicerrector <strong>el instituto EEN&amp;TT y la Oficina de Propiedad Intelectual (OPI) de la FCEJS son transversales a toda la Universidad<\/strong> y es por este motivo que considera importante volver a poner en marcha todas las funciones y servicios que brindan a la comunidad universitaria. \u201cDebemos trabajar en ese sentido y empezar a reinstalar este tema. Debemos debatir sobre las metodolog\u00edas de trabajo, propuestas. El Instituto tiene que trabajar con algunos productos fijos, la especialidad de la casa y de las distintas Facultades. Creo que hay temas estrat\u00e9gicos, como la administraci\u00f3n financiera, que requiere mucha demanda y atenci\u00f3n\u201d, destac\u00f3 el Vicerrector de la UNSL.<\/p>\n<p>Por \u00faltimo, el Vicerrector expres\u00f3 que conf\u00eda plenamente en los docentes que integran la nueva estructura de organizaci\u00f3n, ya que contar con un \u201cInstituto Universitario es un lujo, no solamente para que aparezca en el radar, sino porque le da una impronta y un impulso a la FCEJS que creo que es lo que todo estamos so\u00f1ando. Fue muy duro crear este espacio y creo que se defiende con trabajo\u201d, subrayo el Vicerrector de la UNSL, Mgtr. H\u00e9ctor Flores.<\/p>\n<p><img decoding=\"async\" class=\"aligncenter wp-image-9632 size-full\" src=\"https:\/\/www.fcejs.unsl.edu.ar\/wp-content\/uploads\/2022\/10\/presentacion-escuela-escuela-autoridades-2022-4.jpg\" alt=\"\" width=\"1100\" height=\"733\" srcset=\"https:\/\/www.fcejs.unsl.edu.ar\/wp-content\/uploads\/2022\/10\/presentacion-escuela-escuela-autoridades-2022-4.jpg 1100w, https:\/\/www.fcejs.unsl.edu.ar\/wp-content\/uploads\/2022\/10\/presentacion-escuela-escuela-autoridades-2022-4-300x200.jpg 300w, https:\/\/www.fcejs.unsl.edu.ar\/wp-content\/uploads\/2022\/10\/presentacion-escuela-escuela-autoridades-2022-4-1024x682.jpg 1024w, https:\/\/www.fcejs.unsl.edu.ar\/wp-content\/uploads\/2022\/10\/presentacion-escuela-escuela-autoridades-2022-4-768x512.jpg 768w\" sizes=\"(max-width: 1100px) 100vw, 1100px\" \/><\/p>\n<p>Por su parte la Decana de la FCEJS, Mgtr. Roxanna Camiletti expres\u00f3 su orgullo en volver a poner valor el Instituto EEN&amp;TT junto a la OPI. Tambi\u00e9n celebr\u00f3 la mixtura, tanto de disciplinas como de edades de las nuevas autoridades, porque tanto por \u201c<strong>la experiencia de los que somos m\u00e1s viejos, como por el empuje de la gente joven<\/strong>. Quiero expresarles mi gran orgullo y mi apoyo absoluto en todo. Toda la fuerza y las ganas empiecen a encenderse ahora y empecemos a ser un hermoso Instituto Escuela y una OPI, que eso nos va a repercutir en una linda Facultad y Universidad\u201d.<\/p>\n<p>Acorde a lo resuelto en la <a href=\"https:\/\/www.fcejs.unsl.edu.ar\/wp-content\/uploads\/2022\/10\/estructura-de-escuela-de-negocios_oct-2022.pdf\" target=\"_blank\" rel=\"noopener\">RCD15 &#8211; 173\/2022<\/a> y en la <a href=\"https:\/\/www.fcejs.unsl.edu.ar\/wp-content\/uploads\/2022\/10\/Oficina-de-Propiedad-Intelectural-FCEJS.pdf\" target=\"_blank\" rel=\"noopener\">RD15-943\/2022<\/a>,<br \/>\nLa <strong>nueva estructura de Organizaci\u00f3n del Instituto EEN&amp;TT<\/strong>\u00a0es integrada de la siguiente manera:<\/p>\n<ul>\n<li>Director Ejecutivo: <em>Mag\u00edster Jorge Ra\u00fal D\u00edaz<\/em><\/li>\n<li>Consejo Asesor del Director Ejecutivo:<br \/>\nSubdirectora de Proyectos: <em>Mag\u00edster Sonia Carolina Nu\u00f1ez<\/em><br \/>\nSubdirector Financiero y Legal: <em>Mag\u00edster Jorge Ariel Sosa<\/em><br \/>\nSubdirector de Planificaci\u00f3n y Vinculaci\u00f3n Institucional: <em>Ingeniero Jorge Nicol\u00e1s D\u00edaz<\/em><\/li>\n<\/ul>\n<p>&nbsp;<\/p>\n<p>La <strong>estructura de la Oficina de Propiedad Intelectual de la FCEJS <\/strong>est\u00e1 integrada por<strong>:<\/strong><\/p>\n<ul>\n<li>Coordinadora General: <em>Abg. Romina Muzevich<\/em><\/li>\n<li>Agente Matriculada: <em>Lic. Mar\u00eda Emilia Panelo Divito<\/em><\/li>\n<li>Contador Asesor: <em>CPN Ignacio P\u00e9rez Cometto<\/em><\/li>\n<li>Abogadas\/os Especializados\/as: <em>Abg. Nora Patricia Pisacco, Abg. Marcelino Insua<\/em><\/li>\n<li>Investigadora: <em>Mgtr. Gabriela Calvo<\/em><\/li>\n<li>Administrativa: <em>Lic. Gisela Ochoa<\/em><\/li>\n<\/ul>\n<p>&nbsp;<\/p>\n<p><a href=\"https:\/\/www.fcejs.unsl.edu.ar\/wp-content\/uploads\/2022\/10\/estructura-de-escuela-de-negocios_oct-2022.pdf\" target=\"_blank\" rel=\"noopener\">Ordenanzan de la Estructura de Organizaci\u00f3n del EEN&amp;TT<\/a><\/p>\n<p><a href=\"https:\/\/www.fcejs.unsl.edu.ar\/wp-content\/uploads\/2022\/10\/Oficina-de-Propiedad-Intelectural-FCEJS.pdf\" target=\"_blank\" rel=\"noopener\">Oordenannza de la Autoridades de la OPI<\/a><\/p>\n<p><a href=\"https:\/\/www.fcejs.unsl.edu.ar\/wp-content\/uploads\/2022\/10\/ORDENANZA-11-14_proyecto-de-creacion.pdf\" target=\"_blank\" rel=\"noopener\">Ordenanzan del Proyecto de creaci\u00f3n del EEN&amp;TT<\/a><\/p>\n<p><a href=\"https:\/\/www.fcejs.unsl.edu.ar\/wp-content\/uploads\/2022\/10\/ORDENANZA-05-15_funcionamiento-interno.pdf\" target=\"_blank\" rel=\"noopener\">Ordenanza de la Puesta en Funcionamiento del EEN&amp;TT<\/a><\/p>\n","protected":false},"excerpt":{"rendered":"<p>El Instituto \u201cEscuela de Econom\u00eda, Negocios y Transferencia Tecnol\u00f3gica\u201d (EEN&amp;TT) y la Oficina de Propiedad Intelectual (OPI) de FCEJS iniciaron una nueva etapa. En la&hellip;<\/p>\n","protected":false},"author":9,"featured_media":9630,"comment_status":"closed","ping_status":"closed","sticky":false,"template":"","format":"standard","meta":{"om_disable_all_campaigns":false,"_monsterinsights_skip_tracking":false,"_monsterinsights_sitenote_active":false,"_monsterinsights_sitenote_note":"","_monsterinsights_sitenote_category":0,"footnotes":""},"categories":[1],"tags":[],"class_list":["post-9637","post","type-post","status-publish","format-standard","has-post-thumbnail","hentry","category-noticias"],"yoast_head":"<!-- This site is optimized with the Yoast SEO plugin v27.4 - https:\/\/yoast.com\/product\/yoast-seo-wordpress\/ -->\n<title>Asunci\u00f3n de las nuevas autoridades del Instituto \u201cEscuela de Econom\u00eda, Negocios y Transferencia Tecnol\u00f3gica\u201d y la Oficina de Propiedad Intelectual - Facultad de Ciencias Econ\u00f3micas, Jur\u00ed\u00addicas y Sociales<\/title>\n<meta name=\"robots\" content=\"index, follow, max-snippet:-1, max-image-preview:large, max-video-preview:-1\" \/>\n<link rel=\"canonical\" href=\"https:\/\/www.fcejs.unsl.edu.ar\/index.php\/asuncion-de-las-nuevas-autoridades-del-instituto-escuela-de-economia-negocios-y-transferencia-tecnologica\/\" \/>\n<meta property=\"og:locale\" content=\"es_ES\" \/>\n<meta property=\"og:type\" content=\"article\" \/>\n<meta property=\"og:title\" content=\"Asunci\u00f3n de las nuevas autoridades del Instituto \u201cEscuela de Econom\u00eda, Negocios y Transferencia Tecnol\u00f3gica\u201d y la Oficina de Propiedad Intelectual - Facultad de Ciencias Econ\u00f3micas, Jur\u00ed\u00addicas y Sociales\" \/>\n<meta property=\"og:description\" content=\"El Instituto \u201cEscuela de Econom\u00eda, Negocios y Transferencia Tecnol\u00f3gica\u201d (EEN&amp;TT) y la Oficina de Propiedad Intelectual (OPI) de FCEJS iniciaron una nueva etapa. En la&hellip;\" \/>\n<meta property=\"og:url\" content=\"https:\/\/www.fcejs.unsl.edu.ar\/index.php\/asuncion-de-las-nuevas-autoridades-del-instituto-escuela-de-economia-negocios-y-transferencia-tecnologica\/\" \/>\n<meta property=\"og:site_name\" content=\"Facultad de Ciencias Econ\u00f3micas, Jur\u00ed\u00addicas y Sociales\" \/>\n<meta property=\"article:publisher\" content=\"https:\/\/www.facebook.com\/FCEJS.UNSL\/\" \/>\n<meta property=\"article:published_time\" content=\"2022-10-13T16:34:58+00:00\" \/>\n<meta property=\"article:modified_time\" content=\"2022-10-21T16:26:06+00:00\" \/>\n<meta property=\"og:image\" content=\"https:\/\/www.fcejs.unsl.edu.ar\/wp-content\/uploads\/2022\/10\/presentacion-escuela-2022-front.jpg\" \/>\n\t<meta property=\"og:image:width\" content=\"1152\" \/>\n\t<meta property=\"og:image:height\" content=\"647\" \/>\n\t<meta property=\"og:image:type\" content=\"image\/jpeg\" \/>\n<meta name=\"author\" content=\"DATI\" \/>\n<meta name=\"twitter:card\" content=\"summary_large_image\" \/>\n<meta name=\"twitter:creator\" content=\"@FCEJSUNSL\" \/>\n<meta name=\"twitter:site\" content=\"@FCEJSUNSL\" \/>\n<meta name=\"twitter:label1\" content=\"Escrito por\" \/>\n\t<meta name=\"twitter:data1\" content=\"DATI\" \/>\n\t<meta name=\"twitter:label2\" content=\"Tiempo de lectura\" \/>\n\t<meta name=\"twitter:data2\" content=\"4 minutos\" \/>\n<script type=\"application\/ld+json\" class=\"yoast-schema-graph\">{\"@context\":\"https:\\\/\\\/schema.org\",\"@graph\":[{\"@type\":\"Article\",\"@id\":\"https:\\\/\\\/www.fcejs.unsl.edu.ar\\\/index.php\\\/asuncion-de-las-nuevas-autoridades-del-instituto-escuela-de-economia-negocios-y-transferencia-tecnologica\\\/#article\",\"isPartOf\":{\"@id\":\"https:\\\/\\\/www.fcejs.unsl.edu.ar\\\/index.php\\\/asuncion-de-las-nuevas-autoridades-del-instituto-escuela-de-economia-negocios-y-transferencia-tecnologica\\\/\"},\"author\":{\"name\":\"DATI\",\"@id\":\"https:\\\/\\\/www.fcejs.unsl.edu.ar\\\/#\\\/schema\\\/person\\\/352ee6ed90c3f394c7cb5945f8956d34\"},\"headline\":\"Asunci\u00f3n de las nuevas autoridades del Instituto \u201cEscuela de Econom\u00eda, Negocios y Transferencia Tecnol\u00f3gica\u201d y la Oficina de Propiedad Intelectual\",\"datePublished\":\"2022-10-13T16:34:58+00:00\",\"dateModified\":\"2022-10-21T16:26:06+00:00\",\"mainEntityOfPage\":{\"@id\":\"https:\\\/\\\/www.fcejs.unsl.edu.ar\\\/index.php\\\/asuncion-de-las-nuevas-autoridades-del-instituto-escuela-de-economia-negocios-y-transferencia-tecnologica\\\/\"},\"wordCount\":801,\"publisher\":{\"@id\":\"https:\\\/\\\/www.fcejs.unsl.edu.ar\\\/#organization\"},\"image\":{\"@id\":\"https:\\\/\\\/www.fcejs.unsl.edu.ar\\\/index.php\\\/asuncion-de-las-nuevas-autoridades-del-instituto-escuela-de-economia-negocios-y-transferencia-tecnologica\\\/#primaryimage\"},\"thumbnailUrl\":\"https:\\\/\\\/www.fcejs.unsl.edu.ar\\\/wp-content\\\/uploads\\\/2022\\\/10\\\/presentacion-escuela-2022-front.jpg\",\"articleSection\":[\"Noticias\"],\"inLanguage\":\"es-AR\"},{\"@type\":\"WebPage\",\"@id\":\"https:\\\/\\\/www.fcejs.unsl.edu.ar\\\/index.php\\\/asuncion-de-las-nuevas-autoridades-del-instituto-escuela-de-economia-negocios-y-transferencia-tecnologica\\\/\",\"url\":\"https:\\\/\\\/www.fcejs.unsl.edu.ar\\\/index.php\\\/asuncion-de-las-nuevas-autoridades-del-instituto-escuela-de-economia-negocios-y-transferencia-tecnologica\\\/\",\"name\":\"Asunci\u00f3n de las nuevas autoridades del Instituto \u201cEscuela de Econom\u00eda, Negocios y Transferencia Tecnol\u00f3gica\u201d y la Oficina de Propiedad Intelectual - Facultad de Ciencias Econ\u00f3micas, Jur\u00ed\u00addicas y Sociales\",\"isPartOf\":{\"@id\":\"https:\\\/\\\/www.fcejs.unsl.edu.ar\\\/#website\"},\"primaryImageOfPage\":{\"@id\":\"https:\\\/\\\/www.fcejs.unsl.edu.ar\\\/index.php\\\/asuncion-de-las-nuevas-autoridades-del-instituto-escuela-de-economia-negocios-y-transferencia-tecnologica\\\/#primaryimage\"},\"image\":{\"@id\":\"https:\\\/\\\/www.fcejs.unsl.edu.ar\\\/index.php\\\/asuncion-de-las-nuevas-autoridades-del-instituto-escuela-de-economia-negocios-y-transferencia-tecnologica\\\/#primaryimage\"},\"thumbnailUrl\":\"https:\\\/\\\/www.fcejs.unsl.edu.ar\\\/wp-content\\\/uploads\\\/2022\\\/10\\\/presentacion-escuela-2022-front.jpg\",\"datePublished\":\"2022-10-13T16:34:58+00:00\",\"dateModified\":\"2022-10-21T16:26:06+00:00\",\"breadcrumb\":{\"@id\":\"https:\\\/\\\/www.fcejs.unsl.edu.ar\\\/index.php\\\/asuncion-de-las-nuevas-autoridades-del-instituto-escuela-de-economia-negocios-y-transferencia-tecnologica\\\/#breadcrumb\"},\"inLanguage\":\"es-AR\",\"potentialAction\":[{\"@type\":\"ReadAction\",\"target\":[\"https:\\\/\\\/www.fcejs.unsl.edu.ar\\\/index.php\\\/asuncion-de-las-nuevas-autoridades-del-instituto-escuela-de-economia-negocios-y-transferencia-tecnologica\\\/\"]}]},{\"@type\":\"ImageObject\",\"inLanguage\":\"es-AR\",\"@id\":\"https:\\\/\\\/www.fcejs.unsl.edu.ar\\\/index.php\\\/asuncion-de-las-nuevas-autoridades-del-instituto-escuela-de-economia-negocios-y-transferencia-tecnologica\\\/#primaryimage\",\"url\":\"https:\\\/\\\/www.fcejs.unsl.edu.ar\\\/wp-content\\\/uploads\\\/2022\\\/10\\\/presentacion-escuela-2022-front.jpg\",\"contentUrl\":\"https:\\\/\\\/www.fcejs.unsl.edu.ar\\\/wp-content\\\/uploads\\\/2022\\\/10\\\/presentacion-escuela-2022-front.jpg\",\"width\":1152,\"height\":647},{\"@type\":\"BreadcrumbList\",\"@id\":\"https:\\\/\\\/www.fcejs.unsl.edu.ar\\\/index.php\\\/asuncion-de-las-nuevas-autoridades-del-instituto-escuela-de-economia-negocios-y-transferencia-tecnologica\\\/#breadcrumb\",\"itemListElement\":[{\"@type\":\"ListItem\",\"position\":1,\"name\":\"Inicio\",\"item\":\"https:\\\/\\\/www.fcejs.unsl.edu.ar\\\/\"},{\"@type\":\"ListItem\",\"position\":2,\"name\":\"Asunci\u00f3n de las nuevas autoridades del Instituto \u201cEscuela de Econom\u00eda, Negocios y Transferencia Tecnol\u00f3gica\u201d y la Oficina de Propiedad Intelectual\"}]},{\"@type\":\"WebSite\",\"@id\":\"https:\\\/\\\/www.fcejs.unsl.edu.ar\\\/#website\",\"url\":\"https:\\\/\\\/www.fcejs.unsl.edu.ar\\\/\",\"name\":\"Facultad de Ciencias Econ\u00f3micas, Jur\u00ed\u00addicas y Sociales\",\"description\":\"\",\"publisher\":{\"@id\":\"https:\\\/\\\/www.fcejs.unsl.edu.ar\\\/#organization\"},\"potentialAction\":[{\"@type\":\"SearchAction\",\"target\":{\"@type\":\"EntryPoint\",\"urlTemplate\":\"https:\\\/\\\/www.fcejs.unsl.edu.ar\\\/?s={search_term_string}\"},\"query-input\":{\"@type\":\"PropertyValueSpecification\",\"valueRequired\":true,\"valueName\":\"search_term_string\"}}],\"inLanguage\":\"es-AR\"},{\"@type\":\"Organization\",\"@id\":\"https:\\\/\\\/www.fcejs.unsl.edu.ar\\\/#organization\",\"name\":\"Facultad de Ciencias Econ\u00f3micas, Jur\u00eddicas y Sociales\",\"url\":\"https:\\\/\\\/www.fcejs.unsl.edu.ar\\\/\",\"logo\":{\"@type\":\"ImageObject\",\"inLanguage\":\"es-AR\",\"@id\":\"https:\\\/\\\/www.fcejs.unsl.edu.ar\\\/#\\\/schema\\\/logo\\\/image\\\/\",\"url\":\"https:\\\/\\\/www.fcejs.unsl.edu.ar\\\/wp-content\\\/uploads\\\/2021\\\/03\\\/logo-1.jpg\",\"contentUrl\":\"https:\\\/\\\/www.fcejs.unsl.edu.ar\\\/wp-content\\\/uploads\\\/2021\\\/03\\\/logo-1.jpg\",\"width\":471,\"height\":146,\"caption\":\"Facultad de Ciencias Econ\u00f3micas, Jur\u00eddicas y Sociales\"},\"image\":{\"@id\":\"https:\\\/\\\/www.fcejs.unsl.edu.ar\\\/#\\\/schema\\\/logo\\\/image\\\/\"},\"sameAs\":[\"https:\\\/\\\/www.facebook.com\\\/FCEJS.UNSL\\\/\",\"https:\\\/\\\/x.com\\\/FCEJSUNSL\",\"https:\\\/\\\/www.instagram.com\\\/fcejs.unsl\\\/\",\"https:\\\/\\\/www.youtube.com\\\/channel\\\/UCH-Ut6EaN_X5ogjIQMPe46g\\\/\"]},{\"@type\":\"Person\",\"@id\":\"https:\\\/\\\/www.fcejs.unsl.edu.ar\\\/#\\\/schema\\\/person\\\/352ee6ed90c3f394c7cb5945f8956d34\",\"name\":\"DATI\"}]}<\/script>\n<!-- \/ Yoast SEO plugin. -->","yoast_head_json":{"title":"Asunci\u00f3n de las nuevas autoridades del Instituto \u201cEscuela de Econom\u00eda, Negocios y Transferencia Tecnol\u00f3gica\u201d y la Oficina de Propiedad Intelectual - Facultad de Ciencias Econ\u00f3micas, Jur\u00ed\u00addicas y Sociales","robots":{"index":"index","follow":"follow","max-snippet":"max-snippet:-1","max-image-preview":"max-image-preview:large","max-video-preview":"max-video-preview:-1"},"canonical":"https:\/\/www.fcejs.unsl.edu.ar\/index.php\/asuncion-de-las-nuevas-autoridades-del-instituto-escuela-de-economia-negocios-y-transferencia-tecnologica\/","og_locale":"es_ES","og_type":"article","og_title":"Asunci\u00f3n de las nuevas autoridades del Instituto \u201cEscuela de Econom\u00eda, Negocios y Transferencia Tecnol\u00f3gica\u201d y la Oficina de Propiedad Intelectual - Facultad de Ciencias Econ\u00f3micas, Jur\u00ed\u00addicas y Sociales","og_description":"El Instituto \u201cEscuela de Econom\u00eda, Negocios y Transferencia Tecnol\u00f3gica\u201d (EEN&amp;TT) y la Oficina de Propiedad Intelectual (OPI) de FCEJS iniciaron una nueva etapa. En la&hellip;","og_url":"https:\/\/www.fcejs.unsl.edu.ar\/index.php\/asuncion-de-las-nuevas-autoridades-del-instituto-escuela-de-economia-negocios-y-transferencia-tecnologica\/","og_site_name":"Facultad de Ciencias Econ\u00f3micas, Jur\u00ed\u00addicas y Sociales","article_publisher":"https:\/\/www.facebook.com\/FCEJS.UNSL\/","article_published_time":"2022-10-13T16:34:58+00:00","article_modified_time":"2022-10-21T16:26:06+00:00","og_image":[{"width":1152,"height":647,"url":"https:\/\/www.fcejs.unsl.edu.ar\/wp-content\/uploads\/2022\/10\/presentacion-escuela-2022-front.jpg","type":"image\/jpeg"}],"author":"DATI","twitter_card":"summary_large_image","twitter_creator":"@FCEJSUNSL","twitter_site":"@FCEJSUNSL","twitter_misc":{"Escrito por":"DATI","Tiempo de lectura":"4 minutos"},"schema":{"@context":"https:\/\/schema.org","@graph":[{"@type":"Article","@id":"https:\/\/www.fcejs.unsl.edu.ar\/index.php\/asuncion-de-las-nuevas-autoridades-del-instituto-escuela-de-economia-negocios-y-transferencia-tecnologica\/#article","isPartOf":{"@id":"https:\/\/www.fcejs.unsl.edu.ar\/index.php\/asuncion-de-las-nuevas-autoridades-del-instituto-escuela-de-economia-negocios-y-transferencia-tecnologica\/"},"author":{"name":"DATI","@id":"https:\/\/www.fcejs.unsl.edu.ar\/#\/schema\/person\/352ee6ed90c3f394c7cb5945f8956d34"},"headline":"Asunci\u00f3n de las nuevas autoridades del Instituto \u201cEscuela de Econom\u00eda, Negocios y Transferencia Tecnol\u00f3gica\u201d y la Oficina de Propiedad Intelectual","datePublished":"2022-10-13T16:34:58+00:00","dateModified":"2022-10-21T16:26:06+00:00","mainEntityOfPage":{"@id":"https:\/\/www.fcejs.unsl.edu.ar\/index.php\/asuncion-de-las-nuevas-autoridades-del-instituto-escuela-de-economia-negocios-y-transferencia-tecnologica\/"},"wordCount":801,"publisher":{"@id":"https:\/\/www.fcejs.unsl.edu.ar\/#organization"},"image":{"@id":"https:\/\/www.fcejs.unsl.edu.ar\/index.php\/asuncion-de-las-nuevas-autoridades-del-instituto-escuela-de-economia-negocios-y-transferencia-tecnologica\/#primaryimage"},"thumbnailUrl":"https:\/\/www.fcejs.unsl.edu.ar\/wp-content\/uploads\/2022\/10\/presentacion-escuela-2022-front.jpg","articleSection":["Noticias"],"inLanguage":"es-AR"},{"@type":"WebPage","@id":"https:\/\/www.fcejs.unsl.edu.ar\/index.php\/asuncion-de-las-nuevas-autoridades-del-instituto-escuela-de-economia-negocios-y-transferencia-tecnologica\/","url":"https:\/\/www.fcejs.unsl.edu.ar\/index.php\/asuncion-de-las-nuevas-autoridades-del-instituto-escuela-de-economia-negocios-y-transferencia-tecnologica\/","name":"Asunci\u00f3n de las nuevas autoridades del Instituto \u201cEscuela de Econom\u00eda, Negocios y Transferencia Tecnol\u00f3gica\u201d y la Oficina de Propiedad Intelectual - Facultad de Ciencias Econ\u00f3micas, Jur\u00ed\u00addicas y Sociales","isPartOf":{"@id":"https:\/\/www.fcejs.unsl.edu.ar\/#website"},"primaryImageOfPage":{"@id":"https:\/\/www.fcejs.unsl.edu.ar\/index.php\/asuncion-de-las-nuevas-autoridades-del-instituto-escuela-de-economia-negocios-y-transferencia-tecnologica\/#primaryimage"},"image":{"@id":"https:\/\/www.fcejs.unsl.edu.ar\/index.php\/asuncion-de-las-nuevas-autoridades-del-instituto-escuela-de-economia-negocios-y-transferencia-tecnologica\/#primaryimage"},"thumbnailUrl":"https:\/\/www.fcejs.unsl.edu.ar\/wp-content\/uploads\/2022\/10\/presentacion-escuela-2022-front.jpg","datePublished":"2022-10-13T16:34:58+00:00","dateModified":"2022-10-21T16:26:06+00:00","breadcrumb":{"@id":"https:\/\/www.fcejs.unsl.edu.ar\/index.php\/asuncion-de-las-nuevas-autoridades-del-instituto-escuela-de-economia-negocios-y-transferencia-tecnologica\/#breadcrumb"},"inLanguage":"es-AR","potentialAction":[{"@type":"ReadAction","target":["https:\/\/www.fcejs.unsl.edu.ar\/index.php\/asuncion-de-las-nuevas-autoridades-del-instituto-escuela-de-economia-negocios-y-transferencia-tecnologica\/"]}]},{"@type":"ImageObject","inLanguage":"es-AR","@id":"https:\/\/www.fcejs.unsl.edu.ar\/index.php\/asuncion-de-las-nuevas-autoridades-del-instituto-escuela-de-economia-negocios-y-transferencia-tecnologica\/#primaryimage","url":"https:\/\/www.fcejs.unsl.edu.ar\/wp-content\/uploads\/2022\/10\/presentacion-escuela-2022-front.jpg","contentUrl":"https:\/\/www.fcejs.unsl.edu.ar\/wp-content\/uploads\/2022\/10\/presentacion-escuela-2022-front.jpg","width":1152,"height":647},{"@type":"BreadcrumbList","@id":"https:\/\/www.fcejs.unsl.edu.ar\/index.php\/asuncion-de-las-nuevas-autoridades-del-instituto-escuela-de-economia-negocios-y-transferencia-tecnologica\/#breadcrumb","itemListElement":[{"@type":"ListItem","position":1,"name":"Inicio","item":"https:\/\/www.fcejs.unsl.edu.ar\/"},{"@type":"ListItem","position":2,"name":"Asunci\u00f3n de las nuevas autoridades del Instituto \u201cEscuela de Econom\u00eda, Negocios y Transferencia Tecnol\u00f3gica\u201d y la Oficina de Propiedad Intelectual"}]},{"@type":"WebSite","@id":"https:\/\/www.fcejs.unsl.edu.ar\/#website","url":"https:\/\/www.fcejs.unsl.edu.ar\/","name":"Facultad de Ciencias Econ\u00f3micas, Jur\u00ed\u00addicas y Sociales","description":"","publisher":{"@id":"https:\/\/www.fcejs.unsl.edu.ar\/#organization"},"potentialAction":[{"@type":"SearchAction","target":{"@type":"EntryPoint","urlTemplate":"https:\/\/www.fcejs.unsl.edu.ar\/?s={search_term_string}"},"query-input":{"@type":"PropertyValueSpecification","valueRequired":true,"valueName":"search_term_string"}}],"inLanguage":"es-AR"},{"@type":"Organization","@id":"https:\/\/www.fcejs.unsl.edu.ar\/#organization","name":"Facultad de Ciencias Econ\u00f3micas, Jur\u00eddicas y Sociales","url":"https:\/\/www.fcejs.unsl.edu.ar\/","logo":{"@type":"ImageObject","inLanguage":"es-AR","@id":"https:\/\/www.fcejs.unsl.edu.ar\/#\/schema\/logo\/image\/","url":"https:\/\/www.fcejs.unsl.edu.ar\/wp-content\/uploads\/2021\/03\/logo-1.jpg","contentUrl":"https:\/\/www.fcejs.unsl.edu.ar\/wp-content\/uploads\/2021\/03\/logo-1.jpg","width":471,"height":146,"caption":"Facultad de Ciencias Econ\u00f3micas, Jur\u00eddicas y Sociales"},"image":{"@id":"https:\/\/www.fcejs.unsl.edu.ar\/#\/schema\/logo\/image\/"},"sameAs":["https:\/\/www.facebook.com\/FCEJS.UNSL\/","https:\/\/x.com\/FCEJSUNSL","https:\/\/www.instagram.com\/fcejs.unsl\/","https:\/\/www.youtube.com\/channel\/UCH-Ut6EaN_X5ogjIQMPe46g\/"]},{"@type":"Person","@id":"https:\/\/www.fcejs.unsl.edu.ar\/#\/schema\/person\/352ee6ed90c3f394c7cb5945f8956d34","name":"DATI"}]}},"jetpack_featured_media_url":"https:\/\/www.fcejs.unsl.edu.ar\/wp-content\/uploads\/2022\/10\/presentacion-escuela-2022-front.jpg","_links":{"self":[{"href":"https:\/\/www.fcejs.unsl.edu.ar\/index.php\/wp-json\/wp\/v2\/posts\/9637","targetHints":{"allow":["GET"]}}],"collection":[{"href":"https:\/\/www.fcejs.unsl.edu.ar\/index.php\/wp-json\/wp\/v2\/posts"}],"about":[{"href":"https:\/\/www.fcejs.unsl.edu.ar\/index.php\/wp-json\/wp\/v2\/types\/post"}],"author":[{"embeddable":true,"href":"https:\/\/www.fcejs.unsl.edu.ar\/index.php\/wp-json\/wp\/v2\/users\/9"}],"replies":[{"embeddable":true,"href":"https:\/\/www.fcejs.unsl.edu.ar\/index.php\/wp-json\/wp\/v2\/comments?post=9637"}],"version-history":[{"count":9,"href":"https:\/\/www.fcejs.unsl.edu.ar\/index.php\/wp-json\/wp\/v2\/posts\/9637\/revisions"}],"predecessor-version":[{"id":9699,"href":"https:\/\/www.fcejs.unsl.edu.ar\/index.php\/wp-json\/wp\/v2\/posts\/9637\/revisions\/9699"}],"wp:featuredmedia":[{"embeddable":true,"href":"https:\/\/www.fcejs.unsl.edu.ar\/index.php\/wp-json\/wp\/v2\/media\/9630"}],"wp:attachment":[{"href":"https:\/\/www.fcejs.unsl.edu.ar\/index.php\/wp-json\/wp\/v2\/media?parent=9637"}],"wp:term":[{"taxonomy":"category","embeddable":true,"href":"https:\/\/www.fcejs.unsl.edu.ar\/index.php\/wp-json\/wp\/v2\/categories?post=9637"},{"taxonomy":"post_tag","embeddable":true,"href":"https:\/\/www.fcejs.unsl.edu.ar\/index.php\/wp-json\/wp\/v2\/tags?post=9637"}],"curies":[{"name":"wp","href":"https:\/\/api.w.org\/{rel}","templated":true}]}}