{"id":9574,"date":"2022-10-11T18:25:59","date_gmt":"2022-10-11T21:25:59","guid":{"rendered":"http:\/\/10.101.10.197\/www\/?p=9574"},"modified":"2022-10-21T13:27:26","modified_gmt":"2022-10-21T16:27:26","slug":"la-fcejs-inauguro-el-8-encuentro-de-intercambio-e-inclusion-universidad-discapacidad-derechos","status":"publish","type":"post","link":"https:\/\/www.fcejs.unsl.edu.ar\/index.php\/la-fcejs-inauguro-el-8-encuentro-de-intercambio-e-inclusion-universidad-discapacidad-derechos\/","title":{"rendered":"La FCEJS inaugur\u00f3 el \u201c8\u00b0 Encuentro de Intercambio e Inclusi\u00f3n: Universidad, Discapacidad, Derechos\u201d"},"content":{"rendered":"<p>El pasado jueves 6 de octubre de 2022, la FCEJS llev\u00f3 a cabo el acto de <strong>apertura del \u201c8\u00b0 Encuentro de Intercambio e Inclusi\u00f3n: Universidad, Discapacidad, Derechos\u201d<\/strong>, evento que se desarrollar\u00e1 de forma presencial los<strong> jueves y viernes del mes de octubre<\/strong>, en las aulas del <strong>Instituto Escuela de Econom\u00eda, Negocios y Transferencia Tecnol\u00f3gica<\/strong>.<\/p>\n<p>El acto de apertura cont\u00f3 con la presencia del <strong>Vicerrector, Mgtr. H\u00e9ctor Flores, la Decana de la FCEJS, Mgtr. Roxanna Camiletti, el Concejal, Jorge Rosales,<\/strong> autoridades de ambas facultades y de diferentes instituciones del medio de la ciudad, docentes, estudiantes y p\u00fablico en general. Las primeras palabras de bienvenida las brind\u00f3 la <strong>Secretaria de Extensi\u00f3n Universitaria, Lic. Elizabeth Magallanes<\/strong>, quien expres\u00f3 que la FCEJS logra continuar con la tradici\u00f3n de realizar esta jornada, que dio inici\u00f3 hace 8 a\u00f1os impulsada por esta area para dar paso a un camino de inclusi\u00f3n y derechos. \u201cLa Secretar\u00eda tiene el desaf\u00edo de aportar a la resoluci\u00f3n de los problemas de la comunidad. En este territorio se dialogan los saberes acad\u00e9micos, profesionales, t\u00e9cnicos, populares y profesionales, hacia la construcci\u00f3n colectiva y el trabajo conjunto para las posibles soluciones de las problem\u00e1ticas sociales\u201d, detall\u00f3 la Lic. Elizabeth Magallanes. Tambi\u00e9n destac\u00f3 que la inclusi\u00f3n de las personas con discapacidad es el reclamo por un derecho que no se termina de legitimar y \u201cnosotras\/os, como miembros de la comunidad universitaria, como parte de la sociedad, en defensa y promoci\u00f3n de los derechos humanos y de los derechos de las personas con discapacidad, queremos visibilizar y acompa\u00f1ar esos reclamos, esos decires, esos sentires con las organizaciones que trabajan con la discapacidad, comprometidos con una universidad p\u00fablica, inclusiva que promueve la democratizaci\u00f3n del conocimiento y el compromiso social\u201d.<\/p>\n<p><img fetchpriority=\"high\" decoding=\"async\" class=\"aligncenter wp-image-9575 size-full\" src=\"https:\/\/www.fcejs.unsl.edu.ar\/wp-content\/uploads\/2022\/10\/8vo-Encuentro-de-Intercambio-e-Inclusion-3.jpg\" alt=\"\" width=\"1099\" height=\"733\" srcset=\"https:\/\/www.fcejs.unsl.edu.ar\/wp-content\/uploads\/2022\/10\/8vo-Encuentro-de-Intercambio-e-Inclusion-3.jpg 1099w, https:\/\/www.fcejs.unsl.edu.ar\/wp-content\/uploads\/2022\/10\/8vo-Encuentro-de-Intercambio-e-Inclusion-3-300x200.jpg 300w, https:\/\/www.fcejs.unsl.edu.ar\/wp-content\/uploads\/2022\/10\/8vo-Encuentro-de-Intercambio-e-Inclusion-3-1024x683.jpg 1024w, https:\/\/www.fcejs.unsl.edu.ar\/wp-content\/uploads\/2022\/10\/8vo-Encuentro-de-Intercambio-e-Inclusion-3-768x512.jpg 768w\" sizes=\"(max-width: 1099px) 100vw, 1099px\" \/><\/p>\n<p>En este acto de apertura, las instituciones que integran y participan del \u201c8\u00b0 Encuentro de Intercambio e Inclusi\u00f3n: Universidad, Discapacidad, Derechos\u201d, fueron representadas por las palabras de bienvenida de J<strong>orge Sosa, del Centro de D\u00eda Newen.<\/strong> Luego de agradecer a la UNSL por trabajar por las personas con discapacidad, remarc\u00f3 que esta nueva edici\u00f3n contin\u00faa el trabajo realizado por la facultad y diferentes organizaciones de la comunidad, para promocionar y defender los derechos, que a\u00fan se desconocen y se vulneran. \u201cA todos nos reconforta tener derecho a estudiar, trabajar y obtener una vida independiente. En la misma condici\u00f3n, con la misma oportunidad como parte de un entorno que me lo permita, porque me lo incluye. Valoro el trabajo que hace la universidad por brindarnos la posibilidad de participar a las personas con discapacidad. Somos sujetos con derechos y este espacio nos fortalece\u201d, expres\u00f3 Jorge Sosa.<\/p>\n<p><img decoding=\"async\" class=\"aligncenter wp-image-9576 size-full\" src=\"https:\/\/www.fcejs.unsl.edu.ar\/wp-content\/uploads\/2022\/10\/8vo-Encuentro-de-Intercambio-e-Inclusion-21.jpg\" alt=\"\" width=\"1099\" height=\"733\" srcset=\"https:\/\/www.fcejs.unsl.edu.ar\/wp-content\/uploads\/2022\/10\/8vo-Encuentro-de-Intercambio-e-Inclusion-21.jpg 1099w, https:\/\/www.fcejs.unsl.edu.ar\/wp-content\/uploads\/2022\/10\/8vo-Encuentro-de-Intercambio-e-Inclusion-21-300x200.jpg 300w, https:\/\/www.fcejs.unsl.edu.ar\/wp-content\/uploads\/2022\/10\/8vo-Encuentro-de-Intercambio-e-Inclusion-21-1024x683.jpg 1024w, https:\/\/www.fcejs.unsl.edu.ar\/wp-content\/uploads\/2022\/10\/8vo-Encuentro-de-Intercambio-e-Inclusion-21-768x512.jpg 768w\" sizes=\"(max-width: 1099px) 100vw, 1099px\" \/><\/p>\n<p>El <strong>cierre del acto lo brind\u00f3 la Decana de la FCEJS, Mgtr. Roxanna Camiletti,<\/strong> qui\u00e9n en sus palabras de bienvenida expreso orgullo y satisfacci\u00f3n por participar como decana, en este espacio que lleva 8 a\u00f1os trabajando por la discapacidad, la inclusi\u00f3n y una sociedad m\u00e1s justa. Para la Decana la inclusi\u00f3n es condici\u00f3n esencial para el respeto de los derechos humanos, el desarrollo sostenible, la paz y la seguridad. Respetar los derechos de las personas con discapacidad no es solo una cuesti\u00f3n de justicia sino una inversi\u00f3n al futuro en com\u00fan. Explic\u00f3 que durante estas jornadas se compartir\u00e1n espacios de reflexi\u00f3n y sensibilizaci\u00f3n a partir de instancias de formaci\u00f3n, capacitaci\u00f3n y recreaci\u00f3n entre los referentes, sus familias, representantes de las organizaciones civiles y gubernamentales y la comunidad universitaria toda. \u201cHoy renovamos nuestro compromiso a fin de lograr que todos los hombres y mujeres con discapacidad puedan participar en la sociedad y ejercer sus derechos de manera completa y equitativa. Agradezco a todas y todos por responder a esta convocatoria y a quienes a\u00f1o tras a\u00f1o hacen posible este encuentro con compromiso, experiencia y sobre todo con ganas de hacer, desde este lugar, un mundo mejor\u201d, se\u00f1al\u00f3 la Decana de la FCEJS.<\/p>\n<p><strong>NUEVA NORMATIVA.<\/strong> Concluido el acto de apertura, el <strong>Vicerrector, Mgtr. H\u00e9ctor Flores<\/strong> se dirigi\u00f3 a los presentes para informar que l<strong>a UNSL se encuentra trabajando en la redacci\u00f3n de una nueva normativa para el cumplimiento del cupo para las personas con discapacidad.<\/strong> \u201cCreo que es un avance importante, no solamente por el trabajo de 8 a\u00f1os que venimos haciendo junto instituciones amigas, sino poder ahora cumplir con una ley que nos llena de satisfacci\u00f3n. Pronto estar\u00e1 el anuncio oficial, pero la normativa est\u00e1 pr\u00e1cticamente lista. Esto es un avance importante y un derecho que todas las personas con discapacidad se merecen\u201d, expreso el Mgtr. H\u00e9ctor Flores.<\/p>\n<p><img decoding=\"async\" class=\"aligncenter wp-image-9577 size-full\" src=\"https:\/\/www.fcejs.unsl.edu.ar\/wp-content\/uploads\/2022\/10\/8vo-Encuentro-de-Intercambio-e-Inclusion-23.jpg\" alt=\"\" width=\"1099\" height=\"733\" srcset=\"https:\/\/www.fcejs.unsl.edu.ar\/wp-content\/uploads\/2022\/10\/8vo-Encuentro-de-Intercambio-e-Inclusion-23.jpg 1099w, https:\/\/www.fcejs.unsl.edu.ar\/wp-content\/uploads\/2022\/10\/8vo-Encuentro-de-Intercambio-e-Inclusion-23-300x200.jpg 300w, https:\/\/www.fcejs.unsl.edu.ar\/wp-content\/uploads\/2022\/10\/8vo-Encuentro-de-Intercambio-e-Inclusion-23-1024x683.jpg 1024w, https:\/\/www.fcejs.unsl.edu.ar\/wp-content\/uploads\/2022\/10\/8vo-Encuentro-de-Intercambio-e-Inclusion-23-768x512.jpg 768w\" sizes=\"(max-width: 1099px) 100vw, 1099px\" \/><\/p>\n<div class=\"gmedia_gallery phantom_module is_bot\" id=\"GmediaGallery_102\" data-gmid=\"102\" data-module=\"phantom\"><style type='text\/css' class='gmedia_module_style_import'>@import url('https:\/\/www.fcejs.unsl.edu.ar\/wp-content\/plugins\/grand-media\/module\/phantom\/css\/style.css') all;<\/style>    <div class=\"gmPhantom_Container noLightbox\" >\r\n                <div class=\"gmPhantom_thumbsWrapper gmPhantom_ThumbScale gmPhantom_LabelHover\">\r\n                        <div class=\"gmPhantom_ThumbContainer gmPhantom_ThumbLoader\" data-id=\"1353\" data-post_id=\"9598\" data-ratio=\"1.3333333333333\" data-type=\"image\" data-ext=\"jpg\" data-views=\"9\" data-likes=\"0\" data-cc=\"0\" data-post_link=\"https:\/\/www.fcejs.unsl.edu.ar\/index.php\/gmedia\/actividades_primer_dia-_03_-jpg\/\">\r\n                <a href=\"https:\/\/www.fcejs.unsl.edu.ar\/wp-content\/grand-media\/image\/actividades_primer_dia--_03_.jpg\" class=\"gmPhantom_Thumb\"><img decoding=\"async\" src=\"https:\/\/www.fcejs.unsl.edu.ar\/wp-content\/grand-media\/image\/thumb\/actividades_primer_dia--_03_.jpg\" data-src=\"https:\/\/www.fcejs.unsl.edu.ar\/wp-content\/grand-media\/image\/actividades_primer_dia--_03_.jpg\" alt=\"Actividades Primer Dia-- (03)\"\/><\/a>\r\n                                    <div class=\"gmPhantom_ThumbLabel\"><span class=\"gmPhantom_ThumbLabel_title\">Actividades Primer Dia-- (03)<\/span><\/div>\r\n                                    <div style=\"display:none;\" class=\"gmPhantom_Details\">\r\n                                            <div class=\"gmPhantom_description\">\r\n                            <div class=\"gmPhantom_title\">Actividades Primer Dia-- (03)<\/div>\r\n                            <div class=\"gmPhantom_text\"><\/div>\r\n                        <\/div>\r\n                                                            <div class=\"gmPhantom_terms\">\r\n                                                    <div class=\"gmPhantom_other_terms\">\r\n                                <table class=\"gmPhantom_other_terms_table\">\r\n                                                                            <tr class=\"gmPhantom_term_row_album\">\r\n                                            <td class=\"gmPhantom_term_key\">Album<\/td>\r\n                                            <td class=\"gmPhantom_term_value\"><a href=\"\/index.php\/wp-json\/wp\/v2\/posts\/9574?gm102[album__in]=102\" class=\"gmPhantom_alb\">apertura-8\u00b0 Encuentro de Intercambio e Inclusi\u00f3n: Universidad, Discapacidad, Derechos-2022<\/a><\/td>\r\n                                        <\/tr>\r\n                                                                    <\/table>\r\n                            <\/div>\r\n                                                <\/div>\r\n                <\/div>\r\n                <\/div>            <div class=\"gmPhantom_ThumbContainer gmPhantom_ThumbLoader\" data-id=\"1352\" data-post_id=\"9597\" data-ratio=\"1.3333333333333\" data-type=\"image\" data-ext=\"jpg\" data-views=\"7\" data-likes=\"0\" data-cc=\"0\" data-post_link=\"https:\/\/www.fcejs.unsl.edu.ar\/index.php\/gmedia\/actividades_primer_dia-_02_-jpg\/\">\r\n                <a href=\"https:\/\/www.fcejs.unsl.edu.ar\/wp-content\/grand-media\/image\/actividades_primer_dia--_02_.jpg\" class=\"gmPhantom_Thumb\"><img decoding=\"async\" src=\"https:\/\/www.fcejs.unsl.edu.ar\/wp-content\/grand-media\/image\/thumb\/actividades_primer_dia--_02_.jpg\" data-src=\"https:\/\/www.fcejs.unsl.edu.ar\/wp-content\/grand-media\/image\/actividades_primer_dia--_02_.jpg\" alt=\"Actividades Primer Dia-- (02)\"\/><\/a>\r\n                                    <div class=\"gmPhantom_ThumbLabel\"><span class=\"gmPhantom_ThumbLabel_title\">Actividades Primer Dia-- (02)<\/span><\/div>\r\n                                    <div style=\"display:none;\" class=\"gmPhantom_Details\">\r\n                                            <div class=\"gmPhantom_description\">\r\n                            <div class=\"gmPhantom_title\">Actividades Primer Dia-- (02)<\/div>\r\n                            <div class=\"gmPhantom_text\"><\/div>\r\n                        <\/div>\r\n                                                            <div class=\"gmPhantom_terms\">\r\n                                                    <div class=\"gmPhantom_other_terms\">\r\n                                <table class=\"gmPhantom_other_terms_table\">\r\n                                                                            <tr class=\"gmPhantom_term_row_album\">\r\n                                            <td class=\"gmPhantom_term_key\">Album<\/td>\r\n                                            <td class=\"gmPhantom_term_value\"><a href=\"\/index.php\/wp-json\/wp\/v2\/posts\/9574?gm102[album__in]=102\" class=\"gmPhantom_alb\">apertura-8\u00b0 Encuentro de Intercambio e Inclusi\u00f3n: Universidad, Discapacidad, Derechos-2022<\/a><\/td>\r\n                                        <\/tr>\r\n                                                                    <\/table>\r\n                            <\/div>\r\n                                                <\/div>\r\n                <\/div>\r\n                <\/div>            <div class=\"gmPhantom_ThumbContainer gmPhantom_ThumbLoader\" data-id=\"1351\" data-post_id=\"9596\" data-ratio=\"1.3333333333333\" data-type=\"image\" data-ext=\"jpg\" data-views=\"7\" data-likes=\"0\" data-cc=\"0\" data-post_link=\"https:\/\/www.fcejs.unsl.edu.ar\/index.php\/gmedia\/actividades_primer_dia-_01_-jpg\/\">\r\n                <a href=\"https:\/\/www.fcejs.unsl.edu.ar\/wp-content\/grand-media\/image\/actividades_primer_dia--_01_.jpg\" class=\"gmPhantom_Thumb\"><img decoding=\"async\" src=\"https:\/\/www.fcejs.unsl.edu.ar\/wp-content\/grand-media\/image\/thumb\/actividades_primer_dia--_01_.jpg\" data-src=\"https:\/\/www.fcejs.unsl.edu.ar\/wp-content\/grand-media\/image\/actividades_primer_dia--_01_.jpg\" alt=\"Actividades Primer Dia-- (01)\"\/><\/a>\r\n                                    <div class=\"gmPhantom_ThumbLabel\"><span class=\"gmPhantom_ThumbLabel_title\">Actividades Primer Dia-- (01)<\/span><\/div>\r\n                                    <div style=\"display:none;\" class=\"gmPhantom_Details\">\r\n                                            <div class=\"gmPhantom_description\">\r\n                            <div class=\"gmPhantom_title\">Actividades Primer Dia-- (01)<\/div>\r\n                            <div class=\"gmPhantom_text\"><\/div>\r\n                        <\/div>\r\n                                                            <div class=\"gmPhantom_terms\">\r\n                                                    <div class=\"gmPhantom_other_terms\">\r\n                                <table class=\"gmPhantom_other_terms_table\">\r\n                                                                            <tr class=\"gmPhantom_term_row_album\">\r\n                                            <td class=\"gmPhantom_term_key\">Album<\/td>\r\n                                            <td class=\"gmPhantom_term_value\"><a href=\"\/index.php\/wp-json\/wp\/v2\/posts\/9574?gm102[album__in]=102\" class=\"gmPhantom_alb\">apertura-8\u00b0 Encuentro de Intercambio e Inclusi\u00f3n: Universidad, Discapacidad, Derechos-2022<\/a><\/td>\r\n                                        <\/tr>\r\n                                                                    <\/table>\r\n                            <\/div>\r\n                                                <\/div>\r\n                <\/div>\r\n                <\/div>            <div class=\"gmPhantom_ThumbContainer gmPhantom_ThumbLoader\" data-id=\"1350\" data-post_id=\"9594\" data-ratio=\"1.5\" data-type=\"image\" data-ext=\"jpg\" data-views=\"9\" data-likes=\"0\" data-cc=\"0\" data-post_link=\"https:\/\/www.fcejs.unsl.edu.ar\/index.php\/gmedia\/actividades_primer_dia-_09_-jpg\/\">\r\n                <a href=\"https:\/\/www.fcejs.unsl.edu.ar\/wp-content\/grand-media\/image\/actividades_primer_dia--_09_.jpg\" class=\"gmPhantom_Thumb\"><img decoding=\"async\" src=\"https:\/\/www.fcejs.unsl.edu.ar\/wp-content\/grand-media\/image\/thumb\/actividades_primer_dia--_09_.jpg\" data-src=\"https:\/\/www.fcejs.unsl.edu.ar\/wp-content\/grand-media\/image\/actividades_primer_dia--_09_.jpg\" alt=\"Actividades Primer Dia-- (09)\"\/><\/a>\r\n                                    <div class=\"gmPhantom_ThumbLabel\"><span class=\"gmPhantom_ThumbLabel_title\">Actividades Primer Dia-- (09)<\/span><\/div>\r\n                                    <div style=\"display:none;\" class=\"gmPhantom_Details\">\r\n                                            <div class=\"gmPhantom_description\">\r\n                            <div class=\"gmPhantom_title\">Actividades Primer Dia-- (09)<\/div>\r\n                            <div class=\"gmPhantom_text\"><\/div>\r\n                        <\/div>\r\n                                                            <div class=\"gmPhantom_terms\">\r\n                                                    <div class=\"gmPhantom_other_terms\">\r\n                                <table class=\"gmPhantom_other_terms_table\">\r\n                                                                            <tr class=\"gmPhantom_term_row_album\">\r\n                                            <td class=\"gmPhantom_term_key\">Album<\/td>\r\n                                            <td class=\"gmPhantom_term_value\"><a href=\"\/index.php\/wp-json\/wp\/v2\/posts\/9574?gm102[album__in]=102\" class=\"gmPhantom_alb\">apertura-8\u00b0 Encuentro de Intercambio e Inclusi\u00f3n: Universidad, Discapacidad, Derechos-2022<\/a><\/td>\r\n                                        <\/tr>\r\n                                                                    <\/table>\r\n                            <\/div>\r\n                                                <\/div>\r\n                <\/div>\r\n                <\/div>            <div class=\"gmPhantom_ThumbContainer gmPhantom_ThumbLoader\" data-id=\"1349\" data-post_id=\"9593\" data-ratio=\"1.5\" data-type=\"image\" data-ext=\"jpg\" data-views=\"8\" data-likes=\"0\" data-cc=\"0\" data-post_link=\"https:\/\/www.fcejs.unsl.edu.ar\/index.php\/gmedia\/actividades_primer_dia-_08_-jpg\/\">\r\n                <a href=\"https:\/\/www.fcejs.unsl.edu.ar\/wp-content\/grand-media\/image\/actividades_primer_dia--_08_.jpg\" class=\"gmPhantom_Thumb\"><img decoding=\"async\" src=\"https:\/\/www.fcejs.unsl.edu.ar\/wp-content\/grand-media\/image\/thumb\/actividades_primer_dia--_08_.jpg\" data-src=\"https:\/\/www.fcejs.unsl.edu.ar\/wp-content\/grand-media\/image\/actividades_primer_dia--_08_.jpg\" alt=\"Actividades Primer Dia-- (08)\"\/><\/a>\r\n                                    <div class=\"gmPhantom_ThumbLabel\"><span class=\"gmPhantom_ThumbLabel_title\">Actividades Primer Dia-- (08)<\/span><\/div>\r\n                                    <div style=\"display:none;\" class=\"gmPhantom_Details\">\r\n                                            <div class=\"gmPhantom_description\">\r\n                            <div class=\"gmPhantom_title\">Actividades Primer Dia-- (08)<\/div>\r\n                            <div class=\"gmPhantom_text\"><\/div>\r\n                        <\/div>\r\n                                                            <div class=\"gmPhantom_terms\">\r\n                                                    <div class=\"gmPhantom_other_terms\">\r\n                                <table class=\"gmPhantom_other_terms_table\">\r\n                                                                            <tr class=\"gmPhantom_term_row_album\">\r\n                                            <td class=\"gmPhantom_term_key\">Album<\/td>\r\n                                            <td class=\"gmPhantom_term_value\"><a href=\"\/index.php\/wp-json\/wp\/v2\/posts\/9574?gm102[album__in]=102\" class=\"gmPhantom_alb\">apertura-8\u00b0 Encuentro de Intercambio e Inclusi\u00f3n: Universidad, Discapacidad, Derechos-2022<\/a><\/td>\r\n                                        <\/tr>\r\n                                                                    <\/table>\r\n                            <\/div>\r\n                                                <\/div>\r\n                <\/div>\r\n                <\/div>            <div class=\"gmPhantom_ThumbContainer gmPhantom_ThumbLoader\" data-id=\"1348\" data-post_id=\"9592\" data-ratio=\"1.3333333333333\" data-type=\"image\" data-ext=\"jpg\" data-views=\"7\" data-likes=\"0\" data-cc=\"0\" data-post_link=\"https:\/\/www.fcejs.unsl.edu.ar\/index.php\/gmedia\/actividades_primer_dia-_07_-jpg\/\">\r\n                <a href=\"https:\/\/www.fcejs.unsl.edu.ar\/wp-content\/grand-media\/image\/actividades_primer_dia--_07_.jpg\" class=\"gmPhantom_Thumb\"><img decoding=\"async\" src=\"https:\/\/www.fcejs.unsl.edu.ar\/wp-content\/grand-media\/image\/thumb\/actividades_primer_dia--_07_.jpg\" data-src=\"https:\/\/www.fcejs.unsl.edu.ar\/wp-content\/grand-media\/image\/actividades_primer_dia--_07_.jpg\" alt=\"Actividades Primer Dia-- (07)\"\/><\/a>\r\n                                    <div class=\"gmPhantom_ThumbLabel\"><span class=\"gmPhantom_ThumbLabel_title\">Actividades Primer Dia-- (07)<\/span><\/div>\r\n                                    <div style=\"display:none;\" class=\"gmPhantom_Details\">\r\n                                            <div class=\"gmPhantom_description\">\r\n                            <div class=\"gmPhantom_title\">Actividades Primer Dia-- (07)<\/div>\r\n                            <div class=\"gmPhantom_text\"><\/div>\r\n                        <\/div>\r\n                                                            <div class=\"gmPhantom_terms\">\r\n                                                    <div class=\"gmPhantom_other_terms\">\r\n                                <table class=\"gmPhantom_other_terms_table\">\r\n                                                                            <tr class=\"gmPhantom_term_row_album\">\r\n                                            <td class=\"gmPhantom_term_key\">Album<\/td>\r\n                                            <td class=\"gmPhantom_term_value\"><a href=\"\/index.php\/wp-json\/wp\/v2\/posts\/9574?gm102[album__in]=102\" class=\"gmPhantom_alb\">apertura-8\u00b0 Encuentro de Intercambio e Inclusi\u00f3n: Universidad, Discapacidad, Derechos-2022<\/a><\/td>\r\n                                        <\/tr>\r\n                                                                    <\/table>\r\n                            <\/div>\r\n                                                <\/div>\r\n                <\/div>\r\n                <\/div>            <div class=\"gmPhantom_ThumbContainer gmPhantom_ThumbLoader\" data-id=\"1347\" data-post_id=\"9591\" data-ratio=\"0.75\" data-type=\"image\" data-ext=\"jpg\" data-views=\"6\" data-likes=\"0\" data-cc=\"0\" data-post_link=\"https:\/\/www.fcejs.unsl.edu.ar\/index.php\/gmedia\/actividades_primer_dia-_06_-jpg\/\">\r\n                <a href=\"https:\/\/www.fcejs.unsl.edu.ar\/wp-content\/grand-media\/image\/actividades_primer_dia--_06_.jpg\" class=\"gmPhantom_Thumb\"><img decoding=\"async\" src=\"https:\/\/www.fcejs.unsl.edu.ar\/wp-content\/grand-media\/image\/thumb\/actividades_primer_dia--_06_.jpg\" data-src=\"https:\/\/www.fcejs.unsl.edu.ar\/wp-content\/grand-media\/image\/actividades_primer_dia--_06_.jpg\" alt=\"Actividades Primer Dia-- (06)\"\/><\/a>\r\n                                    <div class=\"gmPhantom_ThumbLabel\"><span class=\"gmPhantom_ThumbLabel_title\">Actividades Primer Dia-- (06)<\/span><\/div>\r\n                                    <div style=\"display:none;\" class=\"gmPhantom_Details\">\r\n                                            <div class=\"gmPhantom_description\">\r\n                            <div class=\"gmPhantom_title\">Actividades Primer Dia-- (06)<\/div>\r\n                            <div class=\"gmPhantom_text\"><\/div>\r\n                        <\/div>\r\n                                                            <div class=\"gmPhantom_terms\">\r\n                                                    <div class=\"gmPhantom_other_terms\">\r\n                                <table class=\"gmPhantom_other_terms_table\">\r\n                                                                            <tr class=\"gmPhantom_term_row_album\">\r\n                                            <td class=\"gmPhantom_term_key\">Album<\/td>\r\n                                            <td class=\"gmPhantom_term_value\"><a href=\"\/index.php\/wp-json\/wp\/v2\/posts\/9574?gm102[album__in]=102\" class=\"gmPhantom_alb\">apertura-8\u00b0 Encuentro de Intercambio e Inclusi\u00f3n: Universidad, Discapacidad, Derechos-2022<\/a><\/td>\r\n                                        <\/tr>\r\n                                                                    <\/table>\r\n                            <\/div>\r\n                                                <\/div>\r\n                <\/div>\r\n                <\/div>            <div class=\"gmPhantom_ThumbContainer gmPhantom_ThumbLoader\" data-id=\"1346\" data-post_id=\"9590\" data-ratio=\"1.3333333333333\" data-type=\"image\" data-ext=\"jpg\" data-views=\"8\" data-likes=\"0\" data-cc=\"0\" data-post_link=\"https:\/\/www.fcejs.unsl.edu.ar\/index.php\/gmedia\/actividades_primer_dia-_05_-jpg\/\">\r\n                <a href=\"https:\/\/www.fcejs.unsl.edu.ar\/wp-content\/grand-media\/image\/actividades_primer_dia--_05_.jpg\" class=\"gmPhantom_Thumb\"><img decoding=\"async\" src=\"https:\/\/www.fcejs.unsl.edu.ar\/wp-content\/grand-media\/image\/thumb\/actividades_primer_dia--_05_.jpg\" data-src=\"https:\/\/www.fcejs.unsl.edu.ar\/wp-content\/grand-media\/image\/actividades_primer_dia--_05_.jpg\" alt=\"Actividades Primer Dia-- (05)\"\/><\/a>\r\n                                    <div class=\"gmPhantom_ThumbLabel\"><span class=\"gmPhantom_ThumbLabel_title\">Actividades Primer Dia-- (05)<\/span><\/div>\r\n                                    <div style=\"display:none;\" class=\"gmPhantom_Details\">\r\n                                            <div class=\"gmPhantom_description\">\r\n                            <div class=\"gmPhantom_title\">Actividades Primer Dia-- (05)<\/div>\r\n                            <div class=\"gmPhantom_text\"><\/div>\r\n                        <\/div>\r\n                                                            <div class=\"gmPhantom_terms\">\r\n                                                    <div class=\"gmPhantom_other_terms\">\r\n                                <table class=\"gmPhantom_other_terms_table\">\r\n                                                                            <tr class=\"gmPhantom_term_row_album\">\r\n                                            <td class=\"gmPhantom_term_key\">Album<\/td>\r\n                                            <td class=\"gmPhantom_term_value\"><a href=\"\/index.php\/wp-json\/wp\/v2\/posts\/9574?gm102[album__in]=102\" class=\"gmPhantom_alb\">apertura-8\u00b0 Encuentro de Intercambio e Inclusi\u00f3n: Universidad, Discapacidad, Derechos-2022<\/a><\/td>\r\n                                        <\/tr>\r\n                                                                    <\/table>\r\n                            <\/div>\r\n                                                <\/div>\r\n                <\/div>\r\n                <\/div>            <div class=\"gmPhantom_ThumbContainer gmPhantom_ThumbLoader\" data-id=\"1345\" data-post_id=\"9589\" data-ratio=\"1.3333333333333\" data-type=\"image\" data-ext=\"jpg\" data-views=\"8\" data-likes=\"0\" data-cc=\"0\" data-post_link=\"https:\/\/www.fcejs.unsl.edu.ar\/index.php\/gmedia\/actividades_primer_dia-_04_-jpg\/\">\r\n                <a href=\"https:\/\/www.fcejs.unsl.edu.ar\/wp-content\/grand-media\/image\/actividades_primer_dia--_04_.jpg\" class=\"gmPhantom_Thumb\"><img decoding=\"async\" src=\"https:\/\/www.fcejs.unsl.edu.ar\/wp-content\/grand-media\/image\/thumb\/actividades_primer_dia--_04_.jpg\" data-src=\"https:\/\/www.fcejs.unsl.edu.ar\/wp-content\/grand-media\/image\/actividades_primer_dia--_04_.jpg\" alt=\"Actividades Primer Dia-- (04)\"\/><\/a>\r\n                                    <div class=\"gmPhantom_ThumbLabel\"><span class=\"gmPhantom_ThumbLabel_title\">Actividades Primer Dia-- (04)<\/span><\/div>\r\n                                    <div style=\"display:none;\" class=\"gmPhantom_Details\">\r\n                                            <div class=\"gmPhantom_description\">\r\n                            <div class=\"gmPhantom_title\">Actividades Primer Dia-- (04)<\/div>\r\n                            <div class=\"gmPhantom_text\"><\/div>\r\n                        <\/div>\r\n                                                            <div class=\"gmPhantom_terms\">\r\n                                                    <div class=\"gmPhantom_other_terms\">\r\n                                <table class=\"gmPhantom_other_terms_table\">\r\n                                                                            <tr class=\"gmPhantom_term_row_album\">\r\n                                            <td class=\"gmPhantom_term_key\">Album<\/td>\r\n                                            <td class=\"gmPhantom_term_value\"><a href=\"\/index.php\/wp-json\/wp\/v2\/posts\/9574?gm102[album__in]=102\" class=\"gmPhantom_alb\">apertura-8\u00b0 Encuentro de Intercambio e Inclusi\u00f3n: Universidad, Discapacidad, Derechos-2022<\/a><\/td>\r\n                                        <\/tr>\r\n                                                                    <\/table>\r\n                            <\/div>\r\n                                                <\/div>\r\n                <\/div>\r\n                <\/div>            <div class=\"gmPhantom_ThumbContainer gmPhantom_ThumbLoader\" data-id=\"1344\" data-post_id=\"9588\" data-ratio=\"1.5\" data-type=\"image\" data-ext=\"jpg\" data-views=\"9\" data-likes=\"0\" data-cc=\"0\" data-post_link=\"https:\/\/www.fcejs.unsl.edu.ar\/index.php\/gmedia\/8vo_encuentro_de_intercambio_e_inclusi_n-_19_-jpg\/\">\r\n                <a href=\"https:\/\/www.fcejs.unsl.edu.ar\/wp-content\/grand-media\/image\/8vo_Encuentro_de_Intercambio_e_Inclusi_n--_19_.jpg\" class=\"gmPhantom_Thumb\"><img decoding=\"async\" src=\"https:\/\/www.fcejs.unsl.edu.ar\/wp-content\/grand-media\/image\/thumb\/8vo_Encuentro_de_Intercambio_e_Inclusi_n--_19_.jpg\" data-src=\"https:\/\/www.fcejs.unsl.edu.ar\/wp-content\/grand-media\/image\/8vo_Encuentro_de_Intercambio_e_Inclusi_n--_19_.jpg\" alt=\"8vo Encuentro De Intercambio E Inclusi\u00f3n-- (19)\"\/><\/a>\r\n                                    <div class=\"gmPhantom_ThumbLabel\"><span class=\"gmPhantom_ThumbLabel_title\">8vo Encuentro De Intercambio E Inclusi\u00f3n-- (19)<\/span><\/div>\r\n                                    <div style=\"display:none;\" class=\"gmPhantom_Details\">\r\n                                            <div class=\"gmPhantom_description\">\r\n                            <div class=\"gmPhantom_title\">8vo Encuentro De Intercambio E Inclusi\u00f3n-- (19)<\/div>\r\n                            <div class=\"gmPhantom_text\"><\/div>\r\n                        <\/div>\r\n                                                            <div class=\"gmPhantom_terms\">\r\n                                                    <div class=\"gmPhantom_other_terms\">\r\n                                <table class=\"gmPhantom_other_terms_table\">\r\n                                                                            <tr class=\"gmPhantom_term_row_album\">\r\n                                            <td class=\"gmPhantom_term_key\">Album<\/td>\r\n                                            <td class=\"gmPhantom_term_value\"><a href=\"\/index.php\/wp-json\/wp\/v2\/posts\/9574?gm102[album__in]=102\" class=\"gmPhantom_alb\">apertura-8\u00b0 Encuentro de Intercambio e Inclusi\u00f3n: Universidad, Discapacidad, Derechos-2022<\/a><\/td>\r\n                                        <\/tr>\r\n                                                                    <\/table>\r\n                            <\/div>\r\n                                                <\/div>\r\n                <\/div>\r\n                <\/div>            <div class=\"gmPhantom_ThumbContainer gmPhantom_ThumbLoader\" data-id=\"1343\" data-post_id=\"9587\" data-ratio=\"1.5\" data-type=\"image\" data-ext=\"jpg\" data-views=\"8\" data-likes=\"0\" data-cc=\"0\" data-post_link=\"https:\/\/www.fcejs.unsl.edu.ar\/index.php\/gmedia\/8vo_encuentro_de_intercambio_e_inclusi_n-_17_-jpg\/\">\r\n                <a href=\"https:\/\/www.fcejs.unsl.edu.ar\/wp-content\/grand-media\/image\/8vo_Encuentro_de_Intercambio_e_Inclusi_n--_17_.jpg\" class=\"gmPhantom_Thumb\"><img decoding=\"async\" src=\"https:\/\/www.fcejs.unsl.edu.ar\/wp-content\/grand-media\/image\/thumb\/8vo_Encuentro_de_Intercambio_e_Inclusi_n--_17_.jpg\" data-src=\"https:\/\/www.fcejs.unsl.edu.ar\/wp-content\/grand-media\/image\/8vo_Encuentro_de_Intercambio_e_Inclusi_n--_17_.jpg\" alt=\"8vo Encuentro De Intercambio E Inclusi\u00f3n-- (17)\"\/><\/a>\r\n                                    <div class=\"gmPhantom_ThumbLabel\"><span class=\"gmPhantom_ThumbLabel_title\">8vo Encuentro De Intercambio E Inclusi\u00f3n-- (17)<\/span><\/div>\r\n                                    <div style=\"display:none;\" class=\"gmPhantom_Details\">\r\n                                            <div class=\"gmPhantom_description\">\r\n                            <div class=\"gmPhantom_title\">8vo Encuentro De Intercambio E Inclusi\u00f3n-- (17)<\/div>\r\n                            <div class=\"gmPhantom_text\"><\/div>\r\n                        <\/div>\r\n                                                            <div class=\"gmPhantom_terms\">\r\n                                                    <div class=\"gmPhantom_other_terms\">\r\n                                <table class=\"gmPhantom_other_terms_table\">\r\n                                                                            <tr class=\"gmPhantom_term_row_album\">\r\n                                            <td class=\"gmPhantom_term_key\">Album<\/td>\r\n                                            <td class=\"gmPhantom_term_value\"><a href=\"\/index.php\/wp-json\/wp\/v2\/posts\/9574?gm102[album__in]=102\" class=\"gmPhantom_alb\">apertura-8\u00b0 Encuentro de Intercambio e Inclusi\u00f3n: Universidad, Discapacidad, Derechos-2022<\/a><\/td>\r\n                                        <\/tr>\r\n                                                                    <\/table>\r\n                            <\/div>\r\n                                                <\/div>\r\n                <\/div>\r\n                <\/div>            <div class=\"gmPhantom_ThumbContainer gmPhantom_ThumbLoader\" data-id=\"1342\" data-post_id=\"9586\" data-ratio=\"1.5\" data-type=\"image\" data-ext=\"jpg\" data-views=\"8\" data-likes=\"0\" data-cc=\"0\" data-post_link=\"https:\/\/www.fcejs.unsl.edu.ar\/index.php\/gmedia\/8vo_encuentro_de_intercambio_e_inclusi_n-_15_-jpg\/\">\r\n                <a href=\"https:\/\/www.fcejs.unsl.edu.ar\/wp-content\/grand-media\/image\/8vo_Encuentro_de_Intercambio_e_Inclusi_n--_15_.jpg\" class=\"gmPhantom_Thumb\"><img decoding=\"async\" src=\"https:\/\/www.fcejs.unsl.edu.ar\/wp-content\/grand-media\/image\/thumb\/8vo_Encuentro_de_Intercambio_e_Inclusi_n--_15_.jpg\" data-src=\"https:\/\/www.fcejs.unsl.edu.ar\/wp-content\/grand-media\/image\/8vo_Encuentro_de_Intercambio_e_Inclusi_n--_15_.jpg\" alt=\"8vo Encuentro De Intercambio E Inclusi\u00f3n-- (15)\"\/><\/a>\r\n                                    <div class=\"gmPhantom_ThumbLabel\"><span class=\"gmPhantom_ThumbLabel_title\">8vo Encuentro De Intercambio E Inclusi\u00f3n-- (15)<\/span><\/div>\r\n                                    <div style=\"display:none;\" class=\"gmPhantom_Details\">\r\n                                            <div class=\"gmPhantom_description\">\r\n                            <div class=\"gmPhantom_title\">8vo Encuentro De Intercambio E Inclusi\u00f3n-- (15)<\/div>\r\n                            <div class=\"gmPhantom_text\"><\/div>\r\n                        <\/div>\r\n                                                            <div class=\"gmPhantom_terms\">\r\n                                                    <div class=\"gmPhantom_other_terms\">\r\n                                <table class=\"gmPhantom_other_terms_table\">\r\n                                                                            <tr class=\"gmPhantom_term_row_album\">\r\n                                            <td class=\"gmPhantom_term_key\">Album<\/td>\r\n                                            <td class=\"gmPhantom_term_value\"><a href=\"\/index.php\/wp-json\/wp\/v2\/posts\/9574?gm102[album__in]=102\" class=\"gmPhantom_alb\">apertura-8\u00b0 Encuentro de Intercambio e Inclusi\u00f3n: Universidad, Discapacidad, Derechos-2022<\/a><\/td>\r\n                                        <\/tr>\r\n                                                                    <\/table>\r\n                            <\/div>\r\n                                                <\/div>\r\n                <\/div>\r\n                <\/div>            <div class=\"gmPhantom_ThumbContainer gmPhantom_ThumbLoader\" data-id=\"1341\" data-post_id=\"9585\" data-ratio=\"1.5\" data-type=\"image\" data-ext=\"jpg\" data-views=\"4\" data-likes=\"0\" data-cc=\"0\" data-post_link=\"https:\/\/www.fcejs.unsl.edu.ar\/index.php\/gmedia\/8vo_encuentro_de_intercambio_e_inclusi_n-_12_-jpg\/\">\r\n                <a href=\"https:\/\/www.fcejs.unsl.edu.ar\/wp-content\/grand-media\/image\/8vo_Encuentro_de_Intercambio_e_Inclusi_n--_12_.jpg\" class=\"gmPhantom_Thumb\"><img decoding=\"async\" src=\"https:\/\/www.fcejs.unsl.edu.ar\/wp-content\/grand-media\/image\/thumb\/8vo_Encuentro_de_Intercambio_e_Inclusi_n--_12_.jpg\" data-src=\"https:\/\/www.fcejs.unsl.edu.ar\/wp-content\/grand-media\/image\/8vo_Encuentro_de_Intercambio_e_Inclusi_n--_12_.jpg\" alt=\"8vo Encuentro De Intercambio E Inclusi\u00f3n-- (12)\"\/><\/a>\r\n                                    <div class=\"gmPhantom_ThumbLabel\"><span class=\"gmPhantom_ThumbLabel_title\">8vo Encuentro De Intercambio E Inclusi\u00f3n-- (12)<\/span><\/div>\r\n                                    <div style=\"display:none;\" class=\"gmPhantom_Details\">\r\n                                            <div class=\"gmPhantom_description\">\r\n                            <div class=\"gmPhantom_title\">8vo Encuentro De Intercambio E Inclusi\u00f3n-- (12)<\/div>\r\n                            <div class=\"gmPhantom_text\"><\/div>\r\n                        <\/div>\r\n                                                            <div class=\"gmPhantom_terms\">\r\n                                                    <div class=\"gmPhantom_other_terms\">\r\n                                <table class=\"gmPhantom_other_terms_table\">\r\n                                                                            <tr class=\"gmPhantom_term_row_album\">\r\n                                            <td class=\"gmPhantom_term_key\">Album<\/td>\r\n                                            <td class=\"gmPhantom_term_value\"><a href=\"\/index.php\/wp-json\/wp\/v2\/posts\/9574?gm102[album__in]=102\" class=\"gmPhantom_alb\">apertura-8\u00b0 Encuentro de Intercambio e Inclusi\u00f3n: Universidad, Discapacidad, Derechos-2022<\/a><\/td>\r\n                                        <\/tr>\r\n                                                                    <\/table>\r\n                            <\/div>\r\n                                                <\/div>\r\n                <\/div>\r\n                <\/div>            <div class=\"gmPhantom_ThumbContainer gmPhantom_ThumbLoader\" data-id=\"1340\" data-post_id=\"9584\" data-ratio=\"1.5\" data-type=\"image\" data-ext=\"jpg\" data-views=\"8\" data-likes=\"0\" data-cc=\"0\" data-post_link=\"https:\/\/www.fcejs.unsl.edu.ar\/index.php\/gmedia\/8vo_encuentro_de_intercambio_e_inclusi_n-_8_-jpg\/\">\r\n                <a href=\"https:\/\/www.fcejs.unsl.edu.ar\/wp-content\/grand-media\/image\/8vo_Encuentro_de_Intercambio_e_Inclusi_n--_8_.jpg\" class=\"gmPhantom_Thumb\"><img decoding=\"async\" src=\"https:\/\/www.fcejs.unsl.edu.ar\/wp-content\/grand-media\/image\/thumb\/8vo_Encuentro_de_Intercambio_e_Inclusi_n--_8_.jpg\" data-src=\"https:\/\/www.fcejs.unsl.edu.ar\/wp-content\/grand-media\/image\/8vo_Encuentro_de_Intercambio_e_Inclusi_n--_8_.jpg\" alt=\"8vo Encuentro De Intercambio E Inclusi\u00f3n-- (8)\"\/><\/a>\r\n                                    <div class=\"gmPhantom_ThumbLabel\"><span class=\"gmPhantom_ThumbLabel_title\">8vo Encuentro De Intercambio E Inclusi\u00f3n-- (8)<\/span><\/div>\r\n                                    <div style=\"display:none;\" class=\"gmPhantom_Details\">\r\n                                            <div class=\"gmPhantom_description\">\r\n                            <div class=\"gmPhantom_title\">8vo Encuentro De Intercambio E Inclusi\u00f3n-- (8)<\/div>\r\n                            <div class=\"gmPhantom_text\"><\/div>\r\n                        <\/div>\r\n                                                            <div class=\"gmPhantom_terms\">\r\n                                                    <div class=\"gmPhantom_other_terms\">\r\n                                <table class=\"gmPhantom_other_terms_table\">\r\n                                                                            <tr class=\"gmPhantom_term_row_album\">\r\n                                            <td class=\"gmPhantom_term_key\">Album<\/td>\r\n                                            <td class=\"gmPhantom_term_value\"><a href=\"\/index.php\/wp-json\/wp\/v2\/posts\/9574?gm102[album__in]=102\" class=\"gmPhantom_alb\">apertura-8\u00b0 Encuentro de Intercambio e Inclusi\u00f3n: Universidad, Discapacidad, Derechos-2022<\/a><\/td>\r\n                                        <\/tr>\r\n                                                                    <\/table>\r\n                            <\/div>\r\n                                                <\/div>\r\n                <\/div>\r\n                <\/div>            <div class=\"gmPhantom_ThumbContainer gmPhantom_ThumbLoader\" data-id=\"1339\" data-post_id=\"9583\" data-ratio=\"1.5\" data-type=\"image\" data-ext=\"jpg\" data-views=\"8\" data-likes=\"0\" data-cc=\"0\" data-post_link=\"https:\/\/www.fcejs.unsl.edu.ar\/index.php\/gmedia\/8vo_encuentro_de_intercambio_e_inclusi_n-_7_-jpg\/\">\r\n                <a href=\"https:\/\/www.fcejs.unsl.edu.ar\/wp-content\/grand-media\/image\/8vo_Encuentro_de_Intercambio_e_Inclusi_n--_7_.jpg\" class=\"gmPhantom_Thumb\"><img decoding=\"async\" src=\"https:\/\/www.fcejs.unsl.edu.ar\/wp-content\/grand-media\/image\/thumb\/8vo_Encuentro_de_Intercambio_e_Inclusi_n--_7_.jpg\" data-src=\"https:\/\/www.fcejs.unsl.edu.ar\/wp-content\/grand-media\/image\/8vo_Encuentro_de_Intercambio_e_Inclusi_n--_7_.jpg\" alt=\"8vo Encuentro De Intercambio E Inclusi\u00f3n-- (7)\"\/><\/a>\r\n                                    <div class=\"gmPhantom_ThumbLabel\"><span class=\"gmPhantom_ThumbLabel_title\">8vo Encuentro De Intercambio E Inclusi\u00f3n-- (7)<\/span><\/div>\r\n                                    <div style=\"display:none;\" class=\"gmPhantom_Details\">\r\n                                            <div class=\"gmPhantom_description\">\r\n                            <div class=\"gmPhantom_title\">8vo Encuentro De Intercambio E Inclusi\u00f3n-- (7)<\/div>\r\n                            <div class=\"gmPhantom_text\"><\/div>\r\n                        <\/div>\r\n                                                            <div class=\"gmPhantom_terms\">\r\n                                                    <div class=\"gmPhantom_other_terms\">\r\n                                <table class=\"gmPhantom_other_terms_table\">\r\n                                                                            <tr class=\"gmPhantom_term_row_album\">\r\n                                            <td class=\"gmPhantom_term_key\">Album<\/td>\r\n                                            <td class=\"gmPhantom_term_value\"><a href=\"\/index.php\/wp-json\/wp\/v2\/posts\/9574?gm102[album__in]=102\" class=\"gmPhantom_alb\">apertura-8\u00b0 Encuentro de Intercambio e Inclusi\u00f3n: Universidad, Discapacidad, Derechos-2022<\/a><\/td>\r\n                                        <\/tr>\r\n                                                                    <\/table>\r\n                            <\/div>\r\n                                                <\/div>\r\n                <\/div>\r\n                <\/div>            <div class=\"gmPhantom_ThumbContainer gmPhantom_ThumbLoader\" data-id=\"1338\" data-post_id=\"9582\" data-ratio=\"1.5\" data-type=\"image\" data-ext=\"jpg\" data-views=\"9\" data-likes=\"0\" data-cc=\"0\" data-post_link=\"https:\/\/www.fcejs.unsl.edu.ar\/index.php\/gmedia\/8vo_encuentro_de_intercambio_e_inclusi_n-_6_-jpg\/\">\r\n                <a href=\"https:\/\/www.fcejs.unsl.edu.ar\/wp-content\/grand-media\/image\/8vo_Encuentro_de_Intercambio_e_Inclusi_n--_6_.jpg\" class=\"gmPhantom_Thumb\"><img decoding=\"async\" src=\"https:\/\/www.fcejs.unsl.edu.ar\/wp-content\/grand-media\/image\/thumb\/8vo_Encuentro_de_Intercambio_e_Inclusi_n--_6_.jpg\" data-src=\"https:\/\/www.fcejs.unsl.edu.ar\/wp-content\/grand-media\/image\/8vo_Encuentro_de_Intercambio_e_Inclusi_n--_6_.jpg\" alt=\"8vo Encuentro De Intercambio E Inclusi\u00f3n-- (6)\"\/><\/a>\r\n                                    <div class=\"gmPhantom_ThumbLabel\"><span class=\"gmPhantom_ThumbLabel_title\">8vo Encuentro De Intercambio E Inclusi\u00f3n-- (6)<\/span><\/div>\r\n                                    <div style=\"display:none;\" class=\"gmPhantom_Details\">\r\n                                            <div class=\"gmPhantom_description\">\r\n                            <div class=\"gmPhantom_title\">8vo Encuentro De Intercambio E Inclusi\u00f3n-- (6)<\/div>\r\n                            <div class=\"gmPhantom_text\"><\/div>\r\n                        <\/div>\r\n                                                            <div class=\"gmPhantom_terms\">\r\n                                                    <div class=\"gmPhantom_other_terms\">\r\n                                <table class=\"gmPhantom_other_terms_table\">\r\n                                                                            <tr class=\"gmPhantom_term_row_album\">\r\n                                            <td class=\"gmPhantom_term_key\">Album<\/td>\r\n                                            <td class=\"gmPhantom_term_value\"><a href=\"\/index.php\/wp-json\/wp\/v2\/posts\/9574?gm102[album__in]=102\" class=\"gmPhantom_alb\">apertura-8\u00b0 Encuentro de Intercambio e Inclusi\u00f3n: Universidad, Discapacidad, Derechos-2022<\/a><\/td>\r\n                                        <\/tr>\r\n                                                                    <\/table>\r\n                            <\/div>\r\n                                                <\/div>\r\n                <\/div>\r\n                <\/div>            <div class=\"gmPhantom_ThumbContainer gmPhantom_ThumbLoader\" data-id=\"1337\" data-post_id=\"9581\" data-ratio=\"1.5\" data-type=\"image\" data-ext=\"jpg\" data-views=\"9\" data-likes=\"0\" data-cc=\"0\" data-post_link=\"https:\/\/www.fcejs.unsl.edu.ar\/index.php\/gmedia\/8vo_encuentro_de_intercambio_e_inclusi_n-_5_-jpg\/\">\r\n                <a href=\"https:\/\/www.fcejs.unsl.edu.ar\/wp-content\/grand-media\/image\/8vo_Encuentro_de_Intercambio_e_Inclusi_n--_5_.jpg\" class=\"gmPhantom_Thumb\"><img decoding=\"async\" src=\"https:\/\/www.fcejs.unsl.edu.ar\/wp-content\/grand-media\/image\/thumb\/8vo_Encuentro_de_Intercambio_e_Inclusi_n--_5_.jpg\" data-src=\"https:\/\/www.fcejs.unsl.edu.ar\/wp-content\/grand-media\/image\/8vo_Encuentro_de_Intercambio_e_Inclusi_n--_5_.jpg\" alt=\"8vo Encuentro De Intercambio E Inclusi\u00f3n-- (5)\"\/><\/a>\r\n                                    <div class=\"gmPhantom_ThumbLabel\"><span class=\"gmPhantom_ThumbLabel_title\">8vo Encuentro De Intercambio E Inclusi\u00f3n-- (5)<\/span><\/div>\r\n                                    <div style=\"display:none;\" class=\"gmPhantom_Details\">\r\n                                            <div class=\"gmPhantom_description\">\r\n                            <div class=\"gmPhantom_title\">8vo Encuentro De Intercambio E Inclusi\u00f3n-- (5)<\/div>\r\n                            <div class=\"gmPhantom_text\"><\/div>\r\n                        <\/div>\r\n                                                            <div class=\"gmPhantom_terms\">\r\n                                                    <div class=\"gmPhantom_other_terms\">\r\n                                <table class=\"gmPhantom_other_terms_table\">\r\n                                                                            <tr class=\"gmPhantom_term_row_album\">\r\n                                            <td class=\"gmPhantom_term_key\">Album<\/td>\r\n                                            <td class=\"gmPhantom_term_value\"><a href=\"\/index.php\/wp-json\/wp\/v2\/posts\/9574?gm102[album__in]=102\" class=\"gmPhantom_alb\">apertura-8\u00b0 Encuentro de Intercambio e Inclusi\u00f3n: Universidad, Discapacidad, Derechos-2022<\/a><\/td>\r\n                                        <\/tr>\r\n                                                                    <\/table>\r\n                            <\/div>\r\n                                                <\/div>\r\n                <\/div>\r\n                <\/div>            <div class=\"gmPhantom_ThumbContainer gmPhantom_ThumbLoader\" data-id=\"1336\" data-post_id=\"9580\" data-ratio=\"1.5\" data-type=\"image\" data-ext=\"jpg\" data-views=\"3\" data-likes=\"0\" data-cc=\"0\" data-post_link=\"https:\/\/www.fcejs.unsl.edu.ar\/index.php\/gmedia\/8_encuentro_de_intercambio_e_inclusi_n_96_-jpg\/\">\r\n                <a href=\"https:\/\/www.fcejs.unsl.edu.ar\/wp-content\/grand-media\/image\/8_Encuentro_de_Intercambio_e_Inclusi_n_96_.jpg\" class=\"gmPhantom_Thumb\"><img decoding=\"async\" src=\"https:\/\/www.fcejs.unsl.edu.ar\/wp-content\/grand-media\/image\/thumb\/8_Encuentro_de_Intercambio_e_Inclusi_n_96_.jpg\" data-src=\"https:\/\/www.fcejs.unsl.edu.ar\/wp-content\/grand-media\/image\/8_Encuentro_de_Intercambio_e_Inclusi_n_96_.jpg\" alt=\"8\u00b0 Encuentro De Intercambio E Inclusi\u00f3n (96)\"\/><\/a>\r\n                                    <div class=\"gmPhantom_ThumbLabel\"><span class=\"gmPhantom_ThumbLabel_title\">8\u00b0 Encuentro De Intercambio E Inclusi\u00f3n (96)<\/span><\/div>\r\n                                    <div style=\"display:none;\" class=\"gmPhantom_Details\">\r\n                                            <div class=\"gmPhantom_description\">\r\n                            <div class=\"gmPhantom_title\">8\u00b0 Encuentro De Intercambio E Inclusi\u00f3n (96)<\/div>\r\n                            <div class=\"gmPhantom_text\"><\/div>\r\n                        <\/div>\r\n                                                            <div class=\"gmPhantom_terms\">\r\n                                                    <div class=\"gmPhantom_other_terms\">\r\n                                <table class=\"gmPhantom_other_terms_table\">\r\n                                                                            <tr class=\"gmPhantom_term_row_album\">\r\n                                            <td class=\"gmPhantom_term_key\">Album<\/td>\r\n                                            <td class=\"gmPhantom_term_value\"><a href=\"\/index.php\/wp-json\/wp\/v2\/posts\/9574?gm102[album__in]=102\" class=\"gmPhantom_alb\">apertura-8\u00b0 Encuentro de Intercambio e Inclusi\u00f3n: Universidad, Discapacidad, Derechos-2022<\/a><\/td>\r\n                                        <\/tr>\r\n                                                                    <\/table>\r\n                            <\/div>\r\n                                                <\/div>\r\n                <\/div>\r\n                <\/div>            <div class=\"gmPhantom_ThumbContainer gmPhantom_ThumbLoader\" data-id=\"1335\" data-post_id=\"9579\" data-ratio=\"1.5\" data-type=\"image\" data-ext=\"jpg\" data-views=\"10\" data-likes=\"0\" data-cc=\"0\" data-post_link=\"https:\/\/www.fcejs.unsl.edu.ar\/index.php\/gmedia\/8vo_encuentro_de_intercambio_e_inclusi_n-_24_-jpg\/\">\r\n                <a href=\"https:\/\/www.fcejs.unsl.edu.ar\/wp-content\/grand-media\/image\/8vo_Encuentro_de_Intercambio_e_Inclusi_n--_24_.jpg\" class=\"gmPhantom_Thumb\"><img decoding=\"async\" src=\"https:\/\/www.fcejs.unsl.edu.ar\/wp-content\/grand-media\/image\/thumb\/8vo_Encuentro_de_Intercambio_e_Inclusi_n--_24_.jpg\" data-src=\"https:\/\/www.fcejs.unsl.edu.ar\/wp-content\/grand-media\/image\/8vo_Encuentro_de_Intercambio_e_Inclusi_n--_24_.jpg\" alt=\"8vo Encuentro De Intercambio E Inclusi\u00f3n-- (24)\"\/><\/a>\r\n                                    <div class=\"gmPhantom_ThumbLabel\"><span class=\"gmPhantom_ThumbLabel_title\">8vo Encuentro De Intercambio E Inclusi\u00f3n-- (24)<\/span><\/div>\r\n                                    <div style=\"display:none;\" class=\"gmPhantom_Details\">\r\n                                            <div class=\"gmPhantom_description\">\r\n                            <div class=\"gmPhantom_title\">8vo Encuentro De Intercambio E Inclusi\u00f3n-- (24)<\/div>\r\n                            <div class=\"gmPhantom_text\"><\/div>\r\n                        <\/div>\r\n                                                            <div class=\"gmPhantom_terms\">\r\n                                                    <div class=\"gmPhantom_other_terms\">\r\n                                <table class=\"gmPhantom_other_terms_table\">\r\n                                                                            <tr class=\"gmPhantom_term_row_album\">\r\n                                            <td class=\"gmPhantom_term_key\">Album<\/td>\r\n                                            <td class=\"gmPhantom_term_value\"><a href=\"\/index.php\/wp-json\/wp\/v2\/posts\/9574?gm102[album__in]=102\" class=\"gmPhantom_alb\">apertura-8\u00b0 Encuentro de Intercambio e Inclusi\u00f3n: Universidad, Discapacidad, Derechos-2022<\/a><\/td>\r\n                                        <\/tr>\r\n                                                                    <\/table>\r\n                            <\/div>\r\n                                                <\/div>\r\n                <\/div>\r\n                <\/div>        <\/div>\r\n    <\/div>\r\n<\/div>\n<p>&nbsp;<\/p>\n","protected":false},"excerpt":{"rendered":"<p>El pasado jueves 6 de octubre de 2022, la FCEJS llev\u00f3 a cabo el acto de apertura del \u201c8\u00b0 Encuentro de Intercambio e Inclusi\u00f3n: Universidad,&hellip;<\/p>\n","protected":false},"author":9,"featured_media":9612,"comment_status":"closed","ping_status":"closed","sticky":false,"template":"","format":"standard","meta":{"om_disable_all_campaigns":false,"_monsterinsights_skip_tracking":false,"_monsterinsights_sitenote_active":false,"_monsterinsights_sitenote_note":"","_monsterinsights_sitenote_category":0,"footnotes":""},"categories":[1],"tags":[],"class_list":["post-9574","post","type-post","status-publish","format-standard","has-post-thumbnail","hentry","category-noticias"],"yoast_head":"<!-- This site is optimized with the Yoast SEO plugin v27.4 - https:\/\/yoast.com\/product\/yoast-seo-wordpress\/ -->\n<title>La FCEJS inaugur\u00f3 el \u201c8\u00b0 Encuentro de Intercambio e Inclusi\u00f3n: Universidad, Discapacidad, Derechos\u201d - Facultad de Ciencias Econ\u00f3micas, Jur\u00ed\u00addicas y Sociales<\/title>\n<meta name=\"robots\" content=\"index, follow, max-snippet:-1, max-image-preview:large, max-video-preview:-1\" \/>\n<link rel=\"canonical\" href=\"https:\/\/www.fcejs.unsl.edu.ar\/index.php\/la-fcejs-inauguro-el-8-encuentro-de-intercambio-e-inclusion-universidad-discapacidad-derechos\/\" \/>\n<meta property=\"og:locale\" content=\"es_ES\" \/>\n<meta property=\"og:type\" content=\"article\" \/>\n<meta property=\"og:title\" content=\"La FCEJS inaugur\u00f3 el \u201c8\u00b0 Encuentro de Intercambio e Inclusi\u00f3n: Universidad, Discapacidad, Derechos\u201d - Facultad de Ciencias Econ\u00f3micas, Jur\u00ed\u00addicas y Sociales\" \/>\n<meta property=\"og:description\" content=\"El pasado jueves 6 de octubre de 2022, la FCEJS llev\u00f3 a cabo el acto de apertura del \u201c8\u00b0 Encuentro de Intercambio e Inclusi\u00f3n: Universidad,&hellip;\" \/>\n<meta property=\"og:url\" content=\"https:\/\/www.fcejs.unsl.edu.ar\/index.php\/la-fcejs-inauguro-el-8-encuentro-de-intercambio-e-inclusion-universidad-discapacidad-derechos\/\" \/>\n<meta property=\"og:site_name\" content=\"Facultad de Ciencias Econ\u00f3micas, Jur\u00ed\u00addicas y Sociales\" \/>\n<meta property=\"article:publisher\" content=\"https:\/\/www.facebook.com\/FCEJS.UNSL\/\" \/>\n<meta property=\"article:published_time\" content=\"2022-10-11T21:25:59+00:00\" \/>\n<meta property=\"article:modified_time\" content=\"2022-10-21T16:27:26+00:00\" \/>\n<meta property=\"og:image\" content=\"https:\/\/www.fcejs.unsl.edu.ar\/wp-content\/uploads\/2022\/10\/8\u00b0-Encuentro-de-Intercambio-e-Inclusion-front.jpg\" \/>\n\t<meta property=\"og:image:width\" content=\"1152\" \/>\n\t<meta property=\"og:image:height\" content=\"647\" \/>\n\t<meta property=\"og:image:type\" content=\"image\/jpeg\" \/>\n<meta name=\"author\" content=\"DATI\" \/>\n<meta name=\"twitter:card\" content=\"summary_large_image\" \/>\n<meta name=\"twitter:creator\" content=\"@FCEJSUNSL\" \/>\n<meta name=\"twitter:site\" content=\"@FCEJSUNSL\" \/>\n<meta name=\"twitter:label1\" content=\"Escrito por\" \/>\n\t<meta name=\"twitter:data1\" content=\"DATI\" \/>\n\t<meta name=\"twitter:label2\" content=\"Tiempo de lectura\" \/>\n\t<meta name=\"twitter:data2\" content=\"4 minutos\" \/>\n<script type=\"application\/ld+json\" class=\"yoast-schema-graph\">{\"@context\":\"https:\\\/\\\/schema.org\",\"@graph\":[{\"@type\":\"Article\",\"@id\":\"https:\\\/\\\/www.fcejs.unsl.edu.ar\\\/index.php\\\/la-fcejs-inauguro-el-8-encuentro-de-intercambio-e-inclusion-universidad-discapacidad-derechos\\\/#article\",\"isPartOf\":{\"@id\":\"https:\\\/\\\/www.fcejs.unsl.edu.ar\\\/index.php\\\/la-fcejs-inauguro-el-8-encuentro-de-intercambio-e-inclusion-universidad-discapacidad-derechos\\\/\"},\"author\":{\"name\":\"DATI\",\"@id\":\"https:\\\/\\\/www.fcejs.unsl.edu.ar\\\/#\\\/schema\\\/person\\\/352ee6ed90c3f394c7cb5945f8956d34\"},\"headline\":\"La FCEJS inaugur\u00f3 el \u201c8\u00b0 Encuentro de Intercambio e Inclusi\u00f3n: Universidad, Discapacidad, Derechos\u201d\",\"datePublished\":\"2022-10-11T21:25:59+00:00\",\"dateModified\":\"2022-10-21T16:27:26+00:00\",\"mainEntityOfPage\":{\"@id\":\"https:\\\/\\\/www.fcejs.unsl.edu.ar\\\/index.php\\\/la-fcejs-inauguro-el-8-encuentro-de-intercambio-e-inclusion-universidad-discapacidad-derechos\\\/\"},\"wordCount\":798,\"publisher\":{\"@id\":\"https:\\\/\\\/www.fcejs.unsl.edu.ar\\\/#organization\"},\"image\":{\"@id\":\"https:\\\/\\\/www.fcejs.unsl.edu.ar\\\/index.php\\\/la-fcejs-inauguro-el-8-encuentro-de-intercambio-e-inclusion-universidad-discapacidad-derechos\\\/#primaryimage\"},\"thumbnailUrl\":\"https:\\\/\\\/www.fcejs.unsl.edu.ar\\\/wp-content\\\/uploads\\\/2022\\\/10\\\/8\u00b0-Encuentro-de-Intercambio-e-Inclusion-front.jpg\",\"articleSection\":[\"Noticias\"],\"inLanguage\":\"es-AR\"},{\"@type\":\"WebPage\",\"@id\":\"https:\\\/\\\/www.fcejs.unsl.edu.ar\\\/index.php\\\/la-fcejs-inauguro-el-8-encuentro-de-intercambio-e-inclusion-universidad-discapacidad-derechos\\\/\",\"url\":\"https:\\\/\\\/www.fcejs.unsl.edu.ar\\\/index.php\\\/la-fcejs-inauguro-el-8-encuentro-de-intercambio-e-inclusion-universidad-discapacidad-derechos\\\/\",\"name\":\"La FCEJS inaugur\u00f3 el \u201c8\u00b0 Encuentro de Intercambio e Inclusi\u00f3n: Universidad, Discapacidad, Derechos\u201d - Facultad de Ciencias Econ\u00f3micas, Jur\u00ed\u00addicas y Sociales\",\"isPartOf\":{\"@id\":\"https:\\\/\\\/www.fcejs.unsl.edu.ar\\\/#website\"},\"primaryImageOfPage\":{\"@id\":\"https:\\\/\\\/www.fcejs.unsl.edu.ar\\\/index.php\\\/la-fcejs-inauguro-el-8-encuentro-de-intercambio-e-inclusion-universidad-discapacidad-derechos\\\/#primaryimage\"},\"image\":{\"@id\":\"https:\\\/\\\/www.fcejs.unsl.edu.ar\\\/index.php\\\/la-fcejs-inauguro-el-8-encuentro-de-intercambio-e-inclusion-universidad-discapacidad-derechos\\\/#primaryimage\"},\"thumbnailUrl\":\"https:\\\/\\\/www.fcejs.unsl.edu.ar\\\/wp-content\\\/uploads\\\/2022\\\/10\\\/8\u00b0-Encuentro-de-Intercambio-e-Inclusion-front.jpg\",\"datePublished\":\"2022-10-11T21:25:59+00:00\",\"dateModified\":\"2022-10-21T16:27:26+00:00\",\"breadcrumb\":{\"@id\":\"https:\\\/\\\/www.fcejs.unsl.edu.ar\\\/index.php\\\/la-fcejs-inauguro-el-8-encuentro-de-intercambio-e-inclusion-universidad-discapacidad-derechos\\\/#breadcrumb\"},\"inLanguage\":\"es-AR\",\"potentialAction\":[{\"@type\":\"ReadAction\",\"target\":[\"https:\\\/\\\/www.fcejs.unsl.edu.ar\\\/index.php\\\/la-fcejs-inauguro-el-8-encuentro-de-intercambio-e-inclusion-universidad-discapacidad-derechos\\\/\"]}]},{\"@type\":\"ImageObject\",\"inLanguage\":\"es-AR\",\"@id\":\"https:\\\/\\\/www.fcejs.unsl.edu.ar\\\/index.php\\\/la-fcejs-inauguro-el-8-encuentro-de-intercambio-e-inclusion-universidad-discapacidad-derechos\\\/#primaryimage\",\"url\":\"https:\\\/\\\/www.fcejs.unsl.edu.ar\\\/wp-content\\\/uploads\\\/2022\\\/10\\\/8\u00b0-Encuentro-de-Intercambio-e-Inclusion-front.jpg\",\"contentUrl\":\"https:\\\/\\\/www.fcejs.unsl.edu.ar\\\/wp-content\\\/uploads\\\/2022\\\/10\\\/8\u00b0-Encuentro-de-Intercambio-e-Inclusion-front.jpg\",\"width\":1152,\"height\":647},{\"@type\":\"BreadcrumbList\",\"@id\":\"https:\\\/\\\/www.fcejs.unsl.edu.ar\\\/index.php\\\/la-fcejs-inauguro-el-8-encuentro-de-intercambio-e-inclusion-universidad-discapacidad-derechos\\\/#breadcrumb\",\"itemListElement\":[{\"@type\":\"ListItem\",\"position\":1,\"name\":\"Inicio\",\"item\":\"https:\\\/\\\/www.fcejs.unsl.edu.ar\\\/\"},{\"@type\":\"ListItem\",\"position\":2,\"name\":\"La FCEJS inaugur\u00f3 el \u201c8\u00b0 Encuentro de Intercambio e Inclusi\u00f3n: Universidad, Discapacidad, Derechos\u201d\"}]},{\"@type\":\"WebSite\",\"@id\":\"https:\\\/\\\/www.fcejs.unsl.edu.ar\\\/#website\",\"url\":\"https:\\\/\\\/www.fcejs.unsl.edu.ar\\\/\",\"name\":\"Facultad de Ciencias Econ\u00f3micas, Jur\u00ed\u00addicas y Sociales\",\"description\":\"\",\"publisher\":{\"@id\":\"https:\\\/\\\/www.fcejs.unsl.edu.ar\\\/#organization\"},\"potentialAction\":[{\"@type\":\"SearchAction\",\"target\":{\"@type\":\"EntryPoint\",\"urlTemplate\":\"https:\\\/\\\/www.fcejs.unsl.edu.ar\\\/?s={search_term_string}\"},\"query-input\":{\"@type\":\"PropertyValueSpecification\",\"valueRequired\":true,\"valueName\":\"search_term_string\"}}],\"inLanguage\":\"es-AR\"},{\"@type\":\"Organization\",\"@id\":\"https:\\\/\\\/www.fcejs.unsl.edu.ar\\\/#organization\",\"name\":\"Facultad de Ciencias Econ\u00f3micas, Jur\u00eddicas y Sociales\",\"url\":\"https:\\\/\\\/www.fcejs.unsl.edu.ar\\\/\",\"logo\":{\"@type\":\"ImageObject\",\"inLanguage\":\"es-AR\",\"@id\":\"https:\\\/\\\/www.fcejs.unsl.edu.ar\\\/#\\\/schema\\\/logo\\\/image\\\/\",\"url\":\"https:\\\/\\\/www.fcejs.unsl.edu.ar\\\/wp-content\\\/uploads\\\/2021\\\/03\\\/logo-1.jpg\",\"contentUrl\":\"https:\\\/\\\/www.fcejs.unsl.edu.ar\\\/wp-content\\\/uploads\\\/2021\\\/03\\\/logo-1.jpg\",\"width\":471,\"height\":146,\"caption\":\"Facultad de Ciencias Econ\u00f3micas, Jur\u00eddicas y Sociales\"},\"image\":{\"@id\":\"https:\\\/\\\/www.fcejs.unsl.edu.ar\\\/#\\\/schema\\\/logo\\\/image\\\/\"},\"sameAs\":[\"https:\\\/\\\/www.facebook.com\\\/FCEJS.UNSL\\\/\",\"https:\\\/\\\/x.com\\\/FCEJSUNSL\",\"https:\\\/\\\/www.instagram.com\\\/fcejs.unsl\\\/\",\"https:\\\/\\\/www.youtube.com\\\/channel\\\/UCH-Ut6EaN_X5ogjIQMPe46g\\\/\"]},{\"@type\":\"Person\",\"@id\":\"https:\\\/\\\/www.fcejs.unsl.edu.ar\\\/#\\\/schema\\\/person\\\/352ee6ed90c3f394c7cb5945f8956d34\",\"name\":\"DATI\"}]}<\/script>\n<!-- \/ Yoast SEO plugin. -->","yoast_head_json":{"title":"La FCEJS inaugur\u00f3 el \u201c8\u00b0 Encuentro de Intercambio e Inclusi\u00f3n: Universidad, Discapacidad, Derechos\u201d - Facultad de Ciencias Econ\u00f3micas, Jur\u00ed\u00addicas y Sociales","robots":{"index":"index","follow":"follow","max-snippet":"max-snippet:-1","max-image-preview":"max-image-preview:large","max-video-preview":"max-video-preview:-1"},"canonical":"https:\/\/www.fcejs.unsl.edu.ar\/index.php\/la-fcejs-inauguro-el-8-encuentro-de-intercambio-e-inclusion-universidad-discapacidad-derechos\/","og_locale":"es_ES","og_type":"article","og_title":"La FCEJS inaugur\u00f3 el \u201c8\u00b0 Encuentro de Intercambio e Inclusi\u00f3n: Universidad, Discapacidad, Derechos\u201d - Facultad de Ciencias Econ\u00f3micas, Jur\u00ed\u00addicas y Sociales","og_description":"El pasado jueves 6 de octubre de 2022, la FCEJS llev\u00f3 a cabo el acto de apertura del \u201c8\u00b0 Encuentro de Intercambio e Inclusi\u00f3n: Universidad,&hellip;","og_url":"https:\/\/www.fcejs.unsl.edu.ar\/index.php\/la-fcejs-inauguro-el-8-encuentro-de-intercambio-e-inclusion-universidad-discapacidad-derechos\/","og_site_name":"Facultad de Ciencias Econ\u00f3micas, Jur\u00ed\u00addicas y Sociales","article_publisher":"https:\/\/www.facebook.com\/FCEJS.UNSL\/","article_published_time":"2022-10-11T21:25:59+00:00","article_modified_time":"2022-10-21T16:27:26+00:00","og_image":[{"width":1152,"height":647,"url":"https:\/\/www.fcejs.unsl.edu.ar\/wp-content\/uploads\/2022\/10\/8\u00b0-Encuentro-de-Intercambio-e-Inclusion-front.jpg","type":"image\/jpeg"}],"author":"DATI","twitter_card":"summary_large_image","twitter_creator":"@FCEJSUNSL","twitter_site":"@FCEJSUNSL","twitter_misc":{"Escrito por":"DATI","Tiempo de lectura":"4 minutos"},"schema":{"@context":"https:\/\/schema.org","@graph":[{"@type":"Article","@id":"https:\/\/www.fcejs.unsl.edu.ar\/index.php\/la-fcejs-inauguro-el-8-encuentro-de-intercambio-e-inclusion-universidad-discapacidad-derechos\/#article","isPartOf":{"@id":"https:\/\/www.fcejs.unsl.edu.ar\/index.php\/la-fcejs-inauguro-el-8-encuentro-de-intercambio-e-inclusion-universidad-discapacidad-derechos\/"},"author":{"name":"DATI","@id":"https:\/\/www.fcejs.unsl.edu.ar\/#\/schema\/person\/352ee6ed90c3f394c7cb5945f8956d34"},"headline":"La FCEJS inaugur\u00f3 el \u201c8\u00b0 Encuentro de Intercambio e Inclusi\u00f3n: Universidad, Discapacidad, Derechos\u201d","datePublished":"2022-10-11T21:25:59+00:00","dateModified":"2022-10-21T16:27:26+00:00","mainEntityOfPage":{"@id":"https:\/\/www.fcejs.unsl.edu.ar\/index.php\/la-fcejs-inauguro-el-8-encuentro-de-intercambio-e-inclusion-universidad-discapacidad-derechos\/"},"wordCount":798,"publisher":{"@id":"https:\/\/www.fcejs.unsl.edu.ar\/#organization"},"image":{"@id":"https:\/\/www.fcejs.unsl.edu.ar\/index.php\/la-fcejs-inauguro-el-8-encuentro-de-intercambio-e-inclusion-universidad-discapacidad-derechos\/#primaryimage"},"thumbnailUrl":"https:\/\/www.fcejs.unsl.edu.ar\/wp-content\/uploads\/2022\/10\/8\u00b0-Encuentro-de-Intercambio-e-Inclusion-front.jpg","articleSection":["Noticias"],"inLanguage":"es-AR"},{"@type":"WebPage","@id":"https:\/\/www.fcejs.unsl.edu.ar\/index.php\/la-fcejs-inauguro-el-8-encuentro-de-intercambio-e-inclusion-universidad-discapacidad-derechos\/","url":"https:\/\/www.fcejs.unsl.edu.ar\/index.php\/la-fcejs-inauguro-el-8-encuentro-de-intercambio-e-inclusion-universidad-discapacidad-derechos\/","name":"La FCEJS inaugur\u00f3 el \u201c8\u00b0 Encuentro de Intercambio e Inclusi\u00f3n: Universidad, Discapacidad, Derechos\u201d - Facultad de Ciencias Econ\u00f3micas, Jur\u00ed\u00addicas y Sociales","isPartOf":{"@id":"https:\/\/www.fcejs.unsl.edu.ar\/#website"},"primaryImageOfPage":{"@id":"https:\/\/www.fcejs.unsl.edu.ar\/index.php\/la-fcejs-inauguro-el-8-encuentro-de-intercambio-e-inclusion-universidad-discapacidad-derechos\/#primaryimage"},"image":{"@id":"https:\/\/www.fcejs.unsl.edu.ar\/index.php\/la-fcejs-inauguro-el-8-encuentro-de-intercambio-e-inclusion-universidad-discapacidad-derechos\/#primaryimage"},"thumbnailUrl":"https:\/\/www.fcejs.unsl.edu.ar\/wp-content\/uploads\/2022\/10\/8\u00b0-Encuentro-de-Intercambio-e-Inclusion-front.jpg","datePublished":"2022-10-11T21:25:59+00:00","dateModified":"2022-10-21T16:27:26+00:00","breadcrumb":{"@id":"https:\/\/www.fcejs.unsl.edu.ar\/index.php\/la-fcejs-inauguro-el-8-encuentro-de-intercambio-e-inclusion-universidad-discapacidad-derechos\/#breadcrumb"},"inLanguage":"es-AR","potentialAction":[{"@type":"ReadAction","target":["https:\/\/www.fcejs.unsl.edu.ar\/index.php\/la-fcejs-inauguro-el-8-encuentro-de-intercambio-e-inclusion-universidad-discapacidad-derechos\/"]}]},{"@type":"ImageObject","inLanguage":"es-AR","@id":"https:\/\/www.fcejs.unsl.edu.ar\/index.php\/la-fcejs-inauguro-el-8-encuentro-de-intercambio-e-inclusion-universidad-discapacidad-derechos\/#primaryimage","url":"https:\/\/www.fcejs.unsl.edu.ar\/wp-content\/uploads\/2022\/10\/8\u00b0-Encuentro-de-Intercambio-e-Inclusion-front.jpg","contentUrl":"https:\/\/www.fcejs.unsl.edu.ar\/wp-content\/uploads\/2022\/10\/8\u00b0-Encuentro-de-Intercambio-e-Inclusion-front.jpg","width":1152,"height":647},{"@type":"BreadcrumbList","@id":"https:\/\/www.fcejs.unsl.edu.ar\/index.php\/la-fcejs-inauguro-el-8-encuentro-de-intercambio-e-inclusion-universidad-discapacidad-derechos\/#breadcrumb","itemListElement":[{"@type":"ListItem","position":1,"name":"Inicio","item":"https:\/\/www.fcejs.unsl.edu.ar\/"},{"@type":"ListItem","position":2,"name":"La FCEJS inaugur\u00f3 el \u201c8\u00b0 Encuentro de Intercambio e Inclusi\u00f3n: Universidad, Discapacidad, Derechos\u201d"}]},{"@type":"WebSite","@id":"https:\/\/www.fcejs.unsl.edu.ar\/#website","url":"https:\/\/www.fcejs.unsl.edu.ar\/","name":"Facultad de Ciencias Econ\u00f3micas, Jur\u00ed\u00addicas y Sociales","description":"","publisher":{"@id":"https:\/\/www.fcejs.unsl.edu.ar\/#organization"},"potentialAction":[{"@type":"SearchAction","target":{"@type":"EntryPoint","urlTemplate":"https:\/\/www.fcejs.unsl.edu.ar\/?s={search_term_string}"},"query-input":{"@type":"PropertyValueSpecification","valueRequired":true,"valueName":"search_term_string"}}],"inLanguage":"es-AR"},{"@type":"Organization","@id":"https:\/\/www.fcejs.unsl.edu.ar\/#organization","name":"Facultad de Ciencias Econ\u00f3micas, Jur\u00eddicas y Sociales","url":"https:\/\/www.fcejs.unsl.edu.ar\/","logo":{"@type":"ImageObject","inLanguage":"es-AR","@id":"https:\/\/www.fcejs.unsl.edu.ar\/#\/schema\/logo\/image\/","url":"https:\/\/www.fcejs.unsl.edu.ar\/wp-content\/uploads\/2021\/03\/logo-1.jpg","contentUrl":"https:\/\/www.fcejs.unsl.edu.ar\/wp-content\/uploads\/2021\/03\/logo-1.jpg","width":471,"height":146,"caption":"Facultad de Ciencias Econ\u00f3micas, Jur\u00eddicas y Sociales"},"image":{"@id":"https:\/\/www.fcejs.unsl.edu.ar\/#\/schema\/logo\/image\/"},"sameAs":["https:\/\/www.facebook.com\/FCEJS.UNSL\/","https:\/\/x.com\/FCEJSUNSL","https:\/\/www.instagram.com\/fcejs.unsl\/","https:\/\/www.youtube.com\/channel\/UCH-Ut6EaN_X5ogjIQMPe46g\/"]},{"@type":"Person","@id":"https:\/\/www.fcejs.unsl.edu.ar\/#\/schema\/person\/352ee6ed90c3f394c7cb5945f8956d34","name":"DATI"}]}},"jetpack_featured_media_url":"https:\/\/www.fcejs.unsl.edu.ar\/wp-content\/uploads\/2022\/10\/8\u00b0-Encuentro-de-Intercambio-e-Inclusion-front.jpg","_links":{"self":[{"href":"https:\/\/www.fcejs.unsl.edu.ar\/index.php\/wp-json\/wp\/v2\/posts\/9574","targetHints":{"allow":["GET"]}}],"collection":[{"href":"https:\/\/www.fcejs.unsl.edu.ar\/index.php\/wp-json\/wp\/v2\/posts"}],"about":[{"href":"https:\/\/www.fcejs.unsl.edu.ar\/index.php\/wp-json\/wp\/v2\/types\/post"}],"author":[{"embeddable":true,"href":"https:\/\/www.fcejs.unsl.edu.ar\/index.php\/wp-json\/wp\/v2\/users\/9"}],"replies":[{"embeddable":true,"href":"https:\/\/www.fcejs.unsl.edu.ar\/index.php\/wp-json\/wp\/v2\/comments?post=9574"}],"version-history":[{"count":4,"href":"https:\/\/www.fcejs.unsl.edu.ar\/index.php\/wp-json\/wp\/v2\/posts\/9574\/revisions"}],"predecessor-version":[{"id":9613,"href":"https:\/\/www.fcejs.unsl.edu.ar\/index.php\/wp-json\/wp\/v2\/posts\/9574\/revisions\/9613"}],"wp:featuredmedia":[{"embeddable":true,"href":"https:\/\/www.fcejs.unsl.edu.ar\/index.php\/wp-json\/wp\/v2\/media\/9612"}],"wp:attachment":[{"href":"https:\/\/www.fcejs.unsl.edu.ar\/index.php\/wp-json\/wp\/v2\/media?parent=9574"}],"wp:term":[{"taxonomy":"category","embeddable":true,"href":"https:\/\/www.fcejs.unsl.edu.ar\/index.php\/wp-json\/wp\/v2\/categories?post=9574"},{"taxonomy":"post_tag","embeddable":true,"href":"https:\/\/www.fcejs.unsl.edu.ar\/index.php\/wp-json\/wp\/v2\/tags?post=9574"}],"curies":[{"name":"wp","href":"https:\/\/api.w.org\/{rel}","templated":true}]}}