{"id":9561,"date":"2022-10-06T12:31:22","date_gmt":"2022-10-06T15:31:22","guid":{"rendered":"http:\/\/10.101.10.197\/www\/?p=9561"},"modified":"2022-10-21T13:26:40","modified_gmt":"2022-10-21T16:26:40","slug":"equipo-de-estudiantes-fue-admitido-para-participar-en-la-segunda-edicion-de-la-competencia-federal-de-arbitraje-ambiental","status":"publish","type":"post","link":"https:\/\/www.fcejs.unsl.edu.ar\/index.php\/equipo-de-estudiantes-fue-admitido-para-participar-en-la-segunda-edicion-de-la-competencia-federal-de-arbitraje-ambiental\/","title":{"rendered":"Equipo de Estudiantes fue admitido para participar en la Segunda Edici\u00f3n de la Competencia Federal de Arbitraje Ambiental"},"content":{"rendered":"<p>La FCEJS, en representaci\u00f3n de la UNSL, fue admitida para participar en la Segunda Edici\u00f3n de la Competencia Federal de Arbitraje Ambiental (CFAA), evento organizo por la Facultad de Derecho de la UBA y el Centro de Derecho Ambiental de la UBA, con la colaboraci\u00f3n de la Secretar\u00eda Acad\u00e9mica y la Direcci\u00f3n de Relaciones Internacionales de la UBA.<\/p>\n<p>Los equipos, representados por estudiantes de diferentes Facultades de Derecho de Universidades Nacionales, redactan y presentan memorias, y participan en audiencias orales en las que defienden diferentes posturas (actora o demandada).<\/p>\n<p>Luego de un proceso de selecci\u00f3n interna basado en diferentes criterios de evaluaci\u00f3n, ponderaci\u00f3n de criterios y antecedentes, se conocieron los resultados y mediante <strong>Res D N\u00b0 335\/2022<\/strong> qued\u00f3 conformado el<strong> Equipo de Estudiantes que representa a la FCEJS en la Segunda Edici\u00f3n de la Competencia Federal de Arbitraje Ambiental (CFAA) a desarrollarse entre los meses de mayo a noviembre de 2022<\/strong>:<\/p>\n<p>&nbsp;<\/p>\n<p>Estudiantes Titulares:<\/p>\n<ul>\n<li>Rodrigo Nicolas IGLESIAS<\/li>\n<li>Samay Amal\u00edn GALARZA<\/li>\n<li>Estudiante Suplente:<\/li>\n<li>Juan Ignacio D\u00d3MINE<\/li>\n<\/ul>\n<p>El equipo es acompa\u00f1ado por otros integrantes que conforman el <strong>Equipo Asistente y de Formaci\u00f3n Interna<\/strong> que acompa\u00f1aran a los estudiantes a lo largo de toda la Competencia junto con docentes que colaboran en distintas etapas.<\/p>\n<p>Egresados:<\/p>\n<ul>\n<li>I\u00f1aki Mar\u00eda ECHEVARRIA<\/li>\n<li>Docentes Entrenadoras:<\/li>\n<li>Dra. Mar\u00eda Eugenia P\u00c9REZ CUBERO<\/li>\n<li>Abog. Ivana Romina MUZEVICH<\/li>\n<\/ul>\n<p>Desde el Comit\u00e9 Organizador han anunciado que el Equipo de Estudiantes que representa a la FCEJS en la Segunda Edici\u00f3n de la Competencia Federal de Arbitraje Ambiental (CFAA) luego de haber concluido con \u00e9xito la etapa de evaluaci\u00f3n de los memoriales escritos (parte actora y parte demanda) ha pasado a la siguiente etapa de la Competencia: la etapa de alegatos (orales) que se llevar\u00e1n a cabo los d\u00edas 7, 8 y 9 de noviembre del 2022<\/p>\n<p><strong>Se preparan para una semana de pre-competencia del 24 al 30 de octubre, en la modalidad virtual<\/strong>.<\/p>\n<p>Link: <a href=\"http:\/\/www.derecho.uba.ar\/institucional\/centro-derecho-ambiental\/ediciones-de-la-competencia.php\">http:\/\/www.derecho.uba.ar\/institucional\/centro-derecho-ambiental\/ediciones-de-la-competencia.php<\/a><\/p>\n<p>&nbsp;<\/p>\n<p>Esta actividad se organiza, en la FCEJS, desde la <strong>Asignatura Derecho Ambiental y Legislaci\u00f3n de los Recursos Naturales<\/strong> de la Carrera de Abogac\u00eda del Departamento de Cs Jur\u00eddicas y Pol\u00edticas, el <strong>Centro Interdisciplinario de Investigaci\u00f3n y Vinculaci\u00f3n en Estudios Ambientales<\/strong> (CIIVEA) dependiente de la <strong>Secretar\u00eda de Investigaci\u00f3n y Posgrado<\/strong> de la FCEJS y la <strong>Secretar\u00eda Acad\u00e9mica<\/strong> de la Facultad de Ciencias Econ\u00f3micas, Jur\u00eddicas y Sociales de la Universidad Nacional de San Luis.<\/p>\n<p>&nbsp;<\/p>\n","protected":false},"excerpt":{"rendered":"<p>La FCEJS, en representaci\u00f3n de la UNSL, fue admitida para participar en la Segunda Edici\u00f3n de la Competencia Federal de Arbitraje Ambiental (CFAA), evento organizo&hellip;<\/p>\n","protected":false},"author":9,"featured_media":9562,"comment_status":"closed","ping_status":"closed","sticky":false,"template":"","format":"standard","meta":{"om_disable_all_campaigns":false,"_monsterinsights_skip_tracking":false,"_monsterinsights_sitenote_active":false,"_monsterinsights_sitenote_note":"","_monsterinsights_sitenote_category":0,"footnotes":""},"categories":[1],"tags":[],"class_list":["post-9561","post","type-post","status-publish","format-standard","has-post-thumbnail","hentry","category-noticias"],"yoast_head":"<!-- This site is optimized with the Yoast SEO plugin v27.4 - https:\/\/yoast.com\/product\/yoast-seo-wordpress\/ -->\n<title>Equipo de Estudiantes fue admitido para participar en la Segunda Edici\u00f3n de la Competencia Federal de Arbitraje Ambiental - Facultad de Ciencias Econ\u00f3micas, Jur\u00ed\u00addicas y Sociales<\/title>\n<meta name=\"robots\" content=\"index, follow, max-snippet:-1, max-image-preview:large, max-video-preview:-1\" \/>\n<link rel=\"canonical\" href=\"https:\/\/www.fcejs.unsl.edu.ar\/index.php\/equipo-de-estudiantes-fue-admitido-para-participar-en-la-segunda-edicion-de-la-competencia-federal-de-arbitraje-ambiental\/\" \/>\n<meta property=\"og:locale\" content=\"es_ES\" \/>\n<meta property=\"og:type\" content=\"article\" \/>\n<meta property=\"og:title\" content=\"Equipo de Estudiantes fue admitido para participar en la Segunda Edici\u00f3n de la Competencia Federal de Arbitraje Ambiental - Facultad de Ciencias Econ\u00f3micas, Jur\u00ed\u00addicas y Sociales\" \/>\n<meta property=\"og:description\" content=\"La FCEJS, en representaci\u00f3n de la UNSL, fue admitida para participar en la Segunda Edici\u00f3n de la Competencia Federal de Arbitraje Ambiental (CFAA), evento organizo&hellip;\" \/>\n<meta property=\"og:url\" content=\"https:\/\/www.fcejs.unsl.edu.ar\/index.php\/equipo-de-estudiantes-fue-admitido-para-participar-en-la-segunda-edicion-de-la-competencia-federal-de-arbitraje-ambiental\/\" \/>\n<meta property=\"og:site_name\" content=\"Facultad de Ciencias Econ\u00f3micas, Jur\u00ed\u00addicas y Sociales\" \/>\n<meta property=\"article:publisher\" content=\"https:\/\/www.facebook.com\/FCEJS.UNSL\/\" \/>\n<meta property=\"article:published_time\" content=\"2022-10-06T15:31:22+00:00\" \/>\n<meta property=\"article:modified_time\" content=\"2022-10-21T16:26:40+00:00\" \/>\n<meta property=\"og:image\" content=\"https:\/\/www.fcejs.unsl.edu.ar\/wp-content\/uploads\/2022\/10\/equipo-litigacion.jpg\" \/>\n\t<meta property=\"og:image:width\" content=\"1152\" \/>\n\t<meta property=\"og:image:height\" content=\"647\" \/>\n\t<meta property=\"og:image:type\" content=\"image\/jpeg\" \/>\n<meta name=\"author\" content=\"DATI\" \/>\n<meta name=\"twitter:card\" content=\"summary_large_image\" \/>\n<meta name=\"twitter:creator\" content=\"@FCEJSUNSL\" \/>\n<meta name=\"twitter:site\" content=\"@FCEJSUNSL\" \/>\n<meta name=\"twitter:label1\" content=\"Escrito por\" \/>\n\t<meta name=\"twitter:data1\" content=\"DATI\" \/>\n\t<meta name=\"twitter:label2\" content=\"Tiempo de lectura\" \/>\n\t<meta name=\"twitter:data2\" content=\"2 minutos\" \/>\n<script type=\"application\/ld+json\" class=\"yoast-schema-graph\">{\"@context\":\"https:\\\/\\\/schema.org\",\"@graph\":[{\"@type\":\"Article\",\"@id\":\"https:\\\/\\\/www.fcejs.unsl.edu.ar\\\/index.php\\\/equipo-de-estudiantes-fue-admitido-para-participar-en-la-segunda-edicion-de-la-competencia-federal-de-arbitraje-ambiental\\\/#article\",\"isPartOf\":{\"@id\":\"https:\\\/\\\/www.fcejs.unsl.edu.ar\\\/index.php\\\/equipo-de-estudiantes-fue-admitido-para-participar-en-la-segunda-edicion-de-la-competencia-federal-de-arbitraje-ambiental\\\/\"},\"author\":{\"name\":\"DATI\",\"@id\":\"https:\\\/\\\/www.fcejs.unsl.edu.ar\\\/#\\\/schema\\\/person\\\/352ee6ed90c3f394c7cb5945f8956d34\"},\"headline\":\"Equipo de Estudiantes fue admitido para participar en la Segunda Edici\u00f3n de la Competencia Federal de Arbitraje Ambiental\",\"datePublished\":\"2022-10-06T15:31:22+00:00\",\"dateModified\":\"2022-10-21T16:26:40+00:00\",\"mainEntityOfPage\":{\"@id\":\"https:\\\/\\\/www.fcejs.unsl.edu.ar\\\/index.php\\\/equipo-de-estudiantes-fue-admitido-para-participar-en-la-segunda-edicion-de-la-competencia-federal-de-arbitraje-ambiental\\\/\"},\"wordCount\":439,\"publisher\":{\"@id\":\"https:\\\/\\\/www.fcejs.unsl.edu.ar\\\/#organization\"},\"image\":{\"@id\":\"https:\\\/\\\/www.fcejs.unsl.edu.ar\\\/index.php\\\/equipo-de-estudiantes-fue-admitido-para-participar-en-la-segunda-edicion-de-la-competencia-federal-de-arbitraje-ambiental\\\/#primaryimage\"},\"thumbnailUrl\":\"https:\\\/\\\/www.fcejs.unsl.edu.ar\\\/wp-content\\\/uploads\\\/2022\\\/10\\\/equipo-litigacion.jpg\",\"articleSection\":[\"Noticias\"],\"inLanguage\":\"es-AR\"},{\"@type\":\"WebPage\",\"@id\":\"https:\\\/\\\/www.fcejs.unsl.edu.ar\\\/index.php\\\/equipo-de-estudiantes-fue-admitido-para-participar-en-la-segunda-edicion-de-la-competencia-federal-de-arbitraje-ambiental\\\/\",\"url\":\"https:\\\/\\\/www.fcejs.unsl.edu.ar\\\/index.php\\\/equipo-de-estudiantes-fue-admitido-para-participar-en-la-segunda-edicion-de-la-competencia-federal-de-arbitraje-ambiental\\\/\",\"name\":\"Equipo de Estudiantes fue admitido para participar en la Segunda Edici\u00f3n de la Competencia Federal de Arbitraje Ambiental - Facultad de Ciencias Econ\u00f3micas, Jur\u00ed\u00addicas y Sociales\",\"isPartOf\":{\"@id\":\"https:\\\/\\\/www.fcejs.unsl.edu.ar\\\/#website\"},\"primaryImageOfPage\":{\"@id\":\"https:\\\/\\\/www.fcejs.unsl.edu.ar\\\/index.php\\\/equipo-de-estudiantes-fue-admitido-para-participar-en-la-segunda-edicion-de-la-competencia-federal-de-arbitraje-ambiental\\\/#primaryimage\"},\"image\":{\"@id\":\"https:\\\/\\\/www.fcejs.unsl.edu.ar\\\/index.php\\\/equipo-de-estudiantes-fue-admitido-para-participar-en-la-segunda-edicion-de-la-competencia-federal-de-arbitraje-ambiental\\\/#primaryimage\"},\"thumbnailUrl\":\"https:\\\/\\\/www.fcejs.unsl.edu.ar\\\/wp-content\\\/uploads\\\/2022\\\/10\\\/equipo-litigacion.jpg\",\"datePublished\":\"2022-10-06T15:31:22+00:00\",\"dateModified\":\"2022-10-21T16:26:40+00:00\",\"breadcrumb\":{\"@id\":\"https:\\\/\\\/www.fcejs.unsl.edu.ar\\\/index.php\\\/equipo-de-estudiantes-fue-admitido-para-participar-en-la-segunda-edicion-de-la-competencia-federal-de-arbitraje-ambiental\\\/#breadcrumb\"},\"inLanguage\":\"es-AR\",\"potentialAction\":[{\"@type\":\"ReadAction\",\"target\":[\"https:\\\/\\\/www.fcejs.unsl.edu.ar\\\/index.php\\\/equipo-de-estudiantes-fue-admitido-para-participar-en-la-segunda-edicion-de-la-competencia-federal-de-arbitraje-ambiental\\\/\"]}]},{\"@type\":\"ImageObject\",\"inLanguage\":\"es-AR\",\"@id\":\"https:\\\/\\\/www.fcejs.unsl.edu.ar\\\/index.php\\\/equipo-de-estudiantes-fue-admitido-para-participar-en-la-segunda-edicion-de-la-competencia-federal-de-arbitraje-ambiental\\\/#primaryimage\",\"url\":\"https:\\\/\\\/www.fcejs.unsl.edu.ar\\\/wp-content\\\/uploads\\\/2022\\\/10\\\/equipo-litigacion.jpg\",\"contentUrl\":\"https:\\\/\\\/www.fcejs.unsl.edu.ar\\\/wp-content\\\/uploads\\\/2022\\\/10\\\/equipo-litigacion.jpg\",\"width\":1152,\"height\":647},{\"@type\":\"BreadcrumbList\",\"@id\":\"https:\\\/\\\/www.fcejs.unsl.edu.ar\\\/index.php\\\/equipo-de-estudiantes-fue-admitido-para-participar-en-la-segunda-edicion-de-la-competencia-federal-de-arbitraje-ambiental\\\/#breadcrumb\",\"itemListElement\":[{\"@type\":\"ListItem\",\"position\":1,\"name\":\"Inicio\",\"item\":\"https:\\\/\\\/www.fcejs.unsl.edu.ar\\\/\"},{\"@type\":\"ListItem\",\"position\":2,\"name\":\"Equipo de Estudiantes fue admitido para participar en la Segunda Edici\u00f3n de la Competencia Federal de Arbitraje Ambiental\"}]},{\"@type\":\"WebSite\",\"@id\":\"https:\\\/\\\/www.fcejs.unsl.edu.ar\\\/#website\",\"url\":\"https:\\\/\\\/www.fcejs.unsl.edu.ar\\\/\",\"name\":\"Facultad de Ciencias Econ\u00f3micas, Jur\u00ed\u00addicas y Sociales\",\"description\":\"\",\"publisher\":{\"@id\":\"https:\\\/\\\/www.fcejs.unsl.edu.ar\\\/#organization\"},\"potentialAction\":[{\"@type\":\"SearchAction\",\"target\":{\"@type\":\"EntryPoint\",\"urlTemplate\":\"https:\\\/\\\/www.fcejs.unsl.edu.ar\\\/?s={search_term_string}\"},\"query-input\":{\"@type\":\"PropertyValueSpecification\",\"valueRequired\":true,\"valueName\":\"search_term_string\"}}],\"inLanguage\":\"es-AR\"},{\"@type\":\"Organization\",\"@id\":\"https:\\\/\\\/www.fcejs.unsl.edu.ar\\\/#organization\",\"name\":\"Facultad de Ciencias Econ\u00f3micas, Jur\u00eddicas y Sociales\",\"url\":\"https:\\\/\\\/www.fcejs.unsl.edu.ar\\\/\",\"logo\":{\"@type\":\"ImageObject\",\"inLanguage\":\"es-AR\",\"@id\":\"https:\\\/\\\/www.fcejs.unsl.edu.ar\\\/#\\\/schema\\\/logo\\\/image\\\/\",\"url\":\"https:\\\/\\\/www.fcejs.unsl.edu.ar\\\/wp-content\\\/uploads\\\/2021\\\/03\\\/logo-1.jpg\",\"contentUrl\":\"https:\\\/\\\/www.fcejs.unsl.edu.ar\\\/wp-content\\\/uploads\\\/2021\\\/03\\\/logo-1.jpg\",\"width\":471,\"height\":146,\"caption\":\"Facultad de Ciencias Econ\u00f3micas, Jur\u00eddicas y Sociales\"},\"image\":{\"@id\":\"https:\\\/\\\/www.fcejs.unsl.edu.ar\\\/#\\\/schema\\\/logo\\\/image\\\/\"},\"sameAs\":[\"https:\\\/\\\/www.facebook.com\\\/FCEJS.UNSL\\\/\",\"https:\\\/\\\/x.com\\\/FCEJSUNSL\",\"https:\\\/\\\/www.instagram.com\\\/fcejs.unsl\\\/\",\"https:\\\/\\\/www.youtube.com\\\/channel\\\/UCH-Ut6EaN_X5ogjIQMPe46g\\\/\"]},{\"@type\":\"Person\",\"@id\":\"https:\\\/\\\/www.fcejs.unsl.edu.ar\\\/#\\\/schema\\\/person\\\/352ee6ed90c3f394c7cb5945f8956d34\",\"name\":\"DATI\"}]}<\/script>\n<!-- \/ Yoast SEO plugin. -->","yoast_head_json":{"title":"Equipo de Estudiantes fue admitido para participar en la Segunda Edici\u00f3n de la Competencia Federal de Arbitraje Ambiental - Facultad de Ciencias Econ\u00f3micas, Jur\u00ed\u00addicas y Sociales","robots":{"index":"index","follow":"follow","max-snippet":"max-snippet:-1","max-image-preview":"max-image-preview:large","max-video-preview":"max-video-preview:-1"},"canonical":"https:\/\/www.fcejs.unsl.edu.ar\/index.php\/equipo-de-estudiantes-fue-admitido-para-participar-en-la-segunda-edicion-de-la-competencia-federal-de-arbitraje-ambiental\/","og_locale":"es_ES","og_type":"article","og_title":"Equipo de Estudiantes fue admitido para participar en la Segunda Edici\u00f3n de la Competencia Federal de Arbitraje Ambiental - Facultad de Ciencias Econ\u00f3micas, Jur\u00ed\u00addicas y Sociales","og_description":"La FCEJS, en representaci\u00f3n de la UNSL, fue admitida para participar en la Segunda Edici\u00f3n de la Competencia Federal de Arbitraje Ambiental (CFAA), evento organizo&hellip;","og_url":"https:\/\/www.fcejs.unsl.edu.ar\/index.php\/equipo-de-estudiantes-fue-admitido-para-participar-en-la-segunda-edicion-de-la-competencia-federal-de-arbitraje-ambiental\/","og_site_name":"Facultad de Ciencias Econ\u00f3micas, Jur\u00ed\u00addicas y Sociales","article_publisher":"https:\/\/www.facebook.com\/FCEJS.UNSL\/","article_published_time":"2022-10-06T15:31:22+00:00","article_modified_time":"2022-10-21T16:26:40+00:00","og_image":[{"width":1152,"height":647,"url":"https:\/\/www.fcejs.unsl.edu.ar\/wp-content\/uploads\/2022\/10\/equipo-litigacion.jpg","type":"image\/jpeg"}],"author":"DATI","twitter_card":"summary_large_image","twitter_creator":"@FCEJSUNSL","twitter_site":"@FCEJSUNSL","twitter_misc":{"Escrito por":"DATI","Tiempo de lectura":"2 minutos"},"schema":{"@context":"https:\/\/schema.org","@graph":[{"@type":"Article","@id":"https:\/\/www.fcejs.unsl.edu.ar\/index.php\/equipo-de-estudiantes-fue-admitido-para-participar-en-la-segunda-edicion-de-la-competencia-federal-de-arbitraje-ambiental\/#article","isPartOf":{"@id":"https:\/\/www.fcejs.unsl.edu.ar\/index.php\/equipo-de-estudiantes-fue-admitido-para-participar-en-la-segunda-edicion-de-la-competencia-federal-de-arbitraje-ambiental\/"},"author":{"name":"DATI","@id":"https:\/\/www.fcejs.unsl.edu.ar\/#\/schema\/person\/352ee6ed90c3f394c7cb5945f8956d34"},"headline":"Equipo de Estudiantes fue admitido para participar en la Segunda Edici\u00f3n de la Competencia Federal de Arbitraje Ambiental","datePublished":"2022-10-06T15:31:22+00:00","dateModified":"2022-10-21T16:26:40+00:00","mainEntityOfPage":{"@id":"https:\/\/www.fcejs.unsl.edu.ar\/index.php\/equipo-de-estudiantes-fue-admitido-para-participar-en-la-segunda-edicion-de-la-competencia-federal-de-arbitraje-ambiental\/"},"wordCount":439,"publisher":{"@id":"https:\/\/www.fcejs.unsl.edu.ar\/#organization"},"image":{"@id":"https:\/\/www.fcejs.unsl.edu.ar\/index.php\/equipo-de-estudiantes-fue-admitido-para-participar-en-la-segunda-edicion-de-la-competencia-federal-de-arbitraje-ambiental\/#primaryimage"},"thumbnailUrl":"https:\/\/www.fcejs.unsl.edu.ar\/wp-content\/uploads\/2022\/10\/equipo-litigacion.jpg","articleSection":["Noticias"],"inLanguage":"es-AR"},{"@type":"WebPage","@id":"https:\/\/www.fcejs.unsl.edu.ar\/index.php\/equipo-de-estudiantes-fue-admitido-para-participar-en-la-segunda-edicion-de-la-competencia-federal-de-arbitraje-ambiental\/","url":"https:\/\/www.fcejs.unsl.edu.ar\/index.php\/equipo-de-estudiantes-fue-admitido-para-participar-en-la-segunda-edicion-de-la-competencia-federal-de-arbitraje-ambiental\/","name":"Equipo de Estudiantes fue admitido para participar en la Segunda Edici\u00f3n de la Competencia Federal de Arbitraje Ambiental - Facultad de Ciencias Econ\u00f3micas, Jur\u00ed\u00addicas y Sociales","isPartOf":{"@id":"https:\/\/www.fcejs.unsl.edu.ar\/#website"},"primaryImageOfPage":{"@id":"https:\/\/www.fcejs.unsl.edu.ar\/index.php\/equipo-de-estudiantes-fue-admitido-para-participar-en-la-segunda-edicion-de-la-competencia-federal-de-arbitraje-ambiental\/#primaryimage"},"image":{"@id":"https:\/\/www.fcejs.unsl.edu.ar\/index.php\/equipo-de-estudiantes-fue-admitido-para-participar-en-la-segunda-edicion-de-la-competencia-federal-de-arbitraje-ambiental\/#primaryimage"},"thumbnailUrl":"https:\/\/www.fcejs.unsl.edu.ar\/wp-content\/uploads\/2022\/10\/equipo-litigacion.jpg","datePublished":"2022-10-06T15:31:22+00:00","dateModified":"2022-10-21T16:26:40+00:00","breadcrumb":{"@id":"https:\/\/www.fcejs.unsl.edu.ar\/index.php\/equipo-de-estudiantes-fue-admitido-para-participar-en-la-segunda-edicion-de-la-competencia-federal-de-arbitraje-ambiental\/#breadcrumb"},"inLanguage":"es-AR","potentialAction":[{"@type":"ReadAction","target":["https:\/\/www.fcejs.unsl.edu.ar\/index.php\/equipo-de-estudiantes-fue-admitido-para-participar-en-la-segunda-edicion-de-la-competencia-federal-de-arbitraje-ambiental\/"]}]},{"@type":"ImageObject","inLanguage":"es-AR","@id":"https:\/\/www.fcejs.unsl.edu.ar\/index.php\/equipo-de-estudiantes-fue-admitido-para-participar-en-la-segunda-edicion-de-la-competencia-federal-de-arbitraje-ambiental\/#primaryimage","url":"https:\/\/www.fcejs.unsl.edu.ar\/wp-content\/uploads\/2022\/10\/equipo-litigacion.jpg","contentUrl":"https:\/\/www.fcejs.unsl.edu.ar\/wp-content\/uploads\/2022\/10\/equipo-litigacion.jpg","width":1152,"height":647},{"@type":"BreadcrumbList","@id":"https:\/\/www.fcejs.unsl.edu.ar\/index.php\/equipo-de-estudiantes-fue-admitido-para-participar-en-la-segunda-edicion-de-la-competencia-federal-de-arbitraje-ambiental\/#breadcrumb","itemListElement":[{"@type":"ListItem","position":1,"name":"Inicio","item":"https:\/\/www.fcejs.unsl.edu.ar\/"},{"@type":"ListItem","position":2,"name":"Equipo de Estudiantes fue admitido para participar en la Segunda Edici\u00f3n de la Competencia Federal de Arbitraje Ambiental"}]},{"@type":"WebSite","@id":"https:\/\/www.fcejs.unsl.edu.ar\/#website","url":"https:\/\/www.fcejs.unsl.edu.ar\/","name":"Facultad de Ciencias Econ\u00f3micas, Jur\u00ed\u00addicas y Sociales","description":"","publisher":{"@id":"https:\/\/www.fcejs.unsl.edu.ar\/#organization"},"potentialAction":[{"@type":"SearchAction","target":{"@type":"EntryPoint","urlTemplate":"https:\/\/www.fcejs.unsl.edu.ar\/?s={search_term_string}"},"query-input":{"@type":"PropertyValueSpecification","valueRequired":true,"valueName":"search_term_string"}}],"inLanguage":"es-AR"},{"@type":"Organization","@id":"https:\/\/www.fcejs.unsl.edu.ar\/#organization","name":"Facultad de Ciencias Econ\u00f3micas, Jur\u00eddicas y Sociales","url":"https:\/\/www.fcejs.unsl.edu.ar\/","logo":{"@type":"ImageObject","inLanguage":"es-AR","@id":"https:\/\/www.fcejs.unsl.edu.ar\/#\/schema\/logo\/image\/","url":"https:\/\/www.fcejs.unsl.edu.ar\/wp-content\/uploads\/2021\/03\/logo-1.jpg","contentUrl":"https:\/\/www.fcejs.unsl.edu.ar\/wp-content\/uploads\/2021\/03\/logo-1.jpg","width":471,"height":146,"caption":"Facultad de Ciencias Econ\u00f3micas, Jur\u00eddicas y Sociales"},"image":{"@id":"https:\/\/www.fcejs.unsl.edu.ar\/#\/schema\/logo\/image\/"},"sameAs":["https:\/\/www.facebook.com\/FCEJS.UNSL\/","https:\/\/x.com\/FCEJSUNSL","https:\/\/www.instagram.com\/fcejs.unsl\/","https:\/\/www.youtube.com\/channel\/UCH-Ut6EaN_X5ogjIQMPe46g\/"]},{"@type":"Person","@id":"https:\/\/www.fcejs.unsl.edu.ar\/#\/schema\/person\/352ee6ed90c3f394c7cb5945f8956d34","name":"DATI"}]}},"jetpack_featured_media_url":"https:\/\/www.fcejs.unsl.edu.ar\/wp-content\/uploads\/2022\/10\/equipo-litigacion.jpg","_links":{"self":[{"href":"https:\/\/www.fcejs.unsl.edu.ar\/index.php\/wp-json\/wp\/v2\/posts\/9561","targetHints":{"allow":["GET"]}}],"collection":[{"href":"https:\/\/www.fcejs.unsl.edu.ar\/index.php\/wp-json\/wp\/v2\/posts"}],"about":[{"href":"https:\/\/www.fcejs.unsl.edu.ar\/index.php\/wp-json\/wp\/v2\/types\/post"}],"author":[{"embeddable":true,"href":"https:\/\/www.fcejs.unsl.edu.ar\/index.php\/wp-json\/wp\/v2\/users\/9"}],"replies":[{"embeddable":true,"href":"https:\/\/www.fcejs.unsl.edu.ar\/index.php\/wp-json\/wp\/v2\/comments?post=9561"}],"version-history":[{"count":3,"href":"https:\/\/www.fcejs.unsl.edu.ar\/index.php\/wp-json\/wp\/v2\/posts\/9561\/revisions"}],"predecessor-version":[{"id":9565,"href":"https:\/\/www.fcejs.unsl.edu.ar\/index.php\/wp-json\/wp\/v2\/posts\/9561\/revisions\/9565"}],"wp:featuredmedia":[{"embeddable":true,"href":"https:\/\/www.fcejs.unsl.edu.ar\/index.php\/wp-json\/wp\/v2\/media\/9562"}],"wp:attachment":[{"href":"https:\/\/www.fcejs.unsl.edu.ar\/index.php\/wp-json\/wp\/v2\/media?parent=9561"}],"wp:term":[{"taxonomy":"category","embeddable":true,"href":"https:\/\/www.fcejs.unsl.edu.ar\/index.php\/wp-json\/wp\/v2\/categories?post=9561"},{"taxonomy":"post_tag","embeddable":true,"href":"https:\/\/www.fcejs.unsl.edu.ar\/index.php\/wp-json\/wp\/v2\/tags?post=9561"}],"curies":[{"name":"wp","href":"https:\/\/api.w.org\/{rel}","templated":true}]}}