{"id":9555,"date":"2022-10-06T11:38:50","date_gmt":"2022-10-06T14:38:50","guid":{"rendered":"http:\/\/10.101.10.197\/www\/?p=9555"},"modified":"2022-10-06T11:38:50","modified_gmt":"2022-10-06T14:38:50","slug":"ateneo-sobre-derecho-ambiental-y-derecho-de-danos-en-la-fcejs","status":"publish","type":"post","link":"https:\/\/www.fcejs.unsl.edu.ar\/index.php\/ateneo-sobre-derecho-ambiental-y-derecho-de-danos-en-la-fcejs\/","title":{"rendered":"Ateneo sobre Derecho Ambiental y Derecho de Da\u00f1os en la FCEJS"},"content":{"rendered":"<p>Con el objetivo de visibilizar al derecho ambiental como un derecho humano y brindar las herramientas te\u00f3ricas sobre derecho ambiental y derecho de da\u00f1os, ayer se realiz\u00f3 en la FCEJS el \u201cAteneo Internacional sobre Derecho Ambiental y Derecho de Da\u00f1os\u201d.<\/p>\n<p>Esta actividad se desarroll\u00f3 en la tarde del <strong>mi\u00e9rcoles 5 de octubre<\/strong> en el<strong> Instituto Escuela de Econom\u00eda, Negocios y Transferencia Tecnol\u00f3gica<\/strong> y cont\u00f3 con la disertaci\u00f3n de los Dres. Arturo Caumont, Gast\u00f3n Noguera Ramos y <strong>de la Dra. Mar\u00eda Eugenia P\u00e9rez Cubero.<\/strong><\/p>\n<p>Cabe recordar que este conversatorio fue declarado de inter\u00e9s judicial \u2013 a trav\u00e9s de la resoluci\u00f3n N\u00ba 59\/22 \u2013 por la Escuela de Especializaci\u00f3n para Magistrados y Funcionarios y de Capacitaci\u00f3n para el Personal Judicial \u201cDr. Juan Cris\u00f3stomo Lafinur\u201d.<\/p>\n<p>En el inicio de la jornada dieron unas palabras el Dr. Claudio S\u00e1nchez Clavero, presidente del Colegio de Abogados y Procuradores de Villa Mercedes y el Dr. Gustavo Quiroga, coordinador de la charla y Director del Instituto de Derecho Ambiental y Derechos de Incidencia Colectiva del Colegio de Abogados y Procuradores de Villa Mercedes. Ambos destacaron el perfil acad\u00e9mico de los disertantes y celebraron la posibilidad de que magistrados, funcionarios y profesionales del derecho puedan capacitarse en la materia.<\/p>\n<p>\u201cPara nosotros es un orgullo participar en esta jornada sobre esta tem\u00e1tica. Creo que estos temas han sido instalados a partir de la reforma del C\u00f3digo Civil en el 2015\u00a0 y recientemente, a partir del a\u00f1o pasado, con el cambio\u00a0 en la estructura judicial en la provincia, con el que se han incorporado la materia ambiental a los juzgados civiles. Esto trae un desaf\u00edo muy importante y creo que es adecuada la jornada porque debemos fomentar este tipo de capacitaciones para poder estar a la altura de las circunstancias en este tema\u201c, dijo S\u00e1nchez Clavero.<\/p>\n<p><img fetchpriority=\"high\" decoding=\"async\" class=\"aligncenter size-large wp-image-9557\" src=\"https:\/\/www.fcejs.unsl.edu.ar\/wp-content\/uploads\/2022\/10\/ATENEO-PRESENTACION-02-1024x683.jpg\" alt=\"\" width=\"843\" height=\"562\" srcset=\"https:\/\/www.fcejs.unsl.edu.ar\/wp-content\/uploads\/2022\/10\/ATENEO-PRESENTACION-02-1024x683.jpg 1024w, https:\/\/www.fcejs.unsl.edu.ar\/wp-content\/uploads\/2022\/10\/ATENEO-PRESENTACION-02-300x200.jpg 300w, https:\/\/www.fcejs.unsl.edu.ar\/wp-content\/uploads\/2022\/10\/ATENEO-PRESENTACION-02-768x512.jpg 768w, https:\/\/www.fcejs.unsl.edu.ar\/wp-content\/uploads\/2022\/10\/ATENEO-PRESENTACION-02-1536x1024.jpg 1536w, https:\/\/www.fcejs.unsl.edu.ar\/wp-content\/uploads\/2022\/10\/ATENEO-PRESENTACION-02-2048x1366.jpg 2048w\" sizes=\"(max-width: 843px) 100vw, 843px\" \/><\/p>\n<p>En tanto que, el Dr. Gustavo Quiroga record\u00f3 que comenzaron a trabajar para realizar esta jornada, en marzo del 2020, antes de la pandemia, junto con Eugenia P\u00e9rez Cubero. Destac\u00f3 la participaci\u00f3n de los disertantes y su amplia experiencia como especialistas en derecho ambiental. Resalt\u00f3 la importancia de capacitarse en la materia atento los desaf\u00edos existentes para proteger derechos ambientales, entendiendo que el derecho ambiental es un derecho humano.<\/p>\n<p>Finalmente, la Dra.\u00a0 Per\u00e9z Cubero, reflexion\u00f3, a modo de cierre de la actividad: \u201cEsto se encierra en una agenda de capacitaci\u00f3n que planteamos por agosto, con jornadas sobre el agua, despu\u00e9s con una jornada de derecho ambiental y de incidencia colectiva. Luego comenz\u00f3 la diplomatura que, est\u00e1 en pleno desarrollo, y surgi\u00f3 esta propuesta que se computa como un seminario optativo de la diplomatura en derecho y justicia ambiental.\u00a0 En ese marco, entender que estuvimos m\u00e1s de sesenta personas a lo largo de dos d\u00edas, la verdad es que me pareci\u00f3 super interesante, como fruto de la articulaci\u00f3n y de cada una de las actividades que venimos desarrollando\u201d.<\/p>\n<p>Cabe recordar que la jornada que se desarroll\u00f3 ayer en Villa Mercedes, tuvo una clase previa, dictada presencialmente en la ciudad de San Luis,\u00a0 y transmitida online, donde se desarroll\u00f3 la tem\u00e1tica \u201cTeor\u00eda del Lenguaje y Derecho: Implicancias en la Interpretaci\u00f3n Jur\u00eddica\u201d.<\/p>\n<p>&nbsp;<\/p>\n<p><strong>FUENTE: https:\/\/www.periodicojudicial.gov.ar\/<\/strong><\/p>\n","protected":false},"excerpt":{"rendered":"<p>Con el objetivo de visibilizar al derecho ambiental como un derecho humano y brindar las herramientas te\u00f3ricas sobre derecho ambiental y derecho de da\u00f1os, ayer&hellip;<\/p>\n","protected":false},"author":9,"featured_media":9556,"comment_status":"closed","ping_status":"closed","sticky":false,"template":"","format":"standard","meta":{"om_disable_all_campaigns":false,"_monsterinsights_skip_tracking":false,"_monsterinsights_sitenote_active":false,"_monsterinsights_sitenote_note":"","_monsterinsights_sitenote_category":0,"footnotes":""},"categories":[1],"tags":[],"class_list":["post-9555","post","type-post","status-publish","format-standard","has-post-thumbnail","hentry","category-noticias"],"yoast_head":"<!-- This site is optimized with the Yoast SEO plugin v27.4 - https:\/\/yoast.com\/product\/yoast-seo-wordpress\/ -->\n<title>Ateneo sobre Derecho Ambiental y Derecho de Da\u00f1os en la FCEJS - Facultad de Ciencias Econ\u00f3micas, Jur\u00ed\u00addicas y Sociales<\/title>\n<meta name=\"robots\" content=\"index, follow, max-snippet:-1, max-image-preview:large, max-video-preview:-1\" \/>\n<link rel=\"canonical\" href=\"https:\/\/www.fcejs.unsl.edu.ar\/index.php\/ateneo-sobre-derecho-ambiental-y-derecho-de-danos-en-la-fcejs\/\" \/>\n<meta property=\"og:locale\" content=\"es_ES\" \/>\n<meta property=\"og:type\" content=\"article\" \/>\n<meta property=\"og:title\" content=\"Ateneo sobre Derecho Ambiental y Derecho de Da\u00f1os en la FCEJS - Facultad de Ciencias Econ\u00f3micas, Jur\u00ed\u00addicas y Sociales\" \/>\n<meta property=\"og:description\" content=\"Con el objetivo de visibilizar al derecho ambiental como un derecho humano y brindar las herramientas te\u00f3ricas sobre derecho ambiental y derecho de da\u00f1os, ayer&hellip;\" \/>\n<meta property=\"og:url\" content=\"https:\/\/www.fcejs.unsl.edu.ar\/index.php\/ateneo-sobre-derecho-ambiental-y-derecho-de-danos-en-la-fcejs\/\" \/>\n<meta property=\"og:site_name\" content=\"Facultad de Ciencias Econ\u00f3micas, Jur\u00ed\u00addicas y Sociales\" \/>\n<meta property=\"article:publisher\" content=\"https:\/\/www.facebook.com\/FCEJS.UNSL\/\" \/>\n<meta property=\"article:published_time\" content=\"2022-10-06T14:38:50+00:00\" \/>\n<meta property=\"og:image\" content=\"https:\/\/www.fcejs.unsl.edu.ar\/wp-content\/uploads\/2022\/10\/ATENEO-PRESENTACION.jpg\" \/>\n\t<meta property=\"og:image:width\" content=\"850\" \/>\n\t<meta property=\"og:image:height\" content=\"560\" \/>\n\t<meta property=\"og:image:type\" content=\"image\/jpeg\" \/>\n<meta name=\"author\" content=\"DATI\" \/>\n<meta name=\"twitter:card\" content=\"summary_large_image\" \/>\n<meta name=\"twitter:creator\" content=\"@FCEJSUNSL\" \/>\n<meta name=\"twitter:site\" content=\"@FCEJSUNSL\" \/>\n<meta name=\"twitter:label1\" content=\"Escrito por\" \/>\n\t<meta name=\"twitter:data1\" content=\"DATI\" \/>\n\t<meta name=\"twitter:label2\" content=\"Tiempo de lectura\" \/>\n\t<meta name=\"twitter:data2\" content=\"3 minutos\" \/>\n<script type=\"application\/ld+json\" class=\"yoast-schema-graph\">{\"@context\":\"https:\\\/\\\/schema.org\",\"@graph\":[{\"@type\":\"Article\",\"@id\":\"https:\\\/\\\/www.fcejs.unsl.edu.ar\\\/index.php\\\/ateneo-sobre-derecho-ambiental-y-derecho-de-danos-en-la-fcejs\\\/#article\",\"isPartOf\":{\"@id\":\"https:\\\/\\\/www.fcejs.unsl.edu.ar\\\/index.php\\\/ateneo-sobre-derecho-ambiental-y-derecho-de-danos-en-la-fcejs\\\/\"},\"author\":{\"name\":\"DATI\",\"@id\":\"https:\\\/\\\/www.fcejs.unsl.edu.ar\\\/#\\\/schema\\\/person\\\/352ee6ed90c3f394c7cb5945f8956d34\"},\"headline\":\"Ateneo sobre Derecho Ambiental y Derecho de Da\u00f1os en la FCEJS\",\"datePublished\":\"2022-10-06T14:38:50+00:00\",\"mainEntityOfPage\":{\"@id\":\"https:\\\/\\\/www.fcejs.unsl.edu.ar\\\/index.php\\\/ateneo-sobre-derecho-ambiental-y-derecho-de-danos-en-la-fcejs\\\/\"},\"wordCount\":564,\"publisher\":{\"@id\":\"https:\\\/\\\/www.fcejs.unsl.edu.ar\\\/#organization\"},\"image\":{\"@id\":\"https:\\\/\\\/www.fcejs.unsl.edu.ar\\\/index.php\\\/ateneo-sobre-derecho-ambiental-y-derecho-de-danos-en-la-fcejs\\\/#primaryimage\"},\"thumbnailUrl\":\"https:\\\/\\\/www.fcejs.unsl.edu.ar\\\/wp-content\\\/uploads\\\/2022\\\/10\\\/ATENEO-PRESENTACION.jpg\",\"articleSection\":[\"Noticias\"],\"inLanguage\":\"es-AR\"},{\"@type\":\"WebPage\",\"@id\":\"https:\\\/\\\/www.fcejs.unsl.edu.ar\\\/index.php\\\/ateneo-sobre-derecho-ambiental-y-derecho-de-danos-en-la-fcejs\\\/\",\"url\":\"https:\\\/\\\/www.fcejs.unsl.edu.ar\\\/index.php\\\/ateneo-sobre-derecho-ambiental-y-derecho-de-danos-en-la-fcejs\\\/\",\"name\":\"Ateneo sobre Derecho Ambiental y Derecho de Da\u00f1os en la FCEJS - Facultad de Ciencias Econ\u00f3micas, Jur\u00ed\u00addicas y Sociales\",\"isPartOf\":{\"@id\":\"https:\\\/\\\/www.fcejs.unsl.edu.ar\\\/#website\"},\"primaryImageOfPage\":{\"@id\":\"https:\\\/\\\/www.fcejs.unsl.edu.ar\\\/index.php\\\/ateneo-sobre-derecho-ambiental-y-derecho-de-danos-en-la-fcejs\\\/#primaryimage\"},\"image\":{\"@id\":\"https:\\\/\\\/www.fcejs.unsl.edu.ar\\\/index.php\\\/ateneo-sobre-derecho-ambiental-y-derecho-de-danos-en-la-fcejs\\\/#primaryimage\"},\"thumbnailUrl\":\"https:\\\/\\\/www.fcejs.unsl.edu.ar\\\/wp-content\\\/uploads\\\/2022\\\/10\\\/ATENEO-PRESENTACION.jpg\",\"datePublished\":\"2022-10-06T14:38:50+00:00\",\"breadcrumb\":{\"@id\":\"https:\\\/\\\/www.fcejs.unsl.edu.ar\\\/index.php\\\/ateneo-sobre-derecho-ambiental-y-derecho-de-danos-en-la-fcejs\\\/#breadcrumb\"},\"inLanguage\":\"es-AR\",\"potentialAction\":[{\"@type\":\"ReadAction\",\"target\":[\"https:\\\/\\\/www.fcejs.unsl.edu.ar\\\/index.php\\\/ateneo-sobre-derecho-ambiental-y-derecho-de-danos-en-la-fcejs\\\/\"]}]},{\"@type\":\"ImageObject\",\"inLanguage\":\"es-AR\",\"@id\":\"https:\\\/\\\/www.fcejs.unsl.edu.ar\\\/index.php\\\/ateneo-sobre-derecho-ambiental-y-derecho-de-danos-en-la-fcejs\\\/#primaryimage\",\"url\":\"https:\\\/\\\/www.fcejs.unsl.edu.ar\\\/wp-content\\\/uploads\\\/2022\\\/10\\\/ATENEO-PRESENTACION.jpg\",\"contentUrl\":\"https:\\\/\\\/www.fcejs.unsl.edu.ar\\\/wp-content\\\/uploads\\\/2022\\\/10\\\/ATENEO-PRESENTACION.jpg\",\"width\":850,\"height\":560},{\"@type\":\"BreadcrumbList\",\"@id\":\"https:\\\/\\\/www.fcejs.unsl.edu.ar\\\/index.php\\\/ateneo-sobre-derecho-ambiental-y-derecho-de-danos-en-la-fcejs\\\/#breadcrumb\",\"itemListElement\":[{\"@type\":\"ListItem\",\"position\":1,\"name\":\"Inicio\",\"item\":\"https:\\\/\\\/www.fcejs.unsl.edu.ar\\\/\"},{\"@type\":\"ListItem\",\"position\":2,\"name\":\"Ateneo sobre Derecho Ambiental y Derecho de Da\u00f1os en la FCEJS\"}]},{\"@type\":\"WebSite\",\"@id\":\"https:\\\/\\\/www.fcejs.unsl.edu.ar\\\/#website\",\"url\":\"https:\\\/\\\/www.fcejs.unsl.edu.ar\\\/\",\"name\":\"Facultad de Ciencias Econ\u00f3micas, Jur\u00ed\u00addicas y Sociales\",\"description\":\"\",\"publisher\":{\"@id\":\"https:\\\/\\\/www.fcejs.unsl.edu.ar\\\/#organization\"},\"potentialAction\":[{\"@type\":\"SearchAction\",\"target\":{\"@type\":\"EntryPoint\",\"urlTemplate\":\"https:\\\/\\\/www.fcejs.unsl.edu.ar\\\/?s={search_term_string}\"},\"query-input\":{\"@type\":\"PropertyValueSpecification\",\"valueRequired\":true,\"valueName\":\"search_term_string\"}}],\"inLanguage\":\"es-AR\"},{\"@type\":\"Organization\",\"@id\":\"https:\\\/\\\/www.fcejs.unsl.edu.ar\\\/#organization\",\"name\":\"Facultad de Ciencias Econ\u00f3micas, Jur\u00eddicas y Sociales\",\"url\":\"https:\\\/\\\/www.fcejs.unsl.edu.ar\\\/\",\"logo\":{\"@type\":\"ImageObject\",\"inLanguage\":\"es-AR\",\"@id\":\"https:\\\/\\\/www.fcejs.unsl.edu.ar\\\/#\\\/schema\\\/logo\\\/image\\\/\",\"url\":\"https:\\\/\\\/www.fcejs.unsl.edu.ar\\\/wp-content\\\/uploads\\\/2021\\\/03\\\/logo-1.jpg\",\"contentUrl\":\"https:\\\/\\\/www.fcejs.unsl.edu.ar\\\/wp-content\\\/uploads\\\/2021\\\/03\\\/logo-1.jpg\",\"width\":471,\"height\":146,\"caption\":\"Facultad de Ciencias Econ\u00f3micas, Jur\u00eddicas y Sociales\"},\"image\":{\"@id\":\"https:\\\/\\\/www.fcejs.unsl.edu.ar\\\/#\\\/schema\\\/logo\\\/image\\\/\"},\"sameAs\":[\"https:\\\/\\\/www.facebook.com\\\/FCEJS.UNSL\\\/\",\"https:\\\/\\\/x.com\\\/FCEJSUNSL\",\"https:\\\/\\\/www.instagram.com\\\/fcejs.unsl\\\/\",\"https:\\\/\\\/www.youtube.com\\\/channel\\\/UCH-Ut6EaN_X5ogjIQMPe46g\\\/\"]},{\"@type\":\"Person\",\"@id\":\"https:\\\/\\\/www.fcejs.unsl.edu.ar\\\/#\\\/schema\\\/person\\\/352ee6ed90c3f394c7cb5945f8956d34\",\"name\":\"DATI\"}]}<\/script>\n<!-- \/ Yoast SEO plugin. -->","yoast_head_json":{"title":"Ateneo sobre Derecho Ambiental y Derecho de Da\u00f1os en la FCEJS - Facultad de Ciencias Econ\u00f3micas, Jur\u00ed\u00addicas y Sociales","robots":{"index":"index","follow":"follow","max-snippet":"max-snippet:-1","max-image-preview":"max-image-preview:large","max-video-preview":"max-video-preview:-1"},"canonical":"https:\/\/www.fcejs.unsl.edu.ar\/index.php\/ateneo-sobre-derecho-ambiental-y-derecho-de-danos-en-la-fcejs\/","og_locale":"es_ES","og_type":"article","og_title":"Ateneo sobre Derecho Ambiental y Derecho de Da\u00f1os en la FCEJS - Facultad de Ciencias Econ\u00f3micas, Jur\u00ed\u00addicas y Sociales","og_description":"Con el objetivo de visibilizar al derecho ambiental como un derecho humano y brindar las herramientas te\u00f3ricas sobre derecho ambiental y derecho de da\u00f1os, ayer&hellip;","og_url":"https:\/\/www.fcejs.unsl.edu.ar\/index.php\/ateneo-sobre-derecho-ambiental-y-derecho-de-danos-en-la-fcejs\/","og_site_name":"Facultad de Ciencias Econ\u00f3micas, Jur\u00ed\u00addicas y Sociales","article_publisher":"https:\/\/www.facebook.com\/FCEJS.UNSL\/","article_published_time":"2022-10-06T14:38:50+00:00","og_image":[{"width":850,"height":560,"url":"https:\/\/www.fcejs.unsl.edu.ar\/wp-content\/uploads\/2022\/10\/ATENEO-PRESENTACION.jpg","type":"image\/jpeg"}],"author":"DATI","twitter_card":"summary_large_image","twitter_creator":"@FCEJSUNSL","twitter_site":"@FCEJSUNSL","twitter_misc":{"Escrito por":"DATI","Tiempo de lectura":"3 minutos"},"schema":{"@context":"https:\/\/schema.org","@graph":[{"@type":"Article","@id":"https:\/\/www.fcejs.unsl.edu.ar\/index.php\/ateneo-sobre-derecho-ambiental-y-derecho-de-danos-en-la-fcejs\/#article","isPartOf":{"@id":"https:\/\/www.fcejs.unsl.edu.ar\/index.php\/ateneo-sobre-derecho-ambiental-y-derecho-de-danos-en-la-fcejs\/"},"author":{"name":"DATI","@id":"https:\/\/www.fcejs.unsl.edu.ar\/#\/schema\/person\/352ee6ed90c3f394c7cb5945f8956d34"},"headline":"Ateneo sobre Derecho Ambiental y Derecho de Da\u00f1os en la FCEJS","datePublished":"2022-10-06T14:38:50+00:00","mainEntityOfPage":{"@id":"https:\/\/www.fcejs.unsl.edu.ar\/index.php\/ateneo-sobre-derecho-ambiental-y-derecho-de-danos-en-la-fcejs\/"},"wordCount":564,"publisher":{"@id":"https:\/\/www.fcejs.unsl.edu.ar\/#organization"},"image":{"@id":"https:\/\/www.fcejs.unsl.edu.ar\/index.php\/ateneo-sobre-derecho-ambiental-y-derecho-de-danos-en-la-fcejs\/#primaryimage"},"thumbnailUrl":"https:\/\/www.fcejs.unsl.edu.ar\/wp-content\/uploads\/2022\/10\/ATENEO-PRESENTACION.jpg","articleSection":["Noticias"],"inLanguage":"es-AR"},{"@type":"WebPage","@id":"https:\/\/www.fcejs.unsl.edu.ar\/index.php\/ateneo-sobre-derecho-ambiental-y-derecho-de-danos-en-la-fcejs\/","url":"https:\/\/www.fcejs.unsl.edu.ar\/index.php\/ateneo-sobre-derecho-ambiental-y-derecho-de-danos-en-la-fcejs\/","name":"Ateneo sobre Derecho Ambiental y Derecho de Da\u00f1os en la FCEJS - Facultad de Ciencias Econ\u00f3micas, Jur\u00ed\u00addicas y Sociales","isPartOf":{"@id":"https:\/\/www.fcejs.unsl.edu.ar\/#website"},"primaryImageOfPage":{"@id":"https:\/\/www.fcejs.unsl.edu.ar\/index.php\/ateneo-sobre-derecho-ambiental-y-derecho-de-danos-en-la-fcejs\/#primaryimage"},"image":{"@id":"https:\/\/www.fcejs.unsl.edu.ar\/index.php\/ateneo-sobre-derecho-ambiental-y-derecho-de-danos-en-la-fcejs\/#primaryimage"},"thumbnailUrl":"https:\/\/www.fcejs.unsl.edu.ar\/wp-content\/uploads\/2022\/10\/ATENEO-PRESENTACION.jpg","datePublished":"2022-10-06T14:38:50+00:00","breadcrumb":{"@id":"https:\/\/www.fcejs.unsl.edu.ar\/index.php\/ateneo-sobre-derecho-ambiental-y-derecho-de-danos-en-la-fcejs\/#breadcrumb"},"inLanguage":"es-AR","potentialAction":[{"@type":"ReadAction","target":["https:\/\/www.fcejs.unsl.edu.ar\/index.php\/ateneo-sobre-derecho-ambiental-y-derecho-de-danos-en-la-fcejs\/"]}]},{"@type":"ImageObject","inLanguage":"es-AR","@id":"https:\/\/www.fcejs.unsl.edu.ar\/index.php\/ateneo-sobre-derecho-ambiental-y-derecho-de-danos-en-la-fcejs\/#primaryimage","url":"https:\/\/www.fcejs.unsl.edu.ar\/wp-content\/uploads\/2022\/10\/ATENEO-PRESENTACION.jpg","contentUrl":"https:\/\/www.fcejs.unsl.edu.ar\/wp-content\/uploads\/2022\/10\/ATENEO-PRESENTACION.jpg","width":850,"height":560},{"@type":"BreadcrumbList","@id":"https:\/\/www.fcejs.unsl.edu.ar\/index.php\/ateneo-sobre-derecho-ambiental-y-derecho-de-danos-en-la-fcejs\/#breadcrumb","itemListElement":[{"@type":"ListItem","position":1,"name":"Inicio","item":"https:\/\/www.fcejs.unsl.edu.ar\/"},{"@type":"ListItem","position":2,"name":"Ateneo sobre Derecho Ambiental y Derecho de Da\u00f1os en la FCEJS"}]},{"@type":"WebSite","@id":"https:\/\/www.fcejs.unsl.edu.ar\/#website","url":"https:\/\/www.fcejs.unsl.edu.ar\/","name":"Facultad de Ciencias Econ\u00f3micas, Jur\u00ed\u00addicas y Sociales","description":"","publisher":{"@id":"https:\/\/www.fcejs.unsl.edu.ar\/#organization"},"potentialAction":[{"@type":"SearchAction","target":{"@type":"EntryPoint","urlTemplate":"https:\/\/www.fcejs.unsl.edu.ar\/?s={search_term_string}"},"query-input":{"@type":"PropertyValueSpecification","valueRequired":true,"valueName":"search_term_string"}}],"inLanguage":"es-AR"},{"@type":"Organization","@id":"https:\/\/www.fcejs.unsl.edu.ar\/#organization","name":"Facultad de Ciencias Econ\u00f3micas, Jur\u00eddicas y Sociales","url":"https:\/\/www.fcejs.unsl.edu.ar\/","logo":{"@type":"ImageObject","inLanguage":"es-AR","@id":"https:\/\/www.fcejs.unsl.edu.ar\/#\/schema\/logo\/image\/","url":"https:\/\/www.fcejs.unsl.edu.ar\/wp-content\/uploads\/2021\/03\/logo-1.jpg","contentUrl":"https:\/\/www.fcejs.unsl.edu.ar\/wp-content\/uploads\/2021\/03\/logo-1.jpg","width":471,"height":146,"caption":"Facultad de Ciencias Econ\u00f3micas, Jur\u00eddicas y Sociales"},"image":{"@id":"https:\/\/www.fcejs.unsl.edu.ar\/#\/schema\/logo\/image\/"},"sameAs":["https:\/\/www.facebook.com\/FCEJS.UNSL\/","https:\/\/x.com\/FCEJSUNSL","https:\/\/www.instagram.com\/fcejs.unsl\/","https:\/\/www.youtube.com\/channel\/UCH-Ut6EaN_X5ogjIQMPe46g\/"]},{"@type":"Person","@id":"https:\/\/www.fcejs.unsl.edu.ar\/#\/schema\/person\/352ee6ed90c3f394c7cb5945f8956d34","name":"DATI"}]}},"jetpack_featured_media_url":"https:\/\/www.fcejs.unsl.edu.ar\/wp-content\/uploads\/2022\/10\/ATENEO-PRESENTACION.jpg","_links":{"self":[{"href":"https:\/\/www.fcejs.unsl.edu.ar\/index.php\/wp-json\/wp\/v2\/posts\/9555","targetHints":{"allow":["GET"]}}],"collection":[{"href":"https:\/\/www.fcejs.unsl.edu.ar\/index.php\/wp-json\/wp\/v2\/posts"}],"about":[{"href":"https:\/\/www.fcejs.unsl.edu.ar\/index.php\/wp-json\/wp\/v2\/types\/post"}],"author":[{"embeddable":true,"href":"https:\/\/www.fcejs.unsl.edu.ar\/index.php\/wp-json\/wp\/v2\/users\/9"}],"replies":[{"embeddable":true,"href":"https:\/\/www.fcejs.unsl.edu.ar\/index.php\/wp-json\/wp\/v2\/comments?post=9555"}],"version-history":[{"count":1,"href":"https:\/\/www.fcejs.unsl.edu.ar\/index.php\/wp-json\/wp\/v2\/posts\/9555\/revisions"}],"predecessor-version":[{"id":9558,"href":"https:\/\/www.fcejs.unsl.edu.ar\/index.php\/wp-json\/wp\/v2\/posts\/9555\/revisions\/9558"}],"wp:featuredmedia":[{"embeddable":true,"href":"https:\/\/www.fcejs.unsl.edu.ar\/index.php\/wp-json\/wp\/v2\/media\/9556"}],"wp:attachment":[{"href":"https:\/\/www.fcejs.unsl.edu.ar\/index.php\/wp-json\/wp\/v2\/media?parent=9555"}],"wp:term":[{"taxonomy":"category","embeddable":true,"href":"https:\/\/www.fcejs.unsl.edu.ar\/index.php\/wp-json\/wp\/v2\/categories?post=9555"},{"taxonomy":"post_tag","embeddable":true,"href":"https:\/\/www.fcejs.unsl.edu.ar\/index.php\/wp-json\/wp\/v2\/tags?post=9555"}],"curies":[{"name":"wp","href":"https:\/\/api.w.org\/{rel}","templated":true}]}}