{"id":9342,"date":"2022-09-22T12:17:03","date_gmt":"2022-09-22T15:17:03","guid":{"rendered":"http:\/\/10.101.10.197\/www\/?p=9342"},"modified":"2022-09-22T14:36:08","modified_gmt":"2022-09-22T17:36:08","slug":"la-fcejs-presente-en-las-xxviii-jornadas-nacionales-de-derecho-civil","status":"publish","type":"post","link":"https:\/\/www.fcejs.unsl.edu.ar\/index.php\/la-fcejs-presente-en-las-xxviii-jornadas-nacionales-de-derecho-civil\/","title":{"rendered":"La FCEJS presente en las XXVIII Jornadas Nacionales de Derecho Civil"},"content":{"rendered":"<p>Docentes y estudiantes de la FCEJS participan de las XXVIII Jornadas Nacionales de Derecho Civil, que se desarrollan del 22 al 24 de septiembre en la Facultad de Ciencias Jur\u00eddicas y Sociales de la Universidad de Mendoza.<\/p>\n<p>Estas jornadas brindan el \u00e1mbito de an\u00e1lisis del derecho y generan conclusiones que fijan los criterios de resoluci\u00f3n en la corte de justicia tanto nacional como provinciales.<\/p>\n<p>Participan las Docentes del Departamento de Ciencias Jur\u00eddicas y Pol\u00edticas: Mar\u00eda Laura Estrada; Mar\u00eda Laura Rodr\u00edguez y Mar\u00eda Gabriela Calvo; y las docentes del Departamento de Ciencias Econ\u00f3micas:\u00a0 Adriana Piccolo, Patricia Alegre y Valeria Imberti. Junto a las docentes concurren las estudiantes Micaela Janet Tomasi, Michela Josefina Giacometti, Florencia Roc\u00edo Quiroga Durelli, Katherine Micaela Alfonso Rodriguez, Giuliana Montenegro, Patricia Aida Mendez, Moralez Yanela Romina y Solana Fern\u00e1ndez Calvo.<\/p>\n<p><img fetchpriority=\"high\" decoding=\"async\" class=\"aligncenter size-large wp-image-9344\" src=\"https:\/\/www.fcejs.unsl.edu.ar\/wp-content\/uploads\/2022\/09\/congreso-mendoza-02-1024x575.jpg\" alt=\"\" width=\"843\" height=\"473\" srcset=\"https:\/\/www.fcejs.unsl.edu.ar\/wp-content\/uploads\/2022\/09\/congreso-mendoza-02-1024x575.jpg 1024w, https:\/\/www.fcejs.unsl.edu.ar\/wp-content\/uploads\/2022\/09\/congreso-mendoza-02-300x168.jpg 300w, https:\/\/www.fcejs.unsl.edu.ar\/wp-content\/uploads\/2022\/09\/congreso-mendoza-02-768x431.jpg 768w, https:\/\/www.fcejs.unsl.edu.ar\/wp-content\/uploads\/2022\/09\/congreso-mendoza-02.jpg 1152w\" sizes=\"(max-width: 843px) 100vw, 843px\" \/><\/p>\n<h3>Ponencias presentadas por las docentes<\/h3>\n<ol class=\"n8H08c BKnRcf\">\n<li class=\"TYR86d wXCUfe zfr3Q\" dir=\"ltr\">\n<p class=\"CDt4Ke zfr3Q\" dir=\"ltr\"><span class=\" aw5Odc\"><a class=\"XqQF9c\" href=\"https:\/\/drive.google.com\/file\/d\/1hGtYYjMvvR2z1l9w8_n6blHuVsH0fo1O\/view?usp=sharing\" target=\"_blank\" rel=\"noopener\"><strong>Estrada,<\/strong><\/a><\/span> <span class=\" aw5Odc\"><a class=\"XqQF9c\" href=\"https:\/\/drive.google.com\/file\/d\/1hGtYYjMvvR2z1l9w8_n6blHuVsH0fo1O\/view?usp=sharing\" target=\"_blank\" rel=\"noopener\"><strong>Mar\u00eda Laura <\/strong><\/a><\/span><span class=\" aw5Odc\"><a class=\"XqQF9c\" href=\"https:\/\/drive.google.com\/file\/d\/1hGtYYjMvvR2z1l9w8_n6blHuVsH0fo1O\/view?usp=sharing\" target=\"_blank\" rel=\"noopener\">| <\/a><\/span><a class=\"XqQF9c rXJpyf\" href=\"https:\/\/drive.google.com\/file\/d\/1hGtYYjMvvR2z1l9w8_n6blHuVsH0fo1O\/view?usp=sharing\" target=\"_blank\" rel=\"noopener\">Precisiones sobre el derecho al olvido digital como derivaci\u00f3n de los derechos personal\u00edsimos en el ordenamiento jur\u00eddico argentino<\/a><\/p>\n<\/li>\n<li class=\"TYR86d wXCUfe zfr3Q\" dir=\"ltr\">\n<p class=\"CDt4Ke zfr3Q\" dir=\"ltr\"><span class=\" aw5Odc\"><a class=\"XqQF9c\" href=\"https:\/\/drive.google.com\/file\/d\/1TOXJ5jxuRRWSGs9Dxf_l6GE-fwWr7jKo\/view?usp=sharing\" target=\"_blank\" rel=\"noopener\"><strong>Calvo, Mar\u00eda Gabriela; Piccolo, Adriana Noem\u00ed<\/strong><\/a><\/span><span class=\" aw5Odc\"><a class=\"XqQF9c\" href=\"https:\/\/drive.google.com\/file\/d\/1TOXJ5jxuRRWSGs9Dxf_l6GE-fwWr7jKo\/view?usp=sharing\" target=\"_blank\" rel=\"noopener\"> | <\/a><\/span><a class=\"XqQF9c rXJpyf\" href=\"https:\/\/drive.google.com\/file\/d\/1TOXJ5jxuRRWSGs9Dxf_l6GE-fwWr7jKo\/view?usp=sharing\" target=\"_blank\" rel=\"noopener\">El derecho real de anticresis: tensi\u00f3n entre una garant\u00eda y una carga<\/a><\/p>\n<\/li>\n<li class=\"TYR86d wXCUfe zfr3Q\" dir=\"ltr\">\n<p class=\"CDt4Ke zfr3Q\" dir=\"ltr\"><span class=\" aw5Odc\"><a class=\"XqQF9c\" href=\"https:\/\/drive.google.com\/file\/d\/1hGtYYjMvvR2z1l9w8_n6blHuVsH0fo1O\/view?usp=sharing\" target=\"_blank\" rel=\"noopener\"><strong>Estrada,<\/strong><\/a><\/span> <span class=\" aw5Odc\"><a class=\"XqQF9c\" href=\"https:\/\/drive.google.com\/file\/d\/1hGtYYjMvvR2z1l9w8_n6blHuVsH0fo1O\/view?usp=sharing\" target=\"_blank\" rel=\"noopener\"><strong>Mar\u00eda Laura <\/strong><\/a><\/span><span class=\" aw5Odc\"><a class=\"XqQF9c\" href=\"https:\/\/drive.google.com\/file\/d\/1hGtYYjMvvR2z1l9w8_n6blHuVsH0fo1O\/view?usp=sharing\" target=\"_blank\" rel=\"noopener\">| <\/a><\/span><a class=\"XqQF9c rXJpyf\" href=\"https:\/\/drive.google.com\/file\/d\/1hGtYYjMvvR2z1l9w8_n6blHuVsH0fo1O\/view?usp=sharing\" target=\"_blank\" rel=\"noopener\">Precisiones sobre el derecho al olvido digital como derivaci\u00f3n de los derechos personal\u00edsimos en el ordenamiento jur\u00eddico argentino<\/a><\/p>\n<\/li>\n<li class=\"TYR86d wXCUfe zfr3Q\" dir=\"ltr\">\n<p class=\"CDt4Ke zfr3Q\" dir=\"ltr\"><span class=\" aw5Odc\"><a class=\"XqQF9c\" href=\"https:\/\/drive.google.com\/file\/d\/1ZKJH43uWDYXfYbgDepqhZncnX9XdL_55\/view?usp=sharing\" target=\"_blank\" rel=\"noopener\"><strong>Rodr\u00edguez, Mar\u00eda Laura; Torres, Sandra Milagros<\/strong><\/a><\/span><span class=\" aw5Odc\"><a class=\"XqQF9c\" href=\"https:\/\/drive.google.com\/file\/d\/1ZKJH43uWDYXfYbgDepqhZncnX9XdL_55\/view?usp=sharing\" target=\"_blank\" rel=\"noopener\"> | <\/a><\/span><a class=\"XqQF9c rXJpyf\" href=\"https:\/\/drive.google.com\/file\/d\/1ZKJH43uWDYXfYbgDepqhZncnX9XdL_55\/view?usp=sharing\" target=\"_blank\" rel=\"noopener\">Socioafectividad como par\u00e1metro y elemento en las causas judiciales<\/a><\/p>\n<\/li>\n<li class=\"TYR86d wXCUfe zfr3Q\" dir=\"ltr\">\n<p class=\"CDt4Ke zfr3Q\" dir=\"ltr\"><span class=\" aw5Odc\"><a class=\"XqQF9c\" href=\"https:\/\/drive.google.com\/file\/d\/1Lvz10ttiAtpA9AVvy6nF4vgafPVIh01Y\/view?usp=sharing\" target=\"_blank\" rel=\"noopener\"><strong>Alegre, Patricia Adriana<\/strong><\/a><\/span><span class=\" aw5Odc\"><a class=\"XqQF9c\" href=\"https:\/\/drive.google.com\/file\/d\/1Lvz10ttiAtpA9AVvy6nF4vgafPVIh01Y\/view?usp=sharing\" target=\"_blank\" rel=\"noopener\"> | <\/a><\/span><a class=\"XqQF9c rXJpyf\" href=\"https:\/\/drive.google.com\/file\/d\/1Lvz10ttiAtpA9AVvy6nF4vgafPVIh01Y\/view?usp=sharing\" target=\"_blank\" rel=\"noopener\">La funci\u00f3n preventiva del da\u00f1o en el derecho consumeril en \u00e9pocas de pandemia<\/a><\/p>\n<\/li>\n<\/ol>\n<p>&nbsp;<\/p>\n<h3><strong>Sobre las Jornadas<\/strong><\/h3>\n<p>Las Jornadas Nacionales de Derecho Civil se realizan, desde hace m\u00e1s de medio siglo, en diferentes sedes universitarias de la Argentina. Las primeras se llevaron a cabo en Santa Fe en el a\u00f1o 1963, a instancias del Instituto de Derecho Civil de la Facultad de Ciencias Jur\u00eddicas y Sociales de la Universidad Nacional del Litoral. Posteriormente se reiteraron cada dos a\u00f1os en forma pr\u00e1cticamente ininterrumpida. El an\u00e1lisis de los temas abordados y las conclusiones alcanzadas en cada una de sus ediciones anteriores da cuenta de una importancia y trascendencia que excede el mero \u00e1mbito acad\u00e9mico, en tanto han tenido, y contin\u00faan teniendo, clara influencia sobre nuestra legislaci\u00f3n.<\/p>\n<p>Para la presente edici\u00f3n se han dispuesto doce comisiones que abordar\u00e1n las siguientes ramas del Derecho civil: Parte General, Obligaciones, Da\u00f1os, Contratos, Derechos Reales, Derecho de Familia, Sucesiones, Derecho Internacional Privado, Transdisciplina, Ense\u00f1anza del Derecho y Derecho Romano.<\/p>\n<p>Adem\u00e1s, se han dispuesto tres conferencias centrales, el Dr. Ricardo Lorenzetti, disertar\u00e1 sobre Las nuevas tecnolog\u00edas y su impacto en el Derecho privado, la profesora francesa Dra. Soraya Amrani Mekki, cuya conferencia versar\u00e1 sobre el tema Justicia predictiva y el cierre magistral ser\u00e1 de la Dra. A\u00edda Kemelmajer de Carlucci cuya conferencia se titula La razonabilidad en el C\u00f3digo Civil y Comercial Argentino.<\/p>\n<p>A su vez, se dispone un espacio para el desarrollo de distintos paneles, que tratar\u00e1n las tem\u00e1ticas: Persona humana, capacidad y nuevas tecnolog\u00edas; Temas controvertidos en el Derecho de las obligaciones; Funci\u00f3n preventiva de la responsabilidad y nuevas tecnolog\u00edas; Novedades en el derecho del consumo; Contratos en la era digital; Desaf\u00edos de los derechos reales; Violencia econ\u00f3mica en las relaciones familiares; Temas pendientes en derecho sucesorio; Visi\u00f3n transdisciplinaria del impacto de las TIC en el Derecho privado; y la mesa redonda Derecho comparado del Siglo XXI.<\/p>\n<p>Los estudiantes tambi\u00e9n tiene su lugar; para ellos se ha organizado un concurso de monograf\u00edas sobre los diferentes ejes tem\u00e1ticos de las Comisiones.<\/p>\n","protected":false},"excerpt":{"rendered":"<p>Docentes y estudiantes de la FCEJS participan de las XXVIII Jornadas Nacionales de Derecho Civil, que se desarrollan del 22 al 24 de septiembre en&hellip;<\/p>\n","protected":false},"author":9,"featured_media":9343,"comment_status":"closed","ping_status":"closed","sticky":false,"template":"","format":"standard","meta":{"om_disable_all_campaigns":false,"_monsterinsights_skip_tracking":false,"_monsterinsights_sitenote_active":false,"_monsterinsights_sitenote_note":"","_monsterinsights_sitenote_category":0,"footnotes":""},"categories":[1],"tags":[],"class_list":["post-9342","post","type-post","status-publish","format-standard","has-post-thumbnail","hentry","category-noticias"],"yoast_head":"<!-- This site is optimized with the Yoast SEO plugin v27.5 - https:\/\/yoast.com\/product\/yoast-seo-wordpress\/ -->\n<title>La FCEJS presente en las XXVIII Jornadas Nacionales de Derecho Civil - Facultad de Ciencias Econ\u00f3micas, Jur\u00ed\u00addicas y Sociales<\/title>\n<meta name=\"robots\" content=\"index, follow, max-snippet:-1, max-image-preview:large, max-video-preview:-1\" \/>\n<link rel=\"canonical\" href=\"https:\/\/www.fcejs.unsl.edu.ar\/index.php\/la-fcejs-presente-en-las-xxviii-jornadas-nacionales-de-derecho-civil\/\" \/>\n<meta property=\"og:locale\" content=\"es_ES\" \/>\n<meta property=\"og:type\" content=\"article\" \/>\n<meta property=\"og:title\" content=\"La FCEJS presente en las XXVIII Jornadas Nacionales de Derecho Civil - Facultad de Ciencias Econ\u00f3micas, Jur\u00ed\u00addicas y Sociales\" \/>\n<meta property=\"og:description\" content=\"Docentes y estudiantes de la FCEJS participan de las XXVIII Jornadas Nacionales de Derecho Civil, que se desarrollan del 22 al 24 de septiembre en&hellip;\" \/>\n<meta property=\"og:url\" content=\"https:\/\/www.fcejs.unsl.edu.ar\/index.php\/la-fcejs-presente-en-las-xxviii-jornadas-nacionales-de-derecho-civil\/\" \/>\n<meta property=\"og:site_name\" content=\"Facultad de Ciencias Econ\u00f3micas, Jur\u00ed\u00addicas y Sociales\" \/>\n<meta property=\"article:publisher\" content=\"https:\/\/www.facebook.com\/FCEJS.UNSL\/\" \/>\n<meta property=\"article:published_time\" content=\"2022-09-22T15:17:03+00:00\" \/>\n<meta property=\"article:modified_time\" content=\"2022-09-22T17:36:08+00:00\" \/>\n<meta property=\"og:image\" content=\"https:\/\/www.fcejs.unsl.edu.ar\/wp-content\/uploads\/2022\/09\/congreso-mendoza.jpg\" \/>\n\t<meta property=\"og:image:width\" content=\"883\" \/>\n\t<meta property=\"og:image:height\" content=\"487\" \/>\n\t<meta property=\"og:image:type\" content=\"image\/jpeg\" \/>\n<meta name=\"author\" content=\"DATI\" \/>\n<meta name=\"twitter:card\" content=\"summary_large_image\" \/>\n<meta name=\"twitter:creator\" content=\"@FCEJSUNSL\" \/>\n<meta name=\"twitter:site\" content=\"@FCEJSUNSL\" \/>\n<meta name=\"twitter:label1\" content=\"Escrito por\" \/>\n\t<meta name=\"twitter:data1\" content=\"DATI\" \/>\n\t<meta name=\"twitter:label2\" content=\"Tiempo de lectura\" \/>\n\t<meta name=\"twitter:data2\" content=\"3 minutos\" \/>\n<script type=\"application\/ld+json\" class=\"yoast-schema-graph\">{\"@context\":\"https:\\\/\\\/schema.org\",\"@graph\":[{\"@type\":\"Article\",\"@id\":\"https:\\\/\\\/www.fcejs.unsl.edu.ar\\\/index.php\\\/la-fcejs-presente-en-las-xxviii-jornadas-nacionales-de-derecho-civil\\\/#article\",\"isPartOf\":{\"@id\":\"https:\\\/\\\/www.fcejs.unsl.edu.ar\\\/index.php\\\/la-fcejs-presente-en-las-xxviii-jornadas-nacionales-de-derecho-civil\\\/\"},\"author\":{\"name\":\"DATI\",\"@id\":\"https:\\\/\\\/www.fcejs.unsl.edu.ar\\\/#\\\/schema\\\/person\\\/352ee6ed90c3f394c7cb5945f8956d34\"},\"headline\":\"La FCEJS presente en las XXVIII Jornadas Nacionales de Derecho Civil\",\"datePublished\":\"2022-09-22T15:17:03+00:00\",\"dateModified\":\"2022-09-22T17:36:08+00:00\",\"mainEntityOfPage\":{\"@id\":\"https:\\\/\\\/www.fcejs.unsl.edu.ar\\\/index.php\\\/la-fcejs-presente-en-las-xxviii-jornadas-nacionales-de-derecho-civil\\\/\"},\"wordCount\":613,\"publisher\":{\"@id\":\"https:\\\/\\\/www.fcejs.unsl.edu.ar\\\/#organization\"},\"image\":{\"@id\":\"https:\\\/\\\/www.fcejs.unsl.edu.ar\\\/index.php\\\/la-fcejs-presente-en-las-xxviii-jornadas-nacionales-de-derecho-civil\\\/#primaryimage\"},\"thumbnailUrl\":\"https:\\\/\\\/www.fcejs.unsl.edu.ar\\\/wp-content\\\/uploads\\\/2022\\\/09\\\/congreso-mendoza.jpg\",\"articleSection\":[\"Noticias\"],\"inLanguage\":\"es-AR\"},{\"@type\":\"WebPage\",\"@id\":\"https:\\\/\\\/www.fcejs.unsl.edu.ar\\\/index.php\\\/la-fcejs-presente-en-las-xxviii-jornadas-nacionales-de-derecho-civil\\\/\",\"url\":\"https:\\\/\\\/www.fcejs.unsl.edu.ar\\\/index.php\\\/la-fcejs-presente-en-las-xxviii-jornadas-nacionales-de-derecho-civil\\\/\",\"name\":\"La FCEJS presente en las XXVIII Jornadas Nacionales de Derecho Civil - Facultad de Ciencias Econ\u00f3micas, Jur\u00ed\u00addicas y Sociales\",\"isPartOf\":{\"@id\":\"https:\\\/\\\/www.fcejs.unsl.edu.ar\\\/#website\"},\"primaryImageOfPage\":{\"@id\":\"https:\\\/\\\/www.fcejs.unsl.edu.ar\\\/index.php\\\/la-fcejs-presente-en-las-xxviii-jornadas-nacionales-de-derecho-civil\\\/#primaryimage\"},\"image\":{\"@id\":\"https:\\\/\\\/www.fcejs.unsl.edu.ar\\\/index.php\\\/la-fcejs-presente-en-las-xxviii-jornadas-nacionales-de-derecho-civil\\\/#primaryimage\"},\"thumbnailUrl\":\"https:\\\/\\\/www.fcejs.unsl.edu.ar\\\/wp-content\\\/uploads\\\/2022\\\/09\\\/congreso-mendoza.jpg\",\"datePublished\":\"2022-09-22T15:17:03+00:00\",\"dateModified\":\"2022-09-22T17:36:08+00:00\",\"breadcrumb\":{\"@id\":\"https:\\\/\\\/www.fcejs.unsl.edu.ar\\\/index.php\\\/la-fcejs-presente-en-las-xxviii-jornadas-nacionales-de-derecho-civil\\\/#breadcrumb\"},\"inLanguage\":\"es-AR\",\"potentialAction\":[{\"@type\":\"ReadAction\",\"target\":[\"https:\\\/\\\/www.fcejs.unsl.edu.ar\\\/index.php\\\/la-fcejs-presente-en-las-xxviii-jornadas-nacionales-de-derecho-civil\\\/\"]}]},{\"@type\":\"ImageObject\",\"inLanguage\":\"es-AR\",\"@id\":\"https:\\\/\\\/www.fcejs.unsl.edu.ar\\\/index.php\\\/la-fcejs-presente-en-las-xxviii-jornadas-nacionales-de-derecho-civil\\\/#primaryimage\",\"url\":\"https:\\\/\\\/www.fcejs.unsl.edu.ar\\\/wp-content\\\/uploads\\\/2022\\\/09\\\/congreso-mendoza.jpg\",\"contentUrl\":\"https:\\\/\\\/www.fcejs.unsl.edu.ar\\\/wp-content\\\/uploads\\\/2022\\\/09\\\/congreso-mendoza.jpg\",\"width\":883,\"height\":487},{\"@type\":\"BreadcrumbList\",\"@id\":\"https:\\\/\\\/www.fcejs.unsl.edu.ar\\\/index.php\\\/la-fcejs-presente-en-las-xxviii-jornadas-nacionales-de-derecho-civil\\\/#breadcrumb\",\"itemListElement\":[{\"@type\":\"ListItem\",\"position\":1,\"name\":\"Inicio\",\"item\":\"https:\\\/\\\/www.fcejs.unsl.edu.ar\\\/\"},{\"@type\":\"ListItem\",\"position\":2,\"name\":\"La FCEJS presente en las XXVIII Jornadas Nacionales de Derecho Civil\"}]},{\"@type\":\"WebSite\",\"@id\":\"https:\\\/\\\/www.fcejs.unsl.edu.ar\\\/#website\",\"url\":\"https:\\\/\\\/www.fcejs.unsl.edu.ar\\\/\",\"name\":\"Facultad de Ciencias Econ\u00f3micas, Jur\u00ed\u00addicas y Sociales\",\"description\":\"\",\"publisher\":{\"@id\":\"https:\\\/\\\/www.fcejs.unsl.edu.ar\\\/#organization\"},\"potentialAction\":[{\"@type\":\"SearchAction\",\"target\":{\"@type\":\"EntryPoint\",\"urlTemplate\":\"https:\\\/\\\/www.fcejs.unsl.edu.ar\\\/?s={search_term_string}\"},\"query-input\":{\"@type\":\"PropertyValueSpecification\",\"valueRequired\":true,\"valueName\":\"search_term_string\"}}],\"inLanguage\":\"es-AR\"},{\"@type\":\"Organization\",\"@id\":\"https:\\\/\\\/www.fcejs.unsl.edu.ar\\\/#organization\",\"name\":\"Facultad de Ciencias Econ\u00f3micas, Jur\u00eddicas y Sociales\",\"url\":\"https:\\\/\\\/www.fcejs.unsl.edu.ar\\\/\",\"logo\":{\"@type\":\"ImageObject\",\"inLanguage\":\"es-AR\",\"@id\":\"https:\\\/\\\/www.fcejs.unsl.edu.ar\\\/#\\\/schema\\\/logo\\\/image\\\/\",\"url\":\"https:\\\/\\\/www.fcejs.unsl.edu.ar\\\/wp-content\\\/uploads\\\/2021\\\/03\\\/logo-1.jpg\",\"contentUrl\":\"https:\\\/\\\/www.fcejs.unsl.edu.ar\\\/wp-content\\\/uploads\\\/2021\\\/03\\\/logo-1.jpg\",\"width\":471,\"height\":146,\"caption\":\"Facultad de Ciencias Econ\u00f3micas, Jur\u00eddicas y Sociales\"},\"image\":{\"@id\":\"https:\\\/\\\/www.fcejs.unsl.edu.ar\\\/#\\\/schema\\\/logo\\\/image\\\/\"},\"sameAs\":[\"https:\\\/\\\/www.facebook.com\\\/FCEJS.UNSL\\\/\",\"https:\\\/\\\/x.com\\\/FCEJSUNSL\",\"https:\\\/\\\/www.instagram.com\\\/fcejs.unsl\\\/\",\"https:\\\/\\\/www.youtube.com\\\/channel\\\/UCH-Ut6EaN_X5ogjIQMPe46g\\\/\"]},{\"@type\":\"Person\",\"@id\":\"https:\\\/\\\/www.fcejs.unsl.edu.ar\\\/#\\\/schema\\\/person\\\/352ee6ed90c3f394c7cb5945f8956d34\",\"name\":\"DATI\"}]}<\/script>\n<!-- \/ Yoast SEO plugin. -->","yoast_head_json":{"title":"La FCEJS presente en las XXVIII Jornadas Nacionales de Derecho Civil - Facultad de Ciencias Econ\u00f3micas, Jur\u00ed\u00addicas y Sociales","robots":{"index":"index","follow":"follow","max-snippet":"max-snippet:-1","max-image-preview":"max-image-preview:large","max-video-preview":"max-video-preview:-1"},"canonical":"https:\/\/www.fcejs.unsl.edu.ar\/index.php\/la-fcejs-presente-en-las-xxviii-jornadas-nacionales-de-derecho-civil\/","og_locale":"es_ES","og_type":"article","og_title":"La FCEJS presente en las XXVIII Jornadas Nacionales de Derecho Civil - Facultad de Ciencias Econ\u00f3micas, Jur\u00ed\u00addicas y Sociales","og_description":"Docentes y estudiantes de la FCEJS participan de las XXVIII Jornadas Nacionales de Derecho Civil, que se desarrollan del 22 al 24 de septiembre en&hellip;","og_url":"https:\/\/www.fcejs.unsl.edu.ar\/index.php\/la-fcejs-presente-en-las-xxviii-jornadas-nacionales-de-derecho-civil\/","og_site_name":"Facultad de Ciencias Econ\u00f3micas, Jur\u00ed\u00addicas y Sociales","article_publisher":"https:\/\/www.facebook.com\/FCEJS.UNSL\/","article_published_time":"2022-09-22T15:17:03+00:00","article_modified_time":"2022-09-22T17:36:08+00:00","og_image":[{"width":883,"height":487,"url":"https:\/\/www.fcejs.unsl.edu.ar\/wp-content\/uploads\/2022\/09\/congreso-mendoza.jpg","type":"image\/jpeg"}],"author":"DATI","twitter_card":"summary_large_image","twitter_creator":"@FCEJSUNSL","twitter_site":"@FCEJSUNSL","twitter_misc":{"Escrito por":"DATI","Tiempo de lectura":"3 minutos"},"schema":{"@context":"https:\/\/schema.org","@graph":[{"@type":"Article","@id":"https:\/\/www.fcejs.unsl.edu.ar\/index.php\/la-fcejs-presente-en-las-xxviii-jornadas-nacionales-de-derecho-civil\/#article","isPartOf":{"@id":"https:\/\/www.fcejs.unsl.edu.ar\/index.php\/la-fcejs-presente-en-las-xxviii-jornadas-nacionales-de-derecho-civil\/"},"author":{"name":"DATI","@id":"https:\/\/www.fcejs.unsl.edu.ar\/#\/schema\/person\/352ee6ed90c3f394c7cb5945f8956d34"},"headline":"La FCEJS presente en las XXVIII Jornadas Nacionales de Derecho Civil","datePublished":"2022-09-22T15:17:03+00:00","dateModified":"2022-09-22T17:36:08+00:00","mainEntityOfPage":{"@id":"https:\/\/www.fcejs.unsl.edu.ar\/index.php\/la-fcejs-presente-en-las-xxviii-jornadas-nacionales-de-derecho-civil\/"},"wordCount":613,"publisher":{"@id":"https:\/\/www.fcejs.unsl.edu.ar\/#organization"},"image":{"@id":"https:\/\/www.fcejs.unsl.edu.ar\/index.php\/la-fcejs-presente-en-las-xxviii-jornadas-nacionales-de-derecho-civil\/#primaryimage"},"thumbnailUrl":"https:\/\/www.fcejs.unsl.edu.ar\/wp-content\/uploads\/2022\/09\/congreso-mendoza.jpg","articleSection":["Noticias"],"inLanguage":"es-AR"},{"@type":"WebPage","@id":"https:\/\/www.fcejs.unsl.edu.ar\/index.php\/la-fcejs-presente-en-las-xxviii-jornadas-nacionales-de-derecho-civil\/","url":"https:\/\/www.fcejs.unsl.edu.ar\/index.php\/la-fcejs-presente-en-las-xxviii-jornadas-nacionales-de-derecho-civil\/","name":"La FCEJS presente en las XXVIII Jornadas Nacionales de Derecho Civil - Facultad de Ciencias Econ\u00f3micas, Jur\u00ed\u00addicas y Sociales","isPartOf":{"@id":"https:\/\/www.fcejs.unsl.edu.ar\/#website"},"primaryImageOfPage":{"@id":"https:\/\/www.fcejs.unsl.edu.ar\/index.php\/la-fcejs-presente-en-las-xxviii-jornadas-nacionales-de-derecho-civil\/#primaryimage"},"image":{"@id":"https:\/\/www.fcejs.unsl.edu.ar\/index.php\/la-fcejs-presente-en-las-xxviii-jornadas-nacionales-de-derecho-civil\/#primaryimage"},"thumbnailUrl":"https:\/\/www.fcejs.unsl.edu.ar\/wp-content\/uploads\/2022\/09\/congreso-mendoza.jpg","datePublished":"2022-09-22T15:17:03+00:00","dateModified":"2022-09-22T17:36:08+00:00","breadcrumb":{"@id":"https:\/\/www.fcejs.unsl.edu.ar\/index.php\/la-fcejs-presente-en-las-xxviii-jornadas-nacionales-de-derecho-civil\/#breadcrumb"},"inLanguage":"es-AR","potentialAction":[{"@type":"ReadAction","target":["https:\/\/www.fcejs.unsl.edu.ar\/index.php\/la-fcejs-presente-en-las-xxviii-jornadas-nacionales-de-derecho-civil\/"]}]},{"@type":"ImageObject","inLanguage":"es-AR","@id":"https:\/\/www.fcejs.unsl.edu.ar\/index.php\/la-fcejs-presente-en-las-xxviii-jornadas-nacionales-de-derecho-civil\/#primaryimage","url":"https:\/\/www.fcejs.unsl.edu.ar\/wp-content\/uploads\/2022\/09\/congreso-mendoza.jpg","contentUrl":"https:\/\/www.fcejs.unsl.edu.ar\/wp-content\/uploads\/2022\/09\/congreso-mendoza.jpg","width":883,"height":487},{"@type":"BreadcrumbList","@id":"https:\/\/www.fcejs.unsl.edu.ar\/index.php\/la-fcejs-presente-en-las-xxviii-jornadas-nacionales-de-derecho-civil\/#breadcrumb","itemListElement":[{"@type":"ListItem","position":1,"name":"Inicio","item":"https:\/\/www.fcejs.unsl.edu.ar\/"},{"@type":"ListItem","position":2,"name":"La FCEJS presente en las XXVIII Jornadas Nacionales de Derecho Civil"}]},{"@type":"WebSite","@id":"https:\/\/www.fcejs.unsl.edu.ar\/#website","url":"https:\/\/www.fcejs.unsl.edu.ar\/","name":"Facultad de Ciencias Econ\u00f3micas, Jur\u00ed\u00addicas y Sociales","description":"","publisher":{"@id":"https:\/\/www.fcejs.unsl.edu.ar\/#organization"},"potentialAction":[{"@type":"SearchAction","target":{"@type":"EntryPoint","urlTemplate":"https:\/\/www.fcejs.unsl.edu.ar\/?s={search_term_string}"},"query-input":{"@type":"PropertyValueSpecification","valueRequired":true,"valueName":"search_term_string"}}],"inLanguage":"es-AR"},{"@type":"Organization","@id":"https:\/\/www.fcejs.unsl.edu.ar\/#organization","name":"Facultad de Ciencias Econ\u00f3micas, Jur\u00eddicas y Sociales","url":"https:\/\/www.fcejs.unsl.edu.ar\/","logo":{"@type":"ImageObject","inLanguage":"es-AR","@id":"https:\/\/www.fcejs.unsl.edu.ar\/#\/schema\/logo\/image\/","url":"https:\/\/www.fcejs.unsl.edu.ar\/wp-content\/uploads\/2021\/03\/logo-1.jpg","contentUrl":"https:\/\/www.fcejs.unsl.edu.ar\/wp-content\/uploads\/2021\/03\/logo-1.jpg","width":471,"height":146,"caption":"Facultad de Ciencias Econ\u00f3micas, Jur\u00eddicas y Sociales"},"image":{"@id":"https:\/\/www.fcejs.unsl.edu.ar\/#\/schema\/logo\/image\/"},"sameAs":["https:\/\/www.facebook.com\/FCEJS.UNSL\/","https:\/\/x.com\/FCEJSUNSL","https:\/\/www.instagram.com\/fcejs.unsl\/","https:\/\/www.youtube.com\/channel\/UCH-Ut6EaN_X5ogjIQMPe46g\/"]},{"@type":"Person","@id":"https:\/\/www.fcejs.unsl.edu.ar\/#\/schema\/person\/352ee6ed90c3f394c7cb5945f8956d34","name":"DATI"}]}},"jetpack_featured_media_url":"https:\/\/www.fcejs.unsl.edu.ar\/wp-content\/uploads\/2022\/09\/congreso-mendoza.jpg","_links":{"self":[{"href":"https:\/\/www.fcejs.unsl.edu.ar\/index.php\/wp-json\/wp\/v2\/posts\/9342","targetHints":{"allow":["GET"]}}],"collection":[{"href":"https:\/\/www.fcejs.unsl.edu.ar\/index.php\/wp-json\/wp\/v2\/posts"}],"about":[{"href":"https:\/\/www.fcejs.unsl.edu.ar\/index.php\/wp-json\/wp\/v2\/types\/post"}],"author":[{"embeddable":true,"href":"https:\/\/www.fcejs.unsl.edu.ar\/index.php\/wp-json\/wp\/v2\/users\/9"}],"replies":[{"embeddable":true,"href":"https:\/\/www.fcejs.unsl.edu.ar\/index.php\/wp-json\/wp\/v2\/comments?post=9342"}],"version-history":[{"count":3,"href":"https:\/\/www.fcejs.unsl.edu.ar\/index.php\/wp-json\/wp\/v2\/posts\/9342\/revisions"}],"predecessor-version":[{"id":9347,"href":"https:\/\/www.fcejs.unsl.edu.ar\/index.php\/wp-json\/wp\/v2\/posts\/9342\/revisions\/9347"}],"wp:featuredmedia":[{"embeddable":true,"href":"https:\/\/www.fcejs.unsl.edu.ar\/index.php\/wp-json\/wp\/v2\/media\/9343"}],"wp:attachment":[{"href":"https:\/\/www.fcejs.unsl.edu.ar\/index.php\/wp-json\/wp\/v2\/media?parent=9342"}],"wp:term":[{"taxonomy":"category","embeddable":true,"href":"https:\/\/www.fcejs.unsl.edu.ar\/index.php\/wp-json\/wp\/v2\/categories?post=9342"},{"taxonomy":"post_tag","embeddable":true,"href":"https:\/\/www.fcejs.unsl.edu.ar\/index.php\/wp-json\/wp\/v2\/tags?post=9342"}],"curies":[{"name":"wp","href":"https:\/\/api.w.org\/{rel}","templated":true}]}}