{"id":9238,"date":"2022-09-16T11:22:48","date_gmt":"2022-09-16T14:22:48","guid":{"rendered":"http:\/\/10.101.10.197\/www\/?p=9238"},"modified":"2022-09-17T19:34:43","modified_gmt":"2022-09-17T22:34:43","slug":"marcelo-casabene-me-he-sentido-muy-honrado-por-esta-oportunidad-que-me-dio-la-comunidad-universitaria","status":"publish","type":"post","link":"https:\/\/www.fcejs.unsl.edu.ar\/index.php\/marcelo-casabene-me-he-sentido-muy-honrado-por-esta-oportunidad-que-me-dio-la-comunidad-universitaria\/","title":{"rendered":"Marcelo Casabene: \u201cMe he sentido muy honrado por esta oportunidad que me dio la comunidad universitaria\u201d"},"content":{"rendered":"<p>El decano de la Facultad de Ciencias Econ\u00f3micas, Jur\u00eddicas y Sociales, Marcelo Casabene, culmina este viernes 16 de septiembre de 2022, su funci\u00f3n en el cargo para retomar a pleno su actividad docente en la facultad. Culmina una etapa a la que califica como una \u201cgran experiencia\u201d, pero principalmente una valiosa oportunidad que le dio la comunidad universitaria.<\/p>\n<p>\u201cMe he sentido honrado por esta posibilidad que me dio la comunidad universitaria de haber ejercido el cargo de decano de la FCEJS de la Universidad Nacional de San Luis, la m\u00e1s antigua de la provincia, que el a\u00f1o que viene cumplir\u00e1 50 a\u00f1os. Ha sido una importante experiencia de la que me llevo grandes satisfacciones\u201d, coment\u00f3.<\/p>\n<p>A punto de culminar sus tres a\u00f1os de funci\u00f3n, de contacto permanente con integrantes de la comunidad de la facultad, Casabene se prepara para volver a ejercer a pleno la docencia, una actividad que, por otra parte, nunca dej\u00f3 de lado. \u201cSin duda se va a extra\u00f1ar el roce diario con la gente, la labor cotidiana a la que me hab\u00eda habituado. Pero me voy satisfecho de la gesti\u00f3n, pese a muchas cosas que no pudimos hacer o que llevaron m\u00e1s tiempo del que hubi\u00e9ramos deseado\u201d, se\u00f1al\u00f3.<\/p>\n<p>Entre las dificultades que atraves\u00f3 la gesti\u00f3n, la pandemia marc\u00f3 a fuego m\u00e1s de la mitad de la etapa: \u201cfueron dos a\u00f1os muy duros, con obst\u00e1culos para la vida en general y para el \u00e1mbito acad\u00e9mico en particular, con situaciones dif\u00edciles de sortear. Hoy, por suerte, estamos ya con la ansiada normalidad\u201d.<\/p>\n<p>En el medio de la pandemia, \u201cla universidad sigui\u00f3 desarrollando sus actividades esenciales, tanto en la Educaci\u00f3n, como en Extensi\u00f3n e Investigaci\u00f3n. Tal vez con menor intensidad en algunos aspectos\u201d.<\/p>\n<p><strong>Logros acad\u00e9micos. <\/strong>Con todo, Casabene destac\u00f3 algunos de los logros acad\u00e9micos durante su gesti\u00f3n en la FCEJS. En primer lugar, el acompa\u00f1amiento a los estudiantes para las necesarias clases virtuales. \u201cLos docentes no est\u00e1bamos preparados para la virtualidad, lo mismo que los estudiantes, en ese aspecto creo hubo que superar grandes dificultades\u201d.<\/p>\n<p>\u201cComo resumen, pudimos mantener la actividad en lo acad\u00e9mico e, incluso, se ampliaron carreras de grado y posgrado\u201d, a\u00f1adi\u00f3.<\/p>\n<p>En cuanto a las ofertas de grado, mencion\u00f3 la primera carrera de la UNSL \u201carmada de manera conjunta con otra unidad acad\u00e9mica, la Facultad de Ciencias F\u00edsico Matem\u00e1ticas y Naturales. Es una licenciatura en An\u00e1lisis y Gesti\u00f3n de Datos, a distancia. Se tuvo en cuenta la importante demanda para la formaci\u00f3n de profesionales; la factibilidad del Consejo Superior; y, ahora, estamos a la espera de la aprobaci\u00f3n por parte del Ministerio de Educaci\u00f3n de la Naci\u00f3n. Ambas facultades se encuentran trabajando para que en el 1\u00b0 cuatrimestre de 2023 se comience a dictar\u201d.<\/p>\n<p>Adelant\u00f3 que se ha creado el ciclo complementario curricular \u201cpara llevar la tecnicatura en Acompa\u00f1ante Terap\u00e9utico a Licenciatura. Esta carrera ha tenido mucha aceptaci\u00f3n, pero es un t\u00edtulo intermedio. Por eso, se trabaj\u00f3 para que sea una carrera de grado\u201d.<\/p>\n<p><strong>Posgrado y Extensi\u00f3n. <\/strong>En el \u00e1mbito de Posgrado, se crearon dos carreras bajo la modalidad del dictado a distancia. Tambi\u00e9n los proyectos de investigaci\u00f3n \u201chan estado bastante activos, incluso durante la pandemia\u201d y en cuanto a Extensi\u00f3n \u201cse procur\u00f3 reforzar el v\u00ednculo con la comunidad\u201d. Sobre este \u00faltimo aspecto, mencion\u00f3 creaci\u00f3n de la Diplomatura de Econom\u00eda Social, Solidaria y Comunitaria, en conjunto con la Municipalidad. \u201cEsta capacitaci\u00f3n se dict\u00f3 a emprendedores de San Luis con un buen n\u00famero de participantes\u201d.<\/p>\n<p>\u201cSe est\u00e1 dictando ahora -y ser\u00e1 declarada de inter\u00e9s por parte del Concejo Deliberante- la Diplomatura en Acceso a Derecho y Estudio Medio Ambientales\u2026\u201d, agreg\u00f3.<\/p>\n<p>\u201cPor todos estos logros que he tratado de sintetizar me siento muy satisfecho porque significan mejoras para la facultad y la ciudad; para que nuestros j\u00f3venes tengan m\u00e1s posibilidades de estudiar en nuestra provincia\u201d, resalt\u00f3.<\/p>\n<p><strong>Nodocentes y docentes. <\/strong>Por \u00faltimo, Casabene agradeci\u00f3 el apoyo de los nodocentes y los docentes: \u201ces cierto que las relaciones son dif\u00edciles, que siempre generan las mayores dificultades, pero tambi\u00e9n en este aspecto me llevo una satisfacci\u00f3n inmensa, ya que he mantenido una excelente relaci\u00f3n. Entiendo que primero est\u00e1 la valoraci\u00f3n de las personas y despu\u00e9s el trabajo y el servicio. Me voy muy agradecido por el apoyo, especialmente del personal nodocente, de todas las \u00e1reas en general\u201d, al tiempo que dej\u00f3 un mensaje especial para el personal de la Radio de la UNSL en Villa Mercedes: \u201cSaben que ha sido mi gran preocupaci\u00f3n para que tuvieran el lugar que se merecen. Creo haber logrado mucho para que est\u00e9n mejor, como tambi\u00e9n para que avanzar en la infraestructura y el equipamiento\u201d.<\/p>\n<p>&nbsp;<\/p>\n<p><strong>Nota: Jos\u00e9 Luis Baigorria<\/strong><\/p>\n","protected":false},"excerpt":{"rendered":"<p>El decano de la Facultad de Ciencias Econ\u00f3micas, Jur\u00eddicas y Sociales, Marcelo Casabene, culmina este viernes 16 de septiembre de 2022, su funci\u00f3n en el&hellip;<\/p>\n","protected":false},"author":9,"featured_media":9239,"comment_status":"closed","ping_status":"closed","sticky":false,"template":"","format":"standard","meta":{"om_disable_all_campaigns":false,"_monsterinsights_skip_tracking":false,"_monsterinsights_sitenote_active":false,"_monsterinsights_sitenote_note":"","_monsterinsights_sitenote_category":0,"footnotes":""},"categories":[1],"tags":[],"class_list":["post-9238","post","type-post","status-publish","format-standard","has-post-thumbnail","hentry","category-noticias"],"yoast_head":"<!-- This site is optimized with the Yoast SEO plugin v27.5 - https:\/\/yoast.com\/product\/yoast-seo-wordpress\/ -->\n<title>Marcelo Casabene: \u201cMe he sentido muy honrado por esta oportunidad que me dio la comunidad universitaria\u201d - Facultad de Ciencias Econ\u00f3micas, Jur\u00ed\u00addicas y Sociales<\/title>\n<meta name=\"robots\" content=\"index, follow, max-snippet:-1, max-image-preview:large, max-video-preview:-1\" \/>\n<link rel=\"canonical\" href=\"https:\/\/www.fcejs.unsl.edu.ar\/index.php\/marcelo-casabene-me-he-sentido-muy-honrado-por-esta-oportunidad-que-me-dio-la-comunidad-universitaria\/\" \/>\n<meta property=\"og:locale\" content=\"es_ES\" \/>\n<meta property=\"og:type\" content=\"article\" \/>\n<meta property=\"og:title\" content=\"Marcelo Casabene: \u201cMe he sentido muy honrado por esta oportunidad que me dio la comunidad universitaria\u201d - Facultad de Ciencias Econ\u00f3micas, Jur\u00ed\u00addicas y Sociales\" \/>\n<meta property=\"og:description\" content=\"El decano de la Facultad de Ciencias Econ\u00f3micas, Jur\u00eddicas y Sociales, Marcelo Casabene, culmina este viernes 16 de septiembre de 2022, su funci\u00f3n en el&hellip;\" \/>\n<meta property=\"og:url\" content=\"https:\/\/www.fcejs.unsl.edu.ar\/index.php\/marcelo-casabene-me-he-sentido-muy-honrado-por-esta-oportunidad-que-me-dio-la-comunidad-universitaria\/\" \/>\n<meta property=\"og:site_name\" content=\"Facultad de Ciencias Econ\u00f3micas, Jur\u00ed\u00addicas y Sociales\" \/>\n<meta property=\"article:publisher\" content=\"https:\/\/www.facebook.com\/FCEJS.UNSL\/\" \/>\n<meta property=\"article:published_time\" content=\"2022-09-16T14:22:48+00:00\" \/>\n<meta property=\"article:modified_time\" content=\"2022-09-17T22:34:43+00:00\" \/>\n<meta property=\"og:image\" content=\"https:\/\/www.fcejs.unsl.edu.ar\/wp-content\/uploads\/2022\/09\/casabene-front.jpg\" \/>\n\t<meta property=\"og:image:width\" content=\"1152\" \/>\n\t<meta property=\"og:image:height\" content=\"647\" \/>\n\t<meta property=\"og:image:type\" content=\"image\/jpeg\" \/>\n<meta name=\"author\" content=\"DATI\" \/>\n<meta name=\"twitter:card\" content=\"summary_large_image\" \/>\n<meta name=\"twitter:creator\" content=\"@FCEJSUNSL\" \/>\n<meta name=\"twitter:site\" content=\"@FCEJSUNSL\" \/>\n<meta name=\"twitter:label1\" content=\"Escrito por\" \/>\n\t<meta name=\"twitter:data1\" content=\"DATI\" \/>\n\t<meta name=\"twitter:label2\" content=\"Tiempo de lectura\" \/>\n\t<meta name=\"twitter:data2\" content=\"4 minutos\" \/>\n<script type=\"application\/ld+json\" class=\"yoast-schema-graph\">{\"@context\":\"https:\\\/\\\/schema.org\",\"@graph\":[{\"@type\":\"Article\",\"@id\":\"https:\\\/\\\/www.fcejs.unsl.edu.ar\\\/index.php\\\/marcelo-casabene-me-he-sentido-muy-honrado-por-esta-oportunidad-que-me-dio-la-comunidad-universitaria\\\/#article\",\"isPartOf\":{\"@id\":\"https:\\\/\\\/www.fcejs.unsl.edu.ar\\\/index.php\\\/marcelo-casabene-me-he-sentido-muy-honrado-por-esta-oportunidad-que-me-dio-la-comunidad-universitaria\\\/\"},\"author\":{\"name\":\"DATI\",\"@id\":\"https:\\\/\\\/www.fcejs.unsl.edu.ar\\\/#\\\/schema\\\/person\\\/352ee6ed90c3f394c7cb5945f8956d34\"},\"headline\":\"Marcelo Casabene: \u201cMe he sentido muy honrado por esta oportunidad que me dio la comunidad universitaria\u201d\",\"datePublished\":\"2022-09-16T14:22:48+00:00\",\"dateModified\":\"2022-09-17T22:34:43+00:00\",\"mainEntityOfPage\":{\"@id\":\"https:\\\/\\\/www.fcejs.unsl.edu.ar\\\/index.php\\\/marcelo-casabene-me-he-sentido-muy-honrado-por-esta-oportunidad-que-me-dio-la-comunidad-universitaria\\\/\"},\"wordCount\":839,\"publisher\":{\"@id\":\"https:\\\/\\\/www.fcejs.unsl.edu.ar\\\/#organization\"},\"image\":{\"@id\":\"https:\\\/\\\/www.fcejs.unsl.edu.ar\\\/index.php\\\/marcelo-casabene-me-he-sentido-muy-honrado-por-esta-oportunidad-que-me-dio-la-comunidad-universitaria\\\/#primaryimage\"},\"thumbnailUrl\":\"https:\\\/\\\/www.fcejs.unsl.edu.ar\\\/wp-content\\\/uploads\\\/2022\\\/09\\\/casabene-front.jpg\",\"articleSection\":[\"Noticias\"],\"inLanguage\":\"es-AR\"},{\"@type\":\"WebPage\",\"@id\":\"https:\\\/\\\/www.fcejs.unsl.edu.ar\\\/index.php\\\/marcelo-casabene-me-he-sentido-muy-honrado-por-esta-oportunidad-que-me-dio-la-comunidad-universitaria\\\/\",\"url\":\"https:\\\/\\\/www.fcejs.unsl.edu.ar\\\/index.php\\\/marcelo-casabene-me-he-sentido-muy-honrado-por-esta-oportunidad-que-me-dio-la-comunidad-universitaria\\\/\",\"name\":\"Marcelo Casabene: \u201cMe he sentido muy honrado por esta oportunidad que me dio la comunidad universitaria\u201d - Facultad de Ciencias Econ\u00f3micas, Jur\u00ed\u00addicas y Sociales\",\"isPartOf\":{\"@id\":\"https:\\\/\\\/www.fcejs.unsl.edu.ar\\\/#website\"},\"primaryImageOfPage\":{\"@id\":\"https:\\\/\\\/www.fcejs.unsl.edu.ar\\\/index.php\\\/marcelo-casabene-me-he-sentido-muy-honrado-por-esta-oportunidad-que-me-dio-la-comunidad-universitaria\\\/#primaryimage\"},\"image\":{\"@id\":\"https:\\\/\\\/www.fcejs.unsl.edu.ar\\\/index.php\\\/marcelo-casabene-me-he-sentido-muy-honrado-por-esta-oportunidad-que-me-dio-la-comunidad-universitaria\\\/#primaryimage\"},\"thumbnailUrl\":\"https:\\\/\\\/www.fcejs.unsl.edu.ar\\\/wp-content\\\/uploads\\\/2022\\\/09\\\/casabene-front.jpg\",\"datePublished\":\"2022-09-16T14:22:48+00:00\",\"dateModified\":\"2022-09-17T22:34:43+00:00\",\"breadcrumb\":{\"@id\":\"https:\\\/\\\/www.fcejs.unsl.edu.ar\\\/index.php\\\/marcelo-casabene-me-he-sentido-muy-honrado-por-esta-oportunidad-que-me-dio-la-comunidad-universitaria\\\/#breadcrumb\"},\"inLanguage\":\"es-AR\",\"potentialAction\":[{\"@type\":\"ReadAction\",\"target\":[\"https:\\\/\\\/www.fcejs.unsl.edu.ar\\\/index.php\\\/marcelo-casabene-me-he-sentido-muy-honrado-por-esta-oportunidad-que-me-dio-la-comunidad-universitaria\\\/\"]}]},{\"@type\":\"ImageObject\",\"inLanguage\":\"es-AR\",\"@id\":\"https:\\\/\\\/www.fcejs.unsl.edu.ar\\\/index.php\\\/marcelo-casabene-me-he-sentido-muy-honrado-por-esta-oportunidad-que-me-dio-la-comunidad-universitaria\\\/#primaryimage\",\"url\":\"https:\\\/\\\/www.fcejs.unsl.edu.ar\\\/wp-content\\\/uploads\\\/2022\\\/09\\\/casabene-front.jpg\",\"contentUrl\":\"https:\\\/\\\/www.fcejs.unsl.edu.ar\\\/wp-content\\\/uploads\\\/2022\\\/09\\\/casabene-front.jpg\",\"width\":1152,\"height\":647},{\"@type\":\"BreadcrumbList\",\"@id\":\"https:\\\/\\\/www.fcejs.unsl.edu.ar\\\/index.php\\\/marcelo-casabene-me-he-sentido-muy-honrado-por-esta-oportunidad-que-me-dio-la-comunidad-universitaria\\\/#breadcrumb\",\"itemListElement\":[{\"@type\":\"ListItem\",\"position\":1,\"name\":\"Inicio\",\"item\":\"https:\\\/\\\/www.fcejs.unsl.edu.ar\\\/\"},{\"@type\":\"ListItem\",\"position\":2,\"name\":\"Marcelo Casabene: \u201cMe he sentido muy honrado por esta oportunidad que me dio la comunidad universitaria\u201d\"}]},{\"@type\":\"WebSite\",\"@id\":\"https:\\\/\\\/www.fcejs.unsl.edu.ar\\\/#website\",\"url\":\"https:\\\/\\\/www.fcejs.unsl.edu.ar\\\/\",\"name\":\"Facultad de Ciencias Econ\u00f3micas, Jur\u00ed\u00addicas y Sociales\",\"description\":\"\",\"publisher\":{\"@id\":\"https:\\\/\\\/www.fcejs.unsl.edu.ar\\\/#organization\"},\"potentialAction\":[{\"@type\":\"SearchAction\",\"target\":{\"@type\":\"EntryPoint\",\"urlTemplate\":\"https:\\\/\\\/www.fcejs.unsl.edu.ar\\\/?s={search_term_string}\"},\"query-input\":{\"@type\":\"PropertyValueSpecification\",\"valueRequired\":true,\"valueName\":\"search_term_string\"}}],\"inLanguage\":\"es-AR\"},{\"@type\":\"Organization\",\"@id\":\"https:\\\/\\\/www.fcejs.unsl.edu.ar\\\/#organization\",\"name\":\"Facultad de Ciencias Econ\u00f3micas, Jur\u00eddicas y Sociales\",\"url\":\"https:\\\/\\\/www.fcejs.unsl.edu.ar\\\/\",\"logo\":{\"@type\":\"ImageObject\",\"inLanguage\":\"es-AR\",\"@id\":\"https:\\\/\\\/www.fcejs.unsl.edu.ar\\\/#\\\/schema\\\/logo\\\/image\\\/\",\"url\":\"https:\\\/\\\/www.fcejs.unsl.edu.ar\\\/wp-content\\\/uploads\\\/2021\\\/03\\\/logo-1.jpg\",\"contentUrl\":\"https:\\\/\\\/www.fcejs.unsl.edu.ar\\\/wp-content\\\/uploads\\\/2021\\\/03\\\/logo-1.jpg\",\"width\":471,\"height\":146,\"caption\":\"Facultad de Ciencias Econ\u00f3micas, Jur\u00eddicas y Sociales\"},\"image\":{\"@id\":\"https:\\\/\\\/www.fcejs.unsl.edu.ar\\\/#\\\/schema\\\/logo\\\/image\\\/\"},\"sameAs\":[\"https:\\\/\\\/www.facebook.com\\\/FCEJS.UNSL\\\/\",\"https:\\\/\\\/x.com\\\/FCEJSUNSL\",\"https:\\\/\\\/www.instagram.com\\\/fcejs.unsl\\\/\",\"https:\\\/\\\/www.youtube.com\\\/channel\\\/UCH-Ut6EaN_X5ogjIQMPe46g\\\/\"]},{\"@type\":\"Person\",\"@id\":\"https:\\\/\\\/www.fcejs.unsl.edu.ar\\\/#\\\/schema\\\/person\\\/352ee6ed90c3f394c7cb5945f8956d34\",\"name\":\"DATI\"}]}<\/script>\n<!-- \/ Yoast SEO plugin. -->","yoast_head_json":{"title":"Marcelo Casabene: \u201cMe he sentido muy honrado por esta oportunidad que me dio la comunidad universitaria\u201d - Facultad de Ciencias Econ\u00f3micas, Jur\u00ed\u00addicas y Sociales","robots":{"index":"index","follow":"follow","max-snippet":"max-snippet:-1","max-image-preview":"max-image-preview:large","max-video-preview":"max-video-preview:-1"},"canonical":"https:\/\/www.fcejs.unsl.edu.ar\/index.php\/marcelo-casabene-me-he-sentido-muy-honrado-por-esta-oportunidad-que-me-dio-la-comunidad-universitaria\/","og_locale":"es_ES","og_type":"article","og_title":"Marcelo Casabene: \u201cMe he sentido muy honrado por esta oportunidad que me dio la comunidad universitaria\u201d - Facultad de Ciencias Econ\u00f3micas, Jur\u00ed\u00addicas y Sociales","og_description":"El decano de la Facultad de Ciencias Econ\u00f3micas, Jur\u00eddicas y Sociales, Marcelo Casabene, culmina este viernes 16 de septiembre de 2022, su funci\u00f3n en el&hellip;","og_url":"https:\/\/www.fcejs.unsl.edu.ar\/index.php\/marcelo-casabene-me-he-sentido-muy-honrado-por-esta-oportunidad-que-me-dio-la-comunidad-universitaria\/","og_site_name":"Facultad de Ciencias Econ\u00f3micas, Jur\u00ed\u00addicas y Sociales","article_publisher":"https:\/\/www.facebook.com\/FCEJS.UNSL\/","article_published_time":"2022-09-16T14:22:48+00:00","article_modified_time":"2022-09-17T22:34:43+00:00","og_image":[{"width":1152,"height":647,"url":"https:\/\/www.fcejs.unsl.edu.ar\/wp-content\/uploads\/2022\/09\/casabene-front.jpg","type":"image\/jpeg"}],"author":"DATI","twitter_card":"summary_large_image","twitter_creator":"@FCEJSUNSL","twitter_site":"@FCEJSUNSL","twitter_misc":{"Escrito por":"DATI","Tiempo de lectura":"4 minutos"},"schema":{"@context":"https:\/\/schema.org","@graph":[{"@type":"Article","@id":"https:\/\/www.fcejs.unsl.edu.ar\/index.php\/marcelo-casabene-me-he-sentido-muy-honrado-por-esta-oportunidad-que-me-dio-la-comunidad-universitaria\/#article","isPartOf":{"@id":"https:\/\/www.fcejs.unsl.edu.ar\/index.php\/marcelo-casabene-me-he-sentido-muy-honrado-por-esta-oportunidad-que-me-dio-la-comunidad-universitaria\/"},"author":{"name":"DATI","@id":"https:\/\/www.fcejs.unsl.edu.ar\/#\/schema\/person\/352ee6ed90c3f394c7cb5945f8956d34"},"headline":"Marcelo Casabene: \u201cMe he sentido muy honrado por esta oportunidad que me dio la comunidad universitaria\u201d","datePublished":"2022-09-16T14:22:48+00:00","dateModified":"2022-09-17T22:34:43+00:00","mainEntityOfPage":{"@id":"https:\/\/www.fcejs.unsl.edu.ar\/index.php\/marcelo-casabene-me-he-sentido-muy-honrado-por-esta-oportunidad-que-me-dio-la-comunidad-universitaria\/"},"wordCount":839,"publisher":{"@id":"https:\/\/www.fcejs.unsl.edu.ar\/#organization"},"image":{"@id":"https:\/\/www.fcejs.unsl.edu.ar\/index.php\/marcelo-casabene-me-he-sentido-muy-honrado-por-esta-oportunidad-que-me-dio-la-comunidad-universitaria\/#primaryimage"},"thumbnailUrl":"https:\/\/www.fcejs.unsl.edu.ar\/wp-content\/uploads\/2022\/09\/casabene-front.jpg","articleSection":["Noticias"],"inLanguage":"es-AR"},{"@type":"WebPage","@id":"https:\/\/www.fcejs.unsl.edu.ar\/index.php\/marcelo-casabene-me-he-sentido-muy-honrado-por-esta-oportunidad-que-me-dio-la-comunidad-universitaria\/","url":"https:\/\/www.fcejs.unsl.edu.ar\/index.php\/marcelo-casabene-me-he-sentido-muy-honrado-por-esta-oportunidad-que-me-dio-la-comunidad-universitaria\/","name":"Marcelo Casabene: \u201cMe he sentido muy honrado por esta oportunidad que me dio la comunidad universitaria\u201d - Facultad de Ciencias Econ\u00f3micas, Jur\u00ed\u00addicas y Sociales","isPartOf":{"@id":"https:\/\/www.fcejs.unsl.edu.ar\/#website"},"primaryImageOfPage":{"@id":"https:\/\/www.fcejs.unsl.edu.ar\/index.php\/marcelo-casabene-me-he-sentido-muy-honrado-por-esta-oportunidad-que-me-dio-la-comunidad-universitaria\/#primaryimage"},"image":{"@id":"https:\/\/www.fcejs.unsl.edu.ar\/index.php\/marcelo-casabene-me-he-sentido-muy-honrado-por-esta-oportunidad-que-me-dio-la-comunidad-universitaria\/#primaryimage"},"thumbnailUrl":"https:\/\/www.fcejs.unsl.edu.ar\/wp-content\/uploads\/2022\/09\/casabene-front.jpg","datePublished":"2022-09-16T14:22:48+00:00","dateModified":"2022-09-17T22:34:43+00:00","breadcrumb":{"@id":"https:\/\/www.fcejs.unsl.edu.ar\/index.php\/marcelo-casabene-me-he-sentido-muy-honrado-por-esta-oportunidad-que-me-dio-la-comunidad-universitaria\/#breadcrumb"},"inLanguage":"es-AR","potentialAction":[{"@type":"ReadAction","target":["https:\/\/www.fcejs.unsl.edu.ar\/index.php\/marcelo-casabene-me-he-sentido-muy-honrado-por-esta-oportunidad-que-me-dio-la-comunidad-universitaria\/"]}]},{"@type":"ImageObject","inLanguage":"es-AR","@id":"https:\/\/www.fcejs.unsl.edu.ar\/index.php\/marcelo-casabene-me-he-sentido-muy-honrado-por-esta-oportunidad-que-me-dio-la-comunidad-universitaria\/#primaryimage","url":"https:\/\/www.fcejs.unsl.edu.ar\/wp-content\/uploads\/2022\/09\/casabene-front.jpg","contentUrl":"https:\/\/www.fcejs.unsl.edu.ar\/wp-content\/uploads\/2022\/09\/casabene-front.jpg","width":1152,"height":647},{"@type":"BreadcrumbList","@id":"https:\/\/www.fcejs.unsl.edu.ar\/index.php\/marcelo-casabene-me-he-sentido-muy-honrado-por-esta-oportunidad-que-me-dio-la-comunidad-universitaria\/#breadcrumb","itemListElement":[{"@type":"ListItem","position":1,"name":"Inicio","item":"https:\/\/www.fcejs.unsl.edu.ar\/"},{"@type":"ListItem","position":2,"name":"Marcelo Casabene: \u201cMe he sentido muy honrado por esta oportunidad que me dio la comunidad universitaria\u201d"}]},{"@type":"WebSite","@id":"https:\/\/www.fcejs.unsl.edu.ar\/#website","url":"https:\/\/www.fcejs.unsl.edu.ar\/","name":"Facultad de Ciencias Econ\u00f3micas, Jur\u00ed\u00addicas y Sociales","description":"","publisher":{"@id":"https:\/\/www.fcejs.unsl.edu.ar\/#organization"},"potentialAction":[{"@type":"SearchAction","target":{"@type":"EntryPoint","urlTemplate":"https:\/\/www.fcejs.unsl.edu.ar\/?s={search_term_string}"},"query-input":{"@type":"PropertyValueSpecification","valueRequired":true,"valueName":"search_term_string"}}],"inLanguage":"es-AR"},{"@type":"Organization","@id":"https:\/\/www.fcejs.unsl.edu.ar\/#organization","name":"Facultad de Ciencias Econ\u00f3micas, Jur\u00eddicas y Sociales","url":"https:\/\/www.fcejs.unsl.edu.ar\/","logo":{"@type":"ImageObject","inLanguage":"es-AR","@id":"https:\/\/www.fcejs.unsl.edu.ar\/#\/schema\/logo\/image\/","url":"https:\/\/www.fcejs.unsl.edu.ar\/wp-content\/uploads\/2021\/03\/logo-1.jpg","contentUrl":"https:\/\/www.fcejs.unsl.edu.ar\/wp-content\/uploads\/2021\/03\/logo-1.jpg","width":471,"height":146,"caption":"Facultad de Ciencias Econ\u00f3micas, Jur\u00eddicas y Sociales"},"image":{"@id":"https:\/\/www.fcejs.unsl.edu.ar\/#\/schema\/logo\/image\/"},"sameAs":["https:\/\/www.facebook.com\/FCEJS.UNSL\/","https:\/\/x.com\/FCEJSUNSL","https:\/\/www.instagram.com\/fcejs.unsl\/","https:\/\/www.youtube.com\/channel\/UCH-Ut6EaN_X5ogjIQMPe46g\/"]},{"@type":"Person","@id":"https:\/\/www.fcejs.unsl.edu.ar\/#\/schema\/person\/352ee6ed90c3f394c7cb5945f8956d34","name":"DATI"}]}},"jetpack_featured_media_url":"https:\/\/www.fcejs.unsl.edu.ar\/wp-content\/uploads\/2022\/09\/casabene-front.jpg","_links":{"self":[{"href":"https:\/\/www.fcejs.unsl.edu.ar\/index.php\/wp-json\/wp\/v2\/posts\/9238","targetHints":{"allow":["GET"]}}],"collection":[{"href":"https:\/\/www.fcejs.unsl.edu.ar\/index.php\/wp-json\/wp\/v2\/posts"}],"about":[{"href":"https:\/\/www.fcejs.unsl.edu.ar\/index.php\/wp-json\/wp\/v2\/types\/post"}],"author":[{"embeddable":true,"href":"https:\/\/www.fcejs.unsl.edu.ar\/index.php\/wp-json\/wp\/v2\/users\/9"}],"replies":[{"embeddable":true,"href":"https:\/\/www.fcejs.unsl.edu.ar\/index.php\/wp-json\/wp\/v2\/comments?post=9238"}],"version-history":[{"count":3,"href":"https:\/\/www.fcejs.unsl.edu.ar\/index.php\/wp-json\/wp\/v2\/posts\/9238\/revisions"}],"predecessor-version":[{"id":9242,"href":"https:\/\/www.fcejs.unsl.edu.ar\/index.php\/wp-json\/wp\/v2\/posts\/9238\/revisions\/9242"}],"wp:featuredmedia":[{"embeddable":true,"href":"https:\/\/www.fcejs.unsl.edu.ar\/index.php\/wp-json\/wp\/v2\/media\/9239"}],"wp:attachment":[{"href":"https:\/\/www.fcejs.unsl.edu.ar\/index.php\/wp-json\/wp\/v2\/media?parent=9238"}],"wp:term":[{"taxonomy":"category","embeddable":true,"href":"https:\/\/www.fcejs.unsl.edu.ar\/index.php\/wp-json\/wp\/v2\/categories?post=9238"},{"taxonomy":"post_tag","embeddable":true,"href":"https:\/\/www.fcejs.unsl.edu.ar\/index.php\/wp-json\/wp\/v2\/tags?post=9238"}],"curies":[{"name":"wp","href":"https:\/\/api.w.org\/{rel}","templated":true}]}}