{"id":9138,"date":"2022-09-13T08:46:01","date_gmt":"2022-09-13T11:46:01","guid":{"rendered":"http:\/\/10.101.10.197\/www\/?p=9138"},"modified":"2022-09-14T08:46:37","modified_gmt":"2022-09-14T11:46:37","slug":"inscriben-para-movilidad-de-estudiantes-de-grado-y-pregrado","status":"publish","type":"post","link":"https:\/\/www.fcejs.unsl.edu.ar\/index.php\/inscriben-para-movilidad-de-estudiantes-de-grado-y-pregrado\/","title":{"rendered":"Inscriben para movilidad de estudiantes de grado y pregrado"},"content":{"rendered":"<p><strong>A trav\u00e9s del Programa Acad\u00e9mico de Movilidad Educativa (PAME) de la Uni\u00f3n de Universidades de Am\u00e9rica Latina y el Caribe (UDUAL), se convoca a participar durante el primer cuatrimestre del 2023, de estancias en universidades de Bolivia, Colombia, Ecuador, Nicaragua y Per\u00fa. La fecha l\u00edmite de recepci\u00f3n de postulaciones ser\u00e1 el 3 de octubre.<\/strong><\/p>\n<p>El mismo promueve la internacionalizaci\u00f3n del curr\u00edculum y enriquecer la formaci\u00f3n acad\u00e9mica e intercultural de estudiantes regulares de carreras de grado y\/o pregrado, a trav\u00e9s de la movilidad en distintas universidades extranjeras que participen del programa, con pleno reconocimiento de la actividad acad\u00e9mica realizada.<\/p>\n<p>La movilidad podr\u00e1 realizarse entre las universidades contraparte que se detallan a continuaci\u00f3n:<\/p>\n<p><a href=\"http:\/\/www.univalle.edu\/\">Universidad Privada del Valle, Bolivia<\/a><br \/>\n<a href=\"https:\/\/www.unicartagena.edu.co\/\">Universidad de Cartagena, Colombia<\/a><br \/>\n<a href=\"https:\/\/www.unicordoba.edu.co\/\">Universidad de C\u00f3rdoba, Colombia<\/a><br \/>\n<a href=\"https:\/\/www.unbosque.edu.co\/\">Universidad El Bosque, Colombia<\/a><br \/>\n<a href=\"https:\/\/usantotomas.edu.co\/\">Universidad Santo Tom\u00e1s, Bogot\u00e1, Colombia<\/a><br \/>\n<a href=\"https:\/\/www.unisimon.edu.co\/\">Universidad Sim\u00f3n Bol\u00edvar, Barranquilla, Colombia<\/a><br \/>\n<a href=\"https:\/\/www.ucuenca.edu.ec\/\">Universidad de Cuenca, Ecuador<\/a><br \/>\n<a href=\"https:\/\/www.unan.edu.ni\/\">Universidad Nacional Aut\u00f3noma de Nicaragua, Managua<\/a><br \/>\n<a href=\"https:\/\/ucontinental.edu.pe\/\">Universidad Continental, Per\u00fa<\/a><\/p>\n<p><strong>Requisitos<\/strong><\/p>\n<ul>\n<li>Ser estudiante regular de pregrado y\/o grado de la UNSL.\u00a0Aclaraci\u00f3n: el per\u00edodo completo del intercambio debe significar un avance concreto y equivalente en el plan de estudios de su carrera.<\/li>\n<li>Tener aprobado al menos el 50% de la carrera.<\/li>\n<li>Alto desempe\u00f1o acad\u00e9mico.<\/li>\n<\/ul>\n<p><strong>Documentaci\u00f3n requerida para la postulaci\u00f3n<\/strong><\/p>\n<ul>\n<li>Nota de postulaci\u00f3n dirigida al secretario de Relaciones Interinstitucionales, Dr. F\u00e9lix Nieto Quintas (<a href=\"https:\/\/relint.unsl.edu.ar\/assets\/documentos\/1662951169.docx\">descargar modelo<\/a>).<\/li>\n<li>Certificado de alumno\/a regular.<\/li>\n<li>Certificado anal\u00edtico de estudios parciales.<\/li>\n<li>Curr\u00edculum Vitae completo (se recomienda incluir los antecedentes de extensi\u00f3n e investigaci\u00f3n).<\/li>\n<li>Carta de motivaci\u00f3n.<\/li>\n<li>Copia de pasaporte.<\/li>\n<li>Esquema de vacunaci\u00f3n completo contra el COVID-19, realizado por lo menos 14 d\u00edas antes de su ingreso al pa\u00eds de destino.<\/li>\n<li>Declaraci\u00f3n Jurada de Salud (<a href=\"https:\/\/relint.unsl.edu.ar\/assets\/documentos\/1662930266.pdf\">descargar aqu\u00ed<\/a>).<\/li>\n<li>Formulario del Programa de Movilidad (<a href=\"https:\/\/relint.unsl.edu.ar\/assets\/documentos\/1662951220.docx\">descargar aqu\u00ed<\/a>).<\/li>\n<li>Formulario de postulaci\u00f3n online (<a href=\"https:\/\/forms.gle\/7F6cBt2hVBD2MoFXA\">clic aqu\u00ed<\/a>).<\/li>\n<\/ul>\n<p>Completar y cargar en un \u00fanico archivo pdf (tama\u00f1o m\u00e1ximo 10 MB) toda la documentaci\u00f3n mencionada anteriormente en el mismo orden indicado<\/p>\n<p><strong>Selecci\u00f3n de los\/as postulantes<\/strong><\/p>\n<p>Ser\u00e1 realizada por la Comisi\u00f3n Evaluadora de la UNSL. Se tendr\u00e1n en cuenta los antecedentes, el cumplimiento de los requisitos estipulados (tendr\u00e1n prioridad aquellos\/as estudiantes que no hayan participado en movilidades en cuatrimestres anteriores) y el plan de asignaturas a cursar.<\/p>\n<p>En base a estos aspectos, se establecer\u00e1 un orden de m\u00e9ritos en la selecci\u00f3n de los\/as postulantes titulares y suplentes, seg\u00fan la plaza ofertada en el PAME.<\/p>\n<p><strong>Financiamiento<\/strong><\/p>\n<p>La UNSL otorgar\u00e1 en concepto de beca, para\u00a0<strong>gastos PARCIALES<\/strong>\u00a0<strong>de<\/strong>\u00a0<strong>traslado ida y vuelta,<\/strong>\u00a0una ayuda econ\u00f3mica. Las universidades de destino proporcionar\u00e1n\u00a0<strong>alojamiento<\/strong>\u00a0y\u00a0<strong>alimentaci\u00f3n<\/strong>.<\/p>\n<p>El\/la estudiante financiar\u00e1 los gastos que demande obtener la\u00a0<strong>Visa<\/strong>\u00a0correspondiente en el pa\u00eds de destino, contratar el\u00a0<strong>seguro<\/strong>\u00a0de accidente, salud y repatriaci\u00f3n con cobertura COVID-19 (seg\u00fan las indicaciones de la SRI) y dem\u00e1s dispendios personales no cubiertos por el financiamiento de las universidades, durante el per\u00edodo que dure la movilidad.<\/p>\n<p>Para mayor informaci\u00f3n comunicarse a:\u00a0<a href=\"mailto:cooperacion.unsl@gmail.com.ar\">cooperacion.unsl@gmail.com.ar<\/a>\u00a0o\u00a0<a href=\"mailto:interinstitucionales.unsl@gmail.com\">interinstitucionales.unsl@gmail.com<\/a><\/p>\n<p>Fuente: SRI<\/p>\n","protected":false},"excerpt":{"rendered":"<p>A trav\u00e9s del Programa Acad\u00e9mico de Movilidad Educativa (PAME) de la Uni\u00f3n de Universidades de Am\u00e9rica Latina y el Caribe (UDUAL), se convoca a participar&hellip;<\/p>\n","protected":false},"author":9,"featured_media":9135,"comment_status":"closed","ping_status":"closed","sticky":false,"template":"","format":"standard","meta":{"om_disable_all_campaigns":false,"_monsterinsights_skip_tracking":false,"_monsterinsights_sitenote_active":false,"_monsterinsights_sitenote_note":"","_monsterinsights_sitenote_category":0,"footnotes":""},"categories":[1],"tags":[],"class_list":["post-9138","post","type-post","status-publish","format-standard","has-post-thumbnail","hentry","category-noticias"],"yoast_head":"<!-- This site is optimized with the Yoast SEO plugin v27.5 - https:\/\/yoast.com\/product\/yoast-seo-wordpress\/ -->\n<title>Inscriben para movilidad de estudiantes de grado y pregrado - Facultad de Ciencias Econ\u00f3micas, Jur\u00ed\u00addicas y Sociales<\/title>\n<meta name=\"robots\" content=\"index, follow, max-snippet:-1, max-image-preview:large, max-video-preview:-1\" \/>\n<link rel=\"canonical\" href=\"https:\/\/www.fcejs.unsl.edu.ar\/index.php\/inscriben-para-movilidad-de-estudiantes-de-grado-y-pregrado\/\" \/>\n<meta property=\"og:locale\" content=\"es_ES\" \/>\n<meta property=\"og:type\" content=\"article\" \/>\n<meta property=\"og:title\" content=\"Inscriben para movilidad de estudiantes de grado y pregrado - Facultad de Ciencias Econ\u00f3micas, Jur\u00ed\u00addicas y Sociales\" \/>\n<meta property=\"og:description\" content=\"A trav\u00e9s del Programa Acad\u00e9mico de Movilidad Educativa (PAME) de la Uni\u00f3n de Universidades de Am\u00e9rica Latina y el Caribe (UDUAL), se convoca a participar&hellip;\" \/>\n<meta property=\"og:url\" content=\"https:\/\/www.fcejs.unsl.edu.ar\/index.php\/inscriben-para-movilidad-de-estudiantes-de-grado-y-pregrado\/\" \/>\n<meta property=\"og:site_name\" content=\"Facultad de Ciencias Econ\u00f3micas, Jur\u00ed\u00addicas y Sociales\" \/>\n<meta property=\"article:publisher\" content=\"https:\/\/www.facebook.com\/FCEJS.UNSL\/\" \/>\n<meta property=\"article:published_time\" content=\"2022-09-13T11:46:01+00:00\" \/>\n<meta property=\"article:modified_time\" content=\"2022-09-14T11:46:37+00:00\" \/>\n<meta property=\"og:image\" content=\"https:\/\/www.fcejs.unsl.edu.ar\/wp-content\/uploads\/2022\/09\/Internacional-10-1000x600-1.jpg\" \/>\n\t<meta property=\"og:image:width\" content=\"1000\" \/>\n\t<meta property=\"og:image:height\" content=\"600\" \/>\n\t<meta property=\"og:image:type\" content=\"image\/jpeg\" \/>\n<meta name=\"author\" content=\"DATI\" \/>\n<meta name=\"twitter:card\" content=\"summary_large_image\" \/>\n<meta name=\"twitter:creator\" content=\"@FCEJSUNSL\" \/>\n<meta name=\"twitter:site\" content=\"@FCEJSUNSL\" \/>\n<meta name=\"twitter:label1\" content=\"Escrito por\" \/>\n\t<meta name=\"twitter:data1\" content=\"DATI\" \/>\n\t<meta name=\"twitter:label2\" content=\"Tiempo de lectura\" \/>\n\t<meta name=\"twitter:data2\" content=\"3 minutos\" \/>\n<script type=\"application\/ld+json\" class=\"yoast-schema-graph\">{\"@context\":\"https:\\\/\\\/schema.org\",\"@graph\":[{\"@type\":\"Article\",\"@id\":\"https:\\\/\\\/www.fcejs.unsl.edu.ar\\\/index.php\\\/inscriben-para-movilidad-de-estudiantes-de-grado-y-pregrado\\\/#article\",\"isPartOf\":{\"@id\":\"https:\\\/\\\/www.fcejs.unsl.edu.ar\\\/index.php\\\/inscriben-para-movilidad-de-estudiantes-de-grado-y-pregrado\\\/\"},\"author\":{\"name\":\"DATI\",\"@id\":\"https:\\\/\\\/www.fcejs.unsl.edu.ar\\\/#\\\/schema\\\/person\\\/352ee6ed90c3f394c7cb5945f8956d34\"},\"headline\":\"Inscriben para movilidad de estudiantes de grado y pregrado\",\"datePublished\":\"2022-09-13T11:46:01+00:00\",\"dateModified\":\"2022-09-14T11:46:37+00:00\",\"mainEntityOfPage\":{\"@id\":\"https:\\\/\\\/www.fcejs.unsl.edu.ar\\\/index.php\\\/inscriben-para-movilidad-de-estudiantes-de-grado-y-pregrado\\\/\"},\"wordCount\":538,\"publisher\":{\"@id\":\"https:\\\/\\\/www.fcejs.unsl.edu.ar\\\/#organization\"},\"image\":{\"@id\":\"https:\\\/\\\/www.fcejs.unsl.edu.ar\\\/index.php\\\/inscriben-para-movilidad-de-estudiantes-de-grado-y-pregrado\\\/#primaryimage\"},\"thumbnailUrl\":\"https:\\\/\\\/www.fcejs.unsl.edu.ar\\\/wp-content\\\/uploads\\\/2022\\\/09\\\/Internacional-10-1000x600-1.jpg\",\"articleSection\":[\"Noticias\"],\"inLanguage\":\"es-AR\"},{\"@type\":\"WebPage\",\"@id\":\"https:\\\/\\\/www.fcejs.unsl.edu.ar\\\/index.php\\\/inscriben-para-movilidad-de-estudiantes-de-grado-y-pregrado\\\/\",\"url\":\"https:\\\/\\\/www.fcejs.unsl.edu.ar\\\/index.php\\\/inscriben-para-movilidad-de-estudiantes-de-grado-y-pregrado\\\/\",\"name\":\"Inscriben para movilidad de estudiantes de grado y pregrado - Facultad de Ciencias Econ\u00f3micas, Jur\u00ed\u00addicas y Sociales\",\"isPartOf\":{\"@id\":\"https:\\\/\\\/www.fcejs.unsl.edu.ar\\\/#website\"},\"primaryImageOfPage\":{\"@id\":\"https:\\\/\\\/www.fcejs.unsl.edu.ar\\\/index.php\\\/inscriben-para-movilidad-de-estudiantes-de-grado-y-pregrado\\\/#primaryimage\"},\"image\":{\"@id\":\"https:\\\/\\\/www.fcejs.unsl.edu.ar\\\/index.php\\\/inscriben-para-movilidad-de-estudiantes-de-grado-y-pregrado\\\/#primaryimage\"},\"thumbnailUrl\":\"https:\\\/\\\/www.fcejs.unsl.edu.ar\\\/wp-content\\\/uploads\\\/2022\\\/09\\\/Internacional-10-1000x600-1.jpg\",\"datePublished\":\"2022-09-13T11:46:01+00:00\",\"dateModified\":\"2022-09-14T11:46:37+00:00\",\"breadcrumb\":{\"@id\":\"https:\\\/\\\/www.fcejs.unsl.edu.ar\\\/index.php\\\/inscriben-para-movilidad-de-estudiantes-de-grado-y-pregrado\\\/#breadcrumb\"},\"inLanguage\":\"es-AR\",\"potentialAction\":[{\"@type\":\"ReadAction\",\"target\":[\"https:\\\/\\\/www.fcejs.unsl.edu.ar\\\/index.php\\\/inscriben-para-movilidad-de-estudiantes-de-grado-y-pregrado\\\/\"]}]},{\"@type\":\"ImageObject\",\"inLanguage\":\"es-AR\",\"@id\":\"https:\\\/\\\/www.fcejs.unsl.edu.ar\\\/index.php\\\/inscriben-para-movilidad-de-estudiantes-de-grado-y-pregrado\\\/#primaryimage\",\"url\":\"https:\\\/\\\/www.fcejs.unsl.edu.ar\\\/wp-content\\\/uploads\\\/2022\\\/09\\\/Internacional-10-1000x600-1.jpg\",\"contentUrl\":\"https:\\\/\\\/www.fcejs.unsl.edu.ar\\\/wp-content\\\/uploads\\\/2022\\\/09\\\/Internacional-10-1000x600-1.jpg\",\"width\":1000,\"height\":600},{\"@type\":\"BreadcrumbList\",\"@id\":\"https:\\\/\\\/www.fcejs.unsl.edu.ar\\\/index.php\\\/inscriben-para-movilidad-de-estudiantes-de-grado-y-pregrado\\\/#breadcrumb\",\"itemListElement\":[{\"@type\":\"ListItem\",\"position\":1,\"name\":\"Inicio\",\"item\":\"https:\\\/\\\/www.fcejs.unsl.edu.ar\\\/\"},{\"@type\":\"ListItem\",\"position\":2,\"name\":\"Inscriben para movilidad de estudiantes de grado y pregrado\"}]},{\"@type\":\"WebSite\",\"@id\":\"https:\\\/\\\/www.fcejs.unsl.edu.ar\\\/#website\",\"url\":\"https:\\\/\\\/www.fcejs.unsl.edu.ar\\\/\",\"name\":\"Facultad de Ciencias Econ\u00f3micas, Jur\u00ed\u00addicas y Sociales\",\"description\":\"\",\"publisher\":{\"@id\":\"https:\\\/\\\/www.fcejs.unsl.edu.ar\\\/#organization\"},\"potentialAction\":[{\"@type\":\"SearchAction\",\"target\":{\"@type\":\"EntryPoint\",\"urlTemplate\":\"https:\\\/\\\/www.fcejs.unsl.edu.ar\\\/?s={search_term_string}\"},\"query-input\":{\"@type\":\"PropertyValueSpecification\",\"valueRequired\":true,\"valueName\":\"search_term_string\"}}],\"inLanguage\":\"es-AR\"},{\"@type\":\"Organization\",\"@id\":\"https:\\\/\\\/www.fcejs.unsl.edu.ar\\\/#organization\",\"name\":\"Facultad de Ciencias Econ\u00f3micas, Jur\u00eddicas y Sociales\",\"url\":\"https:\\\/\\\/www.fcejs.unsl.edu.ar\\\/\",\"logo\":{\"@type\":\"ImageObject\",\"inLanguage\":\"es-AR\",\"@id\":\"https:\\\/\\\/www.fcejs.unsl.edu.ar\\\/#\\\/schema\\\/logo\\\/image\\\/\",\"url\":\"https:\\\/\\\/www.fcejs.unsl.edu.ar\\\/wp-content\\\/uploads\\\/2021\\\/03\\\/logo-1.jpg\",\"contentUrl\":\"https:\\\/\\\/www.fcejs.unsl.edu.ar\\\/wp-content\\\/uploads\\\/2021\\\/03\\\/logo-1.jpg\",\"width\":471,\"height\":146,\"caption\":\"Facultad de Ciencias Econ\u00f3micas, Jur\u00eddicas y Sociales\"},\"image\":{\"@id\":\"https:\\\/\\\/www.fcejs.unsl.edu.ar\\\/#\\\/schema\\\/logo\\\/image\\\/\"},\"sameAs\":[\"https:\\\/\\\/www.facebook.com\\\/FCEJS.UNSL\\\/\",\"https:\\\/\\\/x.com\\\/FCEJSUNSL\",\"https:\\\/\\\/www.instagram.com\\\/fcejs.unsl\\\/\",\"https:\\\/\\\/www.youtube.com\\\/channel\\\/UCH-Ut6EaN_X5ogjIQMPe46g\\\/\"]},{\"@type\":\"Person\",\"@id\":\"https:\\\/\\\/www.fcejs.unsl.edu.ar\\\/#\\\/schema\\\/person\\\/352ee6ed90c3f394c7cb5945f8956d34\",\"name\":\"DATI\"}]}<\/script>\n<!-- \/ Yoast SEO plugin. -->","yoast_head_json":{"title":"Inscriben para movilidad de estudiantes de grado y pregrado - Facultad de Ciencias Econ\u00f3micas, Jur\u00ed\u00addicas y Sociales","robots":{"index":"index","follow":"follow","max-snippet":"max-snippet:-1","max-image-preview":"max-image-preview:large","max-video-preview":"max-video-preview:-1"},"canonical":"https:\/\/www.fcejs.unsl.edu.ar\/index.php\/inscriben-para-movilidad-de-estudiantes-de-grado-y-pregrado\/","og_locale":"es_ES","og_type":"article","og_title":"Inscriben para movilidad de estudiantes de grado y pregrado - Facultad de Ciencias Econ\u00f3micas, Jur\u00ed\u00addicas y Sociales","og_description":"A trav\u00e9s del Programa Acad\u00e9mico de Movilidad Educativa (PAME) de la Uni\u00f3n de Universidades de Am\u00e9rica Latina y el Caribe (UDUAL), se convoca a participar&hellip;","og_url":"https:\/\/www.fcejs.unsl.edu.ar\/index.php\/inscriben-para-movilidad-de-estudiantes-de-grado-y-pregrado\/","og_site_name":"Facultad de Ciencias Econ\u00f3micas, Jur\u00ed\u00addicas y Sociales","article_publisher":"https:\/\/www.facebook.com\/FCEJS.UNSL\/","article_published_time":"2022-09-13T11:46:01+00:00","article_modified_time":"2022-09-14T11:46:37+00:00","og_image":[{"width":1000,"height":600,"url":"https:\/\/www.fcejs.unsl.edu.ar\/wp-content\/uploads\/2022\/09\/Internacional-10-1000x600-1.jpg","type":"image\/jpeg"}],"author":"DATI","twitter_card":"summary_large_image","twitter_creator":"@FCEJSUNSL","twitter_site":"@FCEJSUNSL","twitter_misc":{"Escrito por":"DATI","Tiempo de lectura":"3 minutos"},"schema":{"@context":"https:\/\/schema.org","@graph":[{"@type":"Article","@id":"https:\/\/www.fcejs.unsl.edu.ar\/index.php\/inscriben-para-movilidad-de-estudiantes-de-grado-y-pregrado\/#article","isPartOf":{"@id":"https:\/\/www.fcejs.unsl.edu.ar\/index.php\/inscriben-para-movilidad-de-estudiantes-de-grado-y-pregrado\/"},"author":{"name":"DATI","@id":"https:\/\/www.fcejs.unsl.edu.ar\/#\/schema\/person\/352ee6ed90c3f394c7cb5945f8956d34"},"headline":"Inscriben para movilidad de estudiantes de grado y pregrado","datePublished":"2022-09-13T11:46:01+00:00","dateModified":"2022-09-14T11:46:37+00:00","mainEntityOfPage":{"@id":"https:\/\/www.fcejs.unsl.edu.ar\/index.php\/inscriben-para-movilidad-de-estudiantes-de-grado-y-pregrado\/"},"wordCount":538,"publisher":{"@id":"https:\/\/www.fcejs.unsl.edu.ar\/#organization"},"image":{"@id":"https:\/\/www.fcejs.unsl.edu.ar\/index.php\/inscriben-para-movilidad-de-estudiantes-de-grado-y-pregrado\/#primaryimage"},"thumbnailUrl":"https:\/\/www.fcejs.unsl.edu.ar\/wp-content\/uploads\/2022\/09\/Internacional-10-1000x600-1.jpg","articleSection":["Noticias"],"inLanguage":"es-AR"},{"@type":"WebPage","@id":"https:\/\/www.fcejs.unsl.edu.ar\/index.php\/inscriben-para-movilidad-de-estudiantes-de-grado-y-pregrado\/","url":"https:\/\/www.fcejs.unsl.edu.ar\/index.php\/inscriben-para-movilidad-de-estudiantes-de-grado-y-pregrado\/","name":"Inscriben para movilidad de estudiantes de grado y pregrado - Facultad de Ciencias Econ\u00f3micas, Jur\u00ed\u00addicas y Sociales","isPartOf":{"@id":"https:\/\/www.fcejs.unsl.edu.ar\/#website"},"primaryImageOfPage":{"@id":"https:\/\/www.fcejs.unsl.edu.ar\/index.php\/inscriben-para-movilidad-de-estudiantes-de-grado-y-pregrado\/#primaryimage"},"image":{"@id":"https:\/\/www.fcejs.unsl.edu.ar\/index.php\/inscriben-para-movilidad-de-estudiantes-de-grado-y-pregrado\/#primaryimage"},"thumbnailUrl":"https:\/\/www.fcejs.unsl.edu.ar\/wp-content\/uploads\/2022\/09\/Internacional-10-1000x600-1.jpg","datePublished":"2022-09-13T11:46:01+00:00","dateModified":"2022-09-14T11:46:37+00:00","breadcrumb":{"@id":"https:\/\/www.fcejs.unsl.edu.ar\/index.php\/inscriben-para-movilidad-de-estudiantes-de-grado-y-pregrado\/#breadcrumb"},"inLanguage":"es-AR","potentialAction":[{"@type":"ReadAction","target":["https:\/\/www.fcejs.unsl.edu.ar\/index.php\/inscriben-para-movilidad-de-estudiantes-de-grado-y-pregrado\/"]}]},{"@type":"ImageObject","inLanguage":"es-AR","@id":"https:\/\/www.fcejs.unsl.edu.ar\/index.php\/inscriben-para-movilidad-de-estudiantes-de-grado-y-pregrado\/#primaryimage","url":"https:\/\/www.fcejs.unsl.edu.ar\/wp-content\/uploads\/2022\/09\/Internacional-10-1000x600-1.jpg","contentUrl":"https:\/\/www.fcejs.unsl.edu.ar\/wp-content\/uploads\/2022\/09\/Internacional-10-1000x600-1.jpg","width":1000,"height":600},{"@type":"BreadcrumbList","@id":"https:\/\/www.fcejs.unsl.edu.ar\/index.php\/inscriben-para-movilidad-de-estudiantes-de-grado-y-pregrado\/#breadcrumb","itemListElement":[{"@type":"ListItem","position":1,"name":"Inicio","item":"https:\/\/www.fcejs.unsl.edu.ar\/"},{"@type":"ListItem","position":2,"name":"Inscriben para movilidad de estudiantes de grado y pregrado"}]},{"@type":"WebSite","@id":"https:\/\/www.fcejs.unsl.edu.ar\/#website","url":"https:\/\/www.fcejs.unsl.edu.ar\/","name":"Facultad de Ciencias Econ\u00f3micas, Jur\u00ed\u00addicas y Sociales","description":"","publisher":{"@id":"https:\/\/www.fcejs.unsl.edu.ar\/#organization"},"potentialAction":[{"@type":"SearchAction","target":{"@type":"EntryPoint","urlTemplate":"https:\/\/www.fcejs.unsl.edu.ar\/?s={search_term_string}"},"query-input":{"@type":"PropertyValueSpecification","valueRequired":true,"valueName":"search_term_string"}}],"inLanguage":"es-AR"},{"@type":"Organization","@id":"https:\/\/www.fcejs.unsl.edu.ar\/#organization","name":"Facultad de Ciencias Econ\u00f3micas, Jur\u00eddicas y Sociales","url":"https:\/\/www.fcejs.unsl.edu.ar\/","logo":{"@type":"ImageObject","inLanguage":"es-AR","@id":"https:\/\/www.fcejs.unsl.edu.ar\/#\/schema\/logo\/image\/","url":"https:\/\/www.fcejs.unsl.edu.ar\/wp-content\/uploads\/2021\/03\/logo-1.jpg","contentUrl":"https:\/\/www.fcejs.unsl.edu.ar\/wp-content\/uploads\/2021\/03\/logo-1.jpg","width":471,"height":146,"caption":"Facultad de Ciencias Econ\u00f3micas, Jur\u00eddicas y Sociales"},"image":{"@id":"https:\/\/www.fcejs.unsl.edu.ar\/#\/schema\/logo\/image\/"},"sameAs":["https:\/\/www.facebook.com\/FCEJS.UNSL\/","https:\/\/x.com\/FCEJSUNSL","https:\/\/www.instagram.com\/fcejs.unsl\/","https:\/\/www.youtube.com\/channel\/UCH-Ut6EaN_X5ogjIQMPe46g\/"]},{"@type":"Person","@id":"https:\/\/www.fcejs.unsl.edu.ar\/#\/schema\/person\/352ee6ed90c3f394c7cb5945f8956d34","name":"DATI"}]}},"jetpack_featured_media_url":"https:\/\/www.fcejs.unsl.edu.ar\/wp-content\/uploads\/2022\/09\/Internacional-10-1000x600-1.jpg","_links":{"self":[{"href":"https:\/\/www.fcejs.unsl.edu.ar\/index.php\/wp-json\/wp\/v2\/posts\/9138","targetHints":{"allow":["GET"]}}],"collection":[{"href":"https:\/\/www.fcejs.unsl.edu.ar\/index.php\/wp-json\/wp\/v2\/posts"}],"about":[{"href":"https:\/\/www.fcejs.unsl.edu.ar\/index.php\/wp-json\/wp\/v2\/types\/post"}],"author":[{"embeddable":true,"href":"https:\/\/www.fcejs.unsl.edu.ar\/index.php\/wp-json\/wp\/v2\/users\/9"}],"replies":[{"embeddable":true,"href":"https:\/\/www.fcejs.unsl.edu.ar\/index.php\/wp-json\/wp\/v2\/comments?post=9138"}],"version-history":[{"count":1,"href":"https:\/\/www.fcejs.unsl.edu.ar\/index.php\/wp-json\/wp\/v2\/posts\/9138\/revisions"}],"predecessor-version":[{"id":9139,"href":"https:\/\/www.fcejs.unsl.edu.ar\/index.php\/wp-json\/wp\/v2\/posts\/9138\/revisions\/9139"}],"wp:featuredmedia":[{"embeddable":true,"href":"https:\/\/www.fcejs.unsl.edu.ar\/index.php\/wp-json\/wp\/v2\/media\/9135"}],"wp:attachment":[{"href":"https:\/\/www.fcejs.unsl.edu.ar\/index.php\/wp-json\/wp\/v2\/media?parent=9138"}],"wp:term":[{"taxonomy":"category","embeddable":true,"href":"https:\/\/www.fcejs.unsl.edu.ar\/index.php\/wp-json\/wp\/v2\/categories?post=9138"},{"taxonomy":"post_tag","embeddable":true,"href":"https:\/\/www.fcejs.unsl.edu.ar\/index.php\/wp-json\/wp\/v2\/tags?post=9138"}],"curies":[{"name":"wp","href":"https:\/\/api.w.org\/{rel}","templated":true}]}}