{"id":9085,"date":"2022-09-08T12:35:04","date_gmt":"2022-09-08T15:35:04","guid":{"rendered":"http:\/\/10.101.10.197\/www\/?p=9085"},"modified":"2022-09-08T12:35:04","modified_gmt":"2022-09-08T15:35:04","slug":"se-dictara-en-la-ftu-el-1er-conversatorio-dialogos-para-repensar-el-turismo","status":"publish","type":"post","link":"https:\/\/www.fcejs.unsl.edu.ar\/index.php\/se-dictara-en-la-ftu-el-1er-conversatorio-dialogos-para-repensar-el-turismo\/","title":{"rendered":"Se dictar\u00e1 en la FTU el 1er Conversatorio &#8220;Di\u00e1logos para Repensar el Turismo&#8221;"},"content":{"rendered":"<p>La Facultad de Turismo y Urbanismo (FTU) desde la carrera de Posgrado &#8220;Especializaci\u00f3n en Gesti\u00f3n del Desarrollo e Innovaci\u00f3n Tur\u00edstica&#8221; (EGDIT) realizar\u00e1 el primer\u00a0<b>Conversatorio de Expertos Latinoamericanos en Turismo para el Desarrollo y la Innovaci\u00f3n 2022<\/b>. Ser\u00e1 el lunes 26 de septiembre. La modalidad del encuentro ser\u00e1 mixta.<\/p>\n<p>La actividad ser\u00e1 en el marco de la conmemoraci\u00f3n del D\u00eda Mundial del Turismo instituido por la Organizaci\u00f3n Mundial del Turismo bajo el lema\u00a0<b>Repensar el Turismo<\/b>.<\/p>\n<p>Con el prop\u00f3sito de inaugurar un espacio de discusi\u00f3n e intercambio sobre el turismo -y sus actuales repercusiones sociales, econ\u00f3micas y culturales-, la EGDIT ha convocado a una serie de expertos latinoamericanos en temas vinculados a la problem\u00e1tica, de suma vigencia e inter\u00e9s para el campo disciplinar.<\/p>\n<p>De esta manera se piensa que el\u00a0<b>Conversatorio Di\u00e1logos para Repensar el Turismo<\/b>\u00a0contribuir\u00e1 a la apertura de un espacio de intercambio para debatir el presente, revisando el pasado y explorando de manera colaborativa el futuro con una perspectiva cr\u00edtica de cara a los desaf\u00edos del campo multidisciplinar del turismo.<\/p>\n<p>El evento se desarrollar\u00e1 en el horario de 10:00 a 15:30hs en el Campus Universitario de Barranca Colorada y se transmitir\u00e1 por el canal de Youtube de la FTU\u00a0<a href=\"https:\/\/www.youtube.com\/channel\/UCJpZz2RMoHpOkI5Ngo-LdQg\" target=\"_blank\" rel=\"noopener\">\u00a0<strong>(enlace al Canal de la FTU)<\/strong><\/a>.<\/p>\n<p>Consultas:\u00a0<strong><a href=\"mailto:ftu.especializacion.gdit@gmail.com\">ftu.especializacion.gdit@gmail.com<\/a><\/strong><\/p>\n<p>Inscripciones:\u00a0<strong><a href=\"https:\/\/docs.google.com\/forms\/d\/e\/1FAIpQLScC9ee2PbxEQzg1UeizddFNF0nk7eHOlEROur-4pLQWWigRbA\/viewform\" target=\"_blank\" rel=\"noopener\">Acceder al formulario<\/a><\/strong><\/p>\n<p>El Conversatorio est\u00e1 destinado a docentes y alumnos de carreras de grado y posgrado en turismo, emprendedores de la actividad tur\u00edstica, gestores del sector p\u00fablico vinculados con el turismo y todos aquellos interesados en la potencialidad del turismo como actividad para la recuperaci\u00f3n y el crecimiento de nuestras comunidades.<\/p>\n<p>Ejes tem\u00e1ticos:<br \/>\n&#8211; Posturismo en Argentina.<br \/>\n&#8211; Innovaci\u00f3n y Sustentabilidad.<br \/>\n&#8211; Turismo en Ciudades Inteligentes en Argentina.<br \/>\n&#8211; Experiencias de innovaci\u00f3n en desarrollo humano y turismo.<br \/>\n&#8211; Datos e indicadores en la toma de decisiones.<\/p>\n<p>M\u00e1s <strong><a href=\"http:\/\/ftu.unsl.edu.ar\/pags\/Noticias\/1730-Conversatorio-Repensar-el-Turismo.pdf\">informaci\u00f3n y Programa<\/a><\/strong><\/p>\n","protected":false},"excerpt":{"rendered":"<p>La Facultad de Turismo y Urbanismo (FTU) desde la carrera de Posgrado &#8220;Especializaci\u00f3n en Gesti\u00f3n del Desarrollo e Innovaci\u00f3n Tur\u00edstica&#8221; (EGDIT) realizar\u00e1 el primer\u00a0Conversatorio de&hellip;<\/p>\n","protected":false},"author":9,"featured_media":9086,"comment_status":"closed","ping_status":"closed","sticky":false,"template":"","format":"standard","meta":{"om_disable_all_campaigns":false,"_monsterinsights_skip_tracking":false,"_monsterinsights_sitenote_active":false,"_monsterinsights_sitenote_note":"","_monsterinsights_sitenote_category":0,"footnotes":""},"categories":[1],"tags":[],"class_list":["post-9085","post","type-post","status-publish","format-standard","has-post-thumbnail","hentry","category-noticias"],"yoast_head":"<!-- This site is optimized with the Yoast SEO plugin v27.5 - https:\/\/yoast.com\/product\/yoast-seo-wordpress\/ -->\n<title>Se dictar\u00e1 en la FTU el 1er Conversatorio &quot;Di\u00e1logos para Repensar el Turismo&quot; - Facultad de Ciencias Econ\u00f3micas, Jur\u00ed\u00addicas y Sociales<\/title>\n<meta name=\"robots\" content=\"index, follow, max-snippet:-1, max-image-preview:large, max-video-preview:-1\" \/>\n<link rel=\"canonical\" href=\"https:\/\/www.fcejs.unsl.edu.ar\/index.php\/se-dictara-en-la-ftu-el-1er-conversatorio-dialogos-para-repensar-el-turismo\/\" \/>\n<meta property=\"og:locale\" content=\"es_ES\" \/>\n<meta property=\"og:type\" content=\"article\" \/>\n<meta property=\"og:title\" content=\"Se dictar\u00e1 en la FTU el 1er Conversatorio &quot;Di\u00e1logos para Repensar el Turismo&quot; - Facultad de Ciencias Econ\u00f3micas, Jur\u00ed\u00addicas y Sociales\" \/>\n<meta property=\"og:description\" content=\"La Facultad de Turismo y Urbanismo (FTU) desde la carrera de Posgrado &#8220;Especializaci\u00f3n en Gesti\u00f3n del Desarrollo e Innovaci\u00f3n Tur\u00edstica&#8221; (EGDIT) realizar\u00e1 el primer\u00a0Conversatorio de&hellip;\" \/>\n<meta property=\"og:url\" content=\"https:\/\/www.fcejs.unsl.edu.ar\/index.php\/se-dictara-en-la-ftu-el-1er-conversatorio-dialogos-para-repensar-el-turismo\/\" \/>\n<meta property=\"og:site_name\" content=\"Facultad de Ciencias Econ\u00f3micas, Jur\u00ed\u00addicas y Sociales\" \/>\n<meta property=\"article:publisher\" content=\"https:\/\/www.facebook.com\/FCEJS.UNSL\/\" \/>\n<meta property=\"article:published_time\" content=\"2022-09-08T15:35:04+00:00\" \/>\n<meta property=\"og:image\" content=\"https:\/\/www.fcejs.unsl.edu.ar\/wp-content\/uploads\/2022\/09\/FTU-1.jpg\" \/>\n\t<meta property=\"og:image:width\" content=\"726\" \/>\n\t<meta property=\"og:image:height\" content=\"209\" \/>\n\t<meta property=\"og:image:type\" content=\"image\/jpeg\" \/>\n<meta name=\"author\" content=\"DATI\" \/>\n<meta name=\"twitter:card\" content=\"summary_large_image\" \/>\n<meta name=\"twitter:creator\" content=\"@FCEJSUNSL\" \/>\n<meta name=\"twitter:site\" content=\"@FCEJSUNSL\" \/>\n<meta name=\"twitter:label1\" content=\"Escrito por\" \/>\n\t<meta name=\"twitter:data1\" content=\"DATI\" \/>\n\t<meta name=\"twitter:label2\" content=\"Tiempo de lectura\" \/>\n\t<meta name=\"twitter:data2\" content=\"2 minutos\" \/>\n<script type=\"application\/ld+json\" class=\"yoast-schema-graph\">{\"@context\":\"https:\\\/\\\/schema.org\",\"@graph\":[{\"@type\":\"Article\",\"@id\":\"https:\\\/\\\/www.fcejs.unsl.edu.ar\\\/index.php\\\/se-dictara-en-la-ftu-el-1er-conversatorio-dialogos-para-repensar-el-turismo\\\/#article\",\"isPartOf\":{\"@id\":\"https:\\\/\\\/www.fcejs.unsl.edu.ar\\\/index.php\\\/se-dictara-en-la-ftu-el-1er-conversatorio-dialogos-para-repensar-el-turismo\\\/\"},\"author\":{\"name\":\"DATI\",\"@id\":\"https:\\\/\\\/www.fcejs.unsl.edu.ar\\\/#\\\/schema\\\/person\\\/352ee6ed90c3f394c7cb5945f8956d34\"},\"headline\":\"Se dictar\u00e1 en la FTU el 1er Conversatorio &#8220;Di\u00e1logos para Repensar el Turismo&#8221;\",\"datePublished\":\"2022-09-08T15:35:04+00:00\",\"mainEntityOfPage\":{\"@id\":\"https:\\\/\\\/www.fcejs.unsl.edu.ar\\\/index.php\\\/se-dictara-en-la-ftu-el-1er-conversatorio-dialogos-para-repensar-el-turismo\\\/\"},\"wordCount\":341,\"publisher\":{\"@id\":\"https:\\\/\\\/www.fcejs.unsl.edu.ar\\\/#organization\"},\"image\":{\"@id\":\"https:\\\/\\\/www.fcejs.unsl.edu.ar\\\/index.php\\\/se-dictara-en-la-ftu-el-1er-conversatorio-dialogos-para-repensar-el-turismo\\\/#primaryimage\"},\"thumbnailUrl\":\"https:\\\/\\\/www.fcejs.unsl.edu.ar\\\/wp-content\\\/uploads\\\/2022\\\/09\\\/FTU-1.jpg\",\"articleSection\":[\"Noticias\"],\"inLanguage\":\"es-AR\"},{\"@type\":\"WebPage\",\"@id\":\"https:\\\/\\\/www.fcejs.unsl.edu.ar\\\/index.php\\\/se-dictara-en-la-ftu-el-1er-conversatorio-dialogos-para-repensar-el-turismo\\\/\",\"url\":\"https:\\\/\\\/www.fcejs.unsl.edu.ar\\\/index.php\\\/se-dictara-en-la-ftu-el-1er-conversatorio-dialogos-para-repensar-el-turismo\\\/\",\"name\":\"Se dictar\u00e1 en la FTU el 1er Conversatorio \\\"Di\u00e1logos para Repensar el Turismo\\\" - Facultad de Ciencias Econ\u00f3micas, Jur\u00ed\u00addicas y Sociales\",\"isPartOf\":{\"@id\":\"https:\\\/\\\/www.fcejs.unsl.edu.ar\\\/#website\"},\"primaryImageOfPage\":{\"@id\":\"https:\\\/\\\/www.fcejs.unsl.edu.ar\\\/index.php\\\/se-dictara-en-la-ftu-el-1er-conversatorio-dialogos-para-repensar-el-turismo\\\/#primaryimage\"},\"image\":{\"@id\":\"https:\\\/\\\/www.fcejs.unsl.edu.ar\\\/index.php\\\/se-dictara-en-la-ftu-el-1er-conversatorio-dialogos-para-repensar-el-turismo\\\/#primaryimage\"},\"thumbnailUrl\":\"https:\\\/\\\/www.fcejs.unsl.edu.ar\\\/wp-content\\\/uploads\\\/2022\\\/09\\\/FTU-1.jpg\",\"datePublished\":\"2022-09-08T15:35:04+00:00\",\"breadcrumb\":{\"@id\":\"https:\\\/\\\/www.fcejs.unsl.edu.ar\\\/index.php\\\/se-dictara-en-la-ftu-el-1er-conversatorio-dialogos-para-repensar-el-turismo\\\/#breadcrumb\"},\"inLanguage\":\"es-AR\",\"potentialAction\":[{\"@type\":\"ReadAction\",\"target\":[\"https:\\\/\\\/www.fcejs.unsl.edu.ar\\\/index.php\\\/se-dictara-en-la-ftu-el-1er-conversatorio-dialogos-para-repensar-el-turismo\\\/\"]}]},{\"@type\":\"ImageObject\",\"inLanguage\":\"es-AR\",\"@id\":\"https:\\\/\\\/www.fcejs.unsl.edu.ar\\\/index.php\\\/se-dictara-en-la-ftu-el-1er-conversatorio-dialogos-para-repensar-el-turismo\\\/#primaryimage\",\"url\":\"https:\\\/\\\/www.fcejs.unsl.edu.ar\\\/wp-content\\\/uploads\\\/2022\\\/09\\\/FTU-1.jpg\",\"contentUrl\":\"https:\\\/\\\/www.fcejs.unsl.edu.ar\\\/wp-content\\\/uploads\\\/2022\\\/09\\\/FTU-1.jpg\",\"width\":726,\"height\":209},{\"@type\":\"BreadcrumbList\",\"@id\":\"https:\\\/\\\/www.fcejs.unsl.edu.ar\\\/index.php\\\/se-dictara-en-la-ftu-el-1er-conversatorio-dialogos-para-repensar-el-turismo\\\/#breadcrumb\",\"itemListElement\":[{\"@type\":\"ListItem\",\"position\":1,\"name\":\"Inicio\",\"item\":\"https:\\\/\\\/www.fcejs.unsl.edu.ar\\\/\"},{\"@type\":\"ListItem\",\"position\":2,\"name\":\"Se dictar\u00e1 en la FTU el 1er Conversatorio &#8220;Di\u00e1logos para Repensar el Turismo&#8221;\"}]},{\"@type\":\"WebSite\",\"@id\":\"https:\\\/\\\/www.fcejs.unsl.edu.ar\\\/#website\",\"url\":\"https:\\\/\\\/www.fcejs.unsl.edu.ar\\\/\",\"name\":\"Facultad de Ciencias Econ\u00f3micas, Jur\u00ed\u00addicas y Sociales\",\"description\":\"\",\"publisher\":{\"@id\":\"https:\\\/\\\/www.fcejs.unsl.edu.ar\\\/#organization\"},\"potentialAction\":[{\"@type\":\"SearchAction\",\"target\":{\"@type\":\"EntryPoint\",\"urlTemplate\":\"https:\\\/\\\/www.fcejs.unsl.edu.ar\\\/?s={search_term_string}\"},\"query-input\":{\"@type\":\"PropertyValueSpecification\",\"valueRequired\":true,\"valueName\":\"search_term_string\"}}],\"inLanguage\":\"es-AR\"},{\"@type\":\"Organization\",\"@id\":\"https:\\\/\\\/www.fcejs.unsl.edu.ar\\\/#organization\",\"name\":\"Facultad de Ciencias Econ\u00f3micas, Jur\u00eddicas y Sociales\",\"url\":\"https:\\\/\\\/www.fcejs.unsl.edu.ar\\\/\",\"logo\":{\"@type\":\"ImageObject\",\"inLanguage\":\"es-AR\",\"@id\":\"https:\\\/\\\/www.fcejs.unsl.edu.ar\\\/#\\\/schema\\\/logo\\\/image\\\/\",\"url\":\"https:\\\/\\\/www.fcejs.unsl.edu.ar\\\/wp-content\\\/uploads\\\/2021\\\/03\\\/logo-1.jpg\",\"contentUrl\":\"https:\\\/\\\/www.fcejs.unsl.edu.ar\\\/wp-content\\\/uploads\\\/2021\\\/03\\\/logo-1.jpg\",\"width\":471,\"height\":146,\"caption\":\"Facultad de Ciencias Econ\u00f3micas, Jur\u00eddicas y Sociales\"},\"image\":{\"@id\":\"https:\\\/\\\/www.fcejs.unsl.edu.ar\\\/#\\\/schema\\\/logo\\\/image\\\/\"},\"sameAs\":[\"https:\\\/\\\/www.facebook.com\\\/FCEJS.UNSL\\\/\",\"https:\\\/\\\/x.com\\\/FCEJSUNSL\",\"https:\\\/\\\/www.instagram.com\\\/fcejs.unsl\\\/\",\"https:\\\/\\\/www.youtube.com\\\/channel\\\/UCH-Ut6EaN_X5ogjIQMPe46g\\\/\"]},{\"@type\":\"Person\",\"@id\":\"https:\\\/\\\/www.fcejs.unsl.edu.ar\\\/#\\\/schema\\\/person\\\/352ee6ed90c3f394c7cb5945f8956d34\",\"name\":\"DATI\"}]}<\/script>\n<!-- \/ Yoast SEO plugin. -->","yoast_head_json":{"title":"Se dictar\u00e1 en la FTU el 1er Conversatorio \"Di\u00e1logos para Repensar el Turismo\" - Facultad de Ciencias Econ\u00f3micas, Jur\u00ed\u00addicas y Sociales","robots":{"index":"index","follow":"follow","max-snippet":"max-snippet:-1","max-image-preview":"max-image-preview:large","max-video-preview":"max-video-preview:-1"},"canonical":"https:\/\/www.fcejs.unsl.edu.ar\/index.php\/se-dictara-en-la-ftu-el-1er-conversatorio-dialogos-para-repensar-el-turismo\/","og_locale":"es_ES","og_type":"article","og_title":"Se dictar\u00e1 en la FTU el 1er Conversatorio \"Di\u00e1logos para Repensar el Turismo\" - Facultad de Ciencias Econ\u00f3micas, Jur\u00ed\u00addicas y Sociales","og_description":"La Facultad de Turismo y Urbanismo (FTU) desde la carrera de Posgrado &#8220;Especializaci\u00f3n en Gesti\u00f3n del Desarrollo e Innovaci\u00f3n Tur\u00edstica&#8221; (EGDIT) realizar\u00e1 el primer\u00a0Conversatorio de&hellip;","og_url":"https:\/\/www.fcejs.unsl.edu.ar\/index.php\/se-dictara-en-la-ftu-el-1er-conversatorio-dialogos-para-repensar-el-turismo\/","og_site_name":"Facultad de Ciencias Econ\u00f3micas, Jur\u00ed\u00addicas y Sociales","article_publisher":"https:\/\/www.facebook.com\/FCEJS.UNSL\/","article_published_time":"2022-09-08T15:35:04+00:00","og_image":[{"width":726,"height":209,"url":"https:\/\/www.fcejs.unsl.edu.ar\/wp-content\/uploads\/2022\/09\/FTU-1.jpg","type":"image\/jpeg"}],"author":"DATI","twitter_card":"summary_large_image","twitter_creator":"@FCEJSUNSL","twitter_site":"@FCEJSUNSL","twitter_misc":{"Escrito por":"DATI","Tiempo de lectura":"2 minutos"},"schema":{"@context":"https:\/\/schema.org","@graph":[{"@type":"Article","@id":"https:\/\/www.fcejs.unsl.edu.ar\/index.php\/se-dictara-en-la-ftu-el-1er-conversatorio-dialogos-para-repensar-el-turismo\/#article","isPartOf":{"@id":"https:\/\/www.fcejs.unsl.edu.ar\/index.php\/se-dictara-en-la-ftu-el-1er-conversatorio-dialogos-para-repensar-el-turismo\/"},"author":{"name":"DATI","@id":"https:\/\/www.fcejs.unsl.edu.ar\/#\/schema\/person\/352ee6ed90c3f394c7cb5945f8956d34"},"headline":"Se dictar\u00e1 en la FTU el 1er Conversatorio &#8220;Di\u00e1logos para Repensar el Turismo&#8221;","datePublished":"2022-09-08T15:35:04+00:00","mainEntityOfPage":{"@id":"https:\/\/www.fcejs.unsl.edu.ar\/index.php\/se-dictara-en-la-ftu-el-1er-conversatorio-dialogos-para-repensar-el-turismo\/"},"wordCount":341,"publisher":{"@id":"https:\/\/www.fcejs.unsl.edu.ar\/#organization"},"image":{"@id":"https:\/\/www.fcejs.unsl.edu.ar\/index.php\/se-dictara-en-la-ftu-el-1er-conversatorio-dialogos-para-repensar-el-turismo\/#primaryimage"},"thumbnailUrl":"https:\/\/www.fcejs.unsl.edu.ar\/wp-content\/uploads\/2022\/09\/FTU-1.jpg","articleSection":["Noticias"],"inLanguage":"es-AR"},{"@type":"WebPage","@id":"https:\/\/www.fcejs.unsl.edu.ar\/index.php\/se-dictara-en-la-ftu-el-1er-conversatorio-dialogos-para-repensar-el-turismo\/","url":"https:\/\/www.fcejs.unsl.edu.ar\/index.php\/se-dictara-en-la-ftu-el-1er-conversatorio-dialogos-para-repensar-el-turismo\/","name":"Se dictar\u00e1 en la FTU el 1er Conversatorio \"Di\u00e1logos para Repensar el Turismo\" - Facultad de Ciencias Econ\u00f3micas, Jur\u00ed\u00addicas y Sociales","isPartOf":{"@id":"https:\/\/www.fcejs.unsl.edu.ar\/#website"},"primaryImageOfPage":{"@id":"https:\/\/www.fcejs.unsl.edu.ar\/index.php\/se-dictara-en-la-ftu-el-1er-conversatorio-dialogos-para-repensar-el-turismo\/#primaryimage"},"image":{"@id":"https:\/\/www.fcejs.unsl.edu.ar\/index.php\/se-dictara-en-la-ftu-el-1er-conversatorio-dialogos-para-repensar-el-turismo\/#primaryimage"},"thumbnailUrl":"https:\/\/www.fcejs.unsl.edu.ar\/wp-content\/uploads\/2022\/09\/FTU-1.jpg","datePublished":"2022-09-08T15:35:04+00:00","breadcrumb":{"@id":"https:\/\/www.fcejs.unsl.edu.ar\/index.php\/se-dictara-en-la-ftu-el-1er-conversatorio-dialogos-para-repensar-el-turismo\/#breadcrumb"},"inLanguage":"es-AR","potentialAction":[{"@type":"ReadAction","target":["https:\/\/www.fcejs.unsl.edu.ar\/index.php\/se-dictara-en-la-ftu-el-1er-conversatorio-dialogos-para-repensar-el-turismo\/"]}]},{"@type":"ImageObject","inLanguage":"es-AR","@id":"https:\/\/www.fcejs.unsl.edu.ar\/index.php\/se-dictara-en-la-ftu-el-1er-conversatorio-dialogos-para-repensar-el-turismo\/#primaryimage","url":"https:\/\/www.fcejs.unsl.edu.ar\/wp-content\/uploads\/2022\/09\/FTU-1.jpg","contentUrl":"https:\/\/www.fcejs.unsl.edu.ar\/wp-content\/uploads\/2022\/09\/FTU-1.jpg","width":726,"height":209},{"@type":"BreadcrumbList","@id":"https:\/\/www.fcejs.unsl.edu.ar\/index.php\/se-dictara-en-la-ftu-el-1er-conversatorio-dialogos-para-repensar-el-turismo\/#breadcrumb","itemListElement":[{"@type":"ListItem","position":1,"name":"Inicio","item":"https:\/\/www.fcejs.unsl.edu.ar\/"},{"@type":"ListItem","position":2,"name":"Se dictar\u00e1 en la FTU el 1er Conversatorio &#8220;Di\u00e1logos para Repensar el Turismo&#8221;"}]},{"@type":"WebSite","@id":"https:\/\/www.fcejs.unsl.edu.ar\/#website","url":"https:\/\/www.fcejs.unsl.edu.ar\/","name":"Facultad de Ciencias Econ\u00f3micas, Jur\u00ed\u00addicas y Sociales","description":"","publisher":{"@id":"https:\/\/www.fcejs.unsl.edu.ar\/#organization"},"potentialAction":[{"@type":"SearchAction","target":{"@type":"EntryPoint","urlTemplate":"https:\/\/www.fcejs.unsl.edu.ar\/?s={search_term_string}"},"query-input":{"@type":"PropertyValueSpecification","valueRequired":true,"valueName":"search_term_string"}}],"inLanguage":"es-AR"},{"@type":"Organization","@id":"https:\/\/www.fcejs.unsl.edu.ar\/#organization","name":"Facultad de Ciencias Econ\u00f3micas, Jur\u00eddicas y Sociales","url":"https:\/\/www.fcejs.unsl.edu.ar\/","logo":{"@type":"ImageObject","inLanguage":"es-AR","@id":"https:\/\/www.fcejs.unsl.edu.ar\/#\/schema\/logo\/image\/","url":"https:\/\/www.fcejs.unsl.edu.ar\/wp-content\/uploads\/2021\/03\/logo-1.jpg","contentUrl":"https:\/\/www.fcejs.unsl.edu.ar\/wp-content\/uploads\/2021\/03\/logo-1.jpg","width":471,"height":146,"caption":"Facultad de Ciencias Econ\u00f3micas, Jur\u00eddicas y Sociales"},"image":{"@id":"https:\/\/www.fcejs.unsl.edu.ar\/#\/schema\/logo\/image\/"},"sameAs":["https:\/\/www.facebook.com\/FCEJS.UNSL\/","https:\/\/x.com\/FCEJSUNSL","https:\/\/www.instagram.com\/fcejs.unsl\/","https:\/\/www.youtube.com\/channel\/UCH-Ut6EaN_X5ogjIQMPe46g\/"]},{"@type":"Person","@id":"https:\/\/www.fcejs.unsl.edu.ar\/#\/schema\/person\/352ee6ed90c3f394c7cb5945f8956d34","name":"DATI"}]}},"jetpack_featured_media_url":"https:\/\/www.fcejs.unsl.edu.ar\/wp-content\/uploads\/2022\/09\/FTU-1.jpg","_links":{"self":[{"href":"https:\/\/www.fcejs.unsl.edu.ar\/index.php\/wp-json\/wp\/v2\/posts\/9085","targetHints":{"allow":["GET"]}}],"collection":[{"href":"https:\/\/www.fcejs.unsl.edu.ar\/index.php\/wp-json\/wp\/v2\/posts"}],"about":[{"href":"https:\/\/www.fcejs.unsl.edu.ar\/index.php\/wp-json\/wp\/v2\/types\/post"}],"author":[{"embeddable":true,"href":"https:\/\/www.fcejs.unsl.edu.ar\/index.php\/wp-json\/wp\/v2\/users\/9"}],"replies":[{"embeddable":true,"href":"https:\/\/www.fcejs.unsl.edu.ar\/index.php\/wp-json\/wp\/v2\/comments?post=9085"}],"version-history":[{"count":1,"href":"https:\/\/www.fcejs.unsl.edu.ar\/index.php\/wp-json\/wp\/v2\/posts\/9085\/revisions"}],"predecessor-version":[{"id":9087,"href":"https:\/\/www.fcejs.unsl.edu.ar\/index.php\/wp-json\/wp\/v2\/posts\/9085\/revisions\/9087"}],"wp:featuredmedia":[{"embeddable":true,"href":"https:\/\/www.fcejs.unsl.edu.ar\/index.php\/wp-json\/wp\/v2\/media\/9086"}],"wp:attachment":[{"href":"https:\/\/www.fcejs.unsl.edu.ar\/index.php\/wp-json\/wp\/v2\/media?parent=9085"}],"wp:term":[{"taxonomy":"category","embeddable":true,"href":"https:\/\/www.fcejs.unsl.edu.ar\/index.php\/wp-json\/wp\/v2\/categories?post=9085"},{"taxonomy":"post_tag","embeddable":true,"href":"https:\/\/www.fcejs.unsl.edu.ar\/index.php\/wp-json\/wp\/v2\/tags?post=9085"}],"curies":[{"name":"wp","href":"https:\/\/api.w.org\/{rel}","templated":true}]}}