{"id":9002,"date":"2022-09-05T10:47:11","date_gmt":"2022-09-05T13:47:11","guid":{"rendered":"http:\/\/10.101.10.197\/www\/?p=9002"},"modified":"2022-09-09T10:54:26","modified_gmt":"2022-09-09T13:54:26","slug":"la-fcejs-estuvo-presente-en-el-encuentro-anual-de-la-federacion-argentina-de-unidades-academicas-de-trabajo-social","status":"publish","type":"post","link":"https:\/\/www.fcejs.unsl.edu.ar\/index.php\/la-fcejs-estuvo-presente-en-el-encuentro-anual-de-la-federacion-argentina-de-unidades-academicas-de-trabajo-social\/","title":{"rendered":"La FCEJS estuvo presente en el encuentro anual de la Federaci\u00f3n Argentina de Unidades Acad\u00e9micas de Trabajo Social"},"content":{"rendered":"<div>Este nuevo Encuentro Nacional de la Federaci\u00f3n Argentina de Unidades Acad\u00e9micas de Trabajo Social, junto a la Facultad de Trabajo\u00a0 Social de la Universidad Nacional de Entre R\u00edos, se realiz\u00f3 en la ciudad de Paran\u00e1 (Entre R\u00edos) los d\u00edas 31 de agosto y 1 de setiembre de 2022 y la FCEJS estuvo representada por los docentes: Alejandra Rovacio, Andrea Corna, Adriana Moran, M\u00f3nica Gomez y M\u00f3nica Gutvay y los estudiantes: Yohana Ramallo Serrano, Mar\u00eda Echand\u00eda, Yanina Pela, Natalia Barone, Agustina Magallanes, Karen Mora y Enrique Otero, quienes participaron en todo el Encuentro y expusieron en el Foro: Inquietudes, debates y estrategias a cerca de la ense\u00f1anza de la investigaci\u00f3n en trabajo social, organizado y coordinado por la Red de Equipos de C\u00e1tedras de Investigaci\u00f3n en Trabajo Social (RECIT) siendo la Ponencia presentada: \u201cTrabajos Finales de Grado: dificultades y desaf\u00edos que plantea el proceso de escritura\u201d. Dicha exposici\u00f3n tuvo lugar el 31 de agosto a las 16:30h en la Facultad de Trabajo Social de la Universidad Nacional de Entre R\u00edos.<\/div>\n<div><\/div>\n<div>Este encuentro se propone abordar la\u00a0 coyuntura actual marcada por la pandemia del Covid-19, en t\u00e9rminos de su producci\u00f3n y de las\u00a0 transformaciones que ha producido en el marco de procesos preexistentes, entendi\u00e9ndose que la\u00a0 comprensi\u00f3n de este tiempo que transcurrimos marcado por la pandemia, necesariamente debe leerse en las coordenadas que plantea el neoliberalismo. Nuestro pa\u00eds y la regi\u00f3n nos exige analizar, adem\u00e1s de lo mencionado, en torno a la pandemia, el nuevo\u00a0 ciclo de endeudamiento externo, los impactos de la guerra desatada en el Este Europeo, que se expresan\u00a0 e inciden en la relaci\u00f3n de fuerzas entre diferentes proyectos pol\u00edticos que disputan hegemon\u00eda. Esta\u00a0 conflictividad construye al presente como un tiempo potencial, habitado por posibilidades y tendencias\u00a0 alternativas donde anidan diferentes futuros posibles, representando la materia prima para las\u00a0 reflexiones te\u00f3ricas pol\u00edticas y disciplinares. En esta trama, en que toman densidad hist\u00f3rica los diferentes debates y propuestas en el campo del Trabajo Social y de las Ciencias sociales, consideramos una urgencia pol\u00edtica construir espacios de producci\u00f3n e intercambio que permitan compartir\u00a0 diagn\u00f3sticos, reflexiones y problematizaciones para fortalecer nuestros discursos y estrategias.<\/div>\n<div>\n<p><strong>OBJETIVOS DEL ENCUENTRO<\/strong><\/p>\n<ul>\n<li>Constituir un espacio de debate pol\u00edtico y acad\u00e9mico sobre los procesos de formaci\u00f3n, investigaci\u00f3n, extensi\u00f3n y ejercicio profesional que permita analizar y comprender las implicancias presentes y futuras de la coyuntura actual.<\/li>\n<li>Aportar al debate y problematizaci\u00f3n colectiva de los actuales procesos de desigualdad y fragmentaci\u00f3n social en los escenarios reconfigurados por el neoliberalismo y la pandemia.<\/li>\n<li>Generar espacios de intercambio en torno al rol del Estado y la pol\u00edtica p\u00fablica desde la formaci\u00f3n y la intervenci\u00f3n profesional del Trabajo Social que permita reflexionar sobre las pr\u00e1cticas y discursos que constituyen el campo disciplinar.<\/li>\n<li>Identificar avances, estrategias, tensiones y mecanismos de articulaci\u00f3n entre investigaci\u00f3n, ense\u00f1anza, extensi\u00f3n y ejercicio profesional en Trabajo Social en el contexto actual.<\/li>\n<\/ul>\n<\/div>\n<div>Posteriormente al Encuentro, se realiz\u00f3 la asamblea de FAUATS que inici\u00f3 su sesi\u00f3n refrendando el comunicado: &#8220;La Federaci\u00f3n Argentina de Unidades Acad\u00e9micas de Trabajo Social expresa un profundo repudio al atentado sufrido por la vicepresidenta Cristina Fern\u00e1ndez de Kirchner, en el marco de la persecuci\u00f3n pol\u00edtica que se viene gestando por el poder judicial y los medios hegem\u00f3nicos de comunicaci\u00f3n. Desde la recuperaci\u00f3n de la democracia en 1983, nuestro pa\u00eds dijo Nunca M\u00e1s a este tipo de actos de odio y violencia. Expresamos enf\u00e1ticamente la necesidad de sostener \u00a0y fortalecer los principios de la democracia. Desde el colectivo de Trabajo Social, en defensa de la democracia y los derechos humanos; luego de concluir el XXV Encuentro Nacional en la ciudad de Paran\u00e1, en donde renovamos los compromisos \u00e9ticos pol\u00edticos y los debates plurales, sostenemos enf\u00e1ticamente la necesidad de fortalecer y defender la democracia de nuestro pa\u00eds, con memoria y movilizaci\u00f3n&#8221;.<\/div>\n<div><\/div>\n<div>Se aprobaron Memoria y Balance y se eligieron las autoridades de la nueva comisi\u00f3n directiva que fue aprobada por unanimidad de las UUAA presentes en asamblea y ante la cual la candidata a la presidencia di\u00f3 cuenta de las propuestas para la nueva gesti\u00f3n, centradas en fortalecer la herramienta que constituye la Federaci\u00f3n en torno a la jerarquizaci\u00f3n de la formaci\u00f3n en Trabajo Social. Conservamos en su conformaci\u00f3n el criterio federal y continuidad de algunos de los representantes de la CD anterior.<\/div>\n<div><b>La nueva Comisi\u00f3n Directiva qued\u00f3 conformada de la siguiente manera:<\/b><br \/>\nPresidenta: Rosana Pieruzzini (UNER)<br \/>\nSecretaria: Mariana Quiroga (UNCUyo)<br \/>\nTesorera: Natalia Becerra (UNC)<br \/>\n1\u00b0 Vocal: Nelly Balmaceda (UNAM)<br \/>\n2\u00b0 Vocal: Soraya Giraldez (UBA)<br \/>\n1\u00b0 Vocal Suplente: Alejandra Wagner (UNLP)<br \/>\n2\u00b0 Vocal Suplente: Mar\u00eda Jos\u00e9 Gelsi (UNSE)<br \/>\nComisi\u00f3n revisora de cuentas:<br \/>\n1\u00b0 Titular: Marcos Carnevali (UNLA)<br \/>\n2\u00b0 Titular: Marcela Fern\u00e1ndez (UNSJ)<br \/>\nSuplente: Laura Camb\u00f3n (UNPA)<\/div>\n<div><\/div>\n<div>A su vez, respecto a nueva sede de Encuentro Nacional 2024, la Universidad de San Juan se propuso garantizando los apoyos de su Unidad Acad\u00e9mica, dicha propuesta fue aprobada por unanimidad, entre los criterios se evalu\u00f3 que dicha regi\u00f3n no hab\u00eda sido sede en los \u00faltimos cinco encuentros.<\/div>\n<div>\n<div><\/div>\n<div><img fetchpriority=\"high\" decoding=\"async\" class=\"CToWUd a6T alignnone\" tabindex=\"0\" src=\"https:\/\/mail.google.com\/mail\/u\/0?ui=2&amp;ik=8252f158f8&amp;attid=0.0.1&amp;permmsgid=msg-f:1743070633577229657&amp;th=1830a1818cc92d59&amp;view=fimg&amp;fur=ip&amp;sz=s0-l75-ft&amp;attbid=ANGjdJ9O892RzJqGEypUpvJvhe7QO4sPz2bNrHXiOTvsMT8B8zkvd8Bof7Z9pZbXExlA_dxx5M8MitOwndyrJPvAQYacpQ1tImmNaXAO4-OLxzTAQrHMOlTUmTCsB5c&amp;disp=emb&amp;realattid=ii_l7kvr4na4\" alt=\"presentes asamblea 2022.jpeg\" width=\"829\" height=\"622\" data-image-whitelisted=\"\" data-bit=\"iit\" \/><\/div>\n<\/div>\n","protected":false},"excerpt":{"rendered":"<p>Este nuevo Encuentro Nacional de la Federaci\u00f3n Argentina de Unidades Acad\u00e9micas de Trabajo Social, junto a la Facultad de Trabajo\u00a0 Social de la Universidad Nacional&hellip;<\/p>\n","protected":false},"author":9,"featured_media":9003,"comment_status":"closed","ping_status":"closed","sticky":false,"template":"","format":"standard","meta":{"om_disable_all_campaigns":false,"_monsterinsights_skip_tracking":false,"_monsterinsights_sitenote_active":false,"_monsterinsights_sitenote_note":"","_monsterinsights_sitenote_category":0,"footnotes":""},"categories":[1],"tags":[],"class_list":["post-9002","post","type-post","status-publish","format-standard","has-post-thumbnail","hentry","category-noticias"],"yoast_head":"<!-- This site is optimized with the Yoast SEO plugin v27.5 - https:\/\/yoast.com\/product\/yoast-seo-wordpress\/ -->\n<title>La FCEJS estuvo presente en el encuentro anual de la Federaci\u00f3n Argentina de Unidades Acad\u00e9micas de Trabajo Social - Facultad de Ciencias Econ\u00f3micas, Jur\u00ed\u00addicas y Sociales<\/title>\n<meta name=\"robots\" content=\"index, follow, max-snippet:-1, max-image-preview:large, max-video-preview:-1\" \/>\n<link rel=\"canonical\" href=\"https:\/\/www.fcejs.unsl.edu.ar\/index.php\/la-fcejs-estuvo-presente-en-el-encuentro-anual-de-la-federacion-argentina-de-unidades-academicas-de-trabajo-social\/\" \/>\n<meta property=\"og:locale\" content=\"es_ES\" \/>\n<meta property=\"og:type\" content=\"article\" \/>\n<meta property=\"og:title\" content=\"La FCEJS estuvo presente en el encuentro anual de la Federaci\u00f3n Argentina de Unidades Acad\u00e9micas de Trabajo Social - Facultad de Ciencias Econ\u00f3micas, Jur\u00ed\u00addicas y Sociales\" \/>\n<meta property=\"og:description\" content=\"Este nuevo Encuentro Nacional de la Federaci\u00f3n Argentina de Unidades Acad\u00e9micas de Trabajo Social, junto a la Facultad de Trabajo\u00a0 Social de la Universidad Nacional&hellip;\" \/>\n<meta property=\"og:url\" content=\"https:\/\/www.fcejs.unsl.edu.ar\/index.php\/la-fcejs-estuvo-presente-en-el-encuentro-anual-de-la-federacion-argentina-de-unidades-academicas-de-trabajo-social\/\" \/>\n<meta property=\"og:site_name\" content=\"Facultad de Ciencias Econ\u00f3micas, Jur\u00ed\u00addicas y Sociales\" \/>\n<meta property=\"article:publisher\" content=\"https:\/\/www.facebook.com\/FCEJS.UNSL\/\" \/>\n<meta property=\"article:published_time\" content=\"2022-09-05T13:47:11+00:00\" \/>\n<meta property=\"article:modified_time\" content=\"2022-09-09T13:54:26+00:00\" \/>\n<meta property=\"og:image\" content=\"https:\/\/www.fcejs.unsl.edu.ar\/wp-content\/uploads\/2022\/09\/FAUATS.jpg\" \/>\n\t<meta property=\"og:image:width\" content=\"1338\" \/>\n\t<meta property=\"og:image:height\" content=\"519\" \/>\n\t<meta property=\"og:image:type\" content=\"image\/jpeg\" \/>\n<meta name=\"author\" content=\"DATI\" \/>\n<meta name=\"twitter:card\" content=\"summary_large_image\" \/>\n<meta name=\"twitter:creator\" content=\"@FCEJSUNSL\" \/>\n<meta name=\"twitter:site\" content=\"@FCEJSUNSL\" \/>\n<meta name=\"twitter:label1\" content=\"Escrito por\" \/>\n\t<meta name=\"twitter:data1\" content=\"DATI\" \/>\n\t<meta name=\"twitter:label2\" content=\"Tiempo de lectura\" \/>\n\t<meta name=\"twitter:data2\" content=\"4 minutos\" \/>\n<script type=\"application\/ld+json\" class=\"yoast-schema-graph\">{\"@context\":\"https:\\\/\\\/schema.org\",\"@graph\":[{\"@type\":\"Article\",\"@id\":\"https:\\\/\\\/www.fcejs.unsl.edu.ar\\\/index.php\\\/la-fcejs-estuvo-presente-en-el-encuentro-anual-de-la-federacion-argentina-de-unidades-academicas-de-trabajo-social\\\/#article\",\"isPartOf\":{\"@id\":\"https:\\\/\\\/www.fcejs.unsl.edu.ar\\\/index.php\\\/la-fcejs-estuvo-presente-en-el-encuentro-anual-de-la-federacion-argentina-de-unidades-academicas-de-trabajo-social\\\/\"},\"author\":{\"name\":\"DATI\",\"@id\":\"https:\\\/\\\/www.fcejs.unsl.edu.ar\\\/#\\\/schema\\\/person\\\/352ee6ed90c3f394c7cb5945f8956d34\"},\"headline\":\"La FCEJS estuvo presente en el encuentro anual de la Federaci\u00f3n Argentina de Unidades Acad\u00e9micas de Trabajo Social\",\"datePublished\":\"2022-09-05T13:47:11+00:00\",\"dateModified\":\"2022-09-09T13:54:26+00:00\",\"mainEntityOfPage\":{\"@id\":\"https:\\\/\\\/www.fcejs.unsl.edu.ar\\\/index.php\\\/la-fcejs-estuvo-presente-en-el-encuentro-anual-de-la-federacion-argentina-de-unidades-academicas-de-trabajo-social\\\/\"},\"wordCount\":900,\"publisher\":{\"@id\":\"https:\\\/\\\/www.fcejs.unsl.edu.ar\\\/#organization\"},\"image\":{\"@id\":\"https:\\\/\\\/www.fcejs.unsl.edu.ar\\\/index.php\\\/la-fcejs-estuvo-presente-en-el-encuentro-anual-de-la-federacion-argentina-de-unidades-academicas-de-trabajo-social\\\/#primaryimage\"},\"thumbnailUrl\":\"https:\\\/\\\/www.fcejs.unsl.edu.ar\\\/wp-content\\\/uploads\\\/2022\\\/09\\\/FAUATS.jpg\",\"articleSection\":[\"Noticias\"],\"inLanguage\":\"es-AR\"},{\"@type\":\"WebPage\",\"@id\":\"https:\\\/\\\/www.fcejs.unsl.edu.ar\\\/index.php\\\/la-fcejs-estuvo-presente-en-el-encuentro-anual-de-la-federacion-argentina-de-unidades-academicas-de-trabajo-social\\\/\",\"url\":\"https:\\\/\\\/www.fcejs.unsl.edu.ar\\\/index.php\\\/la-fcejs-estuvo-presente-en-el-encuentro-anual-de-la-federacion-argentina-de-unidades-academicas-de-trabajo-social\\\/\",\"name\":\"La FCEJS estuvo presente en el encuentro anual de la Federaci\u00f3n Argentina de Unidades Acad\u00e9micas de Trabajo Social - Facultad de Ciencias Econ\u00f3micas, Jur\u00ed\u00addicas y Sociales\",\"isPartOf\":{\"@id\":\"https:\\\/\\\/www.fcejs.unsl.edu.ar\\\/#website\"},\"primaryImageOfPage\":{\"@id\":\"https:\\\/\\\/www.fcejs.unsl.edu.ar\\\/index.php\\\/la-fcejs-estuvo-presente-en-el-encuentro-anual-de-la-federacion-argentina-de-unidades-academicas-de-trabajo-social\\\/#primaryimage\"},\"image\":{\"@id\":\"https:\\\/\\\/www.fcejs.unsl.edu.ar\\\/index.php\\\/la-fcejs-estuvo-presente-en-el-encuentro-anual-de-la-federacion-argentina-de-unidades-academicas-de-trabajo-social\\\/#primaryimage\"},\"thumbnailUrl\":\"https:\\\/\\\/www.fcejs.unsl.edu.ar\\\/wp-content\\\/uploads\\\/2022\\\/09\\\/FAUATS.jpg\",\"datePublished\":\"2022-09-05T13:47:11+00:00\",\"dateModified\":\"2022-09-09T13:54:26+00:00\",\"breadcrumb\":{\"@id\":\"https:\\\/\\\/www.fcejs.unsl.edu.ar\\\/index.php\\\/la-fcejs-estuvo-presente-en-el-encuentro-anual-de-la-federacion-argentina-de-unidades-academicas-de-trabajo-social\\\/#breadcrumb\"},\"inLanguage\":\"es-AR\",\"potentialAction\":[{\"@type\":\"ReadAction\",\"target\":[\"https:\\\/\\\/www.fcejs.unsl.edu.ar\\\/index.php\\\/la-fcejs-estuvo-presente-en-el-encuentro-anual-de-la-federacion-argentina-de-unidades-academicas-de-trabajo-social\\\/\"]}]},{\"@type\":\"ImageObject\",\"inLanguage\":\"es-AR\",\"@id\":\"https:\\\/\\\/www.fcejs.unsl.edu.ar\\\/index.php\\\/la-fcejs-estuvo-presente-en-el-encuentro-anual-de-la-federacion-argentina-de-unidades-academicas-de-trabajo-social\\\/#primaryimage\",\"url\":\"https:\\\/\\\/www.fcejs.unsl.edu.ar\\\/wp-content\\\/uploads\\\/2022\\\/09\\\/FAUATS.jpg\",\"contentUrl\":\"https:\\\/\\\/www.fcejs.unsl.edu.ar\\\/wp-content\\\/uploads\\\/2022\\\/09\\\/FAUATS.jpg\",\"width\":1338,\"height\":519},{\"@type\":\"BreadcrumbList\",\"@id\":\"https:\\\/\\\/www.fcejs.unsl.edu.ar\\\/index.php\\\/la-fcejs-estuvo-presente-en-el-encuentro-anual-de-la-federacion-argentina-de-unidades-academicas-de-trabajo-social\\\/#breadcrumb\",\"itemListElement\":[{\"@type\":\"ListItem\",\"position\":1,\"name\":\"Inicio\",\"item\":\"https:\\\/\\\/www.fcejs.unsl.edu.ar\\\/\"},{\"@type\":\"ListItem\",\"position\":2,\"name\":\"La FCEJS estuvo presente en el encuentro anual de la Federaci\u00f3n Argentina de Unidades Acad\u00e9micas de Trabajo Social\"}]},{\"@type\":\"WebSite\",\"@id\":\"https:\\\/\\\/www.fcejs.unsl.edu.ar\\\/#website\",\"url\":\"https:\\\/\\\/www.fcejs.unsl.edu.ar\\\/\",\"name\":\"Facultad de Ciencias Econ\u00f3micas, Jur\u00ed\u00addicas y Sociales\",\"description\":\"\",\"publisher\":{\"@id\":\"https:\\\/\\\/www.fcejs.unsl.edu.ar\\\/#organization\"},\"potentialAction\":[{\"@type\":\"SearchAction\",\"target\":{\"@type\":\"EntryPoint\",\"urlTemplate\":\"https:\\\/\\\/www.fcejs.unsl.edu.ar\\\/?s={search_term_string}\"},\"query-input\":{\"@type\":\"PropertyValueSpecification\",\"valueRequired\":true,\"valueName\":\"search_term_string\"}}],\"inLanguage\":\"es-AR\"},{\"@type\":\"Organization\",\"@id\":\"https:\\\/\\\/www.fcejs.unsl.edu.ar\\\/#organization\",\"name\":\"Facultad de Ciencias Econ\u00f3micas, Jur\u00eddicas y Sociales\",\"url\":\"https:\\\/\\\/www.fcejs.unsl.edu.ar\\\/\",\"logo\":{\"@type\":\"ImageObject\",\"inLanguage\":\"es-AR\",\"@id\":\"https:\\\/\\\/www.fcejs.unsl.edu.ar\\\/#\\\/schema\\\/logo\\\/image\\\/\",\"url\":\"https:\\\/\\\/www.fcejs.unsl.edu.ar\\\/wp-content\\\/uploads\\\/2021\\\/03\\\/logo-1.jpg\",\"contentUrl\":\"https:\\\/\\\/www.fcejs.unsl.edu.ar\\\/wp-content\\\/uploads\\\/2021\\\/03\\\/logo-1.jpg\",\"width\":471,\"height\":146,\"caption\":\"Facultad de Ciencias Econ\u00f3micas, Jur\u00eddicas y Sociales\"},\"image\":{\"@id\":\"https:\\\/\\\/www.fcejs.unsl.edu.ar\\\/#\\\/schema\\\/logo\\\/image\\\/\"},\"sameAs\":[\"https:\\\/\\\/www.facebook.com\\\/FCEJS.UNSL\\\/\",\"https:\\\/\\\/x.com\\\/FCEJSUNSL\",\"https:\\\/\\\/www.instagram.com\\\/fcejs.unsl\\\/\",\"https:\\\/\\\/www.youtube.com\\\/channel\\\/UCH-Ut6EaN_X5ogjIQMPe46g\\\/\"]},{\"@type\":\"Person\",\"@id\":\"https:\\\/\\\/www.fcejs.unsl.edu.ar\\\/#\\\/schema\\\/person\\\/352ee6ed90c3f394c7cb5945f8956d34\",\"name\":\"DATI\"}]}<\/script>\n<!-- \/ Yoast SEO plugin. -->","yoast_head_json":{"title":"La FCEJS estuvo presente en el encuentro anual de la Federaci\u00f3n Argentina de Unidades Acad\u00e9micas de Trabajo Social - Facultad de Ciencias Econ\u00f3micas, Jur\u00ed\u00addicas y Sociales","robots":{"index":"index","follow":"follow","max-snippet":"max-snippet:-1","max-image-preview":"max-image-preview:large","max-video-preview":"max-video-preview:-1"},"canonical":"https:\/\/www.fcejs.unsl.edu.ar\/index.php\/la-fcejs-estuvo-presente-en-el-encuentro-anual-de-la-federacion-argentina-de-unidades-academicas-de-trabajo-social\/","og_locale":"es_ES","og_type":"article","og_title":"La FCEJS estuvo presente en el encuentro anual de la Federaci\u00f3n Argentina de Unidades Acad\u00e9micas de Trabajo Social - Facultad de Ciencias Econ\u00f3micas, Jur\u00ed\u00addicas y Sociales","og_description":"Este nuevo Encuentro Nacional de la Federaci\u00f3n Argentina de Unidades Acad\u00e9micas de Trabajo Social, junto a la Facultad de Trabajo\u00a0 Social de la Universidad Nacional&hellip;","og_url":"https:\/\/www.fcejs.unsl.edu.ar\/index.php\/la-fcejs-estuvo-presente-en-el-encuentro-anual-de-la-federacion-argentina-de-unidades-academicas-de-trabajo-social\/","og_site_name":"Facultad de Ciencias Econ\u00f3micas, Jur\u00ed\u00addicas y Sociales","article_publisher":"https:\/\/www.facebook.com\/FCEJS.UNSL\/","article_published_time":"2022-09-05T13:47:11+00:00","article_modified_time":"2022-09-09T13:54:26+00:00","og_image":[{"width":1338,"height":519,"url":"https:\/\/www.fcejs.unsl.edu.ar\/wp-content\/uploads\/2022\/09\/FAUATS.jpg","type":"image\/jpeg"}],"author":"DATI","twitter_card":"summary_large_image","twitter_creator":"@FCEJSUNSL","twitter_site":"@FCEJSUNSL","twitter_misc":{"Escrito por":"DATI","Tiempo de lectura":"4 minutos"},"schema":{"@context":"https:\/\/schema.org","@graph":[{"@type":"Article","@id":"https:\/\/www.fcejs.unsl.edu.ar\/index.php\/la-fcejs-estuvo-presente-en-el-encuentro-anual-de-la-federacion-argentina-de-unidades-academicas-de-trabajo-social\/#article","isPartOf":{"@id":"https:\/\/www.fcejs.unsl.edu.ar\/index.php\/la-fcejs-estuvo-presente-en-el-encuentro-anual-de-la-federacion-argentina-de-unidades-academicas-de-trabajo-social\/"},"author":{"name":"DATI","@id":"https:\/\/www.fcejs.unsl.edu.ar\/#\/schema\/person\/352ee6ed90c3f394c7cb5945f8956d34"},"headline":"La FCEJS estuvo presente en el encuentro anual de la Federaci\u00f3n Argentina de Unidades Acad\u00e9micas de Trabajo Social","datePublished":"2022-09-05T13:47:11+00:00","dateModified":"2022-09-09T13:54:26+00:00","mainEntityOfPage":{"@id":"https:\/\/www.fcejs.unsl.edu.ar\/index.php\/la-fcejs-estuvo-presente-en-el-encuentro-anual-de-la-federacion-argentina-de-unidades-academicas-de-trabajo-social\/"},"wordCount":900,"publisher":{"@id":"https:\/\/www.fcejs.unsl.edu.ar\/#organization"},"image":{"@id":"https:\/\/www.fcejs.unsl.edu.ar\/index.php\/la-fcejs-estuvo-presente-en-el-encuentro-anual-de-la-federacion-argentina-de-unidades-academicas-de-trabajo-social\/#primaryimage"},"thumbnailUrl":"https:\/\/www.fcejs.unsl.edu.ar\/wp-content\/uploads\/2022\/09\/FAUATS.jpg","articleSection":["Noticias"],"inLanguage":"es-AR"},{"@type":"WebPage","@id":"https:\/\/www.fcejs.unsl.edu.ar\/index.php\/la-fcejs-estuvo-presente-en-el-encuentro-anual-de-la-federacion-argentina-de-unidades-academicas-de-trabajo-social\/","url":"https:\/\/www.fcejs.unsl.edu.ar\/index.php\/la-fcejs-estuvo-presente-en-el-encuentro-anual-de-la-federacion-argentina-de-unidades-academicas-de-trabajo-social\/","name":"La FCEJS estuvo presente en el encuentro anual de la Federaci\u00f3n Argentina de Unidades Acad\u00e9micas de Trabajo Social - Facultad de Ciencias Econ\u00f3micas, Jur\u00ed\u00addicas y Sociales","isPartOf":{"@id":"https:\/\/www.fcejs.unsl.edu.ar\/#website"},"primaryImageOfPage":{"@id":"https:\/\/www.fcejs.unsl.edu.ar\/index.php\/la-fcejs-estuvo-presente-en-el-encuentro-anual-de-la-federacion-argentina-de-unidades-academicas-de-trabajo-social\/#primaryimage"},"image":{"@id":"https:\/\/www.fcejs.unsl.edu.ar\/index.php\/la-fcejs-estuvo-presente-en-el-encuentro-anual-de-la-federacion-argentina-de-unidades-academicas-de-trabajo-social\/#primaryimage"},"thumbnailUrl":"https:\/\/www.fcejs.unsl.edu.ar\/wp-content\/uploads\/2022\/09\/FAUATS.jpg","datePublished":"2022-09-05T13:47:11+00:00","dateModified":"2022-09-09T13:54:26+00:00","breadcrumb":{"@id":"https:\/\/www.fcejs.unsl.edu.ar\/index.php\/la-fcejs-estuvo-presente-en-el-encuentro-anual-de-la-federacion-argentina-de-unidades-academicas-de-trabajo-social\/#breadcrumb"},"inLanguage":"es-AR","potentialAction":[{"@type":"ReadAction","target":["https:\/\/www.fcejs.unsl.edu.ar\/index.php\/la-fcejs-estuvo-presente-en-el-encuentro-anual-de-la-federacion-argentina-de-unidades-academicas-de-trabajo-social\/"]}]},{"@type":"ImageObject","inLanguage":"es-AR","@id":"https:\/\/www.fcejs.unsl.edu.ar\/index.php\/la-fcejs-estuvo-presente-en-el-encuentro-anual-de-la-federacion-argentina-de-unidades-academicas-de-trabajo-social\/#primaryimage","url":"https:\/\/www.fcejs.unsl.edu.ar\/wp-content\/uploads\/2022\/09\/FAUATS.jpg","contentUrl":"https:\/\/www.fcejs.unsl.edu.ar\/wp-content\/uploads\/2022\/09\/FAUATS.jpg","width":1338,"height":519},{"@type":"BreadcrumbList","@id":"https:\/\/www.fcejs.unsl.edu.ar\/index.php\/la-fcejs-estuvo-presente-en-el-encuentro-anual-de-la-federacion-argentina-de-unidades-academicas-de-trabajo-social\/#breadcrumb","itemListElement":[{"@type":"ListItem","position":1,"name":"Inicio","item":"https:\/\/www.fcejs.unsl.edu.ar\/"},{"@type":"ListItem","position":2,"name":"La FCEJS estuvo presente en el encuentro anual de la Federaci\u00f3n Argentina de Unidades Acad\u00e9micas de Trabajo Social"}]},{"@type":"WebSite","@id":"https:\/\/www.fcejs.unsl.edu.ar\/#website","url":"https:\/\/www.fcejs.unsl.edu.ar\/","name":"Facultad de Ciencias Econ\u00f3micas, Jur\u00ed\u00addicas y Sociales","description":"","publisher":{"@id":"https:\/\/www.fcejs.unsl.edu.ar\/#organization"},"potentialAction":[{"@type":"SearchAction","target":{"@type":"EntryPoint","urlTemplate":"https:\/\/www.fcejs.unsl.edu.ar\/?s={search_term_string}"},"query-input":{"@type":"PropertyValueSpecification","valueRequired":true,"valueName":"search_term_string"}}],"inLanguage":"es-AR"},{"@type":"Organization","@id":"https:\/\/www.fcejs.unsl.edu.ar\/#organization","name":"Facultad de Ciencias Econ\u00f3micas, Jur\u00eddicas y Sociales","url":"https:\/\/www.fcejs.unsl.edu.ar\/","logo":{"@type":"ImageObject","inLanguage":"es-AR","@id":"https:\/\/www.fcejs.unsl.edu.ar\/#\/schema\/logo\/image\/","url":"https:\/\/www.fcejs.unsl.edu.ar\/wp-content\/uploads\/2021\/03\/logo-1.jpg","contentUrl":"https:\/\/www.fcejs.unsl.edu.ar\/wp-content\/uploads\/2021\/03\/logo-1.jpg","width":471,"height":146,"caption":"Facultad de Ciencias Econ\u00f3micas, Jur\u00eddicas y Sociales"},"image":{"@id":"https:\/\/www.fcejs.unsl.edu.ar\/#\/schema\/logo\/image\/"},"sameAs":["https:\/\/www.facebook.com\/FCEJS.UNSL\/","https:\/\/x.com\/FCEJSUNSL","https:\/\/www.instagram.com\/fcejs.unsl\/","https:\/\/www.youtube.com\/channel\/UCH-Ut6EaN_X5ogjIQMPe46g\/"]},{"@type":"Person","@id":"https:\/\/www.fcejs.unsl.edu.ar\/#\/schema\/person\/352ee6ed90c3f394c7cb5945f8956d34","name":"DATI"}]}},"jetpack_featured_media_url":"https:\/\/www.fcejs.unsl.edu.ar\/wp-content\/uploads\/2022\/09\/FAUATS.jpg","_links":{"self":[{"href":"https:\/\/www.fcejs.unsl.edu.ar\/index.php\/wp-json\/wp\/v2\/posts\/9002","targetHints":{"allow":["GET"]}}],"collection":[{"href":"https:\/\/www.fcejs.unsl.edu.ar\/index.php\/wp-json\/wp\/v2\/posts"}],"about":[{"href":"https:\/\/www.fcejs.unsl.edu.ar\/index.php\/wp-json\/wp\/v2\/types\/post"}],"author":[{"embeddable":true,"href":"https:\/\/www.fcejs.unsl.edu.ar\/index.php\/wp-json\/wp\/v2\/users\/9"}],"replies":[{"embeddable":true,"href":"https:\/\/www.fcejs.unsl.edu.ar\/index.php\/wp-json\/wp\/v2\/comments?post=9002"}],"version-history":[{"count":9,"href":"https:\/\/www.fcejs.unsl.edu.ar\/index.php\/wp-json\/wp\/v2\/posts\/9002\/revisions"}],"predecessor-version":[{"id":9098,"href":"https:\/\/www.fcejs.unsl.edu.ar\/index.php\/wp-json\/wp\/v2\/posts\/9002\/revisions\/9098"}],"wp:featuredmedia":[{"embeddable":true,"href":"https:\/\/www.fcejs.unsl.edu.ar\/index.php\/wp-json\/wp\/v2\/media\/9003"}],"wp:attachment":[{"href":"https:\/\/www.fcejs.unsl.edu.ar\/index.php\/wp-json\/wp\/v2\/media?parent=9002"}],"wp:term":[{"taxonomy":"category","embeddable":true,"href":"https:\/\/www.fcejs.unsl.edu.ar\/index.php\/wp-json\/wp\/v2\/categories?post=9002"},{"taxonomy":"post_tag","embeddable":true,"href":"https:\/\/www.fcejs.unsl.edu.ar\/index.php\/wp-json\/wp\/v2\/tags?post=9002"}],"curies":[{"name":"wp","href":"https:\/\/api.w.org\/{rel}","templated":true}]}}