{"id":8959,"date":"2022-08-30T21:58:39","date_gmt":"2022-08-31T00:58:39","guid":{"rendered":"http:\/\/10.101.10.197\/www\/?p=8959"},"modified":"2022-10-21T13:27:34","modified_gmt":"2022-10-21T16:27:34","slug":"abren-las-preinscripciones-online-para-el-ciclo-lectivo-2023","status":"publish","type":"post","link":"https:\/\/www.fcejs.unsl.edu.ar\/index.php\/abren-las-preinscripciones-online-para-el-ciclo-lectivo-2023\/","title":{"rendered":"Abren las preinscripciones online para el ciclo lectivo 2023"},"content":{"rendered":"<p><strong>A partir del lunes 5 de septiembre y hasta el 31 de marzo del a\u00f1o siguiente, estar\u00e1n habilitadas las preinscripciones online a carreras de la Universidad Nacional de San Luis (UNSL).<\/strong><\/p>\n<p>Los\/as interesados\/as deber\u00e1n ingresar a\u00a0<a href=\"https:\/\/carreras.unsl.edu.ar\/\">carreras.unsl.edu.ar<\/a>\u00a0e iniciar un proceso de tres (3) pasos: elegir una carrera, realizar la preinscripci\u00f3n online, y presentar la documentaci\u00f3n (en las fechas informadas oportunamente por cada Facultad).<\/p>\n<p>En la ficha de preinscripci\u00f3n se debe colocar con claridad: n\u00famero de celular, direcci\u00f3n de mail (con extensi\u00f3n\u00a0@gmail.com preferentemente, NO se admitir\u00e1n mails institucionales)\u00a0y un domicilio vigente.\u00a0Estos datos son esenciales para que las dependencias acad\u00e9micas de la UNSL puedan contactarse con el\/la interesado\/a en caso de requerirlo.<\/p>\n<p>Para que la ficha se conserve llena, deber\u00e1 primero guardarla y luego imprimirla, ejecutar ambas acciones usando las indicaciones respectivas. En todos los documentos escolares, el\/los apellido\/s y nombre\/s deben coincidir textualmente con el documento de acreditaci\u00f3n de identidad vigente.<\/p>\n<p><strong>Documentaci\u00f3n a presentar<\/strong><\/p>\n<ul>\n<li><strong>Formulario de preinscripci\u00f3n online<\/strong>,\u00a0completo e impreso.<\/li>\n<li><strong>Fotocopia del documento de identidad<\/strong>, con el \u00faltimo domicilio vigente.<\/li>\n<li><strong>Comprobante de finalizaci\u00f3n de estudios secundarios<\/strong>. Si fuese necesario indicar materias adeudadas (no m\u00e1s de tres (3)).<\/li>\n<li><strong>Partida o acta de nacimiento<\/strong>\u00a0(legalizada).<\/li>\n<li><strong>Dos (2) fotos 4 x 4.<\/strong><\/li>\n<li><strong>Certificado de salud<\/strong>.<\/li>\n<\/ul>\n<p><strong>Sobre el certificado de salud<\/strong><\/p>\n<p>El mismo podr\u00e1 ser emitido por el Centro de Salud Estudiantil de la sede donde reside la Facultad; o por una entidad p\u00fablica. Para que el certificado pueda ser emitido, deber\u00e1n presentarse los siguientes estudios m\u00e9dicos: hemograma completo, glucemia, colesterol total, VDRL, VSG (eritrosedimentaci\u00f3n), chagas, grupo y factor sangu\u00edneo, orina completa.<\/p>\n<p>Quienes acudan a los Centros de Salud Estudiantil de la UNSL, podr\u00e1n hacerlo en:<\/p>\n<p>San Luis: Centro de Salud Estudiantil Universitaria (CeSEU) \u2013 Rivadavia 1359<br \/>\nVilla Mercedes: Centro Universitario de Salud Estudiantil (CUSE) \u2013 Jun\u00edn 269<\/p>\n<p>Si los estudios son realizados por una entidad p\u00fablica, deber\u00e1n ser visados por el Centro de Salud Estudiantil de la sede donde reside la Facultad, a excepci\u00f3n de la Villa de Merlo que no requiere visado del Centro de Salud Estudiantil.<\/p>\n<p><strong>Consultas<\/strong><\/p>\n<p>Ante cualquier consulta podr\u00e1n ingresar a las\u00a0<a href=\"https:\/\/carreras.unsl.edu.ar\/facultades\/\">\u00e1reas de ingreso de cada Facultad<\/a>\u00a0o comunicarse a\u00a0<a href=\"mailto:carreras.unsl@gmail.com\">carreras.unsl@gmail.com<\/a>\u00a0y redes sociales de\u00a0<a href=\"https:\/\/www.instagram.com\/mesainf.unsl\/?hl=es-la\">Mesa Informativa UNSL<\/a>.<\/p>\n<p>&nbsp;<\/p>\n<p><strong>FUENTE: PRENSA RECTORADO | UNSL<\/strong><\/p>\n","protected":false},"excerpt":{"rendered":"<p>A partir del lunes 5 de septiembre y hasta el 31 de marzo del a\u00f1o siguiente, estar\u00e1n habilitadas las preinscripciones online a carreras de la&hellip;<\/p>\n","protected":false},"author":9,"featured_media":4647,"comment_status":"closed","ping_status":"closed","sticky":false,"template":"","format":"standard","meta":{"om_disable_all_campaigns":false,"_monsterinsights_skip_tracking":false,"_monsterinsights_sitenote_active":false,"_monsterinsights_sitenote_note":"","_monsterinsights_sitenote_category":0,"footnotes":""},"categories":[1],"tags":[],"class_list":["post-8959","post","type-post","status-publish","format-standard","has-post-thumbnail","hentry","category-noticias"],"yoast_head":"<!-- This site is optimized with the Yoast SEO plugin v27.4 - https:\/\/yoast.com\/product\/yoast-seo-wordpress\/ -->\n<title>Abren las preinscripciones online para el ciclo lectivo 2023 - Facultad de Ciencias Econ\u00f3micas, Jur\u00ed\u00addicas y Sociales<\/title>\n<meta name=\"robots\" content=\"index, follow, max-snippet:-1, max-image-preview:large, max-video-preview:-1\" \/>\n<link rel=\"canonical\" href=\"https:\/\/www.fcejs.unsl.edu.ar\/index.php\/abren-las-preinscripciones-online-para-el-ciclo-lectivo-2023\/\" \/>\n<meta property=\"og:locale\" content=\"es_ES\" \/>\n<meta property=\"og:type\" content=\"article\" \/>\n<meta property=\"og:title\" content=\"Abren las preinscripciones online para el ciclo lectivo 2023 - Facultad de Ciencias Econ\u00f3micas, Jur\u00ed\u00addicas y Sociales\" \/>\n<meta property=\"og:description\" content=\"A partir del lunes 5 de septiembre y hasta el 31 de marzo del a\u00f1o siguiente, estar\u00e1n habilitadas las preinscripciones online a carreras de la&hellip;\" \/>\n<meta property=\"og:url\" content=\"https:\/\/www.fcejs.unsl.edu.ar\/index.php\/abren-las-preinscripciones-online-para-el-ciclo-lectivo-2023\/\" \/>\n<meta property=\"og:site_name\" content=\"Facultad de Ciencias Econ\u00f3micas, Jur\u00ed\u00addicas y Sociales\" \/>\n<meta property=\"article:publisher\" content=\"https:\/\/www.facebook.com\/FCEJS.UNSL\/\" \/>\n<meta property=\"article:published_time\" content=\"2022-08-31T00:58:39+00:00\" \/>\n<meta property=\"article:modified_time\" content=\"2022-10-21T16:27:34+00:00\" \/>\n<meta property=\"og:image\" content=\"https:\/\/www.fcejs.unsl.edu.ar\/wp-content\/uploads\/2021\/08\/ingreso-2021-25anos.jpg\" \/>\n\t<meta property=\"og:image:width\" content=\"1152\" \/>\n\t<meta property=\"og:image:height\" content=\"647\" \/>\n\t<meta property=\"og:image:type\" content=\"image\/jpeg\" \/>\n<meta name=\"author\" content=\"DATI\" \/>\n<meta name=\"twitter:card\" content=\"summary_large_image\" \/>\n<meta name=\"twitter:creator\" content=\"@FCEJSUNSL\" \/>\n<meta name=\"twitter:site\" content=\"@FCEJSUNSL\" \/>\n<meta name=\"twitter:label1\" content=\"Escrito por\" \/>\n\t<meta name=\"twitter:data1\" content=\"DATI\" \/>\n\t<meta name=\"twitter:label2\" content=\"Tiempo de lectura\" \/>\n\t<meta name=\"twitter:data2\" content=\"2 minutos\" \/>\n<script type=\"application\/ld+json\" class=\"yoast-schema-graph\">{\"@context\":\"https:\\\/\\\/schema.org\",\"@graph\":[{\"@type\":\"Article\",\"@id\":\"https:\\\/\\\/www.fcejs.unsl.edu.ar\\\/index.php\\\/abren-las-preinscripciones-online-para-el-ciclo-lectivo-2023\\\/#article\",\"isPartOf\":{\"@id\":\"https:\\\/\\\/www.fcejs.unsl.edu.ar\\\/index.php\\\/abren-las-preinscripciones-online-para-el-ciclo-lectivo-2023\\\/\"},\"author\":{\"name\":\"DATI\",\"@id\":\"https:\\\/\\\/www.fcejs.unsl.edu.ar\\\/#\\\/schema\\\/person\\\/352ee6ed90c3f394c7cb5945f8956d34\"},\"headline\":\"Abren las preinscripciones online para el ciclo lectivo 2023\",\"datePublished\":\"2022-08-31T00:58:39+00:00\",\"dateModified\":\"2022-10-21T16:27:34+00:00\",\"mainEntityOfPage\":{\"@id\":\"https:\\\/\\\/www.fcejs.unsl.edu.ar\\\/index.php\\\/abren-las-preinscripciones-online-para-el-ciclo-lectivo-2023\\\/\"},\"wordCount\":407,\"publisher\":{\"@id\":\"https:\\\/\\\/www.fcejs.unsl.edu.ar\\\/#organization\"},\"image\":{\"@id\":\"https:\\\/\\\/www.fcejs.unsl.edu.ar\\\/index.php\\\/abren-las-preinscripciones-online-para-el-ciclo-lectivo-2023\\\/#primaryimage\"},\"thumbnailUrl\":\"https:\\\/\\\/www.fcejs.unsl.edu.ar\\\/wp-content\\\/uploads\\\/2021\\\/08\\\/ingreso-2021-25anos.jpg\",\"articleSection\":[\"Noticias\"],\"inLanguage\":\"es-AR\"},{\"@type\":\"WebPage\",\"@id\":\"https:\\\/\\\/www.fcejs.unsl.edu.ar\\\/index.php\\\/abren-las-preinscripciones-online-para-el-ciclo-lectivo-2023\\\/\",\"url\":\"https:\\\/\\\/www.fcejs.unsl.edu.ar\\\/index.php\\\/abren-las-preinscripciones-online-para-el-ciclo-lectivo-2023\\\/\",\"name\":\"Abren las preinscripciones online para el ciclo lectivo 2023 - Facultad de Ciencias Econ\u00f3micas, Jur\u00ed\u00addicas y Sociales\",\"isPartOf\":{\"@id\":\"https:\\\/\\\/www.fcejs.unsl.edu.ar\\\/#website\"},\"primaryImageOfPage\":{\"@id\":\"https:\\\/\\\/www.fcejs.unsl.edu.ar\\\/index.php\\\/abren-las-preinscripciones-online-para-el-ciclo-lectivo-2023\\\/#primaryimage\"},\"image\":{\"@id\":\"https:\\\/\\\/www.fcejs.unsl.edu.ar\\\/index.php\\\/abren-las-preinscripciones-online-para-el-ciclo-lectivo-2023\\\/#primaryimage\"},\"thumbnailUrl\":\"https:\\\/\\\/www.fcejs.unsl.edu.ar\\\/wp-content\\\/uploads\\\/2021\\\/08\\\/ingreso-2021-25anos.jpg\",\"datePublished\":\"2022-08-31T00:58:39+00:00\",\"dateModified\":\"2022-10-21T16:27:34+00:00\",\"breadcrumb\":{\"@id\":\"https:\\\/\\\/www.fcejs.unsl.edu.ar\\\/index.php\\\/abren-las-preinscripciones-online-para-el-ciclo-lectivo-2023\\\/#breadcrumb\"},\"inLanguage\":\"es-AR\",\"potentialAction\":[{\"@type\":\"ReadAction\",\"target\":[\"https:\\\/\\\/www.fcejs.unsl.edu.ar\\\/index.php\\\/abren-las-preinscripciones-online-para-el-ciclo-lectivo-2023\\\/\"]}]},{\"@type\":\"ImageObject\",\"inLanguage\":\"es-AR\",\"@id\":\"https:\\\/\\\/www.fcejs.unsl.edu.ar\\\/index.php\\\/abren-las-preinscripciones-online-para-el-ciclo-lectivo-2023\\\/#primaryimage\",\"url\":\"https:\\\/\\\/www.fcejs.unsl.edu.ar\\\/wp-content\\\/uploads\\\/2021\\\/08\\\/ingreso-2021-25anos.jpg\",\"contentUrl\":\"https:\\\/\\\/www.fcejs.unsl.edu.ar\\\/wp-content\\\/uploads\\\/2021\\\/08\\\/ingreso-2021-25anos.jpg\",\"width\":1152,\"height\":647},{\"@type\":\"BreadcrumbList\",\"@id\":\"https:\\\/\\\/www.fcejs.unsl.edu.ar\\\/index.php\\\/abren-las-preinscripciones-online-para-el-ciclo-lectivo-2023\\\/#breadcrumb\",\"itemListElement\":[{\"@type\":\"ListItem\",\"position\":1,\"name\":\"Inicio\",\"item\":\"https:\\\/\\\/www.fcejs.unsl.edu.ar\\\/\"},{\"@type\":\"ListItem\",\"position\":2,\"name\":\"Abren las preinscripciones online para el ciclo lectivo 2023\"}]},{\"@type\":\"WebSite\",\"@id\":\"https:\\\/\\\/www.fcejs.unsl.edu.ar\\\/#website\",\"url\":\"https:\\\/\\\/www.fcejs.unsl.edu.ar\\\/\",\"name\":\"Facultad de Ciencias Econ\u00f3micas, Jur\u00ed\u00addicas y Sociales\",\"description\":\"\",\"publisher\":{\"@id\":\"https:\\\/\\\/www.fcejs.unsl.edu.ar\\\/#organization\"},\"potentialAction\":[{\"@type\":\"SearchAction\",\"target\":{\"@type\":\"EntryPoint\",\"urlTemplate\":\"https:\\\/\\\/www.fcejs.unsl.edu.ar\\\/?s={search_term_string}\"},\"query-input\":{\"@type\":\"PropertyValueSpecification\",\"valueRequired\":true,\"valueName\":\"search_term_string\"}}],\"inLanguage\":\"es-AR\"},{\"@type\":\"Organization\",\"@id\":\"https:\\\/\\\/www.fcejs.unsl.edu.ar\\\/#organization\",\"name\":\"Facultad de Ciencias Econ\u00f3micas, Jur\u00eddicas y Sociales\",\"url\":\"https:\\\/\\\/www.fcejs.unsl.edu.ar\\\/\",\"logo\":{\"@type\":\"ImageObject\",\"inLanguage\":\"es-AR\",\"@id\":\"https:\\\/\\\/www.fcejs.unsl.edu.ar\\\/#\\\/schema\\\/logo\\\/image\\\/\",\"url\":\"https:\\\/\\\/www.fcejs.unsl.edu.ar\\\/wp-content\\\/uploads\\\/2021\\\/03\\\/logo-1.jpg\",\"contentUrl\":\"https:\\\/\\\/www.fcejs.unsl.edu.ar\\\/wp-content\\\/uploads\\\/2021\\\/03\\\/logo-1.jpg\",\"width\":471,\"height\":146,\"caption\":\"Facultad de Ciencias Econ\u00f3micas, Jur\u00eddicas y Sociales\"},\"image\":{\"@id\":\"https:\\\/\\\/www.fcejs.unsl.edu.ar\\\/#\\\/schema\\\/logo\\\/image\\\/\"},\"sameAs\":[\"https:\\\/\\\/www.facebook.com\\\/FCEJS.UNSL\\\/\",\"https:\\\/\\\/x.com\\\/FCEJSUNSL\",\"https:\\\/\\\/www.instagram.com\\\/fcejs.unsl\\\/\",\"https:\\\/\\\/www.youtube.com\\\/channel\\\/UCH-Ut6EaN_X5ogjIQMPe46g\\\/\"]},{\"@type\":\"Person\",\"@id\":\"https:\\\/\\\/www.fcejs.unsl.edu.ar\\\/#\\\/schema\\\/person\\\/352ee6ed90c3f394c7cb5945f8956d34\",\"name\":\"DATI\"}]}<\/script>\n<!-- \/ Yoast SEO plugin. -->","yoast_head_json":{"title":"Abren las preinscripciones online para el ciclo lectivo 2023 - Facultad de Ciencias Econ\u00f3micas, Jur\u00ed\u00addicas y Sociales","robots":{"index":"index","follow":"follow","max-snippet":"max-snippet:-1","max-image-preview":"max-image-preview:large","max-video-preview":"max-video-preview:-1"},"canonical":"https:\/\/www.fcejs.unsl.edu.ar\/index.php\/abren-las-preinscripciones-online-para-el-ciclo-lectivo-2023\/","og_locale":"es_ES","og_type":"article","og_title":"Abren las preinscripciones online para el ciclo lectivo 2023 - Facultad de Ciencias Econ\u00f3micas, Jur\u00ed\u00addicas y Sociales","og_description":"A partir del lunes 5 de septiembre y hasta el 31 de marzo del a\u00f1o siguiente, estar\u00e1n habilitadas las preinscripciones online a carreras de la&hellip;","og_url":"https:\/\/www.fcejs.unsl.edu.ar\/index.php\/abren-las-preinscripciones-online-para-el-ciclo-lectivo-2023\/","og_site_name":"Facultad de Ciencias Econ\u00f3micas, Jur\u00ed\u00addicas y Sociales","article_publisher":"https:\/\/www.facebook.com\/FCEJS.UNSL\/","article_published_time":"2022-08-31T00:58:39+00:00","article_modified_time":"2022-10-21T16:27:34+00:00","og_image":[{"width":1152,"height":647,"url":"https:\/\/www.fcejs.unsl.edu.ar\/wp-content\/uploads\/2021\/08\/ingreso-2021-25anos.jpg","type":"image\/jpeg"}],"author":"DATI","twitter_card":"summary_large_image","twitter_creator":"@FCEJSUNSL","twitter_site":"@FCEJSUNSL","twitter_misc":{"Escrito por":"DATI","Tiempo de lectura":"2 minutos"},"schema":{"@context":"https:\/\/schema.org","@graph":[{"@type":"Article","@id":"https:\/\/www.fcejs.unsl.edu.ar\/index.php\/abren-las-preinscripciones-online-para-el-ciclo-lectivo-2023\/#article","isPartOf":{"@id":"https:\/\/www.fcejs.unsl.edu.ar\/index.php\/abren-las-preinscripciones-online-para-el-ciclo-lectivo-2023\/"},"author":{"name":"DATI","@id":"https:\/\/www.fcejs.unsl.edu.ar\/#\/schema\/person\/352ee6ed90c3f394c7cb5945f8956d34"},"headline":"Abren las preinscripciones online para el ciclo lectivo 2023","datePublished":"2022-08-31T00:58:39+00:00","dateModified":"2022-10-21T16:27:34+00:00","mainEntityOfPage":{"@id":"https:\/\/www.fcejs.unsl.edu.ar\/index.php\/abren-las-preinscripciones-online-para-el-ciclo-lectivo-2023\/"},"wordCount":407,"publisher":{"@id":"https:\/\/www.fcejs.unsl.edu.ar\/#organization"},"image":{"@id":"https:\/\/www.fcejs.unsl.edu.ar\/index.php\/abren-las-preinscripciones-online-para-el-ciclo-lectivo-2023\/#primaryimage"},"thumbnailUrl":"https:\/\/www.fcejs.unsl.edu.ar\/wp-content\/uploads\/2021\/08\/ingreso-2021-25anos.jpg","articleSection":["Noticias"],"inLanguage":"es-AR"},{"@type":"WebPage","@id":"https:\/\/www.fcejs.unsl.edu.ar\/index.php\/abren-las-preinscripciones-online-para-el-ciclo-lectivo-2023\/","url":"https:\/\/www.fcejs.unsl.edu.ar\/index.php\/abren-las-preinscripciones-online-para-el-ciclo-lectivo-2023\/","name":"Abren las preinscripciones online para el ciclo lectivo 2023 - Facultad de Ciencias Econ\u00f3micas, Jur\u00ed\u00addicas y Sociales","isPartOf":{"@id":"https:\/\/www.fcejs.unsl.edu.ar\/#website"},"primaryImageOfPage":{"@id":"https:\/\/www.fcejs.unsl.edu.ar\/index.php\/abren-las-preinscripciones-online-para-el-ciclo-lectivo-2023\/#primaryimage"},"image":{"@id":"https:\/\/www.fcejs.unsl.edu.ar\/index.php\/abren-las-preinscripciones-online-para-el-ciclo-lectivo-2023\/#primaryimage"},"thumbnailUrl":"https:\/\/www.fcejs.unsl.edu.ar\/wp-content\/uploads\/2021\/08\/ingreso-2021-25anos.jpg","datePublished":"2022-08-31T00:58:39+00:00","dateModified":"2022-10-21T16:27:34+00:00","breadcrumb":{"@id":"https:\/\/www.fcejs.unsl.edu.ar\/index.php\/abren-las-preinscripciones-online-para-el-ciclo-lectivo-2023\/#breadcrumb"},"inLanguage":"es-AR","potentialAction":[{"@type":"ReadAction","target":["https:\/\/www.fcejs.unsl.edu.ar\/index.php\/abren-las-preinscripciones-online-para-el-ciclo-lectivo-2023\/"]}]},{"@type":"ImageObject","inLanguage":"es-AR","@id":"https:\/\/www.fcejs.unsl.edu.ar\/index.php\/abren-las-preinscripciones-online-para-el-ciclo-lectivo-2023\/#primaryimage","url":"https:\/\/www.fcejs.unsl.edu.ar\/wp-content\/uploads\/2021\/08\/ingreso-2021-25anos.jpg","contentUrl":"https:\/\/www.fcejs.unsl.edu.ar\/wp-content\/uploads\/2021\/08\/ingreso-2021-25anos.jpg","width":1152,"height":647},{"@type":"BreadcrumbList","@id":"https:\/\/www.fcejs.unsl.edu.ar\/index.php\/abren-las-preinscripciones-online-para-el-ciclo-lectivo-2023\/#breadcrumb","itemListElement":[{"@type":"ListItem","position":1,"name":"Inicio","item":"https:\/\/www.fcejs.unsl.edu.ar\/"},{"@type":"ListItem","position":2,"name":"Abren las preinscripciones online para el ciclo lectivo 2023"}]},{"@type":"WebSite","@id":"https:\/\/www.fcejs.unsl.edu.ar\/#website","url":"https:\/\/www.fcejs.unsl.edu.ar\/","name":"Facultad de Ciencias Econ\u00f3micas, Jur\u00ed\u00addicas y Sociales","description":"","publisher":{"@id":"https:\/\/www.fcejs.unsl.edu.ar\/#organization"},"potentialAction":[{"@type":"SearchAction","target":{"@type":"EntryPoint","urlTemplate":"https:\/\/www.fcejs.unsl.edu.ar\/?s={search_term_string}"},"query-input":{"@type":"PropertyValueSpecification","valueRequired":true,"valueName":"search_term_string"}}],"inLanguage":"es-AR"},{"@type":"Organization","@id":"https:\/\/www.fcejs.unsl.edu.ar\/#organization","name":"Facultad de Ciencias Econ\u00f3micas, Jur\u00eddicas y Sociales","url":"https:\/\/www.fcejs.unsl.edu.ar\/","logo":{"@type":"ImageObject","inLanguage":"es-AR","@id":"https:\/\/www.fcejs.unsl.edu.ar\/#\/schema\/logo\/image\/","url":"https:\/\/www.fcejs.unsl.edu.ar\/wp-content\/uploads\/2021\/03\/logo-1.jpg","contentUrl":"https:\/\/www.fcejs.unsl.edu.ar\/wp-content\/uploads\/2021\/03\/logo-1.jpg","width":471,"height":146,"caption":"Facultad de Ciencias Econ\u00f3micas, Jur\u00eddicas y Sociales"},"image":{"@id":"https:\/\/www.fcejs.unsl.edu.ar\/#\/schema\/logo\/image\/"},"sameAs":["https:\/\/www.facebook.com\/FCEJS.UNSL\/","https:\/\/x.com\/FCEJSUNSL","https:\/\/www.instagram.com\/fcejs.unsl\/","https:\/\/www.youtube.com\/channel\/UCH-Ut6EaN_X5ogjIQMPe46g\/"]},{"@type":"Person","@id":"https:\/\/www.fcejs.unsl.edu.ar\/#\/schema\/person\/352ee6ed90c3f394c7cb5945f8956d34","name":"DATI"}]}},"jetpack_featured_media_url":"https:\/\/www.fcejs.unsl.edu.ar\/wp-content\/uploads\/2021\/08\/ingreso-2021-25anos.jpg","_links":{"self":[{"href":"https:\/\/www.fcejs.unsl.edu.ar\/index.php\/wp-json\/wp\/v2\/posts\/8959","targetHints":{"allow":["GET"]}}],"collection":[{"href":"https:\/\/www.fcejs.unsl.edu.ar\/index.php\/wp-json\/wp\/v2\/posts"}],"about":[{"href":"https:\/\/www.fcejs.unsl.edu.ar\/index.php\/wp-json\/wp\/v2\/types\/post"}],"author":[{"embeddable":true,"href":"https:\/\/www.fcejs.unsl.edu.ar\/index.php\/wp-json\/wp\/v2\/users\/9"}],"replies":[{"embeddable":true,"href":"https:\/\/www.fcejs.unsl.edu.ar\/index.php\/wp-json\/wp\/v2\/comments?post=8959"}],"version-history":[{"count":1,"href":"https:\/\/www.fcejs.unsl.edu.ar\/index.php\/wp-json\/wp\/v2\/posts\/8959\/revisions"}],"predecessor-version":[{"id":8960,"href":"https:\/\/www.fcejs.unsl.edu.ar\/index.php\/wp-json\/wp\/v2\/posts\/8959\/revisions\/8960"}],"wp:featuredmedia":[{"embeddable":true,"href":"https:\/\/www.fcejs.unsl.edu.ar\/index.php\/wp-json\/wp\/v2\/media\/4647"}],"wp:attachment":[{"href":"https:\/\/www.fcejs.unsl.edu.ar\/index.php\/wp-json\/wp\/v2\/media?parent=8959"}],"wp:term":[{"taxonomy":"category","embeddable":true,"href":"https:\/\/www.fcejs.unsl.edu.ar\/index.php\/wp-json\/wp\/v2\/categories?post=8959"},{"taxonomy":"post_tag","embeddable":true,"href":"https:\/\/www.fcejs.unsl.edu.ar\/index.php\/wp-json\/wp\/v2\/tags?post=8959"}],"curies":[{"name":"wp","href":"https:\/\/api.w.org\/{rel}","templated":true}]}}