{"id":8925,"date":"2022-08-29T18:54:12","date_gmt":"2022-08-29T21:54:12","guid":{"rendered":"http:\/\/10.101.10.197\/www\/?p=8925"},"modified":"2022-08-29T19:32:04","modified_gmt":"2022-08-29T22:32:04","slug":"convocatoria-picto-redes-trabajo-y-educacion-para-proyectos-de-las-ciencias-sociales-y-humanas","status":"publish","type":"post","link":"https:\/\/www.fcejs.unsl.edu.ar\/index.php\/convocatoria-picto-redes-trabajo-y-educacion-para-proyectos-de-las-ciencias-sociales-y-humanas\/","title":{"rendered":"Convocatoria PICTO REDES Trabajo y Educaci\u00f3n para proyectos de las Ciencias Sociales y Humanas"},"content":{"rendered":"<div class=\"adM\">La Agencia Nacional de Promoci\u00f3n de la Investigaci\u00f3n, el Desarrollo Tecnol\u00f3gico y la Innovaci\u00f3n convoca a nuevos proyectos de investigaci\u00f3n de las Ciencias Sociales y Humanas, como continuidad de la <strong><a href=\"https:\/\/www.argentina.gob.ar\/ciencia\/agencia\/acciones-covid-19\/pisac-covid-19\" target=\"_blank\" rel=\"noopener\" data-saferedirecturl=\"https:\/\/www.google.com\/url?q=https:\/\/www.argentina.gob.ar\/ciencia\/agencia\/acciones-covid-19\/pisac-covid-19&amp;source=gmail&amp;ust=1661895940420000&amp;usg=AOvVaw2W47VMJxBWiwlpvrCb14kw\">convocatoria PISAC COVID-19<\/a><\/strong>.<\/div>\n<div dir=\"ltr\">\n<p>El eje de esta nueva convocatoria es priorizar la obtenci\u00f3n de resultados en 12 meses que contengan diagn\u00f3sticos, propuestas y herramientas para las pol\u00edticas p\u00fablicas, regulatorias, sindicales, pedag\u00f3gicas, did\u00e1cticas, entre otras, que mejoren la calidad de vida de las personas.<\/p>\n<p>Cada proyecto podr\u00e1 pedir hasta 10 millones. Adem\u00e1s, podr\u00e1n solicitar hasta 2 millones adicionales para la elaboraci\u00f3n de bases de datos primarios originales y de producci\u00f3n propia por el proyecto asociativo, con el compromiso de cederlas a la Agencia I+D+i para que sean de libre acceso para la comunidad de investigadores\/as.<\/p>\n<p><u>La convocatoria fue dise\u00f1ada por la Agencia I+D+i de manera conjunta con el Consejo de Decanos y Decanas en Ciencias Sociales (CODESOC) y la Asociaci\u00f3n Nacional de Facultades de Humanidades y Educaci\u00f3n (ANFHE),<\/u>\u00a0siguiendo la premisa de trabajar de manera articulada con los actores del sistema cient\u00edfico y universitario.<\/p>\n<p>Los proyectos deber\u00e1n inscribirse en uno de los siguientes 6 ejes tem\u00e1ticos, que se encuentran divididos en dos grandes temas: educaci\u00f3n y trabajo, y c\u00f3mo es la interrelaci\u00f3n de las nuevas tecnolog\u00edas con ambos mundos:<\/p>\n<p>La educaci\u00f3n como derecho humano y social. Condiciones, posibilidades y prospectivas:<br \/>\nEje 1: Desigualdades y diferencias. El derecho a la educaci\u00f3n y las formas interseccionales de su vulneraci\u00f3n:<br \/>\nEje 2: Formaci\u00f3n y trabajo docente. Reconfiguraciones y espejismos<br \/>\nEje 3 : Educaci\u00f3n superior, trabajo y sociedad<\/p>\n<p>Transformaciones en el mundo del trabajo en Argentina. Heterogeneidades estructurales y desigualdades regionales:<br \/>\nEje 4: Desigualdades y estructura social: Desigualdades ocupacionales y su relaci\u00f3n con la estructura social<br \/>\nEje 5: Econom\u00eda popular, econom\u00eda social y econom\u00eda del cuidado: Tipos de trabajo y formas organizativas y productivas<br \/>\nEje 6: Econom\u00eda del Conocimiento, Econom\u00edas de Plataformas y desaf\u00edos e impactos de la Revoluci\u00f3n 4.0.<\/p>\n<p>Entre los criterios de evaluaci\u00f3n se tendr\u00e1 en cuenta los aportes concretos para las pol\u00edticas p\u00fablicas y, adem\u00e1s, se ponderar\u00e1 positivamente a los grupos de investigaci\u00f3n que acompa\u00f1en su proyecto con notas firmadas por actores interesados en adoptar los resultados de la investigaci\u00f3n.<\/p>\n<p><b>La convocatoria estar\u00e1 abierta hasta el pr\u00f3ximo 20 de octubre y se podr\u00e1n consultar las bases\u00a0<a href=\"http:\/\/www.agencia.mincyt.gob.ar\/frontend\/agencia\/convocatoria\/500\" target=\"_blank\" rel=\"noopener\" data-saferedirecturl=\"https:\/\/www.google.com\/url?q=http:\/\/www.agencia.mincyt.gob.ar\/frontend\/agencia\/convocatoria\/500&amp;source=gmail&amp;ust=1661895940420000&amp;usg=AOvVaw1SC7QRFF6XCBGQjWzTzVg8\">AC\u00c1<\/a><\/b><\/p>\n<div><\/div>\n<\/div>\n","protected":false},"excerpt":{"rendered":"<p>La Agencia Nacional de Promoci\u00f3n de la Investigaci\u00f3n, el Desarrollo Tecnol\u00f3gico y la Innovaci\u00f3n convoca a nuevos proyectos de investigaci\u00f3n de las Ciencias Sociales y&hellip;<\/p>\n","protected":false},"author":9,"featured_media":8929,"comment_status":"closed","ping_status":"closed","sticky":false,"template":"","format":"standard","meta":{"om_disable_all_campaigns":false,"_monsterinsights_skip_tracking":false,"_monsterinsights_sitenote_active":false,"_monsterinsights_sitenote_note":"","_monsterinsights_sitenote_category":0,"footnotes":""},"categories":[1],"tags":[],"class_list":["post-8925","post","type-post","status-publish","format-standard","has-post-thumbnail","hentry","category-noticias"],"yoast_head":"<!-- This site is optimized with the Yoast SEO plugin v27.4 - https:\/\/yoast.com\/product\/yoast-seo-wordpress\/ -->\n<title>Convocatoria PICTO REDES Trabajo y Educaci\u00f3n para proyectos de las Ciencias Sociales y Humanas - Facultad de Ciencias Econ\u00f3micas, Jur\u00ed\u00addicas y Sociales<\/title>\n<meta name=\"robots\" content=\"index, follow, max-snippet:-1, max-image-preview:large, max-video-preview:-1\" \/>\n<link rel=\"canonical\" href=\"https:\/\/www.fcejs.unsl.edu.ar\/index.php\/convocatoria-picto-redes-trabajo-y-educacion-para-proyectos-de-las-ciencias-sociales-y-humanas\/\" \/>\n<meta property=\"og:locale\" content=\"es_ES\" \/>\n<meta property=\"og:type\" content=\"article\" \/>\n<meta property=\"og:title\" content=\"Convocatoria PICTO REDES Trabajo y Educaci\u00f3n para proyectos de las Ciencias Sociales y Humanas - Facultad de Ciencias Econ\u00f3micas, Jur\u00ed\u00addicas y Sociales\" \/>\n<meta property=\"og:description\" content=\"La Agencia Nacional de Promoci\u00f3n de la Investigaci\u00f3n, el Desarrollo Tecnol\u00f3gico y la Innovaci\u00f3n convoca a nuevos proyectos de investigaci\u00f3n de las Ciencias Sociales y&hellip;\" \/>\n<meta property=\"og:url\" content=\"https:\/\/www.fcejs.unsl.edu.ar\/index.php\/convocatoria-picto-redes-trabajo-y-educacion-para-proyectos-de-las-ciencias-sociales-y-humanas\/\" \/>\n<meta property=\"og:site_name\" content=\"Facultad de Ciencias Econ\u00f3micas, Jur\u00ed\u00addicas y Sociales\" \/>\n<meta property=\"article:publisher\" content=\"https:\/\/www.facebook.com\/FCEJS.UNSL\/\" \/>\n<meta property=\"article:published_time\" content=\"2022-08-29T21:54:12+00:00\" \/>\n<meta property=\"article:modified_time\" content=\"2022-08-29T22:32:04+00:00\" \/>\n<meta property=\"og:image\" content=\"https:\/\/www.fcejs.unsl.edu.ar\/wp-content\/uploads\/2022\/08\/Picto-redes.jpg\" \/>\n\t<meta property=\"og:image:width\" content=\"1277\" \/>\n\t<meta property=\"og:image:height\" content=\"504\" \/>\n\t<meta property=\"og:image:type\" content=\"image\/jpeg\" \/>\n<meta name=\"author\" content=\"DATI\" \/>\n<meta name=\"twitter:card\" content=\"summary_large_image\" \/>\n<meta name=\"twitter:creator\" content=\"@FCEJSUNSL\" \/>\n<meta name=\"twitter:site\" content=\"@FCEJSUNSL\" \/>\n<meta name=\"twitter:label1\" content=\"Escrito por\" \/>\n\t<meta name=\"twitter:data1\" content=\"DATI\" \/>\n\t<meta name=\"twitter:label2\" content=\"Tiempo de lectura\" \/>\n\t<meta name=\"twitter:data2\" content=\"2 minutos\" \/>\n<script type=\"application\/ld+json\" class=\"yoast-schema-graph\">{\"@context\":\"https:\\\/\\\/schema.org\",\"@graph\":[{\"@type\":\"Article\",\"@id\":\"https:\\\/\\\/www.fcejs.unsl.edu.ar\\\/index.php\\\/convocatoria-picto-redes-trabajo-y-educacion-para-proyectos-de-las-ciencias-sociales-y-humanas\\\/#article\",\"isPartOf\":{\"@id\":\"https:\\\/\\\/www.fcejs.unsl.edu.ar\\\/index.php\\\/convocatoria-picto-redes-trabajo-y-educacion-para-proyectos-de-las-ciencias-sociales-y-humanas\\\/\"},\"author\":{\"name\":\"DATI\",\"@id\":\"https:\\\/\\\/www.fcejs.unsl.edu.ar\\\/#\\\/schema\\\/person\\\/352ee6ed90c3f394c7cb5945f8956d34\"},\"headline\":\"Convocatoria PICTO REDES Trabajo y Educaci\u00f3n para proyectos de las Ciencias Sociales y Humanas\",\"datePublished\":\"2022-08-29T21:54:12+00:00\",\"dateModified\":\"2022-08-29T22:32:04+00:00\",\"mainEntityOfPage\":{\"@id\":\"https:\\\/\\\/www.fcejs.unsl.edu.ar\\\/index.php\\\/convocatoria-picto-redes-trabajo-y-educacion-para-proyectos-de-las-ciencias-sociales-y-humanas\\\/\"},\"wordCount\":429,\"publisher\":{\"@id\":\"https:\\\/\\\/www.fcejs.unsl.edu.ar\\\/#organization\"},\"image\":{\"@id\":\"https:\\\/\\\/www.fcejs.unsl.edu.ar\\\/index.php\\\/convocatoria-picto-redes-trabajo-y-educacion-para-proyectos-de-las-ciencias-sociales-y-humanas\\\/#primaryimage\"},\"thumbnailUrl\":\"https:\\\/\\\/www.fcejs.unsl.edu.ar\\\/wp-content\\\/uploads\\\/2022\\\/08\\\/Picto-redes.jpg\",\"articleSection\":[\"Noticias\"],\"inLanguage\":\"es-AR\"},{\"@type\":\"WebPage\",\"@id\":\"https:\\\/\\\/www.fcejs.unsl.edu.ar\\\/index.php\\\/convocatoria-picto-redes-trabajo-y-educacion-para-proyectos-de-las-ciencias-sociales-y-humanas\\\/\",\"url\":\"https:\\\/\\\/www.fcejs.unsl.edu.ar\\\/index.php\\\/convocatoria-picto-redes-trabajo-y-educacion-para-proyectos-de-las-ciencias-sociales-y-humanas\\\/\",\"name\":\"Convocatoria PICTO REDES Trabajo y Educaci\u00f3n para proyectos de las Ciencias Sociales y Humanas - Facultad de Ciencias Econ\u00f3micas, Jur\u00ed\u00addicas y Sociales\",\"isPartOf\":{\"@id\":\"https:\\\/\\\/www.fcejs.unsl.edu.ar\\\/#website\"},\"primaryImageOfPage\":{\"@id\":\"https:\\\/\\\/www.fcejs.unsl.edu.ar\\\/index.php\\\/convocatoria-picto-redes-trabajo-y-educacion-para-proyectos-de-las-ciencias-sociales-y-humanas\\\/#primaryimage\"},\"image\":{\"@id\":\"https:\\\/\\\/www.fcejs.unsl.edu.ar\\\/index.php\\\/convocatoria-picto-redes-trabajo-y-educacion-para-proyectos-de-las-ciencias-sociales-y-humanas\\\/#primaryimage\"},\"thumbnailUrl\":\"https:\\\/\\\/www.fcejs.unsl.edu.ar\\\/wp-content\\\/uploads\\\/2022\\\/08\\\/Picto-redes.jpg\",\"datePublished\":\"2022-08-29T21:54:12+00:00\",\"dateModified\":\"2022-08-29T22:32:04+00:00\",\"breadcrumb\":{\"@id\":\"https:\\\/\\\/www.fcejs.unsl.edu.ar\\\/index.php\\\/convocatoria-picto-redes-trabajo-y-educacion-para-proyectos-de-las-ciencias-sociales-y-humanas\\\/#breadcrumb\"},\"inLanguage\":\"es-AR\",\"potentialAction\":[{\"@type\":\"ReadAction\",\"target\":[\"https:\\\/\\\/www.fcejs.unsl.edu.ar\\\/index.php\\\/convocatoria-picto-redes-trabajo-y-educacion-para-proyectos-de-las-ciencias-sociales-y-humanas\\\/\"]}]},{\"@type\":\"ImageObject\",\"inLanguage\":\"es-AR\",\"@id\":\"https:\\\/\\\/www.fcejs.unsl.edu.ar\\\/index.php\\\/convocatoria-picto-redes-trabajo-y-educacion-para-proyectos-de-las-ciencias-sociales-y-humanas\\\/#primaryimage\",\"url\":\"https:\\\/\\\/www.fcejs.unsl.edu.ar\\\/wp-content\\\/uploads\\\/2022\\\/08\\\/Picto-redes.jpg\",\"contentUrl\":\"https:\\\/\\\/www.fcejs.unsl.edu.ar\\\/wp-content\\\/uploads\\\/2022\\\/08\\\/Picto-redes.jpg\",\"width\":1277,\"height\":504},{\"@type\":\"BreadcrumbList\",\"@id\":\"https:\\\/\\\/www.fcejs.unsl.edu.ar\\\/index.php\\\/convocatoria-picto-redes-trabajo-y-educacion-para-proyectos-de-las-ciencias-sociales-y-humanas\\\/#breadcrumb\",\"itemListElement\":[{\"@type\":\"ListItem\",\"position\":1,\"name\":\"Inicio\",\"item\":\"https:\\\/\\\/www.fcejs.unsl.edu.ar\\\/\"},{\"@type\":\"ListItem\",\"position\":2,\"name\":\"Convocatoria PICTO REDES Trabajo y Educaci\u00f3n para proyectos de las Ciencias Sociales y Humanas\"}]},{\"@type\":\"WebSite\",\"@id\":\"https:\\\/\\\/www.fcejs.unsl.edu.ar\\\/#website\",\"url\":\"https:\\\/\\\/www.fcejs.unsl.edu.ar\\\/\",\"name\":\"Facultad de Ciencias Econ\u00f3micas, Jur\u00ed\u00addicas y Sociales\",\"description\":\"\",\"publisher\":{\"@id\":\"https:\\\/\\\/www.fcejs.unsl.edu.ar\\\/#organization\"},\"potentialAction\":[{\"@type\":\"SearchAction\",\"target\":{\"@type\":\"EntryPoint\",\"urlTemplate\":\"https:\\\/\\\/www.fcejs.unsl.edu.ar\\\/?s={search_term_string}\"},\"query-input\":{\"@type\":\"PropertyValueSpecification\",\"valueRequired\":true,\"valueName\":\"search_term_string\"}}],\"inLanguage\":\"es-AR\"},{\"@type\":\"Organization\",\"@id\":\"https:\\\/\\\/www.fcejs.unsl.edu.ar\\\/#organization\",\"name\":\"Facultad de Ciencias Econ\u00f3micas, Jur\u00eddicas y Sociales\",\"url\":\"https:\\\/\\\/www.fcejs.unsl.edu.ar\\\/\",\"logo\":{\"@type\":\"ImageObject\",\"inLanguage\":\"es-AR\",\"@id\":\"https:\\\/\\\/www.fcejs.unsl.edu.ar\\\/#\\\/schema\\\/logo\\\/image\\\/\",\"url\":\"https:\\\/\\\/www.fcejs.unsl.edu.ar\\\/wp-content\\\/uploads\\\/2021\\\/03\\\/logo-1.jpg\",\"contentUrl\":\"https:\\\/\\\/www.fcejs.unsl.edu.ar\\\/wp-content\\\/uploads\\\/2021\\\/03\\\/logo-1.jpg\",\"width\":471,\"height\":146,\"caption\":\"Facultad de Ciencias Econ\u00f3micas, Jur\u00eddicas y Sociales\"},\"image\":{\"@id\":\"https:\\\/\\\/www.fcejs.unsl.edu.ar\\\/#\\\/schema\\\/logo\\\/image\\\/\"},\"sameAs\":[\"https:\\\/\\\/www.facebook.com\\\/FCEJS.UNSL\\\/\",\"https:\\\/\\\/x.com\\\/FCEJSUNSL\",\"https:\\\/\\\/www.instagram.com\\\/fcejs.unsl\\\/\",\"https:\\\/\\\/www.youtube.com\\\/channel\\\/UCH-Ut6EaN_X5ogjIQMPe46g\\\/\"]},{\"@type\":\"Person\",\"@id\":\"https:\\\/\\\/www.fcejs.unsl.edu.ar\\\/#\\\/schema\\\/person\\\/352ee6ed90c3f394c7cb5945f8956d34\",\"name\":\"DATI\"}]}<\/script>\n<!-- \/ Yoast SEO plugin. -->","yoast_head_json":{"title":"Convocatoria PICTO REDES Trabajo y Educaci\u00f3n para proyectos de las Ciencias Sociales y Humanas - Facultad de Ciencias Econ\u00f3micas, Jur\u00ed\u00addicas y Sociales","robots":{"index":"index","follow":"follow","max-snippet":"max-snippet:-1","max-image-preview":"max-image-preview:large","max-video-preview":"max-video-preview:-1"},"canonical":"https:\/\/www.fcejs.unsl.edu.ar\/index.php\/convocatoria-picto-redes-trabajo-y-educacion-para-proyectos-de-las-ciencias-sociales-y-humanas\/","og_locale":"es_ES","og_type":"article","og_title":"Convocatoria PICTO REDES Trabajo y Educaci\u00f3n para proyectos de las Ciencias Sociales y Humanas - Facultad de Ciencias Econ\u00f3micas, Jur\u00ed\u00addicas y Sociales","og_description":"La Agencia Nacional de Promoci\u00f3n de la Investigaci\u00f3n, el Desarrollo Tecnol\u00f3gico y la Innovaci\u00f3n convoca a nuevos proyectos de investigaci\u00f3n de las Ciencias Sociales y&hellip;","og_url":"https:\/\/www.fcejs.unsl.edu.ar\/index.php\/convocatoria-picto-redes-trabajo-y-educacion-para-proyectos-de-las-ciencias-sociales-y-humanas\/","og_site_name":"Facultad de Ciencias Econ\u00f3micas, Jur\u00ed\u00addicas y Sociales","article_publisher":"https:\/\/www.facebook.com\/FCEJS.UNSL\/","article_published_time":"2022-08-29T21:54:12+00:00","article_modified_time":"2022-08-29T22:32:04+00:00","og_image":[{"width":1277,"height":504,"url":"https:\/\/www.fcejs.unsl.edu.ar\/wp-content\/uploads\/2022\/08\/Picto-redes.jpg","type":"image\/jpeg"}],"author":"DATI","twitter_card":"summary_large_image","twitter_creator":"@FCEJSUNSL","twitter_site":"@FCEJSUNSL","twitter_misc":{"Escrito por":"DATI","Tiempo de lectura":"2 minutos"},"schema":{"@context":"https:\/\/schema.org","@graph":[{"@type":"Article","@id":"https:\/\/www.fcejs.unsl.edu.ar\/index.php\/convocatoria-picto-redes-trabajo-y-educacion-para-proyectos-de-las-ciencias-sociales-y-humanas\/#article","isPartOf":{"@id":"https:\/\/www.fcejs.unsl.edu.ar\/index.php\/convocatoria-picto-redes-trabajo-y-educacion-para-proyectos-de-las-ciencias-sociales-y-humanas\/"},"author":{"name":"DATI","@id":"https:\/\/www.fcejs.unsl.edu.ar\/#\/schema\/person\/352ee6ed90c3f394c7cb5945f8956d34"},"headline":"Convocatoria PICTO REDES Trabajo y Educaci\u00f3n para proyectos de las Ciencias Sociales y Humanas","datePublished":"2022-08-29T21:54:12+00:00","dateModified":"2022-08-29T22:32:04+00:00","mainEntityOfPage":{"@id":"https:\/\/www.fcejs.unsl.edu.ar\/index.php\/convocatoria-picto-redes-trabajo-y-educacion-para-proyectos-de-las-ciencias-sociales-y-humanas\/"},"wordCount":429,"publisher":{"@id":"https:\/\/www.fcejs.unsl.edu.ar\/#organization"},"image":{"@id":"https:\/\/www.fcejs.unsl.edu.ar\/index.php\/convocatoria-picto-redes-trabajo-y-educacion-para-proyectos-de-las-ciencias-sociales-y-humanas\/#primaryimage"},"thumbnailUrl":"https:\/\/www.fcejs.unsl.edu.ar\/wp-content\/uploads\/2022\/08\/Picto-redes.jpg","articleSection":["Noticias"],"inLanguage":"es-AR"},{"@type":"WebPage","@id":"https:\/\/www.fcejs.unsl.edu.ar\/index.php\/convocatoria-picto-redes-trabajo-y-educacion-para-proyectos-de-las-ciencias-sociales-y-humanas\/","url":"https:\/\/www.fcejs.unsl.edu.ar\/index.php\/convocatoria-picto-redes-trabajo-y-educacion-para-proyectos-de-las-ciencias-sociales-y-humanas\/","name":"Convocatoria PICTO REDES Trabajo y Educaci\u00f3n para proyectos de las Ciencias Sociales y Humanas - Facultad de Ciencias Econ\u00f3micas, Jur\u00ed\u00addicas y Sociales","isPartOf":{"@id":"https:\/\/www.fcejs.unsl.edu.ar\/#website"},"primaryImageOfPage":{"@id":"https:\/\/www.fcejs.unsl.edu.ar\/index.php\/convocatoria-picto-redes-trabajo-y-educacion-para-proyectos-de-las-ciencias-sociales-y-humanas\/#primaryimage"},"image":{"@id":"https:\/\/www.fcejs.unsl.edu.ar\/index.php\/convocatoria-picto-redes-trabajo-y-educacion-para-proyectos-de-las-ciencias-sociales-y-humanas\/#primaryimage"},"thumbnailUrl":"https:\/\/www.fcejs.unsl.edu.ar\/wp-content\/uploads\/2022\/08\/Picto-redes.jpg","datePublished":"2022-08-29T21:54:12+00:00","dateModified":"2022-08-29T22:32:04+00:00","breadcrumb":{"@id":"https:\/\/www.fcejs.unsl.edu.ar\/index.php\/convocatoria-picto-redes-trabajo-y-educacion-para-proyectos-de-las-ciencias-sociales-y-humanas\/#breadcrumb"},"inLanguage":"es-AR","potentialAction":[{"@type":"ReadAction","target":["https:\/\/www.fcejs.unsl.edu.ar\/index.php\/convocatoria-picto-redes-trabajo-y-educacion-para-proyectos-de-las-ciencias-sociales-y-humanas\/"]}]},{"@type":"ImageObject","inLanguage":"es-AR","@id":"https:\/\/www.fcejs.unsl.edu.ar\/index.php\/convocatoria-picto-redes-trabajo-y-educacion-para-proyectos-de-las-ciencias-sociales-y-humanas\/#primaryimage","url":"https:\/\/www.fcejs.unsl.edu.ar\/wp-content\/uploads\/2022\/08\/Picto-redes.jpg","contentUrl":"https:\/\/www.fcejs.unsl.edu.ar\/wp-content\/uploads\/2022\/08\/Picto-redes.jpg","width":1277,"height":504},{"@type":"BreadcrumbList","@id":"https:\/\/www.fcejs.unsl.edu.ar\/index.php\/convocatoria-picto-redes-trabajo-y-educacion-para-proyectos-de-las-ciencias-sociales-y-humanas\/#breadcrumb","itemListElement":[{"@type":"ListItem","position":1,"name":"Inicio","item":"https:\/\/www.fcejs.unsl.edu.ar\/"},{"@type":"ListItem","position":2,"name":"Convocatoria PICTO REDES Trabajo y Educaci\u00f3n para proyectos de las Ciencias Sociales y Humanas"}]},{"@type":"WebSite","@id":"https:\/\/www.fcejs.unsl.edu.ar\/#website","url":"https:\/\/www.fcejs.unsl.edu.ar\/","name":"Facultad de Ciencias Econ\u00f3micas, Jur\u00ed\u00addicas y Sociales","description":"","publisher":{"@id":"https:\/\/www.fcejs.unsl.edu.ar\/#organization"},"potentialAction":[{"@type":"SearchAction","target":{"@type":"EntryPoint","urlTemplate":"https:\/\/www.fcejs.unsl.edu.ar\/?s={search_term_string}"},"query-input":{"@type":"PropertyValueSpecification","valueRequired":true,"valueName":"search_term_string"}}],"inLanguage":"es-AR"},{"@type":"Organization","@id":"https:\/\/www.fcejs.unsl.edu.ar\/#organization","name":"Facultad de Ciencias Econ\u00f3micas, Jur\u00eddicas y Sociales","url":"https:\/\/www.fcejs.unsl.edu.ar\/","logo":{"@type":"ImageObject","inLanguage":"es-AR","@id":"https:\/\/www.fcejs.unsl.edu.ar\/#\/schema\/logo\/image\/","url":"https:\/\/www.fcejs.unsl.edu.ar\/wp-content\/uploads\/2021\/03\/logo-1.jpg","contentUrl":"https:\/\/www.fcejs.unsl.edu.ar\/wp-content\/uploads\/2021\/03\/logo-1.jpg","width":471,"height":146,"caption":"Facultad de Ciencias Econ\u00f3micas, Jur\u00eddicas y Sociales"},"image":{"@id":"https:\/\/www.fcejs.unsl.edu.ar\/#\/schema\/logo\/image\/"},"sameAs":["https:\/\/www.facebook.com\/FCEJS.UNSL\/","https:\/\/x.com\/FCEJSUNSL","https:\/\/www.instagram.com\/fcejs.unsl\/","https:\/\/www.youtube.com\/channel\/UCH-Ut6EaN_X5ogjIQMPe46g\/"]},{"@type":"Person","@id":"https:\/\/www.fcejs.unsl.edu.ar\/#\/schema\/person\/352ee6ed90c3f394c7cb5945f8956d34","name":"DATI"}]}},"jetpack_featured_media_url":"https:\/\/www.fcejs.unsl.edu.ar\/wp-content\/uploads\/2022\/08\/Picto-redes.jpg","_links":{"self":[{"href":"https:\/\/www.fcejs.unsl.edu.ar\/index.php\/wp-json\/wp\/v2\/posts\/8925","targetHints":{"allow":["GET"]}}],"collection":[{"href":"https:\/\/www.fcejs.unsl.edu.ar\/index.php\/wp-json\/wp\/v2\/posts"}],"about":[{"href":"https:\/\/www.fcejs.unsl.edu.ar\/index.php\/wp-json\/wp\/v2\/types\/post"}],"author":[{"embeddable":true,"href":"https:\/\/www.fcejs.unsl.edu.ar\/index.php\/wp-json\/wp\/v2\/users\/9"}],"replies":[{"embeddable":true,"href":"https:\/\/www.fcejs.unsl.edu.ar\/index.php\/wp-json\/wp\/v2\/comments?post=8925"}],"version-history":[{"count":3,"href":"https:\/\/www.fcejs.unsl.edu.ar\/index.php\/wp-json\/wp\/v2\/posts\/8925\/revisions"}],"predecessor-version":[{"id":8928,"href":"https:\/\/www.fcejs.unsl.edu.ar\/index.php\/wp-json\/wp\/v2\/posts\/8925\/revisions\/8928"}],"wp:featuredmedia":[{"embeddable":true,"href":"https:\/\/www.fcejs.unsl.edu.ar\/index.php\/wp-json\/wp\/v2\/media\/8929"}],"wp:attachment":[{"href":"https:\/\/www.fcejs.unsl.edu.ar\/index.php\/wp-json\/wp\/v2\/media?parent=8925"}],"wp:term":[{"taxonomy":"category","embeddable":true,"href":"https:\/\/www.fcejs.unsl.edu.ar\/index.php\/wp-json\/wp\/v2\/categories?post=8925"},{"taxonomy":"post_tag","embeddable":true,"href":"https:\/\/www.fcejs.unsl.edu.ar\/index.php\/wp-json\/wp\/v2\/tags?post=8925"}],"curies":[{"name":"wp","href":"https:\/\/api.w.org\/{rel}","templated":true}]}}