{"id":8909,"date":"2022-08-26T11:37:42","date_gmt":"2022-08-26T14:37:42","guid":{"rendered":"http:\/\/10.101.10.197\/www\/?p=8909"},"modified":"2022-08-30T09:28:09","modified_gmt":"2022-08-30T12:28:09","slug":"la-dra-graciela-castro-fue-designada-como-profesora-extraordinaria-consulta-de-la-unsl","status":"publish","type":"post","link":"https:\/\/www.fcejs.unsl.edu.ar\/index.php\/la-dra-graciela-castro-fue-designada-como-profesora-extraordinaria-consulta-de-la-unsl\/","title":{"rendered":"La Dra. Graciela Castro fue designada como Profesora Extraordinaria Consulta de la UNSL"},"content":{"rendered":"<p>Informamos que, en la sesi\u00f3n del martes 23 de agosto, el Consejo Superior de la UNSL aprob\u00f3 por unanimidad de los consejeros presentes, la designaci\u00f3n como Profesora Extraordinaria Consulta de la UNSL a la Dra. Graciela Yolanda Castro. La comunidad Universitaria de la FCEJS felicita a la Dra. Castro por este reconocimiento.<\/p>\n<p><strong>Acerca de la Dra. Graciela Castro.<\/strong> Doctora en Psicolog\u00eda (UNSL), Mag\u00edster en Sociedad e Instituciones (UNSL) y Licenciada en Psicolog\u00eda (UNSL).<br \/>\nProfesora titular e investigadora de la Facultad de Ciencias Econ\u00f3micas, Jur\u00eddicas y Sociales (FCEJS) de la Universidad Nacional de San Luis (UNSL). Investigadora categor\u00eda I del Programa Nacional de Incentivo a Docentes Investigadores. Docente de grado y posgrado.<\/p>\n<p>Directora de proyectos de investigaci\u00f3n sobre juventudes desde el a\u00f1o 2000, directora de la Maestr\u00eda en Sociedad e Instituciones (FCEJS-UNSL), directora de tesistas, becarios y pasantes de investigaci\u00f3n y evaluadora de proyectos e investigadores, tesis de posgrado y art\u00edculos cient\u00edficos. Editora responsable de Kairos-Revista de Temas Sociales (UNSL). Integrante de la Red de Investigadores\/as en Juventudes Argentinas (ReIJA). Autora de art\u00edculos publicados en revistas cient\u00edficas nacionales e internacionales y libros (Es autora y compiladora de: Con voces propias. Miradas juveniles contempor\u00e1neas en San Luis (Ed. Tabaquillo, 2014); Militancias y pol\u00edticas juveniles (Ed. Teseo 2018); Juventudes en movimiento (Ed. Teseo, 2020); La visita inesperada. Escenas de pandemia (Ed. Teseo. 2021); Juventudes de provincia: tramas de pandemia (Ed. Grupo Universitario. En edici\u00f3n). Sus temas de inter\u00e9s y pr\u00e1cticas investigativas giran en torno a la vida cotidiana de las juventudes y los involucramientos sociales.<br \/>\nIntegra la red de Centros CLACSO- Argentina.<\/p>\n","protected":false},"excerpt":{"rendered":"<p>Informamos que, en la sesi\u00f3n del martes 23 de agosto, el Consejo Superior de la UNSL aprob\u00f3 por unanimidad de los consejeros presentes, la designaci\u00f3n&hellip;<\/p>\n","protected":false},"author":9,"featured_media":8914,"comment_status":"closed","ping_status":"closed","sticky":false,"template":"","format":"standard","meta":{"om_disable_all_campaigns":false,"_monsterinsights_skip_tracking":false,"_monsterinsights_sitenote_active":false,"_monsterinsights_sitenote_note":"","_monsterinsights_sitenote_category":0,"footnotes":""},"categories":[1],"tags":[],"class_list":["post-8909","post","type-post","status-publish","format-standard","has-post-thumbnail","hentry","category-noticias"],"yoast_head":"<!-- This site is optimized with the Yoast SEO plugin v27.4 - https:\/\/yoast.com\/product\/yoast-seo-wordpress\/ -->\n<title>La Dra. Graciela Castro fue designada como Profesora Extraordinaria Consulta de la UNSL - Facultad de Ciencias Econ\u00f3micas, Jur\u00ed\u00addicas y Sociales<\/title>\n<meta name=\"robots\" content=\"index, follow, max-snippet:-1, max-image-preview:large, max-video-preview:-1\" \/>\n<link rel=\"canonical\" href=\"https:\/\/www.fcejs.unsl.edu.ar\/index.php\/la-dra-graciela-castro-fue-designada-como-profesora-extraordinaria-consulta-de-la-unsl\/\" \/>\n<meta property=\"og:locale\" content=\"es_ES\" \/>\n<meta property=\"og:type\" content=\"article\" \/>\n<meta property=\"og:title\" content=\"La Dra. Graciela Castro fue designada como Profesora Extraordinaria Consulta de la UNSL - Facultad de Ciencias Econ\u00f3micas, Jur\u00ed\u00addicas y Sociales\" \/>\n<meta property=\"og:description\" content=\"Informamos que, en la sesi\u00f3n del martes 23 de agosto, el Consejo Superior de la UNSL aprob\u00f3 por unanimidad de los consejeros presentes, la designaci\u00f3n&hellip;\" \/>\n<meta property=\"og:url\" content=\"https:\/\/www.fcejs.unsl.edu.ar\/index.php\/la-dra-graciela-castro-fue-designada-como-profesora-extraordinaria-consulta-de-la-unsl\/\" \/>\n<meta property=\"og:site_name\" content=\"Facultad de Ciencias Econ\u00f3micas, Jur\u00ed\u00addicas y Sociales\" \/>\n<meta property=\"article:publisher\" content=\"https:\/\/www.facebook.com\/FCEJS.UNSL\/\" \/>\n<meta property=\"article:published_time\" content=\"2022-08-26T14:37:42+00:00\" \/>\n<meta property=\"article:modified_time\" content=\"2022-08-30T12:28:09+00:00\" \/>\n<meta property=\"og:image\" content=\"https:\/\/www.fcejs.unsl.edu.ar\/wp-content\/uploads\/2022\/08\/castro-front-.jpg\" \/>\n\t<meta property=\"og:image:width\" content=\"1152\" \/>\n\t<meta property=\"og:image:height\" content=\"647\" \/>\n\t<meta property=\"og:image:type\" content=\"image\/jpeg\" \/>\n<meta name=\"author\" content=\"DATI\" \/>\n<meta name=\"twitter:card\" content=\"summary_large_image\" \/>\n<meta name=\"twitter:creator\" content=\"@FCEJSUNSL\" \/>\n<meta name=\"twitter:site\" content=\"@FCEJSUNSL\" \/>\n<meta name=\"twitter:label1\" content=\"Escrito por\" \/>\n\t<meta name=\"twitter:data1\" content=\"DATI\" \/>\n\t<meta name=\"twitter:label2\" content=\"Tiempo de lectura\" \/>\n\t<meta name=\"twitter:data2\" content=\"2 minutos\" \/>\n<script type=\"application\/ld+json\" class=\"yoast-schema-graph\">{\"@context\":\"https:\\\/\\\/schema.org\",\"@graph\":[{\"@type\":\"Article\",\"@id\":\"https:\\\/\\\/www.fcejs.unsl.edu.ar\\\/index.php\\\/la-dra-graciela-castro-fue-designada-como-profesora-extraordinaria-consulta-de-la-unsl\\\/#article\",\"isPartOf\":{\"@id\":\"https:\\\/\\\/www.fcejs.unsl.edu.ar\\\/index.php\\\/la-dra-graciela-castro-fue-designada-como-profesora-extraordinaria-consulta-de-la-unsl\\\/\"},\"author\":{\"name\":\"DATI\",\"@id\":\"https:\\\/\\\/www.fcejs.unsl.edu.ar\\\/#\\\/schema\\\/person\\\/352ee6ed90c3f394c7cb5945f8956d34\"},\"headline\":\"La Dra. Graciela Castro fue designada como Profesora Extraordinaria Consulta de la UNSL\",\"datePublished\":\"2022-08-26T14:37:42+00:00\",\"dateModified\":\"2022-08-30T12:28:09+00:00\",\"mainEntityOfPage\":{\"@id\":\"https:\\\/\\\/www.fcejs.unsl.edu.ar\\\/index.php\\\/la-dra-graciela-castro-fue-designada-como-profesora-extraordinaria-consulta-de-la-unsl\\\/\"},\"wordCount\":288,\"publisher\":{\"@id\":\"https:\\\/\\\/www.fcejs.unsl.edu.ar\\\/#organization\"},\"image\":{\"@id\":\"https:\\\/\\\/www.fcejs.unsl.edu.ar\\\/index.php\\\/la-dra-graciela-castro-fue-designada-como-profesora-extraordinaria-consulta-de-la-unsl\\\/#primaryimage\"},\"thumbnailUrl\":\"https:\\\/\\\/www.fcejs.unsl.edu.ar\\\/wp-content\\\/uploads\\\/2022\\\/08\\\/castro-front-.jpg\",\"articleSection\":[\"Noticias\"],\"inLanguage\":\"es-AR\"},{\"@type\":\"WebPage\",\"@id\":\"https:\\\/\\\/www.fcejs.unsl.edu.ar\\\/index.php\\\/la-dra-graciela-castro-fue-designada-como-profesora-extraordinaria-consulta-de-la-unsl\\\/\",\"url\":\"https:\\\/\\\/www.fcejs.unsl.edu.ar\\\/index.php\\\/la-dra-graciela-castro-fue-designada-como-profesora-extraordinaria-consulta-de-la-unsl\\\/\",\"name\":\"La Dra. Graciela Castro fue designada como Profesora Extraordinaria Consulta de la UNSL - Facultad de Ciencias Econ\u00f3micas, Jur\u00ed\u00addicas y Sociales\",\"isPartOf\":{\"@id\":\"https:\\\/\\\/www.fcejs.unsl.edu.ar\\\/#website\"},\"primaryImageOfPage\":{\"@id\":\"https:\\\/\\\/www.fcejs.unsl.edu.ar\\\/index.php\\\/la-dra-graciela-castro-fue-designada-como-profesora-extraordinaria-consulta-de-la-unsl\\\/#primaryimage\"},\"image\":{\"@id\":\"https:\\\/\\\/www.fcejs.unsl.edu.ar\\\/index.php\\\/la-dra-graciela-castro-fue-designada-como-profesora-extraordinaria-consulta-de-la-unsl\\\/#primaryimage\"},\"thumbnailUrl\":\"https:\\\/\\\/www.fcejs.unsl.edu.ar\\\/wp-content\\\/uploads\\\/2022\\\/08\\\/castro-front-.jpg\",\"datePublished\":\"2022-08-26T14:37:42+00:00\",\"dateModified\":\"2022-08-30T12:28:09+00:00\",\"breadcrumb\":{\"@id\":\"https:\\\/\\\/www.fcejs.unsl.edu.ar\\\/index.php\\\/la-dra-graciela-castro-fue-designada-como-profesora-extraordinaria-consulta-de-la-unsl\\\/#breadcrumb\"},\"inLanguage\":\"es-AR\",\"potentialAction\":[{\"@type\":\"ReadAction\",\"target\":[\"https:\\\/\\\/www.fcejs.unsl.edu.ar\\\/index.php\\\/la-dra-graciela-castro-fue-designada-como-profesora-extraordinaria-consulta-de-la-unsl\\\/\"]}]},{\"@type\":\"ImageObject\",\"inLanguage\":\"es-AR\",\"@id\":\"https:\\\/\\\/www.fcejs.unsl.edu.ar\\\/index.php\\\/la-dra-graciela-castro-fue-designada-como-profesora-extraordinaria-consulta-de-la-unsl\\\/#primaryimage\",\"url\":\"https:\\\/\\\/www.fcejs.unsl.edu.ar\\\/wp-content\\\/uploads\\\/2022\\\/08\\\/castro-front-.jpg\",\"contentUrl\":\"https:\\\/\\\/www.fcejs.unsl.edu.ar\\\/wp-content\\\/uploads\\\/2022\\\/08\\\/castro-front-.jpg\",\"width\":1152,\"height\":647},{\"@type\":\"BreadcrumbList\",\"@id\":\"https:\\\/\\\/www.fcejs.unsl.edu.ar\\\/index.php\\\/la-dra-graciela-castro-fue-designada-como-profesora-extraordinaria-consulta-de-la-unsl\\\/#breadcrumb\",\"itemListElement\":[{\"@type\":\"ListItem\",\"position\":1,\"name\":\"Inicio\",\"item\":\"https:\\\/\\\/www.fcejs.unsl.edu.ar\\\/\"},{\"@type\":\"ListItem\",\"position\":2,\"name\":\"La Dra. Graciela Castro fue designada como Profesora Extraordinaria Consulta de la UNSL\"}]},{\"@type\":\"WebSite\",\"@id\":\"https:\\\/\\\/www.fcejs.unsl.edu.ar\\\/#website\",\"url\":\"https:\\\/\\\/www.fcejs.unsl.edu.ar\\\/\",\"name\":\"Facultad de Ciencias Econ\u00f3micas, Jur\u00ed\u00addicas y Sociales\",\"description\":\"\",\"publisher\":{\"@id\":\"https:\\\/\\\/www.fcejs.unsl.edu.ar\\\/#organization\"},\"potentialAction\":[{\"@type\":\"SearchAction\",\"target\":{\"@type\":\"EntryPoint\",\"urlTemplate\":\"https:\\\/\\\/www.fcejs.unsl.edu.ar\\\/?s={search_term_string}\"},\"query-input\":{\"@type\":\"PropertyValueSpecification\",\"valueRequired\":true,\"valueName\":\"search_term_string\"}}],\"inLanguage\":\"es-AR\"},{\"@type\":\"Organization\",\"@id\":\"https:\\\/\\\/www.fcejs.unsl.edu.ar\\\/#organization\",\"name\":\"Facultad de Ciencias Econ\u00f3micas, Jur\u00eddicas y Sociales\",\"url\":\"https:\\\/\\\/www.fcejs.unsl.edu.ar\\\/\",\"logo\":{\"@type\":\"ImageObject\",\"inLanguage\":\"es-AR\",\"@id\":\"https:\\\/\\\/www.fcejs.unsl.edu.ar\\\/#\\\/schema\\\/logo\\\/image\\\/\",\"url\":\"https:\\\/\\\/www.fcejs.unsl.edu.ar\\\/wp-content\\\/uploads\\\/2021\\\/03\\\/logo-1.jpg\",\"contentUrl\":\"https:\\\/\\\/www.fcejs.unsl.edu.ar\\\/wp-content\\\/uploads\\\/2021\\\/03\\\/logo-1.jpg\",\"width\":471,\"height\":146,\"caption\":\"Facultad de Ciencias Econ\u00f3micas, Jur\u00eddicas y Sociales\"},\"image\":{\"@id\":\"https:\\\/\\\/www.fcejs.unsl.edu.ar\\\/#\\\/schema\\\/logo\\\/image\\\/\"},\"sameAs\":[\"https:\\\/\\\/www.facebook.com\\\/FCEJS.UNSL\\\/\",\"https:\\\/\\\/x.com\\\/FCEJSUNSL\",\"https:\\\/\\\/www.instagram.com\\\/fcejs.unsl\\\/\",\"https:\\\/\\\/www.youtube.com\\\/channel\\\/UCH-Ut6EaN_X5ogjIQMPe46g\\\/\"]},{\"@type\":\"Person\",\"@id\":\"https:\\\/\\\/www.fcejs.unsl.edu.ar\\\/#\\\/schema\\\/person\\\/352ee6ed90c3f394c7cb5945f8956d34\",\"name\":\"DATI\"}]}<\/script>\n<!-- \/ Yoast SEO plugin. -->","yoast_head_json":{"title":"La Dra. Graciela Castro fue designada como Profesora Extraordinaria Consulta de la UNSL - Facultad de Ciencias Econ\u00f3micas, Jur\u00ed\u00addicas y Sociales","robots":{"index":"index","follow":"follow","max-snippet":"max-snippet:-1","max-image-preview":"max-image-preview:large","max-video-preview":"max-video-preview:-1"},"canonical":"https:\/\/www.fcejs.unsl.edu.ar\/index.php\/la-dra-graciela-castro-fue-designada-como-profesora-extraordinaria-consulta-de-la-unsl\/","og_locale":"es_ES","og_type":"article","og_title":"La Dra. Graciela Castro fue designada como Profesora Extraordinaria Consulta de la UNSL - Facultad de Ciencias Econ\u00f3micas, Jur\u00ed\u00addicas y Sociales","og_description":"Informamos que, en la sesi\u00f3n del martes 23 de agosto, el Consejo Superior de la UNSL aprob\u00f3 por unanimidad de los consejeros presentes, la designaci\u00f3n&hellip;","og_url":"https:\/\/www.fcejs.unsl.edu.ar\/index.php\/la-dra-graciela-castro-fue-designada-como-profesora-extraordinaria-consulta-de-la-unsl\/","og_site_name":"Facultad de Ciencias Econ\u00f3micas, Jur\u00ed\u00addicas y Sociales","article_publisher":"https:\/\/www.facebook.com\/FCEJS.UNSL\/","article_published_time":"2022-08-26T14:37:42+00:00","article_modified_time":"2022-08-30T12:28:09+00:00","og_image":[{"width":1152,"height":647,"url":"https:\/\/www.fcejs.unsl.edu.ar\/wp-content\/uploads\/2022\/08\/castro-front-.jpg","type":"image\/jpeg"}],"author":"DATI","twitter_card":"summary_large_image","twitter_creator":"@FCEJSUNSL","twitter_site":"@FCEJSUNSL","twitter_misc":{"Escrito por":"DATI","Tiempo de lectura":"2 minutos"},"schema":{"@context":"https:\/\/schema.org","@graph":[{"@type":"Article","@id":"https:\/\/www.fcejs.unsl.edu.ar\/index.php\/la-dra-graciela-castro-fue-designada-como-profesora-extraordinaria-consulta-de-la-unsl\/#article","isPartOf":{"@id":"https:\/\/www.fcejs.unsl.edu.ar\/index.php\/la-dra-graciela-castro-fue-designada-como-profesora-extraordinaria-consulta-de-la-unsl\/"},"author":{"name":"DATI","@id":"https:\/\/www.fcejs.unsl.edu.ar\/#\/schema\/person\/352ee6ed90c3f394c7cb5945f8956d34"},"headline":"La Dra. Graciela Castro fue designada como Profesora Extraordinaria Consulta de la UNSL","datePublished":"2022-08-26T14:37:42+00:00","dateModified":"2022-08-30T12:28:09+00:00","mainEntityOfPage":{"@id":"https:\/\/www.fcejs.unsl.edu.ar\/index.php\/la-dra-graciela-castro-fue-designada-como-profesora-extraordinaria-consulta-de-la-unsl\/"},"wordCount":288,"publisher":{"@id":"https:\/\/www.fcejs.unsl.edu.ar\/#organization"},"image":{"@id":"https:\/\/www.fcejs.unsl.edu.ar\/index.php\/la-dra-graciela-castro-fue-designada-como-profesora-extraordinaria-consulta-de-la-unsl\/#primaryimage"},"thumbnailUrl":"https:\/\/www.fcejs.unsl.edu.ar\/wp-content\/uploads\/2022\/08\/castro-front-.jpg","articleSection":["Noticias"],"inLanguage":"es-AR"},{"@type":"WebPage","@id":"https:\/\/www.fcejs.unsl.edu.ar\/index.php\/la-dra-graciela-castro-fue-designada-como-profesora-extraordinaria-consulta-de-la-unsl\/","url":"https:\/\/www.fcejs.unsl.edu.ar\/index.php\/la-dra-graciela-castro-fue-designada-como-profesora-extraordinaria-consulta-de-la-unsl\/","name":"La Dra. Graciela Castro fue designada como Profesora Extraordinaria Consulta de la UNSL - Facultad de Ciencias Econ\u00f3micas, Jur\u00ed\u00addicas y Sociales","isPartOf":{"@id":"https:\/\/www.fcejs.unsl.edu.ar\/#website"},"primaryImageOfPage":{"@id":"https:\/\/www.fcejs.unsl.edu.ar\/index.php\/la-dra-graciela-castro-fue-designada-como-profesora-extraordinaria-consulta-de-la-unsl\/#primaryimage"},"image":{"@id":"https:\/\/www.fcejs.unsl.edu.ar\/index.php\/la-dra-graciela-castro-fue-designada-como-profesora-extraordinaria-consulta-de-la-unsl\/#primaryimage"},"thumbnailUrl":"https:\/\/www.fcejs.unsl.edu.ar\/wp-content\/uploads\/2022\/08\/castro-front-.jpg","datePublished":"2022-08-26T14:37:42+00:00","dateModified":"2022-08-30T12:28:09+00:00","breadcrumb":{"@id":"https:\/\/www.fcejs.unsl.edu.ar\/index.php\/la-dra-graciela-castro-fue-designada-como-profesora-extraordinaria-consulta-de-la-unsl\/#breadcrumb"},"inLanguage":"es-AR","potentialAction":[{"@type":"ReadAction","target":["https:\/\/www.fcejs.unsl.edu.ar\/index.php\/la-dra-graciela-castro-fue-designada-como-profesora-extraordinaria-consulta-de-la-unsl\/"]}]},{"@type":"ImageObject","inLanguage":"es-AR","@id":"https:\/\/www.fcejs.unsl.edu.ar\/index.php\/la-dra-graciela-castro-fue-designada-como-profesora-extraordinaria-consulta-de-la-unsl\/#primaryimage","url":"https:\/\/www.fcejs.unsl.edu.ar\/wp-content\/uploads\/2022\/08\/castro-front-.jpg","contentUrl":"https:\/\/www.fcejs.unsl.edu.ar\/wp-content\/uploads\/2022\/08\/castro-front-.jpg","width":1152,"height":647},{"@type":"BreadcrumbList","@id":"https:\/\/www.fcejs.unsl.edu.ar\/index.php\/la-dra-graciela-castro-fue-designada-como-profesora-extraordinaria-consulta-de-la-unsl\/#breadcrumb","itemListElement":[{"@type":"ListItem","position":1,"name":"Inicio","item":"https:\/\/www.fcejs.unsl.edu.ar\/"},{"@type":"ListItem","position":2,"name":"La Dra. Graciela Castro fue designada como Profesora Extraordinaria Consulta de la UNSL"}]},{"@type":"WebSite","@id":"https:\/\/www.fcejs.unsl.edu.ar\/#website","url":"https:\/\/www.fcejs.unsl.edu.ar\/","name":"Facultad de Ciencias Econ\u00f3micas, Jur\u00ed\u00addicas y Sociales","description":"","publisher":{"@id":"https:\/\/www.fcejs.unsl.edu.ar\/#organization"},"potentialAction":[{"@type":"SearchAction","target":{"@type":"EntryPoint","urlTemplate":"https:\/\/www.fcejs.unsl.edu.ar\/?s={search_term_string}"},"query-input":{"@type":"PropertyValueSpecification","valueRequired":true,"valueName":"search_term_string"}}],"inLanguage":"es-AR"},{"@type":"Organization","@id":"https:\/\/www.fcejs.unsl.edu.ar\/#organization","name":"Facultad de Ciencias Econ\u00f3micas, Jur\u00eddicas y Sociales","url":"https:\/\/www.fcejs.unsl.edu.ar\/","logo":{"@type":"ImageObject","inLanguage":"es-AR","@id":"https:\/\/www.fcejs.unsl.edu.ar\/#\/schema\/logo\/image\/","url":"https:\/\/www.fcejs.unsl.edu.ar\/wp-content\/uploads\/2021\/03\/logo-1.jpg","contentUrl":"https:\/\/www.fcejs.unsl.edu.ar\/wp-content\/uploads\/2021\/03\/logo-1.jpg","width":471,"height":146,"caption":"Facultad de Ciencias Econ\u00f3micas, Jur\u00eddicas y Sociales"},"image":{"@id":"https:\/\/www.fcejs.unsl.edu.ar\/#\/schema\/logo\/image\/"},"sameAs":["https:\/\/www.facebook.com\/FCEJS.UNSL\/","https:\/\/x.com\/FCEJSUNSL","https:\/\/www.instagram.com\/fcejs.unsl\/","https:\/\/www.youtube.com\/channel\/UCH-Ut6EaN_X5ogjIQMPe46g\/"]},{"@type":"Person","@id":"https:\/\/www.fcejs.unsl.edu.ar\/#\/schema\/person\/352ee6ed90c3f394c7cb5945f8956d34","name":"DATI"}]}},"jetpack_featured_media_url":"https:\/\/www.fcejs.unsl.edu.ar\/wp-content\/uploads\/2022\/08\/castro-front-.jpg","_links":{"self":[{"href":"https:\/\/www.fcejs.unsl.edu.ar\/index.php\/wp-json\/wp\/v2\/posts\/8909","targetHints":{"allow":["GET"]}}],"collection":[{"href":"https:\/\/www.fcejs.unsl.edu.ar\/index.php\/wp-json\/wp\/v2\/posts"}],"about":[{"href":"https:\/\/www.fcejs.unsl.edu.ar\/index.php\/wp-json\/wp\/v2\/types\/post"}],"author":[{"embeddable":true,"href":"https:\/\/www.fcejs.unsl.edu.ar\/index.php\/wp-json\/wp\/v2\/users\/9"}],"replies":[{"embeddable":true,"href":"https:\/\/www.fcejs.unsl.edu.ar\/index.php\/wp-json\/wp\/v2\/comments?post=8909"}],"version-history":[{"count":1,"href":"https:\/\/www.fcejs.unsl.edu.ar\/index.php\/wp-json\/wp\/v2\/posts\/8909\/revisions"}],"predecessor-version":[{"id":8911,"href":"https:\/\/www.fcejs.unsl.edu.ar\/index.php\/wp-json\/wp\/v2\/posts\/8909\/revisions\/8911"}],"wp:featuredmedia":[{"embeddable":true,"href":"https:\/\/www.fcejs.unsl.edu.ar\/index.php\/wp-json\/wp\/v2\/media\/8914"}],"wp:attachment":[{"href":"https:\/\/www.fcejs.unsl.edu.ar\/index.php\/wp-json\/wp\/v2\/media?parent=8909"}],"wp:term":[{"taxonomy":"category","embeddable":true,"href":"https:\/\/www.fcejs.unsl.edu.ar\/index.php\/wp-json\/wp\/v2\/categories?post=8909"},{"taxonomy":"post_tag","embeddable":true,"href":"https:\/\/www.fcejs.unsl.edu.ar\/index.php\/wp-json\/wp\/v2\/tags?post=8909"}],"curies":[{"name":"wp","href":"https:\/\/api.w.org\/{rel}","templated":true}]}}