{"id":8867,"date":"2022-08-22T15:17:53","date_gmt":"2022-08-22T18:17:53","guid":{"rendered":"http:\/\/10.101.10.197\/www\/?p=8867"},"modified":"2022-08-26T12:27:55","modified_gmt":"2022-08-26T15:27:55","slug":"formaran-en-lenguas-extranjeras-a-becarios-de-becas-progresar-y-belgrano","status":"publish","type":"post","link":"https:\/\/www.fcejs.unsl.edu.ar\/index.php\/formaran-en-lenguas-extranjeras-a-becarios-de-becas-progresar-y-belgrano\/","title":{"rendered":"Formar\u00e1n en lenguas extranjeras a becarios de becas Progresar y Belgrano"},"content":{"rendered":"<p><strong>Los cursos para estudiar ingl\u00e9s, franc\u00e9s, portugu\u00e9s, italiano, alem\u00e1n y chino mandar\u00edn, son de modalidad virtual y tienen una duraci\u00f3n de cuatro (4) meses. Al finalizar el curso, los\/as beneficiarios\/as recibir\u00e1n un plus junto con el pago de la beca.<\/strong><\/p>\n<p>El ministro de Educaci\u00f3n de la Naci\u00f3n, Jaime Perczyk, y la titular de la ANSES, Fernanda Raverta, anunciaron hoy la puesta en marcha de m\u00e1s de 20 mil cursos gratuitos de lenguas extranjeras que dictar\u00e1n universidades nacionales para las\/os m\u00e1s de 400 mil becarias y becarios del Progresar y del programa de Becas Estrat\u00e9gicas Manuel Belgrano.<\/p>\n<p>Perczyk encabez\u00f3 este viernes el acto de presentaci\u00f3n del Programa de Formaci\u00f3n y Certificaci\u00f3n en Lenguas Extranjeras, que se realiz\u00f3 en la Universidad Provincial de Ezeiza (UPE), mediante el cual las becarias y becarios podr\u00e1n acceder a cursos de ingl\u00e9s, franc\u00e9s, portugu\u00e9s, alem\u00e1n, italiano y chino mandar\u00edn.<\/p>\n<p>Asimismo, se dictar\u00e1n cursos de espa\u00f1ol como segunda lengua para estudiantes de pueblos originarios, migrantes y refugiadas\/os.<\/p>\n<p>El Ministro de Educaci\u00f3n asegur\u00f3 que\u00a0<em>\u00abde la mano de los derechos vienen las responsabilidades y ac\u00e1 hay una inversi\u00f3n muy grande para que haya 400 mil vacantes para que puedan estudiar una segunda lengua\u00bb<\/em>.<\/p>\n<p><em>\u00abLa clave de la Argentina es que todas y todos tengan el derecho y que tengamos protegido ese derecho. El Estado y la sociedad les tienen que dar la posibilidad a los\/as j\u00f3venes de estudiar porque levantar el piso para todas y todos es construir una sociedad menos desigual\u00bb<\/em>.<\/p>\n<p>Perczyk destac\u00f3 que a trav\u00e9s de las becas\u00a0<em>\u00abla Argentina tiene un sistema de protecci\u00f3n para que las y los j\u00f3venes puedan estudiar y ser mejores\u00bb\u00a0<\/em>y resalt\u00f3 que los cursos de lengua extranjera<em>\u00a0\u00abson una propuesta de federalismo profundo porque pueden participar a lo largo y ancho de todo el pa\u00eds\u00bb<\/em>.<\/p>\n<p>En tanto, Raverta sostuvo que\u00a0<em>\u00abeste anuncio nos da una alegr\u00eda enorme. Cuando asumimos hace dos (2) a\u00f1os, lo hicimos con el compromiso de ser mejores, y hoy tenemos la certeza de que efectivamente hemos mejorado este programa\u00bb<\/em>.<\/p>\n<p><em>\u00abEstas becas fueron creadas por la ex presidenta Cristina Fern\u00e1ndez de Kirchner para estimular y acompa\u00f1ar a los\/as j\u00f3venes que quer\u00edan estudiar, pero a sus familias les resultaba dif\u00edcil. Hoy nuestro horizonte y desaf\u00edo sigue siendo que no haya ning\u00fan\/a joven sin la oportunidad de estudiar\u00bb<\/em>, resalt\u00f3.<\/p>\n<p>Agreg\u00f3 que\u00a0<em>\u00abpor eso volvimos a reconstruir las becas, pese a los recortes que hab\u00edan tenido durante la gesti\u00f3n anterior, pero adem\u00e1s sum\u00e1ndole un incentivo a la conectividad, ampli\u00e1ndolas para las chicas y chicos de 16 y 17 a\u00f1os, y con este anuncio que forma parte de un Estado cada vez m\u00e1s cerca de las argentinas y argentinos\u00bb<\/em>.<\/p>\n<p>Por su parte, el intendente de Ezeiza, Gast\u00f3n Granados, le agradeci\u00f3 al ministro Perczyk y a la titular de la ANSES\u00a0<em>\u00abpor haber elegido Ezeiza para el lanzamiento de este programa tan importante para nuestros\/as j\u00f3venes y para poder achicar esa brecha que hay en la educaci\u00f3n\u00bb<\/em>.<\/p>\n<p>Y culmin\u00f3:\u00a0<em>\u00abSeguimos trabajando por una educaci\u00f3n de calidad. Nosotros creemos que los\/as j\u00f3venes son el presente\u00bb<\/em>.<\/p>\n<p>Las y los becarias\/os que cumplimenten esta formaci\u00f3n recibir\u00e1n un monto adicional al pago de su beca de $1.500 mensuales durante cuatro (4) meses, que se acreditar\u00e1 al finalizar el curso, con la certificaci\u00f3n de la instituci\u00f3n formadora.<\/p>\n<p>Los cursos ser\u00e1n impartidos por 35 universidades de gesti\u00f3n p\u00fablica y 65 institutos superiores de formaci\u00f3n docente de todo el pa\u00eds, en modalidad virtual, con una duraci\u00f3n de 64 horas cuatrimestrales.<\/p>\n<p>La oferta abarca propuestas de idioma general, idioma t\u00e9cnico por campo disciplinar y lecto comprensi\u00f3n; en niveles b\u00e1sico, intermedio y avanzado.<\/p>\n<p>Con una inversi\u00f3n superior a los 5.000 millones de pesos, el Programa de Formaci\u00f3n y Certificaci\u00f3n en Lenguas Extranjeras tiene por objetivos el fortalecimiento de la trayectoria acad\u00e9mica de las y los becarios; el incremento de las competencias ling\u00fc\u00edsticas e internacionales de quienes participen del programa; y la federalizaci\u00f3n y democratizaci\u00f3n del acceso a oportunidades de formaci\u00f3n y empleo.<\/p>\n<p>Del lanzamiento participaron tambi\u00e9n la secretaria de Cooperaci\u00f3n Educativa y Acciones Prioritarias, Andrea Garc\u00eda; el secretario de Pol\u00edticas Universitarias, Oscar Alpa; el director general de Cultura y Educaci\u00f3n bonaerense, Alberto Sileoni; titulares de las carteras educativas provinciales y representantes de las universidades que dictar\u00e1n los cursos.<\/p>\n<p>Durante el acto, adem\u00e1s, se firmaron convenios para la implementaci\u00f3n del Programa con autoridades de la Universidad Nacional de la Patagonia San Juan Bosco, la Universidad Nacional del Chaco Austral, la Universidad de Buenos Aires, la Universidad Nacional de C\u00f3rdoba y el Instituto de Educaci\u00f3n Superior Docente y T\u00e9cnica N\u00b0 9-001\u00a0<em>General Jos\u00e9 de San Mart\u00edn<\/em>, de Mendoza.<\/p>\n<p>Fuente: Ministerio de Educaci\u00f3n de la Naci\u00f3n<\/p>\n","protected":false},"excerpt":{"rendered":"<p>Los cursos para estudiar ingl\u00e9s, franc\u00e9s, portugu\u00e9s, italiano, alem\u00e1n y chino mandar\u00edn, son de modalidad virtual y tienen una duraci\u00f3n de cuatro (4) meses. Al&hellip;<\/p>\n","protected":false},"author":9,"featured_media":8868,"comment_status":"closed","ping_status":"closed","sticky":false,"template":"","format":"standard","meta":{"om_disable_all_campaigns":false,"_monsterinsights_skip_tracking":false,"_monsterinsights_sitenote_active":false,"_monsterinsights_sitenote_note":"","_monsterinsights_sitenote_category":0,"footnotes":""},"categories":[1],"tags":[],"class_list":["post-8867","post","type-post","status-publish","format-standard","has-post-thumbnail","hentry","category-noticias"],"yoast_head":"<!-- This site is optimized with the Yoast SEO plugin v27.4 - https:\/\/yoast.com\/product\/yoast-seo-wordpress\/ -->\n<title>Formar\u00e1n en lenguas extranjeras a becarios de becas Progresar y Belgrano - Facultad de Ciencias Econ\u00f3micas, Jur\u00ed\u00addicas y Sociales<\/title>\n<meta name=\"robots\" content=\"index, follow, max-snippet:-1, max-image-preview:large, max-video-preview:-1\" \/>\n<link rel=\"canonical\" href=\"https:\/\/www.fcejs.unsl.edu.ar\/index.php\/formaran-en-lenguas-extranjeras-a-becarios-de-becas-progresar-y-belgrano\/\" \/>\n<meta property=\"og:locale\" content=\"es_ES\" \/>\n<meta property=\"og:type\" content=\"article\" \/>\n<meta property=\"og:title\" content=\"Formar\u00e1n en lenguas extranjeras a becarios de becas Progresar y Belgrano - Facultad de Ciencias Econ\u00f3micas, Jur\u00ed\u00addicas y Sociales\" \/>\n<meta property=\"og:description\" content=\"Los cursos para estudiar ingl\u00e9s, franc\u00e9s, portugu\u00e9s, italiano, alem\u00e1n y chino mandar\u00edn, son de modalidad virtual y tienen una duraci\u00f3n de cuatro (4) meses. Al&hellip;\" \/>\n<meta property=\"og:url\" content=\"https:\/\/www.fcejs.unsl.edu.ar\/index.php\/formaran-en-lenguas-extranjeras-a-becarios-de-becas-progresar-y-belgrano\/\" \/>\n<meta property=\"og:site_name\" content=\"Facultad de Ciencias Econ\u00f3micas, Jur\u00ed\u00addicas y Sociales\" \/>\n<meta property=\"article:publisher\" content=\"https:\/\/www.facebook.com\/FCEJS.UNSL\/\" \/>\n<meta property=\"article:published_time\" content=\"2022-08-22T18:17:53+00:00\" \/>\n<meta property=\"article:modified_time\" content=\"2022-08-26T15:27:55+00:00\" \/>\n<meta property=\"og:image\" content=\"https:\/\/www.fcejs.unsl.edu.ar\/wp-content\/uploads\/2022\/08\/Becas.jpg\" \/>\n\t<meta property=\"og:image:width\" content=\"995\" \/>\n\t<meta property=\"og:image:height\" content=\"495\" \/>\n\t<meta property=\"og:image:type\" content=\"image\/jpeg\" \/>\n<meta name=\"author\" content=\"DATI\" \/>\n<meta name=\"twitter:card\" content=\"summary_large_image\" \/>\n<meta name=\"twitter:creator\" content=\"@FCEJSUNSL\" \/>\n<meta name=\"twitter:site\" content=\"@FCEJSUNSL\" \/>\n<meta name=\"twitter:label1\" content=\"Escrito por\" \/>\n\t<meta name=\"twitter:data1\" content=\"DATI\" \/>\n\t<meta name=\"twitter:label2\" content=\"Tiempo de lectura\" \/>\n\t<meta name=\"twitter:data2\" content=\"4 minutos\" \/>\n<script type=\"application\/ld+json\" class=\"yoast-schema-graph\">{\"@context\":\"https:\\\/\\\/schema.org\",\"@graph\":[{\"@type\":\"Article\",\"@id\":\"https:\\\/\\\/www.fcejs.unsl.edu.ar\\\/index.php\\\/formaran-en-lenguas-extranjeras-a-becarios-de-becas-progresar-y-belgrano\\\/#article\",\"isPartOf\":{\"@id\":\"https:\\\/\\\/www.fcejs.unsl.edu.ar\\\/index.php\\\/formaran-en-lenguas-extranjeras-a-becarios-de-becas-progresar-y-belgrano\\\/\"},\"author\":{\"name\":\"DATI\",\"@id\":\"https:\\\/\\\/www.fcejs.unsl.edu.ar\\\/#\\\/schema\\\/person\\\/352ee6ed90c3f394c7cb5945f8956d34\"},\"headline\":\"Formar\u00e1n en lenguas extranjeras a becarios de becas Progresar y Belgrano\",\"datePublished\":\"2022-08-22T18:17:53+00:00\",\"dateModified\":\"2022-08-26T15:27:55+00:00\",\"mainEntityOfPage\":{\"@id\":\"https:\\\/\\\/www.fcejs.unsl.edu.ar\\\/index.php\\\/formaran-en-lenguas-extranjeras-a-becarios-de-becas-progresar-y-belgrano\\\/\"},\"wordCount\":859,\"publisher\":{\"@id\":\"https:\\\/\\\/www.fcejs.unsl.edu.ar\\\/#organization\"},\"image\":{\"@id\":\"https:\\\/\\\/www.fcejs.unsl.edu.ar\\\/index.php\\\/formaran-en-lenguas-extranjeras-a-becarios-de-becas-progresar-y-belgrano\\\/#primaryimage\"},\"thumbnailUrl\":\"https:\\\/\\\/www.fcejs.unsl.edu.ar\\\/wp-content\\\/uploads\\\/2022\\\/08\\\/Becas.jpg\",\"articleSection\":[\"Noticias\"],\"inLanguage\":\"es-AR\"},{\"@type\":\"WebPage\",\"@id\":\"https:\\\/\\\/www.fcejs.unsl.edu.ar\\\/index.php\\\/formaran-en-lenguas-extranjeras-a-becarios-de-becas-progresar-y-belgrano\\\/\",\"url\":\"https:\\\/\\\/www.fcejs.unsl.edu.ar\\\/index.php\\\/formaran-en-lenguas-extranjeras-a-becarios-de-becas-progresar-y-belgrano\\\/\",\"name\":\"Formar\u00e1n en lenguas extranjeras a becarios de becas Progresar y Belgrano - Facultad de Ciencias Econ\u00f3micas, Jur\u00ed\u00addicas y Sociales\",\"isPartOf\":{\"@id\":\"https:\\\/\\\/www.fcejs.unsl.edu.ar\\\/#website\"},\"primaryImageOfPage\":{\"@id\":\"https:\\\/\\\/www.fcejs.unsl.edu.ar\\\/index.php\\\/formaran-en-lenguas-extranjeras-a-becarios-de-becas-progresar-y-belgrano\\\/#primaryimage\"},\"image\":{\"@id\":\"https:\\\/\\\/www.fcejs.unsl.edu.ar\\\/index.php\\\/formaran-en-lenguas-extranjeras-a-becarios-de-becas-progresar-y-belgrano\\\/#primaryimage\"},\"thumbnailUrl\":\"https:\\\/\\\/www.fcejs.unsl.edu.ar\\\/wp-content\\\/uploads\\\/2022\\\/08\\\/Becas.jpg\",\"datePublished\":\"2022-08-22T18:17:53+00:00\",\"dateModified\":\"2022-08-26T15:27:55+00:00\",\"breadcrumb\":{\"@id\":\"https:\\\/\\\/www.fcejs.unsl.edu.ar\\\/index.php\\\/formaran-en-lenguas-extranjeras-a-becarios-de-becas-progresar-y-belgrano\\\/#breadcrumb\"},\"inLanguage\":\"es-AR\",\"potentialAction\":[{\"@type\":\"ReadAction\",\"target\":[\"https:\\\/\\\/www.fcejs.unsl.edu.ar\\\/index.php\\\/formaran-en-lenguas-extranjeras-a-becarios-de-becas-progresar-y-belgrano\\\/\"]}]},{\"@type\":\"ImageObject\",\"inLanguage\":\"es-AR\",\"@id\":\"https:\\\/\\\/www.fcejs.unsl.edu.ar\\\/index.php\\\/formaran-en-lenguas-extranjeras-a-becarios-de-becas-progresar-y-belgrano\\\/#primaryimage\",\"url\":\"https:\\\/\\\/www.fcejs.unsl.edu.ar\\\/wp-content\\\/uploads\\\/2022\\\/08\\\/Becas.jpg\",\"contentUrl\":\"https:\\\/\\\/www.fcejs.unsl.edu.ar\\\/wp-content\\\/uploads\\\/2022\\\/08\\\/Becas.jpg\",\"width\":995,\"height\":495},{\"@type\":\"BreadcrumbList\",\"@id\":\"https:\\\/\\\/www.fcejs.unsl.edu.ar\\\/index.php\\\/formaran-en-lenguas-extranjeras-a-becarios-de-becas-progresar-y-belgrano\\\/#breadcrumb\",\"itemListElement\":[{\"@type\":\"ListItem\",\"position\":1,\"name\":\"Inicio\",\"item\":\"https:\\\/\\\/www.fcejs.unsl.edu.ar\\\/\"},{\"@type\":\"ListItem\",\"position\":2,\"name\":\"Formar\u00e1n en lenguas extranjeras a becarios de becas Progresar y Belgrano\"}]},{\"@type\":\"WebSite\",\"@id\":\"https:\\\/\\\/www.fcejs.unsl.edu.ar\\\/#website\",\"url\":\"https:\\\/\\\/www.fcejs.unsl.edu.ar\\\/\",\"name\":\"Facultad de Ciencias Econ\u00f3micas, Jur\u00ed\u00addicas y Sociales\",\"description\":\"\",\"publisher\":{\"@id\":\"https:\\\/\\\/www.fcejs.unsl.edu.ar\\\/#organization\"},\"potentialAction\":[{\"@type\":\"SearchAction\",\"target\":{\"@type\":\"EntryPoint\",\"urlTemplate\":\"https:\\\/\\\/www.fcejs.unsl.edu.ar\\\/?s={search_term_string}\"},\"query-input\":{\"@type\":\"PropertyValueSpecification\",\"valueRequired\":true,\"valueName\":\"search_term_string\"}}],\"inLanguage\":\"es-AR\"},{\"@type\":\"Organization\",\"@id\":\"https:\\\/\\\/www.fcejs.unsl.edu.ar\\\/#organization\",\"name\":\"Facultad de Ciencias Econ\u00f3micas, Jur\u00eddicas y Sociales\",\"url\":\"https:\\\/\\\/www.fcejs.unsl.edu.ar\\\/\",\"logo\":{\"@type\":\"ImageObject\",\"inLanguage\":\"es-AR\",\"@id\":\"https:\\\/\\\/www.fcejs.unsl.edu.ar\\\/#\\\/schema\\\/logo\\\/image\\\/\",\"url\":\"https:\\\/\\\/www.fcejs.unsl.edu.ar\\\/wp-content\\\/uploads\\\/2021\\\/03\\\/logo-1.jpg\",\"contentUrl\":\"https:\\\/\\\/www.fcejs.unsl.edu.ar\\\/wp-content\\\/uploads\\\/2021\\\/03\\\/logo-1.jpg\",\"width\":471,\"height\":146,\"caption\":\"Facultad de Ciencias Econ\u00f3micas, Jur\u00eddicas y Sociales\"},\"image\":{\"@id\":\"https:\\\/\\\/www.fcejs.unsl.edu.ar\\\/#\\\/schema\\\/logo\\\/image\\\/\"},\"sameAs\":[\"https:\\\/\\\/www.facebook.com\\\/FCEJS.UNSL\\\/\",\"https:\\\/\\\/x.com\\\/FCEJSUNSL\",\"https:\\\/\\\/www.instagram.com\\\/fcejs.unsl\\\/\",\"https:\\\/\\\/www.youtube.com\\\/channel\\\/UCH-Ut6EaN_X5ogjIQMPe46g\\\/\"]},{\"@type\":\"Person\",\"@id\":\"https:\\\/\\\/www.fcejs.unsl.edu.ar\\\/#\\\/schema\\\/person\\\/352ee6ed90c3f394c7cb5945f8956d34\",\"name\":\"DATI\"}]}<\/script>\n<!-- \/ Yoast SEO plugin. -->","yoast_head_json":{"title":"Formar\u00e1n en lenguas extranjeras a becarios de becas Progresar y Belgrano - Facultad de Ciencias Econ\u00f3micas, Jur\u00ed\u00addicas y Sociales","robots":{"index":"index","follow":"follow","max-snippet":"max-snippet:-1","max-image-preview":"max-image-preview:large","max-video-preview":"max-video-preview:-1"},"canonical":"https:\/\/www.fcejs.unsl.edu.ar\/index.php\/formaran-en-lenguas-extranjeras-a-becarios-de-becas-progresar-y-belgrano\/","og_locale":"es_ES","og_type":"article","og_title":"Formar\u00e1n en lenguas extranjeras a becarios de becas Progresar y Belgrano - Facultad de Ciencias Econ\u00f3micas, Jur\u00ed\u00addicas y Sociales","og_description":"Los cursos para estudiar ingl\u00e9s, franc\u00e9s, portugu\u00e9s, italiano, alem\u00e1n y chino mandar\u00edn, son de modalidad virtual y tienen una duraci\u00f3n de cuatro (4) meses. Al&hellip;","og_url":"https:\/\/www.fcejs.unsl.edu.ar\/index.php\/formaran-en-lenguas-extranjeras-a-becarios-de-becas-progresar-y-belgrano\/","og_site_name":"Facultad de Ciencias Econ\u00f3micas, Jur\u00ed\u00addicas y Sociales","article_publisher":"https:\/\/www.facebook.com\/FCEJS.UNSL\/","article_published_time":"2022-08-22T18:17:53+00:00","article_modified_time":"2022-08-26T15:27:55+00:00","og_image":[{"width":995,"height":495,"url":"https:\/\/www.fcejs.unsl.edu.ar\/wp-content\/uploads\/2022\/08\/Becas.jpg","type":"image\/jpeg"}],"author":"DATI","twitter_card":"summary_large_image","twitter_creator":"@FCEJSUNSL","twitter_site":"@FCEJSUNSL","twitter_misc":{"Escrito por":"DATI","Tiempo de lectura":"4 minutos"},"schema":{"@context":"https:\/\/schema.org","@graph":[{"@type":"Article","@id":"https:\/\/www.fcejs.unsl.edu.ar\/index.php\/formaran-en-lenguas-extranjeras-a-becarios-de-becas-progresar-y-belgrano\/#article","isPartOf":{"@id":"https:\/\/www.fcejs.unsl.edu.ar\/index.php\/formaran-en-lenguas-extranjeras-a-becarios-de-becas-progresar-y-belgrano\/"},"author":{"name":"DATI","@id":"https:\/\/www.fcejs.unsl.edu.ar\/#\/schema\/person\/352ee6ed90c3f394c7cb5945f8956d34"},"headline":"Formar\u00e1n en lenguas extranjeras a becarios de becas Progresar y Belgrano","datePublished":"2022-08-22T18:17:53+00:00","dateModified":"2022-08-26T15:27:55+00:00","mainEntityOfPage":{"@id":"https:\/\/www.fcejs.unsl.edu.ar\/index.php\/formaran-en-lenguas-extranjeras-a-becarios-de-becas-progresar-y-belgrano\/"},"wordCount":859,"publisher":{"@id":"https:\/\/www.fcejs.unsl.edu.ar\/#organization"},"image":{"@id":"https:\/\/www.fcejs.unsl.edu.ar\/index.php\/formaran-en-lenguas-extranjeras-a-becarios-de-becas-progresar-y-belgrano\/#primaryimage"},"thumbnailUrl":"https:\/\/www.fcejs.unsl.edu.ar\/wp-content\/uploads\/2022\/08\/Becas.jpg","articleSection":["Noticias"],"inLanguage":"es-AR"},{"@type":"WebPage","@id":"https:\/\/www.fcejs.unsl.edu.ar\/index.php\/formaran-en-lenguas-extranjeras-a-becarios-de-becas-progresar-y-belgrano\/","url":"https:\/\/www.fcejs.unsl.edu.ar\/index.php\/formaran-en-lenguas-extranjeras-a-becarios-de-becas-progresar-y-belgrano\/","name":"Formar\u00e1n en lenguas extranjeras a becarios de becas Progresar y Belgrano - Facultad de Ciencias Econ\u00f3micas, Jur\u00ed\u00addicas y Sociales","isPartOf":{"@id":"https:\/\/www.fcejs.unsl.edu.ar\/#website"},"primaryImageOfPage":{"@id":"https:\/\/www.fcejs.unsl.edu.ar\/index.php\/formaran-en-lenguas-extranjeras-a-becarios-de-becas-progresar-y-belgrano\/#primaryimage"},"image":{"@id":"https:\/\/www.fcejs.unsl.edu.ar\/index.php\/formaran-en-lenguas-extranjeras-a-becarios-de-becas-progresar-y-belgrano\/#primaryimage"},"thumbnailUrl":"https:\/\/www.fcejs.unsl.edu.ar\/wp-content\/uploads\/2022\/08\/Becas.jpg","datePublished":"2022-08-22T18:17:53+00:00","dateModified":"2022-08-26T15:27:55+00:00","breadcrumb":{"@id":"https:\/\/www.fcejs.unsl.edu.ar\/index.php\/formaran-en-lenguas-extranjeras-a-becarios-de-becas-progresar-y-belgrano\/#breadcrumb"},"inLanguage":"es-AR","potentialAction":[{"@type":"ReadAction","target":["https:\/\/www.fcejs.unsl.edu.ar\/index.php\/formaran-en-lenguas-extranjeras-a-becarios-de-becas-progresar-y-belgrano\/"]}]},{"@type":"ImageObject","inLanguage":"es-AR","@id":"https:\/\/www.fcejs.unsl.edu.ar\/index.php\/formaran-en-lenguas-extranjeras-a-becarios-de-becas-progresar-y-belgrano\/#primaryimage","url":"https:\/\/www.fcejs.unsl.edu.ar\/wp-content\/uploads\/2022\/08\/Becas.jpg","contentUrl":"https:\/\/www.fcejs.unsl.edu.ar\/wp-content\/uploads\/2022\/08\/Becas.jpg","width":995,"height":495},{"@type":"BreadcrumbList","@id":"https:\/\/www.fcejs.unsl.edu.ar\/index.php\/formaran-en-lenguas-extranjeras-a-becarios-de-becas-progresar-y-belgrano\/#breadcrumb","itemListElement":[{"@type":"ListItem","position":1,"name":"Inicio","item":"https:\/\/www.fcejs.unsl.edu.ar\/"},{"@type":"ListItem","position":2,"name":"Formar\u00e1n en lenguas extranjeras a becarios de becas Progresar y Belgrano"}]},{"@type":"WebSite","@id":"https:\/\/www.fcejs.unsl.edu.ar\/#website","url":"https:\/\/www.fcejs.unsl.edu.ar\/","name":"Facultad de Ciencias Econ\u00f3micas, Jur\u00ed\u00addicas y Sociales","description":"","publisher":{"@id":"https:\/\/www.fcejs.unsl.edu.ar\/#organization"},"potentialAction":[{"@type":"SearchAction","target":{"@type":"EntryPoint","urlTemplate":"https:\/\/www.fcejs.unsl.edu.ar\/?s={search_term_string}"},"query-input":{"@type":"PropertyValueSpecification","valueRequired":true,"valueName":"search_term_string"}}],"inLanguage":"es-AR"},{"@type":"Organization","@id":"https:\/\/www.fcejs.unsl.edu.ar\/#organization","name":"Facultad de Ciencias Econ\u00f3micas, Jur\u00eddicas y Sociales","url":"https:\/\/www.fcejs.unsl.edu.ar\/","logo":{"@type":"ImageObject","inLanguage":"es-AR","@id":"https:\/\/www.fcejs.unsl.edu.ar\/#\/schema\/logo\/image\/","url":"https:\/\/www.fcejs.unsl.edu.ar\/wp-content\/uploads\/2021\/03\/logo-1.jpg","contentUrl":"https:\/\/www.fcejs.unsl.edu.ar\/wp-content\/uploads\/2021\/03\/logo-1.jpg","width":471,"height":146,"caption":"Facultad de Ciencias Econ\u00f3micas, Jur\u00eddicas y Sociales"},"image":{"@id":"https:\/\/www.fcejs.unsl.edu.ar\/#\/schema\/logo\/image\/"},"sameAs":["https:\/\/www.facebook.com\/FCEJS.UNSL\/","https:\/\/x.com\/FCEJSUNSL","https:\/\/www.instagram.com\/fcejs.unsl\/","https:\/\/www.youtube.com\/channel\/UCH-Ut6EaN_X5ogjIQMPe46g\/"]},{"@type":"Person","@id":"https:\/\/www.fcejs.unsl.edu.ar\/#\/schema\/person\/352ee6ed90c3f394c7cb5945f8956d34","name":"DATI"}]}},"jetpack_featured_media_url":"https:\/\/www.fcejs.unsl.edu.ar\/wp-content\/uploads\/2022\/08\/Becas.jpg","_links":{"self":[{"href":"https:\/\/www.fcejs.unsl.edu.ar\/index.php\/wp-json\/wp\/v2\/posts\/8867","targetHints":{"allow":["GET"]}}],"collection":[{"href":"https:\/\/www.fcejs.unsl.edu.ar\/index.php\/wp-json\/wp\/v2\/posts"}],"about":[{"href":"https:\/\/www.fcejs.unsl.edu.ar\/index.php\/wp-json\/wp\/v2\/types\/post"}],"author":[{"embeddable":true,"href":"https:\/\/www.fcejs.unsl.edu.ar\/index.php\/wp-json\/wp\/v2\/users\/9"}],"replies":[{"embeddable":true,"href":"https:\/\/www.fcejs.unsl.edu.ar\/index.php\/wp-json\/wp\/v2\/comments?post=8867"}],"version-history":[{"count":1,"href":"https:\/\/www.fcejs.unsl.edu.ar\/index.php\/wp-json\/wp\/v2\/posts\/8867\/revisions"}],"predecessor-version":[{"id":8869,"href":"https:\/\/www.fcejs.unsl.edu.ar\/index.php\/wp-json\/wp\/v2\/posts\/8867\/revisions\/8869"}],"wp:featuredmedia":[{"embeddable":true,"href":"https:\/\/www.fcejs.unsl.edu.ar\/index.php\/wp-json\/wp\/v2\/media\/8868"}],"wp:attachment":[{"href":"https:\/\/www.fcejs.unsl.edu.ar\/index.php\/wp-json\/wp\/v2\/media?parent=8867"}],"wp:term":[{"taxonomy":"category","embeddable":true,"href":"https:\/\/www.fcejs.unsl.edu.ar\/index.php\/wp-json\/wp\/v2\/categories?post=8867"},{"taxonomy":"post_tag","embeddable":true,"href":"https:\/\/www.fcejs.unsl.edu.ar\/index.php\/wp-json\/wp\/v2\/tags?post=8867"}],"curies":[{"name":"wp","href":"https:\/\/api.w.org\/{rel}","templated":true}]}}