{"id":8849,"date":"2022-08-19T11:42:20","date_gmt":"2022-08-19T14:42:20","guid":{"rendered":"http:\/\/10.101.10.197\/www\/?p=8849"},"modified":"2022-08-30T09:29:23","modified_gmt":"2022-08-30T12:29:23","slug":"la-gran-transicion-de-la-economia-global-consecuencias-y-peligros-de-la-guerra","status":"publish","type":"post","link":"https:\/\/www.fcejs.unsl.edu.ar\/index.php\/la-gran-transicion-de-la-economia-global-consecuencias-y-peligros-de-la-guerra\/","title":{"rendered":"La Gran Transici\u00f3n de la Econom\u00eda Global: consecuencias y peligros de la guerra&#8221;"},"content":{"rendered":"<div>El Centro de Pensamiento Cr\u00edtico Pedro Paz (FCEJS-UNSL) invita a la charla: <b>La Gran Transici\u00f3n de la Econom\u00eda Global: consecuencias y peligros de la guerra&#8221;<\/b>.<\/div>\n<div><\/div>\n<div>Esta actividad es organizada por la Benem\u00e9rita Universidad Aut\u00f3noma de Puebla (BUAP), el Centro de Estudios de Desarrollo Econ\u00f3micos y Social (CEDES), la Fundaci\u00f3n de Investigaciones Pol\u00edticas y Sociales (FISYP), el Centro de Pensamiento Cr\u00edtico Pedro Paz (FCEJS-UNSL) y la carrera de Especializaci\u00f3n en Estudios Socioecon\u00f3micos Latinoamericanos (FCEJS-UNSL)<\/div>\n<div>\n<p>M<b>odalidad<\/b><\/p>\n<p>Se realizar\u00e1 a trav\u00e9s de la plataforma <strong><a href=\"https:\/\/www.facebook.com\/profile.php?id=100011722636123\">Facebook<\/a><\/strong><\/p>\n<p><b>Fecha de realizaci\u00f3n de la actividad<\/b><\/p>\n<p>D\u00eda Mi\u00e9rcoles 24 de agosto a las 14 hs \u00a0Argentina,\u00a0 12 hs M\u00e9xico<\/p>\n<p><b>Panelista<\/b><\/p>\n<p>Alejandro \u00c1lvarez B\u00e9jar. Economista. Universidad Nacional\u00a0 Aut\u00f3noma de M\u00e9xico (UNAM)<\/p>\n<p><b>Coordinaci\u00f3n<\/b><\/p>\n<p>Germ\u00e1n S\u00e1nchez Daza. Economista. Benem\u00e9rita Universidad Aut\u00f3noma de Puebla (BUAP)<\/p>\n<\/div>\n<div><strong>Del Panelista<\/strong><\/div>\n<div>\n<div>Alejandro \u00c1lvarez B\u00e9jar, es\u00a0\u00a0Licenciado en Econom\u00eda, por la Facultad de Econom\u00eda de la UNAM con menci\u00f3n honor\u00edfica en el examen de grado (1973). Estudi\u00f3 la maestr\u00eda en Estudios Latinoamericanos en la Facultad de Ciencias Pol\u00edticas y Sociales, de la propia UNAM (1975-1976); de la cual obtuvo tambi\u00e9n el doctorado en Sociolog\u00eda logrando la menci\u00f3n honor\u00edfica en el examen de grado (1986).\u00a0Cuenta con 48 a\u00f1os de actividad docente en econom\u00eda mexicana, econom\u00eda internacional, historia de las doctrinas econ\u00f3micas, historia econ\u00f3mica de M\u00e9xico, econom\u00eda pol\u00edtica, desarrollo econ\u00f3mico y planificaci\u00f3n, \u00e1reas en las cuales obtuvo la \u201cDistinci\u00f3n Acad\u00e9mico UNAM\u201d (DGAPA 1998-2001). Es Profesor Titular \u201cC\u201d de tiempo completo definitivo en la Facultad de Econom\u00eda de la UNAM (1987-a la fecha). Form\u00f3 parte del PRIDE con el nivel \u201cD\u201d (1994-2010), y del Sistema Nacional de Investigadores con el nivel 1 (1990-2006).\u00a0En la Facultad de Econom\u00eda se ha destacado como Secretario General (1986-1988) y Coordinador del Campo de Conocimiento de Econom\u00eda Internacional del Posgrado en Econom\u00eda de la UNAM (2005-2010). Destaca su labor como miembro de las dictaminadoras del PRIDE en los centros de Investigaciones Interdisciplinarias en Ciencias y Humanidades (CEIICH- 2009-2010), y del Centro Regional de Investigaciones Multidisciplinarias (CRIM- 2000-2002 y 2006-2010); as\u00ed como del comit\u00e9 evaluador de los proyectos PAPIIT- \u00c1rea de Ciencias Sociales, DGAPA-UNAM (2007-2010).<\/div>\n<\/div>\n","protected":false},"excerpt":{"rendered":"<p>El Centro de Pensamiento Cr\u00edtico Pedro Paz (FCEJS-UNSL) invita a la charla: La Gran Transici\u00f3n de la Econom\u00eda Global: consecuencias y peligros de la guerra&#8221;.&hellip;<\/p>\n","protected":false},"author":9,"featured_media":8850,"comment_status":"closed","ping_status":"closed","sticky":false,"template":"","format":"standard","meta":{"om_disable_all_campaigns":false,"_monsterinsights_skip_tracking":false,"_monsterinsights_sitenote_active":false,"_monsterinsights_sitenote_note":"","_monsterinsights_sitenote_category":0,"footnotes":""},"categories":[1],"tags":[],"class_list":["post-8849","post","type-post","status-publish","format-standard","has-post-thumbnail","hentry","category-noticias"],"yoast_head":"<!-- This site is optimized with the Yoast SEO plugin v27.4 - https:\/\/yoast.com\/product\/yoast-seo-wordpress\/ -->\n<title>La Gran Transici\u00f3n de la Econom\u00eda Global: consecuencias y peligros de la guerra&quot; - Facultad de Ciencias Econ\u00f3micas, Jur\u00ed\u00addicas y Sociales<\/title>\n<meta name=\"robots\" content=\"index, follow, max-snippet:-1, max-image-preview:large, max-video-preview:-1\" \/>\n<link rel=\"canonical\" href=\"https:\/\/www.fcejs.unsl.edu.ar\/index.php\/la-gran-transicion-de-la-economia-global-consecuencias-y-peligros-de-la-guerra\/\" \/>\n<meta property=\"og:locale\" content=\"es_ES\" \/>\n<meta property=\"og:type\" content=\"article\" \/>\n<meta property=\"og:title\" content=\"La Gran Transici\u00f3n de la Econom\u00eda Global: consecuencias y peligros de la guerra&quot; - Facultad de Ciencias Econ\u00f3micas, Jur\u00ed\u00addicas y Sociales\" \/>\n<meta property=\"og:description\" content=\"El Centro de Pensamiento Cr\u00edtico Pedro Paz (FCEJS-UNSL) invita a la charla: La Gran Transici\u00f3n de la Econom\u00eda Global: consecuencias y peligros de la guerra&#8221;.&hellip;\" \/>\n<meta property=\"og:url\" content=\"https:\/\/www.fcejs.unsl.edu.ar\/index.php\/la-gran-transicion-de-la-economia-global-consecuencias-y-peligros-de-la-guerra\/\" \/>\n<meta property=\"og:site_name\" content=\"Facultad de Ciencias Econ\u00f3micas, Jur\u00ed\u00addicas y Sociales\" \/>\n<meta property=\"article:publisher\" content=\"https:\/\/www.facebook.com\/FCEJS.UNSL\/\" \/>\n<meta property=\"article:published_time\" content=\"2022-08-19T14:42:20+00:00\" \/>\n<meta property=\"article:modified_time\" content=\"2022-08-30T12:29:23+00:00\" \/>\n<meta property=\"og:image\" content=\"https:\/\/www.fcejs.unsl.edu.ar\/wp-content\/uploads\/2022\/08\/Difusion-La-gran-transicion-de-la-economia-global.-Consecuencias-y-peligros-de-la-guerra.jpeg\" \/>\n\t<meta property=\"og:image:width\" content=\"1280\" \/>\n\t<meta property=\"og:image:height\" content=\"720\" \/>\n\t<meta property=\"og:image:type\" content=\"image\/jpeg\" \/>\n<meta name=\"author\" content=\"DATI\" \/>\n<meta name=\"twitter:card\" content=\"summary_large_image\" \/>\n<meta name=\"twitter:creator\" content=\"@FCEJSUNSL\" \/>\n<meta name=\"twitter:site\" content=\"@FCEJSUNSL\" \/>\n<meta name=\"twitter:label1\" content=\"Escrito por\" \/>\n\t<meta name=\"twitter:data1\" content=\"DATI\" \/>\n\t<meta name=\"twitter:label2\" content=\"Tiempo de lectura\" \/>\n\t<meta name=\"twitter:data2\" content=\"2 minutos\" \/>\n<script type=\"application\/ld+json\" class=\"yoast-schema-graph\">{\"@context\":\"https:\\\/\\\/schema.org\",\"@graph\":[{\"@type\":\"Article\",\"@id\":\"https:\\\/\\\/www.fcejs.unsl.edu.ar\\\/index.php\\\/la-gran-transicion-de-la-economia-global-consecuencias-y-peligros-de-la-guerra\\\/#article\",\"isPartOf\":{\"@id\":\"https:\\\/\\\/www.fcejs.unsl.edu.ar\\\/index.php\\\/la-gran-transicion-de-la-economia-global-consecuencias-y-peligros-de-la-guerra\\\/\"},\"author\":{\"name\":\"DATI\",\"@id\":\"https:\\\/\\\/www.fcejs.unsl.edu.ar\\\/#\\\/schema\\\/person\\\/352ee6ed90c3f394c7cb5945f8956d34\"},\"headline\":\"La Gran Transici\u00f3n de la Econom\u00eda Global: consecuencias y peligros de la guerra&#8221;\",\"datePublished\":\"2022-08-19T14:42:20+00:00\",\"dateModified\":\"2022-08-30T12:29:23+00:00\",\"mainEntityOfPage\":{\"@id\":\"https:\\\/\\\/www.fcejs.unsl.edu.ar\\\/index.php\\\/la-gran-transicion-de-la-economia-global-consecuencias-y-peligros-de-la-guerra\\\/\"},\"wordCount\":400,\"publisher\":{\"@id\":\"https:\\\/\\\/www.fcejs.unsl.edu.ar\\\/#organization\"},\"image\":{\"@id\":\"https:\\\/\\\/www.fcejs.unsl.edu.ar\\\/index.php\\\/la-gran-transicion-de-la-economia-global-consecuencias-y-peligros-de-la-guerra\\\/#primaryimage\"},\"thumbnailUrl\":\"https:\\\/\\\/www.fcejs.unsl.edu.ar\\\/wp-content\\\/uploads\\\/2022\\\/08\\\/Difusion-La-gran-transicion-de-la-economia-global.-Consecuencias-y-peligros-de-la-guerra.jpeg\",\"articleSection\":[\"Noticias\"],\"inLanguage\":\"es-AR\"},{\"@type\":\"WebPage\",\"@id\":\"https:\\\/\\\/www.fcejs.unsl.edu.ar\\\/index.php\\\/la-gran-transicion-de-la-economia-global-consecuencias-y-peligros-de-la-guerra\\\/\",\"url\":\"https:\\\/\\\/www.fcejs.unsl.edu.ar\\\/index.php\\\/la-gran-transicion-de-la-economia-global-consecuencias-y-peligros-de-la-guerra\\\/\",\"name\":\"La Gran Transici\u00f3n de la Econom\u00eda Global: consecuencias y peligros de la guerra\\\" - Facultad de Ciencias Econ\u00f3micas, Jur\u00ed\u00addicas y Sociales\",\"isPartOf\":{\"@id\":\"https:\\\/\\\/www.fcejs.unsl.edu.ar\\\/#website\"},\"primaryImageOfPage\":{\"@id\":\"https:\\\/\\\/www.fcejs.unsl.edu.ar\\\/index.php\\\/la-gran-transicion-de-la-economia-global-consecuencias-y-peligros-de-la-guerra\\\/#primaryimage\"},\"image\":{\"@id\":\"https:\\\/\\\/www.fcejs.unsl.edu.ar\\\/index.php\\\/la-gran-transicion-de-la-economia-global-consecuencias-y-peligros-de-la-guerra\\\/#primaryimage\"},\"thumbnailUrl\":\"https:\\\/\\\/www.fcejs.unsl.edu.ar\\\/wp-content\\\/uploads\\\/2022\\\/08\\\/Difusion-La-gran-transicion-de-la-economia-global.-Consecuencias-y-peligros-de-la-guerra.jpeg\",\"datePublished\":\"2022-08-19T14:42:20+00:00\",\"dateModified\":\"2022-08-30T12:29:23+00:00\",\"breadcrumb\":{\"@id\":\"https:\\\/\\\/www.fcejs.unsl.edu.ar\\\/index.php\\\/la-gran-transicion-de-la-economia-global-consecuencias-y-peligros-de-la-guerra\\\/#breadcrumb\"},\"inLanguage\":\"es-AR\",\"potentialAction\":[{\"@type\":\"ReadAction\",\"target\":[\"https:\\\/\\\/www.fcejs.unsl.edu.ar\\\/index.php\\\/la-gran-transicion-de-la-economia-global-consecuencias-y-peligros-de-la-guerra\\\/\"]}]},{\"@type\":\"ImageObject\",\"inLanguage\":\"es-AR\",\"@id\":\"https:\\\/\\\/www.fcejs.unsl.edu.ar\\\/index.php\\\/la-gran-transicion-de-la-economia-global-consecuencias-y-peligros-de-la-guerra\\\/#primaryimage\",\"url\":\"https:\\\/\\\/www.fcejs.unsl.edu.ar\\\/wp-content\\\/uploads\\\/2022\\\/08\\\/Difusion-La-gran-transicion-de-la-economia-global.-Consecuencias-y-peligros-de-la-guerra.jpeg\",\"contentUrl\":\"https:\\\/\\\/www.fcejs.unsl.edu.ar\\\/wp-content\\\/uploads\\\/2022\\\/08\\\/Difusion-La-gran-transicion-de-la-economia-global.-Consecuencias-y-peligros-de-la-guerra.jpeg\",\"width\":1280,\"height\":720},{\"@type\":\"BreadcrumbList\",\"@id\":\"https:\\\/\\\/www.fcejs.unsl.edu.ar\\\/index.php\\\/la-gran-transicion-de-la-economia-global-consecuencias-y-peligros-de-la-guerra\\\/#breadcrumb\",\"itemListElement\":[{\"@type\":\"ListItem\",\"position\":1,\"name\":\"Inicio\",\"item\":\"https:\\\/\\\/www.fcejs.unsl.edu.ar\\\/\"},{\"@type\":\"ListItem\",\"position\":2,\"name\":\"La Gran Transici\u00f3n de la Econom\u00eda Global: consecuencias y peligros de la guerra&#8221;\"}]},{\"@type\":\"WebSite\",\"@id\":\"https:\\\/\\\/www.fcejs.unsl.edu.ar\\\/#website\",\"url\":\"https:\\\/\\\/www.fcejs.unsl.edu.ar\\\/\",\"name\":\"Facultad de Ciencias Econ\u00f3micas, Jur\u00ed\u00addicas y Sociales\",\"description\":\"\",\"publisher\":{\"@id\":\"https:\\\/\\\/www.fcejs.unsl.edu.ar\\\/#organization\"},\"potentialAction\":[{\"@type\":\"SearchAction\",\"target\":{\"@type\":\"EntryPoint\",\"urlTemplate\":\"https:\\\/\\\/www.fcejs.unsl.edu.ar\\\/?s={search_term_string}\"},\"query-input\":{\"@type\":\"PropertyValueSpecification\",\"valueRequired\":true,\"valueName\":\"search_term_string\"}}],\"inLanguage\":\"es-AR\"},{\"@type\":\"Organization\",\"@id\":\"https:\\\/\\\/www.fcejs.unsl.edu.ar\\\/#organization\",\"name\":\"Facultad de Ciencias Econ\u00f3micas, Jur\u00eddicas y Sociales\",\"url\":\"https:\\\/\\\/www.fcejs.unsl.edu.ar\\\/\",\"logo\":{\"@type\":\"ImageObject\",\"inLanguage\":\"es-AR\",\"@id\":\"https:\\\/\\\/www.fcejs.unsl.edu.ar\\\/#\\\/schema\\\/logo\\\/image\\\/\",\"url\":\"https:\\\/\\\/www.fcejs.unsl.edu.ar\\\/wp-content\\\/uploads\\\/2021\\\/03\\\/logo-1.jpg\",\"contentUrl\":\"https:\\\/\\\/www.fcejs.unsl.edu.ar\\\/wp-content\\\/uploads\\\/2021\\\/03\\\/logo-1.jpg\",\"width\":471,\"height\":146,\"caption\":\"Facultad de Ciencias Econ\u00f3micas, Jur\u00eddicas y Sociales\"},\"image\":{\"@id\":\"https:\\\/\\\/www.fcejs.unsl.edu.ar\\\/#\\\/schema\\\/logo\\\/image\\\/\"},\"sameAs\":[\"https:\\\/\\\/www.facebook.com\\\/FCEJS.UNSL\\\/\",\"https:\\\/\\\/x.com\\\/FCEJSUNSL\",\"https:\\\/\\\/www.instagram.com\\\/fcejs.unsl\\\/\",\"https:\\\/\\\/www.youtube.com\\\/channel\\\/UCH-Ut6EaN_X5ogjIQMPe46g\\\/\"]},{\"@type\":\"Person\",\"@id\":\"https:\\\/\\\/www.fcejs.unsl.edu.ar\\\/#\\\/schema\\\/person\\\/352ee6ed90c3f394c7cb5945f8956d34\",\"name\":\"DATI\"}]}<\/script>\n<!-- \/ Yoast SEO plugin. -->","yoast_head_json":{"title":"La Gran Transici\u00f3n de la Econom\u00eda Global: consecuencias y peligros de la guerra\" - Facultad de Ciencias Econ\u00f3micas, Jur\u00ed\u00addicas y Sociales","robots":{"index":"index","follow":"follow","max-snippet":"max-snippet:-1","max-image-preview":"max-image-preview:large","max-video-preview":"max-video-preview:-1"},"canonical":"https:\/\/www.fcejs.unsl.edu.ar\/index.php\/la-gran-transicion-de-la-economia-global-consecuencias-y-peligros-de-la-guerra\/","og_locale":"es_ES","og_type":"article","og_title":"La Gran Transici\u00f3n de la Econom\u00eda Global: consecuencias y peligros de la guerra\" - Facultad de Ciencias Econ\u00f3micas, Jur\u00ed\u00addicas y Sociales","og_description":"El Centro de Pensamiento Cr\u00edtico Pedro Paz (FCEJS-UNSL) invita a la charla: La Gran Transici\u00f3n de la Econom\u00eda Global: consecuencias y peligros de la guerra&#8221;.&hellip;","og_url":"https:\/\/www.fcejs.unsl.edu.ar\/index.php\/la-gran-transicion-de-la-economia-global-consecuencias-y-peligros-de-la-guerra\/","og_site_name":"Facultad de Ciencias Econ\u00f3micas, Jur\u00ed\u00addicas y Sociales","article_publisher":"https:\/\/www.facebook.com\/FCEJS.UNSL\/","article_published_time":"2022-08-19T14:42:20+00:00","article_modified_time":"2022-08-30T12:29:23+00:00","og_image":[{"width":1280,"height":720,"url":"https:\/\/www.fcejs.unsl.edu.ar\/wp-content\/uploads\/2022\/08\/Difusion-La-gran-transicion-de-la-economia-global.-Consecuencias-y-peligros-de-la-guerra.jpeg","type":"image\/jpeg"}],"author":"DATI","twitter_card":"summary_large_image","twitter_creator":"@FCEJSUNSL","twitter_site":"@FCEJSUNSL","twitter_misc":{"Escrito por":"DATI","Tiempo de lectura":"2 minutos"},"schema":{"@context":"https:\/\/schema.org","@graph":[{"@type":"Article","@id":"https:\/\/www.fcejs.unsl.edu.ar\/index.php\/la-gran-transicion-de-la-economia-global-consecuencias-y-peligros-de-la-guerra\/#article","isPartOf":{"@id":"https:\/\/www.fcejs.unsl.edu.ar\/index.php\/la-gran-transicion-de-la-economia-global-consecuencias-y-peligros-de-la-guerra\/"},"author":{"name":"DATI","@id":"https:\/\/www.fcejs.unsl.edu.ar\/#\/schema\/person\/352ee6ed90c3f394c7cb5945f8956d34"},"headline":"La Gran Transici\u00f3n de la Econom\u00eda Global: consecuencias y peligros de la guerra&#8221;","datePublished":"2022-08-19T14:42:20+00:00","dateModified":"2022-08-30T12:29:23+00:00","mainEntityOfPage":{"@id":"https:\/\/www.fcejs.unsl.edu.ar\/index.php\/la-gran-transicion-de-la-economia-global-consecuencias-y-peligros-de-la-guerra\/"},"wordCount":400,"publisher":{"@id":"https:\/\/www.fcejs.unsl.edu.ar\/#organization"},"image":{"@id":"https:\/\/www.fcejs.unsl.edu.ar\/index.php\/la-gran-transicion-de-la-economia-global-consecuencias-y-peligros-de-la-guerra\/#primaryimage"},"thumbnailUrl":"https:\/\/www.fcejs.unsl.edu.ar\/wp-content\/uploads\/2022\/08\/Difusion-La-gran-transicion-de-la-economia-global.-Consecuencias-y-peligros-de-la-guerra.jpeg","articleSection":["Noticias"],"inLanguage":"es-AR"},{"@type":"WebPage","@id":"https:\/\/www.fcejs.unsl.edu.ar\/index.php\/la-gran-transicion-de-la-economia-global-consecuencias-y-peligros-de-la-guerra\/","url":"https:\/\/www.fcejs.unsl.edu.ar\/index.php\/la-gran-transicion-de-la-economia-global-consecuencias-y-peligros-de-la-guerra\/","name":"La Gran Transici\u00f3n de la Econom\u00eda Global: consecuencias y peligros de la guerra\" - Facultad de Ciencias Econ\u00f3micas, Jur\u00ed\u00addicas y Sociales","isPartOf":{"@id":"https:\/\/www.fcejs.unsl.edu.ar\/#website"},"primaryImageOfPage":{"@id":"https:\/\/www.fcejs.unsl.edu.ar\/index.php\/la-gran-transicion-de-la-economia-global-consecuencias-y-peligros-de-la-guerra\/#primaryimage"},"image":{"@id":"https:\/\/www.fcejs.unsl.edu.ar\/index.php\/la-gran-transicion-de-la-economia-global-consecuencias-y-peligros-de-la-guerra\/#primaryimage"},"thumbnailUrl":"https:\/\/www.fcejs.unsl.edu.ar\/wp-content\/uploads\/2022\/08\/Difusion-La-gran-transicion-de-la-economia-global.-Consecuencias-y-peligros-de-la-guerra.jpeg","datePublished":"2022-08-19T14:42:20+00:00","dateModified":"2022-08-30T12:29:23+00:00","breadcrumb":{"@id":"https:\/\/www.fcejs.unsl.edu.ar\/index.php\/la-gran-transicion-de-la-economia-global-consecuencias-y-peligros-de-la-guerra\/#breadcrumb"},"inLanguage":"es-AR","potentialAction":[{"@type":"ReadAction","target":["https:\/\/www.fcejs.unsl.edu.ar\/index.php\/la-gran-transicion-de-la-economia-global-consecuencias-y-peligros-de-la-guerra\/"]}]},{"@type":"ImageObject","inLanguage":"es-AR","@id":"https:\/\/www.fcejs.unsl.edu.ar\/index.php\/la-gran-transicion-de-la-economia-global-consecuencias-y-peligros-de-la-guerra\/#primaryimage","url":"https:\/\/www.fcejs.unsl.edu.ar\/wp-content\/uploads\/2022\/08\/Difusion-La-gran-transicion-de-la-economia-global.-Consecuencias-y-peligros-de-la-guerra.jpeg","contentUrl":"https:\/\/www.fcejs.unsl.edu.ar\/wp-content\/uploads\/2022\/08\/Difusion-La-gran-transicion-de-la-economia-global.-Consecuencias-y-peligros-de-la-guerra.jpeg","width":1280,"height":720},{"@type":"BreadcrumbList","@id":"https:\/\/www.fcejs.unsl.edu.ar\/index.php\/la-gran-transicion-de-la-economia-global-consecuencias-y-peligros-de-la-guerra\/#breadcrumb","itemListElement":[{"@type":"ListItem","position":1,"name":"Inicio","item":"https:\/\/www.fcejs.unsl.edu.ar\/"},{"@type":"ListItem","position":2,"name":"La Gran Transici\u00f3n de la Econom\u00eda Global: consecuencias y peligros de la guerra&#8221;"}]},{"@type":"WebSite","@id":"https:\/\/www.fcejs.unsl.edu.ar\/#website","url":"https:\/\/www.fcejs.unsl.edu.ar\/","name":"Facultad de Ciencias Econ\u00f3micas, Jur\u00ed\u00addicas y Sociales","description":"","publisher":{"@id":"https:\/\/www.fcejs.unsl.edu.ar\/#organization"},"potentialAction":[{"@type":"SearchAction","target":{"@type":"EntryPoint","urlTemplate":"https:\/\/www.fcejs.unsl.edu.ar\/?s={search_term_string}"},"query-input":{"@type":"PropertyValueSpecification","valueRequired":true,"valueName":"search_term_string"}}],"inLanguage":"es-AR"},{"@type":"Organization","@id":"https:\/\/www.fcejs.unsl.edu.ar\/#organization","name":"Facultad de Ciencias Econ\u00f3micas, Jur\u00eddicas y Sociales","url":"https:\/\/www.fcejs.unsl.edu.ar\/","logo":{"@type":"ImageObject","inLanguage":"es-AR","@id":"https:\/\/www.fcejs.unsl.edu.ar\/#\/schema\/logo\/image\/","url":"https:\/\/www.fcejs.unsl.edu.ar\/wp-content\/uploads\/2021\/03\/logo-1.jpg","contentUrl":"https:\/\/www.fcejs.unsl.edu.ar\/wp-content\/uploads\/2021\/03\/logo-1.jpg","width":471,"height":146,"caption":"Facultad de Ciencias Econ\u00f3micas, Jur\u00eddicas y Sociales"},"image":{"@id":"https:\/\/www.fcejs.unsl.edu.ar\/#\/schema\/logo\/image\/"},"sameAs":["https:\/\/www.facebook.com\/FCEJS.UNSL\/","https:\/\/x.com\/FCEJSUNSL","https:\/\/www.instagram.com\/fcejs.unsl\/","https:\/\/www.youtube.com\/channel\/UCH-Ut6EaN_X5ogjIQMPe46g\/"]},{"@type":"Person","@id":"https:\/\/www.fcejs.unsl.edu.ar\/#\/schema\/person\/352ee6ed90c3f394c7cb5945f8956d34","name":"DATI"}]}},"jetpack_featured_media_url":"https:\/\/www.fcejs.unsl.edu.ar\/wp-content\/uploads\/2022\/08\/Difusion-La-gran-transicion-de-la-economia-global.-Consecuencias-y-peligros-de-la-guerra.jpeg","_links":{"self":[{"href":"https:\/\/www.fcejs.unsl.edu.ar\/index.php\/wp-json\/wp\/v2\/posts\/8849","targetHints":{"allow":["GET"]}}],"collection":[{"href":"https:\/\/www.fcejs.unsl.edu.ar\/index.php\/wp-json\/wp\/v2\/posts"}],"about":[{"href":"https:\/\/www.fcejs.unsl.edu.ar\/index.php\/wp-json\/wp\/v2\/types\/post"}],"author":[{"embeddable":true,"href":"https:\/\/www.fcejs.unsl.edu.ar\/index.php\/wp-json\/wp\/v2\/users\/9"}],"replies":[{"embeddable":true,"href":"https:\/\/www.fcejs.unsl.edu.ar\/index.php\/wp-json\/wp\/v2\/comments?post=8849"}],"version-history":[{"count":1,"href":"https:\/\/www.fcejs.unsl.edu.ar\/index.php\/wp-json\/wp\/v2\/posts\/8849\/revisions"}],"predecessor-version":[{"id":8851,"href":"https:\/\/www.fcejs.unsl.edu.ar\/index.php\/wp-json\/wp\/v2\/posts\/8849\/revisions\/8851"}],"wp:featuredmedia":[{"embeddable":true,"href":"https:\/\/www.fcejs.unsl.edu.ar\/index.php\/wp-json\/wp\/v2\/media\/8850"}],"wp:attachment":[{"href":"https:\/\/www.fcejs.unsl.edu.ar\/index.php\/wp-json\/wp\/v2\/media?parent=8849"}],"wp:term":[{"taxonomy":"category","embeddable":true,"href":"https:\/\/www.fcejs.unsl.edu.ar\/index.php\/wp-json\/wp\/v2\/categories?post=8849"},{"taxonomy":"post_tag","embeddable":true,"href":"https:\/\/www.fcejs.unsl.edu.ar\/index.php\/wp-json\/wp\/v2\/tags?post=8849"}],"curies":[{"name":"wp","href":"https:\/\/api.w.org\/{rel}","templated":true}]}}