{"id":8757,"date":"2022-08-16T09:59:32","date_gmt":"2022-08-16T12:59:32","guid":{"rendered":"http:\/\/10.101.10.197\/www\/?p=8757"},"modified":"2022-09-14T08:26:32","modified_gmt":"2022-09-14T11:26:32","slug":"seminario-resonancias-de-la-critica-filosofica-en-las-discuciones-contemporaneas-de-la-filosofia-del-derecho","status":"publish","type":"post","link":"https:\/\/www.fcejs.unsl.edu.ar\/index.php\/seminario-resonancias-de-la-critica-filosofica-en-las-discuciones-contemporaneas-de-la-filosofia-del-derecho\/","title":{"rendered":"Seminario: Resonancias de la cr\u00edtica filos\u00f3fica en las discuciones contempor\u00e1neas de la filosof\u00eda del derecho"},"content":{"rendered":"<p style=\"font-weight: 400;\">La Secretar\u00eda de Investigaci\u00f3n y Posgrado informa que, el viernes 26 de agosto a las 15h dar\u00e1 comienzo de manera virtual el Seminario: <em><strong>RESONANCIAS DE LA CR\u00cdTICA FILOS\u00d3FICA EN LAS DISCUSIONES CONTEMPOR\u00c1NEAS DE LA FILOSOF\u00cdA DEL DERECHO. PRINCIPALES APORTES.<\/strong><\/em><\/p>\n<p style=\"font-weight: 400;\">La exposici\u00f3n estar\u00e1 a cargo de la Mgtr. Sof\u00eda Aguilar (CONICET-UBA) con la coordinaci\u00f3n de la Abg. Aldana Romano (UNSL).<\/p>\n<p>Esta actividad es organizada por el Grupo de Investigaci\u00f3n Derecho y Lenguaje &#8211; PROICO 15-0120 y cuenta con el auspicio de la C\u00e1tedra de Filosof\u00eda del Derecho, la Especializaci\u00f3n de Derechos Humanos y Acceso a la Justicia y la Secretar\u00eda de Investigaci\u00f3n y Posgrado.<\/p>\n<p style=\"text-align: center;\"><a href=\"https:\/\/us06web.zoom.us\/j\/82597328155?pwd=Q3dkb2oxUFZYVHVpeEdxVmNyR1ZHUT09\"><strong>Enlace a Zoom<\/strong><\/a><\/p>\n<p><img fetchpriority=\"high\" decoding=\"async\" class=\"alignnone wp-image-8760 \" src=\"https:\/\/www.fcejs.unsl.edu.ar\/wp-content\/uploads\/2022\/08\/Aguilar.jpg\" alt=\"\" width=\"806\" height=\"815\" srcset=\"https:\/\/www.fcejs.unsl.edu.ar\/wp-content\/uploads\/2022\/08\/Aguilar.jpg 617w, https:\/\/www.fcejs.unsl.edu.ar\/wp-content\/uploads\/2022\/08\/Aguilar-297x300.jpg 297w\" sizes=\"(max-width: 806px) 100vw, 806px\" \/><\/p>\n","protected":false},"excerpt":{"rendered":"<p>La Secretar\u00eda de Investigaci\u00f3n y Posgrado informa que, el viernes 26 de agosto a las 15h dar\u00e1 comienzo de manera virtual el Seminario: RESONANCIAS DE&hellip;<\/p>\n","protected":false},"author":9,"featured_media":8758,"comment_status":"closed","ping_status":"closed","sticky":false,"template":"","format":"standard","meta":{"om_disable_all_campaigns":false,"_monsterinsights_skip_tracking":false,"_monsterinsights_sitenote_active":false,"_monsterinsights_sitenote_note":"","_monsterinsights_sitenote_category":0,"footnotes":""},"categories":[1],"tags":[],"class_list":["post-8757","post","type-post","status-publish","format-standard","has-post-thumbnail","hentry","category-noticias"],"yoast_head":"<!-- This site is optimized with the Yoast SEO plugin v27.4 - https:\/\/yoast.com\/product\/yoast-seo-wordpress\/ -->\n<title>Seminario: Resonancias de la cr\u00edtica filos\u00f3fica en las discuciones contempor\u00e1neas de la filosof\u00eda del derecho - Facultad de Ciencias Econ\u00f3micas, Jur\u00ed\u00addicas y Sociales<\/title>\n<meta name=\"robots\" content=\"index, follow, max-snippet:-1, max-image-preview:large, max-video-preview:-1\" \/>\n<link rel=\"canonical\" href=\"https:\/\/www.fcejs.unsl.edu.ar\/index.php\/seminario-resonancias-de-la-critica-filosofica-en-las-discuciones-contemporaneas-de-la-filosofia-del-derecho\/\" \/>\n<meta property=\"og:locale\" content=\"es_ES\" \/>\n<meta property=\"og:type\" content=\"article\" \/>\n<meta property=\"og:title\" content=\"Seminario: Resonancias de la cr\u00edtica filos\u00f3fica en las discuciones contempor\u00e1neas de la filosof\u00eda del derecho - Facultad de Ciencias Econ\u00f3micas, Jur\u00ed\u00addicas y Sociales\" \/>\n<meta property=\"og:description\" content=\"La Secretar\u00eda de Investigaci\u00f3n y Posgrado informa que, el viernes 26 de agosto a las 15h dar\u00e1 comienzo de manera virtual el Seminario: RESONANCIAS DE&hellip;\" \/>\n<meta property=\"og:url\" content=\"https:\/\/www.fcejs.unsl.edu.ar\/index.php\/seminario-resonancias-de-la-critica-filosofica-en-las-discuciones-contemporaneas-de-la-filosofia-del-derecho\/\" \/>\n<meta property=\"og:site_name\" content=\"Facultad de Ciencias Econ\u00f3micas, Jur\u00ed\u00addicas y Sociales\" \/>\n<meta property=\"article:publisher\" content=\"https:\/\/www.facebook.com\/FCEJS.UNSL\/\" \/>\n<meta property=\"article:published_time\" content=\"2022-08-16T12:59:32+00:00\" \/>\n<meta property=\"article:modified_time\" content=\"2022-09-14T11:26:32+00:00\" \/>\n<meta property=\"og:image\" content=\"https:\/\/www.fcejs.unsl.edu.ar\/wp-content\/uploads\/2022\/08\/Captura-2.jpg\" \/>\n\t<meta property=\"og:image:width\" content=\"983\" \/>\n\t<meta property=\"og:image:height\" content=\"311\" \/>\n\t<meta property=\"og:image:type\" content=\"image\/jpeg\" \/>\n<meta name=\"author\" content=\"DATI\" \/>\n<meta name=\"twitter:card\" content=\"summary_large_image\" \/>\n<meta name=\"twitter:creator\" content=\"@FCEJSUNSL\" \/>\n<meta name=\"twitter:site\" content=\"@FCEJSUNSL\" \/>\n<meta name=\"twitter:label1\" content=\"Escrito por\" \/>\n\t<meta name=\"twitter:data1\" content=\"DATI\" \/>\n\t<meta name=\"twitter:label2\" content=\"Tiempo de lectura\" \/>\n\t<meta name=\"twitter:data2\" content=\"1 minuto\" \/>\n<script type=\"application\/ld+json\" class=\"yoast-schema-graph\">{\"@context\":\"https:\\\/\\\/schema.org\",\"@graph\":[{\"@type\":\"Article\",\"@id\":\"https:\\\/\\\/www.fcejs.unsl.edu.ar\\\/index.php\\\/seminario-resonancias-de-la-critica-filosofica-en-las-discuciones-contemporaneas-de-la-filosofia-del-derecho\\\/#article\",\"isPartOf\":{\"@id\":\"https:\\\/\\\/www.fcejs.unsl.edu.ar\\\/index.php\\\/seminario-resonancias-de-la-critica-filosofica-en-las-discuciones-contemporaneas-de-la-filosofia-del-derecho\\\/\"},\"author\":{\"name\":\"DATI\",\"@id\":\"https:\\\/\\\/www.fcejs.unsl.edu.ar\\\/#\\\/schema\\\/person\\\/352ee6ed90c3f394c7cb5945f8956d34\"},\"headline\":\"Seminario: Resonancias de la cr\u00edtica filos\u00f3fica en las discuciones contempor\u00e1neas de la filosof\u00eda del derecho\",\"datePublished\":\"2022-08-16T12:59:32+00:00\",\"dateModified\":\"2022-09-14T11:26:32+00:00\",\"mainEntityOfPage\":{\"@id\":\"https:\\\/\\\/www.fcejs.unsl.edu.ar\\\/index.php\\\/seminario-resonancias-de-la-critica-filosofica-en-las-discuciones-contemporaneas-de-la-filosofia-del-derecho\\\/\"},\"wordCount\":139,\"publisher\":{\"@id\":\"https:\\\/\\\/www.fcejs.unsl.edu.ar\\\/#organization\"},\"image\":{\"@id\":\"https:\\\/\\\/www.fcejs.unsl.edu.ar\\\/index.php\\\/seminario-resonancias-de-la-critica-filosofica-en-las-discuciones-contemporaneas-de-la-filosofia-del-derecho\\\/#primaryimage\"},\"thumbnailUrl\":\"https:\\\/\\\/www.fcejs.unsl.edu.ar\\\/wp-content\\\/uploads\\\/2022\\\/08\\\/Captura-2.jpg\",\"articleSection\":[\"Noticias\"],\"inLanguage\":\"es-AR\"},{\"@type\":\"WebPage\",\"@id\":\"https:\\\/\\\/www.fcejs.unsl.edu.ar\\\/index.php\\\/seminario-resonancias-de-la-critica-filosofica-en-las-discuciones-contemporaneas-de-la-filosofia-del-derecho\\\/\",\"url\":\"https:\\\/\\\/www.fcejs.unsl.edu.ar\\\/index.php\\\/seminario-resonancias-de-la-critica-filosofica-en-las-discuciones-contemporaneas-de-la-filosofia-del-derecho\\\/\",\"name\":\"Seminario: Resonancias de la cr\u00edtica filos\u00f3fica en las discuciones contempor\u00e1neas de la filosof\u00eda del derecho - Facultad de Ciencias Econ\u00f3micas, Jur\u00ed\u00addicas y Sociales\",\"isPartOf\":{\"@id\":\"https:\\\/\\\/www.fcejs.unsl.edu.ar\\\/#website\"},\"primaryImageOfPage\":{\"@id\":\"https:\\\/\\\/www.fcejs.unsl.edu.ar\\\/index.php\\\/seminario-resonancias-de-la-critica-filosofica-en-las-discuciones-contemporaneas-de-la-filosofia-del-derecho\\\/#primaryimage\"},\"image\":{\"@id\":\"https:\\\/\\\/www.fcejs.unsl.edu.ar\\\/index.php\\\/seminario-resonancias-de-la-critica-filosofica-en-las-discuciones-contemporaneas-de-la-filosofia-del-derecho\\\/#primaryimage\"},\"thumbnailUrl\":\"https:\\\/\\\/www.fcejs.unsl.edu.ar\\\/wp-content\\\/uploads\\\/2022\\\/08\\\/Captura-2.jpg\",\"datePublished\":\"2022-08-16T12:59:32+00:00\",\"dateModified\":\"2022-09-14T11:26:32+00:00\",\"breadcrumb\":{\"@id\":\"https:\\\/\\\/www.fcejs.unsl.edu.ar\\\/index.php\\\/seminario-resonancias-de-la-critica-filosofica-en-las-discuciones-contemporaneas-de-la-filosofia-del-derecho\\\/#breadcrumb\"},\"inLanguage\":\"es-AR\",\"potentialAction\":[{\"@type\":\"ReadAction\",\"target\":[\"https:\\\/\\\/www.fcejs.unsl.edu.ar\\\/index.php\\\/seminario-resonancias-de-la-critica-filosofica-en-las-discuciones-contemporaneas-de-la-filosofia-del-derecho\\\/\"]}]},{\"@type\":\"ImageObject\",\"inLanguage\":\"es-AR\",\"@id\":\"https:\\\/\\\/www.fcejs.unsl.edu.ar\\\/index.php\\\/seminario-resonancias-de-la-critica-filosofica-en-las-discuciones-contemporaneas-de-la-filosofia-del-derecho\\\/#primaryimage\",\"url\":\"https:\\\/\\\/www.fcejs.unsl.edu.ar\\\/wp-content\\\/uploads\\\/2022\\\/08\\\/Captura-2.jpg\",\"contentUrl\":\"https:\\\/\\\/www.fcejs.unsl.edu.ar\\\/wp-content\\\/uploads\\\/2022\\\/08\\\/Captura-2.jpg\",\"width\":983,\"height\":311},{\"@type\":\"BreadcrumbList\",\"@id\":\"https:\\\/\\\/www.fcejs.unsl.edu.ar\\\/index.php\\\/seminario-resonancias-de-la-critica-filosofica-en-las-discuciones-contemporaneas-de-la-filosofia-del-derecho\\\/#breadcrumb\",\"itemListElement\":[{\"@type\":\"ListItem\",\"position\":1,\"name\":\"Inicio\",\"item\":\"https:\\\/\\\/www.fcejs.unsl.edu.ar\\\/\"},{\"@type\":\"ListItem\",\"position\":2,\"name\":\"Seminario: Resonancias de la cr\u00edtica filos\u00f3fica en las discuciones contempor\u00e1neas de la filosof\u00eda del derecho\"}]},{\"@type\":\"WebSite\",\"@id\":\"https:\\\/\\\/www.fcejs.unsl.edu.ar\\\/#website\",\"url\":\"https:\\\/\\\/www.fcejs.unsl.edu.ar\\\/\",\"name\":\"Facultad de Ciencias Econ\u00f3micas, Jur\u00ed\u00addicas y Sociales\",\"description\":\"\",\"publisher\":{\"@id\":\"https:\\\/\\\/www.fcejs.unsl.edu.ar\\\/#organization\"},\"potentialAction\":[{\"@type\":\"SearchAction\",\"target\":{\"@type\":\"EntryPoint\",\"urlTemplate\":\"https:\\\/\\\/www.fcejs.unsl.edu.ar\\\/?s={search_term_string}\"},\"query-input\":{\"@type\":\"PropertyValueSpecification\",\"valueRequired\":true,\"valueName\":\"search_term_string\"}}],\"inLanguage\":\"es-AR\"},{\"@type\":\"Organization\",\"@id\":\"https:\\\/\\\/www.fcejs.unsl.edu.ar\\\/#organization\",\"name\":\"Facultad de Ciencias Econ\u00f3micas, Jur\u00eddicas y Sociales\",\"url\":\"https:\\\/\\\/www.fcejs.unsl.edu.ar\\\/\",\"logo\":{\"@type\":\"ImageObject\",\"inLanguage\":\"es-AR\",\"@id\":\"https:\\\/\\\/www.fcejs.unsl.edu.ar\\\/#\\\/schema\\\/logo\\\/image\\\/\",\"url\":\"https:\\\/\\\/www.fcejs.unsl.edu.ar\\\/wp-content\\\/uploads\\\/2021\\\/03\\\/logo-1.jpg\",\"contentUrl\":\"https:\\\/\\\/www.fcejs.unsl.edu.ar\\\/wp-content\\\/uploads\\\/2021\\\/03\\\/logo-1.jpg\",\"width\":471,\"height\":146,\"caption\":\"Facultad de Ciencias Econ\u00f3micas, Jur\u00eddicas y Sociales\"},\"image\":{\"@id\":\"https:\\\/\\\/www.fcejs.unsl.edu.ar\\\/#\\\/schema\\\/logo\\\/image\\\/\"},\"sameAs\":[\"https:\\\/\\\/www.facebook.com\\\/FCEJS.UNSL\\\/\",\"https:\\\/\\\/x.com\\\/FCEJSUNSL\",\"https:\\\/\\\/www.instagram.com\\\/fcejs.unsl\\\/\",\"https:\\\/\\\/www.youtube.com\\\/channel\\\/UCH-Ut6EaN_X5ogjIQMPe46g\\\/\"]},{\"@type\":\"Person\",\"@id\":\"https:\\\/\\\/www.fcejs.unsl.edu.ar\\\/#\\\/schema\\\/person\\\/352ee6ed90c3f394c7cb5945f8956d34\",\"name\":\"DATI\"}]}<\/script>\n<!-- \/ Yoast SEO plugin. -->","yoast_head_json":{"title":"Seminario: Resonancias de la cr\u00edtica filos\u00f3fica en las discuciones contempor\u00e1neas de la filosof\u00eda del derecho - Facultad de Ciencias Econ\u00f3micas, Jur\u00ed\u00addicas y Sociales","robots":{"index":"index","follow":"follow","max-snippet":"max-snippet:-1","max-image-preview":"max-image-preview:large","max-video-preview":"max-video-preview:-1"},"canonical":"https:\/\/www.fcejs.unsl.edu.ar\/index.php\/seminario-resonancias-de-la-critica-filosofica-en-las-discuciones-contemporaneas-de-la-filosofia-del-derecho\/","og_locale":"es_ES","og_type":"article","og_title":"Seminario: Resonancias de la cr\u00edtica filos\u00f3fica en las discuciones contempor\u00e1neas de la filosof\u00eda del derecho - Facultad de Ciencias Econ\u00f3micas, Jur\u00ed\u00addicas y Sociales","og_description":"La Secretar\u00eda de Investigaci\u00f3n y Posgrado informa que, el viernes 26 de agosto a las 15h dar\u00e1 comienzo de manera virtual el Seminario: RESONANCIAS DE&hellip;","og_url":"https:\/\/www.fcejs.unsl.edu.ar\/index.php\/seminario-resonancias-de-la-critica-filosofica-en-las-discuciones-contemporaneas-de-la-filosofia-del-derecho\/","og_site_name":"Facultad de Ciencias Econ\u00f3micas, Jur\u00ed\u00addicas y Sociales","article_publisher":"https:\/\/www.facebook.com\/FCEJS.UNSL\/","article_published_time":"2022-08-16T12:59:32+00:00","article_modified_time":"2022-09-14T11:26:32+00:00","og_image":[{"width":983,"height":311,"url":"https:\/\/www.fcejs.unsl.edu.ar\/wp-content\/uploads\/2022\/08\/Captura-2.jpg","type":"image\/jpeg"}],"author":"DATI","twitter_card":"summary_large_image","twitter_creator":"@FCEJSUNSL","twitter_site":"@FCEJSUNSL","twitter_misc":{"Escrito por":"DATI","Tiempo de lectura":"1 minuto"},"schema":{"@context":"https:\/\/schema.org","@graph":[{"@type":"Article","@id":"https:\/\/www.fcejs.unsl.edu.ar\/index.php\/seminario-resonancias-de-la-critica-filosofica-en-las-discuciones-contemporaneas-de-la-filosofia-del-derecho\/#article","isPartOf":{"@id":"https:\/\/www.fcejs.unsl.edu.ar\/index.php\/seminario-resonancias-de-la-critica-filosofica-en-las-discuciones-contemporaneas-de-la-filosofia-del-derecho\/"},"author":{"name":"DATI","@id":"https:\/\/www.fcejs.unsl.edu.ar\/#\/schema\/person\/352ee6ed90c3f394c7cb5945f8956d34"},"headline":"Seminario: Resonancias de la cr\u00edtica filos\u00f3fica en las discuciones contempor\u00e1neas de la filosof\u00eda del derecho","datePublished":"2022-08-16T12:59:32+00:00","dateModified":"2022-09-14T11:26:32+00:00","mainEntityOfPage":{"@id":"https:\/\/www.fcejs.unsl.edu.ar\/index.php\/seminario-resonancias-de-la-critica-filosofica-en-las-discuciones-contemporaneas-de-la-filosofia-del-derecho\/"},"wordCount":139,"publisher":{"@id":"https:\/\/www.fcejs.unsl.edu.ar\/#organization"},"image":{"@id":"https:\/\/www.fcejs.unsl.edu.ar\/index.php\/seminario-resonancias-de-la-critica-filosofica-en-las-discuciones-contemporaneas-de-la-filosofia-del-derecho\/#primaryimage"},"thumbnailUrl":"https:\/\/www.fcejs.unsl.edu.ar\/wp-content\/uploads\/2022\/08\/Captura-2.jpg","articleSection":["Noticias"],"inLanguage":"es-AR"},{"@type":"WebPage","@id":"https:\/\/www.fcejs.unsl.edu.ar\/index.php\/seminario-resonancias-de-la-critica-filosofica-en-las-discuciones-contemporaneas-de-la-filosofia-del-derecho\/","url":"https:\/\/www.fcejs.unsl.edu.ar\/index.php\/seminario-resonancias-de-la-critica-filosofica-en-las-discuciones-contemporaneas-de-la-filosofia-del-derecho\/","name":"Seminario: Resonancias de la cr\u00edtica filos\u00f3fica en las discuciones contempor\u00e1neas de la filosof\u00eda del derecho - Facultad de Ciencias Econ\u00f3micas, Jur\u00ed\u00addicas y Sociales","isPartOf":{"@id":"https:\/\/www.fcejs.unsl.edu.ar\/#website"},"primaryImageOfPage":{"@id":"https:\/\/www.fcejs.unsl.edu.ar\/index.php\/seminario-resonancias-de-la-critica-filosofica-en-las-discuciones-contemporaneas-de-la-filosofia-del-derecho\/#primaryimage"},"image":{"@id":"https:\/\/www.fcejs.unsl.edu.ar\/index.php\/seminario-resonancias-de-la-critica-filosofica-en-las-discuciones-contemporaneas-de-la-filosofia-del-derecho\/#primaryimage"},"thumbnailUrl":"https:\/\/www.fcejs.unsl.edu.ar\/wp-content\/uploads\/2022\/08\/Captura-2.jpg","datePublished":"2022-08-16T12:59:32+00:00","dateModified":"2022-09-14T11:26:32+00:00","breadcrumb":{"@id":"https:\/\/www.fcejs.unsl.edu.ar\/index.php\/seminario-resonancias-de-la-critica-filosofica-en-las-discuciones-contemporaneas-de-la-filosofia-del-derecho\/#breadcrumb"},"inLanguage":"es-AR","potentialAction":[{"@type":"ReadAction","target":["https:\/\/www.fcejs.unsl.edu.ar\/index.php\/seminario-resonancias-de-la-critica-filosofica-en-las-discuciones-contemporaneas-de-la-filosofia-del-derecho\/"]}]},{"@type":"ImageObject","inLanguage":"es-AR","@id":"https:\/\/www.fcejs.unsl.edu.ar\/index.php\/seminario-resonancias-de-la-critica-filosofica-en-las-discuciones-contemporaneas-de-la-filosofia-del-derecho\/#primaryimage","url":"https:\/\/www.fcejs.unsl.edu.ar\/wp-content\/uploads\/2022\/08\/Captura-2.jpg","contentUrl":"https:\/\/www.fcejs.unsl.edu.ar\/wp-content\/uploads\/2022\/08\/Captura-2.jpg","width":983,"height":311},{"@type":"BreadcrumbList","@id":"https:\/\/www.fcejs.unsl.edu.ar\/index.php\/seminario-resonancias-de-la-critica-filosofica-en-las-discuciones-contemporaneas-de-la-filosofia-del-derecho\/#breadcrumb","itemListElement":[{"@type":"ListItem","position":1,"name":"Inicio","item":"https:\/\/www.fcejs.unsl.edu.ar\/"},{"@type":"ListItem","position":2,"name":"Seminario: Resonancias de la cr\u00edtica filos\u00f3fica en las discuciones contempor\u00e1neas de la filosof\u00eda del derecho"}]},{"@type":"WebSite","@id":"https:\/\/www.fcejs.unsl.edu.ar\/#website","url":"https:\/\/www.fcejs.unsl.edu.ar\/","name":"Facultad de Ciencias Econ\u00f3micas, Jur\u00ed\u00addicas y Sociales","description":"","publisher":{"@id":"https:\/\/www.fcejs.unsl.edu.ar\/#organization"},"potentialAction":[{"@type":"SearchAction","target":{"@type":"EntryPoint","urlTemplate":"https:\/\/www.fcejs.unsl.edu.ar\/?s={search_term_string}"},"query-input":{"@type":"PropertyValueSpecification","valueRequired":true,"valueName":"search_term_string"}}],"inLanguage":"es-AR"},{"@type":"Organization","@id":"https:\/\/www.fcejs.unsl.edu.ar\/#organization","name":"Facultad de Ciencias Econ\u00f3micas, Jur\u00eddicas y Sociales","url":"https:\/\/www.fcejs.unsl.edu.ar\/","logo":{"@type":"ImageObject","inLanguage":"es-AR","@id":"https:\/\/www.fcejs.unsl.edu.ar\/#\/schema\/logo\/image\/","url":"https:\/\/www.fcejs.unsl.edu.ar\/wp-content\/uploads\/2021\/03\/logo-1.jpg","contentUrl":"https:\/\/www.fcejs.unsl.edu.ar\/wp-content\/uploads\/2021\/03\/logo-1.jpg","width":471,"height":146,"caption":"Facultad de Ciencias Econ\u00f3micas, Jur\u00eddicas y Sociales"},"image":{"@id":"https:\/\/www.fcejs.unsl.edu.ar\/#\/schema\/logo\/image\/"},"sameAs":["https:\/\/www.facebook.com\/FCEJS.UNSL\/","https:\/\/x.com\/FCEJSUNSL","https:\/\/www.instagram.com\/fcejs.unsl\/","https:\/\/www.youtube.com\/channel\/UCH-Ut6EaN_X5ogjIQMPe46g\/"]},{"@type":"Person","@id":"https:\/\/www.fcejs.unsl.edu.ar\/#\/schema\/person\/352ee6ed90c3f394c7cb5945f8956d34","name":"DATI"}]}},"jetpack_featured_media_url":"https:\/\/www.fcejs.unsl.edu.ar\/wp-content\/uploads\/2022\/08\/Captura-2.jpg","_links":{"self":[{"href":"https:\/\/www.fcejs.unsl.edu.ar\/index.php\/wp-json\/wp\/v2\/posts\/8757","targetHints":{"allow":["GET"]}}],"collection":[{"href":"https:\/\/www.fcejs.unsl.edu.ar\/index.php\/wp-json\/wp\/v2\/posts"}],"about":[{"href":"https:\/\/www.fcejs.unsl.edu.ar\/index.php\/wp-json\/wp\/v2\/types\/post"}],"author":[{"embeddable":true,"href":"https:\/\/www.fcejs.unsl.edu.ar\/index.php\/wp-json\/wp\/v2\/users\/9"}],"replies":[{"embeddable":true,"href":"https:\/\/www.fcejs.unsl.edu.ar\/index.php\/wp-json\/wp\/v2\/comments?post=8757"}],"version-history":[{"count":1,"href":"https:\/\/www.fcejs.unsl.edu.ar\/index.php\/wp-json\/wp\/v2\/posts\/8757\/revisions"}],"predecessor-version":[{"id":8761,"href":"https:\/\/www.fcejs.unsl.edu.ar\/index.php\/wp-json\/wp\/v2\/posts\/8757\/revisions\/8761"}],"wp:featuredmedia":[{"embeddable":true,"href":"https:\/\/www.fcejs.unsl.edu.ar\/index.php\/wp-json\/wp\/v2\/media\/8758"}],"wp:attachment":[{"href":"https:\/\/www.fcejs.unsl.edu.ar\/index.php\/wp-json\/wp\/v2\/media?parent=8757"}],"wp:term":[{"taxonomy":"category","embeddable":true,"href":"https:\/\/www.fcejs.unsl.edu.ar\/index.php\/wp-json\/wp\/v2\/categories?post=8757"},{"taxonomy":"post_tag","embeddable":true,"href":"https:\/\/www.fcejs.unsl.edu.ar\/index.php\/wp-json\/wp\/v2\/tags?post=8757"}],"curies":[{"name":"wp","href":"https:\/\/api.w.org\/{rel}","templated":true}]}}