{"id":8749,"date":"2022-08-12T13:23:57","date_gmt":"2022-08-12T16:23:57","guid":{"rendered":"http:\/\/10.101.10.197\/www\/?p=8749"},"modified":"2022-09-14T08:26:57","modified_gmt":"2022-09-14T11:26:57","slug":"primera-reunion-de-la-comision-interinstitucional-municipalidad-de-villa-mercedes-fcejs","status":"publish","type":"post","link":"https:\/\/www.fcejs.unsl.edu.ar\/index.php\/primera-reunion-de-la-comision-interinstitucional-municipalidad-de-villa-mercedes-fcejs\/","title":{"rendered":"Primera Reuni\u00f3n de la Comisi\u00f3n Interinstitucional Municipalidad de Villa Mercedes-FCEJS"},"content":{"rendered":"<p>Se informa que el d\u00eda viernes 12 de agosto de 2022 a las 10h se reunieron representantes del Observatorio Urbano dependiente de la Secretar\u00eda de Producci\u00f3n, Medio Ambiente y Tecnolog\u00eda de la Municipalidad de Villa Mercedes y representantes del Observatorio Social de la Facultad de Ciencias Econ\u00f3micas, Jur\u00eddicas y Sociales de la Universidad Nacional de San Luis, dependiente de la Secretar\u00eda de Planeamiento.<\/p>\n<p>Abri\u00f3 este encuentro el Mgtr. H\u00e9ctor Flores, Vicerrector de la UNSL, quien dio la bienvenida y agradeci\u00f3 el trabajo interinstitucional que realizan ambos Observatorios, posteriormente en representaci\u00f3n del Intendente de la ciudad de Villa Mercedes, Abg. Maximiliano Frontera, hizo uso de la palabra la Sra. Karina Maranguello, Secretar\u00eda de Producci\u00f3n, Medio Ambiente y Tecnolog\u00eda.<\/p>\n<p>El objetivo de este trabajo colaborativo es elaborar el Mapa de situaci\u00f3n socio-econ\u00f3mica de la ciudad de Villa Mercedes.<\/p>\n<p>En este encuentro, el Director del Observatorio Urbano, Ing. Joaqu\u00edn Flores y la Directora del Observatorio Social, Lic. Pamela Bianco expusieron sobre los ejes de trabajo que ser\u00e1n abordados por la Comisi\u00f3n Interinstitucional.<\/p>\n<p>Esta Comisi\u00f3n est\u00e1 compuesta por integrantes de diferentes Secretar\u00edas de la Municipalidad e integrantes de la Facultad de Ciencias Econ\u00f3micas, Jur\u00eddicas y Sociales, bajo la coordinaci\u00f3n conjunta del Ing. Joaqu\u00edn Flores (Actividades de Ecolog\u00eda y Medio Ambiente &#8211; MVM) y de la Lic. Pamela Bianco (Observatorio Social &#8211; FCEJS).<\/p>\n<p><strong>Integrantes <\/strong><\/p>\n<p><u>Municipalidad de Villa Mercedes<\/u><\/p>\n<ul>\n<li>Diego Moreno &#8211; Secretaria de Servicios Publicos<\/li>\n<li>Sebastian Estrada &#8211; Obras Sanitarias<\/li>\n<li>Natalia Sarjanovich &#8211; Secretaria de Obras P\u00fablicas<\/li>\n<li>Gaston Funes &#8211; Secretaria de Obras P\u00fablicas<\/li>\n<li>Karina Maranguello &#8211; Secretaria de Producci\u00f3n Medio Ambiente y Tecnolog\u00eda<\/li>\n<li>Zoe Meyer &#8211; Secretaria de Cultura Turismo y Deporte<\/li>\n<li>Julieta Fern\u00e1nde &#8211; Secretaria de Desarrollo Social<\/li>\n<\/ul>\n<p>&nbsp;<\/p>\n<p><u>Facultad de Ciencias Econ\u00f3micas, Jur\u00eddicas y Sociales<\/u><\/p>\n<ul>\n<li>Martin Orozco &#8211; Dpto Cs Jur\u00eddicas<\/li>\n<li>Victoria Giuliani &#8211; Dpto. Cs. Sociales<\/li>\n<li>Nicol\u00e1s D\u00edaz &#8211; Dpto. Cs. Econ\u00f3micas<\/li>\n<li>Claudio Quinteros &#8211; Coordinador Comisi\u00f3n OS<\/li>\n<li>Flavia Gottero &#8211; OS Cs. Jur\u00eddicas<\/li>\n<li>Mariana Rodriguez &#8211; OS Cs. Econ\u00f3micas<\/li>\n<li>Celina Chocobare &#8211; OS Cs. Sociales<\/li>\n<li>Ramiro Fernandez &#8211; OS Nodocente<\/li>\n<li>Ana Casale &#8211; OS Graduada<\/li>\n<\/ul>\n<p><img fetchpriority=\"high\" decoding=\"async\" class=\"alignnone wp-image-8752 size-large\" src=\"https:\/\/www.fcejs.unsl.edu.ar\/wp-content\/uploads\/2022\/08\/IMG_20220812_103848_542-1024x768.jpg\" alt=\"\" width=\"843\" height=\"632\" srcset=\"https:\/\/www.fcejs.unsl.edu.ar\/wp-content\/uploads\/2022\/08\/IMG_20220812_103848_542-1024x768.jpg 1024w, https:\/\/www.fcejs.unsl.edu.ar\/wp-content\/uploads\/2022\/08\/IMG_20220812_103848_542-300x225.jpg 300w, https:\/\/www.fcejs.unsl.edu.ar\/wp-content\/uploads\/2022\/08\/IMG_20220812_103848_542-768x576.jpg 768w, https:\/\/www.fcejs.unsl.edu.ar\/wp-content\/uploads\/2022\/08\/IMG_20220812_103848_542-1536x1152.jpg 1536w, https:\/\/www.fcejs.unsl.edu.ar\/wp-content\/uploads\/2022\/08\/IMG_20220812_103848_542-2048x1536.jpg 2048w\" sizes=\"(max-width: 843px) 100vw, 843px\" \/><\/p>\n","protected":false},"excerpt":{"rendered":"<p>Se informa que el d\u00eda viernes 12 de agosto de 2022 a las 10h se reunieron representantes del Observatorio Urbano dependiente de la Secretar\u00eda de&hellip;<\/p>\n","protected":false},"author":9,"featured_media":8751,"comment_status":"closed","ping_status":"closed","sticky":false,"template":"","format":"standard","meta":{"om_disable_all_campaigns":false,"_monsterinsights_skip_tracking":false,"_monsterinsights_sitenote_active":false,"_monsterinsights_sitenote_note":"","_monsterinsights_sitenote_category":0,"footnotes":""},"categories":[1],"tags":[],"class_list":["post-8749","post","type-post","status-publish","format-standard","has-post-thumbnail","hentry","category-noticias"],"yoast_head":"<!-- This site is optimized with the Yoast SEO plugin v27.4 - https:\/\/yoast.com\/product\/yoast-seo-wordpress\/ -->\n<title>Primera Reuni\u00f3n de la Comisi\u00f3n Interinstitucional Municipalidad de Villa Mercedes-FCEJS - Facultad de Ciencias Econ\u00f3micas, Jur\u00ed\u00addicas y Sociales<\/title>\n<meta name=\"robots\" content=\"index, follow, max-snippet:-1, max-image-preview:large, max-video-preview:-1\" \/>\n<link rel=\"canonical\" href=\"https:\/\/www.fcejs.unsl.edu.ar\/index.php\/primera-reunion-de-la-comision-interinstitucional-municipalidad-de-villa-mercedes-fcejs\/\" \/>\n<meta property=\"og:locale\" content=\"es_ES\" \/>\n<meta property=\"og:type\" content=\"article\" \/>\n<meta property=\"og:title\" content=\"Primera Reuni\u00f3n de la Comisi\u00f3n Interinstitucional Municipalidad de Villa Mercedes-FCEJS - Facultad de Ciencias Econ\u00f3micas, Jur\u00ed\u00addicas y Sociales\" \/>\n<meta property=\"og:description\" content=\"Se informa que el d\u00eda viernes 12 de agosto de 2022 a las 10h se reunieron representantes del Observatorio Urbano dependiente de la Secretar\u00eda de&hellip;\" \/>\n<meta property=\"og:url\" content=\"https:\/\/www.fcejs.unsl.edu.ar\/index.php\/primera-reunion-de-la-comision-interinstitucional-municipalidad-de-villa-mercedes-fcejs\/\" \/>\n<meta property=\"og:site_name\" content=\"Facultad de Ciencias Econ\u00f3micas, Jur\u00ed\u00addicas y Sociales\" \/>\n<meta property=\"article:publisher\" content=\"https:\/\/www.facebook.com\/FCEJS.UNSL\/\" \/>\n<meta property=\"article:published_time\" content=\"2022-08-12T16:23:57+00:00\" \/>\n<meta property=\"article:modified_time\" content=\"2022-09-14T11:26:57+00:00\" \/>\n<meta property=\"og:image\" content=\"https:\/\/www.fcejs.unsl.edu.ar\/wp-content\/uploads\/2022\/08\/IMG_6637-scaled.jpg\" \/>\n\t<meta property=\"og:image:width\" content=\"2560\" \/>\n\t<meta property=\"og:image:height\" content=\"1707\" \/>\n\t<meta property=\"og:image:type\" content=\"image\/jpeg\" \/>\n<meta name=\"author\" content=\"DATI\" \/>\n<meta name=\"twitter:card\" content=\"summary_large_image\" \/>\n<meta name=\"twitter:creator\" content=\"@FCEJSUNSL\" \/>\n<meta name=\"twitter:site\" content=\"@FCEJSUNSL\" \/>\n<meta name=\"twitter:label1\" content=\"Escrito por\" \/>\n\t<meta name=\"twitter:data1\" content=\"DATI\" \/>\n\t<meta name=\"twitter:label2\" content=\"Tiempo de lectura\" \/>\n\t<meta name=\"twitter:data2\" content=\"2 minutos\" \/>\n<script type=\"application\/ld+json\" class=\"yoast-schema-graph\">{\"@context\":\"https:\\\/\\\/schema.org\",\"@graph\":[{\"@type\":\"Article\",\"@id\":\"https:\\\/\\\/www.fcejs.unsl.edu.ar\\\/index.php\\\/primera-reunion-de-la-comision-interinstitucional-municipalidad-de-villa-mercedes-fcejs\\\/#article\",\"isPartOf\":{\"@id\":\"https:\\\/\\\/www.fcejs.unsl.edu.ar\\\/index.php\\\/primera-reunion-de-la-comision-interinstitucional-municipalidad-de-villa-mercedes-fcejs\\\/\"},\"author\":{\"name\":\"DATI\",\"@id\":\"https:\\\/\\\/www.fcejs.unsl.edu.ar\\\/#\\\/schema\\\/person\\\/352ee6ed90c3f394c7cb5945f8956d34\"},\"headline\":\"Primera Reuni\u00f3n de la Comisi\u00f3n Interinstitucional Municipalidad de Villa Mercedes-FCEJS\",\"datePublished\":\"2022-08-12T16:23:57+00:00\",\"dateModified\":\"2022-09-14T11:26:57+00:00\",\"mainEntityOfPage\":{\"@id\":\"https:\\\/\\\/www.fcejs.unsl.edu.ar\\\/index.php\\\/primera-reunion-de-la-comision-interinstitucional-municipalidad-de-villa-mercedes-fcejs\\\/\"},\"wordCount\":383,\"publisher\":{\"@id\":\"https:\\\/\\\/www.fcejs.unsl.edu.ar\\\/#organization\"},\"image\":{\"@id\":\"https:\\\/\\\/www.fcejs.unsl.edu.ar\\\/index.php\\\/primera-reunion-de-la-comision-interinstitucional-municipalidad-de-villa-mercedes-fcejs\\\/#primaryimage\"},\"thumbnailUrl\":\"https:\\\/\\\/www.fcejs.unsl.edu.ar\\\/wp-content\\\/uploads\\\/2022\\\/08\\\/IMG_6637-scaled.jpg\",\"articleSection\":[\"Noticias\"],\"inLanguage\":\"es-AR\"},{\"@type\":\"WebPage\",\"@id\":\"https:\\\/\\\/www.fcejs.unsl.edu.ar\\\/index.php\\\/primera-reunion-de-la-comision-interinstitucional-municipalidad-de-villa-mercedes-fcejs\\\/\",\"url\":\"https:\\\/\\\/www.fcejs.unsl.edu.ar\\\/index.php\\\/primera-reunion-de-la-comision-interinstitucional-municipalidad-de-villa-mercedes-fcejs\\\/\",\"name\":\"Primera Reuni\u00f3n de la Comisi\u00f3n Interinstitucional Municipalidad de Villa Mercedes-FCEJS - Facultad de Ciencias Econ\u00f3micas, Jur\u00ed\u00addicas y Sociales\",\"isPartOf\":{\"@id\":\"https:\\\/\\\/www.fcejs.unsl.edu.ar\\\/#website\"},\"primaryImageOfPage\":{\"@id\":\"https:\\\/\\\/www.fcejs.unsl.edu.ar\\\/index.php\\\/primera-reunion-de-la-comision-interinstitucional-municipalidad-de-villa-mercedes-fcejs\\\/#primaryimage\"},\"image\":{\"@id\":\"https:\\\/\\\/www.fcejs.unsl.edu.ar\\\/index.php\\\/primera-reunion-de-la-comision-interinstitucional-municipalidad-de-villa-mercedes-fcejs\\\/#primaryimage\"},\"thumbnailUrl\":\"https:\\\/\\\/www.fcejs.unsl.edu.ar\\\/wp-content\\\/uploads\\\/2022\\\/08\\\/IMG_6637-scaled.jpg\",\"datePublished\":\"2022-08-12T16:23:57+00:00\",\"dateModified\":\"2022-09-14T11:26:57+00:00\",\"breadcrumb\":{\"@id\":\"https:\\\/\\\/www.fcejs.unsl.edu.ar\\\/index.php\\\/primera-reunion-de-la-comision-interinstitucional-municipalidad-de-villa-mercedes-fcejs\\\/#breadcrumb\"},\"inLanguage\":\"es-AR\",\"potentialAction\":[{\"@type\":\"ReadAction\",\"target\":[\"https:\\\/\\\/www.fcejs.unsl.edu.ar\\\/index.php\\\/primera-reunion-de-la-comision-interinstitucional-municipalidad-de-villa-mercedes-fcejs\\\/\"]}]},{\"@type\":\"ImageObject\",\"inLanguage\":\"es-AR\",\"@id\":\"https:\\\/\\\/www.fcejs.unsl.edu.ar\\\/index.php\\\/primera-reunion-de-la-comision-interinstitucional-municipalidad-de-villa-mercedes-fcejs\\\/#primaryimage\",\"url\":\"https:\\\/\\\/www.fcejs.unsl.edu.ar\\\/wp-content\\\/uploads\\\/2022\\\/08\\\/IMG_6637-scaled.jpg\",\"contentUrl\":\"https:\\\/\\\/www.fcejs.unsl.edu.ar\\\/wp-content\\\/uploads\\\/2022\\\/08\\\/IMG_6637-scaled.jpg\",\"width\":2560,\"height\":1707},{\"@type\":\"BreadcrumbList\",\"@id\":\"https:\\\/\\\/www.fcejs.unsl.edu.ar\\\/index.php\\\/primera-reunion-de-la-comision-interinstitucional-municipalidad-de-villa-mercedes-fcejs\\\/#breadcrumb\",\"itemListElement\":[{\"@type\":\"ListItem\",\"position\":1,\"name\":\"Inicio\",\"item\":\"https:\\\/\\\/www.fcejs.unsl.edu.ar\\\/\"},{\"@type\":\"ListItem\",\"position\":2,\"name\":\"Primera Reuni\u00f3n de la Comisi\u00f3n Interinstitucional Municipalidad de Villa Mercedes-FCEJS\"}]},{\"@type\":\"WebSite\",\"@id\":\"https:\\\/\\\/www.fcejs.unsl.edu.ar\\\/#website\",\"url\":\"https:\\\/\\\/www.fcejs.unsl.edu.ar\\\/\",\"name\":\"Facultad de Ciencias Econ\u00f3micas, Jur\u00ed\u00addicas y Sociales\",\"description\":\"\",\"publisher\":{\"@id\":\"https:\\\/\\\/www.fcejs.unsl.edu.ar\\\/#organization\"},\"potentialAction\":[{\"@type\":\"SearchAction\",\"target\":{\"@type\":\"EntryPoint\",\"urlTemplate\":\"https:\\\/\\\/www.fcejs.unsl.edu.ar\\\/?s={search_term_string}\"},\"query-input\":{\"@type\":\"PropertyValueSpecification\",\"valueRequired\":true,\"valueName\":\"search_term_string\"}}],\"inLanguage\":\"es-AR\"},{\"@type\":\"Organization\",\"@id\":\"https:\\\/\\\/www.fcejs.unsl.edu.ar\\\/#organization\",\"name\":\"Facultad de Ciencias Econ\u00f3micas, Jur\u00eddicas y Sociales\",\"url\":\"https:\\\/\\\/www.fcejs.unsl.edu.ar\\\/\",\"logo\":{\"@type\":\"ImageObject\",\"inLanguage\":\"es-AR\",\"@id\":\"https:\\\/\\\/www.fcejs.unsl.edu.ar\\\/#\\\/schema\\\/logo\\\/image\\\/\",\"url\":\"https:\\\/\\\/www.fcejs.unsl.edu.ar\\\/wp-content\\\/uploads\\\/2021\\\/03\\\/logo-1.jpg\",\"contentUrl\":\"https:\\\/\\\/www.fcejs.unsl.edu.ar\\\/wp-content\\\/uploads\\\/2021\\\/03\\\/logo-1.jpg\",\"width\":471,\"height\":146,\"caption\":\"Facultad de Ciencias Econ\u00f3micas, Jur\u00eddicas y Sociales\"},\"image\":{\"@id\":\"https:\\\/\\\/www.fcejs.unsl.edu.ar\\\/#\\\/schema\\\/logo\\\/image\\\/\"},\"sameAs\":[\"https:\\\/\\\/www.facebook.com\\\/FCEJS.UNSL\\\/\",\"https:\\\/\\\/x.com\\\/FCEJSUNSL\",\"https:\\\/\\\/www.instagram.com\\\/fcejs.unsl\\\/\",\"https:\\\/\\\/www.youtube.com\\\/channel\\\/UCH-Ut6EaN_X5ogjIQMPe46g\\\/\"]},{\"@type\":\"Person\",\"@id\":\"https:\\\/\\\/www.fcejs.unsl.edu.ar\\\/#\\\/schema\\\/person\\\/352ee6ed90c3f394c7cb5945f8956d34\",\"name\":\"DATI\"}]}<\/script>\n<!-- \/ Yoast SEO plugin. -->","yoast_head_json":{"title":"Primera Reuni\u00f3n de la Comisi\u00f3n Interinstitucional Municipalidad de Villa Mercedes-FCEJS - Facultad de Ciencias Econ\u00f3micas, Jur\u00ed\u00addicas y Sociales","robots":{"index":"index","follow":"follow","max-snippet":"max-snippet:-1","max-image-preview":"max-image-preview:large","max-video-preview":"max-video-preview:-1"},"canonical":"https:\/\/www.fcejs.unsl.edu.ar\/index.php\/primera-reunion-de-la-comision-interinstitucional-municipalidad-de-villa-mercedes-fcejs\/","og_locale":"es_ES","og_type":"article","og_title":"Primera Reuni\u00f3n de la Comisi\u00f3n Interinstitucional Municipalidad de Villa Mercedes-FCEJS - Facultad de Ciencias Econ\u00f3micas, Jur\u00ed\u00addicas y Sociales","og_description":"Se informa que el d\u00eda viernes 12 de agosto de 2022 a las 10h se reunieron representantes del Observatorio Urbano dependiente de la Secretar\u00eda de&hellip;","og_url":"https:\/\/www.fcejs.unsl.edu.ar\/index.php\/primera-reunion-de-la-comision-interinstitucional-municipalidad-de-villa-mercedes-fcejs\/","og_site_name":"Facultad de Ciencias Econ\u00f3micas, Jur\u00ed\u00addicas y Sociales","article_publisher":"https:\/\/www.facebook.com\/FCEJS.UNSL\/","article_published_time":"2022-08-12T16:23:57+00:00","article_modified_time":"2022-09-14T11:26:57+00:00","og_image":[{"width":2560,"height":1707,"url":"https:\/\/www.fcejs.unsl.edu.ar\/wp-content\/uploads\/2022\/08\/IMG_6637-scaled.jpg","type":"image\/jpeg"}],"author":"DATI","twitter_card":"summary_large_image","twitter_creator":"@FCEJSUNSL","twitter_site":"@FCEJSUNSL","twitter_misc":{"Escrito por":"DATI","Tiempo de lectura":"2 minutos"},"schema":{"@context":"https:\/\/schema.org","@graph":[{"@type":"Article","@id":"https:\/\/www.fcejs.unsl.edu.ar\/index.php\/primera-reunion-de-la-comision-interinstitucional-municipalidad-de-villa-mercedes-fcejs\/#article","isPartOf":{"@id":"https:\/\/www.fcejs.unsl.edu.ar\/index.php\/primera-reunion-de-la-comision-interinstitucional-municipalidad-de-villa-mercedes-fcejs\/"},"author":{"name":"DATI","@id":"https:\/\/www.fcejs.unsl.edu.ar\/#\/schema\/person\/352ee6ed90c3f394c7cb5945f8956d34"},"headline":"Primera Reuni\u00f3n de la Comisi\u00f3n Interinstitucional Municipalidad de Villa Mercedes-FCEJS","datePublished":"2022-08-12T16:23:57+00:00","dateModified":"2022-09-14T11:26:57+00:00","mainEntityOfPage":{"@id":"https:\/\/www.fcejs.unsl.edu.ar\/index.php\/primera-reunion-de-la-comision-interinstitucional-municipalidad-de-villa-mercedes-fcejs\/"},"wordCount":383,"publisher":{"@id":"https:\/\/www.fcejs.unsl.edu.ar\/#organization"},"image":{"@id":"https:\/\/www.fcejs.unsl.edu.ar\/index.php\/primera-reunion-de-la-comision-interinstitucional-municipalidad-de-villa-mercedes-fcejs\/#primaryimage"},"thumbnailUrl":"https:\/\/www.fcejs.unsl.edu.ar\/wp-content\/uploads\/2022\/08\/IMG_6637-scaled.jpg","articleSection":["Noticias"],"inLanguage":"es-AR"},{"@type":"WebPage","@id":"https:\/\/www.fcejs.unsl.edu.ar\/index.php\/primera-reunion-de-la-comision-interinstitucional-municipalidad-de-villa-mercedes-fcejs\/","url":"https:\/\/www.fcejs.unsl.edu.ar\/index.php\/primera-reunion-de-la-comision-interinstitucional-municipalidad-de-villa-mercedes-fcejs\/","name":"Primera Reuni\u00f3n de la Comisi\u00f3n Interinstitucional Municipalidad de Villa Mercedes-FCEJS - Facultad de Ciencias Econ\u00f3micas, Jur\u00ed\u00addicas y Sociales","isPartOf":{"@id":"https:\/\/www.fcejs.unsl.edu.ar\/#website"},"primaryImageOfPage":{"@id":"https:\/\/www.fcejs.unsl.edu.ar\/index.php\/primera-reunion-de-la-comision-interinstitucional-municipalidad-de-villa-mercedes-fcejs\/#primaryimage"},"image":{"@id":"https:\/\/www.fcejs.unsl.edu.ar\/index.php\/primera-reunion-de-la-comision-interinstitucional-municipalidad-de-villa-mercedes-fcejs\/#primaryimage"},"thumbnailUrl":"https:\/\/www.fcejs.unsl.edu.ar\/wp-content\/uploads\/2022\/08\/IMG_6637-scaled.jpg","datePublished":"2022-08-12T16:23:57+00:00","dateModified":"2022-09-14T11:26:57+00:00","breadcrumb":{"@id":"https:\/\/www.fcejs.unsl.edu.ar\/index.php\/primera-reunion-de-la-comision-interinstitucional-municipalidad-de-villa-mercedes-fcejs\/#breadcrumb"},"inLanguage":"es-AR","potentialAction":[{"@type":"ReadAction","target":["https:\/\/www.fcejs.unsl.edu.ar\/index.php\/primera-reunion-de-la-comision-interinstitucional-municipalidad-de-villa-mercedes-fcejs\/"]}]},{"@type":"ImageObject","inLanguage":"es-AR","@id":"https:\/\/www.fcejs.unsl.edu.ar\/index.php\/primera-reunion-de-la-comision-interinstitucional-municipalidad-de-villa-mercedes-fcejs\/#primaryimage","url":"https:\/\/www.fcejs.unsl.edu.ar\/wp-content\/uploads\/2022\/08\/IMG_6637-scaled.jpg","contentUrl":"https:\/\/www.fcejs.unsl.edu.ar\/wp-content\/uploads\/2022\/08\/IMG_6637-scaled.jpg","width":2560,"height":1707},{"@type":"BreadcrumbList","@id":"https:\/\/www.fcejs.unsl.edu.ar\/index.php\/primera-reunion-de-la-comision-interinstitucional-municipalidad-de-villa-mercedes-fcejs\/#breadcrumb","itemListElement":[{"@type":"ListItem","position":1,"name":"Inicio","item":"https:\/\/www.fcejs.unsl.edu.ar\/"},{"@type":"ListItem","position":2,"name":"Primera Reuni\u00f3n de la Comisi\u00f3n Interinstitucional Municipalidad de Villa Mercedes-FCEJS"}]},{"@type":"WebSite","@id":"https:\/\/www.fcejs.unsl.edu.ar\/#website","url":"https:\/\/www.fcejs.unsl.edu.ar\/","name":"Facultad de Ciencias Econ\u00f3micas, Jur\u00ed\u00addicas y Sociales","description":"","publisher":{"@id":"https:\/\/www.fcejs.unsl.edu.ar\/#organization"},"potentialAction":[{"@type":"SearchAction","target":{"@type":"EntryPoint","urlTemplate":"https:\/\/www.fcejs.unsl.edu.ar\/?s={search_term_string}"},"query-input":{"@type":"PropertyValueSpecification","valueRequired":true,"valueName":"search_term_string"}}],"inLanguage":"es-AR"},{"@type":"Organization","@id":"https:\/\/www.fcejs.unsl.edu.ar\/#organization","name":"Facultad de Ciencias Econ\u00f3micas, Jur\u00eddicas y Sociales","url":"https:\/\/www.fcejs.unsl.edu.ar\/","logo":{"@type":"ImageObject","inLanguage":"es-AR","@id":"https:\/\/www.fcejs.unsl.edu.ar\/#\/schema\/logo\/image\/","url":"https:\/\/www.fcejs.unsl.edu.ar\/wp-content\/uploads\/2021\/03\/logo-1.jpg","contentUrl":"https:\/\/www.fcejs.unsl.edu.ar\/wp-content\/uploads\/2021\/03\/logo-1.jpg","width":471,"height":146,"caption":"Facultad de Ciencias Econ\u00f3micas, Jur\u00eddicas y Sociales"},"image":{"@id":"https:\/\/www.fcejs.unsl.edu.ar\/#\/schema\/logo\/image\/"},"sameAs":["https:\/\/www.facebook.com\/FCEJS.UNSL\/","https:\/\/x.com\/FCEJSUNSL","https:\/\/www.instagram.com\/fcejs.unsl\/","https:\/\/www.youtube.com\/channel\/UCH-Ut6EaN_X5ogjIQMPe46g\/"]},{"@type":"Person","@id":"https:\/\/www.fcejs.unsl.edu.ar\/#\/schema\/person\/352ee6ed90c3f394c7cb5945f8956d34","name":"DATI"}]}},"jetpack_featured_media_url":"https:\/\/www.fcejs.unsl.edu.ar\/wp-content\/uploads\/2022\/08\/IMG_6637-scaled.jpg","_links":{"self":[{"href":"https:\/\/www.fcejs.unsl.edu.ar\/index.php\/wp-json\/wp\/v2\/posts\/8749","targetHints":{"allow":["GET"]}}],"collection":[{"href":"https:\/\/www.fcejs.unsl.edu.ar\/index.php\/wp-json\/wp\/v2\/posts"}],"about":[{"href":"https:\/\/www.fcejs.unsl.edu.ar\/index.php\/wp-json\/wp\/v2\/types\/post"}],"author":[{"embeddable":true,"href":"https:\/\/www.fcejs.unsl.edu.ar\/index.php\/wp-json\/wp\/v2\/users\/9"}],"replies":[{"embeddable":true,"href":"https:\/\/www.fcejs.unsl.edu.ar\/index.php\/wp-json\/wp\/v2\/comments?post=8749"}],"version-history":[{"count":4,"href":"https:\/\/www.fcejs.unsl.edu.ar\/index.php\/wp-json\/wp\/v2\/posts\/8749\/revisions"}],"predecessor-version":[{"id":8755,"href":"https:\/\/www.fcejs.unsl.edu.ar\/index.php\/wp-json\/wp\/v2\/posts\/8749\/revisions\/8755"}],"wp:featuredmedia":[{"embeddable":true,"href":"https:\/\/www.fcejs.unsl.edu.ar\/index.php\/wp-json\/wp\/v2\/media\/8751"}],"wp:attachment":[{"href":"https:\/\/www.fcejs.unsl.edu.ar\/index.php\/wp-json\/wp\/v2\/media?parent=8749"}],"wp:term":[{"taxonomy":"category","embeddable":true,"href":"https:\/\/www.fcejs.unsl.edu.ar\/index.php\/wp-json\/wp\/v2\/categories?post=8749"},{"taxonomy":"post_tag","embeddable":true,"href":"https:\/\/www.fcejs.unsl.edu.ar\/index.php\/wp-json\/wp\/v2\/tags?post=8749"}],"curies":[{"name":"wp","href":"https:\/\/api.w.org\/{rel}","templated":true}]}}