{"id":8742,"date":"2022-08-11T10:07:34","date_gmt":"2022-08-11T13:07:34","guid":{"rendered":"http:\/\/10.101.10.197\/www\/?p=8742"},"modified":"2022-08-31T11:38:24","modified_gmt":"2022-08-31T14:38:24","slug":"graciela-castro-fue-elegida-como-nueva-representante-de-los-centros-clacso-argentina","status":"publish","type":"post","link":"https:\/\/www.fcejs.unsl.edu.ar\/index.php\/graciela-castro-fue-elegida-como-nueva-representante-de-los-centros-clacso-argentina\/","title":{"rendered":"Graciela Castro fue elegida como nueva representante de los Centros CLACSO Argentina"},"content":{"rendered":"<p>A comienzos de junio se llev\u00f3 a cabo la 9\u00ba Conferencia Latinoamericana y Caribe\u00f1a de Ciencias Sociales y La Asamblea Extraordinaria y Ordinaria de CLACSO en la ciudad de M\u00e9xico, en la sede de la Universidad Nacional Aut\u00f3noma de M\u00e9xico, con la participaci\u00f3n de todos los centros miembros. All\u00ed se realizaron las elecciones de nuevas autoridades de la Secretar\u00eda Ejecutiva y del Comit\u00e9 Directivo de la instituci\u00f3n que alberga m\u00e1s de 800 centros de investigaci\u00f3n y posgrado en el campo de las ciencias sociales y las humanidades, en 55 pa\u00edses de Am\u00e9rica Latina y otros continentes.<\/p>\n<p>En el marco institucional de la Asamblea 2022, se apoy\u00f3 la postulaci\u00f3n de la Dra. Graciela Castro como responsable de los centros de Argentina, quien representa al espacio Maestr\u00eda en Sociedad e Instituciones de la Universidad Nacional de San Luis, part\u00edcipe en CLACSO desde hace 15 a\u00f1os. Asimismo, Mart\u00edn Unzu\u00e9 fue elegido como suplente, en representaci\u00f3n del Instituto de Investigaci\u00f3n Gino Germani (UBA). De esta forma, se busca continuar con la labor de articulaci\u00f3n colectiva de todos los centros del pa\u00eds, anteriormente asumida por Juli\u00e1n Reb\u00f3n.<\/p>\n<p>La Secretaria de Investigaci\u00f3n y Publicaci\u00f3n Cient\u00edfica de la FCPyS, Dra. Valeria Caroglio, explic\u00f3 que la postulaci\u00f3n de Graciela Castro fue promovida por el centro miembro pleno de la Facultad de Trabajo Social de la Universidad de Entre R\u00edos (a cargo de Sandra Arito), cuya elecci\u00f3n result\u00f3 por unanimidad, ante su perfil pluralista, con impronta federal y hacia una mayor vinculaci\u00f3n entre los centros miembro de toda la Argentina. \u201cEn Latinoam\u00e9rica y el Caribe, al igual que el resto del mundo, vivimos tiempos muy complejos y desde los espacios acad\u00e9micos podemos contribuir y aportar a una sociedad inclusiva, atendiendo las desigualdades sociales. Creo que tenemos esa responsabilidad desde las universidades y es un desaf\u00edo para acrecentar los v\u00ednculos entre los centros, respetando su autonom\u00eda, pero estimulando tareas colectivas\u201d, expres\u00f3 la representante electa, en di\u00e1logo con la SIPUC.<\/p>\n<p>A trav\u00e9s de la membres\u00eda sostenida desde hace m\u00e1s de diez a\u00f1os de la FCPYS UNCuyo \/ CLACSO se accede a beneficios y convocatorias destinadas a toda comunidad acad\u00e9mica y equipos de investigaci\u00f3n consolidados y en formaci\u00f3n. Para m\u00e1s informaci\u00f3n, ingresar en <a href=\"https:\/\/www.clacso.org\/\" target=\"_blank\" rel=\"noopener\">www.clacso.org<\/a>.<\/p>\n<p><strong>Acerca de Graciela Castro <\/strong><\/p>\n<ul>\n<li>Doctora en Psicolog\u00eda (UNSL), Mag\u00edster en Sociedad e Instituciones (UNSL) y Licenciada en Psicolog\u00eda (UNSL).<br \/>\nProfesora titular e investigadora de la Facultad de Ciencias Econ\u00f3micas, Jur\u00eddicas y Sociales (FCEJS) de la Universidad Nacional de San Luis (UNSL).<\/li>\n<li>Investigadora categor\u00eda I del Programa Nacional de Incentivo a Docentes Investigadores. Docente de grado y posgrado.<br \/>\nDirectora de proyectos de investigaci\u00f3n sobre juventudes desde el a\u00f1o 2000, directora de la Maestr\u00eda en Sociedad e Instituciones (FCEJS-UNSL), directora de tesistas, becarios y pasantes de investigaci\u00f3n y evaluadora de proyectos e investigadores, tesis de posgrado y art\u00edculos cient\u00edficos.<\/li>\n<li>Editora responsable de Kairos-Revista de Temas Sociales (UNSL). Integrante de la Red de Investigadores\/as en Juventudes Argentinas (ReIJA).<\/li>\n<li>Autora de art\u00edculos publicados en revistas cient\u00edficas nacionales e internacionales y libros (Es autora y compiladora de: Con voces propias. Miradas juveniles contempor\u00e1neas en San Luis (Ed. Tabaquillo, 2014); Militancias y pol\u00edticas juveniles (Ed. Teseo 2018); Juventudes en movimiento (Ed. Teseo, 2020); La visita inesperada. Escenas de pandemia (Ed. Teseo. 2021); Juventudes de provincia: tramas de pandemia (Ed. Grupo Universitario. En edici\u00f3n). Sus temas de inter\u00e9s y pr\u00e1cticas investigativas giran en torno a la vida cotidiana de las juventudes y los involucramientos sociales.<br \/>\nIntegra la red de Centros CLACSO- Argentina.<\/li>\n<\/ul>\n<p>FUENTE: <a href=\"https:\/\/fcp.uncuyo.edu.ar\/los-centros-clacso-argentina-tienen-nueva-representante?fbclid=IwAR1c6grOlHm1bPrHtOEtt-SU1bWxOiUkm1uJHf9f6YYpCHRWhvNwIUA4AYc\">Universidad Nacional de Cuyo<\/a>.<\/p>\n","protected":false},"excerpt":{"rendered":"<p>A comienzos de junio se llev\u00f3 a cabo la 9\u00ba Conferencia Latinoamericana y Caribe\u00f1a de Ciencias Sociales y La Asamblea Extraordinaria y Ordinaria de CLACSO&hellip;<\/p>\n","protected":false},"author":9,"featured_media":8743,"comment_status":"closed","ping_status":"closed","sticky":false,"template":"","format":"standard","meta":{"om_disable_all_campaigns":false,"_monsterinsights_skip_tracking":false,"_monsterinsights_sitenote_active":false,"_monsterinsights_sitenote_note":"","_monsterinsights_sitenote_category":0,"footnotes":""},"categories":[1],"tags":[],"class_list":["post-8742","post","type-post","status-publish","format-standard","has-post-thumbnail","hentry","category-noticias"],"yoast_head":"<!-- This site is optimized with the Yoast SEO plugin v27.4 - https:\/\/yoast.com\/product\/yoast-seo-wordpress\/ -->\n<title>Graciela Castro fue elegida como nueva representante de los Centros CLACSO Argentina - Facultad de Ciencias Econ\u00f3micas, Jur\u00ed\u00addicas y Sociales<\/title>\n<meta name=\"robots\" content=\"index, follow, max-snippet:-1, max-image-preview:large, max-video-preview:-1\" \/>\n<link rel=\"canonical\" href=\"https:\/\/www.fcejs.unsl.edu.ar\/index.php\/graciela-castro-fue-elegida-como-nueva-representante-de-los-centros-clacso-argentina\/\" \/>\n<meta property=\"og:locale\" content=\"es_ES\" \/>\n<meta property=\"og:type\" content=\"article\" \/>\n<meta property=\"og:title\" content=\"Graciela Castro fue elegida como nueva representante de los Centros CLACSO Argentina - Facultad de Ciencias Econ\u00f3micas, Jur\u00ed\u00addicas y Sociales\" \/>\n<meta property=\"og:description\" content=\"A comienzos de junio se llev\u00f3 a cabo la 9\u00ba Conferencia Latinoamericana y Caribe\u00f1a de Ciencias Sociales y La Asamblea Extraordinaria y Ordinaria de CLACSO&hellip;\" \/>\n<meta property=\"og:url\" content=\"https:\/\/www.fcejs.unsl.edu.ar\/index.php\/graciela-castro-fue-elegida-como-nueva-representante-de-los-centros-clacso-argentina\/\" \/>\n<meta property=\"og:site_name\" content=\"Facultad de Ciencias Econ\u00f3micas, Jur\u00ed\u00addicas y Sociales\" \/>\n<meta property=\"article:publisher\" content=\"https:\/\/www.facebook.com\/FCEJS.UNSL\/\" \/>\n<meta property=\"article:published_time\" content=\"2022-08-11T13:07:34+00:00\" \/>\n<meta property=\"article:modified_time\" content=\"2022-08-31T14:38:24+00:00\" \/>\n<meta property=\"og:image\" content=\"https:\/\/www.fcejs.unsl.edu.ar\/wp-content\/uploads\/2022\/08\/GRACIELA-CASTRO-CLACSO-FRONT.jpg\" \/>\n\t<meta property=\"og:image:width\" content=\"1152\" \/>\n\t<meta property=\"og:image:height\" content=\"647\" \/>\n\t<meta property=\"og:image:type\" content=\"image\/jpeg\" \/>\n<meta name=\"author\" content=\"DATI\" \/>\n<meta name=\"twitter:card\" content=\"summary_large_image\" \/>\n<meta name=\"twitter:creator\" content=\"@FCEJSUNSL\" \/>\n<meta name=\"twitter:site\" content=\"@FCEJSUNSL\" \/>\n<meta name=\"twitter:label1\" content=\"Escrito por\" \/>\n\t<meta name=\"twitter:data1\" content=\"DATI\" \/>\n\t<meta name=\"twitter:label2\" content=\"Tiempo de lectura\" \/>\n\t<meta name=\"twitter:data2\" content=\"3 minutos\" \/>\n<script type=\"application\/ld+json\" class=\"yoast-schema-graph\">{\"@context\":\"https:\\\/\\\/schema.org\",\"@graph\":[{\"@type\":\"Article\",\"@id\":\"https:\\\/\\\/www.fcejs.unsl.edu.ar\\\/index.php\\\/graciela-castro-fue-elegida-como-nueva-representante-de-los-centros-clacso-argentina\\\/#article\",\"isPartOf\":{\"@id\":\"https:\\\/\\\/www.fcejs.unsl.edu.ar\\\/index.php\\\/graciela-castro-fue-elegida-como-nueva-representante-de-los-centros-clacso-argentina\\\/\"},\"author\":{\"name\":\"DATI\",\"@id\":\"https:\\\/\\\/www.fcejs.unsl.edu.ar\\\/#\\\/schema\\\/person\\\/352ee6ed90c3f394c7cb5945f8956d34\"},\"headline\":\"Graciela Castro fue elegida como nueva representante de los Centros CLACSO Argentina\",\"datePublished\":\"2022-08-11T13:07:34+00:00\",\"dateModified\":\"2022-08-31T14:38:24+00:00\",\"mainEntityOfPage\":{\"@id\":\"https:\\\/\\\/www.fcejs.unsl.edu.ar\\\/index.php\\\/graciela-castro-fue-elegida-como-nueva-representante-de-los-centros-clacso-argentina\\\/\"},\"wordCount\":639,\"publisher\":{\"@id\":\"https:\\\/\\\/www.fcejs.unsl.edu.ar\\\/#organization\"},\"image\":{\"@id\":\"https:\\\/\\\/www.fcejs.unsl.edu.ar\\\/index.php\\\/graciela-castro-fue-elegida-como-nueva-representante-de-los-centros-clacso-argentina\\\/#primaryimage\"},\"thumbnailUrl\":\"https:\\\/\\\/www.fcejs.unsl.edu.ar\\\/wp-content\\\/uploads\\\/2022\\\/08\\\/GRACIELA-CASTRO-CLACSO-FRONT.jpg\",\"articleSection\":[\"Noticias\"],\"inLanguage\":\"es-AR\"},{\"@type\":\"WebPage\",\"@id\":\"https:\\\/\\\/www.fcejs.unsl.edu.ar\\\/index.php\\\/graciela-castro-fue-elegida-como-nueva-representante-de-los-centros-clacso-argentina\\\/\",\"url\":\"https:\\\/\\\/www.fcejs.unsl.edu.ar\\\/index.php\\\/graciela-castro-fue-elegida-como-nueva-representante-de-los-centros-clacso-argentina\\\/\",\"name\":\"Graciela Castro fue elegida como nueva representante de los Centros CLACSO Argentina - Facultad de Ciencias Econ\u00f3micas, Jur\u00ed\u00addicas y Sociales\",\"isPartOf\":{\"@id\":\"https:\\\/\\\/www.fcejs.unsl.edu.ar\\\/#website\"},\"primaryImageOfPage\":{\"@id\":\"https:\\\/\\\/www.fcejs.unsl.edu.ar\\\/index.php\\\/graciela-castro-fue-elegida-como-nueva-representante-de-los-centros-clacso-argentina\\\/#primaryimage\"},\"image\":{\"@id\":\"https:\\\/\\\/www.fcejs.unsl.edu.ar\\\/index.php\\\/graciela-castro-fue-elegida-como-nueva-representante-de-los-centros-clacso-argentina\\\/#primaryimage\"},\"thumbnailUrl\":\"https:\\\/\\\/www.fcejs.unsl.edu.ar\\\/wp-content\\\/uploads\\\/2022\\\/08\\\/GRACIELA-CASTRO-CLACSO-FRONT.jpg\",\"datePublished\":\"2022-08-11T13:07:34+00:00\",\"dateModified\":\"2022-08-31T14:38:24+00:00\",\"breadcrumb\":{\"@id\":\"https:\\\/\\\/www.fcejs.unsl.edu.ar\\\/index.php\\\/graciela-castro-fue-elegida-como-nueva-representante-de-los-centros-clacso-argentina\\\/#breadcrumb\"},\"inLanguage\":\"es-AR\",\"potentialAction\":[{\"@type\":\"ReadAction\",\"target\":[\"https:\\\/\\\/www.fcejs.unsl.edu.ar\\\/index.php\\\/graciela-castro-fue-elegida-como-nueva-representante-de-los-centros-clacso-argentina\\\/\"]}]},{\"@type\":\"ImageObject\",\"inLanguage\":\"es-AR\",\"@id\":\"https:\\\/\\\/www.fcejs.unsl.edu.ar\\\/index.php\\\/graciela-castro-fue-elegida-como-nueva-representante-de-los-centros-clacso-argentina\\\/#primaryimage\",\"url\":\"https:\\\/\\\/www.fcejs.unsl.edu.ar\\\/wp-content\\\/uploads\\\/2022\\\/08\\\/GRACIELA-CASTRO-CLACSO-FRONT.jpg\",\"contentUrl\":\"https:\\\/\\\/www.fcejs.unsl.edu.ar\\\/wp-content\\\/uploads\\\/2022\\\/08\\\/GRACIELA-CASTRO-CLACSO-FRONT.jpg\",\"width\":1152,\"height\":647},{\"@type\":\"BreadcrumbList\",\"@id\":\"https:\\\/\\\/www.fcejs.unsl.edu.ar\\\/index.php\\\/graciela-castro-fue-elegida-como-nueva-representante-de-los-centros-clacso-argentina\\\/#breadcrumb\",\"itemListElement\":[{\"@type\":\"ListItem\",\"position\":1,\"name\":\"Inicio\",\"item\":\"https:\\\/\\\/www.fcejs.unsl.edu.ar\\\/\"},{\"@type\":\"ListItem\",\"position\":2,\"name\":\"Graciela Castro fue elegida como nueva representante de los Centros CLACSO Argentina\"}]},{\"@type\":\"WebSite\",\"@id\":\"https:\\\/\\\/www.fcejs.unsl.edu.ar\\\/#website\",\"url\":\"https:\\\/\\\/www.fcejs.unsl.edu.ar\\\/\",\"name\":\"Facultad de Ciencias Econ\u00f3micas, Jur\u00ed\u00addicas y Sociales\",\"description\":\"\",\"publisher\":{\"@id\":\"https:\\\/\\\/www.fcejs.unsl.edu.ar\\\/#organization\"},\"potentialAction\":[{\"@type\":\"SearchAction\",\"target\":{\"@type\":\"EntryPoint\",\"urlTemplate\":\"https:\\\/\\\/www.fcejs.unsl.edu.ar\\\/?s={search_term_string}\"},\"query-input\":{\"@type\":\"PropertyValueSpecification\",\"valueRequired\":true,\"valueName\":\"search_term_string\"}}],\"inLanguage\":\"es-AR\"},{\"@type\":\"Organization\",\"@id\":\"https:\\\/\\\/www.fcejs.unsl.edu.ar\\\/#organization\",\"name\":\"Facultad de Ciencias Econ\u00f3micas, Jur\u00eddicas y Sociales\",\"url\":\"https:\\\/\\\/www.fcejs.unsl.edu.ar\\\/\",\"logo\":{\"@type\":\"ImageObject\",\"inLanguage\":\"es-AR\",\"@id\":\"https:\\\/\\\/www.fcejs.unsl.edu.ar\\\/#\\\/schema\\\/logo\\\/image\\\/\",\"url\":\"https:\\\/\\\/www.fcejs.unsl.edu.ar\\\/wp-content\\\/uploads\\\/2021\\\/03\\\/logo-1.jpg\",\"contentUrl\":\"https:\\\/\\\/www.fcejs.unsl.edu.ar\\\/wp-content\\\/uploads\\\/2021\\\/03\\\/logo-1.jpg\",\"width\":471,\"height\":146,\"caption\":\"Facultad de Ciencias Econ\u00f3micas, Jur\u00eddicas y Sociales\"},\"image\":{\"@id\":\"https:\\\/\\\/www.fcejs.unsl.edu.ar\\\/#\\\/schema\\\/logo\\\/image\\\/\"},\"sameAs\":[\"https:\\\/\\\/www.facebook.com\\\/FCEJS.UNSL\\\/\",\"https:\\\/\\\/x.com\\\/FCEJSUNSL\",\"https:\\\/\\\/www.instagram.com\\\/fcejs.unsl\\\/\",\"https:\\\/\\\/www.youtube.com\\\/channel\\\/UCH-Ut6EaN_X5ogjIQMPe46g\\\/\"]},{\"@type\":\"Person\",\"@id\":\"https:\\\/\\\/www.fcejs.unsl.edu.ar\\\/#\\\/schema\\\/person\\\/352ee6ed90c3f394c7cb5945f8956d34\",\"name\":\"DATI\"}]}<\/script>\n<!-- \/ Yoast SEO plugin. -->","yoast_head_json":{"title":"Graciela Castro fue elegida como nueva representante de los Centros CLACSO Argentina - Facultad de Ciencias Econ\u00f3micas, Jur\u00ed\u00addicas y Sociales","robots":{"index":"index","follow":"follow","max-snippet":"max-snippet:-1","max-image-preview":"max-image-preview:large","max-video-preview":"max-video-preview:-1"},"canonical":"https:\/\/www.fcejs.unsl.edu.ar\/index.php\/graciela-castro-fue-elegida-como-nueva-representante-de-los-centros-clacso-argentina\/","og_locale":"es_ES","og_type":"article","og_title":"Graciela Castro fue elegida como nueva representante de los Centros CLACSO Argentina - Facultad de Ciencias Econ\u00f3micas, Jur\u00ed\u00addicas y Sociales","og_description":"A comienzos de junio se llev\u00f3 a cabo la 9\u00ba Conferencia Latinoamericana y Caribe\u00f1a de Ciencias Sociales y La Asamblea Extraordinaria y Ordinaria de CLACSO&hellip;","og_url":"https:\/\/www.fcejs.unsl.edu.ar\/index.php\/graciela-castro-fue-elegida-como-nueva-representante-de-los-centros-clacso-argentina\/","og_site_name":"Facultad de Ciencias Econ\u00f3micas, Jur\u00ed\u00addicas y Sociales","article_publisher":"https:\/\/www.facebook.com\/FCEJS.UNSL\/","article_published_time":"2022-08-11T13:07:34+00:00","article_modified_time":"2022-08-31T14:38:24+00:00","og_image":[{"width":1152,"height":647,"url":"https:\/\/www.fcejs.unsl.edu.ar\/wp-content\/uploads\/2022\/08\/GRACIELA-CASTRO-CLACSO-FRONT.jpg","type":"image\/jpeg"}],"author":"DATI","twitter_card":"summary_large_image","twitter_creator":"@FCEJSUNSL","twitter_site":"@FCEJSUNSL","twitter_misc":{"Escrito por":"DATI","Tiempo de lectura":"3 minutos"},"schema":{"@context":"https:\/\/schema.org","@graph":[{"@type":"Article","@id":"https:\/\/www.fcejs.unsl.edu.ar\/index.php\/graciela-castro-fue-elegida-como-nueva-representante-de-los-centros-clacso-argentina\/#article","isPartOf":{"@id":"https:\/\/www.fcejs.unsl.edu.ar\/index.php\/graciela-castro-fue-elegida-como-nueva-representante-de-los-centros-clacso-argentina\/"},"author":{"name":"DATI","@id":"https:\/\/www.fcejs.unsl.edu.ar\/#\/schema\/person\/352ee6ed90c3f394c7cb5945f8956d34"},"headline":"Graciela Castro fue elegida como nueva representante de los Centros CLACSO Argentina","datePublished":"2022-08-11T13:07:34+00:00","dateModified":"2022-08-31T14:38:24+00:00","mainEntityOfPage":{"@id":"https:\/\/www.fcejs.unsl.edu.ar\/index.php\/graciela-castro-fue-elegida-como-nueva-representante-de-los-centros-clacso-argentina\/"},"wordCount":639,"publisher":{"@id":"https:\/\/www.fcejs.unsl.edu.ar\/#organization"},"image":{"@id":"https:\/\/www.fcejs.unsl.edu.ar\/index.php\/graciela-castro-fue-elegida-como-nueva-representante-de-los-centros-clacso-argentina\/#primaryimage"},"thumbnailUrl":"https:\/\/www.fcejs.unsl.edu.ar\/wp-content\/uploads\/2022\/08\/GRACIELA-CASTRO-CLACSO-FRONT.jpg","articleSection":["Noticias"],"inLanguage":"es-AR"},{"@type":"WebPage","@id":"https:\/\/www.fcejs.unsl.edu.ar\/index.php\/graciela-castro-fue-elegida-como-nueva-representante-de-los-centros-clacso-argentina\/","url":"https:\/\/www.fcejs.unsl.edu.ar\/index.php\/graciela-castro-fue-elegida-como-nueva-representante-de-los-centros-clacso-argentina\/","name":"Graciela Castro fue elegida como nueva representante de los Centros CLACSO Argentina - Facultad de Ciencias Econ\u00f3micas, Jur\u00ed\u00addicas y Sociales","isPartOf":{"@id":"https:\/\/www.fcejs.unsl.edu.ar\/#website"},"primaryImageOfPage":{"@id":"https:\/\/www.fcejs.unsl.edu.ar\/index.php\/graciela-castro-fue-elegida-como-nueva-representante-de-los-centros-clacso-argentina\/#primaryimage"},"image":{"@id":"https:\/\/www.fcejs.unsl.edu.ar\/index.php\/graciela-castro-fue-elegida-como-nueva-representante-de-los-centros-clacso-argentina\/#primaryimage"},"thumbnailUrl":"https:\/\/www.fcejs.unsl.edu.ar\/wp-content\/uploads\/2022\/08\/GRACIELA-CASTRO-CLACSO-FRONT.jpg","datePublished":"2022-08-11T13:07:34+00:00","dateModified":"2022-08-31T14:38:24+00:00","breadcrumb":{"@id":"https:\/\/www.fcejs.unsl.edu.ar\/index.php\/graciela-castro-fue-elegida-como-nueva-representante-de-los-centros-clacso-argentina\/#breadcrumb"},"inLanguage":"es-AR","potentialAction":[{"@type":"ReadAction","target":["https:\/\/www.fcejs.unsl.edu.ar\/index.php\/graciela-castro-fue-elegida-como-nueva-representante-de-los-centros-clacso-argentina\/"]}]},{"@type":"ImageObject","inLanguage":"es-AR","@id":"https:\/\/www.fcejs.unsl.edu.ar\/index.php\/graciela-castro-fue-elegida-como-nueva-representante-de-los-centros-clacso-argentina\/#primaryimage","url":"https:\/\/www.fcejs.unsl.edu.ar\/wp-content\/uploads\/2022\/08\/GRACIELA-CASTRO-CLACSO-FRONT.jpg","contentUrl":"https:\/\/www.fcejs.unsl.edu.ar\/wp-content\/uploads\/2022\/08\/GRACIELA-CASTRO-CLACSO-FRONT.jpg","width":1152,"height":647},{"@type":"BreadcrumbList","@id":"https:\/\/www.fcejs.unsl.edu.ar\/index.php\/graciela-castro-fue-elegida-como-nueva-representante-de-los-centros-clacso-argentina\/#breadcrumb","itemListElement":[{"@type":"ListItem","position":1,"name":"Inicio","item":"https:\/\/www.fcejs.unsl.edu.ar\/"},{"@type":"ListItem","position":2,"name":"Graciela Castro fue elegida como nueva representante de los Centros CLACSO Argentina"}]},{"@type":"WebSite","@id":"https:\/\/www.fcejs.unsl.edu.ar\/#website","url":"https:\/\/www.fcejs.unsl.edu.ar\/","name":"Facultad de Ciencias Econ\u00f3micas, Jur\u00ed\u00addicas y Sociales","description":"","publisher":{"@id":"https:\/\/www.fcejs.unsl.edu.ar\/#organization"},"potentialAction":[{"@type":"SearchAction","target":{"@type":"EntryPoint","urlTemplate":"https:\/\/www.fcejs.unsl.edu.ar\/?s={search_term_string}"},"query-input":{"@type":"PropertyValueSpecification","valueRequired":true,"valueName":"search_term_string"}}],"inLanguage":"es-AR"},{"@type":"Organization","@id":"https:\/\/www.fcejs.unsl.edu.ar\/#organization","name":"Facultad de Ciencias Econ\u00f3micas, Jur\u00eddicas y Sociales","url":"https:\/\/www.fcejs.unsl.edu.ar\/","logo":{"@type":"ImageObject","inLanguage":"es-AR","@id":"https:\/\/www.fcejs.unsl.edu.ar\/#\/schema\/logo\/image\/","url":"https:\/\/www.fcejs.unsl.edu.ar\/wp-content\/uploads\/2021\/03\/logo-1.jpg","contentUrl":"https:\/\/www.fcejs.unsl.edu.ar\/wp-content\/uploads\/2021\/03\/logo-1.jpg","width":471,"height":146,"caption":"Facultad de Ciencias Econ\u00f3micas, Jur\u00eddicas y Sociales"},"image":{"@id":"https:\/\/www.fcejs.unsl.edu.ar\/#\/schema\/logo\/image\/"},"sameAs":["https:\/\/www.facebook.com\/FCEJS.UNSL\/","https:\/\/x.com\/FCEJSUNSL","https:\/\/www.instagram.com\/fcejs.unsl\/","https:\/\/www.youtube.com\/channel\/UCH-Ut6EaN_X5ogjIQMPe46g\/"]},{"@type":"Person","@id":"https:\/\/www.fcejs.unsl.edu.ar\/#\/schema\/person\/352ee6ed90c3f394c7cb5945f8956d34","name":"DATI"}]}},"jetpack_featured_media_url":"https:\/\/www.fcejs.unsl.edu.ar\/wp-content\/uploads\/2022\/08\/GRACIELA-CASTRO-CLACSO-FRONT.jpg","_links":{"self":[{"href":"https:\/\/www.fcejs.unsl.edu.ar\/index.php\/wp-json\/wp\/v2\/posts\/8742","targetHints":{"allow":["GET"]}}],"collection":[{"href":"https:\/\/www.fcejs.unsl.edu.ar\/index.php\/wp-json\/wp\/v2\/posts"}],"about":[{"href":"https:\/\/www.fcejs.unsl.edu.ar\/index.php\/wp-json\/wp\/v2\/types\/post"}],"author":[{"embeddable":true,"href":"https:\/\/www.fcejs.unsl.edu.ar\/index.php\/wp-json\/wp\/v2\/users\/9"}],"replies":[{"embeddable":true,"href":"https:\/\/www.fcejs.unsl.edu.ar\/index.php\/wp-json\/wp\/v2\/comments?post=8742"}],"version-history":[{"count":1,"href":"https:\/\/www.fcejs.unsl.edu.ar\/index.php\/wp-json\/wp\/v2\/posts\/8742\/revisions"}],"predecessor-version":[{"id":8744,"href":"https:\/\/www.fcejs.unsl.edu.ar\/index.php\/wp-json\/wp\/v2\/posts\/8742\/revisions\/8744"}],"wp:featuredmedia":[{"embeddable":true,"href":"https:\/\/www.fcejs.unsl.edu.ar\/index.php\/wp-json\/wp\/v2\/media\/8743"}],"wp:attachment":[{"href":"https:\/\/www.fcejs.unsl.edu.ar\/index.php\/wp-json\/wp\/v2\/media?parent=8742"}],"wp:term":[{"taxonomy":"category","embeddable":true,"href":"https:\/\/www.fcejs.unsl.edu.ar\/index.php\/wp-json\/wp\/v2\/categories?post=8742"},{"taxonomy":"post_tag","embeddable":true,"href":"https:\/\/www.fcejs.unsl.edu.ar\/index.php\/wp-json\/wp\/v2\/tags?post=8742"}],"curies":[{"name":"wp","href":"https:\/\/api.w.org\/{rel}","templated":true}]}}