{"id":8212,"date":"2022-06-03T13:21:40","date_gmt":"2022-06-03T16:21:40","guid":{"rendered":"http:\/\/10.101.10.197\/www\/?p=8212"},"modified":"2022-07-27T10:39:05","modified_gmt":"2022-07-27T13:39:05","slug":"inscriben-al-xii-concurso-nacional-universitario-de-litigacion-penal","status":"publish","type":"post","link":"https:\/\/www.fcejs.unsl.edu.ar\/index.php\/inscriben-al-xii-concurso-nacional-universitario-de-litigacion-penal\/","title":{"rendered":"Inscriben al XII Concurso Nacional Universitario de Litigaci\u00f3n Penal"},"content":{"rendered":"<p><strong>La UNSL junto al Instituto de Estudios Comparados en Ciencias Penales y Sociales (INECIP) y el Centro de Litigaci\u00f3n Universitaria (CENLU) abrieron la inscripci\u00f3n de equipos. La actividad contar\u00e1 con el auspicio de la Embajada de los Estados Unidos en Argentina.<\/strong><\/p>\n<p>La actividad tendr\u00e1 una fase virtual del 24 al 28 de octubre y una fase presencial del 7 al 11 de noviembre en la Facultad de Ciencias Econ\u00f3micas, Jur\u00eddicas y Sociales (FCEJS) de la Universidad Nacional de San Luis (UNSL) con sede en la ciudad de Villa Mercedes.<\/p>\n<p>Tras dos (2) a\u00f1os de suspensi\u00f3n a causa de la pandemia, este a\u00f1o se volver\u00e1 a realizar el evento. Ser\u00e1 la XII edici\u00f3n de la actividad organizada por el INECIP desde el 2009 en la Argentina, en coordinaci\u00f3n con Facultades de Derecho de distintas universidades del pa\u00eds, que busca fomentar la ense\u00f1anza universitaria del litigio adversarial.<\/p>\n<p>Durante la competencia, alumnos\/as de equipos representativos de universidades del pa\u00eds y de la regi\u00f3n compiten en simulacros de juicio oral conforme a las t\u00e9cnicas de litigaci\u00f3n oral del sistema acusatorio, en audiencias dirigidas por jueces\/zas de la provincia. En cada encuentro, docentes de litigaci\u00f3n de todo el pa\u00eds participar\u00e1n como evaluadores y realizar\u00e1n una devoluci\u00f3n con fines pedag\u00f3gicos.<\/p>\n<figure class=\"wp-block-image\"><img decoding=\"async\" class=\"wp-image-70030\" src=\"http:\/\/www.noticias.unsl.edu.ar\/wp-content\/uploads\/2022\/06\/WhatsApp-Image-2022-06-03-at-11.55.04-AM.jpeg\" sizes=\"(max-width: 1000px) 100vw, 1000px\" srcset=\"http:\/\/www.noticias.unsl.edu.ar\/wp-content\/uploads\/2022\/06\/WhatsApp-Image-2022-06-03-at-11.55.04-AM.jpeg 1000w, http:\/\/www.noticias.unsl.edu.ar\/wp-content\/uploads\/2022\/06\/WhatsApp-Image-2022-06-03-at-11.55.04-AM-150x150.jpeg 150w, http:\/\/www.noticias.unsl.edu.ar\/wp-content\/uploads\/2022\/06\/WhatsApp-Image-2022-06-03-at-11.55.04-AM-300x300.jpeg 300w, http:\/\/www.noticias.unsl.edu.ar\/wp-content\/uploads\/2022\/06\/WhatsApp-Image-2022-06-03-at-11.55.04-AM-540x540.jpeg 540w\" alt=\"\" \/><\/figure>\n<p>Este a\u00f1o, adem\u00e1s de la fase presencial, se realizar\u00e1 una fase virtual en la cual se litigar\u00e1n audiencias previas al juicio, receptando la modalidad que se implement\u00f3 exitosamente en las Jornadas Universitarias de Litigaci\u00f3n Penal llevadas a cabo en 2021.<\/p>\n<p>El 13 de junio a las 18:00 horas se realizar\u00e1 una charla informativa para <strong><a href=\"https:\/\/cenlu.org\/suscripcion\/\">docentes de la Red del Docentes del CENLU<\/a><\/strong> en donde se presentar\u00e1n las actividades del Centro de Litigaci\u00f3n Universitaria (CENLU), el Bolet\u00edn del CENLU y el Concurso Nacional Universitario de Litigaci\u00f3n Adversarial, a la que se acceder\u00e1 previa inscripci\u00f3n en el siguiente <strong><a href=\"https:\/\/forms.gle\/CKSh1CnLbuxRVb2j6\">link<\/a>.<\/strong><\/p>\n<p>La inscripci\u00f3n de equipos se encuentra abierta hasta el\u00a0<strong>viernes 18 de agosto<\/strong>, a trav\u00e9s del siguiente formulario:\u00a0<strong><a href=\"https:\/\/forms.gle\/cZeZfRGKRGVRbSqh7\">https:\/\/forms.gle\/cZeZfRGKRGVRbSqh7<\/a><\/strong><\/p>\n<p><strong>Dato<\/strong><\/p>\n<p>A trav\u00e9s del canal web UNSL TV se realizar\u00e1 a transmisi\u00f3n en el <strong><a href=\"https:\/\/www.youtube.com\/watch?v=FqIetW-TlUw\">siguiente enlace<\/a>.<\/strong><\/p>\n","protected":false},"excerpt":{"rendered":"<p>La UNSL junto al Instituto de Estudios Comparados en Ciencias Penales y Sociales (INECIP) y el Centro de Litigaci\u00f3n Universitaria (CENLU) abrieron la inscripci\u00f3n de&hellip;<\/p>\n","protected":false},"author":9,"featured_media":8213,"comment_status":"closed","ping_status":"closed","sticky":false,"template":"","format":"standard","meta":{"om_disable_all_campaigns":false,"_monsterinsights_skip_tracking":false,"_monsterinsights_sitenote_active":false,"_monsterinsights_sitenote_note":"","_monsterinsights_sitenote_category":0,"footnotes":""},"categories":[1],"tags":[],"class_list":["post-8212","post","type-post","status-publish","format-standard","has-post-thumbnail","hentry","category-noticias"],"yoast_head":"<!-- This site is optimized with the Yoast SEO plugin v27.5 - https:\/\/yoast.com\/product\/yoast-seo-wordpress\/ -->\n<title>Inscriben al XII Concurso Nacional Universitario de Litigaci\u00f3n Penal - Facultad de Ciencias Econ\u00f3micas, Jur\u00ed\u00addicas y Sociales<\/title>\n<meta name=\"robots\" content=\"index, follow, max-snippet:-1, max-image-preview:large, max-video-preview:-1\" \/>\n<link rel=\"canonical\" href=\"https:\/\/www.fcejs.unsl.edu.ar\/index.php\/inscriben-al-xii-concurso-nacional-universitario-de-litigacion-penal\/\" \/>\n<meta property=\"og:locale\" content=\"es_ES\" \/>\n<meta property=\"og:type\" content=\"article\" \/>\n<meta property=\"og:title\" content=\"Inscriben al XII Concurso Nacional Universitario de Litigaci\u00f3n Penal - Facultad de Ciencias Econ\u00f3micas, Jur\u00ed\u00addicas y Sociales\" \/>\n<meta property=\"og:description\" content=\"La UNSL junto al Instituto de Estudios Comparados en Ciencias Penales y Sociales (INECIP) y el Centro de Litigaci\u00f3n Universitaria (CENLU) abrieron la inscripci\u00f3n de&hellip;\" \/>\n<meta property=\"og:url\" content=\"https:\/\/www.fcejs.unsl.edu.ar\/index.php\/inscriben-al-xii-concurso-nacional-universitario-de-litigacion-penal\/\" \/>\n<meta property=\"og:site_name\" content=\"Facultad de Ciencias Econ\u00f3micas, Jur\u00ed\u00addicas y Sociales\" \/>\n<meta property=\"article:publisher\" content=\"https:\/\/www.facebook.com\/FCEJS.UNSL\/\" \/>\n<meta property=\"article:published_time\" content=\"2022-06-03T16:21:40+00:00\" \/>\n<meta property=\"article:modified_time\" content=\"2022-07-27T13:39:05+00:00\" \/>\n<meta property=\"og:image\" content=\"https:\/\/www.fcejs.unsl.edu.ar\/wp-content\/uploads\/2022\/06\/Themis.jpg\" \/>\n\t<meta property=\"og:image:width\" content=\"779\" \/>\n\t<meta property=\"og:image:height\" content=\"389\" \/>\n\t<meta property=\"og:image:type\" content=\"image\/jpeg\" \/>\n<meta name=\"author\" content=\"DATI\" \/>\n<meta name=\"twitter:card\" content=\"summary_large_image\" \/>\n<meta name=\"twitter:creator\" content=\"@FCEJSUNSL\" \/>\n<meta name=\"twitter:site\" content=\"@FCEJSUNSL\" \/>\n<meta name=\"twitter:label1\" content=\"Escrito por\" \/>\n\t<meta name=\"twitter:data1\" content=\"DATI\" \/>\n\t<meta name=\"twitter:label2\" content=\"Tiempo de lectura\" \/>\n\t<meta name=\"twitter:data2\" content=\"2 minutos\" \/>\n<script type=\"application\/ld+json\" class=\"yoast-schema-graph\">{\"@context\":\"https:\\\/\\\/schema.org\",\"@graph\":[{\"@type\":\"Article\",\"@id\":\"https:\\\/\\\/www.fcejs.unsl.edu.ar\\\/index.php\\\/inscriben-al-xii-concurso-nacional-universitario-de-litigacion-penal\\\/#article\",\"isPartOf\":{\"@id\":\"https:\\\/\\\/www.fcejs.unsl.edu.ar\\\/index.php\\\/inscriben-al-xii-concurso-nacional-universitario-de-litigacion-penal\\\/\"},\"author\":{\"name\":\"DATI\",\"@id\":\"https:\\\/\\\/www.fcejs.unsl.edu.ar\\\/#\\\/schema\\\/person\\\/352ee6ed90c3f394c7cb5945f8956d34\"},\"headline\":\"Inscriben al XII Concurso Nacional Universitario de Litigaci\u00f3n Penal\",\"datePublished\":\"2022-06-03T16:21:40+00:00\",\"dateModified\":\"2022-07-27T13:39:05+00:00\",\"mainEntityOfPage\":{\"@id\":\"https:\\\/\\\/www.fcejs.unsl.edu.ar\\\/index.php\\\/inscriben-al-xii-concurso-nacional-universitario-de-litigacion-penal\\\/\"},\"wordCount\":375,\"publisher\":{\"@id\":\"https:\\\/\\\/www.fcejs.unsl.edu.ar\\\/#organization\"},\"image\":{\"@id\":\"https:\\\/\\\/www.fcejs.unsl.edu.ar\\\/index.php\\\/inscriben-al-xii-concurso-nacional-universitario-de-litigacion-penal\\\/#primaryimage\"},\"thumbnailUrl\":\"https:\\\/\\\/www.fcejs.unsl.edu.ar\\\/wp-content\\\/uploads\\\/2022\\\/06\\\/Themis.jpg\",\"articleSection\":[\"Noticias\"],\"inLanguage\":\"es-AR\"},{\"@type\":\"WebPage\",\"@id\":\"https:\\\/\\\/www.fcejs.unsl.edu.ar\\\/index.php\\\/inscriben-al-xii-concurso-nacional-universitario-de-litigacion-penal\\\/\",\"url\":\"https:\\\/\\\/www.fcejs.unsl.edu.ar\\\/index.php\\\/inscriben-al-xii-concurso-nacional-universitario-de-litigacion-penal\\\/\",\"name\":\"Inscriben al XII Concurso Nacional Universitario de Litigaci\u00f3n Penal - Facultad de Ciencias Econ\u00f3micas, Jur\u00ed\u00addicas y Sociales\",\"isPartOf\":{\"@id\":\"https:\\\/\\\/www.fcejs.unsl.edu.ar\\\/#website\"},\"primaryImageOfPage\":{\"@id\":\"https:\\\/\\\/www.fcejs.unsl.edu.ar\\\/index.php\\\/inscriben-al-xii-concurso-nacional-universitario-de-litigacion-penal\\\/#primaryimage\"},\"image\":{\"@id\":\"https:\\\/\\\/www.fcejs.unsl.edu.ar\\\/index.php\\\/inscriben-al-xii-concurso-nacional-universitario-de-litigacion-penal\\\/#primaryimage\"},\"thumbnailUrl\":\"https:\\\/\\\/www.fcejs.unsl.edu.ar\\\/wp-content\\\/uploads\\\/2022\\\/06\\\/Themis.jpg\",\"datePublished\":\"2022-06-03T16:21:40+00:00\",\"dateModified\":\"2022-07-27T13:39:05+00:00\",\"breadcrumb\":{\"@id\":\"https:\\\/\\\/www.fcejs.unsl.edu.ar\\\/index.php\\\/inscriben-al-xii-concurso-nacional-universitario-de-litigacion-penal\\\/#breadcrumb\"},\"inLanguage\":\"es-AR\",\"potentialAction\":[{\"@type\":\"ReadAction\",\"target\":[\"https:\\\/\\\/www.fcejs.unsl.edu.ar\\\/index.php\\\/inscriben-al-xii-concurso-nacional-universitario-de-litigacion-penal\\\/\"]}]},{\"@type\":\"ImageObject\",\"inLanguage\":\"es-AR\",\"@id\":\"https:\\\/\\\/www.fcejs.unsl.edu.ar\\\/index.php\\\/inscriben-al-xii-concurso-nacional-universitario-de-litigacion-penal\\\/#primaryimage\",\"url\":\"https:\\\/\\\/www.fcejs.unsl.edu.ar\\\/wp-content\\\/uploads\\\/2022\\\/06\\\/Themis.jpg\",\"contentUrl\":\"https:\\\/\\\/www.fcejs.unsl.edu.ar\\\/wp-content\\\/uploads\\\/2022\\\/06\\\/Themis.jpg\",\"width\":779,\"height\":389},{\"@type\":\"BreadcrumbList\",\"@id\":\"https:\\\/\\\/www.fcejs.unsl.edu.ar\\\/index.php\\\/inscriben-al-xii-concurso-nacional-universitario-de-litigacion-penal\\\/#breadcrumb\",\"itemListElement\":[{\"@type\":\"ListItem\",\"position\":1,\"name\":\"Inicio\",\"item\":\"https:\\\/\\\/www.fcejs.unsl.edu.ar\\\/\"},{\"@type\":\"ListItem\",\"position\":2,\"name\":\"Inscriben al XII Concurso Nacional Universitario de Litigaci\u00f3n Penal\"}]},{\"@type\":\"WebSite\",\"@id\":\"https:\\\/\\\/www.fcejs.unsl.edu.ar\\\/#website\",\"url\":\"https:\\\/\\\/www.fcejs.unsl.edu.ar\\\/\",\"name\":\"Facultad de Ciencias Econ\u00f3micas, Jur\u00ed\u00addicas y Sociales\",\"description\":\"\",\"publisher\":{\"@id\":\"https:\\\/\\\/www.fcejs.unsl.edu.ar\\\/#organization\"},\"potentialAction\":[{\"@type\":\"SearchAction\",\"target\":{\"@type\":\"EntryPoint\",\"urlTemplate\":\"https:\\\/\\\/www.fcejs.unsl.edu.ar\\\/?s={search_term_string}\"},\"query-input\":{\"@type\":\"PropertyValueSpecification\",\"valueRequired\":true,\"valueName\":\"search_term_string\"}}],\"inLanguage\":\"es-AR\"},{\"@type\":\"Organization\",\"@id\":\"https:\\\/\\\/www.fcejs.unsl.edu.ar\\\/#organization\",\"name\":\"Facultad de Ciencias Econ\u00f3micas, Jur\u00eddicas y Sociales\",\"url\":\"https:\\\/\\\/www.fcejs.unsl.edu.ar\\\/\",\"logo\":{\"@type\":\"ImageObject\",\"inLanguage\":\"es-AR\",\"@id\":\"https:\\\/\\\/www.fcejs.unsl.edu.ar\\\/#\\\/schema\\\/logo\\\/image\\\/\",\"url\":\"https:\\\/\\\/www.fcejs.unsl.edu.ar\\\/wp-content\\\/uploads\\\/2021\\\/03\\\/logo-1.jpg\",\"contentUrl\":\"https:\\\/\\\/www.fcejs.unsl.edu.ar\\\/wp-content\\\/uploads\\\/2021\\\/03\\\/logo-1.jpg\",\"width\":471,\"height\":146,\"caption\":\"Facultad de Ciencias Econ\u00f3micas, Jur\u00eddicas y Sociales\"},\"image\":{\"@id\":\"https:\\\/\\\/www.fcejs.unsl.edu.ar\\\/#\\\/schema\\\/logo\\\/image\\\/\"},\"sameAs\":[\"https:\\\/\\\/www.facebook.com\\\/FCEJS.UNSL\\\/\",\"https:\\\/\\\/x.com\\\/FCEJSUNSL\",\"https:\\\/\\\/www.instagram.com\\\/fcejs.unsl\\\/\",\"https:\\\/\\\/www.youtube.com\\\/channel\\\/UCH-Ut6EaN_X5ogjIQMPe46g\\\/\"]},{\"@type\":\"Person\",\"@id\":\"https:\\\/\\\/www.fcejs.unsl.edu.ar\\\/#\\\/schema\\\/person\\\/352ee6ed90c3f394c7cb5945f8956d34\",\"name\":\"DATI\"}]}<\/script>\n<!-- \/ Yoast SEO plugin. -->","yoast_head_json":{"title":"Inscriben al XII Concurso Nacional Universitario de Litigaci\u00f3n Penal - Facultad de Ciencias Econ\u00f3micas, Jur\u00ed\u00addicas y Sociales","robots":{"index":"index","follow":"follow","max-snippet":"max-snippet:-1","max-image-preview":"max-image-preview:large","max-video-preview":"max-video-preview:-1"},"canonical":"https:\/\/www.fcejs.unsl.edu.ar\/index.php\/inscriben-al-xii-concurso-nacional-universitario-de-litigacion-penal\/","og_locale":"es_ES","og_type":"article","og_title":"Inscriben al XII Concurso Nacional Universitario de Litigaci\u00f3n Penal - Facultad de Ciencias Econ\u00f3micas, Jur\u00ed\u00addicas y Sociales","og_description":"La UNSL junto al Instituto de Estudios Comparados en Ciencias Penales y Sociales (INECIP) y el Centro de Litigaci\u00f3n Universitaria (CENLU) abrieron la inscripci\u00f3n de&hellip;","og_url":"https:\/\/www.fcejs.unsl.edu.ar\/index.php\/inscriben-al-xii-concurso-nacional-universitario-de-litigacion-penal\/","og_site_name":"Facultad de Ciencias Econ\u00f3micas, Jur\u00ed\u00addicas y Sociales","article_publisher":"https:\/\/www.facebook.com\/FCEJS.UNSL\/","article_published_time":"2022-06-03T16:21:40+00:00","article_modified_time":"2022-07-27T13:39:05+00:00","og_image":[{"width":779,"height":389,"url":"https:\/\/www.fcejs.unsl.edu.ar\/wp-content\/uploads\/2022\/06\/Themis.jpg","type":"image\/jpeg"}],"author":"DATI","twitter_card":"summary_large_image","twitter_creator":"@FCEJSUNSL","twitter_site":"@FCEJSUNSL","twitter_misc":{"Escrito por":"DATI","Tiempo de lectura":"2 minutos"},"schema":{"@context":"https:\/\/schema.org","@graph":[{"@type":"Article","@id":"https:\/\/www.fcejs.unsl.edu.ar\/index.php\/inscriben-al-xii-concurso-nacional-universitario-de-litigacion-penal\/#article","isPartOf":{"@id":"https:\/\/www.fcejs.unsl.edu.ar\/index.php\/inscriben-al-xii-concurso-nacional-universitario-de-litigacion-penal\/"},"author":{"name":"DATI","@id":"https:\/\/www.fcejs.unsl.edu.ar\/#\/schema\/person\/352ee6ed90c3f394c7cb5945f8956d34"},"headline":"Inscriben al XII Concurso Nacional Universitario de Litigaci\u00f3n Penal","datePublished":"2022-06-03T16:21:40+00:00","dateModified":"2022-07-27T13:39:05+00:00","mainEntityOfPage":{"@id":"https:\/\/www.fcejs.unsl.edu.ar\/index.php\/inscriben-al-xii-concurso-nacional-universitario-de-litigacion-penal\/"},"wordCount":375,"publisher":{"@id":"https:\/\/www.fcejs.unsl.edu.ar\/#organization"},"image":{"@id":"https:\/\/www.fcejs.unsl.edu.ar\/index.php\/inscriben-al-xii-concurso-nacional-universitario-de-litigacion-penal\/#primaryimage"},"thumbnailUrl":"https:\/\/www.fcejs.unsl.edu.ar\/wp-content\/uploads\/2022\/06\/Themis.jpg","articleSection":["Noticias"],"inLanguage":"es-AR"},{"@type":"WebPage","@id":"https:\/\/www.fcejs.unsl.edu.ar\/index.php\/inscriben-al-xii-concurso-nacional-universitario-de-litigacion-penal\/","url":"https:\/\/www.fcejs.unsl.edu.ar\/index.php\/inscriben-al-xii-concurso-nacional-universitario-de-litigacion-penal\/","name":"Inscriben al XII Concurso Nacional Universitario de Litigaci\u00f3n Penal - Facultad de Ciencias Econ\u00f3micas, Jur\u00ed\u00addicas y Sociales","isPartOf":{"@id":"https:\/\/www.fcejs.unsl.edu.ar\/#website"},"primaryImageOfPage":{"@id":"https:\/\/www.fcejs.unsl.edu.ar\/index.php\/inscriben-al-xii-concurso-nacional-universitario-de-litigacion-penal\/#primaryimage"},"image":{"@id":"https:\/\/www.fcejs.unsl.edu.ar\/index.php\/inscriben-al-xii-concurso-nacional-universitario-de-litigacion-penal\/#primaryimage"},"thumbnailUrl":"https:\/\/www.fcejs.unsl.edu.ar\/wp-content\/uploads\/2022\/06\/Themis.jpg","datePublished":"2022-06-03T16:21:40+00:00","dateModified":"2022-07-27T13:39:05+00:00","breadcrumb":{"@id":"https:\/\/www.fcejs.unsl.edu.ar\/index.php\/inscriben-al-xii-concurso-nacional-universitario-de-litigacion-penal\/#breadcrumb"},"inLanguage":"es-AR","potentialAction":[{"@type":"ReadAction","target":["https:\/\/www.fcejs.unsl.edu.ar\/index.php\/inscriben-al-xii-concurso-nacional-universitario-de-litigacion-penal\/"]}]},{"@type":"ImageObject","inLanguage":"es-AR","@id":"https:\/\/www.fcejs.unsl.edu.ar\/index.php\/inscriben-al-xii-concurso-nacional-universitario-de-litigacion-penal\/#primaryimage","url":"https:\/\/www.fcejs.unsl.edu.ar\/wp-content\/uploads\/2022\/06\/Themis.jpg","contentUrl":"https:\/\/www.fcejs.unsl.edu.ar\/wp-content\/uploads\/2022\/06\/Themis.jpg","width":779,"height":389},{"@type":"BreadcrumbList","@id":"https:\/\/www.fcejs.unsl.edu.ar\/index.php\/inscriben-al-xii-concurso-nacional-universitario-de-litigacion-penal\/#breadcrumb","itemListElement":[{"@type":"ListItem","position":1,"name":"Inicio","item":"https:\/\/www.fcejs.unsl.edu.ar\/"},{"@type":"ListItem","position":2,"name":"Inscriben al XII Concurso Nacional Universitario de Litigaci\u00f3n Penal"}]},{"@type":"WebSite","@id":"https:\/\/www.fcejs.unsl.edu.ar\/#website","url":"https:\/\/www.fcejs.unsl.edu.ar\/","name":"Facultad de Ciencias Econ\u00f3micas, Jur\u00ed\u00addicas y Sociales","description":"","publisher":{"@id":"https:\/\/www.fcejs.unsl.edu.ar\/#organization"},"potentialAction":[{"@type":"SearchAction","target":{"@type":"EntryPoint","urlTemplate":"https:\/\/www.fcejs.unsl.edu.ar\/?s={search_term_string}"},"query-input":{"@type":"PropertyValueSpecification","valueRequired":true,"valueName":"search_term_string"}}],"inLanguage":"es-AR"},{"@type":"Organization","@id":"https:\/\/www.fcejs.unsl.edu.ar\/#organization","name":"Facultad de Ciencias Econ\u00f3micas, Jur\u00eddicas y Sociales","url":"https:\/\/www.fcejs.unsl.edu.ar\/","logo":{"@type":"ImageObject","inLanguage":"es-AR","@id":"https:\/\/www.fcejs.unsl.edu.ar\/#\/schema\/logo\/image\/","url":"https:\/\/www.fcejs.unsl.edu.ar\/wp-content\/uploads\/2021\/03\/logo-1.jpg","contentUrl":"https:\/\/www.fcejs.unsl.edu.ar\/wp-content\/uploads\/2021\/03\/logo-1.jpg","width":471,"height":146,"caption":"Facultad de Ciencias Econ\u00f3micas, Jur\u00eddicas y Sociales"},"image":{"@id":"https:\/\/www.fcejs.unsl.edu.ar\/#\/schema\/logo\/image\/"},"sameAs":["https:\/\/www.facebook.com\/FCEJS.UNSL\/","https:\/\/x.com\/FCEJSUNSL","https:\/\/www.instagram.com\/fcejs.unsl\/","https:\/\/www.youtube.com\/channel\/UCH-Ut6EaN_X5ogjIQMPe46g\/"]},{"@type":"Person","@id":"https:\/\/www.fcejs.unsl.edu.ar\/#\/schema\/person\/352ee6ed90c3f394c7cb5945f8956d34","name":"DATI"}]}},"jetpack_featured_media_url":"https:\/\/www.fcejs.unsl.edu.ar\/wp-content\/uploads\/2022\/06\/Themis.jpg","_links":{"self":[{"href":"https:\/\/www.fcejs.unsl.edu.ar\/index.php\/wp-json\/wp\/v2\/posts\/8212","targetHints":{"allow":["GET"]}}],"collection":[{"href":"https:\/\/www.fcejs.unsl.edu.ar\/index.php\/wp-json\/wp\/v2\/posts"}],"about":[{"href":"https:\/\/www.fcejs.unsl.edu.ar\/index.php\/wp-json\/wp\/v2\/types\/post"}],"author":[{"embeddable":true,"href":"https:\/\/www.fcejs.unsl.edu.ar\/index.php\/wp-json\/wp\/v2\/users\/9"}],"replies":[{"embeddable":true,"href":"https:\/\/www.fcejs.unsl.edu.ar\/index.php\/wp-json\/wp\/v2\/comments?post=8212"}],"version-history":[{"count":3,"href":"https:\/\/www.fcejs.unsl.edu.ar\/index.php\/wp-json\/wp\/v2\/posts\/8212\/revisions"}],"predecessor-version":[{"id":8250,"href":"https:\/\/www.fcejs.unsl.edu.ar\/index.php\/wp-json\/wp\/v2\/posts\/8212\/revisions\/8250"}],"wp:featuredmedia":[{"embeddable":true,"href":"https:\/\/www.fcejs.unsl.edu.ar\/index.php\/wp-json\/wp\/v2\/media\/8213"}],"wp:attachment":[{"href":"https:\/\/www.fcejs.unsl.edu.ar\/index.php\/wp-json\/wp\/v2\/media?parent=8212"}],"wp:term":[{"taxonomy":"category","embeddable":true,"href":"https:\/\/www.fcejs.unsl.edu.ar\/index.php\/wp-json\/wp\/v2\/categories?post=8212"},{"taxonomy":"post_tag","embeddable":true,"href":"https:\/\/www.fcejs.unsl.edu.ar\/index.php\/wp-json\/wp\/v2\/tags?post=8212"}],"curies":[{"name":"wp","href":"https:\/\/api.w.org\/{rel}","templated":true}]}}