{"id":8207,"date":"2022-06-03T12:46:24","date_gmt":"2022-06-03T15:46:24","guid":{"rendered":"http:\/\/10.101.10.197\/www\/?p=8207"},"modified":"2022-06-03T12:47:15","modified_gmt":"2022-06-03T15:47:15","slug":"profesionales-buscan-mejorar-la-calidad-de-vida-de-personas-vulnerables-de-anchorena","status":"publish","type":"post","link":"https:\/\/www.fcejs.unsl.edu.ar\/index.php\/profesionales-buscan-mejorar-la-calidad-de-vida-de-personas-vulnerables-de-anchorena\/","title":{"rendered":"Profesionales buscan mejorar la calidad de vida de personas vulnerables de Anchorena"},"content":{"rendered":"<div class=\"entry-thumb\"><strong>Lo hacen a trav\u00e9s de un proyecto de extensi\u00f3n, dirigido por el Mgtr. Juan Norberto Carena, cuyo objetivo es trabajar en las energ\u00edas renovables aplicadas a la econom\u00eda social y viceversa.<\/strong><\/div>\n<div class=\"entry-content clearfix\">\n<p>Un grupo de docentes de las facultades de Ingenier\u00eda y Ciencias Agropecuarias (FICA) y Ciencias Econ\u00f3micas Jur\u00eddicas y Sociales (FCEJS) intentan mejorar la calidad de vida de la poblaci\u00f3n vulnerable de la localidad de Anchorena.<\/p>\n<p>El proyecto fue seleccionado por la Secretar\u00eda de Pol\u00edticas Universitarias (SPU) para su financiamiento.\u00a0<strong>Juan Norberto Carena<\/strong>\u00a0al finalizar su Maestr\u00eda en Econom\u00eda Social present\u00f3 a la FCEJS un proyecto para la creaci\u00f3n de un programa que contemple capacitaciones y perfeccionamiento en econom\u00eda social, con el prop\u00f3sito de que las personas tengan un margen para salir de la situaci\u00f3n vulnerabilidad. Este proyecto de extensi\u00f3n es una parte del programa.<\/p>\n<p><strong>Trabajo de campo con la sociedad<\/strong><\/p>\n<p>Desde el equipo realizaron una encuesta estructural y entrevistas en profundidad a varios ciudadanos. Esto ayud\u00f3 a concluir que la mayor dificultad de los habitantes es la integraci\u00f3n al empleo. En su gran mayor\u00eda son personas desocupadas. El 27% de la poblaci\u00f3n se desempe\u00f1a en planes sociales, y el porcentaje restante trabajan en el campo, son jubilados o desempleados.<\/p>\n<p>A esto se le suma que en el pueblo tienen problemas con la extracci\u00f3n de agua, por su profundidad al momento de extraerla, gusto salado y un alto costo de electricidad. Por ello, desde el equipo tras reuniones con el intendente de la localidad, H\u00e9ctor Baigorria, plantearon realizar una perforaci\u00f3n, colocar una bomba sumergible (que tiene que estar a un poco m\u00e1s de 18 metros de profundidad) y succionar el agua a partir de cinco (5) paneles solares, por energ\u00eda fotovolt\u00e1ica, con un conversor.<\/p>\n<p>Para hacer esto, convocaron a profesionales y estudiantes de dos (2) c\u00e1tedras:\u00a0<em>Derecho Social\u00a0<\/em>de la FCEJS y\u00a0<em>Energ\u00edas Renovables y Geotermia<\/em>\u00a0de la FICA. Entre ambos grupos armaron el proyecto.\u00a0<em>\u00abCuando se lo propusimos al Intendente le gust\u00f3 mucho el proyecto (\u2026) Buscamos poner en cuesti\u00f3n el eje de las energ\u00edas renovables aplicadas a la econom\u00eda social, o la econom\u00eda social aplicada a las energ\u00edas renovables\u00bb<\/em>, explic\u00f3 el Director.<\/p>\n<figure class=\"wp-block-image\"><img decoding=\"async\" class=\"wp-image-68718\" src=\"http:\/\/www.noticias.unsl.edu.ar\/wp-content\/uploads\/2022\/05\/220505-Juan-Carena-Proyecto-de-extensi%C3%B3n-3-3.jpg\" sizes=\"(max-width: 1000px) 100vw, 1000px\" srcset=\"http:\/\/www.noticias.unsl.edu.ar\/wp-content\/uploads\/2022\/05\/220505-Juan-Carena-Proyecto-de-extensi\u00f3n-3-3.jpg 1000w, http:\/\/www.noticias.unsl.edu.ar\/wp-content\/uploads\/2022\/05\/220505-Juan-Carena-Proyecto-de-extensi\u00f3n-3-3-300x200.jpg 300w\" alt=\"\" \/><\/figure>\n<p>En las reuniones, el Intendente le explic\u00f3 al equipo que uno de sus objetivos era crear un invernadero. En este sentido, el proyecto y el sistema planteado es complejo, ya que tiene que haber estructuras que sostengan los paneles y un reservorio de agua.<\/p>\n<p>Debido al elevado costo y a no llegar con el presupuesto, el Intendente propuso colocar ca\u00f1os que lleven del reservorio del pueblo el agua, hasta el reservorio para hacer el invernadero, que son 400 metros de distancia.\u00a0<em>\u00abLos paneles bajar\u00e1n la tensi\u00f3n de Edesal, se utilizar\u00e1n mientras est\u00e9n las condiciones para que funcionen, el agua se distribuir\u00e1 y cuando sea necesario, el servicio el\u00e9ctrico volver\u00e1 a funcionar\u00bb<\/em>, explic\u00f3.<\/p>\n<p><strong>En v\u00edas al desarrollo territorial<\/strong><\/p>\n<p>En relaci\u00f3n a la importancia de realizar actividades extensionistas, Carena sostuvo que en su opini\u00f3n la extensi\u00f3n deber\u00eda ser parte obligatoria del curr\u00edculo.<\/p>\n<p>Una de las actividades o acciones que busca el Programa es el desarrollo territorial. Es por ello que estas actividades ser\u00edan parte de un inminente trabajo que implique circular bienes, servicios y mercanc\u00edas dentro de un espacio territorial determinado.<\/p>\n<p><em>\u00abNuestra idea a futuro es crear una planta potabilizadora de agua (\u2026) Por ahora trabajamos en la extracci\u00f3n, pero para poder usarla es necesario una planta, esa es la pr\u00f3xima instancia que presentaremos en una nueva convocatoria\u00bb<\/em>, finaliz\u00f3.<\/p>\n<p>En un futuro, el Intendente y sus secretarios ser\u00e1n los nexos para que el trabajo se pueda replicar en otros pueblos.<\/p>\n<\/div>\n","protected":false},"excerpt":{"rendered":"<p>Lo hacen a trav\u00e9s de un proyecto de extensi\u00f3n, dirigido por el Mgtr. Juan Norberto Carena, cuyo objetivo es trabajar en las energ\u00edas renovables aplicadas&hellip;<\/p>\n","protected":false},"author":9,"featured_media":8208,"comment_status":"closed","ping_status":"closed","sticky":false,"template":"","format":"standard","meta":{"om_disable_all_campaigns":false,"_monsterinsights_skip_tracking":false,"_monsterinsights_sitenote_active":false,"_monsterinsights_sitenote_note":"","_monsterinsights_sitenote_category":0,"footnotes":""},"categories":[1],"tags":[],"class_list":["post-8207","post","type-post","status-publish","format-standard","has-post-thumbnail","hentry","category-noticias"],"yoast_head":"<!-- This site is optimized with the Yoast SEO plugin v27.5 - https:\/\/yoast.com\/product\/yoast-seo-wordpress\/ -->\n<title>Profesionales buscan mejorar la calidad de vida de personas vulnerables de Anchorena - Facultad de Ciencias Econ\u00f3micas, Jur\u00ed\u00addicas y Sociales<\/title>\n<meta name=\"robots\" content=\"index, follow, max-snippet:-1, max-image-preview:large, max-video-preview:-1\" \/>\n<link rel=\"canonical\" href=\"https:\/\/www.fcejs.unsl.edu.ar\/index.php\/profesionales-buscan-mejorar-la-calidad-de-vida-de-personas-vulnerables-de-anchorena\/\" \/>\n<meta property=\"og:locale\" content=\"es_ES\" \/>\n<meta property=\"og:type\" content=\"article\" \/>\n<meta property=\"og:title\" content=\"Profesionales buscan mejorar la calidad de vida de personas vulnerables de Anchorena - Facultad de Ciencias Econ\u00f3micas, Jur\u00ed\u00addicas y Sociales\" \/>\n<meta property=\"og:description\" content=\"Lo hacen a trav\u00e9s de un proyecto de extensi\u00f3n, dirigido por el Mgtr. Juan Norberto Carena, cuyo objetivo es trabajar en las energ\u00edas renovables aplicadas&hellip;\" \/>\n<meta property=\"og:url\" content=\"https:\/\/www.fcejs.unsl.edu.ar\/index.php\/profesionales-buscan-mejorar-la-calidad-de-vida-de-personas-vulnerables-de-anchorena\/\" \/>\n<meta property=\"og:site_name\" content=\"Facultad de Ciencias Econ\u00f3micas, Jur\u00ed\u00addicas y Sociales\" \/>\n<meta property=\"article:publisher\" content=\"https:\/\/www.facebook.com\/FCEJS.UNSL\/\" \/>\n<meta property=\"article:published_time\" content=\"2022-06-03T15:46:24+00:00\" \/>\n<meta property=\"article:modified_time\" content=\"2022-06-03T15:47:15+00:00\" \/>\n<meta property=\"og:image\" content=\"https:\/\/www.fcejs.unsl.edu.ar\/wp-content\/uploads\/2022\/06\/Captura.jpg\" \/>\n\t<meta property=\"og:image:width\" content=\"769\" \/>\n\t<meta property=\"og:image:height\" content=\"394\" \/>\n\t<meta property=\"og:image:type\" content=\"image\/jpeg\" \/>\n<meta name=\"author\" content=\"DATI\" \/>\n<meta name=\"twitter:card\" content=\"summary_large_image\" \/>\n<meta name=\"twitter:creator\" content=\"@FCEJSUNSL\" \/>\n<meta name=\"twitter:site\" content=\"@FCEJSUNSL\" \/>\n<meta name=\"twitter:label1\" content=\"Escrito por\" \/>\n\t<meta name=\"twitter:data1\" content=\"DATI\" \/>\n\t<meta name=\"twitter:label2\" content=\"Tiempo de lectura\" \/>\n\t<meta name=\"twitter:data2\" content=\"3 minutos\" \/>\n<script type=\"application\/ld+json\" class=\"yoast-schema-graph\">{\"@context\":\"https:\\\/\\\/schema.org\",\"@graph\":[{\"@type\":\"Article\",\"@id\":\"https:\\\/\\\/www.fcejs.unsl.edu.ar\\\/index.php\\\/profesionales-buscan-mejorar-la-calidad-de-vida-de-personas-vulnerables-de-anchorena\\\/#article\",\"isPartOf\":{\"@id\":\"https:\\\/\\\/www.fcejs.unsl.edu.ar\\\/index.php\\\/profesionales-buscan-mejorar-la-calidad-de-vida-de-personas-vulnerables-de-anchorena\\\/\"},\"author\":{\"name\":\"DATI\",\"@id\":\"https:\\\/\\\/www.fcejs.unsl.edu.ar\\\/#\\\/schema\\\/person\\\/352ee6ed90c3f394c7cb5945f8956d34\"},\"headline\":\"Profesionales buscan mejorar la calidad de vida de personas vulnerables de Anchorena\",\"datePublished\":\"2022-06-03T15:46:24+00:00\",\"dateModified\":\"2022-06-03T15:47:15+00:00\",\"mainEntityOfPage\":{\"@id\":\"https:\\\/\\\/www.fcejs.unsl.edu.ar\\\/index.php\\\/profesionales-buscan-mejorar-la-calidad-de-vida-de-personas-vulnerables-de-anchorena\\\/\"},\"wordCount\":648,\"publisher\":{\"@id\":\"https:\\\/\\\/www.fcejs.unsl.edu.ar\\\/#organization\"},\"image\":{\"@id\":\"https:\\\/\\\/www.fcejs.unsl.edu.ar\\\/index.php\\\/profesionales-buscan-mejorar-la-calidad-de-vida-de-personas-vulnerables-de-anchorena\\\/#primaryimage\"},\"thumbnailUrl\":\"https:\\\/\\\/www.fcejs.unsl.edu.ar\\\/wp-content\\\/uploads\\\/2022\\\/06\\\/Captura.jpg\",\"articleSection\":[\"Noticias\"],\"inLanguage\":\"es-AR\"},{\"@type\":\"WebPage\",\"@id\":\"https:\\\/\\\/www.fcejs.unsl.edu.ar\\\/index.php\\\/profesionales-buscan-mejorar-la-calidad-de-vida-de-personas-vulnerables-de-anchorena\\\/\",\"url\":\"https:\\\/\\\/www.fcejs.unsl.edu.ar\\\/index.php\\\/profesionales-buscan-mejorar-la-calidad-de-vida-de-personas-vulnerables-de-anchorena\\\/\",\"name\":\"Profesionales buscan mejorar la calidad de vida de personas vulnerables de Anchorena - Facultad de Ciencias Econ\u00f3micas, Jur\u00ed\u00addicas y Sociales\",\"isPartOf\":{\"@id\":\"https:\\\/\\\/www.fcejs.unsl.edu.ar\\\/#website\"},\"primaryImageOfPage\":{\"@id\":\"https:\\\/\\\/www.fcejs.unsl.edu.ar\\\/index.php\\\/profesionales-buscan-mejorar-la-calidad-de-vida-de-personas-vulnerables-de-anchorena\\\/#primaryimage\"},\"image\":{\"@id\":\"https:\\\/\\\/www.fcejs.unsl.edu.ar\\\/index.php\\\/profesionales-buscan-mejorar-la-calidad-de-vida-de-personas-vulnerables-de-anchorena\\\/#primaryimage\"},\"thumbnailUrl\":\"https:\\\/\\\/www.fcejs.unsl.edu.ar\\\/wp-content\\\/uploads\\\/2022\\\/06\\\/Captura.jpg\",\"datePublished\":\"2022-06-03T15:46:24+00:00\",\"dateModified\":\"2022-06-03T15:47:15+00:00\",\"breadcrumb\":{\"@id\":\"https:\\\/\\\/www.fcejs.unsl.edu.ar\\\/index.php\\\/profesionales-buscan-mejorar-la-calidad-de-vida-de-personas-vulnerables-de-anchorena\\\/#breadcrumb\"},\"inLanguage\":\"es-AR\",\"potentialAction\":[{\"@type\":\"ReadAction\",\"target\":[\"https:\\\/\\\/www.fcejs.unsl.edu.ar\\\/index.php\\\/profesionales-buscan-mejorar-la-calidad-de-vida-de-personas-vulnerables-de-anchorena\\\/\"]}]},{\"@type\":\"ImageObject\",\"inLanguage\":\"es-AR\",\"@id\":\"https:\\\/\\\/www.fcejs.unsl.edu.ar\\\/index.php\\\/profesionales-buscan-mejorar-la-calidad-de-vida-de-personas-vulnerables-de-anchorena\\\/#primaryimage\",\"url\":\"https:\\\/\\\/www.fcejs.unsl.edu.ar\\\/wp-content\\\/uploads\\\/2022\\\/06\\\/Captura.jpg\",\"contentUrl\":\"https:\\\/\\\/www.fcejs.unsl.edu.ar\\\/wp-content\\\/uploads\\\/2022\\\/06\\\/Captura.jpg\",\"width\":769,\"height\":394},{\"@type\":\"BreadcrumbList\",\"@id\":\"https:\\\/\\\/www.fcejs.unsl.edu.ar\\\/index.php\\\/profesionales-buscan-mejorar-la-calidad-de-vida-de-personas-vulnerables-de-anchorena\\\/#breadcrumb\",\"itemListElement\":[{\"@type\":\"ListItem\",\"position\":1,\"name\":\"Inicio\",\"item\":\"https:\\\/\\\/www.fcejs.unsl.edu.ar\\\/\"},{\"@type\":\"ListItem\",\"position\":2,\"name\":\"Profesionales buscan mejorar la calidad de vida de personas vulnerables de Anchorena\"}]},{\"@type\":\"WebSite\",\"@id\":\"https:\\\/\\\/www.fcejs.unsl.edu.ar\\\/#website\",\"url\":\"https:\\\/\\\/www.fcejs.unsl.edu.ar\\\/\",\"name\":\"Facultad de Ciencias Econ\u00f3micas, Jur\u00ed\u00addicas y Sociales\",\"description\":\"\",\"publisher\":{\"@id\":\"https:\\\/\\\/www.fcejs.unsl.edu.ar\\\/#organization\"},\"potentialAction\":[{\"@type\":\"SearchAction\",\"target\":{\"@type\":\"EntryPoint\",\"urlTemplate\":\"https:\\\/\\\/www.fcejs.unsl.edu.ar\\\/?s={search_term_string}\"},\"query-input\":{\"@type\":\"PropertyValueSpecification\",\"valueRequired\":true,\"valueName\":\"search_term_string\"}}],\"inLanguage\":\"es-AR\"},{\"@type\":\"Organization\",\"@id\":\"https:\\\/\\\/www.fcejs.unsl.edu.ar\\\/#organization\",\"name\":\"Facultad de Ciencias Econ\u00f3micas, Jur\u00eddicas y Sociales\",\"url\":\"https:\\\/\\\/www.fcejs.unsl.edu.ar\\\/\",\"logo\":{\"@type\":\"ImageObject\",\"inLanguage\":\"es-AR\",\"@id\":\"https:\\\/\\\/www.fcejs.unsl.edu.ar\\\/#\\\/schema\\\/logo\\\/image\\\/\",\"url\":\"https:\\\/\\\/www.fcejs.unsl.edu.ar\\\/wp-content\\\/uploads\\\/2021\\\/03\\\/logo-1.jpg\",\"contentUrl\":\"https:\\\/\\\/www.fcejs.unsl.edu.ar\\\/wp-content\\\/uploads\\\/2021\\\/03\\\/logo-1.jpg\",\"width\":471,\"height\":146,\"caption\":\"Facultad de Ciencias Econ\u00f3micas, Jur\u00eddicas y Sociales\"},\"image\":{\"@id\":\"https:\\\/\\\/www.fcejs.unsl.edu.ar\\\/#\\\/schema\\\/logo\\\/image\\\/\"},\"sameAs\":[\"https:\\\/\\\/www.facebook.com\\\/FCEJS.UNSL\\\/\",\"https:\\\/\\\/x.com\\\/FCEJSUNSL\",\"https:\\\/\\\/www.instagram.com\\\/fcejs.unsl\\\/\",\"https:\\\/\\\/www.youtube.com\\\/channel\\\/UCH-Ut6EaN_X5ogjIQMPe46g\\\/\"]},{\"@type\":\"Person\",\"@id\":\"https:\\\/\\\/www.fcejs.unsl.edu.ar\\\/#\\\/schema\\\/person\\\/352ee6ed90c3f394c7cb5945f8956d34\",\"name\":\"DATI\"}]}<\/script>\n<!-- \/ Yoast SEO plugin. -->","yoast_head_json":{"title":"Profesionales buscan mejorar la calidad de vida de personas vulnerables de Anchorena - Facultad de Ciencias Econ\u00f3micas, Jur\u00ed\u00addicas y Sociales","robots":{"index":"index","follow":"follow","max-snippet":"max-snippet:-1","max-image-preview":"max-image-preview:large","max-video-preview":"max-video-preview:-1"},"canonical":"https:\/\/www.fcejs.unsl.edu.ar\/index.php\/profesionales-buscan-mejorar-la-calidad-de-vida-de-personas-vulnerables-de-anchorena\/","og_locale":"es_ES","og_type":"article","og_title":"Profesionales buscan mejorar la calidad de vida de personas vulnerables de Anchorena - Facultad de Ciencias Econ\u00f3micas, Jur\u00ed\u00addicas y Sociales","og_description":"Lo hacen a trav\u00e9s de un proyecto de extensi\u00f3n, dirigido por el Mgtr. Juan Norberto Carena, cuyo objetivo es trabajar en las energ\u00edas renovables aplicadas&hellip;","og_url":"https:\/\/www.fcejs.unsl.edu.ar\/index.php\/profesionales-buscan-mejorar-la-calidad-de-vida-de-personas-vulnerables-de-anchorena\/","og_site_name":"Facultad de Ciencias Econ\u00f3micas, Jur\u00ed\u00addicas y Sociales","article_publisher":"https:\/\/www.facebook.com\/FCEJS.UNSL\/","article_published_time":"2022-06-03T15:46:24+00:00","article_modified_time":"2022-06-03T15:47:15+00:00","og_image":[{"width":769,"height":394,"url":"https:\/\/www.fcejs.unsl.edu.ar\/wp-content\/uploads\/2022\/06\/Captura.jpg","type":"image\/jpeg"}],"author":"DATI","twitter_card":"summary_large_image","twitter_creator":"@FCEJSUNSL","twitter_site":"@FCEJSUNSL","twitter_misc":{"Escrito por":"DATI","Tiempo de lectura":"3 minutos"},"schema":{"@context":"https:\/\/schema.org","@graph":[{"@type":"Article","@id":"https:\/\/www.fcejs.unsl.edu.ar\/index.php\/profesionales-buscan-mejorar-la-calidad-de-vida-de-personas-vulnerables-de-anchorena\/#article","isPartOf":{"@id":"https:\/\/www.fcejs.unsl.edu.ar\/index.php\/profesionales-buscan-mejorar-la-calidad-de-vida-de-personas-vulnerables-de-anchorena\/"},"author":{"name":"DATI","@id":"https:\/\/www.fcejs.unsl.edu.ar\/#\/schema\/person\/352ee6ed90c3f394c7cb5945f8956d34"},"headline":"Profesionales buscan mejorar la calidad de vida de personas vulnerables de Anchorena","datePublished":"2022-06-03T15:46:24+00:00","dateModified":"2022-06-03T15:47:15+00:00","mainEntityOfPage":{"@id":"https:\/\/www.fcejs.unsl.edu.ar\/index.php\/profesionales-buscan-mejorar-la-calidad-de-vida-de-personas-vulnerables-de-anchorena\/"},"wordCount":648,"publisher":{"@id":"https:\/\/www.fcejs.unsl.edu.ar\/#organization"},"image":{"@id":"https:\/\/www.fcejs.unsl.edu.ar\/index.php\/profesionales-buscan-mejorar-la-calidad-de-vida-de-personas-vulnerables-de-anchorena\/#primaryimage"},"thumbnailUrl":"https:\/\/www.fcejs.unsl.edu.ar\/wp-content\/uploads\/2022\/06\/Captura.jpg","articleSection":["Noticias"],"inLanguage":"es-AR"},{"@type":"WebPage","@id":"https:\/\/www.fcejs.unsl.edu.ar\/index.php\/profesionales-buscan-mejorar-la-calidad-de-vida-de-personas-vulnerables-de-anchorena\/","url":"https:\/\/www.fcejs.unsl.edu.ar\/index.php\/profesionales-buscan-mejorar-la-calidad-de-vida-de-personas-vulnerables-de-anchorena\/","name":"Profesionales buscan mejorar la calidad de vida de personas vulnerables de Anchorena - Facultad de Ciencias Econ\u00f3micas, Jur\u00ed\u00addicas y Sociales","isPartOf":{"@id":"https:\/\/www.fcejs.unsl.edu.ar\/#website"},"primaryImageOfPage":{"@id":"https:\/\/www.fcejs.unsl.edu.ar\/index.php\/profesionales-buscan-mejorar-la-calidad-de-vida-de-personas-vulnerables-de-anchorena\/#primaryimage"},"image":{"@id":"https:\/\/www.fcejs.unsl.edu.ar\/index.php\/profesionales-buscan-mejorar-la-calidad-de-vida-de-personas-vulnerables-de-anchorena\/#primaryimage"},"thumbnailUrl":"https:\/\/www.fcejs.unsl.edu.ar\/wp-content\/uploads\/2022\/06\/Captura.jpg","datePublished":"2022-06-03T15:46:24+00:00","dateModified":"2022-06-03T15:47:15+00:00","breadcrumb":{"@id":"https:\/\/www.fcejs.unsl.edu.ar\/index.php\/profesionales-buscan-mejorar-la-calidad-de-vida-de-personas-vulnerables-de-anchorena\/#breadcrumb"},"inLanguage":"es-AR","potentialAction":[{"@type":"ReadAction","target":["https:\/\/www.fcejs.unsl.edu.ar\/index.php\/profesionales-buscan-mejorar-la-calidad-de-vida-de-personas-vulnerables-de-anchorena\/"]}]},{"@type":"ImageObject","inLanguage":"es-AR","@id":"https:\/\/www.fcejs.unsl.edu.ar\/index.php\/profesionales-buscan-mejorar-la-calidad-de-vida-de-personas-vulnerables-de-anchorena\/#primaryimage","url":"https:\/\/www.fcejs.unsl.edu.ar\/wp-content\/uploads\/2022\/06\/Captura.jpg","contentUrl":"https:\/\/www.fcejs.unsl.edu.ar\/wp-content\/uploads\/2022\/06\/Captura.jpg","width":769,"height":394},{"@type":"BreadcrumbList","@id":"https:\/\/www.fcejs.unsl.edu.ar\/index.php\/profesionales-buscan-mejorar-la-calidad-de-vida-de-personas-vulnerables-de-anchorena\/#breadcrumb","itemListElement":[{"@type":"ListItem","position":1,"name":"Inicio","item":"https:\/\/www.fcejs.unsl.edu.ar\/"},{"@type":"ListItem","position":2,"name":"Profesionales buscan mejorar la calidad de vida de personas vulnerables de Anchorena"}]},{"@type":"WebSite","@id":"https:\/\/www.fcejs.unsl.edu.ar\/#website","url":"https:\/\/www.fcejs.unsl.edu.ar\/","name":"Facultad de Ciencias Econ\u00f3micas, Jur\u00ed\u00addicas y Sociales","description":"","publisher":{"@id":"https:\/\/www.fcejs.unsl.edu.ar\/#organization"},"potentialAction":[{"@type":"SearchAction","target":{"@type":"EntryPoint","urlTemplate":"https:\/\/www.fcejs.unsl.edu.ar\/?s={search_term_string}"},"query-input":{"@type":"PropertyValueSpecification","valueRequired":true,"valueName":"search_term_string"}}],"inLanguage":"es-AR"},{"@type":"Organization","@id":"https:\/\/www.fcejs.unsl.edu.ar\/#organization","name":"Facultad de Ciencias Econ\u00f3micas, Jur\u00eddicas y Sociales","url":"https:\/\/www.fcejs.unsl.edu.ar\/","logo":{"@type":"ImageObject","inLanguage":"es-AR","@id":"https:\/\/www.fcejs.unsl.edu.ar\/#\/schema\/logo\/image\/","url":"https:\/\/www.fcejs.unsl.edu.ar\/wp-content\/uploads\/2021\/03\/logo-1.jpg","contentUrl":"https:\/\/www.fcejs.unsl.edu.ar\/wp-content\/uploads\/2021\/03\/logo-1.jpg","width":471,"height":146,"caption":"Facultad de Ciencias Econ\u00f3micas, Jur\u00eddicas y Sociales"},"image":{"@id":"https:\/\/www.fcejs.unsl.edu.ar\/#\/schema\/logo\/image\/"},"sameAs":["https:\/\/www.facebook.com\/FCEJS.UNSL\/","https:\/\/x.com\/FCEJSUNSL","https:\/\/www.instagram.com\/fcejs.unsl\/","https:\/\/www.youtube.com\/channel\/UCH-Ut6EaN_X5ogjIQMPe46g\/"]},{"@type":"Person","@id":"https:\/\/www.fcejs.unsl.edu.ar\/#\/schema\/person\/352ee6ed90c3f394c7cb5945f8956d34","name":"DATI"}]}},"jetpack_featured_media_url":"https:\/\/www.fcejs.unsl.edu.ar\/wp-content\/uploads\/2022\/06\/Captura.jpg","_links":{"self":[{"href":"https:\/\/www.fcejs.unsl.edu.ar\/index.php\/wp-json\/wp\/v2\/posts\/8207","targetHints":{"allow":["GET"]}}],"collection":[{"href":"https:\/\/www.fcejs.unsl.edu.ar\/index.php\/wp-json\/wp\/v2\/posts"}],"about":[{"href":"https:\/\/www.fcejs.unsl.edu.ar\/index.php\/wp-json\/wp\/v2\/types\/post"}],"author":[{"embeddable":true,"href":"https:\/\/www.fcejs.unsl.edu.ar\/index.php\/wp-json\/wp\/v2\/users\/9"}],"replies":[{"embeddable":true,"href":"https:\/\/www.fcejs.unsl.edu.ar\/index.php\/wp-json\/wp\/v2\/comments?post=8207"}],"version-history":[{"count":2,"href":"https:\/\/www.fcejs.unsl.edu.ar\/index.php\/wp-json\/wp\/v2\/posts\/8207\/revisions"}],"predecessor-version":[{"id":8210,"href":"https:\/\/www.fcejs.unsl.edu.ar\/index.php\/wp-json\/wp\/v2\/posts\/8207\/revisions\/8210"}],"wp:featuredmedia":[{"embeddable":true,"href":"https:\/\/www.fcejs.unsl.edu.ar\/index.php\/wp-json\/wp\/v2\/media\/8208"}],"wp:attachment":[{"href":"https:\/\/www.fcejs.unsl.edu.ar\/index.php\/wp-json\/wp\/v2\/media?parent=8207"}],"wp:term":[{"taxonomy":"category","embeddable":true,"href":"https:\/\/www.fcejs.unsl.edu.ar\/index.php\/wp-json\/wp\/v2\/categories?post=8207"},{"taxonomy":"post_tag","embeddable":true,"href":"https:\/\/www.fcejs.unsl.edu.ar\/index.php\/wp-json\/wp\/v2\/tags?post=8207"}],"curies":[{"name":"wp","href":"https:\/\/api.w.org\/{rel}","templated":true}]}}