{"id":8197,"date":"2022-06-03T11:36:07","date_gmt":"2022-06-03T14:36:07","guid":{"rendered":"http:\/\/10.101.10.197\/www\/?p=8197"},"modified":"2022-06-08T09:03:24","modified_gmt":"2022-06-08T12:03:24","slug":"participa-de-la-jornada-virtual-por-el-dia-de-la-vinculacion-tecnologica","status":"publish","type":"post","link":"https:\/\/www.fcejs.unsl.edu.ar\/index.php\/participa-de-la-jornada-virtual-por-el-dia-de-la-vinculacion-tecnologica\/","title":{"rendered":"Particip\u00e1 de la jornada virtual por el D\u00eda de la Vinculaci\u00f3n Tecnol\u00f3gica"},"content":{"rendered":"<p>Ser\u00e1 el 3 de junio y estar\u00e1 organizada por la Secretar\u00eda de Vinculaci\u00f3n Tecnol\u00f3gica y Social (SVTyS) de la UNSL. La actividad se realiza por el d\u00eda de la Vinculaci\u00f3n Tecnol\u00f3gica, en homenaje al natalicio del Profesor Jorge S\u00e1bato, correspondiente al 4 de junio.<\/p>\n<p>La jornada se denomina: La Vinculaci\u00f3n y la Transferencia Tecnol\u00f3gica presentes en investigaciones Post Covid y en proyectos orientados a la b\u00fasqueda de soluciones al sector del medioambiente, vitivin\u00edcola y de alimentos. Contar\u00e1 con investigadores\/as de la UNSL, que disertar\u00e1n sobre sus proyectos y la vinculaci\u00f3n tecnol\u00f3gica y social que generaron.<\/p>\n<p><iframe title=\"Jornada Virtual de Vinculaci\u00f3n Tecnol\u00f3gica y Social de la Universidad Nacional de San Luis.\" width=\"843\" height=\"474\" src=\"https:\/\/www.youtube.com\/embed\/hlxQHMRL274?feature=oembed\" frameborder=\"0\" allow=\"accelerometer; autoplay; clipboard-write; encrypted-media; gyroscope; picture-in-picture\" allowfullscreen><\/iframe><\/p>\n<p><strong>Disertaciones<\/strong><\/p>\n<p>La vinculaci\u00f3n y transferencia tecnol\u00f3gica y social como parte del proceso de construcci\u00f3n de conocimiento, a cargo de la Mgtr. Silvina Galetto, de la Secretar\u00eda de Investigaci\u00f3n y Posgrado de la Facultad de Ciencias Econ\u00f3micas, Jur\u00eddicas y Sociales (FCEJS) \u2013 UNSL.<\/p>\n<p>Vigilancia de Variantes de SARS Cov2 mediante PCR Disertante, a cargo del Dr. Maximiliano Juri Ayub, del \u00c1rea de Biolog\u00eda Molecular de la Facultad de Qu\u00edmica Bioqu\u00edmica y Farmacia (FQByF) \u2013 UNSL.<\/p>\n<p>Diagn\u00f3stico y Psicoterapia en tiempos de pandemia por COVID-19. Perspectiva de profesionales de salud mental, a cargo de la Dra. Alejandra Taborda, de la Secretar\u00eda de Relaciones Interinstitucionales de la Facultad de Psicolog\u00eda (FaPsi) \u2013 UNSL<\/p>\n<p>FOTOFLIT, sanitizante natural, a cargo del Dr. Mat\u00edas Funes del \u00c1rea Farmacognosia de la Facultad de Qu\u00edmica Bioqu\u00edmica y Farmacia (FQByF) \u2013 UNSL \u2013 IMIBIO.<\/p>\n<p>Desarrollo de biofertilizantes para la soluci\u00f3n de problem\u00e1ticas aplicadas al sector vitivin\u00edcola, a cargo de la Dra. Y\u00e9sica Lambrese, de la Facultad de Qu\u00edmica, Bioqu\u00edmica y Farmacia (FQByF) \u2013 UNSL<\/p>\n<p>Productos alimenticios proteicos destinados a la lucha contra la desnutrici\u00f3n, de la Dra. Laura Rodr\u00edguez Furl\u00e1n a cargo de la Facultad de Qu\u00edmica Bioqu\u00edmica y Farmacia (FQByF) \u2013 CONICET.<\/p>\n<p>Quienes deseen acceder a la producci\u00f3n audiovisual con las disertaciones, deber\u00e1n ingresar el 3 de junio a las 8:00 horas al siguiente<a href=\"https:\/\/www.youtube.com\/watch?v=hlxQHMRL274\"> link<\/a>. En la producci\u00f3n estar\u00e1n adem\u00e1s las palabras de agradecimiento de parte del Dr. Mart\u00edn Fern\u00e1ndez Baldo y del Vicerrector Mg. H\u00e9ctor Flores.<\/p>\n<p><strong>Dato<\/strong><\/p>\n<p>La semana de la Vinculaci\u00f3n Tecnol\u00f3gica est\u00e1 organizada por el Consejo Interuniversitario Nacional (CIN) perteneciente a la Red de vinculaci\u00f3n tecnol\u00f3gica de las Universidades Nacionales de Argentina (RedVITEC), y tendr\u00e1 lugar entre el 3 y el 10 de junio respectivamente, donde habr\u00e1 universidades que desarrollen actividades presenciales y virtuales.<\/p>\n<p>Fuente: Secretar\u00eda de Vinculaci\u00f3n Tecnol\u00f3gica y Social<\/p>\n<p>Foto: extra\u00edda de la web<\/p>\n","protected":false},"excerpt":{"rendered":"<p>Ser\u00e1 el 3 de junio y estar\u00e1 organizada por la Secretar\u00eda de Vinculaci\u00f3n Tecnol\u00f3gica y Social (SVTyS) de la UNSL. La actividad se realiza por&hellip;<\/p>\n","protected":false},"author":9,"featured_media":8198,"comment_status":"closed","ping_status":"closed","sticky":false,"template":"","format":"standard","meta":{"om_disable_all_campaigns":false,"_monsterinsights_skip_tracking":false,"_monsterinsights_sitenote_active":false,"_monsterinsights_sitenote_note":"","_monsterinsights_sitenote_category":0,"footnotes":""},"categories":[1],"tags":[],"class_list":["post-8197","post","type-post","status-publish","format-standard","has-post-thumbnail","hentry","category-noticias"],"yoast_head":"<!-- This site is optimized with the Yoast SEO plugin v27.5 - https:\/\/yoast.com\/product\/yoast-seo-wordpress\/ -->\n<title>Particip\u00e1 de la jornada virtual por el D\u00eda de la Vinculaci\u00f3n Tecnol\u00f3gica - Facultad de Ciencias Econ\u00f3micas, Jur\u00ed\u00addicas y Sociales<\/title>\n<meta name=\"robots\" content=\"index, follow, max-snippet:-1, max-image-preview:large, max-video-preview:-1\" \/>\n<link rel=\"canonical\" href=\"https:\/\/www.fcejs.unsl.edu.ar\/index.php\/participa-de-la-jornada-virtual-por-el-dia-de-la-vinculacion-tecnologica\/\" \/>\n<meta property=\"og:locale\" content=\"es_ES\" \/>\n<meta property=\"og:type\" content=\"article\" \/>\n<meta property=\"og:title\" content=\"Particip\u00e1 de la jornada virtual por el D\u00eda de la Vinculaci\u00f3n Tecnol\u00f3gica - Facultad de Ciencias Econ\u00f3micas, Jur\u00ed\u00addicas y Sociales\" \/>\n<meta property=\"og:description\" content=\"Ser\u00e1 el 3 de junio y estar\u00e1 organizada por la Secretar\u00eda de Vinculaci\u00f3n Tecnol\u00f3gica y Social (SVTyS) de la UNSL. La actividad se realiza por&hellip;\" \/>\n<meta property=\"og:url\" content=\"https:\/\/www.fcejs.unsl.edu.ar\/index.php\/participa-de-la-jornada-virtual-por-el-dia-de-la-vinculacion-tecnologica\/\" \/>\n<meta property=\"og:site_name\" content=\"Facultad de Ciencias Econ\u00f3micas, Jur\u00ed\u00addicas y Sociales\" \/>\n<meta property=\"article:publisher\" content=\"https:\/\/www.facebook.com\/FCEJS.UNSL\/\" \/>\n<meta property=\"article:published_time\" content=\"2022-06-03T14:36:07+00:00\" \/>\n<meta property=\"article:modified_time\" content=\"2022-06-08T12:03:24+00:00\" \/>\n<meta property=\"og:image\" content=\"https:\/\/www.fcejs.unsl.edu.ar\/wp-content\/uploads\/2022\/06\/UNAJ-PISAC.jpg\" \/>\n\t<meta property=\"og:image:width\" content=\"680\" \/>\n\t<meta property=\"og:image:height\" content=\"382\" \/>\n\t<meta property=\"og:image:type\" content=\"image\/jpeg\" \/>\n<meta name=\"author\" content=\"DATI\" \/>\n<meta name=\"twitter:card\" content=\"summary_large_image\" \/>\n<meta name=\"twitter:creator\" content=\"@FCEJSUNSL\" \/>\n<meta name=\"twitter:site\" content=\"@FCEJSUNSL\" \/>\n<meta name=\"twitter:label1\" content=\"Escrito por\" \/>\n\t<meta name=\"twitter:data1\" content=\"DATI\" \/>\n\t<meta name=\"twitter:label2\" content=\"Tiempo de lectura\" \/>\n\t<meta name=\"twitter:data2\" content=\"2 minutos\" \/>\n<script type=\"application\/ld+json\" class=\"yoast-schema-graph\">{\"@context\":\"https:\\\/\\\/schema.org\",\"@graph\":[{\"@type\":\"Article\",\"@id\":\"https:\\\/\\\/www.fcejs.unsl.edu.ar\\\/index.php\\\/participa-de-la-jornada-virtual-por-el-dia-de-la-vinculacion-tecnologica\\\/#article\",\"isPartOf\":{\"@id\":\"https:\\\/\\\/www.fcejs.unsl.edu.ar\\\/index.php\\\/participa-de-la-jornada-virtual-por-el-dia-de-la-vinculacion-tecnologica\\\/\"},\"author\":{\"name\":\"DATI\",\"@id\":\"https:\\\/\\\/www.fcejs.unsl.edu.ar\\\/#\\\/schema\\\/person\\\/352ee6ed90c3f394c7cb5945f8956d34\"},\"headline\":\"Particip\u00e1 de la jornada virtual por el D\u00eda de la Vinculaci\u00f3n Tecnol\u00f3gica\",\"datePublished\":\"2022-06-03T14:36:07+00:00\",\"dateModified\":\"2022-06-08T12:03:24+00:00\",\"mainEntityOfPage\":{\"@id\":\"https:\\\/\\\/www.fcejs.unsl.edu.ar\\\/index.php\\\/participa-de-la-jornada-virtual-por-el-dia-de-la-vinculacion-tecnologica\\\/\"},\"wordCount\":462,\"publisher\":{\"@id\":\"https:\\\/\\\/www.fcejs.unsl.edu.ar\\\/#organization\"},\"image\":{\"@id\":\"https:\\\/\\\/www.fcejs.unsl.edu.ar\\\/index.php\\\/participa-de-la-jornada-virtual-por-el-dia-de-la-vinculacion-tecnologica\\\/#primaryimage\"},\"thumbnailUrl\":\"https:\\\/\\\/www.fcejs.unsl.edu.ar\\\/wp-content\\\/uploads\\\/2022\\\/06\\\/UNAJ-PISAC.jpg\",\"articleSection\":[\"Noticias\"],\"inLanguage\":\"es-AR\"},{\"@type\":\"WebPage\",\"@id\":\"https:\\\/\\\/www.fcejs.unsl.edu.ar\\\/index.php\\\/participa-de-la-jornada-virtual-por-el-dia-de-la-vinculacion-tecnologica\\\/\",\"url\":\"https:\\\/\\\/www.fcejs.unsl.edu.ar\\\/index.php\\\/participa-de-la-jornada-virtual-por-el-dia-de-la-vinculacion-tecnologica\\\/\",\"name\":\"Particip\u00e1 de la jornada virtual por el D\u00eda de la Vinculaci\u00f3n Tecnol\u00f3gica - Facultad de Ciencias Econ\u00f3micas, Jur\u00ed\u00addicas y Sociales\",\"isPartOf\":{\"@id\":\"https:\\\/\\\/www.fcejs.unsl.edu.ar\\\/#website\"},\"primaryImageOfPage\":{\"@id\":\"https:\\\/\\\/www.fcejs.unsl.edu.ar\\\/index.php\\\/participa-de-la-jornada-virtual-por-el-dia-de-la-vinculacion-tecnologica\\\/#primaryimage\"},\"image\":{\"@id\":\"https:\\\/\\\/www.fcejs.unsl.edu.ar\\\/index.php\\\/participa-de-la-jornada-virtual-por-el-dia-de-la-vinculacion-tecnologica\\\/#primaryimage\"},\"thumbnailUrl\":\"https:\\\/\\\/www.fcejs.unsl.edu.ar\\\/wp-content\\\/uploads\\\/2022\\\/06\\\/UNAJ-PISAC.jpg\",\"datePublished\":\"2022-06-03T14:36:07+00:00\",\"dateModified\":\"2022-06-08T12:03:24+00:00\",\"breadcrumb\":{\"@id\":\"https:\\\/\\\/www.fcejs.unsl.edu.ar\\\/index.php\\\/participa-de-la-jornada-virtual-por-el-dia-de-la-vinculacion-tecnologica\\\/#breadcrumb\"},\"inLanguage\":\"es-AR\",\"potentialAction\":[{\"@type\":\"ReadAction\",\"target\":[\"https:\\\/\\\/www.fcejs.unsl.edu.ar\\\/index.php\\\/participa-de-la-jornada-virtual-por-el-dia-de-la-vinculacion-tecnologica\\\/\"]}]},{\"@type\":\"ImageObject\",\"inLanguage\":\"es-AR\",\"@id\":\"https:\\\/\\\/www.fcejs.unsl.edu.ar\\\/index.php\\\/participa-de-la-jornada-virtual-por-el-dia-de-la-vinculacion-tecnologica\\\/#primaryimage\",\"url\":\"https:\\\/\\\/www.fcejs.unsl.edu.ar\\\/wp-content\\\/uploads\\\/2022\\\/06\\\/UNAJ-PISAC.jpg\",\"contentUrl\":\"https:\\\/\\\/www.fcejs.unsl.edu.ar\\\/wp-content\\\/uploads\\\/2022\\\/06\\\/UNAJ-PISAC.jpg\",\"width\":680,\"height\":382},{\"@type\":\"BreadcrumbList\",\"@id\":\"https:\\\/\\\/www.fcejs.unsl.edu.ar\\\/index.php\\\/participa-de-la-jornada-virtual-por-el-dia-de-la-vinculacion-tecnologica\\\/#breadcrumb\",\"itemListElement\":[{\"@type\":\"ListItem\",\"position\":1,\"name\":\"Inicio\",\"item\":\"https:\\\/\\\/www.fcejs.unsl.edu.ar\\\/\"},{\"@type\":\"ListItem\",\"position\":2,\"name\":\"Particip\u00e1 de la jornada virtual por el D\u00eda de la Vinculaci\u00f3n Tecnol\u00f3gica\"}]},{\"@type\":\"WebSite\",\"@id\":\"https:\\\/\\\/www.fcejs.unsl.edu.ar\\\/#website\",\"url\":\"https:\\\/\\\/www.fcejs.unsl.edu.ar\\\/\",\"name\":\"Facultad de Ciencias Econ\u00f3micas, Jur\u00ed\u00addicas y Sociales\",\"description\":\"\",\"publisher\":{\"@id\":\"https:\\\/\\\/www.fcejs.unsl.edu.ar\\\/#organization\"},\"potentialAction\":[{\"@type\":\"SearchAction\",\"target\":{\"@type\":\"EntryPoint\",\"urlTemplate\":\"https:\\\/\\\/www.fcejs.unsl.edu.ar\\\/?s={search_term_string}\"},\"query-input\":{\"@type\":\"PropertyValueSpecification\",\"valueRequired\":true,\"valueName\":\"search_term_string\"}}],\"inLanguage\":\"es-AR\"},{\"@type\":\"Organization\",\"@id\":\"https:\\\/\\\/www.fcejs.unsl.edu.ar\\\/#organization\",\"name\":\"Facultad de Ciencias Econ\u00f3micas, Jur\u00eddicas y Sociales\",\"url\":\"https:\\\/\\\/www.fcejs.unsl.edu.ar\\\/\",\"logo\":{\"@type\":\"ImageObject\",\"inLanguage\":\"es-AR\",\"@id\":\"https:\\\/\\\/www.fcejs.unsl.edu.ar\\\/#\\\/schema\\\/logo\\\/image\\\/\",\"url\":\"https:\\\/\\\/www.fcejs.unsl.edu.ar\\\/wp-content\\\/uploads\\\/2021\\\/03\\\/logo-1.jpg\",\"contentUrl\":\"https:\\\/\\\/www.fcejs.unsl.edu.ar\\\/wp-content\\\/uploads\\\/2021\\\/03\\\/logo-1.jpg\",\"width\":471,\"height\":146,\"caption\":\"Facultad de Ciencias Econ\u00f3micas, Jur\u00eddicas y Sociales\"},\"image\":{\"@id\":\"https:\\\/\\\/www.fcejs.unsl.edu.ar\\\/#\\\/schema\\\/logo\\\/image\\\/\"},\"sameAs\":[\"https:\\\/\\\/www.facebook.com\\\/FCEJS.UNSL\\\/\",\"https:\\\/\\\/x.com\\\/FCEJSUNSL\",\"https:\\\/\\\/www.instagram.com\\\/fcejs.unsl\\\/\",\"https:\\\/\\\/www.youtube.com\\\/channel\\\/UCH-Ut6EaN_X5ogjIQMPe46g\\\/\"]},{\"@type\":\"Person\",\"@id\":\"https:\\\/\\\/www.fcejs.unsl.edu.ar\\\/#\\\/schema\\\/person\\\/352ee6ed90c3f394c7cb5945f8956d34\",\"name\":\"DATI\"}]}<\/script>\n<!-- \/ Yoast SEO plugin. -->","yoast_head_json":{"title":"Particip\u00e1 de la jornada virtual por el D\u00eda de la Vinculaci\u00f3n Tecnol\u00f3gica - Facultad de Ciencias Econ\u00f3micas, Jur\u00ed\u00addicas y Sociales","robots":{"index":"index","follow":"follow","max-snippet":"max-snippet:-1","max-image-preview":"max-image-preview:large","max-video-preview":"max-video-preview:-1"},"canonical":"https:\/\/www.fcejs.unsl.edu.ar\/index.php\/participa-de-la-jornada-virtual-por-el-dia-de-la-vinculacion-tecnologica\/","og_locale":"es_ES","og_type":"article","og_title":"Particip\u00e1 de la jornada virtual por el D\u00eda de la Vinculaci\u00f3n Tecnol\u00f3gica - Facultad de Ciencias Econ\u00f3micas, Jur\u00ed\u00addicas y Sociales","og_description":"Ser\u00e1 el 3 de junio y estar\u00e1 organizada por la Secretar\u00eda de Vinculaci\u00f3n Tecnol\u00f3gica y Social (SVTyS) de la UNSL. La actividad se realiza por&hellip;","og_url":"https:\/\/www.fcejs.unsl.edu.ar\/index.php\/participa-de-la-jornada-virtual-por-el-dia-de-la-vinculacion-tecnologica\/","og_site_name":"Facultad de Ciencias Econ\u00f3micas, Jur\u00ed\u00addicas y Sociales","article_publisher":"https:\/\/www.facebook.com\/FCEJS.UNSL\/","article_published_time":"2022-06-03T14:36:07+00:00","article_modified_time":"2022-06-08T12:03:24+00:00","og_image":[{"width":680,"height":382,"url":"https:\/\/www.fcejs.unsl.edu.ar\/wp-content\/uploads\/2022\/06\/UNAJ-PISAC.jpg","type":"image\/jpeg"}],"author":"DATI","twitter_card":"summary_large_image","twitter_creator":"@FCEJSUNSL","twitter_site":"@FCEJSUNSL","twitter_misc":{"Escrito por":"DATI","Tiempo de lectura":"2 minutos"},"schema":{"@context":"https:\/\/schema.org","@graph":[{"@type":"Article","@id":"https:\/\/www.fcejs.unsl.edu.ar\/index.php\/participa-de-la-jornada-virtual-por-el-dia-de-la-vinculacion-tecnologica\/#article","isPartOf":{"@id":"https:\/\/www.fcejs.unsl.edu.ar\/index.php\/participa-de-la-jornada-virtual-por-el-dia-de-la-vinculacion-tecnologica\/"},"author":{"name":"DATI","@id":"https:\/\/www.fcejs.unsl.edu.ar\/#\/schema\/person\/352ee6ed90c3f394c7cb5945f8956d34"},"headline":"Particip\u00e1 de la jornada virtual por el D\u00eda de la Vinculaci\u00f3n Tecnol\u00f3gica","datePublished":"2022-06-03T14:36:07+00:00","dateModified":"2022-06-08T12:03:24+00:00","mainEntityOfPage":{"@id":"https:\/\/www.fcejs.unsl.edu.ar\/index.php\/participa-de-la-jornada-virtual-por-el-dia-de-la-vinculacion-tecnologica\/"},"wordCount":462,"publisher":{"@id":"https:\/\/www.fcejs.unsl.edu.ar\/#organization"},"image":{"@id":"https:\/\/www.fcejs.unsl.edu.ar\/index.php\/participa-de-la-jornada-virtual-por-el-dia-de-la-vinculacion-tecnologica\/#primaryimage"},"thumbnailUrl":"https:\/\/www.fcejs.unsl.edu.ar\/wp-content\/uploads\/2022\/06\/UNAJ-PISAC.jpg","articleSection":["Noticias"],"inLanguage":"es-AR"},{"@type":"WebPage","@id":"https:\/\/www.fcejs.unsl.edu.ar\/index.php\/participa-de-la-jornada-virtual-por-el-dia-de-la-vinculacion-tecnologica\/","url":"https:\/\/www.fcejs.unsl.edu.ar\/index.php\/participa-de-la-jornada-virtual-por-el-dia-de-la-vinculacion-tecnologica\/","name":"Particip\u00e1 de la jornada virtual por el D\u00eda de la Vinculaci\u00f3n Tecnol\u00f3gica - Facultad de Ciencias Econ\u00f3micas, Jur\u00ed\u00addicas y Sociales","isPartOf":{"@id":"https:\/\/www.fcejs.unsl.edu.ar\/#website"},"primaryImageOfPage":{"@id":"https:\/\/www.fcejs.unsl.edu.ar\/index.php\/participa-de-la-jornada-virtual-por-el-dia-de-la-vinculacion-tecnologica\/#primaryimage"},"image":{"@id":"https:\/\/www.fcejs.unsl.edu.ar\/index.php\/participa-de-la-jornada-virtual-por-el-dia-de-la-vinculacion-tecnologica\/#primaryimage"},"thumbnailUrl":"https:\/\/www.fcejs.unsl.edu.ar\/wp-content\/uploads\/2022\/06\/UNAJ-PISAC.jpg","datePublished":"2022-06-03T14:36:07+00:00","dateModified":"2022-06-08T12:03:24+00:00","breadcrumb":{"@id":"https:\/\/www.fcejs.unsl.edu.ar\/index.php\/participa-de-la-jornada-virtual-por-el-dia-de-la-vinculacion-tecnologica\/#breadcrumb"},"inLanguage":"es-AR","potentialAction":[{"@type":"ReadAction","target":["https:\/\/www.fcejs.unsl.edu.ar\/index.php\/participa-de-la-jornada-virtual-por-el-dia-de-la-vinculacion-tecnologica\/"]}]},{"@type":"ImageObject","inLanguage":"es-AR","@id":"https:\/\/www.fcejs.unsl.edu.ar\/index.php\/participa-de-la-jornada-virtual-por-el-dia-de-la-vinculacion-tecnologica\/#primaryimage","url":"https:\/\/www.fcejs.unsl.edu.ar\/wp-content\/uploads\/2022\/06\/UNAJ-PISAC.jpg","contentUrl":"https:\/\/www.fcejs.unsl.edu.ar\/wp-content\/uploads\/2022\/06\/UNAJ-PISAC.jpg","width":680,"height":382},{"@type":"BreadcrumbList","@id":"https:\/\/www.fcejs.unsl.edu.ar\/index.php\/participa-de-la-jornada-virtual-por-el-dia-de-la-vinculacion-tecnologica\/#breadcrumb","itemListElement":[{"@type":"ListItem","position":1,"name":"Inicio","item":"https:\/\/www.fcejs.unsl.edu.ar\/"},{"@type":"ListItem","position":2,"name":"Particip\u00e1 de la jornada virtual por el D\u00eda de la Vinculaci\u00f3n Tecnol\u00f3gica"}]},{"@type":"WebSite","@id":"https:\/\/www.fcejs.unsl.edu.ar\/#website","url":"https:\/\/www.fcejs.unsl.edu.ar\/","name":"Facultad de Ciencias Econ\u00f3micas, Jur\u00ed\u00addicas y Sociales","description":"","publisher":{"@id":"https:\/\/www.fcejs.unsl.edu.ar\/#organization"},"potentialAction":[{"@type":"SearchAction","target":{"@type":"EntryPoint","urlTemplate":"https:\/\/www.fcejs.unsl.edu.ar\/?s={search_term_string}"},"query-input":{"@type":"PropertyValueSpecification","valueRequired":true,"valueName":"search_term_string"}}],"inLanguage":"es-AR"},{"@type":"Organization","@id":"https:\/\/www.fcejs.unsl.edu.ar\/#organization","name":"Facultad de Ciencias Econ\u00f3micas, Jur\u00eddicas y Sociales","url":"https:\/\/www.fcejs.unsl.edu.ar\/","logo":{"@type":"ImageObject","inLanguage":"es-AR","@id":"https:\/\/www.fcejs.unsl.edu.ar\/#\/schema\/logo\/image\/","url":"https:\/\/www.fcejs.unsl.edu.ar\/wp-content\/uploads\/2021\/03\/logo-1.jpg","contentUrl":"https:\/\/www.fcejs.unsl.edu.ar\/wp-content\/uploads\/2021\/03\/logo-1.jpg","width":471,"height":146,"caption":"Facultad de Ciencias Econ\u00f3micas, Jur\u00eddicas y Sociales"},"image":{"@id":"https:\/\/www.fcejs.unsl.edu.ar\/#\/schema\/logo\/image\/"},"sameAs":["https:\/\/www.facebook.com\/FCEJS.UNSL\/","https:\/\/x.com\/FCEJSUNSL","https:\/\/www.instagram.com\/fcejs.unsl\/","https:\/\/www.youtube.com\/channel\/UCH-Ut6EaN_X5ogjIQMPe46g\/"]},{"@type":"Person","@id":"https:\/\/www.fcejs.unsl.edu.ar\/#\/schema\/person\/352ee6ed90c3f394c7cb5945f8956d34","name":"DATI"}]}},"jetpack_featured_media_url":"https:\/\/www.fcejs.unsl.edu.ar\/wp-content\/uploads\/2022\/06\/UNAJ-PISAC.jpg","_links":{"self":[{"href":"https:\/\/www.fcejs.unsl.edu.ar\/index.php\/wp-json\/wp\/v2\/posts\/8197","targetHints":{"allow":["GET"]}}],"collection":[{"href":"https:\/\/www.fcejs.unsl.edu.ar\/index.php\/wp-json\/wp\/v2\/posts"}],"about":[{"href":"https:\/\/www.fcejs.unsl.edu.ar\/index.php\/wp-json\/wp\/v2\/types\/post"}],"author":[{"embeddable":true,"href":"https:\/\/www.fcejs.unsl.edu.ar\/index.php\/wp-json\/wp\/v2\/users\/9"}],"replies":[{"embeddable":true,"href":"https:\/\/www.fcejs.unsl.edu.ar\/index.php\/wp-json\/wp\/v2\/comments?post=8197"}],"version-history":[{"count":2,"href":"https:\/\/www.fcejs.unsl.edu.ar\/index.php\/wp-json\/wp\/v2\/posts\/8197\/revisions"}],"predecessor-version":[{"id":8211,"href":"https:\/\/www.fcejs.unsl.edu.ar\/index.php\/wp-json\/wp\/v2\/posts\/8197\/revisions\/8211"}],"wp:featuredmedia":[{"embeddable":true,"href":"https:\/\/www.fcejs.unsl.edu.ar\/index.php\/wp-json\/wp\/v2\/media\/8198"}],"wp:attachment":[{"href":"https:\/\/www.fcejs.unsl.edu.ar\/index.php\/wp-json\/wp\/v2\/media?parent=8197"}],"wp:term":[{"taxonomy":"category","embeddable":true,"href":"https:\/\/www.fcejs.unsl.edu.ar\/index.php\/wp-json\/wp\/v2\/categories?post=8197"},{"taxonomy":"post_tag","embeddable":true,"href":"https:\/\/www.fcejs.unsl.edu.ar\/index.php\/wp-json\/wp\/v2\/tags?post=8197"}],"curies":[{"name":"wp","href":"https:\/\/api.w.org\/{rel}","templated":true}]}}