{"id":8188,"date":"2022-06-03T09:48:05","date_gmt":"2022-06-03T12:48:05","guid":{"rendered":"http:\/\/10.101.10.197\/www\/?p=8188"},"modified":"2022-06-03T09:48:05","modified_gmt":"2022-06-03T12:48:05","slug":"svts-noveno-congreso-internacional-de-la-red-universidad-empresa-alcue","status":"publish","type":"post","link":"https:\/\/www.fcejs.unsl.edu.ar\/index.php\/svts-noveno-congreso-internacional-de-la-red-universidad-empresa-alcue\/","title":{"rendered":"SVTS: Noveno Congreso Internacional de la Red Universidad-Empresa ALCUE"},"content":{"rendered":"<p>La Secretar\u00eda de Vinculaci\u00f3n Tecnol\u00f3gica y Social UNSL informa que la Red Universidad-Empresa ALCUE, conjuntamente con la Universidad de Guadalajara (UdeG) y la Uni\u00f3n de Universidades de Am\u00e9rica Latina y el Caribe (UDUAL), convocan a participar en el Noveno Congreso Internacional de la Red Universidad-Empresa ALCUE, bajo el lema \u201cLas universidades y sus respuestas innovadoras a los sectores socio- productivos ante los desaf\u00edos actuales\u201d.<\/p>\n<p>La convocatoria est\u00e1 dirigida a especialistas acad\u00e9micos, interesados del mundo empresarial y gubernamental. La participaci\u00f3n puede realizarse de manera presencial o virtual, presentando ponencias en las mesas tem\u00e1ticas o como asistentes a las distintas actividades del Congreso.<\/p>\n<p>EJES TEM\u00c1TICOS:<\/p>\n<p>&#8211; Respuestas de las universidades ante los desaf\u00edos actuales<\/p>\n<p>&#8211; Vinculaci\u00f3n para la transferencia tecnol\u00f3gica<\/p>\n<p>&#8211; Estructura y gobernanza de la vinculaci\u00f3n de la universidad con los sectores productivos<\/p>\n<p>&#8211; Promoci\u00f3n del Emprendimiento<\/p>\n<p>&#8211; Inserci\u00f3n laboral y empleabilidad de los egresados universitarios<\/p>\n<p>&#8211; Estrategias regionales para la innovaci\u00f3n<\/p>\n<p>&#8211; Universidades y Econom\u00eda circular<\/p>\n<p>Fecha l\u00edmite de recepci\u00f3n de ponencias: 31 de agosto de 2022<\/p>\n<p>Sobre el Congreso<\/p>\n<p>Se llevar\u00e1 a cabo los d\u00edas 25, 26, 27 y 28 de octubre de 2022 en modalidad h\u00edbrida (presencial y virtual). Su sede ser\u00e1 la Universidad de Guadalajara, M\u00e9xico.<\/p>\n<p>Su p\u00fablico objetivo son expertos, gestores, investigadores, docentes y estudiantes interesados, desde distintas perspectivas, en las relaciones de las universidades con los sectores productivos. Se busca propiciar el intercambio de conocimientos y experiencias entre pares, pensado y dinamizado la reflexi\u00f3n profunda, cr\u00edtica y comprometida.<\/p>\n<p>Organizan: Red Universidad-Empresa ALCUE, Universidad de Guadalajara (UdeG) y Uni\u00f3n de Universidades de Am\u00e9rica Latina y el Caribe (UDUAL).<\/p>\n<p>Para mayor informaci\u00f3n, ingresar a: http:\/\/novenocongreso.redue-alcue.org\/<\/p>\n","protected":false},"excerpt":{"rendered":"<p>La Secretar\u00eda de Vinculaci\u00f3n Tecnol\u00f3gica y Social UNSL informa que la Red Universidad-Empresa ALCUE, conjuntamente con la Universidad de Guadalajara (UdeG) y la Uni\u00f3n de&hellip;<\/p>\n","protected":false},"author":9,"featured_media":8189,"comment_status":"closed","ping_status":"closed","sticky":false,"template":"","format":"standard","meta":{"om_disable_all_campaigns":false,"_monsterinsights_skip_tracking":false,"_monsterinsights_sitenote_active":false,"_monsterinsights_sitenote_note":"","_monsterinsights_sitenote_category":0,"footnotes":""},"categories":[1],"tags":[],"class_list":["post-8188","post","type-post","status-publish","format-standard","has-post-thumbnail","hentry","category-noticias"],"yoast_head":"<!-- This site is optimized with the Yoast SEO plugin v27.5 - https:\/\/yoast.com\/product\/yoast-seo-wordpress\/ -->\n<title>SVTS: Noveno Congreso Internacional de la Red Universidad-Empresa ALCUE - Facultad de Ciencias Econ\u00f3micas, Jur\u00ed\u00addicas y Sociales<\/title>\n<meta name=\"robots\" content=\"index, follow, max-snippet:-1, max-image-preview:large, max-video-preview:-1\" \/>\n<link rel=\"canonical\" href=\"https:\/\/www.fcejs.unsl.edu.ar\/index.php\/svts-noveno-congreso-internacional-de-la-red-universidad-empresa-alcue\/\" \/>\n<meta property=\"og:locale\" content=\"es_ES\" \/>\n<meta property=\"og:type\" content=\"article\" \/>\n<meta property=\"og:title\" content=\"SVTS: Noveno Congreso Internacional de la Red Universidad-Empresa ALCUE - Facultad de Ciencias Econ\u00f3micas, Jur\u00ed\u00addicas y Sociales\" \/>\n<meta property=\"og:description\" content=\"La Secretar\u00eda de Vinculaci\u00f3n Tecnol\u00f3gica y Social UNSL informa que la Red Universidad-Empresa ALCUE, conjuntamente con la Universidad de Guadalajara (UdeG) y la Uni\u00f3n de&hellip;\" \/>\n<meta property=\"og:url\" content=\"https:\/\/www.fcejs.unsl.edu.ar\/index.php\/svts-noveno-congreso-internacional-de-la-red-universidad-empresa-alcue\/\" \/>\n<meta property=\"og:site_name\" content=\"Facultad de Ciencias Econ\u00f3micas, Jur\u00ed\u00addicas y Sociales\" \/>\n<meta property=\"article:publisher\" content=\"https:\/\/www.facebook.com\/FCEJS.UNSL\/\" \/>\n<meta property=\"article:published_time\" content=\"2022-06-03T12:48:05+00:00\" \/>\n<meta property=\"og:image\" content=\"https:\/\/www.fcejs.unsl.edu.ar\/wp-content\/uploads\/2022\/06\/CONGRESO-RECUE-ALCUE.jpg\" \/>\n\t<meta property=\"og:image:width\" content=\"920\" \/>\n\t<meta property=\"og:image:height\" content=\"510\" \/>\n\t<meta property=\"og:image:type\" content=\"image\/jpeg\" \/>\n<meta name=\"author\" content=\"DATI\" \/>\n<meta name=\"twitter:card\" content=\"summary_large_image\" \/>\n<meta name=\"twitter:creator\" content=\"@FCEJSUNSL\" \/>\n<meta name=\"twitter:site\" content=\"@FCEJSUNSL\" \/>\n<meta name=\"twitter:label1\" content=\"Escrito por\" \/>\n\t<meta name=\"twitter:data1\" content=\"DATI\" \/>\n\t<meta name=\"twitter:label2\" content=\"Tiempo de lectura\" \/>\n\t<meta name=\"twitter:data2\" content=\"2 minutos\" \/>\n<script type=\"application\/ld+json\" class=\"yoast-schema-graph\">{\"@context\":\"https:\\\/\\\/schema.org\",\"@graph\":[{\"@type\":\"Article\",\"@id\":\"https:\\\/\\\/www.fcejs.unsl.edu.ar\\\/index.php\\\/svts-noveno-congreso-internacional-de-la-red-universidad-empresa-alcue\\\/#article\",\"isPartOf\":{\"@id\":\"https:\\\/\\\/www.fcejs.unsl.edu.ar\\\/index.php\\\/svts-noveno-congreso-internacional-de-la-red-universidad-empresa-alcue\\\/\"},\"author\":{\"name\":\"DATI\",\"@id\":\"https:\\\/\\\/www.fcejs.unsl.edu.ar\\\/#\\\/schema\\\/person\\\/352ee6ed90c3f394c7cb5945f8956d34\"},\"headline\":\"SVTS: Noveno Congreso Internacional de la Red Universidad-Empresa ALCUE\",\"datePublished\":\"2022-06-03T12:48:05+00:00\",\"mainEntityOfPage\":{\"@id\":\"https:\\\/\\\/www.fcejs.unsl.edu.ar\\\/index.php\\\/svts-noveno-congreso-internacional-de-la-red-universidad-empresa-alcue\\\/\"},\"wordCount\":302,\"publisher\":{\"@id\":\"https:\\\/\\\/www.fcejs.unsl.edu.ar\\\/#organization\"},\"image\":{\"@id\":\"https:\\\/\\\/www.fcejs.unsl.edu.ar\\\/index.php\\\/svts-noveno-congreso-internacional-de-la-red-universidad-empresa-alcue\\\/#primaryimage\"},\"thumbnailUrl\":\"https:\\\/\\\/www.fcejs.unsl.edu.ar\\\/wp-content\\\/uploads\\\/2022\\\/06\\\/CONGRESO-RECUE-ALCUE.jpg\",\"articleSection\":[\"Noticias\"],\"inLanguage\":\"es-AR\"},{\"@type\":\"WebPage\",\"@id\":\"https:\\\/\\\/www.fcejs.unsl.edu.ar\\\/index.php\\\/svts-noveno-congreso-internacional-de-la-red-universidad-empresa-alcue\\\/\",\"url\":\"https:\\\/\\\/www.fcejs.unsl.edu.ar\\\/index.php\\\/svts-noveno-congreso-internacional-de-la-red-universidad-empresa-alcue\\\/\",\"name\":\"SVTS: Noveno Congreso Internacional de la Red Universidad-Empresa ALCUE - Facultad de Ciencias Econ\u00f3micas, Jur\u00ed\u00addicas y Sociales\",\"isPartOf\":{\"@id\":\"https:\\\/\\\/www.fcejs.unsl.edu.ar\\\/#website\"},\"primaryImageOfPage\":{\"@id\":\"https:\\\/\\\/www.fcejs.unsl.edu.ar\\\/index.php\\\/svts-noveno-congreso-internacional-de-la-red-universidad-empresa-alcue\\\/#primaryimage\"},\"image\":{\"@id\":\"https:\\\/\\\/www.fcejs.unsl.edu.ar\\\/index.php\\\/svts-noveno-congreso-internacional-de-la-red-universidad-empresa-alcue\\\/#primaryimage\"},\"thumbnailUrl\":\"https:\\\/\\\/www.fcejs.unsl.edu.ar\\\/wp-content\\\/uploads\\\/2022\\\/06\\\/CONGRESO-RECUE-ALCUE.jpg\",\"datePublished\":\"2022-06-03T12:48:05+00:00\",\"breadcrumb\":{\"@id\":\"https:\\\/\\\/www.fcejs.unsl.edu.ar\\\/index.php\\\/svts-noveno-congreso-internacional-de-la-red-universidad-empresa-alcue\\\/#breadcrumb\"},\"inLanguage\":\"es-AR\",\"potentialAction\":[{\"@type\":\"ReadAction\",\"target\":[\"https:\\\/\\\/www.fcejs.unsl.edu.ar\\\/index.php\\\/svts-noveno-congreso-internacional-de-la-red-universidad-empresa-alcue\\\/\"]}]},{\"@type\":\"ImageObject\",\"inLanguage\":\"es-AR\",\"@id\":\"https:\\\/\\\/www.fcejs.unsl.edu.ar\\\/index.php\\\/svts-noveno-congreso-internacional-de-la-red-universidad-empresa-alcue\\\/#primaryimage\",\"url\":\"https:\\\/\\\/www.fcejs.unsl.edu.ar\\\/wp-content\\\/uploads\\\/2022\\\/06\\\/CONGRESO-RECUE-ALCUE.jpg\",\"contentUrl\":\"https:\\\/\\\/www.fcejs.unsl.edu.ar\\\/wp-content\\\/uploads\\\/2022\\\/06\\\/CONGRESO-RECUE-ALCUE.jpg\",\"width\":920,\"height\":510},{\"@type\":\"BreadcrumbList\",\"@id\":\"https:\\\/\\\/www.fcejs.unsl.edu.ar\\\/index.php\\\/svts-noveno-congreso-internacional-de-la-red-universidad-empresa-alcue\\\/#breadcrumb\",\"itemListElement\":[{\"@type\":\"ListItem\",\"position\":1,\"name\":\"Inicio\",\"item\":\"https:\\\/\\\/www.fcejs.unsl.edu.ar\\\/\"},{\"@type\":\"ListItem\",\"position\":2,\"name\":\"SVTS: Noveno Congreso Internacional de la Red Universidad-Empresa ALCUE\"}]},{\"@type\":\"WebSite\",\"@id\":\"https:\\\/\\\/www.fcejs.unsl.edu.ar\\\/#website\",\"url\":\"https:\\\/\\\/www.fcejs.unsl.edu.ar\\\/\",\"name\":\"Facultad de Ciencias Econ\u00f3micas, Jur\u00ed\u00addicas y Sociales\",\"description\":\"\",\"publisher\":{\"@id\":\"https:\\\/\\\/www.fcejs.unsl.edu.ar\\\/#organization\"},\"potentialAction\":[{\"@type\":\"SearchAction\",\"target\":{\"@type\":\"EntryPoint\",\"urlTemplate\":\"https:\\\/\\\/www.fcejs.unsl.edu.ar\\\/?s={search_term_string}\"},\"query-input\":{\"@type\":\"PropertyValueSpecification\",\"valueRequired\":true,\"valueName\":\"search_term_string\"}}],\"inLanguage\":\"es-AR\"},{\"@type\":\"Organization\",\"@id\":\"https:\\\/\\\/www.fcejs.unsl.edu.ar\\\/#organization\",\"name\":\"Facultad de Ciencias Econ\u00f3micas, Jur\u00eddicas y Sociales\",\"url\":\"https:\\\/\\\/www.fcejs.unsl.edu.ar\\\/\",\"logo\":{\"@type\":\"ImageObject\",\"inLanguage\":\"es-AR\",\"@id\":\"https:\\\/\\\/www.fcejs.unsl.edu.ar\\\/#\\\/schema\\\/logo\\\/image\\\/\",\"url\":\"https:\\\/\\\/www.fcejs.unsl.edu.ar\\\/wp-content\\\/uploads\\\/2021\\\/03\\\/logo-1.jpg\",\"contentUrl\":\"https:\\\/\\\/www.fcejs.unsl.edu.ar\\\/wp-content\\\/uploads\\\/2021\\\/03\\\/logo-1.jpg\",\"width\":471,\"height\":146,\"caption\":\"Facultad de Ciencias Econ\u00f3micas, Jur\u00eddicas y Sociales\"},\"image\":{\"@id\":\"https:\\\/\\\/www.fcejs.unsl.edu.ar\\\/#\\\/schema\\\/logo\\\/image\\\/\"},\"sameAs\":[\"https:\\\/\\\/www.facebook.com\\\/FCEJS.UNSL\\\/\",\"https:\\\/\\\/x.com\\\/FCEJSUNSL\",\"https:\\\/\\\/www.instagram.com\\\/fcejs.unsl\\\/\",\"https:\\\/\\\/www.youtube.com\\\/channel\\\/UCH-Ut6EaN_X5ogjIQMPe46g\\\/\"]},{\"@type\":\"Person\",\"@id\":\"https:\\\/\\\/www.fcejs.unsl.edu.ar\\\/#\\\/schema\\\/person\\\/352ee6ed90c3f394c7cb5945f8956d34\",\"name\":\"DATI\"}]}<\/script>\n<!-- \/ Yoast SEO plugin. -->","yoast_head_json":{"title":"SVTS: Noveno Congreso Internacional de la Red Universidad-Empresa ALCUE - Facultad de Ciencias Econ\u00f3micas, Jur\u00ed\u00addicas y Sociales","robots":{"index":"index","follow":"follow","max-snippet":"max-snippet:-1","max-image-preview":"max-image-preview:large","max-video-preview":"max-video-preview:-1"},"canonical":"https:\/\/www.fcejs.unsl.edu.ar\/index.php\/svts-noveno-congreso-internacional-de-la-red-universidad-empresa-alcue\/","og_locale":"es_ES","og_type":"article","og_title":"SVTS: Noveno Congreso Internacional de la Red Universidad-Empresa ALCUE - Facultad de Ciencias Econ\u00f3micas, Jur\u00ed\u00addicas y Sociales","og_description":"La Secretar\u00eda de Vinculaci\u00f3n Tecnol\u00f3gica y Social UNSL informa que la Red Universidad-Empresa ALCUE, conjuntamente con la Universidad de Guadalajara (UdeG) y la Uni\u00f3n de&hellip;","og_url":"https:\/\/www.fcejs.unsl.edu.ar\/index.php\/svts-noveno-congreso-internacional-de-la-red-universidad-empresa-alcue\/","og_site_name":"Facultad de Ciencias Econ\u00f3micas, Jur\u00ed\u00addicas y Sociales","article_publisher":"https:\/\/www.facebook.com\/FCEJS.UNSL\/","article_published_time":"2022-06-03T12:48:05+00:00","og_image":[{"width":920,"height":510,"url":"https:\/\/www.fcejs.unsl.edu.ar\/wp-content\/uploads\/2022\/06\/CONGRESO-RECUE-ALCUE.jpg","type":"image\/jpeg"}],"author":"DATI","twitter_card":"summary_large_image","twitter_creator":"@FCEJSUNSL","twitter_site":"@FCEJSUNSL","twitter_misc":{"Escrito por":"DATI","Tiempo de lectura":"2 minutos"},"schema":{"@context":"https:\/\/schema.org","@graph":[{"@type":"Article","@id":"https:\/\/www.fcejs.unsl.edu.ar\/index.php\/svts-noveno-congreso-internacional-de-la-red-universidad-empresa-alcue\/#article","isPartOf":{"@id":"https:\/\/www.fcejs.unsl.edu.ar\/index.php\/svts-noveno-congreso-internacional-de-la-red-universidad-empresa-alcue\/"},"author":{"name":"DATI","@id":"https:\/\/www.fcejs.unsl.edu.ar\/#\/schema\/person\/352ee6ed90c3f394c7cb5945f8956d34"},"headline":"SVTS: Noveno Congreso Internacional de la Red Universidad-Empresa ALCUE","datePublished":"2022-06-03T12:48:05+00:00","mainEntityOfPage":{"@id":"https:\/\/www.fcejs.unsl.edu.ar\/index.php\/svts-noveno-congreso-internacional-de-la-red-universidad-empresa-alcue\/"},"wordCount":302,"publisher":{"@id":"https:\/\/www.fcejs.unsl.edu.ar\/#organization"},"image":{"@id":"https:\/\/www.fcejs.unsl.edu.ar\/index.php\/svts-noveno-congreso-internacional-de-la-red-universidad-empresa-alcue\/#primaryimage"},"thumbnailUrl":"https:\/\/www.fcejs.unsl.edu.ar\/wp-content\/uploads\/2022\/06\/CONGRESO-RECUE-ALCUE.jpg","articleSection":["Noticias"],"inLanguage":"es-AR"},{"@type":"WebPage","@id":"https:\/\/www.fcejs.unsl.edu.ar\/index.php\/svts-noveno-congreso-internacional-de-la-red-universidad-empresa-alcue\/","url":"https:\/\/www.fcejs.unsl.edu.ar\/index.php\/svts-noveno-congreso-internacional-de-la-red-universidad-empresa-alcue\/","name":"SVTS: Noveno Congreso Internacional de la Red Universidad-Empresa ALCUE - Facultad de Ciencias Econ\u00f3micas, Jur\u00ed\u00addicas y Sociales","isPartOf":{"@id":"https:\/\/www.fcejs.unsl.edu.ar\/#website"},"primaryImageOfPage":{"@id":"https:\/\/www.fcejs.unsl.edu.ar\/index.php\/svts-noveno-congreso-internacional-de-la-red-universidad-empresa-alcue\/#primaryimage"},"image":{"@id":"https:\/\/www.fcejs.unsl.edu.ar\/index.php\/svts-noveno-congreso-internacional-de-la-red-universidad-empresa-alcue\/#primaryimage"},"thumbnailUrl":"https:\/\/www.fcejs.unsl.edu.ar\/wp-content\/uploads\/2022\/06\/CONGRESO-RECUE-ALCUE.jpg","datePublished":"2022-06-03T12:48:05+00:00","breadcrumb":{"@id":"https:\/\/www.fcejs.unsl.edu.ar\/index.php\/svts-noveno-congreso-internacional-de-la-red-universidad-empresa-alcue\/#breadcrumb"},"inLanguage":"es-AR","potentialAction":[{"@type":"ReadAction","target":["https:\/\/www.fcejs.unsl.edu.ar\/index.php\/svts-noveno-congreso-internacional-de-la-red-universidad-empresa-alcue\/"]}]},{"@type":"ImageObject","inLanguage":"es-AR","@id":"https:\/\/www.fcejs.unsl.edu.ar\/index.php\/svts-noveno-congreso-internacional-de-la-red-universidad-empresa-alcue\/#primaryimage","url":"https:\/\/www.fcejs.unsl.edu.ar\/wp-content\/uploads\/2022\/06\/CONGRESO-RECUE-ALCUE.jpg","contentUrl":"https:\/\/www.fcejs.unsl.edu.ar\/wp-content\/uploads\/2022\/06\/CONGRESO-RECUE-ALCUE.jpg","width":920,"height":510},{"@type":"BreadcrumbList","@id":"https:\/\/www.fcejs.unsl.edu.ar\/index.php\/svts-noveno-congreso-internacional-de-la-red-universidad-empresa-alcue\/#breadcrumb","itemListElement":[{"@type":"ListItem","position":1,"name":"Inicio","item":"https:\/\/www.fcejs.unsl.edu.ar\/"},{"@type":"ListItem","position":2,"name":"SVTS: Noveno Congreso Internacional de la Red Universidad-Empresa ALCUE"}]},{"@type":"WebSite","@id":"https:\/\/www.fcejs.unsl.edu.ar\/#website","url":"https:\/\/www.fcejs.unsl.edu.ar\/","name":"Facultad de Ciencias Econ\u00f3micas, Jur\u00ed\u00addicas y Sociales","description":"","publisher":{"@id":"https:\/\/www.fcejs.unsl.edu.ar\/#organization"},"potentialAction":[{"@type":"SearchAction","target":{"@type":"EntryPoint","urlTemplate":"https:\/\/www.fcejs.unsl.edu.ar\/?s={search_term_string}"},"query-input":{"@type":"PropertyValueSpecification","valueRequired":true,"valueName":"search_term_string"}}],"inLanguage":"es-AR"},{"@type":"Organization","@id":"https:\/\/www.fcejs.unsl.edu.ar\/#organization","name":"Facultad de Ciencias Econ\u00f3micas, Jur\u00eddicas y Sociales","url":"https:\/\/www.fcejs.unsl.edu.ar\/","logo":{"@type":"ImageObject","inLanguage":"es-AR","@id":"https:\/\/www.fcejs.unsl.edu.ar\/#\/schema\/logo\/image\/","url":"https:\/\/www.fcejs.unsl.edu.ar\/wp-content\/uploads\/2021\/03\/logo-1.jpg","contentUrl":"https:\/\/www.fcejs.unsl.edu.ar\/wp-content\/uploads\/2021\/03\/logo-1.jpg","width":471,"height":146,"caption":"Facultad de Ciencias Econ\u00f3micas, Jur\u00eddicas y Sociales"},"image":{"@id":"https:\/\/www.fcejs.unsl.edu.ar\/#\/schema\/logo\/image\/"},"sameAs":["https:\/\/www.facebook.com\/FCEJS.UNSL\/","https:\/\/x.com\/FCEJSUNSL","https:\/\/www.instagram.com\/fcejs.unsl\/","https:\/\/www.youtube.com\/channel\/UCH-Ut6EaN_X5ogjIQMPe46g\/"]},{"@type":"Person","@id":"https:\/\/www.fcejs.unsl.edu.ar\/#\/schema\/person\/352ee6ed90c3f394c7cb5945f8956d34","name":"DATI"}]}},"jetpack_featured_media_url":"https:\/\/www.fcejs.unsl.edu.ar\/wp-content\/uploads\/2022\/06\/CONGRESO-RECUE-ALCUE.jpg","_links":{"self":[{"href":"https:\/\/www.fcejs.unsl.edu.ar\/index.php\/wp-json\/wp\/v2\/posts\/8188","targetHints":{"allow":["GET"]}}],"collection":[{"href":"https:\/\/www.fcejs.unsl.edu.ar\/index.php\/wp-json\/wp\/v2\/posts"}],"about":[{"href":"https:\/\/www.fcejs.unsl.edu.ar\/index.php\/wp-json\/wp\/v2\/types\/post"}],"author":[{"embeddable":true,"href":"https:\/\/www.fcejs.unsl.edu.ar\/index.php\/wp-json\/wp\/v2\/users\/9"}],"replies":[{"embeddable":true,"href":"https:\/\/www.fcejs.unsl.edu.ar\/index.php\/wp-json\/wp\/v2\/comments?post=8188"}],"version-history":[{"count":1,"href":"https:\/\/www.fcejs.unsl.edu.ar\/index.php\/wp-json\/wp\/v2\/posts\/8188\/revisions"}],"predecessor-version":[{"id":8190,"href":"https:\/\/www.fcejs.unsl.edu.ar\/index.php\/wp-json\/wp\/v2\/posts\/8188\/revisions\/8190"}],"wp:featuredmedia":[{"embeddable":true,"href":"https:\/\/www.fcejs.unsl.edu.ar\/index.php\/wp-json\/wp\/v2\/media\/8189"}],"wp:attachment":[{"href":"https:\/\/www.fcejs.unsl.edu.ar\/index.php\/wp-json\/wp\/v2\/media?parent=8188"}],"wp:term":[{"taxonomy":"category","embeddable":true,"href":"https:\/\/www.fcejs.unsl.edu.ar\/index.php\/wp-json\/wp\/v2\/categories?post=8188"},{"taxonomy":"post_tag","embeddable":true,"href":"https:\/\/www.fcejs.unsl.edu.ar\/index.php\/wp-json\/wp\/v2\/tags?post=8188"}],"curies":[{"name":"wp","href":"https:\/\/api.w.org\/{rel}","templated":true}]}}