{"id":8166,"date":"2022-06-01T11:31:55","date_gmt":"2022-06-01T14:31:55","guid":{"rendered":"http:\/\/10.101.10.197\/www\/?p=8166"},"modified":"2022-06-01T11:31:55","modified_gmt":"2022-06-01T14:31:55","slug":"convocan-a-docentes-e-investigadores-a-movilidad-presencial-en-colombia","status":"publish","type":"post","link":"https:\/\/www.fcejs.unsl.edu.ar\/index.php\/convocan-a-docentes-e-investigadores-a-movilidad-presencial-en-colombia\/","title":{"rendered":"Convocan a docentes e investigadores a movilidad presencial en Colombia"},"content":{"rendered":"<p><strong>Hasta el 10 de junio estar\u00e1 abierta la inscripci\u00f3n para participar de dos (2) plazas que ofrece el Programa de Intercambio Acad\u00e9mico Latinoamericano (PILA).<\/strong><\/p>\n<p>Este Programa se orienta a promover acciones de cooperaci\u00f3n interinstitucional, fortalecer la integraci\u00f3n entre las instituciones y, particularmente, fomentar y propiciar el intercambio de docentes, experiencias en metodolog\u00edas de ense\u00f1anza, investigaci\u00f3n acad\u00e9mica y acciones interdisciplinarias.<\/p>\n<p>Se ofrecen\u00a0dos (2) plazas\u00a0de movilidad para todos los\/as acad\u00e9micos\/as de la UNSL:<\/p>\n<p>Una (1) plaza en la\u00a0<a href=\"https:\/\/www.usbbog.edu.co\/\">Universidad de San Buenaventura \u2013 Bogot\u00e1<\/a><br \/>\nUna (1) plaza en la\u00a0<a href=\"https:\/\/www.unisinucartagena.edu.co\/\">Universidad del Sin\u00fa \u2013 Cartagena<\/a><\/p>\n<p>La duraci\u00f3n de cada movilidad ser\u00e1 de un m\u00ednimo de 15 d\u00edas h\u00e1biles y un m\u00e1ximo de 30 d\u00edas. La movilidad podr\u00e1 realizarse entre los meses de septiembre y noviembre del presente a\u00f1o y deber\u00e1 adecuarse al calendario acad\u00e9mico de la Universidad de destino.<\/p>\n<p>El per\u00edodo de la movilidad y el plan de trabajo propuesto y detallado en el \u00abFormulario de postulaci\u00f3n al Programa PILA\u00bb ser\u00e1 acordado entre la Universidad de origen y la Universidad de destino.\u00a0El\/la acad\u00e9mico\/a luego de finalizar la movilidad deber\u00e1 elaborar y presentar en la Secretar\u00eda de Relaciones Interinstitucionales (SRI) un reporte de las actividades realizadas con el fin de proporcionar informaci\u00f3n que permita mejorar los resultados y procesos del programa.<\/p>\n<p>La Universidad de origen, en este caso la UNSL, financiar\u00e1 un porcentaje, seg\u00fan disponibilidad presupuestaria, de la totalidad de los gastos de traslado. El\/la interesado\/a deber\u00e1 contratar un seguro internacional de viaje, salud y repatriaci\u00f3n que cubra las contingencias que puedan producirse durante el periodo de permanencia en la instituci\u00f3n de destino.<\/p>\n<p>El\/la interesado\/a deber\u00e1 cubrir los gastos que demande obtener la calidad migratoria en el pa\u00eds de destino. Las Universidades de destino proporcionar\u00e1n\u00a0alojamiento y alimentaci\u00f3n<strong>\u00a0<\/strong>a los\/as docentes seleccionados\/as.<\/p>\n<p><strong>Documentaci\u00f3n requerida para la postulaci\u00f3n<\/strong><\/p>\n<ul>\n<li>Nota de postulaci\u00f3n dirigida al secretario de Relaciones Interinstitucionales, Dr. F\u00e9lix Nieto Quintas (<a href=\"https:\/\/relint.unsl.edu.ar\/assets\/documentos\/1653966373.docx\">ver modelo<\/a>);<\/li>\n<li>Formulario de Inscripci\u00f3n B\u00e1sica (FIB) firmado por el\/la interesado\/a y el\/la Decano\/a de Facultad\/Director\/a del Servicio (<a href=\"https:\/\/relint.unsl.edu.ar\/assets\/documentos\/1653966534.docx\">descargar aqu\u00ed<\/a>);<\/li>\n<li>Carta invitaci\u00f3n de la Universidad de destino con todas las firmas solicitadas. Puede gestionar este documento con el\/la docente que lo\/a invita o a trav\u00e9s de los\/as responsables de gesti\u00f3n en cada Universidad;<\/li>\n<li>Curr\u00edculum Vitae;<\/li>\n<li>Copia del pasaporte.<\/li>\n<\/ul>\n<p>Para realizar la postulaci\u00f3n puede seguir el siguiente instructivo:\u00a0<a href=\"https:\/\/relint.unsl.edu.ar\/assets\/documentos\/1653966613.pdf\">PILA_DOCENTE_2022<\/a><\/p>\n<p>M\u00e1s informaci\u00f3n:\u00a0<a href=\"mailto:interinstitucionales.unsl@gmail.com,\">interinstitucionales.unsl@gmail.com,<\/a>\u00a0<a href=\"mailto:cooperacion.unsl@gmail.com\">cooperacion.unsl@gmail.com<\/a><\/p>\n<p>Fuente: SRI<\/p>\n","protected":false},"excerpt":{"rendered":"<p>Hasta el 10 de junio estar\u00e1 abierta la inscripci\u00f3n para participar de dos (2) plazas que ofrece el Programa de Intercambio Acad\u00e9mico Latinoamericano (PILA). Este&hellip;<\/p>\n","protected":false},"author":9,"featured_media":8167,"comment_status":"closed","ping_status":"closed","sticky":false,"template":"","format":"standard","meta":{"om_disable_all_campaigns":false,"_monsterinsights_skip_tracking":false,"_monsterinsights_sitenote_active":false,"_monsterinsights_sitenote_note":"","_monsterinsights_sitenote_category":0,"footnotes":""},"categories":[1],"tags":[],"class_list":["post-8166","post","type-post","status-publish","format-standard","has-post-thumbnail","hentry","category-noticias"],"yoast_head":"<!-- This site is optimized with the Yoast SEO plugin v27.5 - https:\/\/yoast.com\/product\/yoast-seo-wordpress\/ -->\n<title>Convocan a docentes e investigadores a movilidad presencial en Colombia - Facultad de Ciencias Econ\u00f3micas, Jur\u00ed\u00addicas y Sociales<\/title>\n<meta name=\"robots\" content=\"index, follow, max-snippet:-1, max-image-preview:large, max-video-preview:-1\" \/>\n<link rel=\"canonical\" href=\"https:\/\/www.fcejs.unsl.edu.ar\/index.php\/convocan-a-docentes-e-investigadores-a-movilidad-presencial-en-colombia\/\" \/>\n<meta property=\"og:locale\" content=\"es_ES\" \/>\n<meta property=\"og:type\" content=\"article\" \/>\n<meta property=\"og:title\" content=\"Convocan a docentes e investigadores a movilidad presencial en Colombia - Facultad de Ciencias Econ\u00f3micas, Jur\u00ed\u00addicas y Sociales\" \/>\n<meta property=\"og:description\" content=\"Hasta el 10 de junio estar\u00e1 abierta la inscripci\u00f3n para participar de dos (2) plazas que ofrece el Programa de Intercambio Acad\u00e9mico Latinoamericano (PILA). Este&hellip;\" \/>\n<meta property=\"og:url\" content=\"https:\/\/www.fcejs.unsl.edu.ar\/index.php\/convocan-a-docentes-e-investigadores-a-movilidad-presencial-en-colombia\/\" \/>\n<meta property=\"og:site_name\" content=\"Facultad de Ciencias Econ\u00f3micas, Jur\u00ed\u00addicas y Sociales\" \/>\n<meta property=\"article:publisher\" content=\"https:\/\/www.facebook.com\/FCEJS.UNSL\/\" \/>\n<meta property=\"article:published_time\" content=\"2022-06-01T14:31:55+00:00\" \/>\n<meta property=\"og:image\" content=\"https:\/\/www.fcejs.unsl.edu.ar\/wp-content\/uploads\/2022\/06\/Copia-de-Internacional-10-1000x600-1.jpg\" \/>\n\t<meta property=\"og:image:width\" content=\"1000\" \/>\n\t<meta property=\"og:image:height\" content=\"600\" \/>\n\t<meta property=\"og:image:type\" content=\"image\/jpeg\" \/>\n<meta name=\"author\" content=\"DATI\" \/>\n<meta name=\"twitter:card\" content=\"summary_large_image\" \/>\n<meta name=\"twitter:creator\" content=\"@FCEJSUNSL\" \/>\n<meta name=\"twitter:site\" content=\"@FCEJSUNSL\" \/>\n<meta name=\"twitter:label1\" content=\"Escrito por\" \/>\n\t<meta name=\"twitter:data1\" content=\"DATI\" \/>\n\t<meta name=\"twitter:label2\" content=\"Tiempo de lectura\" \/>\n\t<meta name=\"twitter:data2\" content=\"2 minutos\" \/>\n<script type=\"application\/ld+json\" class=\"yoast-schema-graph\">{\"@context\":\"https:\\\/\\\/schema.org\",\"@graph\":[{\"@type\":\"Article\",\"@id\":\"https:\\\/\\\/www.fcejs.unsl.edu.ar\\\/index.php\\\/convocan-a-docentes-e-investigadores-a-movilidad-presencial-en-colombia\\\/#article\",\"isPartOf\":{\"@id\":\"https:\\\/\\\/www.fcejs.unsl.edu.ar\\\/index.php\\\/convocan-a-docentes-e-investigadores-a-movilidad-presencial-en-colombia\\\/\"},\"author\":{\"name\":\"DATI\",\"@id\":\"https:\\\/\\\/www.fcejs.unsl.edu.ar\\\/#\\\/schema\\\/person\\\/352ee6ed90c3f394c7cb5945f8956d34\"},\"headline\":\"Convocan a docentes e investigadores a movilidad presencial en Colombia\",\"datePublished\":\"2022-06-01T14:31:55+00:00\",\"mainEntityOfPage\":{\"@id\":\"https:\\\/\\\/www.fcejs.unsl.edu.ar\\\/index.php\\\/convocan-a-docentes-e-investigadores-a-movilidad-presencial-en-colombia\\\/\"},\"wordCount\":451,\"publisher\":{\"@id\":\"https:\\\/\\\/www.fcejs.unsl.edu.ar\\\/#organization\"},\"image\":{\"@id\":\"https:\\\/\\\/www.fcejs.unsl.edu.ar\\\/index.php\\\/convocan-a-docentes-e-investigadores-a-movilidad-presencial-en-colombia\\\/#primaryimage\"},\"thumbnailUrl\":\"https:\\\/\\\/www.fcejs.unsl.edu.ar\\\/wp-content\\\/uploads\\\/2022\\\/06\\\/Copia-de-Internacional-10-1000x600-1.jpg\",\"articleSection\":[\"Noticias\"],\"inLanguage\":\"es-AR\"},{\"@type\":\"WebPage\",\"@id\":\"https:\\\/\\\/www.fcejs.unsl.edu.ar\\\/index.php\\\/convocan-a-docentes-e-investigadores-a-movilidad-presencial-en-colombia\\\/\",\"url\":\"https:\\\/\\\/www.fcejs.unsl.edu.ar\\\/index.php\\\/convocan-a-docentes-e-investigadores-a-movilidad-presencial-en-colombia\\\/\",\"name\":\"Convocan a docentes e investigadores a movilidad presencial en Colombia - Facultad de Ciencias Econ\u00f3micas, Jur\u00ed\u00addicas y Sociales\",\"isPartOf\":{\"@id\":\"https:\\\/\\\/www.fcejs.unsl.edu.ar\\\/#website\"},\"primaryImageOfPage\":{\"@id\":\"https:\\\/\\\/www.fcejs.unsl.edu.ar\\\/index.php\\\/convocan-a-docentes-e-investigadores-a-movilidad-presencial-en-colombia\\\/#primaryimage\"},\"image\":{\"@id\":\"https:\\\/\\\/www.fcejs.unsl.edu.ar\\\/index.php\\\/convocan-a-docentes-e-investigadores-a-movilidad-presencial-en-colombia\\\/#primaryimage\"},\"thumbnailUrl\":\"https:\\\/\\\/www.fcejs.unsl.edu.ar\\\/wp-content\\\/uploads\\\/2022\\\/06\\\/Copia-de-Internacional-10-1000x600-1.jpg\",\"datePublished\":\"2022-06-01T14:31:55+00:00\",\"breadcrumb\":{\"@id\":\"https:\\\/\\\/www.fcejs.unsl.edu.ar\\\/index.php\\\/convocan-a-docentes-e-investigadores-a-movilidad-presencial-en-colombia\\\/#breadcrumb\"},\"inLanguage\":\"es-AR\",\"potentialAction\":[{\"@type\":\"ReadAction\",\"target\":[\"https:\\\/\\\/www.fcejs.unsl.edu.ar\\\/index.php\\\/convocan-a-docentes-e-investigadores-a-movilidad-presencial-en-colombia\\\/\"]}]},{\"@type\":\"ImageObject\",\"inLanguage\":\"es-AR\",\"@id\":\"https:\\\/\\\/www.fcejs.unsl.edu.ar\\\/index.php\\\/convocan-a-docentes-e-investigadores-a-movilidad-presencial-en-colombia\\\/#primaryimage\",\"url\":\"https:\\\/\\\/www.fcejs.unsl.edu.ar\\\/wp-content\\\/uploads\\\/2022\\\/06\\\/Copia-de-Internacional-10-1000x600-1.jpg\",\"contentUrl\":\"https:\\\/\\\/www.fcejs.unsl.edu.ar\\\/wp-content\\\/uploads\\\/2022\\\/06\\\/Copia-de-Internacional-10-1000x600-1.jpg\",\"width\":1000,\"height\":600},{\"@type\":\"BreadcrumbList\",\"@id\":\"https:\\\/\\\/www.fcejs.unsl.edu.ar\\\/index.php\\\/convocan-a-docentes-e-investigadores-a-movilidad-presencial-en-colombia\\\/#breadcrumb\",\"itemListElement\":[{\"@type\":\"ListItem\",\"position\":1,\"name\":\"Inicio\",\"item\":\"https:\\\/\\\/www.fcejs.unsl.edu.ar\\\/\"},{\"@type\":\"ListItem\",\"position\":2,\"name\":\"Convocan a docentes e investigadores a movilidad presencial en Colombia\"}]},{\"@type\":\"WebSite\",\"@id\":\"https:\\\/\\\/www.fcejs.unsl.edu.ar\\\/#website\",\"url\":\"https:\\\/\\\/www.fcejs.unsl.edu.ar\\\/\",\"name\":\"Facultad de Ciencias Econ\u00f3micas, Jur\u00ed\u00addicas y Sociales\",\"description\":\"\",\"publisher\":{\"@id\":\"https:\\\/\\\/www.fcejs.unsl.edu.ar\\\/#organization\"},\"potentialAction\":[{\"@type\":\"SearchAction\",\"target\":{\"@type\":\"EntryPoint\",\"urlTemplate\":\"https:\\\/\\\/www.fcejs.unsl.edu.ar\\\/?s={search_term_string}\"},\"query-input\":{\"@type\":\"PropertyValueSpecification\",\"valueRequired\":true,\"valueName\":\"search_term_string\"}}],\"inLanguage\":\"es-AR\"},{\"@type\":\"Organization\",\"@id\":\"https:\\\/\\\/www.fcejs.unsl.edu.ar\\\/#organization\",\"name\":\"Facultad de Ciencias Econ\u00f3micas, Jur\u00eddicas y Sociales\",\"url\":\"https:\\\/\\\/www.fcejs.unsl.edu.ar\\\/\",\"logo\":{\"@type\":\"ImageObject\",\"inLanguage\":\"es-AR\",\"@id\":\"https:\\\/\\\/www.fcejs.unsl.edu.ar\\\/#\\\/schema\\\/logo\\\/image\\\/\",\"url\":\"https:\\\/\\\/www.fcejs.unsl.edu.ar\\\/wp-content\\\/uploads\\\/2021\\\/03\\\/logo-1.jpg\",\"contentUrl\":\"https:\\\/\\\/www.fcejs.unsl.edu.ar\\\/wp-content\\\/uploads\\\/2021\\\/03\\\/logo-1.jpg\",\"width\":471,\"height\":146,\"caption\":\"Facultad de Ciencias Econ\u00f3micas, Jur\u00eddicas y Sociales\"},\"image\":{\"@id\":\"https:\\\/\\\/www.fcejs.unsl.edu.ar\\\/#\\\/schema\\\/logo\\\/image\\\/\"},\"sameAs\":[\"https:\\\/\\\/www.facebook.com\\\/FCEJS.UNSL\\\/\",\"https:\\\/\\\/x.com\\\/FCEJSUNSL\",\"https:\\\/\\\/www.instagram.com\\\/fcejs.unsl\\\/\",\"https:\\\/\\\/www.youtube.com\\\/channel\\\/UCH-Ut6EaN_X5ogjIQMPe46g\\\/\"]},{\"@type\":\"Person\",\"@id\":\"https:\\\/\\\/www.fcejs.unsl.edu.ar\\\/#\\\/schema\\\/person\\\/352ee6ed90c3f394c7cb5945f8956d34\",\"name\":\"DATI\"}]}<\/script>\n<!-- \/ Yoast SEO plugin. -->","yoast_head_json":{"title":"Convocan a docentes e investigadores a movilidad presencial en Colombia - Facultad de Ciencias Econ\u00f3micas, Jur\u00ed\u00addicas y Sociales","robots":{"index":"index","follow":"follow","max-snippet":"max-snippet:-1","max-image-preview":"max-image-preview:large","max-video-preview":"max-video-preview:-1"},"canonical":"https:\/\/www.fcejs.unsl.edu.ar\/index.php\/convocan-a-docentes-e-investigadores-a-movilidad-presencial-en-colombia\/","og_locale":"es_ES","og_type":"article","og_title":"Convocan a docentes e investigadores a movilidad presencial en Colombia - Facultad de Ciencias Econ\u00f3micas, Jur\u00ed\u00addicas y Sociales","og_description":"Hasta el 10 de junio estar\u00e1 abierta la inscripci\u00f3n para participar de dos (2) plazas que ofrece el Programa de Intercambio Acad\u00e9mico Latinoamericano (PILA). Este&hellip;","og_url":"https:\/\/www.fcejs.unsl.edu.ar\/index.php\/convocan-a-docentes-e-investigadores-a-movilidad-presencial-en-colombia\/","og_site_name":"Facultad de Ciencias Econ\u00f3micas, Jur\u00ed\u00addicas y Sociales","article_publisher":"https:\/\/www.facebook.com\/FCEJS.UNSL\/","article_published_time":"2022-06-01T14:31:55+00:00","og_image":[{"width":1000,"height":600,"url":"https:\/\/www.fcejs.unsl.edu.ar\/wp-content\/uploads\/2022\/06\/Copia-de-Internacional-10-1000x600-1.jpg","type":"image\/jpeg"}],"author":"DATI","twitter_card":"summary_large_image","twitter_creator":"@FCEJSUNSL","twitter_site":"@FCEJSUNSL","twitter_misc":{"Escrito por":"DATI","Tiempo de lectura":"2 minutos"},"schema":{"@context":"https:\/\/schema.org","@graph":[{"@type":"Article","@id":"https:\/\/www.fcejs.unsl.edu.ar\/index.php\/convocan-a-docentes-e-investigadores-a-movilidad-presencial-en-colombia\/#article","isPartOf":{"@id":"https:\/\/www.fcejs.unsl.edu.ar\/index.php\/convocan-a-docentes-e-investigadores-a-movilidad-presencial-en-colombia\/"},"author":{"name":"DATI","@id":"https:\/\/www.fcejs.unsl.edu.ar\/#\/schema\/person\/352ee6ed90c3f394c7cb5945f8956d34"},"headline":"Convocan a docentes e investigadores a movilidad presencial en Colombia","datePublished":"2022-06-01T14:31:55+00:00","mainEntityOfPage":{"@id":"https:\/\/www.fcejs.unsl.edu.ar\/index.php\/convocan-a-docentes-e-investigadores-a-movilidad-presencial-en-colombia\/"},"wordCount":451,"publisher":{"@id":"https:\/\/www.fcejs.unsl.edu.ar\/#organization"},"image":{"@id":"https:\/\/www.fcejs.unsl.edu.ar\/index.php\/convocan-a-docentes-e-investigadores-a-movilidad-presencial-en-colombia\/#primaryimage"},"thumbnailUrl":"https:\/\/www.fcejs.unsl.edu.ar\/wp-content\/uploads\/2022\/06\/Copia-de-Internacional-10-1000x600-1.jpg","articleSection":["Noticias"],"inLanguage":"es-AR"},{"@type":"WebPage","@id":"https:\/\/www.fcejs.unsl.edu.ar\/index.php\/convocan-a-docentes-e-investigadores-a-movilidad-presencial-en-colombia\/","url":"https:\/\/www.fcejs.unsl.edu.ar\/index.php\/convocan-a-docentes-e-investigadores-a-movilidad-presencial-en-colombia\/","name":"Convocan a docentes e investigadores a movilidad presencial en Colombia - Facultad de Ciencias Econ\u00f3micas, Jur\u00ed\u00addicas y Sociales","isPartOf":{"@id":"https:\/\/www.fcejs.unsl.edu.ar\/#website"},"primaryImageOfPage":{"@id":"https:\/\/www.fcejs.unsl.edu.ar\/index.php\/convocan-a-docentes-e-investigadores-a-movilidad-presencial-en-colombia\/#primaryimage"},"image":{"@id":"https:\/\/www.fcejs.unsl.edu.ar\/index.php\/convocan-a-docentes-e-investigadores-a-movilidad-presencial-en-colombia\/#primaryimage"},"thumbnailUrl":"https:\/\/www.fcejs.unsl.edu.ar\/wp-content\/uploads\/2022\/06\/Copia-de-Internacional-10-1000x600-1.jpg","datePublished":"2022-06-01T14:31:55+00:00","breadcrumb":{"@id":"https:\/\/www.fcejs.unsl.edu.ar\/index.php\/convocan-a-docentes-e-investigadores-a-movilidad-presencial-en-colombia\/#breadcrumb"},"inLanguage":"es-AR","potentialAction":[{"@type":"ReadAction","target":["https:\/\/www.fcejs.unsl.edu.ar\/index.php\/convocan-a-docentes-e-investigadores-a-movilidad-presencial-en-colombia\/"]}]},{"@type":"ImageObject","inLanguage":"es-AR","@id":"https:\/\/www.fcejs.unsl.edu.ar\/index.php\/convocan-a-docentes-e-investigadores-a-movilidad-presencial-en-colombia\/#primaryimage","url":"https:\/\/www.fcejs.unsl.edu.ar\/wp-content\/uploads\/2022\/06\/Copia-de-Internacional-10-1000x600-1.jpg","contentUrl":"https:\/\/www.fcejs.unsl.edu.ar\/wp-content\/uploads\/2022\/06\/Copia-de-Internacional-10-1000x600-1.jpg","width":1000,"height":600},{"@type":"BreadcrumbList","@id":"https:\/\/www.fcejs.unsl.edu.ar\/index.php\/convocan-a-docentes-e-investigadores-a-movilidad-presencial-en-colombia\/#breadcrumb","itemListElement":[{"@type":"ListItem","position":1,"name":"Inicio","item":"https:\/\/www.fcejs.unsl.edu.ar\/"},{"@type":"ListItem","position":2,"name":"Convocan a docentes e investigadores a movilidad presencial en Colombia"}]},{"@type":"WebSite","@id":"https:\/\/www.fcejs.unsl.edu.ar\/#website","url":"https:\/\/www.fcejs.unsl.edu.ar\/","name":"Facultad de Ciencias Econ\u00f3micas, Jur\u00ed\u00addicas y Sociales","description":"","publisher":{"@id":"https:\/\/www.fcejs.unsl.edu.ar\/#organization"},"potentialAction":[{"@type":"SearchAction","target":{"@type":"EntryPoint","urlTemplate":"https:\/\/www.fcejs.unsl.edu.ar\/?s={search_term_string}"},"query-input":{"@type":"PropertyValueSpecification","valueRequired":true,"valueName":"search_term_string"}}],"inLanguage":"es-AR"},{"@type":"Organization","@id":"https:\/\/www.fcejs.unsl.edu.ar\/#organization","name":"Facultad de Ciencias Econ\u00f3micas, Jur\u00eddicas y Sociales","url":"https:\/\/www.fcejs.unsl.edu.ar\/","logo":{"@type":"ImageObject","inLanguage":"es-AR","@id":"https:\/\/www.fcejs.unsl.edu.ar\/#\/schema\/logo\/image\/","url":"https:\/\/www.fcejs.unsl.edu.ar\/wp-content\/uploads\/2021\/03\/logo-1.jpg","contentUrl":"https:\/\/www.fcejs.unsl.edu.ar\/wp-content\/uploads\/2021\/03\/logo-1.jpg","width":471,"height":146,"caption":"Facultad de Ciencias Econ\u00f3micas, Jur\u00eddicas y Sociales"},"image":{"@id":"https:\/\/www.fcejs.unsl.edu.ar\/#\/schema\/logo\/image\/"},"sameAs":["https:\/\/www.facebook.com\/FCEJS.UNSL\/","https:\/\/x.com\/FCEJSUNSL","https:\/\/www.instagram.com\/fcejs.unsl\/","https:\/\/www.youtube.com\/channel\/UCH-Ut6EaN_X5ogjIQMPe46g\/"]},{"@type":"Person","@id":"https:\/\/www.fcejs.unsl.edu.ar\/#\/schema\/person\/352ee6ed90c3f394c7cb5945f8956d34","name":"DATI"}]}},"jetpack_featured_media_url":"https:\/\/www.fcejs.unsl.edu.ar\/wp-content\/uploads\/2022\/06\/Copia-de-Internacional-10-1000x600-1.jpg","_links":{"self":[{"href":"https:\/\/www.fcejs.unsl.edu.ar\/index.php\/wp-json\/wp\/v2\/posts\/8166","targetHints":{"allow":["GET"]}}],"collection":[{"href":"https:\/\/www.fcejs.unsl.edu.ar\/index.php\/wp-json\/wp\/v2\/posts"}],"about":[{"href":"https:\/\/www.fcejs.unsl.edu.ar\/index.php\/wp-json\/wp\/v2\/types\/post"}],"author":[{"embeddable":true,"href":"https:\/\/www.fcejs.unsl.edu.ar\/index.php\/wp-json\/wp\/v2\/users\/9"}],"replies":[{"embeddable":true,"href":"https:\/\/www.fcejs.unsl.edu.ar\/index.php\/wp-json\/wp\/v2\/comments?post=8166"}],"version-history":[{"count":1,"href":"https:\/\/www.fcejs.unsl.edu.ar\/index.php\/wp-json\/wp\/v2\/posts\/8166\/revisions"}],"predecessor-version":[{"id":8168,"href":"https:\/\/www.fcejs.unsl.edu.ar\/index.php\/wp-json\/wp\/v2\/posts\/8166\/revisions\/8168"}],"wp:featuredmedia":[{"embeddable":true,"href":"https:\/\/www.fcejs.unsl.edu.ar\/index.php\/wp-json\/wp\/v2\/media\/8167"}],"wp:attachment":[{"href":"https:\/\/www.fcejs.unsl.edu.ar\/index.php\/wp-json\/wp\/v2\/media?parent=8166"}],"wp:term":[{"taxonomy":"category","embeddable":true,"href":"https:\/\/www.fcejs.unsl.edu.ar\/index.php\/wp-json\/wp\/v2\/categories?post=8166"},{"taxonomy":"post_tag","embeddable":true,"href":"https:\/\/www.fcejs.unsl.edu.ar\/index.php\/wp-json\/wp\/v2\/tags?post=8166"}],"curies":[{"name":"wp","href":"https:\/\/api.w.org\/{rel}","templated":true}]}}