{"id":8044,"date":"2022-05-26T13:24:43","date_gmt":"2022-05-26T16:24:43","guid":{"rendered":"http:\/\/10.101.10.197\/www\/?p=8044"},"modified":"2022-05-26T13:26:16","modified_gmt":"2022-05-26T16:26:16","slug":"la-fcejs-formo-parte-del-plenario-del-consejo-de-decanas-y-decanos-de-facultades-de-ciencias-sociales-y-humanas","status":"publish","type":"post","link":"https:\/\/www.fcejs.unsl.edu.ar\/index.php\/la-fcejs-formo-parte-del-plenario-del-consejo-de-decanas-y-decanos-de-facultades-de-ciencias-sociales-y-humanas\/","title":{"rendered":"La FCEJS form\u00f3 parte del Plenario del Consejo de Decanas y Decanos de Facultades de Ciencias Sociales y Humanas"},"content":{"rendered":"<p>La Facultad de Ciencias Sociales de la Universidad Nacional de Lomas de Zamora (UNLZ) fue sede del Plenario del Consejo de Decanas y Decanos de Facultades de Ciencias Sociales y Humanas (CODESOC), que se realiz\u00f3 entre el 23 y el 24 de mayo en esa casa de estudios del conurbano bonaerense.<\/p>\n<p>Bajo el lema \u201cEl desaf\u00edo de contribuir en el desarrollo de sociedades con igualdad y justicia social\u201d, se reunieron las autoridades de m\u00e1s de 40 unidades acad\u00e9micas de Argentina para debatir sobre categorizaci\u00f3n de investigadores, acreditaciones de carreras y producci\u00f3n de conocimiento en el regreso a la presencialidad. En representaci\u00f3n de la FCEJS, particip\u00f3 del encuentro el Vicedecano, Esp. Esteban Arias.<\/p>\n<p>La apertura de la 37\u00ba edici\u00f3n del Plenario estuvo a cargo del decano anfitri\u00f3n, Gustavo Na\u00f3n, quien asumi\u00f3 como nuevo presidente del Consejo; el rector y el vicerrector de la UNLZ, Diego Molea y Horacio Gegunde, respectivamente; el subsecretario de Pol\u00edticas Universitarias del Ministerio de Educaci\u00f3n de la Naci\u00f3n, Daniel L\u00f3pez, y la titular saliente del CODESOC y decana de la Facultad de Humanidades y Ciencias Sociales de la Universidad Nacional de Misiones (UNaM), Gisela Spasiuk. En tanto, el ministro de Ciencia Tecnolog\u00eda e Innovaci\u00f3n, Daniel Filmus, particip\u00f3 del cierre del encuentro.<\/p>\n<p>En la presentaci\u00f3n, Na\u00f3n asegur\u00f3: \u201cLas Facultades de Ciencias Sociales nos asociamos en la defensa y en la puesta en com\u00fan de nuestras producciones cient\u00edficas y trabajos en el territorio\u201d. Adem\u00e1s, pidi\u00f3 \u201creconocimiento al rol que cumplen las disciplinas de Ciencias Sociales en una sociedad democr\u00e1tica\u201d.<\/p>\n<p>En la misma l\u00ednea, Molea consider\u00f3 que \u201cla universidad no puede ser un espacio cerrado\u201d y afirm\u00f3 que \u201cdebe ser parte del desarrollo y crecimiento de una comunidad\u201d.<\/p>\n<p>Por su parte, L\u00f3pez llam\u00f3 a seguir trabajando para \u201chacer realidad que la universidad argentina incluye y es un derecho inalienable\u201d.<\/p>\n<p>A continuaci\u00f3n, luego de recibir una plaqueta en reconocimiento \u201ca su destacada tarea y compromiso al frente del CODESOC\u201d, Spasiuk sostuvo que \u201ces categ\u00f3rico retomar la discusi\u00f3n de certificaciones de nuestras carreras dentro del sistema nacional\u201d.<\/p>\n<p>La actividad continu\u00f3 con la exposici\u00f3n sobre certificaci\u00f3n de carreras a cargo del presidente de la Comisi\u00f3n Nacional de Evaluaci\u00f3n y Acreditaci\u00f3n (CONEAU), N\u00e9stor Pan, quien tras realizar un recorrido hist\u00f3rico sobre las acreditaciones de las carreras de grado indic\u00f3 que en la actualidad el \u201cproblema m\u00e1s grande son los planes de estudios\u201d y asegur\u00f3 que el desaf\u00edo es resolver \u201cc\u00f3mo fortalecemos y cambiamos los pisos de certificaci\u00f3n en el \u00e1rea de Ciencias Sociales\u201d.<\/p>\n<p>M\u00e1s tarde, se realiz\u00f3 la conferencia \u201cLa construcci\u00f3n de una epistemolog\u00eda de las Ciencias Sociales desde una perspectiva latinoamericana\u201d, que tuvo como orador a Oscar Amaya, profesor de la UNLZ y otras casas de estudio, y director del Servicio de Atenci\u00f3n y Orientaci\u00f3n Psicopedag\u00f3gica (SAOP) de esa instituci\u00f3n del conurbano bonaerense.<\/p>\n<p>En la segunda jornada se retom\u00f3 la actividad plenaria con un temario que tuvo como eje la participaci\u00f3n de representantes del CODESOC en la IX Conferencia Latinoamericana y Caribe\u00f1a del Consejo Latinoamericano de Ciencias Sociales (CLACSO) y la categorizaci\u00f3n de docentes investigadores. Para abordar el \u00faltimo punto, estuvo Adri\u00e1n Alonso, coordinador del Programa de Incentivos del Ministerio de Educaci\u00f3n.<\/p>\n<p>En un intercambio con los presentes, el funcionario explic\u00f3 que el proceso de categorizaci\u00f3n se encuentra en v\u00edas de resoluci\u00f3n.<\/p>\n","protected":false},"excerpt":{"rendered":"<p>La Facultad de Ciencias Sociales de la Universidad Nacional de Lomas de Zamora (UNLZ) fue sede del Plenario del Consejo de Decanas y Decanos de&hellip;<\/p>\n","protected":false},"author":9,"featured_media":8045,"comment_status":"closed","ping_status":"closed","sticky":false,"template":"","format":"standard","meta":{"om_disable_all_campaigns":false,"_monsterinsights_skip_tracking":false,"_monsterinsights_sitenote_active":false,"_monsterinsights_sitenote_note":"","_monsterinsights_sitenote_category":0,"footnotes":""},"categories":[1],"tags":[],"class_list":["post-8044","post","type-post","status-publish","format-standard","has-post-thumbnail","hentry","category-noticias"],"yoast_head":"<!-- This site is optimized with the Yoast SEO plugin v27.5 - https:\/\/yoast.com\/product\/yoast-seo-wordpress\/ -->\n<title>La FCEJS form\u00f3 parte del Plenario del Consejo de Decanas y Decanos de Facultades de Ciencias Sociales y Humanas - Facultad de Ciencias Econ\u00f3micas, Jur\u00ed\u00addicas y Sociales<\/title>\n<meta name=\"robots\" content=\"index, follow, max-snippet:-1, max-image-preview:large, max-video-preview:-1\" \/>\n<link rel=\"canonical\" href=\"https:\/\/www.fcejs.unsl.edu.ar\/index.php\/la-fcejs-formo-parte-del-plenario-del-consejo-de-decanas-y-decanos-de-facultades-de-ciencias-sociales-y-humanas\/\" \/>\n<meta property=\"og:locale\" content=\"es_ES\" \/>\n<meta property=\"og:type\" content=\"article\" \/>\n<meta property=\"og:title\" content=\"La FCEJS form\u00f3 parte del Plenario del Consejo de Decanas y Decanos de Facultades de Ciencias Sociales y Humanas - Facultad de Ciencias Econ\u00f3micas, Jur\u00ed\u00addicas y Sociales\" \/>\n<meta property=\"og:description\" content=\"La Facultad de Ciencias Sociales de la Universidad Nacional de Lomas de Zamora (UNLZ) fue sede del Plenario del Consejo de Decanas y Decanos de&hellip;\" \/>\n<meta property=\"og:url\" content=\"https:\/\/www.fcejs.unsl.edu.ar\/index.php\/la-fcejs-formo-parte-del-plenario-del-consejo-de-decanas-y-decanos-de-facultades-de-ciencias-sociales-y-humanas\/\" \/>\n<meta property=\"og:site_name\" content=\"Facultad de Ciencias Econ\u00f3micas, Jur\u00ed\u00addicas y Sociales\" \/>\n<meta property=\"article:publisher\" content=\"https:\/\/www.facebook.com\/FCEJS.UNSL\/\" \/>\n<meta property=\"article:published_time\" content=\"2022-05-26T16:24:43+00:00\" \/>\n<meta property=\"article:modified_time\" content=\"2022-05-26T16:26:16+00:00\" \/>\n<meta property=\"og:image\" content=\"https:\/\/www.fcejs.unsl.edu.ar\/wp-content\/uploads\/2022\/05\/CODESOC.jpeg\" \/>\n\t<meta property=\"og:image:width\" content=\"1280\" \/>\n\t<meta property=\"og:image:height\" content=\"853\" \/>\n\t<meta property=\"og:image:type\" content=\"image\/jpeg\" \/>\n<meta name=\"author\" content=\"DATI\" \/>\n<meta name=\"twitter:card\" content=\"summary_large_image\" \/>\n<meta name=\"twitter:creator\" content=\"@FCEJSUNSL\" \/>\n<meta name=\"twitter:site\" content=\"@FCEJSUNSL\" \/>\n<meta name=\"twitter:label1\" content=\"Escrito por\" \/>\n\t<meta name=\"twitter:data1\" content=\"DATI\" \/>\n\t<meta name=\"twitter:label2\" content=\"Tiempo de lectura\" \/>\n\t<meta name=\"twitter:data2\" content=\"3 minutos\" \/>\n<script type=\"application\/ld+json\" class=\"yoast-schema-graph\">{\"@context\":\"https:\\\/\\\/schema.org\",\"@graph\":[{\"@type\":\"Article\",\"@id\":\"https:\\\/\\\/www.fcejs.unsl.edu.ar\\\/index.php\\\/la-fcejs-formo-parte-del-plenario-del-consejo-de-decanas-y-decanos-de-facultades-de-ciencias-sociales-y-humanas\\\/#article\",\"isPartOf\":{\"@id\":\"https:\\\/\\\/www.fcejs.unsl.edu.ar\\\/index.php\\\/la-fcejs-formo-parte-del-plenario-del-consejo-de-decanas-y-decanos-de-facultades-de-ciencias-sociales-y-humanas\\\/\"},\"author\":{\"name\":\"DATI\",\"@id\":\"https:\\\/\\\/www.fcejs.unsl.edu.ar\\\/#\\\/schema\\\/person\\\/352ee6ed90c3f394c7cb5945f8956d34\"},\"headline\":\"La FCEJS form\u00f3 parte del Plenario del Consejo de Decanas y Decanos de Facultades de Ciencias Sociales y Humanas\",\"datePublished\":\"2022-05-26T16:24:43+00:00\",\"dateModified\":\"2022-05-26T16:26:16+00:00\",\"mainEntityOfPage\":{\"@id\":\"https:\\\/\\\/www.fcejs.unsl.edu.ar\\\/index.php\\\/la-fcejs-formo-parte-del-plenario-del-consejo-de-decanas-y-decanos-de-facultades-de-ciencias-sociales-y-humanas\\\/\"},\"wordCount\":606,\"publisher\":{\"@id\":\"https:\\\/\\\/www.fcejs.unsl.edu.ar\\\/#organization\"},\"image\":{\"@id\":\"https:\\\/\\\/www.fcejs.unsl.edu.ar\\\/index.php\\\/la-fcejs-formo-parte-del-plenario-del-consejo-de-decanas-y-decanos-de-facultades-de-ciencias-sociales-y-humanas\\\/#primaryimage\"},\"thumbnailUrl\":\"https:\\\/\\\/www.fcejs.unsl.edu.ar\\\/wp-content\\\/uploads\\\/2022\\\/05\\\/CODESOC.jpeg\",\"articleSection\":[\"Noticias\"],\"inLanguage\":\"es-AR\"},{\"@type\":\"WebPage\",\"@id\":\"https:\\\/\\\/www.fcejs.unsl.edu.ar\\\/index.php\\\/la-fcejs-formo-parte-del-plenario-del-consejo-de-decanas-y-decanos-de-facultades-de-ciencias-sociales-y-humanas\\\/\",\"url\":\"https:\\\/\\\/www.fcejs.unsl.edu.ar\\\/index.php\\\/la-fcejs-formo-parte-del-plenario-del-consejo-de-decanas-y-decanos-de-facultades-de-ciencias-sociales-y-humanas\\\/\",\"name\":\"La FCEJS form\u00f3 parte del Plenario del Consejo de Decanas y Decanos de Facultades de Ciencias Sociales y Humanas - Facultad de Ciencias Econ\u00f3micas, Jur\u00ed\u00addicas y Sociales\",\"isPartOf\":{\"@id\":\"https:\\\/\\\/www.fcejs.unsl.edu.ar\\\/#website\"},\"primaryImageOfPage\":{\"@id\":\"https:\\\/\\\/www.fcejs.unsl.edu.ar\\\/index.php\\\/la-fcejs-formo-parte-del-plenario-del-consejo-de-decanas-y-decanos-de-facultades-de-ciencias-sociales-y-humanas\\\/#primaryimage\"},\"image\":{\"@id\":\"https:\\\/\\\/www.fcejs.unsl.edu.ar\\\/index.php\\\/la-fcejs-formo-parte-del-plenario-del-consejo-de-decanas-y-decanos-de-facultades-de-ciencias-sociales-y-humanas\\\/#primaryimage\"},\"thumbnailUrl\":\"https:\\\/\\\/www.fcejs.unsl.edu.ar\\\/wp-content\\\/uploads\\\/2022\\\/05\\\/CODESOC.jpeg\",\"datePublished\":\"2022-05-26T16:24:43+00:00\",\"dateModified\":\"2022-05-26T16:26:16+00:00\",\"breadcrumb\":{\"@id\":\"https:\\\/\\\/www.fcejs.unsl.edu.ar\\\/index.php\\\/la-fcejs-formo-parte-del-plenario-del-consejo-de-decanas-y-decanos-de-facultades-de-ciencias-sociales-y-humanas\\\/#breadcrumb\"},\"inLanguage\":\"es-AR\",\"potentialAction\":[{\"@type\":\"ReadAction\",\"target\":[\"https:\\\/\\\/www.fcejs.unsl.edu.ar\\\/index.php\\\/la-fcejs-formo-parte-del-plenario-del-consejo-de-decanas-y-decanos-de-facultades-de-ciencias-sociales-y-humanas\\\/\"]}]},{\"@type\":\"ImageObject\",\"inLanguage\":\"es-AR\",\"@id\":\"https:\\\/\\\/www.fcejs.unsl.edu.ar\\\/index.php\\\/la-fcejs-formo-parte-del-plenario-del-consejo-de-decanas-y-decanos-de-facultades-de-ciencias-sociales-y-humanas\\\/#primaryimage\",\"url\":\"https:\\\/\\\/www.fcejs.unsl.edu.ar\\\/wp-content\\\/uploads\\\/2022\\\/05\\\/CODESOC.jpeg\",\"contentUrl\":\"https:\\\/\\\/www.fcejs.unsl.edu.ar\\\/wp-content\\\/uploads\\\/2022\\\/05\\\/CODESOC.jpeg\",\"width\":1280,\"height\":853},{\"@type\":\"BreadcrumbList\",\"@id\":\"https:\\\/\\\/www.fcejs.unsl.edu.ar\\\/index.php\\\/la-fcejs-formo-parte-del-plenario-del-consejo-de-decanas-y-decanos-de-facultades-de-ciencias-sociales-y-humanas\\\/#breadcrumb\",\"itemListElement\":[{\"@type\":\"ListItem\",\"position\":1,\"name\":\"Inicio\",\"item\":\"https:\\\/\\\/www.fcejs.unsl.edu.ar\\\/\"},{\"@type\":\"ListItem\",\"position\":2,\"name\":\"La FCEJS form\u00f3 parte del Plenario del Consejo de Decanas y Decanos de Facultades de Ciencias Sociales y Humanas\"}]},{\"@type\":\"WebSite\",\"@id\":\"https:\\\/\\\/www.fcejs.unsl.edu.ar\\\/#website\",\"url\":\"https:\\\/\\\/www.fcejs.unsl.edu.ar\\\/\",\"name\":\"Facultad de Ciencias Econ\u00f3micas, Jur\u00ed\u00addicas y Sociales\",\"description\":\"\",\"publisher\":{\"@id\":\"https:\\\/\\\/www.fcejs.unsl.edu.ar\\\/#organization\"},\"potentialAction\":[{\"@type\":\"SearchAction\",\"target\":{\"@type\":\"EntryPoint\",\"urlTemplate\":\"https:\\\/\\\/www.fcejs.unsl.edu.ar\\\/?s={search_term_string}\"},\"query-input\":{\"@type\":\"PropertyValueSpecification\",\"valueRequired\":true,\"valueName\":\"search_term_string\"}}],\"inLanguage\":\"es-AR\"},{\"@type\":\"Organization\",\"@id\":\"https:\\\/\\\/www.fcejs.unsl.edu.ar\\\/#organization\",\"name\":\"Facultad de Ciencias Econ\u00f3micas, Jur\u00eddicas y Sociales\",\"url\":\"https:\\\/\\\/www.fcejs.unsl.edu.ar\\\/\",\"logo\":{\"@type\":\"ImageObject\",\"inLanguage\":\"es-AR\",\"@id\":\"https:\\\/\\\/www.fcejs.unsl.edu.ar\\\/#\\\/schema\\\/logo\\\/image\\\/\",\"url\":\"https:\\\/\\\/www.fcejs.unsl.edu.ar\\\/wp-content\\\/uploads\\\/2021\\\/03\\\/logo-1.jpg\",\"contentUrl\":\"https:\\\/\\\/www.fcejs.unsl.edu.ar\\\/wp-content\\\/uploads\\\/2021\\\/03\\\/logo-1.jpg\",\"width\":471,\"height\":146,\"caption\":\"Facultad de Ciencias Econ\u00f3micas, Jur\u00eddicas y Sociales\"},\"image\":{\"@id\":\"https:\\\/\\\/www.fcejs.unsl.edu.ar\\\/#\\\/schema\\\/logo\\\/image\\\/\"},\"sameAs\":[\"https:\\\/\\\/www.facebook.com\\\/FCEJS.UNSL\\\/\",\"https:\\\/\\\/x.com\\\/FCEJSUNSL\",\"https:\\\/\\\/www.instagram.com\\\/fcejs.unsl\\\/\",\"https:\\\/\\\/www.youtube.com\\\/channel\\\/UCH-Ut6EaN_X5ogjIQMPe46g\\\/\"]},{\"@type\":\"Person\",\"@id\":\"https:\\\/\\\/www.fcejs.unsl.edu.ar\\\/#\\\/schema\\\/person\\\/352ee6ed90c3f394c7cb5945f8956d34\",\"name\":\"DATI\"}]}<\/script>\n<!-- \/ Yoast SEO plugin. -->","yoast_head_json":{"title":"La FCEJS form\u00f3 parte del Plenario del Consejo de Decanas y Decanos de Facultades de Ciencias Sociales y Humanas - Facultad de Ciencias Econ\u00f3micas, Jur\u00ed\u00addicas y Sociales","robots":{"index":"index","follow":"follow","max-snippet":"max-snippet:-1","max-image-preview":"max-image-preview:large","max-video-preview":"max-video-preview:-1"},"canonical":"https:\/\/www.fcejs.unsl.edu.ar\/index.php\/la-fcejs-formo-parte-del-plenario-del-consejo-de-decanas-y-decanos-de-facultades-de-ciencias-sociales-y-humanas\/","og_locale":"es_ES","og_type":"article","og_title":"La FCEJS form\u00f3 parte del Plenario del Consejo de Decanas y Decanos de Facultades de Ciencias Sociales y Humanas - Facultad de Ciencias Econ\u00f3micas, Jur\u00ed\u00addicas y Sociales","og_description":"La Facultad de Ciencias Sociales de la Universidad Nacional de Lomas de Zamora (UNLZ) fue sede del Plenario del Consejo de Decanas y Decanos de&hellip;","og_url":"https:\/\/www.fcejs.unsl.edu.ar\/index.php\/la-fcejs-formo-parte-del-plenario-del-consejo-de-decanas-y-decanos-de-facultades-de-ciencias-sociales-y-humanas\/","og_site_name":"Facultad de Ciencias Econ\u00f3micas, Jur\u00ed\u00addicas y Sociales","article_publisher":"https:\/\/www.facebook.com\/FCEJS.UNSL\/","article_published_time":"2022-05-26T16:24:43+00:00","article_modified_time":"2022-05-26T16:26:16+00:00","og_image":[{"width":1280,"height":853,"url":"https:\/\/www.fcejs.unsl.edu.ar\/wp-content\/uploads\/2022\/05\/CODESOC.jpeg","type":"image\/jpeg"}],"author":"DATI","twitter_card":"summary_large_image","twitter_creator":"@FCEJSUNSL","twitter_site":"@FCEJSUNSL","twitter_misc":{"Escrito por":"DATI","Tiempo de lectura":"3 minutos"},"schema":{"@context":"https:\/\/schema.org","@graph":[{"@type":"Article","@id":"https:\/\/www.fcejs.unsl.edu.ar\/index.php\/la-fcejs-formo-parte-del-plenario-del-consejo-de-decanas-y-decanos-de-facultades-de-ciencias-sociales-y-humanas\/#article","isPartOf":{"@id":"https:\/\/www.fcejs.unsl.edu.ar\/index.php\/la-fcejs-formo-parte-del-plenario-del-consejo-de-decanas-y-decanos-de-facultades-de-ciencias-sociales-y-humanas\/"},"author":{"name":"DATI","@id":"https:\/\/www.fcejs.unsl.edu.ar\/#\/schema\/person\/352ee6ed90c3f394c7cb5945f8956d34"},"headline":"La FCEJS form\u00f3 parte del Plenario del Consejo de Decanas y Decanos de Facultades de Ciencias Sociales y Humanas","datePublished":"2022-05-26T16:24:43+00:00","dateModified":"2022-05-26T16:26:16+00:00","mainEntityOfPage":{"@id":"https:\/\/www.fcejs.unsl.edu.ar\/index.php\/la-fcejs-formo-parte-del-plenario-del-consejo-de-decanas-y-decanos-de-facultades-de-ciencias-sociales-y-humanas\/"},"wordCount":606,"publisher":{"@id":"https:\/\/www.fcejs.unsl.edu.ar\/#organization"},"image":{"@id":"https:\/\/www.fcejs.unsl.edu.ar\/index.php\/la-fcejs-formo-parte-del-plenario-del-consejo-de-decanas-y-decanos-de-facultades-de-ciencias-sociales-y-humanas\/#primaryimage"},"thumbnailUrl":"https:\/\/www.fcejs.unsl.edu.ar\/wp-content\/uploads\/2022\/05\/CODESOC.jpeg","articleSection":["Noticias"],"inLanguage":"es-AR"},{"@type":"WebPage","@id":"https:\/\/www.fcejs.unsl.edu.ar\/index.php\/la-fcejs-formo-parte-del-plenario-del-consejo-de-decanas-y-decanos-de-facultades-de-ciencias-sociales-y-humanas\/","url":"https:\/\/www.fcejs.unsl.edu.ar\/index.php\/la-fcejs-formo-parte-del-plenario-del-consejo-de-decanas-y-decanos-de-facultades-de-ciencias-sociales-y-humanas\/","name":"La FCEJS form\u00f3 parte del Plenario del Consejo de Decanas y Decanos de Facultades de Ciencias Sociales y Humanas - Facultad de Ciencias Econ\u00f3micas, Jur\u00ed\u00addicas y Sociales","isPartOf":{"@id":"https:\/\/www.fcejs.unsl.edu.ar\/#website"},"primaryImageOfPage":{"@id":"https:\/\/www.fcejs.unsl.edu.ar\/index.php\/la-fcejs-formo-parte-del-plenario-del-consejo-de-decanas-y-decanos-de-facultades-de-ciencias-sociales-y-humanas\/#primaryimage"},"image":{"@id":"https:\/\/www.fcejs.unsl.edu.ar\/index.php\/la-fcejs-formo-parte-del-plenario-del-consejo-de-decanas-y-decanos-de-facultades-de-ciencias-sociales-y-humanas\/#primaryimage"},"thumbnailUrl":"https:\/\/www.fcejs.unsl.edu.ar\/wp-content\/uploads\/2022\/05\/CODESOC.jpeg","datePublished":"2022-05-26T16:24:43+00:00","dateModified":"2022-05-26T16:26:16+00:00","breadcrumb":{"@id":"https:\/\/www.fcejs.unsl.edu.ar\/index.php\/la-fcejs-formo-parte-del-plenario-del-consejo-de-decanas-y-decanos-de-facultades-de-ciencias-sociales-y-humanas\/#breadcrumb"},"inLanguage":"es-AR","potentialAction":[{"@type":"ReadAction","target":["https:\/\/www.fcejs.unsl.edu.ar\/index.php\/la-fcejs-formo-parte-del-plenario-del-consejo-de-decanas-y-decanos-de-facultades-de-ciencias-sociales-y-humanas\/"]}]},{"@type":"ImageObject","inLanguage":"es-AR","@id":"https:\/\/www.fcejs.unsl.edu.ar\/index.php\/la-fcejs-formo-parte-del-plenario-del-consejo-de-decanas-y-decanos-de-facultades-de-ciencias-sociales-y-humanas\/#primaryimage","url":"https:\/\/www.fcejs.unsl.edu.ar\/wp-content\/uploads\/2022\/05\/CODESOC.jpeg","contentUrl":"https:\/\/www.fcejs.unsl.edu.ar\/wp-content\/uploads\/2022\/05\/CODESOC.jpeg","width":1280,"height":853},{"@type":"BreadcrumbList","@id":"https:\/\/www.fcejs.unsl.edu.ar\/index.php\/la-fcejs-formo-parte-del-plenario-del-consejo-de-decanas-y-decanos-de-facultades-de-ciencias-sociales-y-humanas\/#breadcrumb","itemListElement":[{"@type":"ListItem","position":1,"name":"Inicio","item":"https:\/\/www.fcejs.unsl.edu.ar\/"},{"@type":"ListItem","position":2,"name":"La FCEJS form\u00f3 parte del Plenario del Consejo de Decanas y Decanos de Facultades de Ciencias Sociales y Humanas"}]},{"@type":"WebSite","@id":"https:\/\/www.fcejs.unsl.edu.ar\/#website","url":"https:\/\/www.fcejs.unsl.edu.ar\/","name":"Facultad de Ciencias Econ\u00f3micas, Jur\u00ed\u00addicas y Sociales","description":"","publisher":{"@id":"https:\/\/www.fcejs.unsl.edu.ar\/#organization"},"potentialAction":[{"@type":"SearchAction","target":{"@type":"EntryPoint","urlTemplate":"https:\/\/www.fcejs.unsl.edu.ar\/?s={search_term_string}"},"query-input":{"@type":"PropertyValueSpecification","valueRequired":true,"valueName":"search_term_string"}}],"inLanguage":"es-AR"},{"@type":"Organization","@id":"https:\/\/www.fcejs.unsl.edu.ar\/#organization","name":"Facultad de Ciencias Econ\u00f3micas, Jur\u00eddicas y Sociales","url":"https:\/\/www.fcejs.unsl.edu.ar\/","logo":{"@type":"ImageObject","inLanguage":"es-AR","@id":"https:\/\/www.fcejs.unsl.edu.ar\/#\/schema\/logo\/image\/","url":"https:\/\/www.fcejs.unsl.edu.ar\/wp-content\/uploads\/2021\/03\/logo-1.jpg","contentUrl":"https:\/\/www.fcejs.unsl.edu.ar\/wp-content\/uploads\/2021\/03\/logo-1.jpg","width":471,"height":146,"caption":"Facultad de Ciencias Econ\u00f3micas, Jur\u00eddicas y Sociales"},"image":{"@id":"https:\/\/www.fcejs.unsl.edu.ar\/#\/schema\/logo\/image\/"},"sameAs":["https:\/\/www.facebook.com\/FCEJS.UNSL\/","https:\/\/x.com\/FCEJSUNSL","https:\/\/www.instagram.com\/fcejs.unsl\/","https:\/\/www.youtube.com\/channel\/UCH-Ut6EaN_X5ogjIQMPe46g\/"]},{"@type":"Person","@id":"https:\/\/www.fcejs.unsl.edu.ar\/#\/schema\/person\/352ee6ed90c3f394c7cb5945f8956d34","name":"DATI"}]}},"jetpack_featured_media_url":"https:\/\/www.fcejs.unsl.edu.ar\/wp-content\/uploads\/2022\/05\/CODESOC.jpeg","_links":{"self":[{"href":"https:\/\/www.fcejs.unsl.edu.ar\/index.php\/wp-json\/wp\/v2\/posts\/8044","targetHints":{"allow":["GET"]}}],"collection":[{"href":"https:\/\/www.fcejs.unsl.edu.ar\/index.php\/wp-json\/wp\/v2\/posts"}],"about":[{"href":"https:\/\/www.fcejs.unsl.edu.ar\/index.php\/wp-json\/wp\/v2\/types\/post"}],"author":[{"embeddable":true,"href":"https:\/\/www.fcejs.unsl.edu.ar\/index.php\/wp-json\/wp\/v2\/users\/9"}],"replies":[{"embeddable":true,"href":"https:\/\/www.fcejs.unsl.edu.ar\/index.php\/wp-json\/wp\/v2\/comments?post=8044"}],"version-history":[{"count":3,"href":"https:\/\/www.fcejs.unsl.edu.ar\/index.php\/wp-json\/wp\/v2\/posts\/8044\/revisions"}],"predecessor-version":[{"id":8048,"href":"https:\/\/www.fcejs.unsl.edu.ar\/index.php\/wp-json\/wp\/v2\/posts\/8044\/revisions\/8048"}],"wp:featuredmedia":[{"embeddable":true,"href":"https:\/\/www.fcejs.unsl.edu.ar\/index.php\/wp-json\/wp\/v2\/media\/8045"}],"wp:attachment":[{"href":"https:\/\/www.fcejs.unsl.edu.ar\/index.php\/wp-json\/wp\/v2\/media?parent=8044"}],"wp:term":[{"taxonomy":"category","embeddable":true,"href":"https:\/\/www.fcejs.unsl.edu.ar\/index.php\/wp-json\/wp\/v2\/categories?post=8044"},{"taxonomy":"post_tag","embeddable":true,"href":"https:\/\/www.fcejs.unsl.edu.ar\/index.php\/wp-json\/wp\/v2\/tags?post=8044"}],"curies":[{"name":"wp","href":"https:\/\/api.w.org\/{rel}","templated":true}]}}