{"id":8031,"date":"2022-05-24T12:53:17","date_gmt":"2022-05-24T15:53:17","guid":{"rendered":"http:\/\/10.101.10.197\/www\/?p=8031"},"modified":"2022-06-29T09:49:34","modified_gmt":"2022-06-29T12:49:34","slug":"el-consejo-superior-aprobo-el-ciclo-complementario-curricular-para-la-licenciatura-en-acompanamiento-terapeutico","status":"publish","type":"post","link":"https:\/\/www.fcejs.unsl.edu.ar\/index.php\/el-consejo-superior-aprobo-el-ciclo-complementario-curricular-para-la-licenciatura-en-acompanamiento-terapeutico\/","title":{"rendered":"El Consejo Superior aprob\u00f3 el Ciclo Complementario Curricular para la Licenciatura en Acompa\u00f1amiento Terap\u00e9utico"},"content":{"rendered":"<p>El Consejo Superior, en la sesi\u00f3n del 24 de mayo de 2022, aprob\u00f3 la creaci\u00f3n de la Carrera Licenciatura en Acompa\u00f1amiento Terap\u00e9utico, Ciclo de Complementaci\u00f3n Curricular, para optar al grado de Licenciado\/a en Acompa\u00f1amiento Terap\u00e9utico.<\/p>\n<p>Este Ciclo es la respuesta a una demanda de las\/los egresadas\/os de la Tecnicatura Universitaria en Acompa\u00f1amiento Terape\u00fatico, dictada en el \u00e1mbito de la FCEJS, para avanzar en su formaci\u00f3n con la intenci\u00f3n de obtener un t\u00edtulo de grado de licenciada\/o, y tambi\u00e9n posteriormente de posgrado.<\/p>\n<p>Los Ciclos de Complementaci\u00f3n Curricular (CCC) son carreras que exigen condiciones especiales de ingreso y est\u00e1n destinadas a postulantes con t\u00edtulo de pregrado; la formaci\u00f3n que certifica el t\u00edtulo est\u00e1 destinada a completar y complementar la formaci\u00f3n obtenida con anterioridad y constituye una respuesta a una demanda social por mayores niveles de formaci\u00f3n en determinadas \u00e1reas disciplinares y campos de desempe\u00f1o profesional.<\/p>\n<p>El objetivo del CCC es formar Licenciadas\/os en Acompa\u00f1amiento Terap\u00e9utico con fundamentos cr\u00edticos y reflexivos en el aspecto profesional, social y \u00e9tico para desenvolverse en todos los \u00e1mbitos y niveles del campo social, capacitar a las\/los estudiantes en el ejercicio de la docencia y la investigaci\u00f3n, estimulando el trabajo de extensi\u00f3n hacia la comunidad, divulgando y aplicando los resultados como contribuci\u00f3n a las Pol\u00edticas P\u00fablicas y al desarrollo profesional, proveer de conocimientos que permitan dotar de herramientas a las\/los acompa\u00f1adas\/os a fin de mejorar su calidad de vida y su inserci\u00f3n socio-laboral y preparar la\/el Licenciada\/o en Acompa\u00f1amiento Terap\u00e9utico para, interpretar demandas y solicitudes profesionales, elaborar informes sobre su actividad y resolver problemas que se presenten en el ejercicio de su funci\u00f3n.<\/p>\n<p>Ser\u00e1 dictado en modalidad presencial con una duraci\u00f3n de tres cuatrimestres y una carga horaria total de 1050 horas-reloj.<\/p>\n","protected":false},"excerpt":{"rendered":"<p>El Consejo Superior, en la sesi\u00f3n del 24 de mayo de 2022, aprob\u00f3 la creaci\u00f3n de la Carrera Licenciatura en Acompa\u00f1amiento Terap\u00e9utico, Ciclo de Complementaci\u00f3n&hellip;<\/p>\n","protected":false},"author":9,"featured_media":8033,"comment_status":"closed","ping_status":"closed","sticky":false,"template":"","format":"standard","meta":{"om_disable_all_campaigns":false,"_monsterinsights_skip_tracking":false,"_monsterinsights_sitenote_active":false,"_monsterinsights_sitenote_note":"","_monsterinsights_sitenote_category":0,"footnotes":""},"categories":[1],"tags":[],"class_list":["post-8031","post","type-post","status-publish","format-standard","has-post-thumbnail","hentry","category-noticias"],"yoast_head":"<!-- This site is optimized with the Yoast SEO plugin v27.4 - https:\/\/yoast.com\/product\/yoast-seo-wordpress\/ -->\n<title>El Consejo Superior aprob\u00f3 el Ciclo Complementario Curricular para la Licenciatura en Acompa\u00f1amiento Terap\u00e9utico - Facultad de Ciencias Econ\u00f3micas, Jur\u00ed\u00addicas y Sociales<\/title>\n<meta name=\"robots\" content=\"index, follow, max-snippet:-1, max-image-preview:large, max-video-preview:-1\" \/>\n<link rel=\"canonical\" href=\"https:\/\/www.fcejs.unsl.edu.ar\/index.php\/el-consejo-superior-aprobo-el-ciclo-complementario-curricular-para-la-licenciatura-en-acompanamiento-terapeutico\/\" \/>\n<meta property=\"og:locale\" content=\"es_ES\" \/>\n<meta property=\"og:type\" content=\"article\" \/>\n<meta property=\"og:title\" content=\"El Consejo Superior aprob\u00f3 el Ciclo Complementario Curricular para la Licenciatura en Acompa\u00f1amiento Terap\u00e9utico - Facultad de Ciencias Econ\u00f3micas, Jur\u00ed\u00addicas y Sociales\" \/>\n<meta property=\"og:description\" content=\"El Consejo Superior, en la sesi\u00f3n del 24 de mayo de 2022, aprob\u00f3 la creaci\u00f3n de la Carrera Licenciatura en Acompa\u00f1amiento Terap\u00e9utico, Ciclo de Complementaci\u00f3n&hellip;\" \/>\n<meta property=\"og:url\" content=\"https:\/\/www.fcejs.unsl.edu.ar\/index.php\/el-consejo-superior-aprobo-el-ciclo-complementario-curricular-para-la-licenciatura-en-acompanamiento-terapeutico\/\" \/>\n<meta property=\"og:site_name\" content=\"Facultad de Ciencias Econ\u00f3micas, Jur\u00ed\u00addicas y Sociales\" \/>\n<meta property=\"article:publisher\" content=\"https:\/\/www.facebook.com\/FCEJS.UNSL\/\" \/>\n<meta property=\"article:published_time\" content=\"2022-05-24T15:53:17+00:00\" \/>\n<meta property=\"article:modified_time\" content=\"2022-06-29T12:49:34+00:00\" \/>\n<meta property=\"og:image\" content=\"https:\/\/www.fcejs.unsl.edu.ar\/wp-content\/uploads\/2022\/05\/acompanamiento-lic.jpg\" \/>\n\t<meta property=\"og:image:width\" content=\"1061\" \/>\n\t<meta property=\"og:image:height\" content=\"600\" \/>\n\t<meta property=\"og:image:type\" content=\"image\/jpeg\" \/>\n<meta name=\"author\" content=\"DATI\" \/>\n<meta name=\"twitter:card\" content=\"summary_large_image\" \/>\n<meta name=\"twitter:creator\" content=\"@FCEJSUNSL\" \/>\n<meta name=\"twitter:site\" content=\"@FCEJSUNSL\" \/>\n<meta name=\"twitter:label1\" content=\"Escrito por\" \/>\n\t<meta name=\"twitter:data1\" content=\"DATI\" \/>\n\t<meta name=\"twitter:label2\" content=\"Tiempo de lectura\" \/>\n\t<meta name=\"twitter:data2\" content=\"2 minutos\" \/>\n<script type=\"application\/ld+json\" class=\"yoast-schema-graph\">{\"@context\":\"https:\\\/\\\/schema.org\",\"@graph\":[{\"@type\":\"Article\",\"@id\":\"https:\\\/\\\/www.fcejs.unsl.edu.ar\\\/index.php\\\/el-consejo-superior-aprobo-el-ciclo-complementario-curricular-para-la-licenciatura-en-acompanamiento-terapeutico\\\/#article\",\"isPartOf\":{\"@id\":\"https:\\\/\\\/www.fcejs.unsl.edu.ar\\\/index.php\\\/el-consejo-superior-aprobo-el-ciclo-complementario-curricular-para-la-licenciatura-en-acompanamiento-terapeutico\\\/\"},\"author\":{\"name\":\"DATI\",\"@id\":\"https:\\\/\\\/www.fcejs.unsl.edu.ar\\\/#\\\/schema\\\/person\\\/352ee6ed90c3f394c7cb5945f8956d34\"},\"headline\":\"El Consejo Superior aprob\u00f3 el Ciclo Complementario Curricular para la Licenciatura en Acompa\u00f1amiento Terap\u00e9utico\",\"datePublished\":\"2022-05-24T15:53:17+00:00\",\"dateModified\":\"2022-06-29T12:49:34+00:00\",\"mainEntityOfPage\":{\"@id\":\"https:\\\/\\\/www.fcejs.unsl.edu.ar\\\/index.php\\\/el-consejo-superior-aprobo-el-ciclo-complementario-curricular-para-la-licenciatura-en-acompanamiento-terapeutico\\\/\"},\"wordCount\":342,\"publisher\":{\"@id\":\"https:\\\/\\\/www.fcejs.unsl.edu.ar\\\/#organization\"},\"image\":{\"@id\":\"https:\\\/\\\/www.fcejs.unsl.edu.ar\\\/index.php\\\/el-consejo-superior-aprobo-el-ciclo-complementario-curricular-para-la-licenciatura-en-acompanamiento-terapeutico\\\/#primaryimage\"},\"thumbnailUrl\":\"https:\\\/\\\/www.fcejs.unsl.edu.ar\\\/wp-content\\\/uploads\\\/2022\\\/05\\\/acompanamiento-lic.jpg\",\"articleSection\":[\"Noticias\"],\"inLanguage\":\"es-AR\"},{\"@type\":\"WebPage\",\"@id\":\"https:\\\/\\\/www.fcejs.unsl.edu.ar\\\/index.php\\\/el-consejo-superior-aprobo-el-ciclo-complementario-curricular-para-la-licenciatura-en-acompanamiento-terapeutico\\\/\",\"url\":\"https:\\\/\\\/www.fcejs.unsl.edu.ar\\\/index.php\\\/el-consejo-superior-aprobo-el-ciclo-complementario-curricular-para-la-licenciatura-en-acompanamiento-terapeutico\\\/\",\"name\":\"El Consejo Superior aprob\u00f3 el Ciclo Complementario Curricular para la Licenciatura en Acompa\u00f1amiento Terap\u00e9utico - Facultad de Ciencias Econ\u00f3micas, Jur\u00ed\u00addicas y Sociales\",\"isPartOf\":{\"@id\":\"https:\\\/\\\/www.fcejs.unsl.edu.ar\\\/#website\"},\"primaryImageOfPage\":{\"@id\":\"https:\\\/\\\/www.fcejs.unsl.edu.ar\\\/index.php\\\/el-consejo-superior-aprobo-el-ciclo-complementario-curricular-para-la-licenciatura-en-acompanamiento-terapeutico\\\/#primaryimage\"},\"image\":{\"@id\":\"https:\\\/\\\/www.fcejs.unsl.edu.ar\\\/index.php\\\/el-consejo-superior-aprobo-el-ciclo-complementario-curricular-para-la-licenciatura-en-acompanamiento-terapeutico\\\/#primaryimage\"},\"thumbnailUrl\":\"https:\\\/\\\/www.fcejs.unsl.edu.ar\\\/wp-content\\\/uploads\\\/2022\\\/05\\\/acompanamiento-lic.jpg\",\"datePublished\":\"2022-05-24T15:53:17+00:00\",\"dateModified\":\"2022-06-29T12:49:34+00:00\",\"breadcrumb\":{\"@id\":\"https:\\\/\\\/www.fcejs.unsl.edu.ar\\\/index.php\\\/el-consejo-superior-aprobo-el-ciclo-complementario-curricular-para-la-licenciatura-en-acompanamiento-terapeutico\\\/#breadcrumb\"},\"inLanguage\":\"es-AR\",\"potentialAction\":[{\"@type\":\"ReadAction\",\"target\":[\"https:\\\/\\\/www.fcejs.unsl.edu.ar\\\/index.php\\\/el-consejo-superior-aprobo-el-ciclo-complementario-curricular-para-la-licenciatura-en-acompanamiento-terapeutico\\\/\"]}]},{\"@type\":\"ImageObject\",\"inLanguage\":\"es-AR\",\"@id\":\"https:\\\/\\\/www.fcejs.unsl.edu.ar\\\/index.php\\\/el-consejo-superior-aprobo-el-ciclo-complementario-curricular-para-la-licenciatura-en-acompanamiento-terapeutico\\\/#primaryimage\",\"url\":\"https:\\\/\\\/www.fcejs.unsl.edu.ar\\\/wp-content\\\/uploads\\\/2022\\\/05\\\/acompanamiento-lic.jpg\",\"contentUrl\":\"https:\\\/\\\/www.fcejs.unsl.edu.ar\\\/wp-content\\\/uploads\\\/2022\\\/05\\\/acompanamiento-lic.jpg\",\"width\":1061,\"height\":600},{\"@type\":\"BreadcrumbList\",\"@id\":\"https:\\\/\\\/www.fcejs.unsl.edu.ar\\\/index.php\\\/el-consejo-superior-aprobo-el-ciclo-complementario-curricular-para-la-licenciatura-en-acompanamiento-terapeutico\\\/#breadcrumb\",\"itemListElement\":[{\"@type\":\"ListItem\",\"position\":1,\"name\":\"Inicio\",\"item\":\"https:\\\/\\\/www.fcejs.unsl.edu.ar\\\/\"},{\"@type\":\"ListItem\",\"position\":2,\"name\":\"El Consejo Superior aprob\u00f3 el Ciclo Complementario Curricular para la Licenciatura en Acompa\u00f1amiento Terap\u00e9utico\"}]},{\"@type\":\"WebSite\",\"@id\":\"https:\\\/\\\/www.fcejs.unsl.edu.ar\\\/#website\",\"url\":\"https:\\\/\\\/www.fcejs.unsl.edu.ar\\\/\",\"name\":\"Facultad de Ciencias Econ\u00f3micas, Jur\u00ed\u00addicas y Sociales\",\"description\":\"\",\"publisher\":{\"@id\":\"https:\\\/\\\/www.fcejs.unsl.edu.ar\\\/#organization\"},\"potentialAction\":[{\"@type\":\"SearchAction\",\"target\":{\"@type\":\"EntryPoint\",\"urlTemplate\":\"https:\\\/\\\/www.fcejs.unsl.edu.ar\\\/?s={search_term_string}\"},\"query-input\":{\"@type\":\"PropertyValueSpecification\",\"valueRequired\":true,\"valueName\":\"search_term_string\"}}],\"inLanguage\":\"es-AR\"},{\"@type\":\"Organization\",\"@id\":\"https:\\\/\\\/www.fcejs.unsl.edu.ar\\\/#organization\",\"name\":\"Facultad de Ciencias Econ\u00f3micas, Jur\u00eddicas y Sociales\",\"url\":\"https:\\\/\\\/www.fcejs.unsl.edu.ar\\\/\",\"logo\":{\"@type\":\"ImageObject\",\"inLanguage\":\"es-AR\",\"@id\":\"https:\\\/\\\/www.fcejs.unsl.edu.ar\\\/#\\\/schema\\\/logo\\\/image\\\/\",\"url\":\"https:\\\/\\\/www.fcejs.unsl.edu.ar\\\/wp-content\\\/uploads\\\/2021\\\/03\\\/logo-1.jpg\",\"contentUrl\":\"https:\\\/\\\/www.fcejs.unsl.edu.ar\\\/wp-content\\\/uploads\\\/2021\\\/03\\\/logo-1.jpg\",\"width\":471,\"height\":146,\"caption\":\"Facultad de Ciencias Econ\u00f3micas, Jur\u00eddicas y Sociales\"},\"image\":{\"@id\":\"https:\\\/\\\/www.fcejs.unsl.edu.ar\\\/#\\\/schema\\\/logo\\\/image\\\/\"},\"sameAs\":[\"https:\\\/\\\/www.facebook.com\\\/FCEJS.UNSL\\\/\",\"https:\\\/\\\/x.com\\\/FCEJSUNSL\",\"https:\\\/\\\/www.instagram.com\\\/fcejs.unsl\\\/\",\"https:\\\/\\\/www.youtube.com\\\/channel\\\/UCH-Ut6EaN_X5ogjIQMPe46g\\\/\"]},{\"@type\":\"Person\",\"@id\":\"https:\\\/\\\/www.fcejs.unsl.edu.ar\\\/#\\\/schema\\\/person\\\/352ee6ed90c3f394c7cb5945f8956d34\",\"name\":\"DATI\"}]}<\/script>\n<!-- \/ Yoast SEO plugin. -->","yoast_head_json":{"title":"El Consejo Superior aprob\u00f3 el Ciclo Complementario Curricular para la Licenciatura en Acompa\u00f1amiento Terap\u00e9utico - Facultad de Ciencias Econ\u00f3micas, Jur\u00ed\u00addicas y Sociales","robots":{"index":"index","follow":"follow","max-snippet":"max-snippet:-1","max-image-preview":"max-image-preview:large","max-video-preview":"max-video-preview:-1"},"canonical":"https:\/\/www.fcejs.unsl.edu.ar\/index.php\/el-consejo-superior-aprobo-el-ciclo-complementario-curricular-para-la-licenciatura-en-acompanamiento-terapeutico\/","og_locale":"es_ES","og_type":"article","og_title":"El Consejo Superior aprob\u00f3 el Ciclo Complementario Curricular para la Licenciatura en Acompa\u00f1amiento Terap\u00e9utico - Facultad de Ciencias Econ\u00f3micas, Jur\u00ed\u00addicas y Sociales","og_description":"El Consejo Superior, en la sesi\u00f3n del 24 de mayo de 2022, aprob\u00f3 la creaci\u00f3n de la Carrera Licenciatura en Acompa\u00f1amiento Terap\u00e9utico, Ciclo de Complementaci\u00f3n&hellip;","og_url":"https:\/\/www.fcejs.unsl.edu.ar\/index.php\/el-consejo-superior-aprobo-el-ciclo-complementario-curricular-para-la-licenciatura-en-acompanamiento-terapeutico\/","og_site_name":"Facultad de Ciencias Econ\u00f3micas, Jur\u00ed\u00addicas y Sociales","article_publisher":"https:\/\/www.facebook.com\/FCEJS.UNSL\/","article_published_time":"2022-05-24T15:53:17+00:00","article_modified_time":"2022-06-29T12:49:34+00:00","og_image":[{"width":1061,"height":600,"url":"https:\/\/www.fcejs.unsl.edu.ar\/wp-content\/uploads\/2022\/05\/acompanamiento-lic.jpg","type":"image\/jpeg"}],"author":"DATI","twitter_card":"summary_large_image","twitter_creator":"@FCEJSUNSL","twitter_site":"@FCEJSUNSL","twitter_misc":{"Escrito por":"DATI","Tiempo de lectura":"2 minutos"},"schema":{"@context":"https:\/\/schema.org","@graph":[{"@type":"Article","@id":"https:\/\/www.fcejs.unsl.edu.ar\/index.php\/el-consejo-superior-aprobo-el-ciclo-complementario-curricular-para-la-licenciatura-en-acompanamiento-terapeutico\/#article","isPartOf":{"@id":"https:\/\/www.fcejs.unsl.edu.ar\/index.php\/el-consejo-superior-aprobo-el-ciclo-complementario-curricular-para-la-licenciatura-en-acompanamiento-terapeutico\/"},"author":{"name":"DATI","@id":"https:\/\/www.fcejs.unsl.edu.ar\/#\/schema\/person\/352ee6ed90c3f394c7cb5945f8956d34"},"headline":"El Consejo Superior aprob\u00f3 el Ciclo Complementario Curricular para la Licenciatura en Acompa\u00f1amiento Terap\u00e9utico","datePublished":"2022-05-24T15:53:17+00:00","dateModified":"2022-06-29T12:49:34+00:00","mainEntityOfPage":{"@id":"https:\/\/www.fcejs.unsl.edu.ar\/index.php\/el-consejo-superior-aprobo-el-ciclo-complementario-curricular-para-la-licenciatura-en-acompanamiento-terapeutico\/"},"wordCount":342,"publisher":{"@id":"https:\/\/www.fcejs.unsl.edu.ar\/#organization"},"image":{"@id":"https:\/\/www.fcejs.unsl.edu.ar\/index.php\/el-consejo-superior-aprobo-el-ciclo-complementario-curricular-para-la-licenciatura-en-acompanamiento-terapeutico\/#primaryimage"},"thumbnailUrl":"https:\/\/www.fcejs.unsl.edu.ar\/wp-content\/uploads\/2022\/05\/acompanamiento-lic.jpg","articleSection":["Noticias"],"inLanguage":"es-AR"},{"@type":"WebPage","@id":"https:\/\/www.fcejs.unsl.edu.ar\/index.php\/el-consejo-superior-aprobo-el-ciclo-complementario-curricular-para-la-licenciatura-en-acompanamiento-terapeutico\/","url":"https:\/\/www.fcejs.unsl.edu.ar\/index.php\/el-consejo-superior-aprobo-el-ciclo-complementario-curricular-para-la-licenciatura-en-acompanamiento-terapeutico\/","name":"El Consejo Superior aprob\u00f3 el Ciclo Complementario Curricular para la Licenciatura en Acompa\u00f1amiento Terap\u00e9utico - Facultad de Ciencias Econ\u00f3micas, Jur\u00ed\u00addicas y Sociales","isPartOf":{"@id":"https:\/\/www.fcejs.unsl.edu.ar\/#website"},"primaryImageOfPage":{"@id":"https:\/\/www.fcejs.unsl.edu.ar\/index.php\/el-consejo-superior-aprobo-el-ciclo-complementario-curricular-para-la-licenciatura-en-acompanamiento-terapeutico\/#primaryimage"},"image":{"@id":"https:\/\/www.fcejs.unsl.edu.ar\/index.php\/el-consejo-superior-aprobo-el-ciclo-complementario-curricular-para-la-licenciatura-en-acompanamiento-terapeutico\/#primaryimage"},"thumbnailUrl":"https:\/\/www.fcejs.unsl.edu.ar\/wp-content\/uploads\/2022\/05\/acompanamiento-lic.jpg","datePublished":"2022-05-24T15:53:17+00:00","dateModified":"2022-06-29T12:49:34+00:00","breadcrumb":{"@id":"https:\/\/www.fcejs.unsl.edu.ar\/index.php\/el-consejo-superior-aprobo-el-ciclo-complementario-curricular-para-la-licenciatura-en-acompanamiento-terapeutico\/#breadcrumb"},"inLanguage":"es-AR","potentialAction":[{"@type":"ReadAction","target":["https:\/\/www.fcejs.unsl.edu.ar\/index.php\/el-consejo-superior-aprobo-el-ciclo-complementario-curricular-para-la-licenciatura-en-acompanamiento-terapeutico\/"]}]},{"@type":"ImageObject","inLanguage":"es-AR","@id":"https:\/\/www.fcejs.unsl.edu.ar\/index.php\/el-consejo-superior-aprobo-el-ciclo-complementario-curricular-para-la-licenciatura-en-acompanamiento-terapeutico\/#primaryimage","url":"https:\/\/www.fcejs.unsl.edu.ar\/wp-content\/uploads\/2022\/05\/acompanamiento-lic.jpg","contentUrl":"https:\/\/www.fcejs.unsl.edu.ar\/wp-content\/uploads\/2022\/05\/acompanamiento-lic.jpg","width":1061,"height":600},{"@type":"BreadcrumbList","@id":"https:\/\/www.fcejs.unsl.edu.ar\/index.php\/el-consejo-superior-aprobo-el-ciclo-complementario-curricular-para-la-licenciatura-en-acompanamiento-terapeutico\/#breadcrumb","itemListElement":[{"@type":"ListItem","position":1,"name":"Inicio","item":"https:\/\/www.fcejs.unsl.edu.ar\/"},{"@type":"ListItem","position":2,"name":"El Consejo Superior aprob\u00f3 el Ciclo Complementario Curricular para la Licenciatura en Acompa\u00f1amiento Terap\u00e9utico"}]},{"@type":"WebSite","@id":"https:\/\/www.fcejs.unsl.edu.ar\/#website","url":"https:\/\/www.fcejs.unsl.edu.ar\/","name":"Facultad de Ciencias Econ\u00f3micas, Jur\u00ed\u00addicas y Sociales","description":"","publisher":{"@id":"https:\/\/www.fcejs.unsl.edu.ar\/#organization"},"potentialAction":[{"@type":"SearchAction","target":{"@type":"EntryPoint","urlTemplate":"https:\/\/www.fcejs.unsl.edu.ar\/?s={search_term_string}"},"query-input":{"@type":"PropertyValueSpecification","valueRequired":true,"valueName":"search_term_string"}}],"inLanguage":"es-AR"},{"@type":"Organization","@id":"https:\/\/www.fcejs.unsl.edu.ar\/#organization","name":"Facultad de Ciencias Econ\u00f3micas, Jur\u00eddicas y Sociales","url":"https:\/\/www.fcejs.unsl.edu.ar\/","logo":{"@type":"ImageObject","inLanguage":"es-AR","@id":"https:\/\/www.fcejs.unsl.edu.ar\/#\/schema\/logo\/image\/","url":"https:\/\/www.fcejs.unsl.edu.ar\/wp-content\/uploads\/2021\/03\/logo-1.jpg","contentUrl":"https:\/\/www.fcejs.unsl.edu.ar\/wp-content\/uploads\/2021\/03\/logo-1.jpg","width":471,"height":146,"caption":"Facultad de Ciencias Econ\u00f3micas, Jur\u00eddicas y Sociales"},"image":{"@id":"https:\/\/www.fcejs.unsl.edu.ar\/#\/schema\/logo\/image\/"},"sameAs":["https:\/\/www.facebook.com\/FCEJS.UNSL\/","https:\/\/x.com\/FCEJSUNSL","https:\/\/www.instagram.com\/fcejs.unsl\/","https:\/\/www.youtube.com\/channel\/UCH-Ut6EaN_X5ogjIQMPe46g\/"]},{"@type":"Person","@id":"https:\/\/www.fcejs.unsl.edu.ar\/#\/schema\/person\/352ee6ed90c3f394c7cb5945f8956d34","name":"DATI"}]}},"jetpack_featured_media_url":"https:\/\/www.fcejs.unsl.edu.ar\/wp-content\/uploads\/2022\/05\/acompanamiento-lic.jpg","_links":{"self":[{"href":"https:\/\/www.fcejs.unsl.edu.ar\/index.php\/wp-json\/wp\/v2\/posts\/8031","targetHints":{"allow":["GET"]}}],"collection":[{"href":"https:\/\/www.fcejs.unsl.edu.ar\/index.php\/wp-json\/wp\/v2\/posts"}],"about":[{"href":"https:\/\/www.fcejs.unsl.edu.ar\/index.php\/wp-json\/wp\/v2\/types\/post"}],"author":[{"embeddable":true,"href":"https:\/\/www.fcejs.unsl.edu.ar\/index.php\/wp-json\/wp\/v2\/users\/9"}],"replies":[{"embeddable":true,"href":"https:\/\/www.fcejs.unsl.edu.ar\/index.php\/wp-json\/wp\/v2\/comments?post=8031"}],"version-history":[{"count":5,"href":"https:\/\/www.fcejs.unsl.edu.ar\/index.php\/wp-json\/wp\/v2\/posts\/8031\/revisions"}],"predecessor-version":[{"id":8050,"href":"https:\/\/www.fcejs.unsl.edu.ar\/index.php\/wp-json\/wp\/v2\/posts\/8031\/revisions\/8050"}],"wp:featuredmedia":[{"embeddable":true,"href":"https:\/\/www.fcejs.unsl.edu.ar\/index.php\/wp-json\/wp\/v2\/media\/8033"}],"wp:attachment":[{"href":"https:\/\/www.fcejs.unsl.edu.ar\/index.php\/wp-json\/wp\/v2\/media?parent=8031"}],"wp:term":[{"taxonomy":"category","embeddable":true,"href":"https:\/\/www.fcejs.unsl.edu.ar\/index.php\/wp-json\/wp\/v2\/categories?post=8031"},{"taxonomy":"post_tag","embeddable":true,"href":"https:\/\/www.fcejs.unsl.edu.ar\/index.php\/wp-json\/wp\/v2\/tags?post=8031"}],"curies":[{"name":"wp","href":"https:\/\/api.w.org\/{rel}","templated":true}]}}