{"id":8010,"date":"2022-05-24T10:08:42","date_gmt":"2022-05-24T13:08:42","guid":{"rendered":"http:\/\/10.101.10.197\/www\/?p=8010"},"modified":"2022-06-03T09:50:32","modified_gmt":"2022-06-03T12:50:32","slug":"se-realizaron-las-cuartas-jornadas-de-administracion-financiera","status":"publish","type":"post","link":"https:\/\/www.fcejs.unsl.edu.ar\/index.php\/se-realizaron-las-cuartas-jornadas-de-administracion-financiera\/","title":{"rendered":"Se realizaron las cuartas Jornadas de Administraci\u00f3n Financiera"},"content":{"rendered":"<p>El Instituto Escuela de Econom\u00eda, Negocios y Transferencia Tecnol\u00f3gica (EEN&amp;TT) de la FCEJS fue sede de las 4tas. Jornadas de Administraci\u00f3n Financiera. La nueva edici\u00f3n se llev\u00f3 a cabo el pasado viernes 20 de mayo, con la participaci\u00f3n del Dr. Germ\u00e1n Huayamave, (USM Campus Guayaquil), campus Guayaquil, la Lic. Mar\u00eda Jos\u00e9 Galetto (UNSL) y el Mgtr. Gerardo Balanguero (Universidad Nacional de Jujuy).<\/p>\n<p>En representaci\u00f3n del Decano de la FCEJS, Mgtr. Marcelo Casabene, que no pudo asistir por cuestiones personales, las palabras de bienvenida fueron brindadas por la Secretaria de Investigaci\u00f3n y Posgrado de la FCEJS, Mgtr. Silvina Galetto. Indic\u00f3 que las jornadas invitan a pensar en un doble clivaje. Por un lado, &#8220;de los instrumentos financieros m\u00e1s innovadores, pero tambi\u00e9n pensando en el impacto en la vida cotidiana, en la familia, en la peque\u00f1a empresa, y no como algo que pasa lejos, en los mercados de los valores que no nos afectan, sino que pasa en la econom\u00eda de la que formamos parte&#8221;.<\/p>\n<p><img fetchpriority=\"high\" decoding=\"async\" class=\"aligncenter size-large wp-image-7985\" src=\"https:\/\/www.fcejs.unsl.edu.ar\/wp-content\/uploads\/2022\/05\/jornadas-administracion-financiera-1024x682.jpg\" alt=\"\" width=\"843\" height=\"561\" srcset=\"https:\/\/www.fcejs.unsl.edu.ar\/wp-content\/uploads\/2022\/05\/jornadas-administracion-financiera-1024x682.jpg 1024w, https:\/\/www.fcejs.unsl.edu.ar\/wp-content\/uploads\/2022\/05\/jornadas-administracion-financiera-300x200.jpg 300w, https:\/\/www.fcejs.unsl.edu.ar\/wp-content\/uploads\/2022\/05\/jornadas-administracion-financiera-768x512.jpg 768w, https:\/\/www.fcejs.unsl.edu.ar\/wp-content\/uploads\/2022\/05\/jornadas-administracion-financiera.jpg 1100w\" sizes=\"(max-width: 843px) 100vw, 843px\" \/><\/p>\n<p>Por \u00faltimo, agradeci\u00f3 al director de la EEN&amp;TT, Mgtr. Jorge D\u00edaz, por pensar en un instituto escuela que dialoga permanentemente con el medio y que trae un espacio para reflexionar nuevos temas. Tambi\u00e9n, destac\u00f3 el trabajo realizado por el equipo de asignatura Administraci\u00f3n Financiera, encabezado por el Lic. Marcos Lucero, que hace cinco a\u00f1os sostiene el espacio, \u201cporque no es un detalle menor, ya que cuando uno hace docencia, pensar c\u00f3mo articular una actividad que sirva para transferir la dinamica que ocurre en el aula, deja poco espacio para otros lugares donde encontrarnos con los estudiantes que habilite esto. Que los ponga en contacto con quienes ejercen, es un gran reconocimiento\u201d.<\/p>\n<p>Como novedad de esta edici\u00f3n, se realizaron pre-jornadas, en las cuales j\u00f3venes estudiantes y reci\u00e9n graduados de la FCEJS disertaron sobre temas financieros de actualidad. El estudiante Octavio Caunedo reflexion\u00f3 sobre si la especulaci\u00f3n es perjudicial para la econom\u00eda. A continuaci\u00f3n, el TUGF Marcelo Vara present\u00f3 al ecosistema cripto como alternativa de reserva de valor.<\/p>\n","protected":false},"excerpt":{"rendered":"<p>El Instituto Escuela de Econom\u00eda, Negocios y Transferencia Tecnol\u00f3gica (EEN&amp;TT) de la FCEJS fue sede de las 4tas. Jornadas de Administraci\u00f3n Financiera. La nueva edici\u00f3n&hellip;<\/p>\n","protected":false},"author":9,"featured_media":7986,"comment_status":"closed","ping_status":"closed","sticky":false,"template":"","format":"standard","meta":{"om_disable_all_campaigns":false,"_monsterinsights_skip_tracking":false,"_monsterinsights_sitenote_active":false,"_monsterinsights_sitenote_note":"","_monsterinsights_sitenote_category":0,"footnotes":""},"categories":[1],"tags":[],"class_list":["post-8010","post","type-post","status-publish","format-standard","has-post-thumbnail","hentry","category-noticias"],"yoast_head":"<!-- This site is optimized with the Yoast SEO plugin v27.4 - https:\/\/yoast.com\/product\/yoast-seo-wordpress\/ -->\n<title>Se realizaron las cuartas Jornadas de Administraci\u00f3n Financiera - Facultad de Ciencias Econ\u00f3micas, Jur\u00ed\u00addicas y Sociales<\/title>\n<meta name=\"robots\" content=\"index, follow, max-snippet:-1, max-image-preview:large, max-video-preview:-1\" \/>\n<link rel=\"canonical\" href=\"https:\/\/www.fcejs.unsl.edu.ar\/index.php\/se-realizaron-las-cuartas-jornadas-de-administracion-financiera\/\" \/>\n<meta property=\"og:locale\" content=\"es_ES\" \/>\n<meta property=\"og:type\" content=\"article\" \/>\n<meta property=\"og:title\" content=\"Se realizaron las cuartas Jornadas de Administraci\u00f3n Financiera - Facultad de Ciencias Econ\u00f3micas, Jur\u00ed\u00addicas y Sociales\" \/>\n<meta property=\"og:description\" content=\"El Instituto Escuela de Econom\u00eda, Negocios y Transferencia Tecnol\u00f3gica (EEN&amp;TT) de la FCEJS fue sede de las 4tas. Jornadas de Administraci\u00f3n Financiera. La nueva edici\u00f3n&hellip;\" \/>\n<meta property=\"og:url\" content=\"https:\/\/www.fcejs.unsl.edu.ar\/index.php\/se-realizaron-las-cuartas-jornadas-de-administracion-financiera\/\" \/>\n<meta property=\"og:site_name\" content=\"Facultad de Ciencias Econ\u00f3micas, Jur\u00ed\u00addicas y Sociales\" \/>\n<meta property=\"article:publisher\" content=\"https:\/\/www.facebook.com\/FCEJS.UNSL\/\" \/>\n<meta property=\"article:published_time\" content=\"2022-05-24T13:08:42+00:00\" \/>\n<meta property=\"article:modified_time\" content=\"2022-06-03T12:50:32+00:00\" \/>\n<meta property=\"og:image\" content=\"https:\/\/www.fcejs.unsl.edu.ar\/wp-content\/uploads\/2022\/05\/jornadas-administracion-financiera-02.jpg\" \/>\n\t<meta property=\"og:image:width\" content=\"1100\" \/>\n\t<meta property=\"og:image:height\" content=\"733\" \/>\n\t<meta property=\"og:image:type\" content=\"image\/jpeg\" \/>\n<meta name=\"author\" content=\"DATI\" \/>\n<meta name=\"twitter:card\" content=\"summary_large_image\" \/>\n<meta name=\"twitter:creator\" content=\"@FCEJSUNSL\" \/>\n<meta name=\"twitter:site\" content=\"@FCEJSUNSL\" \/>\n<meta name=\"twitter:label1\" content=\"Escrito por\" \/>\n\t<meta name=\"twitter:data1\" content=\"DATI\" \/>\n\t<meta name=\"twitter:label2\" content=\"Tiempo de lectura\" \/>\n\t<meta name=\"twitter:data2\" content=\"2 minutos\" \/>\n<script type=\"application\/ld+json\" class=\"yoast-schema-graph\">{\"@context\":\"https:\\\/\\\/schema.org\",\"@graph\":[{\"@type\":\"Article\",\"@id\":\"https:\\\/\\\/www.fcejs.unsl.edu.ar\\\/index.php\\\/se-realizaron-las-cuartas-jornadas-de-administracion-financiera\\\/#article\",\"isPartOf\":{\"@id\":\"https:\\\/\\\/www.fcejs.unsl.edu.ar\\\/index.php\\\/se-realizaron-las-cuartas-jornadas-de-administracion-financiera\\\/\"},\"author\":{\"name\":\"DATI\",\"@id\":\"https:\\\/\\\/www.fcejs.unsl.edu.ar\\\/#\\\/schema\\\/person\\\/352ee6ed90c3f394c7cb5945f8956d34\"},\"headline\":\"Se realizaron las cuartas Jornadas de Administraci\u00f3n Financiera\",\"datePublished\":\"2022-05-24T13:08:42+00:00\",\"dateModified\":\"2022-06-03T12:50:32+00:00\",\"mainEntityOfPage\":{\"@id\":\"https:\\\/\\\/www.fcejs.unsl.edu.ar\\\/index.php\\\/se-realizaron-las-cuartas-jornadas-de-administracion-financiera\\\/\"},\"wordCount\":365,\"publisher\":{\"@id\":\"https:\\\/\\\/www.fcejs.unsl.edu.ar\\\/#organization\"},\"image\":{\"@id\":\"https:\\\/\\\/www.fcejs.unsl.edu.ar\\\/index.php\\\/se-realizaron-las-cuartas-jornadas-de-administracion-financiera\\\/#primaryimage\"},\"thumbnailUrl\":\"https:\\\/\\\/www.fcejs.unsl.edu.ar\\\/wp-content\\\/uploads\\\/2022\\\/05\\\/jornadas-administracion-financiera-02.jpg\",\"articleSection\":[\"Noticias\"],\"inLanguage\":\"es-AR\"},{\"@type\":\"WebPage\",\"@id\":\"https:\\\/\\\/www.fcejs.unsl.edu.ar\\\/index.php\\\/se-realizaron-las-cuartas-jornadas-de-administracion-financiera\\\/\",\"url\":\"https:\\\/\\\/www.fcejs.unsl.edu.ar\\\/index.php\\\/se-realizaron-las-cuartas-jornadas-de-administracion-financiera\\\/\",\"name\":\"Se realizaron las cuartas Jornadas de Administraci\u00f3n Financiera - Facultad de Ciencias Econ\u00f3micas, Jur\u00ed\u00addicas y Sociales\",\"isPartOf\":{\"@id\":\"https:\\\/\\\/www.fcejs.unsl.edu.ar\\\/#website\"},\"primaryImageOfPage\":{\"@id\":\"https:\\\/\\\/www.fcejs.unsl.edu.ar\\\/index.php\\\/se-realizaron-las-cuartas-jornadas-de-administracion-financiera\\\/#primaryimage\"},\"image\":{\"@id\":\"https:\\\/\\\/www.fcejs.unsl.edu.ar\\\/index.php\\\/se-realizaron-las-cuartas-jornadas-de-administracion-financiera\\\/#primaryimage\"},\"thumbnailUrl\":\"https:\\\/\\\/www.fcejs.unsl.edu.ar\\\/wp-content\\\/uploads\\\/2022\\\/05\\\/jornadas-administracion-financiera-02.jpg\",\"datePublished\":\"2022-05-24T13:08:42+00:00\",\"dateModified\":\"2022-06-03T12:50:32+00:00\",\"breadcrumb\":{\"@id\":\"https:\\\/\\\/www.fcejs.unsl.edu.ar\\\/index.php\\\/se-realizaron-las-cuartas-jornadas-de-administracion-financiera\\\/#breadcrumb\"},\"inLanguage\":\"es-AR\",\"potentialAction\":[{\"@type\":\"ReadAction\",\"target\":[\"https:\\\/\\\/www.fcejs.unsl.edu.ar\\\/index.php\\\/se-realizaron-las-cuartas-jornadas-de-administracion-financiera\\\/\"]}]},{\"@type\":\"ImageObject\",\"inLanguage\":\"es-AR\",\"@id\":\"https:\\\/\\\/www.fcejs.unsl.edu.ar\\\/index.php\\\/se-realizaron-las-cuartas-jornadas-de-administracion-financiera\\\/#primaryimage\",\"url\":\"https:\\\/\\\/www.fcejs.unsl.edu.ar\\\/wp-content\\\/uploads\\\/2022\\\/05\\\/jornadas-administracion-financiera-02.jpg\",\"contentUrl\":\"https:\\\/\\\/www.fcejs.unsl.edu.ar\\\/wp-content\\\/uploads\\\/2022\\\/05\\\/jornadas-administracion-financiera-02.jpg\",\"width\":1100,\"height\":733},{\"@type\":\"BreadcrumbList\",\"@id\":\"https:\\\/\\\/www.fcejs.unsl.edu.ar\\\/index.php\\\/se-realizaron-las-cuartas-jornadas-de-administracion-financiera\\\/#breadcrumb\",\"itemListElement\":[{\"@type\":\"ListItem\",\"position\":1,\"name\":\"Inicio\",\"item\":\"https:\\\/\\\/www.fcejs.unsl.edu.ar\\\/\"},{\"@type\":\"ListItem\",\"position\":2,\"name\":\"Se realizaron las cuartas Jornadas de Administraci\u00f3n Financiera\"}]},{\"@type\":\"WebSite\",\"@id\":\"https:\\\/\\\/www.fcejs.unsl.edu.ar\\\/#website\",\"url\":\"https:\\\/\\\/www.fcejs.unsl.edu.ar\\\/\",\"name\":\"Facultad de Ciencias Econ\u00f3micas, Jur\u00ed\u00addicas y Sociales\",\"description\":\"\",\"publisher\":{\"@id\":\"https:\\\/\\\/www.fcejs.unsl.edu.ar\\\/#organization\"},\"potentialAction\":[{\"@type\":\"SearchAction\",\"target\":{\"@type\":\"EntryPoint\",\"urlTemplate\":\"https:\\\/\\\/www.fcejs.unsl.edu.ar\\\/?s={search_term_string}\"},\"query-input\":{\"@type\":\"PropertyValueSpecification\",\"valueRequired\":true,\"valueName\":\"search_term_string\"}}],\"inLanguage\":\"es-AR\"},{\"@type\":\"Organization\",\"@id\":\"https:\\\/\\\/www.fcejs.unsl.edu.ar\\\/#organization\",\"name\":\"Facultad de Ciencias Econ\u00f3micas, Jur\u00eddicas y Sociales\",\"url\":\"https:\\\/\\\/www.fcejs.unsl.edu.ar\\\/\",\"logo\":{\"@type\":\"ImageObject\",\"inLanguage\":\"es-AR\",\"@id\":\"https:\\\/\\\/www.fcejs.unsl.edu.ar\\\/#\\\/schema\\\/logo\\\/image\\\/\",\"url\":\"https:\\\/\\\/www.fcejs.unsl.edu.ar\\\/wp-content\\\/uploads\\\/2021\\\/03\\\/logo-1.jpg\",\"contentUrl\":\"https:\\\/\\\/www.fcejs.unsl.edu.ar\\\/wp-content\\\/uploads\\\/2021\\\/03\\\/logo-1.jpg\",\"width\":471,\"height\":146,\"caption\":\"Facultad de Ciencias Econ\u00f3micas, Jur\u00eddicas y Sociales\"},\"image\":{\"@id\":\"https:\\\/\\\/www.fcejs.unsl.edu.ar\\\/#\\\/schema\\\/logo\\\/image\\\/\"},\"sameAs\":[\"https:\\\/\\\/www.facebook.com\\\/FCEJS.UNSL\\\/\",\"https:\\\/\\\/x.com\\\/FCEJSUNSL\",\"https:\\\/\\\/www.instagram.com\\\/fcejs.unsl\\\/\",\"https:\\\/\\\/www.youtube.com\\\/channel\\\/UCH-Ut6EaN_X5ogjIQMPe46g\\\/\"]},{\"@type\":\"Person\",\"@id\":\"https:\\\/\\\/www.fcejs.unsl.edu.ar\\\/#\\\/schema\\\/person\\\/352ee6ed90c3f394c7cb5945f8956d34\",\"name\":\"DATI\"}]}<\/script>\n<!-- \/ Yoast SEO plugin. -->","yoast_head_json":{"title":"Se realizaron las cuartas Jornadas de Administraci\u00f3n Financiera - Facultad de Ciencias Econ\u00f3micas, Jur\u00ed\u00addicas y Sociales","robots":{"index":"index","follow":"follow","max-snippet":"max-snippet:-1","max-image-preview":"max-image-preview:large","max-video-preview":"max-video-preview:-1"},"canonical":"https:\/\/www.fcejs.unsl.edu.ar\/index.php\/se-realizaron-las-cuartas-jornadas-de-administracion-financiera\/","og_locale":"es_ES","og_type":"article","og_title":"Se realizaron las cuartas Jornadas de Administraci\u00f3n Financiera - Facultad de Ciencias Econ\u00f3micas, Jur\u00ed\u00addicas y Sociales","og_description":"El Instituto Escuela de Econom\u00eda, Negocios y Transferencia Tecnol\u00f3gica (EEN&amp;TT) de la FCEJS fue sede de las 4tas. Jornadas de Administraci\u00f3n Financiera. La nueva edici\u00f3n&hellip;","og_url":"https:\/\/www.fcejs.unsl.edu.ar\/index.php\/se-realizaron-las-cuartas-jornadas-de-administracion-financiera\/","og_site_name":"Facultad de Ciencias Econ\u00f3micas, Jur\u00ed\u00addicas y Sociales","article_publisher":"https:\/\/www.facebook.com\/FCEJS.UNSL\/","article_published_time":"2022-05-24T13:08:42+00:00","article_modified_time":"2022-06-03T12:50:32+00:00","og_image":[{"width":1100,"height":733,"url":"https:\/\/www.fcejs.unsl.edu.ar\/wp-content\/uploads\/2022\/05\/jornadas-administracion-financiera-02.jpg","type":"image\/jpeg"}],"author":"DATI","twitter_card":"summary_large_image","twitter_creator":"@FCEJSUNSL","twitter_site":"@FCEJSUNSL","twitter_misc":{"Escrito por":"DATI","Tiempo de lectura":"2 minutos"},"schema":{"@context":"https:\/\/schema.org","@graph":[{"@type":"Article","@id":"https:\/\/www.fcejs.unsl.edu.ar\/index.php\/se-realizaron-las-cuartas-jornadas-de-administracion-financiera\/#article","isPartOf":{"@id":"https:\/\/www.fcejs.unsl.edu.ar\/index.php\/se-realizaron-las-cuartas-jornadas-de-administracion-financiera\/"},"author":{"name":"DATI","@id":"https:\/\/www.fcejs.unsl.edu.ar\/#\/schema\/person\/352ee6ed90c3f394c7cb5945f8956d34"},"headline":"Se realizaron las cuartas Jornadas de Administraci\u00f3n Financiera","datePublished":"2022-05-24T13:08:42+00:00","dateModified":"2022-06-03T12:50:32+00:00","mainEntityOfPage":{"@id":"https:\/\/www.fcejs.unsl.edu.ar\/index.php\/se-realizaron-las-cuartas-jornadas-de-administracion-financiera\/"},"wordCount":365,"publisher":{"@id":"https:\/\/www.fcejs.unsl.edu.ar\/#organization"},"image":{"@id":"https:\/\/www.fcejs.unsl.edu.ar\/index.php\/se-realizaron-las-cuartas-jornadas-de-administracion-financiera\/#primaryimage"},"thumbnailUrl":"https:\/\/www.fcejs.unsl.edu.ar\/wp-content\/uploads\/2022\/05\/jornadas-administracion-financiera-02.jpg","articleSection":["Noticias"],"inLanguage":"es-AR"},{"@type":"WebPage","@id":"https:\/\/www.fcejs.unsl.edu.ar\/index.php\/se-realizaron-las-cuartas-jornadas-de-administracion-financiera\/","url":"https:\/\/www.fcejs.unsl.edu.ar\/index.php\/se-realizaron-las-cuartas-jornadas-de-administracion-financiera\/","name":"Se realizaron las cuartas Jornadas de Administraci\u00f3n Financiera - Facultad de Ciencias Econ\u00f3micas, Jur\u00ed\u00addicas y Sociales","isPartOf":{"@id":"https:\/\/www.fcejs.unsl.edu.ar\/#website"},"primaryImageOfPage":{"@id":"https:\/\/www.fcejs.unsl.edu.ar\/index.php\/se-realizaron-las-cuartas-jornadas-de-administracion-financiera\/#primaryimage"},"image":{"@id":"https:\/\/www.fcejs.unsl.edu.ar\/index.php\/se-realizaron-las-cuartas-jornadas-de-administracion-financiera\/#primaryimage"},"thumbnailUrl":"https:\/\/www.fcejs.unsl.edu.ar\/wp-content\/uploads\/2022\/05\/jornadas-administracion-financiera-02.jpg","datePublished":"2022-05-24T13:08:42+00:00","dateModified":"2022-06-03T12:50:32+00:00","breadcrumb":{"@id":"https:\/\/www.fcejs.unsl.edu.ar\/index.php\/se-realizaron-las-cuartas-jornadas-de-administracion-financiera\/#breadcrumb"},"inLanguage":"es-AR","potentialAction":[{"@type":"ReadAction","target":["https:\/\/www.fcejs.unsl.edu.ar\/index.php\/se-realizaron-las-cuartas-jornadas-de-administracion-financiera\/"]}]},{"@type":"ImageObject","inLanguage":"es-AR","@id":"https:\/\/www.fcejs.unsl.edu.ar\/index.php\/se-realizaron-las-cuartas-jornadas-de-administracion-financiera\/#primaryimage","url":"https:\/\/www.fcejs.unsl.edu.ar\/wp-content\/uploads\/2022\/05\/jornadas-administracion-financiera-02.jpg","contentUrl":"https:\/\/www.fcejs.unsl.edu.ar\/wp-content\/uploads\/2022\/05\/jornadas-administracion-financiera-02.jpg","width":1100,"height":733},{"@type":"BreadcrumbList","@id":"https:\/\/www.fcejs.unsl.edu.ar\/index.php\/se-realizaron-las-cuartas-jornadas-de-administracion-financiera\/#breadcrumb","itemListElement":[{"@type":"ListItem","position":1,"name":"Inicio","item":"https:\/\/www.fcejs.unsl.edu.ar\/"},{"@type":"ListItem","position":2,"name":"Se realizaron las cuartas Jornadas de Administraci\u00f3n Financiera"}]},{"@type":"WebSite","@id":"https:\/\/www.fcejs.unsl.edu.ar\/#website","url":"https:\/\/www.fcejs.unsl.edu.ar\/","name":"Facultad de Ciencias Econ\u00f3micas, Jur\u00ed\u00addicas y Sociales","description":"","publisher":{"@id":"https:\/\/www.fcejs.unsl.edu.ar\/#organization"},"potentialAction":[{"@type":"SearchAction","target":{"@type":"EntryPoint","urlTemplate":"https:\/\/www.fcejs.unsl.edu.ar\/?s={search_term_string}"},"query-input":{"@type":"PropertyValueSpecification","valueRequired":true,"valueName":"search_term_string"}}],"inLanguage":"es-AR"},{"@type":"Organization","@id":"https:\/\/www.fcejs.unsl.edu.ar\/#organization","name":"Facultad de Ciencias Econ\u00f3micas, Jur\u00eddicas y Sociales","url":"https:\/\/www.fcejs.unsl.edu.ar\/","logo":{"@type":"ImageObject","inLanguage":"es-AR","@id":"https:\/\/www.fcejs.unsl.edu.ar\/#\/schema\/logo\/image\/","url":"https:\/\/www.fcejs.unsl.edu.ar\/wp-content\/uploads\/2021\/03\/logo-1.jpg","contentUrl":"https:\/\/www.fcejs.unsl.edu.ar\/wp-content\/uploads\/2021\/03\/logo-1.jpg","width":471,"height":146,"caption":"Facultad de Ciencias Econ\u00f3micas, Jur\u00eddicas y Sociales"},"image":{"@id":"https:\/\/www.fcejs.unsl.edu.ar\/#\/schema\/logo\/image\/"},"sameAs":["https:\/\/www.facebook.com\/FCEJS.UNSL\/","https:\/\/x.com\/FCEJSUNSL","https:\/\/www.instagram.com\/fcejs.unsl\/","https:\/\/www.youtube.com\/channel\/UCH-Ut6EaN_X5ogjIQMPe46g\/"]},{"@type":"Person","@id":"https:\/\/www.fcejs.unsl.edu.ar\/#\/schema\/person\/352ee6ed90c3f394c7cb5945f8956d34","name":"DATI"}]}},"jetpack_featured_media_url":"https:\/\/www.fcejs.unsl.edu.ar\/wp-content\/uploads\/2022\/05\/jornadas-administracion-financiera-02.jpg","_links":{"self":[{"href":"https:\/\/www.fcejs.unsl.edu.ar\/index.php\/wp-json\/wp\/v2\/posts\/8010","targetHints":{"allow":["GET"]}}],"collection":[{"href":"https:\/\/www.fcejs.unsl.edu.ar\/index.php\/wp-json\/wp\/v2\/posts"}],"about":[{"href":"https:\/\/www.fcejs.unsl.edu.ar\/index.php\/wp-json\/wp\/v2\/types\/post"}],"author":[{"embeddable":true,"href":"https:\/\/www.fcejs.unsl.edu.ar\/index.php\/wp-json\/wp\/v2\/users\/9"}],"replies":[{"embeddable":true,"href":"https:\/\/www.fcejs.unsl.edu.ar\/index.php\/wp-json\/wp\/v2\/comments?post=8010"}],"version-history":[{"count":5,"href":"https:\/\/www.fcejs.unsl.edu.ar\/index.php\/wp-json\/wp\/v2\/posts\/8010\/revisions"}],"predecessor-version":[{"id":8028,"href":"https:\/\/www.fcejs.unsl.edu.ar\/index.php\/wp-json\/wp\/v2\/posts\/8010\/revisions\/8028"}],"wp:featuredmedia":[{"embeddable":true,"href":"https:\/\/www.fcejs.unsl.edu.ar\/index.php\/wp-json\/wp\/v2\/media\/7986"}],"wp:attachment":[{"href":"https:\/\/www.fcejs.unsl.edu.ar\/index.php\/wp-json\/wp\/v2\/media?parent=8010"}],"wp:term":[{"taxonomy":"category","embeddable":true,"href":"https:\/\/www.fcejs.unsl.edu.ar\/index.php\/wp-json\/wp\/v2\/categories?post=8010"},{"taxonomy":"post_tag","embeddable":true,"href":"https:\/\/www.fcejs.unsl.edu.ar\/index.php\/wp-json\/wp\/v2\/tags?post=8010"}],"curies":[{"name":"wp","href":"https:\/\/api.w.org\/{rel}","templated":true}]}}