{"id":7962,"date":"2022-05-20T14:26:01","date_gmt":"2022-05-20T17:26:01","guid":{"rendered":"http:\/\/10.101.10.197\/www\/?p=7962"},"modified":"2022-05-24T10:18:15","modified_gmt":"2022-05-24T13:18:15","slug":"dia-internacional-contra-la-discriminacion-por-orientacion-sexual-e-identidad-de-genero","status":"publish","type":"post","link":"https:\/\/www.fcejs.unsl.edu.ar\/index.php\/dia-internacional-contra-la-discriminacion-por-orientacion-sexual-e-identidad-de-genero\/","title":{"rendered":"D\u00eda Internacional contra la Discriminaci\u00f3n por Orientaci\u00f3n Sexual e Identidad de G\u00e9nero"},"content":{"rendered":"<p style=\"font-weight: 400; text-align: justify;\">Desde el Programa G\u00e9nero, Sociedad y Universidad nos sumamos a la conmemoraci\u00f3n del 17 de mayo como el D\u00eda Internacional contra la Discriminaci\u00f3n por Orientaci\u00f3n Sexual e Identidad de G\u00e9nero.\u00a0 Durante esta fecha, en el a\u00f1o 1990 la Asamblea General de la Organizaci\u00f3n Mundial de la Salud elimin\u00f3 a la homosexualidad de la lista de enfermedades mentales. En 2004, se decidi\u00f3 instalar esa fecha como el D\u00eda Internacional contra la Homofobia, la Transforbia y la Bifobia. Y en 2008, en Argentina se estableci\u00f3 por ley como el D\u00eda de Lucha contra la Discriminaci\u00f3n por Orientaci\u00f3n Sexual e Identidad de G\u00e9nero.<\/p>\n<p style=\"font-weight: 400; text-align: justify;\">Adem\u00e1s, el \u00faltimo 9 de mayo se cumplieron 10 a\u00f1os de la sanci\u00f3n de la Ley de Identidad de G\u00e9nero en Argentina. La Ley N\u00b0 26743 garantiza el derecho de las personas al reconocimiento de su identidad autopercibida y permite solicitar la rectificaci\u00f3n registral del sexo y el cambio de nombre de pila e imagen, entre otras cuestiones.<\/p>\n<p style=\"font-weight: 400; text-align: justify;\">La identidad de g\u00e9nero y la orientaci\u00f3n sexual son aspectos centrales y determinantes en la vida de las personas, y deben ser respetadas y estar libres de intervenciones arbitrarias\u00a0 por parte del Estado o de tercerxs. Es importante coordinar acciones que sirvan para denunciar cualquier tipo de discriminaci\u00f3n relacionada a los estereotipos, expectativas y mandatos. Desde el Programa de Genero celebramos las conquistas y abrazamos la lucha de lxs compa\u00f1erxs que luchan por un mundo m\u00e1s equitativo.<\/p>\n","protected":false},"excerpt":{"rendered":"<p>Desde el Programa G\u00e9nero, Sociedad y Universidad nos sumamos a la conmemoraci\u00f3n del 17 de mayo como el D\u00eda Internacional contra la Discriminaci\u00f3n por Orientaci\u00f3n&hellip;<\/p>\n","protected":false},"author":9,"featured_media":7965,"comment_status":"closed","ping_status":"closed","sticky":false,"template":"","format":"standard","meta":{"om_disable_all_campaigns":false,"_monsterinsights_skip_tracking":false,"_monsterinsights_sitenote_active":false,"_monsterinsights_sitenote_note":"","_monsterinsights_sitenote_category":0,"footnotes":""},"categories":[1],"tags":[],"class_list":["post-7962","post","type-post","status-publish","format-standard","has-post-thumbnail","hentry","category-noticias"],"yoast_head":"<!-- This site is optimized with the Yoast SEO plugin v27.4 - https:\/\/yoast.com\/product\/yoast-seo-wordpress\/ -->\n<title>D\u00eda Internacional contra la Discriminaci\u00f3n por Orientaci\u00f3n Sexual e Identidad de G\u00e9nero - Facultad de Ciencias Econ\u00f3micas, Jur\u00ed\u00addicas y Sociales<\/title>\n<meta name=\"robots\" content=\"index, follow, max-snippet:-1, max-image-preview:large, max-video-preview:-1\" \/>\n<link rel=\"canonical\" href=\"https:\/\/www.fcejs.unsl.edu.ar\/index.php\/dia-internacional-contra-la-discriminacion-por-orientacion-sexual-e-identidad-de-genero\/\" \/>\n<meta property=\"og:locale\" content=\"es_ES\" \/>\n<meta property=\"og:type\" content=\"article\" \/>\n<meta property=\"og:title\" content=\"D\u00eda Internacional contra la Discriminaci\u00f3n por Orientaci\u00f3n Sexual e Identidad de G\u00e9nero - Facultad de Ciencias Econ\u00f3micas, Jur\u00ed\u00addicas y Sociales\" \/>\n<meta property=\"og:description\" content=\"Desde el Programa G\u00e9nero, Sociedad y Universidad nos sumamos a la conmemoraci\u00f3n del 17 de mayo como el D\u00eda Internacional contra la Discriminaci\u00f3n por Orientaci\u00f3n&hellip;\" \/>\n<meta property=\"og:url\" content=\"https:\/\/www.fcejs.unsl.edu.ar\/index.php\/dia-internacional-contra-la-discriminacion-por-orientacion-sexual-e-identidad-de-genero\/\" \/>\n<meta property=\"og:site_name\" content=\"Facultad de Ciencias Econ\u00f3micas, Jur\u00ed\u00addicas y Sociales\" \/>\n<meta property=\"article:publisher\" content=\"https:\/\/www.facebook.com\/FCEJS.UNSL\/\" \/>\n<meta property=\"article:published_time\" content=\"2022-05-20T17:26:01+00:00\" \/>\n<meta property=\"article:modified_time\" content=\"2022-05-24T13:18:15+00:00\" \/>\n<meta property=\"og:image\" content=\"https:\/\/www.fcejs.unsl.edu.ar\/wp-content\/uploads\/2022\/05\/Bandera-Gay.jpg\" \/>\n\t<meta property=\"og:image:width\" content=\"1024\" \/>\n\t<meta property=\"og:image:height\" content=\"683\" \/>\n\t<meta property=\"og:image:type\" content=\"image\/jpeg\" \/>\n<meta name=\"author\" content=\"DATI\" \/>\n<meta name=\"twitter:card\" content=\"summary_large_image\" \/>\n<meta name=\"twitter:creator\" content=\"@FCEJSUNSL\" \/>\n<meta name=\"twitter:site\" content=\"@FCEJSUNSL\" \/>\n<meta name=\"twitter:label1\" content=\"Escrito por\" \/>\n\t<meta name=\"twitter:data1\" content=\"DATI\" \/>\n\t<meta name=\"twitter:label2\" content=\"Tiempo de lectura\" \/>\n\t<meta name=\"twitter:data2\" content=\"2 minutos\" \/>\n<script type=\"application\/ld+json\" class=\"yoast-schema-graph\">{\"@context\":\"https:\\\/\\\/schema.org\",\"@graph\":[{\"@type\":\"Article\",\"@id\":\"https:\\\/\\\/www.fcejs.unsl.edu.ar\\\/index.php\\\/dia-internacional-contra-la-discriminacion-por-orientacion-sexual-e-identidad-de-genero\\\/#article\",\"isPartOf\":{\"@id\":\"https:\\\/\\\/www.fcejs.unsl.edu.ar\\\/index.php\\\/dia-internacional-contra-la-discriminacion-por-orientacion-sexual-e-identidad-de-genero\\\/\"},\"author\":{\"name\":\"DATI\",\"@id\":\"https:\\\/\\\/www.fcejs.unsl.edu.ar\\\/#\\\/schema\\\/person\\\/352ee6ed90c3f394c7cb5945f8956d34\"},\"headline\":\"D\u00eda Internacional contra la Discriminaci\u00f3n por Orientaci\u00f3n Sexual e Identidad de G\u00e9nero\",\"datePublished\":\"2022-05-20T17:26:01+00:00\",\"dateModified\":\"2022-05-24T13:18:15+00:00\",\"mainEntityOfPage\":{\"@id\":\"https:\\\/\\\/www.fcejs.unsl.edu.ar\\\/index.php\\\/dia-internacional-contra-la-discriminacion-por-orientacion-sexual-e-identidad-de-genero\\\/\"},\"wordCount\":267,\"publisher\":{\"@id\":\"https:\\\/\\\/www.fcejs.unsl.edu.ar\\\/#organization\"},\"image\":{\"@id\":\"https:\\\/\\\/www.fcejs.unsl.edu.ar\\\/index.php\\\/dia-internacional-contra-la-discriminacion-por-orientacion-sexual-e-identidad-de-genero\\\/#primaryimage\"},\"thumbnailUrl\":\"https:\\\/\\\/www.fcejs.unsl.edu.ar\\\/wp-content\\\/uploads\\\/2022\\\/05\\\/Bandera-Gay.jpg\",\"articleSection\":[\"Noticias\"],\"inLanguage\":\"es-AR\"},{\"@type\":\"WebPage\",\"@id\":\"https:\\\/\\\/www.fcejs.unsl.edu.ar\\\/index.php\\\/dia-internacional-contra-la-discriminacion-por-orientacion-sexual-e-identidad-de-genero\\\/\",\"url\":\"https:\\\/\\\/www.fcejs.unsl.edu.ar\\\/index.php\\\/dia-internacional-contra-la-discriminacion-por-orientacion-sexual-e-identidad-de-genero\\\/\",\"name\":\"D\u00eda Internacional contra la Discriminaci\u00f3n por Orientaci\u00f3n Sexual e Identidad de G\u00e9nero - Facultad de Ciencias Econ\u00f3micas, Jur\u00ed\u00addicas y Sociales\",\"isPartOf\":{\"@id\":\"https:\\\/\\\/www.fcejs.unsl.edu.ar\\\/#website\"},\"primaryImageOfPage\":{\"@id\":\"https:\\\/\\\/www.fcejs.unsl.edu.ar\\\/index.php\\\/dia-internacional-contra-la-discriminacion-por-orientacion-sexual-e-identidad-de-genero\\\/#primaryimage\"},\"image\":{\"@id\":\"https:\\\/\\\/www.fcejs.unsl.edu.ar\\\/index.php\\\/dia-internacional-contra-la-discriminacion-por-orientacion-sexual-e-identidad-de-genero\\\/#primaryimage\"},\"thumbnailUrl\":\"https:\\\/\\\/www.fcejs.unsl.edu.ar\\\/wp-content\\\/uploads\\\/2022\\\/05\\\/Bandera-Gay.jpg\",\"datePublished\":\"2022-05-20T17:26:01+00:00\",\"dateModified\":\"2022-05-24T13:18:15+00:00\",\"breadcrumb\":{\"@id\":\"https:\\\/\\\/www.fcejs.unsl.edu.ar\\\/index.php\\\/dia-internacional-contra-la-discriminacion-por-orientacion-sexual-e-identidad-de-genero\\\/#breadcrumb\"},\"inLanguage\":\"es-AR\",\"potentialAction\":[{\"@type\":\"ReadAction\",\"target\":[\"https:\\\/\\\/www.fcejs.unsl.edu.ar\\\/index.php\\\/dia-internacional-contra-la-discriminacion-por-orientacion-sexual-e-identidad-de-genero\\\/\"]}]},{\"@type\":\"ImageObject\",\"inLanguage\":\"es-AR\",\"@id\":\"https:\\\/\\\/www.fcejs.unsl.edu.ar\\\/index.php\\\/dia-internacional-contra-la-discriminacion-por-orientacion-sexual-e-identidad-de-genero\\\/#primaryimage\",\"url\":\"https:\\\/\\\/www.fcejs.unsl.edu.ar\\\/wp-content\\\/uploads\\\/2022\\\/05\\\/Bandera-Gay.jpg\",\"contentUrl\":\"https:\\\/\\\/www.fcejs.unsl.edu.ar\\\/wp-content\\\/uploads\\\/2022\\\/05\\\/Bandera-Gay.jpg\",\"width\":1024,\"height\":683},{\"@type\":\"BreadcrumbList\",\"@id\":\"https:\\\/\\\/www.fcejs.unsl.edu.ar\\\/index.php\\\/dia-internacional-contra-la-discriminacion-por-orientacion-sexual-e-identidad-de-genero\\\/#breadcrumb\",\"itemListElement\":[{\"@type\":\"ListItem\",\"position\":1,\"name\":\"Inicio\",\"item\":\"https:\\\/\\\/www.fcejs.unsl.edu.ar\\\/\"},{\"@type\":\"ListItem\",\"position\":2,\"name\":\"D\u00eda Internacional contra la Discriminaci\u00f3n por Orientaci\u00f3n Sexual e Identidad de G\u00e9nero\"}]},{\"@type\":\"WebSite\",\"@id\":\"https:\\\/\\\/www.fcejs.unsl.edu.ar\\\/#website\",\"url\":\"https:\\\/\\\/www.fcejs.unsl.edu.ar\\\/\",\"name\":\"Facultad de Ciencias Econ\u00f3micas, Jur\u00ed\u00addicas y Sociales\",\"description\":\"\",\"publisher\":{\"@id\":\"https:\\\/\\\/www.fcejs.unsl.edu.ar\\\/#organization\"},\"potentialAction\":[{\"@type\":\"SearchAction\",\"target\":{\"@type\":\"EntryPoint\",\"urlTemplate\":\"https:\\\/\\\/www.fcejs.unsl.edu.ar\\\/?s={search_term_string}\"},\"query-input\":{\"@type\":\"PropertyValueSpecification\",\"valueRequired\":true,\"valueName\":\"search_term_string\"}}],\"inLanguage\":\"es-AR\"},{\"@type\":\"Organization\",\"@id\":\"https:\\\/\\\/www.fcejs.unsl.edu.ar\\\/#organization\",\"name\":\"Facultad de Ciencias Econ\u00f3micas, Jur\u00eddicas y Sociales\",\"url\":\"https:\\\/\\\/www.fcejs.unsl.edu.ar\\\/\",\"logo\":{\"@type\":\"ImageObject\",\"inLanguage\":\"es-AR\",\"@id\":\"https:\\\/\\\/www.fcejs.unsl.edu.ar\\\/#\\\/schema\\\/logo\\\/image\\\/\",\"url\":\"https:\\\/\\\/www.fcejs.unsl.edu.ar\\\/wp-content\\\/uploads\\\/2021\\\/03\\\/logo-1.jpg\",\"contentUrl\":\"https:\\\/\\\/www.fcejs.unsl.edu.ar\\\/wp-content\\\/uploads\\\/2021\\\/03\\\/logo-1.jpg\",\"width\":471,\"height\":146,\"caption\":\"Facultad de Ciencias Econ\u00f3micas, Jur\u00eddicas y Sociales\"},\"image\":{\"@id\":\"https:\\\/\\\/www.fcejs.unsl.edu.ar\\\/#\\\/schema\\\/logo\\\/image\\\/\"},\"sameAs\":[\"https:\\\/\\\/www.facebook.com\\\/FCEJS.UNSL\\\/\",\"https:\\\/\\\/x.com\\\/FCEJSUNSL\",\"https:\\\/\\\/www.instagram.com\\\/fcejs.unsl\\\/\",\"https:\\\/\\\/www.youtube.com\\\/channel\\\/UCH-Ut6EaN_X5ogjIQMPe46g\\\/\"]},{\"@type\":\"Person\",\"@id\":\"https:\\\/\\\/www.fcejs.unsl.edu.ar\\\/#\\\/schema\\\/person\\\/352ee6ed90c3f394c7cb5945f8956d34\",\"name\":\"DATI\"}]}<\/script>\n<!-- \/ Yoast SEO plugin. -->","yoast_head_json":{"title":"D\u00eda Internacional contra la Discriminaci\u00f3n por Orientaci\u00f3n Sexual e Identidad de G\u00e9nero - Facultad de Ciencias Econ\u00f3micas, Jur\u00ed\u00addicas y Sociales","robots":{"index":"index","follow":"follow","max-snippet":"max-snippet:-1","max-image-preview":"max-image-preview:large","max-video-preview":"max-video-preview:-1"},"canonical":"https:\/\/www.fcejs.unsl.edu.ar\/index.php\/dia-internacional-contra-la-discriminacion-por-orientacion-sexual-e-identidad-de-genero\/","og_locale":"es_ES","og_type":"article","og_title":"D\u00eda Internacional contra la Discriminaci\u00f3n por Orientaci\u00f3n Sexual e Identidad de G\u00e9nero - Facultad de Ciencias Econ\u00f3micas, Jur\u00ed\u00addicas y Sociales","og_description":"Desde el Programa G\u00e9nero, Sociedad y Universidad nos sumamos a la conmemoraci\u00f3n del 17 de mayo como el D\u00eda Internacional contra la Discriminaci\u00f3n por Orientaci\u00f3n&hellip;","og_url":"https:\/\/www.fcejs.unsl.edu.ar\/index.php\/dia-internacional-contra-la-discriminacion-por-orientacion-sexual-e-identidad-de-genero\/","og_site_name":"Facultad de Ciencias Econ\u00f3micas, Jur\u00ed\u00addicas y Sociales","article_publisher":"https:\/\/www.facebook.com\/FCEJS.UNSL\/","article_published_time":"2022-05-20T17:26:01+00:00","article_modified_time":"2022-05-24T13:18:15+00:00","og_image":[{"width":1024,"height":683,"url":"https:\/\/www.fcejs.unsl.edu.ar\/wp-content\/uploads\/2022\/05\/Bandera-Gay.jpg","type":"image\/jpeg"}],"author":"DATI","twitter_card":"summary_large_image","twitter_creator":"@FCEJSUNSL","twitter_site":"@FCEJSUNSL","twitter_misc":{"Escrito por":"DATI","Tiempo de lectura":"2 minutos"},"schema":{"@context":"https:\/\/schema.org","@graph":[{"@type":"Article","@id":"https:\/\/www.fcejs.unsl.edu.ar\/index.php\/dia-internacional-contra-la-discriminacion-por-orientacion-sexual-e-identidad-de-genero\/#article","isPartOf":{"@id":"https:\/\/www.fcejs.unsl.edu.ar\/index.php\/dia-internacional-contra-la-discriminacion-por-orientacion-sexual-e-identidad-de-genero\/"},"author":{"name":"DATI","@id":"https:\/\/www.fcejs.unsl.edu.ar\/#\/schema\/person\/352ee6ed90c3f394c7cb5945f8956d34"},"headline":"D\u00eda Internacional contra la Discriminaci\u00f3n por Orientaci\u00f3n Sexual e Identidad de G\u00e9nero","datePublished":"2022-05-20T17:26:01+00:00","dateModified":"2022-05-24T13:18:15+00:00","mainEntityOfPage":{"@id":"https:\/\/www.fcejs.unsl.edu.ar\/index.php\/dia-internacional-contra-la-discriminacion-por-orientacion-sexual-e-identidad-de-genero\/"},"wordCount":267,"publisher":{"@id":"https:\/\/www.fcejs.unsl.edu.ar\/#organization"},"image":{"@id":"https:\/\/www.fcejs.unsl.edu.ar\/index.php\/dia-internacional-contra-la-discriminacion-por-orientacion-sexual-e-identidad-de-genero\/#primaryimage"},"thumbnailUrl":"https:\/\/www.fcejs.unsl.edu.ar\/wp-content\/uploads\/2022\/05\/Bandera-Gay.jpg","articleSection":["Noticias"],"inLanguage":"es-AR"},{"@type":"WebPage","@id":"https:\/\/www.fcejs.unsl.edu.ar\/index.php\/dia-internacional-contra-la-discriminacion-por-orientacion-sexual-e-identidad-de-genero\/","url":"https:\/\/www.fcejs.unsl.edu.ar\/index.php\/dia-internacional-contra-la-discriminacion-por-orientacion-sexual-e-identidad-de-genero\/","name":"D\u00eda Internacional contra la Discriminaci\u00f3n por Orientaci\u00f3n Sexual e Identidad de G\u00e9nero - Facultad de Ciencias Econ\u00f3micas, Jur\u00ed\u00addicas y Sociales","isPartOf":{"@id":"https:\/\/www.fcejs.unsl.edu.ar\/#website"},"primaryImageOfPage":{"@id":"https:\/\/www.fcejs.unsl.edu.ar\/index.php\/dia-internacional-contra-la-discriminacion-por-orientacion-sexual-e-identidad-de-genero\/#primaryimage"},"image":{"@id":"https:\/\/www.fcejs.unsl.edu.ar\/index.php\/dia-internacional-contra-la-discriminacion-por-orientacion-sexual-e-identidad-de-genero\/#primaryimage"},"thumbnailUrl":"https:\/\/www.fcejs.unsl.edu.ar\/wp-content\/uploads\/2022\/05\/Bandera-Gay.jpg","datePublished":"2022-05-20T17:26:01+00:00","dateModified":"2022-05-24T13:18:15+00:00","breadcrumb":{"@id":"https:\/\/www.fcejs.unsl.edu.ar\/index.php\/dia-internacional-contra-la-discriminacion-por-orientacion-sexual-e-identidad-de-genero\/#breadcrumb"},"inLanguage":"es-AR","potentialAction":[{"@type":"ReadAction","target":["https:\/\/www.fcejs.unsl.edu.ar\/index.php\/dia-internacional-contra-la-discriminacion-por-orientacion-sexual-e-identidad-de-genero\/"]}]},{"@type":"ImageObject","inLanguage":"es-AR","@id":"https:\/\/www.fcejs.unsl.edu.ar\/index.php\/dia-internacional-contra-la-discriminacion-por-orientacion-sexual-e-identidad-de-genero\/#primaryimage","url":"https:\/\/www.fcejs.unsl.edu.ar\/wp-content\/uploads\/2022\/05\/Bandera-Gay.jpg","contentUrl":"https:\/\/www.fcejs.unsl.edu.ar\/wp-content\/uploads\/2022\/05\/Bandera-Gay.jpg","width":1024,"height":683},{"@type":"BreadcrumbList","@id":"https:\/\/www.fcejs.unsl.edu.ar\/index.php\/dia-internacional-contra-la-discriminacion-por-orientacion-sexual-e-identidad-de-genero\/#breadcrumb","itemListElement":[{"@type":"ListItem","position":1,"name":"Inicio","item":"https:\/\/www.fcejs.unsl.edu.ar\/"},{"@type":"ListItem","position":2,"name":"D\u00eda Internacional contra la Discriminaci\u00f3n por Orientaci\u00f3n Sexual e Identidad de G\u00e9nero"}]},{"@type":"WebSite","@id":"https:\/\/www.fcejs.unsl.edu.ar\/#website","url":"https:\/\/www.fcejs.unsl.edu.ar\/","name":"Facultad de Ciencias Econ\u00f3micas, Jur\u00ed\u00addicas y Sociales","description":"","publisher":{"@id":"https:\/\/www.fcejs.unsl.edu.ar\/#organization"},"potentialAction":[{"@type":"SearchAction","target":{"@type":"EntryPoint","urlTemplate":"https:\/\/www.fcejs.unsl.edu.ar\/?s={search_term_string}"},"query-input":{"@type":"PropertyValueSpecification","valueRequired":true,"valueName":"search_term_string"}}],"inLanguage":"es-AR"},{"@type":"Organization","@id":"https:\/\/www.fcejs.unsl.edu.ar\/#organization","name":"Facultad de Ciencias Econ\u00f3micas, Jur\u00eddicas y Sociales","url":"https:\/\/www.fcejs.unsl.edu.ar\/","logo":{"@type":"ImageObject","inLanguage":"es-AR","@id":"https:\/\/www.fcejs.unsl.edu.ar\/#\/schema\/logo\/image\/","url":"https:\/\/www.fcejs.unsl.edu.ar\/wp-content\/uploads\/2021\/03\/logo-1.jpg","contentUrl":"https:\/\/www.fcejs.unsl.edu.ar\/wp-content\/uploads\/2021\/03\/logo-1.jpg","width":471,"height":146,"caption":"Facultad de Ciencias Econ\u00f3micas, Jur\u00eddicas y Sociales"},"image":{"@id":"https:\/\/www.fcejs.unsl.edu.ar\/#\/schema\/logo\/image\/"},"sameAs":["https:\/\/www.facebook.com\/FCEJS.UNSL\/","https:\/\/x.com\/FCEJSUNSL","https:\/\/www.instagram.com\/fcejs.unsl\/","https:\/\/www.youtube.com\/channel\/UCH-Ut6EaN_X5ogjIQMPe46g\/"]},{"@type":"Person","@id":"https:\/\/www.fcejs.unsl.edu.ar\/#\/schema\/person\/352ee6ed90c3f394c7cb5945f8956d34","name":"DATI"}]}},"jetpack_featured_media_url":"https:\/\/www.fcejs.unsl.edu.ar\/wp-content\/uploads\/2022\/05\/Bandera-Gay.jpg","_links":{"self":[{"href":"https:\/\/www.fcejs.unsl.edu.ar\/index.php\/wp-json\/wp\/v2\/posts\/7962","targetHints":{"allow":["GET"]}}],"collection":[{"href":"https:\/\/www.fcejs.unsl.edu.ar\/index.php\/wp-json\/wp\/v2\/posts"}],"about":[{"href":"https:\/\/www.fcejs.unsl.edu.ar\/index.php\/wp-json\/wp\/v2\/types\/post"}],"author":[{"embeddable":true,"href":"https:\/\/www.fcejs.unsl.edu.ar\/index.php\/wp-json\/wp\/v2\/users\/9"}],"replies":[{"embeddable":true,"href":"https:\/\/www.fcejs.unsl.edu.ar\/index.php\/wp-json\/wp\/v2\/comments?post=7962"}],"version-history":[{"count":1,"href":"https:\/\/www.fcejs.unsl.edu.ar\/index.php\/wp-json\/wp\/v2\/posts\/7962\/revisions"}],"predecessor-version":[{"id":7964,"href":"https:\/\/www.fcejs.unsl.edu.ar\/index.php\/wp-json\/wp\/v2\/posts\/7962\/revisions\/7964"}],"wp:featuredmedia":[{"embeddable":true,"href":"https:\/\/www.fcejs.unsl.edu.ar\/index.php\/wp-json\/wp\/v2\/media\/7965"}],"wp:attachment":[{"href":"https:\/\/www.fcejs.unsl.edu.ar\/index.php\/wp-json\/wp\/v2\/media?parent=7962"}],"wp:term":[{"taxonomy":"category","embeddable":true,"href":"https:\/\/www.fcejs.unsl.edu.ar\/index.php\/wp-json\/wp\/v2\/categories?post=7962"},{"taxonomy":"post_tag","embeddable":true,"href":"https:\/\/www.fcejs.unsl.edu.ar\/index.php\/wp-json\/wp\/v2\/tags?post=7962"}],"curies":[{"name":"wp","href":"https:\/\/api.w.org\/{rel}","templated":true}]}}