{"id":7863,"date":"2022-05-04T11:29:56","date_gmt":"2022-05-04T14:29:56","guid":{"rendered":"http:\/\/10.101.10.197\/www\/?p=7863"},"modified":"2022-05-04T11:29:56","modified_gmt":"2022-05-04T14:29:56","slug":"convocatoria-de-la-revista-de-practicas-y-discursos-cuadernos-de-ciencias-sociales","status":"publish","type":"post","link":"https:\/\/www.fcejs.unsl.edu.ar\/index.php\/convocatoria-de-la-revista-de-practicas-y-discursos-cuadernos-de-ciencias-sociales\/","title":{"rendered":"Convocatoria de la Revista \u201cDe Pr\u00e1cticas y Discursos. Cuadernos de Ciencias Sociales\u201d"},"content":{"rendered":"<p>La Secretar\u00eda de Investigaci\u00f3n y Posgrado informa que, se encuentran abiertas las convocatorias para la presentaci\u00f3n de Dossiers tem\u00e1ticos de la Revista de divulgaci\u00f3n \u201cDe Pr\u00e1cticas y Discursos. Cuadernos de Ciencias Sociales\u201d.<\/p>\n<p>Los trabajos dirigidos a las distintas secciones deben ser enviados al correo de la revista: <strong>depracticasydiscursos.ces@gmail.com<\/strong><\/p>\n<p>\u201cDe Pr\u00e1cticas y Discursos\u201d es una publicaci\u00f3n semestral de divulgaci\u00f3n de resultados de investigaci\u00f3n en el campo de las ciencias sociales en Am\u00e9rica Latina. Se aceptan trabajos que presenten resultados de investigaciones emp\u00edricas as\u00ed como de naturaleza te\u00f3rica o metodol\u00f3gica que permitan contribuir y estimular el debate acad\u00e9mico sobre las problem\u00e1ticas sociales de la regi\u00f3n.<\/p>\n<h4>Dossier &#8220;Trabajo y pandemia en Argentina. Efectos en los mercados y procesos de trabajo y pol\u00edticas generadas para su atenci\u00f3n&#8221;<\/h4>\n<p>Esta convocatoria est\u00e1 abierta hasta el 30 de junio del 2022 inclusive. La propuesta y organizaci\u00f3n general de esta secci\u00f3n est\u00e1 al cuidado de las y los editores adjuntas y adjuntos: Liliana Bergesio (UNICCS-UNJu); Mar\u00eda Albina Pol (ITP-UNCuyo-CONICET); Pablo Dalle (IIGG-UBA-CONICET); Pablo Barbetti (CES-UNNE).<\/p>\n<h4>Dossier &#8220;Escenarios, tensiones y convergencias en los campos de la cultura, el patrimonio y el turismo de Am\u00e9rica Latina. Procesos colectivos y experiencias de gesti\u00f3n&#8221;.<\/h4>\n<p>Esta convocatoria est\u00e1 abierta hasta el 15 de noviembre de 2022 inclusive.<\/p>\n<p>La propuesta y organizaci\u00f3n general de esta secci\u00f3n est\u00e1 al cuidado de los y las editoras adjuntas y adjuntos: Dra. Nidia Pi\u00f1eyro (GI Estudios Socioculturales de la Regi\u00f3n NEA -FacHum-UNNE); Dr. Ronald Isler Duprat (GI N\u00facleo de Estudios y Documentaci\u00f3n de la Imagen- IIGHI-CONICET\/UNNE); Dr. Marcos Gonz\u00e1lez P\u00e9rez (Centro Internacional de Saberes en Fiestas -CISFI. &#8211; RIEF-Colombia); Dra. Adriana Sandoval Moreno (Unidad Acad\u00e9mica de Estudios Regionales- Universidad Aut\u00f3noma de M\u00e9xico)<\/p>\n<h4>Dossier &#8220;Representaciones de la enfermer\u00eda en la prensa argentina durante la pandemia de la Covid-19&#8221;<\/h4>\n<p>Esta convocatoria est\u00e1 abierta hasta el 15 de mayo de 2023 inclusive. La propuesta y organizaci\u00f3n general de esta secci\u00f3n est\u00e1 al cuidado de las Editoras adjuntas: Dra. Mar\u00eda del Mar Sol\u00edz Carnicer (IIGHI-CONICET-UNNE) y la Dra. Natacha Bacolla (UNL-UNR-CONICET).<\/p>\n","protected":false},"excerpt":{"rendered":"<p>La Secretar\u00eda de Investigaci\u00f3n y Posgrado informa que, se encuentran abiertas las convocatorias para la presentaci\u00f3n de Dossiers tem\u00e1ticos de la Revista de divulgaci\u00f3n \u201cDe&hellip;<\/p>\n","protected":false},"author":9,"featured_media":7864,"comment_status":"closed","ping_status":"closed","sticky":false,"template":"","format":"standard","meta":{"om_disable_all_campaigns":false,"_monsterinsights_skip_tracking":false,"_monsterinsights_sitenote_active":false,"_monsterinsights_sitenote_note":"","_monsterinsights_sitenote_category":0,"footnotes":""},"categories":[1],"tags":[],"class_list":["post-7863","post","type-post","status-publish","format-standard","has-post-thumbnail","hentry","category-noticias"],"yoast_head":"<!-- This site is optimized with the Yoast SEO plugin v27.4 - https:\/\/yoast.com\/product\/yoast-seo-wordpress\/ -->\n<title>Convocatoria de la Revista \u201cDe Pr\u00e1cticas y Discursos. Cuadernos de Ciencias Sociales\u201d - Facultad de Ciencias Econ\u00f3micas, Jur\u00ed\u00addicas y Sociales<\/title>\n<meta name=\"robots\" content=\"index, follow, max-snippet:-1, max-image-preview:large, max-video-preview:-1\" \/>\n<link rel=\"canonical\" href=\"https:\/\/www.fcejs.unsl.edu.ar\/index.php\/convocatoria-de-la-revista-de-practicas-y-discursos-cuadernos-de-ciencias-sociales\/\" \/>\n<meta property=\"og:locale\" content=\"es_ES\" \/>\n<meta property=\"og:type\" content=\"article\" \/>\n<meta property=\"og:title\" content=\"Convocatoria de la Revista \u201cDe Pr\u00e1cticas y Discursos. Cuadernos de Ciencias Sociales\u201d - Facultad de Ciencias Econ\u00f3micas, Jur\u00ed\u00addicas y Sociales\" \/>\n<meta property=\"og:description\" content=\"La Secretar\u00eda de Investigaci\u00f3n y Posgrado informa que, se encuentran abiertas las convocatorias para la presentaci\u00f3n de Dossiers tem\u00e1ticos de la Revista de divulgaci\u00f3n \u201cDe&hellip;\" \/>\n<meta property=\"og:url\" content=\"https:\/\/www.fcejs.unsl.edu.ar\/index.php\/convocatoria-de-la-revista-de-practicas-y-discursos-cuadernos-de-ciencias-sociales\/\" \/>\n<meta property=\"og:site_name\" content=\"Facultad de Ciencias Econ\u00f3micas, Jur\u00ed\u00addicas y Sociales\" \/>\n<meta property=\"article:publisher\" content=\"https:\/\/www.facebook.com\/FCEJS.UNSL\/\" \/>\n<meta property=\"article:published_time\" content=\"2022-05-04T14:29:56+00:00\" \/>\n<meta property=\"og:image\" content=\"https:\/\/www.fcejs.unsl.edu.ar\/wp-content\/uploads\/2022\/05\/Revista-De-Practicas-y-Discursos.-Cuadernos-de-Ciencias-Sociales.jpg\" \/>\n\t<meta property=\"og:image:width\" content=\"1152\" \/>\n\t<meta property=\"og:image:height\" content=\"647\" \/>\n\t<meta property=\"og:image:type\" content=\"image\/jpeg\" \/>\n<meta name=\"author\" content=\"DATI\" \/>\n<meta name=\"twitter:card\" content=\"summary_large_image\" \/>\n<meta name=\"twitter:creator\" content=\"@FCEJSUNSL\" \/>\n<meta name=\"twitter:site\" content=\"@FCEJSUNSL\" \/>\n<meta name=\"twitter:label1\" content=\"Escrito por\" \/>\n\t<meta name=\"twitter:data1\" content=\"DATI\" \/>\n\t<meta name=\"twitter:label2\" content=\"Tiempo de lectura\" \/>\n\t<meta name=\"twitter:data2\" content=\"2 minutos\" \/>\n<script type=\"application\/ld+json\" class=\"yoast-schema-graph\">{\"@context\":\"https:\\\/\\\/schema.org\",\"@graph\":[{\"@type\":\"Article\",\"@id\":\"https:\\\/\\\/www.fcejs.unsl.edu.ar\\\/index.php\\\/convocatoria-de-la-revista-de-practicas-y-discursos-cuadernos-de-ciencias-sociales\\\/#article\",\"isPartOf\":{\"@id\":\"https:\\\/\\\/www.fcejs.unsl.edu.ar\\\/index.php\\\/convocatoria-de-la-revista-de-practicas-y-discursos-cuadernos-de-ciencias-sociales\\\/\"},\"author\":{\"name\":\"DATI\",\"@id\":\"https:\\\/\\\/www.fcejs.unsl.edu.ar\\\/#\\\/schema\\\/person\\\/352ee6ed90c3f394c7cb5945f8956d34\"},\"headline\":\"Convocatoria de la Revista \u201cDe Pr\u00e1cticas y Discursos. Cuadernos de Ciencias Sociales\u201d\",\"datePublished\":\"2022-05-04T14:29:56+00:00\",\"mainEntityOfPage\":{\"@id\":\"https:\\\/\\\/www.fcejs.unsl.edu.ar\\\/index.php\\\/convocatoria-de-la-revista-de-practicas-y-discursos-cuadernos-de-ciencias-sociales\\\/\"},\"wordCount\":380,\"publisher\":{\"@id\":\"https:\\\/\\\/www.fcejs.unsl.edu.ar\\\/#organization\"},\"image\":{\"@id\":\"https:\\\/\\\/www.fcejs.unsl.edu.ar\\\/index.php\\\/convocatoria-de-la-revista-de-practicas-y-discursos-cuadernos-de-ciencias-sociales\\\/#primaryimage\"},\"thumbnailUrl\":\"https:\\\/\\\/www.fcejs.unsl.edu.ar\\\/wp-content\\\/uploads\\\/2022\\\/05\\\/Revista-De-Practicas-y-Discursos.-Cuadernos-de-Ciencias-Sociales.jpg\",\"articleSection\":[\"Noticias\"],\"inLanguage\":\"es-AR\"},{\"@type\":\"WebPage\",\"@id\":\"https:\\\/\\\/www.fcejs.unsl.edu.ar\\\/index.php\\\/convocatoria-de-la-revista-de-practicas-y-discursos-cuadernos-de-ciencias-sociales\\\/\",\"url\":\"https:\\\/\\\/www.fcejs.unsl.edu.ar\\\/index.php\\\/convocatoria-de-la-revista-de-practicas-y-discursos-cuadernos-de-ciencias-sociales\\\/\",\"name\":\"Convocatoria de la Revista \u201cDe Pr\u00e1cticas y Discursos. Cuadernos de Ciencias Sociales\u201d - Facultad de Ciencias Econ\u00f3micas, Jur\u00ed\u00addicas y Sociales\",\"isPartOf\":{\"@id\":\"https:\\\/\\\/www.fcejs.unsl.edu.ar\\\/#website\"},\"primaryImageOfPage\":{\"@id\":\"https:\\\/\\\/www.fcejs.unsl.edu.ar\\\/index.php\\\/convocatoria-de-la-revista-de-practicas-y-discursos-cuadernos-de-ciencias-sociales\\\/#primaryimage\"},\"image\":{\"@id\":\"https:\\\/\\\/www.fcejs.unsl.edu.ar\\\/index.php\\\/convocatoria-de-la-revista-de-practicas-y-discursos-cuadernos-de-ciencias-sociales\\\/#primaryimage\"},\"thumbnailUrl\":\"https:\\\/\\\/www.fcejs.unsl.edu.ar\\\/wp-content\\\/uploads\\\/2022\\\/05\\\/Revista-De-Practicas-y-Discursos.-Cuadernos-de-Ciencias-Sociales.jpg\",\"datePublished\":\"2022-05-04T14:29:56+00:00\",\"breadcrumb\":{\"@id\":\"https:\\\/\\\/www.fcejs.unsl.edu.ar\\\/index.php\\\/convocatoria-de-la-revista-de-practicas-y-discursos-cuadernos-de-ciencias-sociales\\\/#breadcrumb\"},\"inLanguage\":\"es-AR\",\"potentialAction\":[{\"@type\":\"ReadAction\",\"target\":[\"https:\\\/\\\/www.fcejs.unsl.edu.ar\\\/index.php\\\/convocatoria-de-la-revista-de-practicas-y-discursos-cuadernos-de-ciencias-sociales\\\/\"]}]},{\"@type\":\"ImageObject\",\"inLanguage\":\"es-AR\",\"@id\":\"https:\\\/\\\/www.fcejs.unsl.edu.ar\\\/index.php\\\/convocatoria-de-la-revista-de-practicas-y-discursos-cuadernos-de-ciencias-sociales\\\/#primaryimage\",\"url\":\"https:\\\/\\\/www.fcejs.unsl.edu.ar\\\/wp-content\\\/uploads\\\/2022\\\/05\\\/Revista-De-Practicas-y-Discursos.-Cuadernos-de-Ciencias-Sociales.jpg\",\"contentUrl\":\"https:\\\/\\\/www.fcejs.unsl.edu.ar\\\/wp-content\\\/uploads\\\/2022\\\/05\\\/Revista-De-Practicas-y-Discursos.-Cuadernos-de-Ciencias-Sociales.jpg\",\"width\":1152,\"height\":647},{\"@type\":\"BreadcrumbList\",\"@id\":\"https:\\\/\\\/www.fcejs.unsl.edu.ar\\\/index.php\\\/convocatoria-de-la-revista-de-practicas-y-discursos-cuadernos-de-ciencias-sociales\\\/#breadcrumb\",\"itemListElement\":[{\"@type\":\"ListItem\",\"position\":1,\"name\":\"Inicio\",\"item\":\"https:\\\/\\\/www.fcejs.unsl.edu.ar\\\/\"},{\"@type\":\"ListItem\",\"position\":2,\"name\":\"Convocatoria de la Revista \u201cDe Pr\u00e1cticas y Discursos. Cuadernos de Ciencias Sociales\u201d\"}]},{\"@type\":\"WebSite\",\"@id\":\"https:\\\/\\\/www.fcejs.unsl.edu.ar\\\/#website\",\"url\":\"https:\\\/\\\/www.fcejs.unsl.edu.ar\\\/\",\"name\":\"Facultad de Ciencias Econ\u00f3micas, Jur\u00ed\u00addicas y Sociales\",\"description\":\"\",\"publisher\":{\"@id\":\"https:\\\/\\\/www.fcejs.unsl.edu.ar\\\/#organization\"},\"potentialAction\":[{\"@type\":\"SearchAction\",\"target\":{\"@type\":\"EntryPoint\",\"urlTemplate\":\"https:\\\/\\\/www.fcejs.unsl.edu.ar\\\/?s={search_term_string}\"},\"query-input\":{\"@type\":\"PropertyValueSpecification\",\"valueRequired\":true,\"valueName\":\"search_term_string\"}}],\"inLanguage\":\"es-AR\"},{\"@type\":\"Organization\",\"@id\":\"https:\\\/\\\/www.fcejs.unsl.edu.ar\\\/#organization\",\"name\":\"Facultad de Ciencias Econ\u00f3micas, Jur\u00eddicas y Sociales\",\"url\":\"https:\\\/\\\/www.fcejs.unsl.edu.ar\\\/\",\"logo\":{\"@type\":\"ImageObject\",\"inLanguage\":\"es-AR\",\"@id\":\"https:\\\/\\\/www.fcejs.unsl.edu.ar\\\/#\\\/schema\\\/logo\\\/image\\\/\",\"url\":\"https:\\\/\\\/www.fcejs.unsl.edu.ar\\\/wp-content\\\/uploads\\\/2021\\\/03\\\/logo-1.jpg\",\"contentUrl\":\"https:\\\/\\\/www.fcejs.unsl.edu.ar\\\/wp-content\\\/uploads\\\/2021\\\/03\\\/logo-1.jpg\",\"width\":471,\"height\":146,\"caption\":\"Facultad de Ciencias Econ\u00f3micas, Jur\u00eddicas y Sociales\"},\"image\":{\"@id\":\"https:\\\/\\\/www.fcejs.unsl.edu.ar\\\/#\\\/schema\\\/logo\\\/image\\\/\"},\"sameAs\":[\"https:\\\/\\\/www.facebook.com\\\/FCEJS.UNSL\\\/\",\"https:\\\/\\\/x.com\\\/FCEJSUNSL\",\"https:\\\/\\\/www.instagram.com\\\/fcejs.unsl\\\/\",\"https:\\\/\\\/www.youtube.com\\\/channel\\\/UCH-Ut6EaN_X5ogjIQMPe46g\\\/\"]},{\"@type\":\"Person\",\"@id\":\"https:\\\/\\\/www.fcejs.unsl.edu.ar\\\/#\\\/schema\\\/person\\\/352ee6ed90c3f394c7cb5945f8956d34\",\"name\":\"DATI\"}]}<\/script>\n<!-- \/ Yoast SEO plugin. -->","yoast_head_json":{"title":"Convocatoria de la Revista \u201cDe Pr\u00e1cticas y Discursos. Cuadernos de Ciencias Sociales\u201d - Facultad de Ciencias Econ\u00f3micas, Jur\u00ed\u00addicas y Sociales","robots":{"index":"index","follow":"follow","max-snippet":"max-snippet:-1","max-image-preview":"max-image-preview:large","max-video-preview":"max-video-preview:-1"},"canonical":"https:\/\/www.fcejs.unsl.edu.ar\/index.php\/convocatoria-de-la-revista-de-practicas-y-discursos-cuadernos-de-ciencias-sociales\/","og_locale":"es_ES","og_type":"article","og_title":"Convocatoria de la Revista \u201cDe Pr\u00e1cticas y Discursos. Cuadernos de Ciencias Sociales\u201d - Facultad de Ciencias Econ\u00f3micas, Jur\u00ed\u00addicas y Sociales","og_description":"La Secretar\u00eda de Investigaci\u00f3n y Posgrado informa que, se encuentran abiertas las convocatorias para la presentaci\u00f3n de Dossiers tem\u00e1ticos de la Revista de divulgaci\u00f3n \u201cDe&hellip;","og_url":"https:\/\/www.fcejs.unsl.edu.ar\/index.php\/convocatoria-de-la-revista-de-practicas-y-discursos-cuadernos-de-ciencias-sociales\/","og_site_name":"Facultad de Ciencias Econ\u00f3micas, Jur\u00ed\u00addicas y Sociales","article_publisher":"https:\/\/www.facebook.com\/FCEJS.UNSL\/","article_published_time":"2022-05-04T14:29:56+00:00","og_image":[{"width":1152,"height":647,"url":"https:\/\/www.fcejs.unsl.edu.ar\/wp-content\/uploads\/2022\/05\/Revista-De-Practicas-y-Discursos.-Cuadernos-de-Ciencias-Sociales.jpg","type":"image\/jpeg"}],"author":"DATI","twitter_card":"summary_large_image","twitter_creator":"@FCEJSUNSL","twitter_site":"@FCEJSUNSL","twitter_misc":{"Escrito por":"DATI","Tiempo de lectura":"2 minutos"},"schema":{"@context":"https:\/\/schema.org","@graph":[{"@type":"Article","@id":"https:\/\/www.fcejs.unsl.edu.ar\/index.php\/convocatoria-de-la-revista-de-practicas-y-discursos-cuadernos-de-ciencias-sociales\/#article","isPartOf":{"@id":"https:\/\/www.fcejs.unsl.edu.ar\/index.php\/convocatoria-de-la-revista-de-practicas-y-discursos-cuadernos-de-ciencias-sociales\/"},"author":{"name":"DATI","@id":"https:\/\/www.fcejs.unsl.edu.ar\/#\/schema\/person\/352ee6ed90c3f394c7cb5945f8956d34"},"headline":"Convocatoria de la Revista \u201cDe Pr\u00e1cticas y Discursos. Cuadernos de Ciencias Sociales\u201d","datePublished":"2022-05-04T14:29:56+00:00","mainEntityOfPage":{"@id":"https:\/\/www.fcejs.unsl.edu.ar\/index.php\/convocatoria-de-la-revista-de-practicas-y-discursos-cuadernos-de-ciencias-sociales\/"},"wordCount":380,"publisher":{"@id":"https:\/\/www.fcejs.unsl.edu.ar\/#organization"},"image":{"@id":"https:\/\/www.fcejs.unsl.edu.ar\/index.php\/convocatoria-de-la-revista-de-practicas-y-discursos-cuadernos-de-ciencias-sociales\/#primaryimage"},"thumbnailUrl":"https:\/\/www.fcejs.unsl.edu.ar\/wp-content\/uploads\/2022\/05\/Revista-De-Practicas-y-Discursos.-Cuadernos-de-Ciencias-Sociales.jpg","articleSection":["Noticias"],"inLanguage":"es-AR"},{"@type":"WebPage","@id":"https:\/\/www.fcejs.unsl.edu.ar\/index.php\/convocatoria-de-la-revista-de-practicas-y-discursos-cuadernos-de-ciencias-sociales\/","url":"https:\/\/www.fcejs.unsl.edu.ar\/index.php\/convocatoria-de-la-revista-de-practicas-y-discursos-cuadernos-de-ciencias-sociales\/","name":"Convocatoria de la Revista \u201cDe Pr\u00e1cticas y Discursos. Cuadernos de Ciencias Sociales\u201d - Facultad de Ciencias Econ\u00f3micas, Jur\u00ed\u00addicas y Sociales","isPartOf":{"@id":"https:\/\/www.fcejs.unsl.edu.ar\/#website"},"primaryImageOfPage":{"@id":"https:\/\/www.fcejs.unsl.edu.ar\/index.php\/convocatoria-de-la-revista-de-practicas-y-discursos-cuadernos-de-ciencias-sociales\/#primaryimage"},"image":{"@id":"https:\/\/www.fcejs.unsl.edu.ar\/index.php\/convocatoria-de-la-revista-de-practicas-y-discursos-cuadernos-de-ciencias-sociales\/#primaryimage"},"thumbnailUrl":"https:\/\/www.fcejs.unsl.edu.ar\/wp-content\/uploads\/2022\/05\/Revista-De-Practicas-y-Discursos.-Cuadernos-de-Ciencias-Sociales.jpg","datePublished":"2022-05-04T14:29:56+00:00","breadcrumb":{"@id":"https:\/\/www.fcejs.unsl.edu.ar\/index.php\/convocatoria-de-la-revista-de-practicas-y-discursos-cuadernos-de-ciencias-sociales\/#breadcrumb"},"inLanguage":"es-AR","potentialAction":[{"@type":"ReadAction","target":["https:\/\/www.fcejs.unsl.edu.ar\/index.php\/convocatoria-de-la-revista-de-practicas-y-discursos-cuadernos-de-ciencias-sociales\/"]}]},{"@type":"ImageObject","inLanguage":"es-AR","@id":"https:\/\/www.fcejs.unsl.edu.ar\/index.php\/convocatoria-de-la-revista-de-practicas-y-discursos-cuadernos-de-ciencias-sociales\/#primaryimage","url":"https:\/\/www.fcejs.unsl.edu.ar\/wp-content\/uploads\/2022\/05\/Revista-De-Practicas-y-Discursos.-Cuadernos-de-Ciencias-Sociales.jpg","contentUrl":"https:\/\/www.fcejs.unsl.edu.ar\/wp-content\/uploads\/2022\/05\/Revista-De-Practicas-y-Discursos.-Cuadernos-de-Ciencias-Sociales.jpg","width":1152,"height":647},{"@type":"BreadcrumbList","@id":"https:\/\/www.fcejs.unsl.edu.ar\/index.php\/convocatoria-de-la-revista-de-practicas-y-discursos-cuadernos-de-ciencias-sociales\/#breadcrumb","itemListElement":[{"@type":"ListItem","position":1,"name":"Inicio","item":"https:\/\/www.fcejs.unsl.edu.ar\/"},{"@type":"ListItem","position":2,"name":"Convocatoria de la Revista \u201cDe Pr\u00e1cticas y Discursos. Cuadernos de Ciencias Sociales\u201d"}]},{"@type":"WebSite","@id":"https:\/\/www.fcejs.unsl.edu.ar\/#website","url":"https:\/\/www.fcejs.unsl.edu.ar\/","name":"Facultad de Ciencias Econ\u00f3micas, Jur\u00ed\u00addicas y Sociales","description":"","publisher":{"@id":"https:\/\/www.fcejs.unsl.edu.ar\/#organization"},"potentialAction":[{"@type":"SearchAction","target":{"@type":"EntryPoint","urlTemplate":"https:\/\/www.fcejs.unsl.edu.ar\/?s={search_term_string}"},"query-input":{"@type":"PropertyValueSpecification","valueRequired":true,"valueName":"search_term_string"}}],"inLanguage":"es-AR"},{"@type":"Organization","@id":"https:\/\/www.fcejs.unsl.edu.ar\/#organization","name":"Facultad de Ciencias Econ\u00f3micas, Jur\u00eddicas y Sociales","url":"https:\/\/www.fcejs.unsl.edu.ar\/","logo":{"@type":"ImageObject","inLanguage":"es-AR","@id":"https:\/\/www.fcejs.unsl.edu.ar\/#\/schema\/logo\/image\/","url":"https:\/\/www.fcejs.unsl.edu.ar\/wp-content\/uploads\/2021\/03\/logo-1.jpg","contentUrl":"https:\/\/www.fcejs.unsl.edu.ar\/wp-content\/uploads\/2021\/03\/logo-1.jpg","width":471,"height":146,"caption":"Facultad de Ciencias Econ\u00f3micas, Jur\u00eddicas y Sociales"},"image":{"@id":"https:\/\/www.fcejs.unsl.edu.ar\/#\/schema\/logo\/image\/"},"sameAs":["https:\/\/www.facebook.com\/FCEJS.UNSL\/","https:\/\/x.com\/FCEJSUNSL","https:\/\/www.instagram.com\/fcejs.unsl\/","https:\/\/www.youtube.com\/channel\/UCH-Ut6EaN_X5ogjIQMPe46g\/"]},{"@type":"Person","@id":"https:\/\/www.fcejs.unsl.edu.ar\/#\/schema\/person\/352ee6ed90c3f394c7cb5945f8956d34","name":"DATI"}]}},"jetpack_featured_media_url":"https:\/\/www.fcejs.unsl.edu.ar\/wp-content\/uploads\/2022\/05\/Revista-De-Practicas-y-Discursos.-Cuadernos-de-Ciencias-Sociales.jpg","_links":{"self":[{"href":"https:\/\/www.fcejs.unsl.edu.ar\/index.php\/wp-json\/wp\/v2\/posts\/7863","targetHints":{"allow":["GET"]}}],"collection":[{"href":"https:\/\/www.fcejs.unsl.edu.ar\/index.php\/wp-json\/wp\/v2\/posts"}],"about":[{"href":"https:\/\/www.fcejs.unsl.edu.ar\/index.php\/wp-json\/wp\/v2\/types\/post"}],"author":[{"embeddable":true,"href":"https:\/\/www.fcejs.unsl.edu.ar\/index.php\/wp-json\/wp\/v2\/users\/9"}],"replies":[{"embeddable":true,"href":"https:\/\/www.fcejs.unsl.edu.ar\/index.php\/wp-json\/wp\/v2\/comments?post=7863"}],"version-history":[{"count":3,"href":"https:\/\/www.fcejs.unsl.edu.ar\/index.php\/wp-json\/wp\/v2\/posts\/7863\/revisions"}],"predecessor-version":[{"id":7867,"href":"https:\/\/www.fcejs.unsl.edu.ar\/index.php\/wp-json\/wp\/v2\/posts\/7863\/revisions\/7867"}],"wp:featuredmedia":[{"embeddable":true,"href":"https:\/\/www.fcejs.unsl.edu.ar\/index.php\/wp-json\/wp\/v2\/media\/7864"}],"wp:attachment":[{"href":"https:\/\/www.fcejs.unsl.edu.ar\/index.php\/wp-json\/wp\/v2\/media?parent=7863"}],"wp:term":[{"taxonomy":"category","embeddable":true,"href":"https:\/\/www.fcejs.unsl.edu.ar\/index.php\/wp-json\/wp\/v2\/categories?post=7863"},{"taxonomy":"post_tag","embeddable":true,"href":"https:\/\/www.fcejs.unsl.edu.ar\/index.php\/wp-json\/wp\/v2\/tags?post=7863"}],"curies":[{"name":"wp","href":"https:\/\/api.w.org\/{rel}","templated":true}]}}