{"id":7835,"date":"2022-04-29T16:00:38","date_gmt":"2022-04-29T19:00:38","guid":{"rendered":"http:\/\/10.101.10.197\/www\/?p=7835"},"modified":"2022-04-29T18:58:43","modified_gmt":"2022-04-29T21:58:43","slug":"comunicado-del-programa-de-genero-sociedad-y-universidad-por-el-dia-internacional-de-las-y-los-trabajadores","status":"publish","type":"post","link":"https:\/\/www.fcejs.unsl.edu.ar\/index.php\/comunicado-del-programa-de-genero-sociedad-y-universidad-por-el-dia-internacional-de-las-y-los-trabajadores\/","title":{"rendered":"Comunicado del Programa de G\u00e9nero, Sociedad y Universidad por el D\u00eda Internacional de las y los Trabajadores"},"content":{"rendered":"<p>El 1 de mayo se conmemora el<a href=\"https:\/\/news.agrofy.com.ar\/feriados\"><strong>\u00a0D\u00eda Internacional del Trabajador,<\/strong>\u00a0<\/a>en homenaje a un grupo de trabajadores anarquistas \u2013tambi\u00e9n conocidos como los \u201cM\u00e1rtires de Chicago\u201d- quienes,\u00a0<strong>en 1886, fueron ejecutados en esta ciudad de Estados Unidos por reclamar una jornada laboral de 8 horas<\/strong>.<\/p>\n<p>Desde el Programa de G\u00e9nero, Sociedad y Universidad queremos tambi\u00e9n recordar a las mujeres que han luchado por los derechos de las trabajadoras, entre las muchas que han levantado la voz tenemos una argentina nacida en nuestra provincia.<\/p>\n<p><em>\u201cHay en Rosario una joven\u00a0<\/em><a href=\"https:\/\/es.wikipedia.org\/wiki\/San_Luis_(provincia_de_San_Luis)\"><em>puntana<\/em><\/a><em>\u00a0de palabra en\u00e9rgica y dominante que arrastra a las multitudes; m\u00e1s en\u00e9rgica que\u00a0<\/em><a href=\"https:\/\/es.wikipedia.org\/w\/index.php?title=Luisa_Michell&amp;action=edit&amp;redlink=1\"><em>Luisa Michell<\/em><\/a><em>, tiene indudablemente mejores formas que \u00e9sta\u201d.<\/em><\/p>\n<p style=\"text-align: right;\"><a href=\"https:\/\/es.wikipedia.org\/wiki\/Juan_Bialet_Mass%C3%A9\"><em>Juan Bialet Mass\u00e9<\/em><\/a><em>.<\/em><\/p>\n<p><strong>\u00a0<\/strong><strong>Virginia <\/strong><strong>Bolten<\/strong>\u00a0naci\u00f3 en <a href=\"https:\/\/es.wikipedia.org\/wiki\/San_Luis_(Argentina)\">San Luis<\/a> el\u00a0<a href=\"https:\/\/es.wikipedia.org\/wiki\/26_de_diciembre\">26 de diciembre<\/a>\u00a0de\u00a0<a href=\"https:\/\/es.wikipedia.org\/wiki\/1876\">1876<\/a>, vivi\u00f3 en \u00e9sta provincia hasta que decidi\u00f3 migrar hacia Rosario, Santa F\u00e9: <strong>meca de su desarrollo activista<\/strong>, en donde se sublev\u00f3 frente a los reg\u00edmenes patronales explotadores e influenci\u00f3 a varias compa\u00f1eras de la <strong>Refiner\u00eda Argentina de Az\u00facar,<\/strong> en donde trabajaba, a levantarse contra las injustas condiciones laborales que sufr\u00edan.<\/p>\n<p>Fund\u00f3 <strong>\u201cLa Voz de la Mujer\u201d<\/strong> hasta el 1 de enero de 1897, folleto que sal\u00eda espor\u00e1dicamente y que sosten\u00eda con <strong>donaciones de compa\u00f1erxs anarquistas y con su propio sueldo<\/strong> como obrera para difundir ideas anarco-comunistas y, a vistas de \u00e9stos tiempos, tambi\u00e9n feministas: ya que denunciaban incluso a sus propios compa\u00f1eros de movimiento de luchar por la libertad ignorando las m\u00edseras condiciones a las que estaban sometidas las mujeres. \u201cLa Voz de la Mujer\u201d divulg\u00f3 su famosa frase: <strong>\u201cNi Dios, ni Patr\u00f3n, ni Marido\u201d<\/strong>, const\u00f3 de 9 n\u00fameros.<\/p>\n<p>Fue representante y promotora de la Federaci\u00f3n Obrera Argentina (luego FORA).\u200b\u00a0Fue detenida en numerosas oportunidades por la polic\u00eda debido a su comportamiento subversivo frente a las fuerzas armadas, sus en\u00e9rgicos discursos en la v\u00eda p\u00fablica y por difundir propaganda anarquista a sus compa\u00f1erxs de la refiner\u00eda.<\/p>\n<p>Una de estas detenciones se dio luego de encabezar la primera manifestaci\u00f3n del <strong>D\u00eda del Trabajador de nuestro pa\u00eds<\/strong>, luego de uno de sus extraordinarios discursos por alterar el orden p\u00fablico.\u00a0Ya radicada en Uruguay definitivamente, su casa se hab\u00eda convertido en un centro de actividades militantes y un centro de operaciones anarquistas, su casa efectivamente siempre fue un espacio para los desamparados y hambrientos.<\/p>\n<p><strong><em>Su nombre y su legado est\u00e1n latiendo aun en los escombros del anarquismo latinoamericano y ha sentado junto a sus compa\u00f1eras de lucha las bases para \u00e9l feminismo actual hablando siempre sobre feminizaci\u00f3n de la pobreza, amor libre, econom\u00eda feminista, tareas del cuidado y violencias diversas exigiendo siempre la igualdad frente a los compa\u00f1eros anarquistas y todas las clases sociales<\/em><\/strong>.<\/p>\n","protected":false},"excerpt":{"rendered":"<p>El 1 de mayo se conmemora el\u00a0D\u00eda Internacional del Trabajador,\u00a0en homenaje a un grupo de trabajadores anarquistas \u2013tambi\u00e9n conocidos como los \u201cM\u00e1rtires de Chicago\u201d- quienes,\u00a0en&hellip;<\/p>\n","protected":false},"author":9,"featured_media":7836,"comment_status":"closed","ping_status":"closed","sticky":false,"template":"","format":"standard","meta":{"om_disable_all_campaigns":false,"_monsterinsights_skip_tracking":false,"_monsterinsights_sitenote_active":false,"_monsterinsights_sitenote_note":"","_monsterinsights_sitenote_category":0,"footnotes":""},"categories":[1],"tags":[],"class_list":["post-7835","post","type-post","status-publish","format-standard","has-post-thumbnail","hentry","category-noticias"],"yoast_head":"<!-- This site is optimized with the Yoast SEO plugin v27.4 - https:\/\/yoast.com\/product\/yoast-seo-wordpress\/ -->\n<title>Comunicado del Programa de G\u00e9nero, Sociedad y Universidad por el D\u00eda Internacional de las y los Trabajadores - Facultad de Ciencias Econ\u00f3micas, Jur\u00ed\u00addicas y Sociales<\/title>\n<meta name=\"robots\" content=\"index, follow, max-snippet:-1, max-image-preview:large, max-video-preview:-1\" \/>\n<link rel=\"canonical\" href=\"https:\/\/www.fcejs.unsl.edu.ar\/index.php\/comunicado-del-programa-de-genero-sociedad-y-universidad-por-el-dia-internacional-de-las-y-los-trabajadores\/\" \/>\n<meta property=\"og:locale\" content=\"es_ES\" \/>\n<meta property=\"og:type\" content=\"article\" \/>\n<meta property=\"og:title\" content=\"Comunicado del Programa de G\u00e9nero, Sociedad y Universidad por el D\u00eda Internacional de las y los Trabajadores - Facultad de Ciencias Econ\u00f3micas, Jur\u00ed\u00addicas y Sociales\" \/>\n<meta property=\"og:description\" content=\"El 1 de mayo se conmemora el\u00a0D\u00eda Internacional del Trabajador,\u00a0en homenaje a un grupo de trabajadores anarquistas \u2013tambi\u00e9n conocidos como los \u201cM\u00e1rtires de Chicago\u201d- quienes,\u00a0en&hellip;\" \/>\n<meta property=\"og:url\" content=\"https:\/\/www.fcejs.unsl.edu.ar\/index.php\/comunicado-del-programa-de-genero-sociedad-y-universidad-por-el-dia-internacional-de-las-y-los-trabajadores\/\" \/>\n<meta property=\"og:site_name\" content=\"Facultad de Ciencias Econ\u00f3micas, Jur\u00ed\u00addicas y Sociales\" \/>\n<meta property=\"article:publisher\" content=\"https:\/\/www.facebook.com\/FCEJS.UNSL\/\" \/>\n<meta property=\"article:published_time\" content=\"2022-04-29T19:00:38+00:00\" \/>\n<meta property=\"article:modified_time\" content=\"2022-04-29T21:58:43+00:00\" \/>\n<meta property=\"og:image\" content=\"https:\/\/www.fcejs.unsl.edu.ar\/wp-content\/uploads\/2022\/04\/mujer-trabajadoras-front.jpg\" \/>\n\t<meta property=\"og:image:width\" content=\"1152\" \/>\n\t<meta property=\"og:image:height\" content=\"647\" \/>\n\t<meta property=\"og:image:type\" content=\"image\/jpeg\" \/>\n<meta name=\"author\" content=\"DATI\" \/>\n<meta name=\"twitter:card\" content=\"summary_large_image\" \/>\n<meta name=\"twitter:creator\" content=\"@FCEJSUNSL\" \/>\n<meta name=\"twitter:site\" content=\"@FCEJSUNSL\" \/>\n<meta name=\"twitter:label1\" content=\"Escrito por\" \/>\n\t<meta name=\"twitter:data1\" content=\"DATI\" \/>\n\t<meta name=\"twitter:label2\" content=\"Tiempo de lectura\" \/>\n\t<meta name=\"twitter:data2\" content=\"2 minutos\" \/>\n<script type=\"application\/ld+json\" class=\"yoast-schema-graph\">{\"@context\":\"https:\\\/\\\/schema.org\",\"@graph\":[{\"@type\":\"Article\",\"@id\":\"https:\\\/\\\/www.fcejs.unsl.edu.ar\\\/index.php\\\/comunicado-del-programa-de-genero-sociedad-y-universidad-por-el-dia-internacional-de-las-y-los-trabajadores\\\/#article\",\"isPartOf\":{\"@id\":\"https:\\\/\\\/www.fcejs.unsl.edu.ar\\\/index.php\\\/comunicado-del-programa-de-genero-sociedad-y-universidad-por-el-dia-internacional-de-las-y-los-trabajadores\\\/\"},\"author\":{\"name\":\"DATI\",\"@id\":\"https:\\\/\\\/www.fcejs.unsl.edu.ar\\\/#\\\/schema\\\/person\\\/352ee6ed90c3f394c7cb5945f8956d34\"},\"headline\":\"Comunicado del Programa de G\u00e9nero, Sociedad y Universidad por el D\u00eda Internacional de las y los Trabajadores\",\"datePublished\":\"2022-04-29T19:00:38+00:00\",\"dateModified\":\"2022-04-29T21:58:43+00:00\",\"mainEntityOfPage\":{\"@id\":\"https:\\\/\\\/www.fcejs.unsl.edu.ar\\\/index.php\\\/comunicado-del-programa-de-genero-sociedad-y-universidad-por-el-dia-internacional-de-las-y-los-trabajadores\\\/\"},\"wordCount\":487,\"publisher\":{\"@id\":\"https:\\\/\\\/www.fcejs.unsl.edu.ar\\\/#organization\"},\"image\":{\"@id\":\"https:\\\/\\\/www.fcejs.unsl.edu.ar\\\/index.php\\\/comunicado-del-programa-de-genero-sociedad-y-universidad-por-el-dia-internacional-de-las-y-los-trabajadores\\\/#primaryimage\"},\"thumbnailUrl\":\"https:\\\/\\\/www.fcejs.unsl.edu.ar\\\/wp-content\\\/uploads\\\/2022\\\/04\\\/mujer-trabajadoras-front.jpg\",\"articleSection\":[\"Noticias\"],\"inLanguage\":\"es-AR\"},{\"@type\":\"WebPage\",\"@id\":\"https:\\\/\\\/www.fcejs.unsl.edu.ar\\\/index.php\\\/comunicado-del-programa-de-genero-sociedad-y-universidad-por-el-dia-internacional-de-las-y-los-trabajadores\\\/\",\"url\":\"https:\\\/\\\/www.fcejs.unsl.edu.ar\\\/index.php\\\/comunicado-del-programa-de-genero-sociedad-y-universidad-por-el-dia-internacional-de-las-y-los-trabajadores\\\/\",\"name\":\"Comunicado del Programa de G\u00e9nero, Sociedad y Universidad por el D\u00eda Internacional de las y los Trabajadores - Facultad de Ciencias Econ\u00f3micas, Jur\u00ed\u00addicas y Sociales\",\"isPartOf\":{\"@id\":\"https:\\\/\\\/www.fcejs.unsl.edu.ar\\\/#website\"},\"primaryImageOfPage\":{\"@id\":\"https:\\\/\\\/www.fcejs.unsl.edu.ar\\\/index.php\\\/comunicado-del-programa-de-genero-sociedad-y-universidad-por-el-dia-internacional-de-las-y-los-trabajadores\\\/#primaryimage\"},\"image\":{\"@id\":\"https:\\\/\\\/www.fcejs.unsl.edu.ar\\\/index.php\\\/comunicado-del-programa-de-genero-sociedad-y-universidad-por-el-dia-internacional-de-las-y-los-trabajadores\\\/#primaryimage\"},\"thumbnailUrl\":\"https:\\\/\\\/www.fcejs.unsl.edu.ar\\\/wp-content\\\/uploads\\\/2022\\\/04\\\/mujer-trabajadoras-front.jpg\",\"datePublished\":\"2022-04-29T19:00:38+00:00\",\"dateModified\":\"2022-04-29T21:58:43+00:00\",\"breadcrumb\":{\"@id\":\"https:\\\/\\\/www.fcejs.unsl.edu.ar\\\/index.php\\\/comunicado-del-programa-de-genero-sociedad-y-universidad-por-el-dia-internacional-de-las-y-los-trabajadores\\\/#breadcrumb\"},\"inLanguage\":\"es-AR\",\"potentialAction\":[{\"@type\":\"ReadAction\",\"target\":[\"https:\\\/\\\/www.fcejs.unsl.edu.ar\\\/index.php\\\/comunicado-del-programa-de-genero-sociedad-y-universidad-por-el-dia-internacional-de-las-y-los-trabajadores\\\/\"]}]},{\"@type\":\"ImageObject\",\"inLanguage\":\"es-AR\",\"@id\":\"https:\\\/\\\/www.fcejs.unsl.edu.ar\\\/index.php\\\/comunicado-del-programa-de-genero-sociedad-y-universidad-por-el-dia-internacional-de-las-y-los-trabajadores\\\/#primaryimage\",\"url\":\"https:\\\/\\\/www.fcejs.unsl.edu.ar\\\/wp-content\\\/uploads\\\/2022\\\/04\\\/mujer-trabajadoras-front.jpg\",\"contentUrl\":\"https:\\\/\\\/www.fcejs.unsl.edu.ar\\\/wp-content\\\/uploads\\\/2022\\\/04\\\/mujer-trabajadoras-front.jpg\",\"width\":1152,\"height\":647},{\"@type\":\"BreadcrumbList\",\"@id\":\"https:\\\/\\\/www.fcejs.unsl.edu.ar\\\/index.php\\\/comunicado-del-programa-de-genero-sociedad-y-universidad-por-el-dia-internacional-de-las-y-los-trabajadores\\\/#breadcrumb\",\"itemListElement\":[{\"@type\":\"ListItem\",\"position\":1,\"name\":\"Inicio\",\"item\":\"https:\\\/\\\/www.fcejs.unsl.edu.ar\\\/\"},{\"@type\":\"ListItem\",\"position\":2,\"name\":\"Comunicado del Programa de G\u00e9nero, Sociedad y Universidad por el D\u00eda Internacional de las y los Trabajadores\"}]},{\"@type\":\"WebSite\",\"@id\":\"https:\\\/\\\/www.fcejs.unsl.edu.ar\\\/#website\",\"url\":\"https:\\\/\\\/www.fcejs.unsl.edu.ar\\\/\",\"name\":\"Facultad de Ciencias Econ\u00f3micas, Jur\u00ed\u00addicas y Sociales\",\"description\":\"\",\"publisher\":{\"@id\":\"https:\\\/\\\/www.fcejs.unsl.edu.ar\\\/#organization\"},\"potentialAction\":[{\"@type\":\"SearchAction\",\"target\":{\"@type\":\"EntryPoint\",\"urlTemplate\":\"https:\\\/\\\/www.fcejs.unsl.edu.ar\\\/?s={search_term_string}\"},\"query-input\":{\"@type\":\"PropertyValueSpecification\",\"valueRequired\":true,\"valueName\":\"search_term_string\"}}],\"inLanguage\":\"es-AR\"},{\"@type\":\"Organization\",\"@id\":\"https:\\\/\\\/www.fcejs.unsl.edu.ar\\\/#organization\",\"name\":\"Facultad de Ciencias Econ\u00f3micas, Jur\u00eddicas y Sociales\",\"url\":\"https:\\\/\\\/www.fcejs.unsl.edu.ar\\\/\",\"logo\":{\"@type\":\"ImageObject\",\"inLanguage\":\"es-AR\",\"@id\":\"https:\\\/\\\/www.fcejs.unsl.edu.ar\\\/#\\\/schema\\\/logo\\\/image\\\/\",\"url\":\"https:\\\/\\\/www.fcejs.unsl.edu.ar\\\/wp-content\\\/uploads\\\/2021\\\/03\\\/logo-1.jpg\",\"contentUrl\":\"https:\\\/\\\/www.fcejs.unsl.edu.ar\\\/wp-content\\\/uploads\\\/2021\\\/03\\\/logo-1.jpg\",\"width\":471,\"height\":146,\"caption\":\"Facultad de Ciencias Econ\u00f3micas, Jur\u00eddicas y Sociales\"},\"image\":{\"@id\":\"https:\\\/\\\/www.fcejs.unsl.edu.ar\\\/#\\\/schema\\\/logo\\\/image\\\/\"},\"sameAs\":[\"https:\\\/\\\/www.facebook.com\\\/FCEJS.UNSL\\\/\",\"https:\\\/\\\/x.com\\\/FCEJSUNSL\",\"https:\\\/\\\/www.instagram.com\\\/fcejs.unsl\\\/\",\"https:\\\/\\\/www.youtube.com\\\/channel\\\/UCH-Ut6EaN_X5ogjIQMPe46g\\\/\"]},{\"@type\":\"Person\",\"@id\":\"https:\\\/\\\/www.fcejs.unsl.edu.ar\\\/#\\\/schema\\\/person\\\/352ee6ed90c3f394c7cb5945f8956d34\",\"name\":\"DATI\"}]}<\/script>\n<!-- \/ Yoast SEO plugin. -->","yoast_head_json":{"title":"Comunicado del Programa de G\u00e9nero, Sociedad y Universidad por el D\u00eda Internacional de las y los Trabajadores - Facultad de Ciencias Econ\u00f3micas, Jur\u00ed\u00addicas y Sociales","robots":{"index":"index","follow":"follow","max-snippet":"max-snippet:-1","max-image-preview":"max-image-preview:large","max-video-preview":"max-video-preview:-1"},"canonical":"https:\/\/www.fcejs.unsl.edu.ar\/index.php\/comunicado-del-programa-de-genero-sociedad-y-universidad-por-el-dia-internacional-de-las-y-los-trabajadores\/","og_locale":"es_ES","og_type":"article","og_title":"Comunicado del Programa de G\u00e9nero, Sociedad y Universidad por el D\u00eda Internacional de las y los Trabajadores - Facultad de Ciencias Econ\u00f3micas, Jur\u00ed\u00addicas y Sociales","og_description":"El 1 de mayo se conmemora el\u00a0D\u00eda Internacional del Trabajador,\u00a0en homenaje a un grupo de trabajadores anarquistas \u2013tambi\u00e9n conocidos como los \u201cM\u00e1rtires de Chicago\u201d- quienes,\u00a0en&hellip;","og_url":"https:\/\/www.fcejs.unsl.edu.ar\/index.php\/comunicado-del-programa-de-genero-sociedad-y-universidad-por-el-dia-internacional-de-las-y-los-trabajadores\/","og_site_name":"Facultad de Ciencias Econ\u00f3micas, Jur\u00ed\u00addicas y Sociales","article_publisher":"https:\/\/www.facebook.com\/FCEJS.UNSL\/","article_published_time":"2022-04-29T19:00:38+00:00","article_modified_time":"2022-04-29T21:58:43+00:00","og_image":[{"width":1152,"height":647,"url":"https:\/\/www.fcejs.unsl.edu.ar\/wp-content\/uploads\/2022\/04\/mujer-trabajadoras-front.jpg","type":"image\/jpeg"}],"author":"DATI","twitter_card":"summary_large_image","twitter_creator":"@FCEJSUNSL","twitter_site":"@FCEJSUNSL","twitter_misc":{"Escrito por":"DATI","Tiempo de lectura":"2 minutos"},"schema":{"@context":"https:\/\/schema.org","@graph":[{"@type":"Article","@id":"https:\/\/www.fcejs.unsl.edu.ar\/index.php\/comunicado-del-programa-de-genero-sociedad-y-universidad-por-el-dia-internacional-de-las-y-los-trabajadores\/#article","isPartOf":{"@id":"https:\/\/www.fcejs.unsl.edu.ar\/index.php\/comunicado-del-programa-de-genero-sociedad-y-universidad-por-el-dia-internacional-de-las-y-los-trabajadores\/"},"author":{"name":"DATI","@id":"https:\/\/www.fcejs.unsl.edu.ar\/#\/schema\/person\/352ee6ed90c3f394c7cb5945f8956d34"},"headline":"Comunicado del Programa de G\u00e9nero, Sociedad y Universidad por el D\u00eda Internacional de las y los Trabajadores","datePublished":"2022-04-29T19:00:38+00:00","dateModified":"2022-04-29T21:58:43+00:00","mainEntityOfPage":{"@id":"https:\/\/www.fcejs.unsl.edu.ar\/index.php\/comunicado-del-programa-de-genero-sociedad-y-universidad-por-el-dia-internacional-de-las-y-los-trabajadores\/"},"wordCount":487,"publisher":{"@id":"https:\/\/www.fcejs.unsl.edu.ar\/#organization"},"image":{"@id":"https:\/\/www.fcejs.unsl.edu.ar\/index.php\/comunicado-del-programa-de-genero-sociedad-y-universidad-por-el-dia-internacional-de-las-y-los-trabajadores\/#primaryimage"},"thumbnailUrl":"https:\/\/www.fcejs.unsl.edu.ar\/wp-content\/uploads\/2022\/04\/mujer-trabajadoras-front.jpg","articleSection":["Noticias"],"inLanguage":"es-AR"},{"@type":"WebPage","@id":"https:\/\/www.fcejs.unsl.edu.ar\/index.php\/comunicado-del-programa-de-genero-sociedad-y-universidad-por-el-dia-internacional-de-las-y-los-trabajadores\/","url":"https:\/\/www.fcejs.unsl.edu.ar\/index.php\/comunicado-del-programa-de-genero-sociedad-y-universidad-por-el-dia-internacional-de-las-y-los-trabajadores\/","name":"Comunicado del Programa de G\u00e9nero, Sociedad y Universidad por el D\u00eda Internacional de las y los Trabajadores - Facultad de Ciencias Econ\u00f3micas, Jur\u00ed\u00addicas y Sociales","isPartOf":{"@id":"https:\/\/www.fcejs.unsl.edu.ar\/#website"},"primaryImageOfPage":{"@id":"https:\/\/www.fcejs.unsl.edu.ar\/index.php\/comunicado-del-programa-de-genero-sociedad-y-universidad-por-el-dia-internacional-de-las-y-los-trabajadores\/#primaryimage"},"image":{"@id":"https:\/\/www.fcejs.unsl.edu.ar\/index.php\/comunicado-del-programa-de-genero-sociedad-y-universidad-por-el-dia-internacional-de-las-y-los-trabajadores\/#primaryimage"},"thumbnailUrl":"https:\/\/www.fcejs.unsl.edu.ar\/wp-content\/uploads\/2022\/04\/mujer-trabajadoras-front.jpg","datePublished":"2022-04-29T19:00:38+00:00","dateModified":"2022-04-29T21:58:43+00:00","breadcrumb":{"@id":"https:\/\/www.fcejs.unsl.edu.ar\/index.php\/comunicado-del-programa-de-genero-sociedad-y-universidad-por-el-dia-internacional-de-las-y-los-trabajadores\/#breadcrumb"},"inLanguage":"es-AR","potentialAction":[{"@type":"ReadAction","target":["https:\/\/www.fcejs.unsl.edu.ar\/index.php\/comunicado-del-programa-de-genero-sociedad-y-universidad-por-el-dia-internacional-de-las-y-los-trabajadores\/"]}]},{"@type":"ImageObject","inLanguage":"es-AR","@id":"https:\/\/www.fcejs.unsl.edu.ar\/index.php\/comunicado-del-programa-de-genero-sociedad-y-universidad-por-el-dia-internacional-de-las-y-los-trabajadores\/#primaryimage","url":"https:\/\/www.fcejs.unsl.edu.ar\/wp-content\/uploads\/2022\/04\/mujer-trabajadoras-front.jpg","contentUrl":"https:\/\/www.fcejs.unsl.edu.ar\/wp-content\/uploads\/2022\/04\/mujer-trabajadoras-front.jpg","width":1152,"height":647},{"@type":"BreadcrumbList","@id":"https:\/\/www.fcejs.unsl.edu.ar\/index.php\/comunicado-del-programa-de-genero-sociedad-y-universidad-por-el-dia-internacional-de-las-y-los-trabajadores\/#breadcrumb","itemListElement":[{"@type":"ListItem","position":1,"name":"Inicio","item":"https:\/\/www.fcejs.unsl.edu.ar\/"},{"@type":"ListItem","position":2,"name":"Comunicado del Programa de G\u00e9nero, Sociedad y Universidad por el D\u00eda Internacional de las y los Trabajadores"}]},{"@type":"WebSite","@id":"https:\/\/www.fcejs.unsl.edu.ar\/#website","url":"https:\/\/www.fcejs.unsl.edu.ar\/","name":"Facultad de Ciencias Econ\u00f3micas, Jur\u00ed\u00addicas y Sociales","description":"","publisher":{"@id":"https:\/\/www.fcejs.unsl.edu.ar\/#organization"},"potentialAction":[{"@type":"SearchAction","target":{"@type":"EntryPoint","urlTemplate":"https:\/\/www.fcejs.unsl.edu.ar\/?s={search_term_string}"},"query-input":{"@type":"PropertyValueSpecification","valueRequired":true,"valueName":"search_term_string"}}],"inLanguage":"es-AR"},{"@type":"Organization","@id":"https:\/\/www.fcejs.unsl.edu.ar\/#organization","name":"Facultad de Ciencias Econ\u00f3micas, Jur\u00eddicas y Sociales","url":"https:\/\/www.fcejs.unsl.edu.ar\/","logo":{"@type":"ImageObject","inLanguage":"es-AR","@id":"https:\/\/www.fcejs.unsl.edu.ar\/#\/schema\/logo\/image\/","url":"https:\/\/www.fcejs.unsl.edu.ar\/wp-content\/uploads\/2021\/03\/logo-1.jpg","contentUrl":"https:\/\/www.fcejs.unsl.edu.ar\/wp-content\/uploads\/2021\/03\/logo-1.jpg","width":471,"height":146,"caption":"Facultad de Ciencias Econ\u00f3micas, Jur\u00eddicas y Sociales"},"image":{"@id":"https:\/\/www.fcejs.unsl.edu.ar\/#\/schema\/logo\/image\/"},"sameAs":["https:\/\/www.facebook.com\/FCEJS.UNSL\/","https:\/\/x.com\/FCEJSUNSL","https:\/\/www.instagram.com\/fcejs.unsl\/","https:\/\/www.youtube.com\/channel\/UCH-Ut6EaN_X5ogjIQMPe46g\/"]},{"@type":"Person","@id":"https:\/\/www.fcejs.unsl.edu.ar\/#\/schema\/person\/352ee6ed90c3f394c7cb5945f8956d34","name":"DATI"}]}},"jetpack_featured_media_url":"https:\/\/www.fcejs.unsl.edu.ar\/wp-content\/uploads\/2022\/04\/mujer-trabajadoras-front.jpg","_links":{"self":[{"href":"https:\/\/www.fcejs.unsl.edu.ar\/index.php\/wp-json\/wp\/v2\/posts\/7835","targetHints":{"allow":["GET"]}}],"collection":[{"href":"https:\/\/www.fcejs.unsl.edu.ar\/index.php\/wp-json\/wp\/v2\/posts"}],"about":[{"href":"https:\/\/www.fcejs.unsl.edu.ar\/index.php\/wp-json\/wp\/v2\/types\/post"}],"author":[{"embeddable":true,"href":"https:\/\/www.fcejs.unsl.edu.ar\/index.php\/wp-json\/wp\/v2\/users\/9"}],"replies":[{"embeddable":true,"href":"https:\/\/www.fcejs.unsl.edu.ar\/index.php\/wp-json\/wp\/v2\/comments?post=7835"}],"version-history":[{"count":3,"href":"https:\/\/www.fcejs.unsl.edu.ar\/index.php\/wp-json\/wp\/v2\/posts\/7835\/revisions"}],"predecessor-version":[{"id":7839,"href":"https:\/\/www.fcejs.unsl.edu.ar\/index.php\/wp-json\/wp\/v2\/posts\/7835\/revisions\/7839"}],"wp:featuredmedia":[{"embeddable":true,"href":"https:\/\/www.fcejs.unsl.edu.ar\/index.php\/wp-json\/wp\/v2\/media\/7836"}],"wp:attachment":[{"href":"https:\/\/www.fcejs.unsl.edu.ar\/index.php\/wp-json\/wp\/v2\/media?parent=7835"}],"wp:term":[{"taxonomy":"category","embeddable":true,"href":"https:\/\/www.fcejs.unsl.edu.ar\/index.php\/wp-json\/wp\/v2\/categories?post=7835"},{"taxonomy":"post_tag","embeddable":true,"href":"https:\/\/www.fcejs.unsl.edu.ar\/index.php\/wp-json\/wp\/v2\/tags?post=7835"}],"curies":[{"name":"wp","href":"https:\/\/api.w.org\/{rel}","templated":true}]}}