{"id":7794,"date":"2022-04-27T09:31:26","date_gmt":"2022-04-27T12:31:26","guid":{"rendered":"http:\/\/10.101.10.197\/www\/?p=7794"},"modified":"2022-04-27T09:31:26","modified_gmt":"2022-04-27T12:31:26","slug":"en-agosto-inicia-una-nueva-cohorte-de-la-tecnicatura-en-administracion-y-gestion-de-instituciones-universitarias-tagiu","status":"publish","type":"post","link":"https:\/\/www.fcejs.unsl.edu.ar\/index.php\/en-agosto-inicia-una-nueva-cohorte-de-la-tecnicatura-en-administracion-y-gestion-de-instituciones-universitarias-tagiu\/","title":{"rendered":"En agosto inicia una nueva cohorte de la Tecnicatura en Administraci\u00f3n y Gesti\u00f3n de Instituciones Universitarias -TAGIU-"},"content":{"rendered":"<p>El Consejo Superior de la Universidad Nacional de San Luis en su sesi\u00f3n del 12 de abril del 2022 aprob\u00f3 mediante Resoluci\u00f3n CS N\u00b0 81\/2022 la apertura de una nueva cohorte de la Carrera Tecnicatura Universitaria en Administraci\u00f3n y Gesti\u00f3n de Instituciones Universitarias -TAGIU-<\/p>\n<p>La Universidad en el a\u00f1o 2006, aceptando los desaf\u00edos de la modernidad, cre\u00f3 la Carrera Tecnicatura Universitaria en Administraci\u00f3n y Gesti\u00f3n de Instituciones Universitarias -TAGIU- (OCS N\u00b0 21\/06), dando respuesta a la b\u00fasqueda de conocimiento de nuestra sociedad, particularmente en lo que hace a la formaci\u00f3n de profesionales, especialmente de aquellos con competencias espec\u00edficas para desempe\u00f1arse dentro de las instituciones universitarias. Dada la particularidad de las tareas que realizan, es necesario definir un nuevo perfil para los trabajadores\/as del Sistema Educativo del Nivel Superior, -NODOCENTES-.<\/p>\n<p>Esta formaci\u00f3n tiende a lograr un\/una profesional que pueda contribuir a mejorar los procesos en la administraci\u00f3n y gesti\u00f3n universitaria y en la construcci\u00f3n de nuevos escenarios institucionales con mirada al futuro (OCS N\u00b0 49\/2018).<\/p>\n<p>En este sentido, esta carrera que es a t\u00e9rmino, est\u00e1 principalmente orientada a los trabajadores Nodocentes del Sistema Educativo de Nivel Superior. Ya se han dictado cuatro cohortes de la TAGIU, lo que ha permitido la profesionalizaci\u00f3n de un gran n\u00famero de trabajadores y la apertura de esta nueva cohorte permite equiparar las condiciones y oportunidades para continuar con la capacitaci\u00f3n y profesionalizaci\u00f3n del sector, lo cual repercute muy positivamente tanto en el \u00e1mbito laboral, como en el personal.<\/p>\n<p><strong>P<\/strong><strong>reinscripci\u00f3n:\u00a0 <\/strong><\/p>\n<ul>\n<li><strong>Periodo: <\/strong>4 de mayo al 8 de julio del 2022<\/li>\n<li><strong>Link de acceso al formulario<\/strong>: <u>http:\/\/preingreso.unsl.edu.ar\/ipau\/<\/u><\/li>\n<\/ul>\n<p><strong>Confirmaci\u00f3n de inscripci\u00f3n: <\/strong>Presentando, hasta el 31 de agosto del 2022, la documentaci\u00f3n personal requerida por la UNSL en el Instituto Polit\u00e9cnico y Art\u00edstico (IPAU), Calle Ej\u00e9rcito de Los Andes 950, Edificio Rectorado, 2do piso.<\/p>\n<p>Documentaci\u00f3n a presentar:<\/p>\n<ul>\n<li>Formulario de preinscripci\u00f3n completo e impreso<\/li>\n<li>Fotocopia de DNI (anverso y reverso) a color<\/li>\n<li>Comprobante o constancia de finalizaci\u00f3n de estudios secundarios (copia certificada)<\/li>\n<li>Fotocopia de Partida de Nacimiento &#8211; 2 fotos 4 x 4 color.<\/li>\n<li>Certificado de Salud. El mismo podr\u00e1 ser emitido por el Centro de Salud Estudiantil o en una entidad p\u00fablica (en cuyo caso debe ser visado por el Centro de Salud Estudiantil, cito en Rivadavia N\u00b0 1359).<\/li>\n<\/ul>\n<p><strong>Toda la documentaci\u00f3n deber\u00e1 estar acompa\u00f1ada de su respectivo original al momento de presentarla por la oficina de IPAU<\/strong><\/p>\n<p><strong>Destinatarios:<\/strong> est\u00e1 dirigida Principalmente a personas que se desempe\u00f1en laboralmente en instituciones de educaci\u00f3n superior.<\/p>\n<p><strong>Requisitos:<\/strong><\/p>\n<ol>\n<li>Tener estudios secundarios completos.<\/li>\n<li>Estar comprendidos en el art. 7 de la Ley Nacional de Educaci\u00f3n Superior.<\/li>\n<li>Presentar documentaci\u00f3n personal solicitada por la instituci\u00f3n.<\/li>\n<\/ol>\n<p><strong>Modalidad:<\/strong> Presencial<\/p>\n<p><strong>Sede:<\/strong> San Luis.<\/p>\n<p><strong>Duraci\u00f3n:<\/strong> 3 a\u00f1os (carrera a t\u00e9rmino)<\/p>\n<p><strong>T\u00edtulo:<\/strong> T\u00e9cnico\/a en Administraci\u00f3n y Gesti\u00f3n de Instituciones Universitarias.<\/p>\n<p><strong>Plan de estudios:\u00a0 <\/strong><\/p>\n<p><strong><u>OCS 49\/18<\/u><\/strong><strong> y <\/strong><strong><u>OCS 35\/21<\/u><\/strong><strong>\u00a0 <\/strong><\/p>\n<p><strong>Taller introductorio: 5 de agosto del 2022<\/strong> <strong>Inicio del Cursado:<\/strong> <strong>12 de Agosto 2022.<\/strong><\/p>\n<p><strong>Consulta<\/strong><strong>s:<\/strong> <u>ipau.unsl2020@gmail.com<\/u><\/p>\n<p>Oficina del IPAU, 2do Piso, Edificio Rectorado. Ej\u00e9rcito de Los Andes 950<br \/>\nTel\u00e9fono: 266-4520300 int. 5106<\/p>\n<p><strong>\u00a0<\/strong><\/p>\n","protected":false},"excerpt":{"rendered":"<p>El Consejo Superior de la Universidad Nacional de San Luis en su sesi\u00f3n del 12 de abril del 2022 aprob\u00f3 mediante Resoluci\u00f3n CS N\u00b0 81\/2022&hellip;<\/p>\n","protected":false},"author":9,"featured_media":7795,"comment_status":"closed","ping_status":"closed","sticky":false,"template":"","format":"standard","meta":{"om_disable_all_campaigns":false,"_monsterinsights_skip_tracking":false,"_monsterinsights_sitenote_active":false,"_monsterinsights_sitenote_note":"","_monsterinsights_sitenote_category":0,"footnotes":""},"categories":[1],"tags":[],"class_list":["post-7794","post","type-post","status-publish","format-standard","has-post-thumbnail","hentry","category-noticias"],"yoast_head":"<!-- This site is optimized with the Yoast SEO plugin v27.5 - https:\/\/yoast.com\/product\/yoast-seo-wordpress\/ -->\n<title>En agosto inicia una nueva cohorte de la Tecnicatura en Administraci\u00f3n y Gesti\u00f3n de Instituciones Universitarias -TAGIU- Facultad de Ciencias Econ\u00f3micas, Jur\u00ed\u00addicas y Sociales<\/title>\n<meta name=\"robots\" content=\"index, follow, max-snippet:-1, max-image-preview:large, max-video-preview:-1\" \/>\n<link rel=\"canonical\" href=\"https:\/\/www.fcejs.unsl.edu.ar\/index.php\/en-agosto-inicia-una-nueva-cohorte-de-la-tecnicatura-en-administracion-y-gestion-de-instituciones-universitarias-tagiu\/\" \/>\n<meta property=\"og:locale\" content=\"es_ES\" \/>\n<meta property=\"og:type\" content=\"article\" \/>\n<meta property=\"og:title\" content=\"En agosto inicia una nueva cohorte de la Tecnicatura en Administraci\u00f3n y Gesti\u00f3n de Instituciones Universitarias -TAGIU- Facultad de Ciencias Econ\u00f3micas, Jur\u00ed\u00addicas y Sociales\" \/>\n<meta property=\"og:description\" content=\"El Consejo Superior de la Universidad Nacional de San Luis en su sesi\u00f3n del 12 de abril del 2022 aprob\u00f3 mediante Resoluci\u00f3n CS N\u00b0 81\/2022&hellip;\" \/>\n<meta property=\"og:url\" content=\"https:\/\/www.fcejs.unsl.edu.ar\/index.php\/en-agosto-inicia-una-nueva-cohorte-de-la-tecnicatura-en-administracion-y-gestion-de-instituciones-universitarias-tagiu\/\" \/>\n<meta property=\"og:site_name\" content=\"Facultad de Ciencias Econ\u00f3micas, Jur\u00ed\u00addicas y Sociales\" \/>\n<meta property=\"article:publisher\" content=\"https:\/\/www.facebook.com\/FCEJS.UNSL\/\" \/>\n<meta property=\"article:published_time\" content=\"2022-04-27T12:31:26+00:00\" \/>\n<meta property=\"og:image\" content=\"https:\/\/www.fcejs.unsl.edu.ar\/wp-content\/uploads\/2022\/04\/211028-Fachada-Rectorado-2-1-1000x600-1.jpg\" \/>\n\t<meta property=\"og:image:width\" content=\"1000\" \/>\n\t<meta property=\"og:image:height\" content=\"600\" \/>\n\t<meta property=\"og:image:type\" content=\"image\/jpeg\" \/>\n<meta name=\"author\" content=\"DATI\" \/>\n<meta name=\"twitter:card\" content=\"summary_large_image\" \/>\n<meta name=\"twitter:creator\" content=\"@FCEJSUNSL\" \/>\n<meta name=\"twitter:site\" content=\"@FCEJSUNSL\" \/>\n<meta name=\"twitter:label1\" content=\"Escrito por\" \/>\n\t<meta name=\"twitter:data1\" content=\"DATI\" \/>\n\t<meta name=\"twitter:label2\" content=\"Tiempo de lectura\" \/>\n\t<meta name=\"twitter:data2\" content=\"3 minutos\" \/>\n<script type=\"application\/ld+json\" class=\"yoast-schema-graph\">{\"@context\":\"https:\\\/\\\/schema.org\",\"@graph\":[{\"@type\":\"Article\",\"@id\":\"https:\\\/\\\/www.fcejs.unsl.edu.ar\\\/index.php\\\/en-agosto-inicia-una-nueva-cohorte-de-la-tecnicatura-en-administracion-y-gestion-de-instituciones-universitarias-tagiu\\\/#article\",\"isPartOf\":{\"@id\":\"https:\\\/\\\/www.fcejs.unsl.edu.ar\\\/index.php\\\/en-agosto-inicia-una-nueva-cohorte-de-la-tecnicatura-en-administracion-y-gestion-de-instituciones-universitarias-tagiu\\\/\"},\"author\":{\"name\":\"DATI\",\"@id\":\"https:\\\/\\\/www.fcejs.unsl.edu.ar\\\/#\\\/schema\\\/person\\\/352ee6ed90c3f394c7cb5945f8956d34\"},\"headline\":\"En agosto inicia una nueva cohorte de la Tecnicatura en Administraci\u00f3n y Gesti\u00f3n de Instituciones Universitarias -TAGIU-\",\"datePublished\":\"2022-04-27T12:31:26+00:00\",\"mainEntityOfPage\":{\"@id\":\"https:\\\/\\\/www.fcejs.unsl.edu.ar\\\/index.php\\\/en-agosto-inicia-una-nueva-cohorte-de-la-tecnicatura-en-administracion-y-gestion-de-instituciones-universitarias-tagiu\\\/\"},\"wordCount\":543,\"publisher\":{\"@id\":\"https:\\\/\\\/www.fcejs.unsl.edu.ar\\\/#organization\"},\"image\":{\"@id\":\"https:\\\/\\\/www.fcejs.unsl.edu.ar\\\/index.php\\\/en-agosto-inicia-una-nueva-cohorte-de-la-tecnicatura-en-administracion-y-gestion-de-instituciones-universitarias-tagiu\\\/#primaryimage\"},\"thumbnailUrl\":\"https:\\\/\\\/www.fcejs.unsl.edu.ar\\\/wp-content\\\/uploads\\\/2022\\\/04\\\/211028-Fachada-Rectorado-2-1-1000x600-1.jpg\",\"articleSection\":[\"Noticias\"],\"inLanguage\":\"es-AR\"},{\"@type\":\"WebPage\",\"@id\":\"https:\\\/\\\/www.fcejs.unsl.edu.ar\\\/index.php\\\/en-agosto-inicia-una-nueva-cohorte-de-la-tecnicatura-en-administracion-y-gestion-de-instituciones-universitarias-tagiu\\\/\",\"url\":\"https:\\\/\\\/www.fcejs.unsl.edu.ar\\\/index.php\\\/en-agosto-inicia-una-nueva-cohorte-de-la-tecnicatura-en-administracion-y-gestion-de-instituciones-universitarias-tagiu\\\/\",\"name\":\"En agosto inicia una nueva cohorte de la Tecnicatura en Administraci\u00f3n y Gesti\u00f3n de Instituciones Universitarias -TAGIU- Facultad de Ciencias Econ\u00f3micas, Jur\u00ed\u00addicas y Sociales\",\"isPartOf\":{\"@id\":\"https:\\\/\\\/www.fcejs.unsl.edu.ar\\\/#website\"},\"primaryImageOfPage\":{\"@id\":\"https:\\\/\\\/www.fcejs.unsl.edu.ar\\\/index.php\\\/en-agosto-inicia-una-nueva-cohorte-de-la-tecnicatura-en-administracion-y-gestion-de-instituciones-universitarias-tagiu\\\/#primaryimage\"},\"image\":{\"@id\":\"https:\\\/\\\/www.fcejs.unsl.edu.ar\\\/index.php\\\/en-agosto-inicia-una-nueva-cohorte-de-la-tecnicatura-en-administracion-y-gestion-de-instituciones-universitarias-tagiu\\\/#primaryimage\"},\"thumbnailUrl\":\"https:\\\/\\\/www.fcejs.unsl.edu.ar\\\/wp-content\\\/uploads\\\/2022\\\/04\\\/211028-Fachada-Rectorado-2-1-1000x600-1.jpg\",\"datePublished\":\"2022-04-27T12:31:26+00:00\",\"breadcrumb\":{\"@id\":\"https:\\\/\\\/www.fcejs.unsl.edu.ar\\\/index.php\\\/en-agosto-inicia-una-nueva-cohorte-de-la-tecnicatura-en-administracion-y-gestion-de-instituciones-universitarias-tagiu\\\/#breadcrumb\"},\"inLanguage\":\"es-AR\",\"potentialAction\":[{\"@type\":\"ReadAction\",\"target\":[\"https:\\\/\\\/www.fcejs.unsl.edu.ar\\\/index.php\\\/en-agosto-inicia-una-nueva-cohorte-de-la-tecnicatura-en-administracion-y-gestion-de-instituciones-universitarias-tagiu\\\/\"]}]},{\"@type\":\"ImageObject\",\"inLanguage\":\"es-AR\",\"@id\":\"https:\\\/\\\/www.fcejs.unsl.edu.ar\\\/index.php\\\/en-agosto-inicia-una-nueva-cohorte-de-la-tecnicatura-en-administracion-y-gestion-de-instituciones-universitarias-tagiu\\\/#primaryimage\",\"url\":\"https:\\\/\\\/www.fcejs.unsl.edu.ar\\\/wp-content\\\/uploads\\\/2022\\\/04\\\/211028-Fachada-Rectorado-2-1-1000x600-1.jpg\",\"contentUrl\":\"https:\\\/\\\/www.fcejs.unsl.edu.ar\\\/wp-content\\\/uploads\\\/2022\\\/04\\\/211028-Fachada-Rectorado-2-1-1000x600-1.jpg\",\"width\":1000,\"height\":600},{\"@type\":\"BreadcrumbList\",\"@id\":\"https:\\\/\\\/www.fcejs.unsl.edu.ar\\\/index.php\\\/en-agosto-inicia-una-nueva-cohorte-de-la-tecnicatura-en-administracion-y-gestion-de-instituciones-universitarias-tagiu\\\/#breadcrumb\",\"itemListElement\":[{\"@type\":\"ListItem\",\"position\":1,\"name\":\"Inicio\",\"item\":\"https:\\\/\\\/www.fcejs.unsl.edu.ar\\\/\"},{\"@type\":\"ListItem\",\"position\":2,\"name\":\"En agosto inicia una nueva cohorte de la Tecnicatura en Administraci\u00f3n y Gesti\u00f3n de Instituciones Universitarias -TAGIU-\"}]},{\"@type\":\"WebSite\",\"@id\":\"https:\\\/\\\/www.fcejs.unsl.edu.ar\\\/#website\",\"url\":\"https:\\\/\\\/www.fcejs.unsl.edu.ar\\\/\",\"name\":\"Facultad de Ciencias Econ\u00f3micas, Jur\u00ed\u00addicas y Sociales\",\"description\":\"\",\"publisher\":{\"@id\":\"https:\\\/\\\/www.fcejs.unsl.edu.ar\\\/#organization\"},\"potentialAction\":[{\"@type\":\"SearchAction\",\"target\":{\"@type\":\"EntryPoint\",\"urlTemplate\":\"https:\\\/\\\/www.fcejs.unsl.edu.ar\\\/?s={search_term_string}\"},\"query-input\":{\"@type\":\"PropertyValueSpecification\",\"valueRequired\":true,\"valueName\":\"search_term_string\"}}],\"inLanguage\":\"es-AR\"},{\"@type\":\"Organization\",\"@id\":\"https:\\\/\\\/www.fcejs.unsl.edu.ar\\\/#organization\",\"name\":\"Facultad de Ciencias Econ\u00f3micas, Jur\u00eddicas y Sociales\",\"url\":\"https:\\\/\\\/www.fcejs.unsl.edu.ar\\\/\",\"logo\":{\"@type\":\"ImageObject\",\"inLanguage\":\"es-AR\",\"@id\":\"https:\\\/\\\/www.fcejs.unsl.edu.ar\\\/#\\\/schema\\\/logo\\\/image\\\/\",\"url\":\"https:\\\/\\\/www.fcejs.unsl.edu.ar\\\/wp-content\\\/uploads\\\/2021\\\/03\\\/logo-1.jpg\",\"contentUrl\":\"https:\\\/\\\/www.fcejs.unsl.edu.ar\\\/wp-content\\\/uploads\\\/2021\\\/03\\\/logo-1.jpg\",\"width\":471,\"height\":146,\"caption\":\"Facultad de Ciencias Econ\u00f3micas, Jur\u00eddicas y Sociales\"},\"image\":{\"@id\":\"https:\\\/\\\/www.fcejs.unsl.edu.ar\\\/#\\\/schema\\\/logo\\\/image\\\/\"},\"sameAs\":[\"https:\\\/\\\/www.facebook.com\\\/FCEJS.UNSL\\\/\",\"https:\\\/\\\/x.com\\\/FCEJSUNSL\",\"https:\\\/\\\/www.instagram.com\\\/fcejs.unsl\\\/\",\"https:\\\/\\\/www.youtube.com\\\/channel\\\/UCH-Ut6EaN_X5ogjIQMPe46g\\\/\"]},{\"@type\":\"Person\",\"@id\":\"https:\\\/\\\/www.fcejs.unsl.edu.ar\\\/#\\\/schema\\\/person\\\/352ee6ed90c3f394c7cb5945f8956d34\",\"name\":\"DATI\"}]}<\/script>\n<!-- \/ Yoast SEO plugin. -->","yoast_head_json":{"title":"En agosto inicia una nueva cohorte de la Tecnicatura en Administraci\u00f3n y Gesti\u00f3n de Instituciones Universitarias -TAGIU- Facultad de Ciencias Econ\u00f3micas, Jur\u00ed\u00addicas y Sociales","robots":{"index":"index","follow":"follow","max-snippet":"max-snippet:-1","max-image-preview":"max-image-preview:large","max-video-preview":"max-video-preview:-1"},"canonical":"https:\/\/www.fcejs.unsl.edu.ar\/index.php\/en-agosto-inicia-una-nueva-cohorte-de-la-tecnicatura-en-administracion-y-gestion-de-instituciones-universitarias-tagiu\/","og_locale":"es_ES","og_type":"article","og_title":"En agosto inicia una nueva cohorte de la Tecnicatura en Administraci\u00f3n y Gesti\u00f3n de Instituciones Universitarias -TAGIU- Facultad de Ciencias Econ\u00f3micas, Jur\u00ed\u00addicas y Sociales","og_description":"El Consejo Superior de la Universidad Nacional de San Luis en su sesi\u00f3n del 12 de abril del 2022 aprob\u00f3 mediante Resoluci\u00f3n CS N\u00b0 81\/2022&hellip;","og_url":"https:\/\/www.fcejs.unsl.edu.ar\/index.php\/en-agosto-inicia-una-nueva-cohorte-de-la-tecnicatura-en-administracion-y-gestion-de-instituciones-universitarias-tagiu\/","og_site_name":"Facultad de Ciencias Econ\u00f3micas, Jur\u00ed\u00addicas y Sociales","article_publisher":"https:\/\/www.facebook.com\/FCEJS.UNSL\/","article_published_time":"2022-04-27T12:31:26+00:00","og_image":[{"width":1000,"height":600,"url":"https:\/\/www.fcejs.unsl.edu.ar\/wp-content\/uploads\/2022\/04\/211028-Fachada-Rectorado-2-1-1000x600-1.jpg","type":"image\/jpeg"}],"author":"DATI","twitter_card":"summary_large_image","twitter_creator":"@FCEJSUNSL","twitter_site":"@FCEJSUNSL","twitter_misc":{"Escrito por":"DATI","Tiempo de lectura":"3 minutos"},"schema":{"@context":"https:\/\/schema.org","@graph":[{"@type":"Article","@id":"https:\/\/www.fcejs.unsl.edu.ar\/index.php\/en-agosto-inicia-una-nueva-cohorte-de-la-tecnicatura-en-administracion-y-gestion-de-instituciones-universitarias-tagiu\/#article","isPartOf":{"@id":"https:\/\/www.fcejs.unsl.edu.ar\/index.php\/en-agosto-inicia-una-nueva-cohorte-de-la-tecnicatura-en-administracion-y-gestion-de-instituciones-universitarias-tagiu\/"},"author":{"name":"DATI","@id":"https:\/\/www.fcejs.unsl.edu.ar\/#\/schema\/person\/352ee6ed90c3f394c7cb5945f8956d34"},"headline":"En agosto inicia una nueva cohorte de la Tecnicatura en Administraci\u00f3n y Gesti\u00f3n de Instituciones Universitarias -TAGIU-","datePublished":"2022-04-27T12:31:26+00:00","mainEntityOfPage":{"@id":"https:\/\/www.fcejs.unsl.edu.ar\/index.php\/en-agosto-inicia-una-nueva-cohorte-de-la-tecnicatura-en-administracion-y-gestion-de-instituciones-universitarias-tagiu\/"},"wordCount":543,"publisher":{"@id":"https:\/\/www.fcejs.unsl.edu.ar\/#organization"},"image":{"@id":"https:\/\/www.fcejs.unsl.edu.ar\/index.php\/en-agosto-inicia-una-nueva-cohorte-de-la-tecnicatura-en-administracion-y-gestion-de-instituciones-universitarias-tagiu\/#primaryimage"},"thumbnailUrl":"https:\/\/www.fcejs.unsl.edu.ar\/wp-content\/uploads\/2022\/04\/211028-Fachada-Rectorado-2-1-1000x600-1.jpg","articleSection":["Noticias"],"inLanguage":"es-AR"},{"@type":"WebPage","@id":"https:\/\/www.fcejs.unsl.edu.ar\/index.php\/en-agosto-inicia-una-nueva-cohorte-de-la-tecnicatura-en-administracion-y-gestion-de-instituciones-universitarias-tagiu\/","url":"https:\/\/www.fcejs.unsl.edu.ar\/index.php\/en-agosto-inicia-una-nueva-cohorte-de-la-tecnicatura-en-administracion-y-gestion-de-instituciones-universitarias-tagiu\/","name":"En agosto inicia una nueva cohorte de la Tecnicatura en Administraci\u00f3n y Gesti\u00f3n de Instituciones Universitarias -TAGIU- Facultad de Ciencias Econ\u00f3micas, Jur\u00ed\u00addicas y Sociales","isPartOf":{"@id":"https:\/\/www.fcejs.unsl.edu.ar\/#website"},"primaryImageOfPage":{"@id":"https:\/\/www.fcejs.unsl.edu.ar\/index.php\/en-agosto-inicia-una-nueva-cohorte-de-la-tecnicatura-en-administracion-y-gestion-de-instituciones-universitarias-tagiu\/#primaryimage"},"image":{"@id":"https:\/\/www.fcejs.unsl.edu.ar\/index.php\/en-agosto-inicia-una-nueva-cohorte-de-la-tecnicatura-en-administracion-y-gestion-de-instituciones-universitarias-tagiu\/#primaryimage"},"thumbnailUrl":"https:\/\/www.fcejs.unsl.edu.ar\/wp-content\/uploads\/2022\/04\/211028-Fachada-Rectorado-2-1-1000x600-1.jpg","datePublished":"2022-04-27T12:31:26+00:00","breadcrumb":{"@id":"https:\/\/www.fcejs.unsl.edu.ar\/index.php\/en-agosto-inicia-una-nueva-cohorte-de-la-tecnicatura-en-administracion-y-gestion-de-instituciones-universitarias-tagiu\/#breadcrumb"},"inLanguage":"es-AR","potentialAction":[{"@type":"ReadAction","target":["https:\/\/www.fcejs.unsl.edu.ar\/index.php\/en-agosto-inicia-una-nueva-cohorte-de-la-tecnicatura-en-administracion-y-gestion-de-instituciones-universitarias-tagiu\/"]}]},{"@type":"ImageObject","inLanguage":"es-AR","@id":"https:\/\/www.fcejs.unsl.edu.ar\/index.php\/en-agosto-inicia-una-nueva-cohorte-de-la-tecnicatura-en-administracion-y-gestion-de-instituciones-universitarias-tagiu\/#primaryimage","url":"https:\/\/www.fcejs.unsl.edu.ar\/wp-content\/uploads\/2022\/04\/211028-Fachada-Rectorado-2-1-1000x600-1.jpg","contentUrl":"https:\/\/www.fcejs.unsl.edu.ar\/wp-content\/uploads\/2022\/04\/211028-Fachada-Rectorado-2-1-1000x600-1.jpg","width":1000,"height":600},{"@type":"BreadcrumbList","@id":"https:\/\/www.fcejs.unsl.edu.ar\/index.php\/en-agosto-inicia-una-nueva-cohorte-de-la-tecnicatura-en-administracion-y-gestion-de-instituciones-universitarias-tagiu\/#breadcrumb","itemListElement":[{"@type":"ListItem","position":1,"name":"Inicio","item":"https:\/\/www.fcejs.unsl.edu.ar\/"},{"@type":"ListItem","position":2,"name":"En agosto inicia una nueva cohorte de la Tecnicatura en Administraci\u00f3n y Gesti\u00f3n de Instituciones Universitarias -TAGIU-"}]},{"@type":"WebSite","@id":"https:\/\/www.fcejs.unsl.edu.ar\/#website","url":"https:\/\/www.fcejs.unsl.edu.ar\/","name":"Facultad de Ciencias Econ\u00f3micas, Jur\u00ed\u00addicas y Sociales","description":"","publisher":{"@id":"https:\/\/www.fcejs.unsl.edu.ar\/#organization"},"potentialAction":[{"@type":"SearchAction","target":{"@type":"EntryPoint","urlTemplate":"https:\/\/www.fcejs.unsl.edu.ar\/?s={search_term_string}"},"query-input":{"@type":"PropertyValueSpecification","valueRequired":true,"valueName":"search_term_string"}}],"inLanguage":"es-AR"},{"@type":"Organization","@id":"https:\/\/www.fcejs.unsl.edu.ar\/#organization","name":"Facultad de Ciencias Econ\u00f3micas, Jur\u00eddicas y Sociales","url":"https:\/\/www.fcejs.unsl.edu.ar\/","logo":{"@type":"ImageObject","inLanguage":"es-AR","@id":"https:\/\/www.fcejs.unsl.edu.ar\/#\/schema\/logo\/image\/","url":"https:\/\/www.fcejs.unsl.edu.ar\/wp-content\/uploads\/2021\/03\/logo-1.jpg","contentUrl":"https:\/\/www.fcejs.unsl.edu.ar\/wp-content\/uploads\/2021\/03\/logo-1.jpg","width":471,"height":146,"caption":"Facultad de Ciencias Econ\u00f3micas, Jur\u00eddicas y Sociales"},"image":{"@id":"https:\/\/www.fcejs.unsl.edu.ar\/#\/schema\/logo\/image\/"},"sameAs":["https:\/\/www.facebook.com\/FCEJS.UNSL\/","https:\/\/x.com\/FCEJSUNSL","https:\/\/www.instagram.com\/fcejs.unsl\/","https:\/\/www.youtube.com\/channel\/UCH-Ut6EaN_X5ogjIQMPe46g\/"]},{"@type":"Person","@id":"https:\/\/www.fcejs.unsl.edu.ar\/#\/schema\/person\/352ee6ed90c3f394c7cb5945f8956d34","name":"DATI"}]}},"jetpack_featured_media_url":"https:\/\/www.fcejs.unsl.edu.ar\/wp-content\/uploads\/2022\/04\/211028-Fachada-Rectorado-2-1-1000x600-1.jpg","_links":{"self":[{"href":"https:\/\/www.fcejs.unsl.edu.ar\/index.php\/wp-json\/wp\/v2\/posts\/7794","targetHints":{"allow":["GET"]}}],"collection":[{"href":"https:\/\/www.fcejs.unsl.edu.ar\/index.php\/wp-json\/wp\/v2\/posts"}],"about":[{"href":"https:\/\/www.fcejs.unsl.edu.ar\/index.php\/wp-json\/wp\/v2\/types\/post"}],"author":[{"embeddable":true,"href":"https:\/\/www.fcejs.unsl.edu.ar\/index.php\/wp-json\/wp\/v2\/users\/9"}],"replies":[{"embeddable":true,"href":"https:\/\/www.fcejs.unsl.edu.ar\/index.php\/wp-json\/wp\/v2\/comments?post=7794"}],"version-history":[{"count":1,"href":"https:\/\/www.fcejs.unsl.edu.ar\/index.php\/wp-json\/wp\/v2\/posts\/7794\/revisions"}],"predecessor-version":[{"id":7796,"href":"https:\/\/www.fcejs.unsl.edu.ar\/index.php\/wp-json\/wp\/v2\/posts\/7794\/revisions\/7796"}],"wp:featuredmedia":[{"embeddable":true,"href":"https:\/\/www.fcejs.unsl.edu.ar\/index.php\/wp-json\/wp\/v2\/media\/7795"}],"wp:attachment":[{"href":"https:\/\/www.fcejs.unsl.edu.ar\/index.php\/wp-json\/wp\/v2\/media?parent=7794"}],"wp:term":[{"taxonomy":"category","embeddable":true,"href":"https:\/\/www.fcejs.unsl.edu.ar\/index.php\/wp-json\/wp\/v2\/categories?post=7794"},{"taxonomy":"post_tag","embeddable":true,"href":"https:\/\/www.fcejs.unsl.edu.ar\/index.php\/wp-json\/wp\/v2\/tags?post=7794"}],"curies":[{"name":"wp","href":"https:\/\/api.w.org\/{rel}","templated":true}]}}