{"id":7713,"date":"2022-05-23T11:28:49","date_gmt":"2022-05-23T14:28:49","guid":{"rendered":"http:\/\/10.101.10.197\/www\/?p=7713"},"modified":"2022-06-29T09:49:40","modified_gmt":"2022-06-29T12:49:40","slug":"se-aprobo-la-creacion-de-la-carrera-licencuiatura-en-analisis-y-gestion-de-datos","status":"publish","type":"post","link":"https:\/\/www.fcejs.unsl.edu.ar\/index.php\/se-aprobo-la-creacion-de-la-carrera-licencuiatura-en-analisis-y-gestion-de-datos\/","title":{"rendered":"Se aprob\u00f3 la creaci\u00f3n de la carrera Licenciatura en An\u00e1lisis y Gesti\u00f3n de Datos"},"content":{"rendered":"<p>En su \u00faltima sesi\u00f3n, el Consejo Superior, aprob\u00f3 el anteproyecto de creaci\u00f3n de la carrera Licenciatura en An\u00e1lisis y Gesti\u00f3n de Datos, una propuesta conjunta entre dos (2) Facultades de la UNSL, la Facultad de Ciencias F\u00edsico Matem\u00e1ticas y Naturales (FCFMyN) y la Facultad de Ciencias Econ\u00f3micas Jur\u00eddicas y Sociales (FCEJS).<\/p>\n<p>Tendr\u00e1 una duraci\u00f3n de cuatro (4) a\u00f1os y medio y contempla el t\u00edtulo intermedio de Analista a los tres (3) a\u00f1os y ser\u00e1 dictada en conjunto con equipos interdisciplinarios de dos (2) sedes: la Facultad de Ciencias F\u00edsico Matem\u00e1ticas y Naturales (FCFMyN) centrada en el Departamento de Matem\u00e1tica y la Facultad de Ciencias Econ\u00f3micas Jur\u00eddicas y Sociales (FCEJS) centrada en el Departamento de Ciencias Econ\u00f3micas.<\/p>\n<p><em>\u00abSi no me equivoco es la primera carrera de grado que la UNSL presenta de forma conjunta\u00bb<\/em>, manifest\u00f3 el Mgtr. Marcelo Casabene, decano de la FCEJS, quien tambi\u00e9n resalt\u00f3 el gran desaf\u00edo que implica ser dictada a distancia y felicit\u00f3 a los\/as intervinientes en el proyecto.<\/p>\n<p>La propuesta tiene un esquema particular con materias fijas y optativas, especialmente a partir del tercer a\u00f1o, que ser\u00e1n dictadas de acuerdo al perfil del\/la estudiante o de lo que se necesite en el mercado. En este sentido, el Ing. Alfredo Debattista, vicedecano de la FCFMyN, destac\u00f3 que si bien tiene un fuerte contenido matem\u00e1tico-estad\u00edstico, tambi\u00e9n contiene la parte social, de salud e industria, aportando un perfil mucho m\u00e1s amplio.<\/p>\n<p><em>\u00abEs una carrera no tan cient\u00edfica sino m\u00e1s bien aplicada, tiene talleres que les permitir\u00e1 hacer trabajos de estudios y an\u00e1lisis de datos, para que lleguen a hacer un trabajo final orientado a alguna de las ramas\u00bb<\/em>, explic\u00f3 la Dra. Patricia Galdeano, directora del Departamento de Matem\u00e1tica de la FCFMyN.<\/p>\n<p>El rector de la Universidad, C.P.N. V\u00edctor Mori\u00f1igo, felicit\u00f3 a las Facultades por la propuesta.\u00a0<em>\u00abMe parece que en un futuro cercano vamos a tener m\u00e1s de la mitad de las carreras de esta manera, as\u00ed que es un gran trabajo coordinar en la Facultad y entre las Facultades (\u2026) Le tengo mucha fe al tema, me parece que si hay algo que la inteligencia artificial no va a hacer por muchos a\u00f1os, es interpretar, as\u00ed que es ah\u00ed el desaf\u00edo de nuestros\/as profesionales, me parece muy bien y muy necesario para nuestra regi\u00f3n\u00bb<\/em>, resalt\u00f3.<\/p>\n<p><strong>Dato<\/strong><\/p>\n<p>Se estima que si logran concretarse algunas tareas administrativas pendientes, podr\u00e1 comenzar el dictado de la carrera en el segundo cuatrimestre. A m\u00e1s tardar, se habilitar\u00e1 para principios del a\u00f1o entrante.<\/p>\n","protected":false},"excerpt":{"rendered":"<p>En su \u00faltima sesi\u00f3n, el Consejo Superior, aprob\u00f3 el anteproyecto de creaci\u00f3n de la carrera Licenciatura en An\u00e1lisis y Gesti\u00f3n de Datos, una propuesta conjunta&hellip;<\/p>\n","protected":false},"author":9,"featured_media":8029,"comment_status":"closed","ping_status":"closed","sticky":false,"template":"","format":"standard","meta":{"om_disable_all_campaigns":false,"_monsterinsights_skip_tracking":false,"_monsterinsights_sitenote_active":false,"_monsterinsights_sitenote_note":"","_monsterinsights_sitenote_category":0,"footnotes":""},"categories":[1],"tags":[],"class_list":["post-7713","post","type-post","status-publish","format-standard","has-post-thumbnail","hentry","category-noticias"],"yoast_head":"<!-- This site is optimized with the Yoast SEO plugin v27.4 - https:\/\/yoast.com\/product\/yoast-seo-wordpress\/ -->\n<title>Se aprob\u00f3 la creaci\u00f3n de la carrera Licenciatura en An\u00e1lisis y Gesti\u00f3n de Datos - Facultad de Ciencias Econ\u00f3micas, Jur\u00ed\u00addicas y Sociales<\/title>\n<meta name=\"robots\" content=\"index, follow, max-snippet:-1, max-image-preview:large, max-video-preview:-1\" \/>\n<link rel=\"canonical\" href=\"https:\/\/www.fcejs.unsl.edu.ar\/index.php\/se-aprobo-la-creacion-de-la-carrera-licencuiatura-en-analisis-y-gestion-de-datos\/\" \/>\n<meta property=\"og:locale\" content=\"es_ES\" \/>\n<meta property=\"og:type\" content=\"article\" \/>\n<meta property=\"og:title\" content=\"Se aprob\u00f3 la creaci\u00f3n de la carrera Licenciatura en An\u00e1lisis y Gesti\u00f3n de Datos - Facultad de Ciencias Econ\u00f3micas, Jur\u00ed\u00addicas y Sociales\" \/>\n<meta property=\"og:description\" content=\"En su \u00faltima sesi\u00f3n, el Consejo Superior, aprob\u00f3 el anteproyecto de creaci\u00f3n de la carrera Licenciatura en An\u00e1lisis y Gesti\u00f3n de Datos, una propuesta conjunta&hellip;\" \/>\n<meta property=\"og:url\" content=\"https:\/\/www.fcejs.unsl.edu.ar\/index.php\/se-aprobo-la-creacion-de-la-carrera-licencuiatura-en-analisis-y-gestion-de-datos\/\" \/>\n<meta property=\"og:site_name\" content=\"Facultad de Ciencias Econ\u00f3micas, Jur\u00ed\u00addicas y Sociales\" \/>\n<meta property=\"article:publisher\" content=\"https:\/\/www.facebook.com\/FCEJS.UNSL\/\" \/>\n<meta property=\"article:published_time\" content=\"2022-05-23T14:28:49+00:00\" \/>\n<meta property=\"article:modified_time\" content=\"2022-06-29T12:49:40+00:00\" \/>\n<meta property=\"og:image\" content=\"https:\/\/www.fcejs.unsl.edu.ar\/wp-content\/uploads\/2022\/04\/carrera-nva-big-data.jpg\" \/>\n\t<meta property=\"og:image:width\" content=\"1061\" \/>\n\t<meta property=\"og:image:height\" content=\"600\" \/>\n\t<meta property=\"og:image:type\" content=\"image\/jpeg\" \/>\n<meta name=\"author\" content=\"DATI\" \/>\n<meta name=\"twitter:card\" content=\"summary_large_image\" \/>\n<meta name=\"twitter:creator\" content=\"@FCEJSUNSL\" \/>\n<meta name=\"twitter:site\" content=\"@FCEJSUNSL\" \/>\n<meta name=\"twitter:label1\" content=\"Escrito por\" \/>\n\t<meta name=\"twitter:data1\" content=\"DATI\" \/>\n\t<meta name=\"twitter:label2\" content=\"Tiempo de lectura\" \/>\n\t<meta name=\"twitter:data2\" content=\"2 minutos\" \/>\n<script type=\"application\/ld+json\" class=\"yoast-schema-graph\">{\"@context\":\"https:\\\/\\\/schema.org\",\"@graph\":[{\"@type\":\"Article\",\"@id\":\"https:\\\/\\\/www.fcejs.unsl.edu.ar\\\/index.php\\\/se-aprobo-la-creacion-de-la-carrera-licencuiatura-en-analisis-y-gestion-de-datos\\\/#article\",\"isPartOf\":{\"@id\":\"https:\\\/\\\/www.fcejs.unsl.edu.ar\\\/index.php\\\/se-aprobo-la-creacion-de-la-carrera-licencuiatura-en-analisis-y-gestion-de-datos\\\/\"},\"author\":{\"name\":\"DATI\",\"@id\":\"https:\\\/\\\/www.fcejs.unsl.edu.ar\\\/#\\\/schema\\\/person\\\/352ee6ed90c3f394c7cb5945f8956d34\"},\"headline\":\"Se aprob\u00f3 la creaci\u00f3n de la carrera Licenciatura en An\u00e1lisis y Gesti\u00f3n de Datos\",\"datePublished\":\"2022-05-23T14:28:49+00:00\",\"dateModified\":\"2022-06-29T12:49:40+00:00\",\"mainEntityOfPage\":{\"@id\":\"https:\\\/\\\/www.fcejs.unsl.edu.ar\\\/index.php\\\/se-aprobo-la-creacion-de-la-carrera-licencuiatura-en-analisis-y-gestion-de-datos\\\/\"},\"wordCount\":464,\"publisher\":{\"@id\":\"https:\\\/\\\/www.fcejs.unsl.edu.ar\\\/#organization\"},\"image\":{\"@id\":\"https:\\\/\\\/www.fcejs.unsl.edu.ar\\\/index.php\\\/se-aprobo-la-creacion-de-la-carrera-licencuiatura-en-analisis-y-gestion-de-datos\\\/#primaryimage\"},\"thumbnailUrl\":\"https:\\\/\\\/www.fcejs.unsl.edu.ar\\\/wp-content\\\/uploads\\\/2022\\\/04\\\/carrera-nva-big-data.jpg\",\"articleSection\":[\"Noticias\"],\"inLanguage\":\"es-AR\"},{\"@type\":\"WebPage\",\"@id\":\"https:\\\/\\\/www.fcejs.unsl.edu.ar\\\/index.php\\\/se-aprobo-la-creacion-de-la-carrera-licencuiatura-en-analisis-y-gestion-de-datos\\\/\",\"url\":\"https:\\\/\\\/www.fcejs.unsl.edu.ar\\\/index.php\\\/se-aprobo-la-creacion-de-la-carrera-licencuiatura-en-analisis-y-gestion-de-datos\\\/\",\"name\":\"Se aprob\u00f3 la creaci\u00f3n de la carrera Licenciatura en An\u00e1lisis y Gesti\u00f3n de Datos - Facultad de Ciencias Econ\u00f3micas, Jur\u00ed\u00addicas y Sociales\",\"isPartOf\":{\"@id\":\"https:\\\/\\\/www.fcejs.unsl.edu.ar\\\/#website\"},\"primaryImageOfPage\":{\"@id\":\"https:\\\/\\\/www.fcejs.unsl.edu.ar\\\/index.php\\\/se-aprobo-la-creacion-de-la-carrera-licencuiatura-en-analisis-y-gestion-de-datos\\\/#primaryimage\"},\"image\":{\"@id\":\"https:\\\/\\\/www.fcejs.unsl.edu.ar\\\/index.php\\\/se-aprobo-la-creacion-de-la-carrera-licencuiatura-en-analisis-y-gestion-de-datos\\\/#primaryimage\"},\"thumbnailUrl\":\"https:\\\/\\\/www.fcejs.unsl.edu.ar\\\/wp-content\\\/uploads\\\/2022\\\/04\\\/carrera-nva-big-data.jpg\",\"datePublished\":\"2022-05-23T14:28:49+00:00\",\"dateModified\":\"2022-06-29T12:49:40+00:00\",\"breadcrumb\":{\"@id\":\"https:\\\/\\\/www.fcejs.unsl.edu.ar\\\/index.php\\\/se-aprobo-la-creacion-de-la-carrera-licencuiatura-en-analisis-y-gestion-de-datos\\\/#breadcrumb\"},\"inLanguage\":\"es-AR\",\"potentialAction\":[{\"@type\":\"ReadAction\",\"target\":[\"https:\\\/\\\/www.fcejs.unsl.edu.ar\\\/index.php\\\/se-aprobo-la-creacion-de-la-carrera-licencuiatura-en-analisis-y-gestion-de-datos\\\/\"]}]},{\"@type\":\"ImageObject\",\"inLanguage\":\"es-AR\",\"@id\":\"https:\\\/\\\/www.fcejs.unsl.edu.ar\\\/index.php\\\/se-aprobo-la-creacion-de-la-carrera-licencuiatura-en-analisis-y-gestion-de-datos\\\/#primaryimage\",\"url\":\"https:\\\/\\\/www.fcejs.unsl.edu.ar\\\/wp-content\\\/uploads\\\/2022\\\/04\\\/carrera-nva-big-data.jpg\",\"contentUrl\":\"https:\\\/\\\/www.fcejs.unsl.edu.ar\\\/wp-content\\\/uploads\\\/2022\\\/04\\\/carrera-nva-big-data.jpg\",\"width\":1061,\"height\":600},{\"@type\":\"BreadcrumbList\",\"@id\":\"https:\\\/\\\/www.fcejs.unsl.edu.ar\\\/index.php\\\/se-aprobo-la-creacion-de-la-carrera-licencuiatura-en-analisis-y-gestion-de-datos\\\/#breadcrumb\",\"itemListElement\":[{\"@type\":\"ListItem\",\"position\":1,\"name\":\"Inicio\",\"item\":\"https:\\\/\\\/www.fcejs.unsl.edu.ar\\\/\"},{\"@type\":\"ListItem\",\"position\":2,\"name\":\"Se aprob\u00f3 la creaci\u00f3n de la carrera Licenciatura en An\u00e1lisis y Gesti\u00f3n de Datos\"}]},{\"@type\":\"WebSite\",\"@id\":\"https:\\\/\\\/www.fcejs.unsl.edu.ar\\\/#website\",\"url\":\"https:\\\/\\\/www.fcejs.unsl.edu.ar\\\/\",\"name\":\"Facultad de Ciencias Econ\u00f3micas, Jur\u00ed\u00addicas y Sociales\",\"description\":\"\",\"publisher\":{\"@id\":\"https:\\\/\\\/www.fcejs.unsl.edu.ar\\\/#organization\"},\"potentialAction\":[{\"@type\":\"SearchAction\",\"target\":{\"@type\":\"EntryPoint\",\"urlTemplate\":\"https:\\\/\\\/www.fcejs.unsl.edu.ar\\\/?s={search_term_string}\"},\"query-input\":{\"@type\":\"PropertyValueSpecification\",\"valueRequired\":true,\"valueName\":\"search_term_string\"}}],\"inLanguage\":\"es-AR\"},{\"@type\":\"Organization\",\"@id\":\"https:\\\/\\\/www.fcejs.unsl.edu.ar\\\/#organization\",\"name\":\"Facultad de Ciencias Econ\u00f3micas, Jur\u00eddicas y Sociales\",\"url\":\"https:\\\/\\\/www.fcejs.unsl.edu.ar\\\/\",\"logo\":{\"@type\":\"ImageObject\",\"inLanguage\":\"es-AR\",\"@id\":\"https:\\\/\\\/www.fcejs.unsl.edu.ar\\\/#\\\/schema\\\/logo\\\/image\\\/\",\"url\":\"https:\\\/\\\/www.fcejs.unsl.edu.ar\\\/wp-content\\\/uploads\\\/2021\\\/03\\\/logo-1.jpg\",\"contentUrl\":\"https:\\\/\\\/www.fcejs.unsl.edu.ar\\\/wp-content\\\/uploads\\\/2021\\\/03\\\/logo-1.jpg\",\"width\":471,\"height\":146,\"caption\":\"Facultad de Ciencias Econ\u00f3micas, Jur\u00eddicas y Sociales\"},\"image\":{\"@id\":\"https:\\\/\\\/www.fcejs.unsl.edu.ar\\\/#\\\/schema\\\/logo\\\/image\\\/\"},\"sameAs\":[\"https:\\\/\\\/www.facebook.com\\\/FCEJS.UNSL\\\/\",\"https:\\\/\\\/x.com\\\/FCEJSUNSL\",\"https:\\\/\\\/www.instagram.com\\\/fcejs.unsl\\\/\",\"https:\\\/\\\/www.youtube.com\\\/channel\\\/UCH-Ut6EaN_X5ogjIQMPe46g\\\/\"]},{\"@type\":\"Person\",\"@id\":\"https:\\\/\\\/www.fcejs.unsl.edu.ar\\\/#\\\/schema\\\/person\\\/352ee6ed90c3f394c7cb5945f8956d34\",\"name\":\"DATI\"}]}<\/script>\n<!-- \/ Yoast SEO plugin. -->","yoast_head_json":{"title":"Se aprob\u00f3 la creaci\u00f3n de la carrera Licenciatura en An\u00e1lisis y Gesti\u00f3n de Datos - Facultad de Ciencias Econ\u00f3micas, Jur\u00ed\u00addicas y Sociales","robots":{"index":"index","follow":"follow","max-snippet":"max-snippet:-1","max-image-preview":"max-image-preview:large","max-video-preview":"max-video-preview:-1"},"canonical":"https:\/\/www.fcejs.unsl.edu.ar\/index.php\/se-aprobo-la-creacion-de-la-carrera-licencuiatura-en-analisis-y-gestion-de-datos\/","og_locale":"es_ES","og_type":"article","og_title":"Se aprob\u00f3 la creaci\u00f3n de la carrera Licenciatura en An\u00e1lisis y Gesti\u00f3n de Datos - Facultad de Ciencias Econ\u00f3micas, Jur\u00ed\u00addicas y Sociales","og_description":"En su \u00faltima sesi\u00f3n, el Consejo Superior, aprob\u00f3 el anteproyecto de creaci\u00f3n de la carrera Licenciatura en An\u00e1lisis y Gesti\u00f3n de Datos, una propuesta conjunta&hellip;","og_url":"https:\/\/www.fcejs.unsl.edu.ar\/index.php\/se-aprobo-la-creacion-de-la-carrera-licencuiatura-en-analisis-y-gestion-de-datos\/","og_site_name":"Facultad de Ciencias Econ\u00f3micas, Jur\u00ed\u00addicas y Sociales","article_publisher":"https:\/\/www.facebook.com\/FCEJS.UNSL\/","article_published_time":"2022-05-23T14:28:49+00:00","article_modified_time":"2022-06-29T12:49:40+00:00","og_image":[{"width":1061,"height":600,"url":"https:\/\/www.fcejs.unsl.edu.ar\/wp-content\/uploads\/2022\/04\/carrera-nva-big-data.jpg","type":"image\/jpeg"}],"author":"DATI","twitter_card":"summary_large_image","twitter_creator":"@FCEJSUNSL","twitter_site":"@FCEJSUNSL","twitter_misc":{"Escrito por":"DATI","Tiempo de lectura":"2 minutos"},"schema":{"@context":"https:\/\/schema.org","@graph":[{"@type":"Article","@id":"https:\/\/www.fcejs.unsl.edu.ar\/index.php\/se-aprobo-la-creacion-de-la-carrera-licencuiatura-en-analisis-y-gestion-de-datos\/#article","isPartOf":{"@id":"https:\/\/www.fcejs.unsl.edu.ar\/index.php\/se-aprobo-la-creacion-de-la-carrera-licencuiatura-en-analisis-y-gestion-de-datos\/"},"author":{"name":"DATI","@id":"https:\/\/www.fcejs.unsl.edu.ar\/#\/schema\/person\/352ee6ed90c3f394c7cb5945f8956d34"},"headline":"Se aprob\u00f3 la creaci\u00f3n de la carrera Licenciatura en An\u00e1lisis y Gesti\u00f3n de Datos","datePublished":"2022-05-23T14:28:49+00:00","dateModified":"2022-06-29T12:49:40+00:00","mainEntityOfPage":{"@id":"https:\/\/www.fcejs.unsl.edu.ar\/index.php\/se-aprobo-la-creacion-de-la-carrera-licencuiatura-en-analisis-y-gestion-de-datos\/"},"wordCount":464,"publisher":{"@id":"https:\/\/www.fcejs.unsl.edu.ar\/#organization"},"image":{"@id":"https:\/\/www.fcejs.unsl.edu.ar\/index.php\/se-aprobo-la-creacion-de-la-carrera-licencuiatura-en-analisis-y-gestion-de-datos\/#primaryimage"},"thumbnailUrl":"https:\/\/www.fcejs.unsl.edu.ar\/wp-content\/uploads\/2022\/04\/carrera-nva-big-data.jpg","articleSection":["Noticias"],"inLanguage":"es-AR"},{"@type":"WebPage","@id":"https:\/\/www.fcejs.unsl.edu.ar\/index.php\/se-aprobo-la-creacion-de-la-carrera-licencuiatura-en-analisis-y-gestion-de-datos\/","url":"https:\/\/www.fcejs.unsl.edu.ar\/index.php\/se-aprobo-la-creacion-de-la-carrera-licencuiatura-en-analisis-y-gestion-de-datos\/","name":"Se aprob\u00f3 la creaci\u00f3n de la carrera Licenciatura en An\u00e1lisis y Gesti\u00f3n de Datos - Facultad de Ciencias Econ\u00f3micas, Jur\u00ed\u00addicas y Sociales","isPartOf":{"@id":"https:\/\/www.fcejs.unsl.edu.ar\/#website"},"primaryImageOfPage":{"@id":"https:\/\/www.fcejs.unsl.edu.ar\/index.php\/se-aprobo-la-creacion-de-la-carrera-licencuiatura-en-analisis-y-gestion-de-datos\/#primaryimage"},"image":{"@id":"https:\/\/www.fcejs.unsl.edu.ar\/index.php\/se-aprobo-la-creacion-de-la-carrera-licencuiatura-en-analisis-y-gestion-de-datos\/#primaryimage"},"thumbnailUrl":"https:\/\/www.fcejs.unsl.edu.ar\/wp-content\/uploads\/2022\/04\/carrera-nva-big-data.jpg","datePublished":"2022-05-23T14:28:49+00:00","dateModified":"2022-06-29T12:49:40+00:00","breadcrumb":{"@id":"https:\/\/www.fcejs.unsl.edu.ar\/index.php\/se-aprobo-la-creacion-de-la-carrera-licencuiatura-en-analisis-y-gestion-de-datos\/#breadcrumb"},"inLanguage":"es-AR","potentialAction":[{"@type":"ReadAction","target":["https:\/\/www.fcejs.unsl.edu.ar\/index.php\/se-aprobo-la-creacion-de-la-carrera-licencuiatura-en-analisis-y-gestion-de-datos\/"]}]},{"@type":"ImageObject","inLanguage":"es-AR","@id":"https:\/\/www.fcejs.unsl.edu.ar\/index.php\/se-aprobo-la-creacion-de-la-carrera-licencuiatura-en-analisis-y-gestion-de-datos\/#primaryimage","url":"https:\/\/www.fcejs.unsl.edu.ar\/wp-content\/uploads\/2022\/04\/carrera-nva-big-data.jpg","contentUrl":"https:\/\/www.fcejs.unsl.edu.ar\/wp-content\/uploads\/2022\/04\/carrera-nva-big-data.jpg","width":1061,"height":600},{"@type":"BreadcrumbList","@id":"https:\/\/www.fcejs.unsl.edu.ar\/index.php\/se-aprobo-la-creacion-de-la-carrera-licencuiatura-en-analisis-y-gestion-de-datos\/#breadcrumb","itemListElement":[{"@type":"ListItem","position":1,"name":"Inicio","item":"https:\/\/www.fcejs.unsl.edu.ar\/"},{"@type":"ListItem","position":2,"name":"Se aprob\u00f3 la creaci\u00f3n de la carrera Licenciatura en An\u00e1lisis y Gesti\u00f3n de Datos"}]},{"@type":"WebSite","@id":"https:\/\/www.fcejs.unsl.edu.ar\/#website","url":"https:\/\/www.fcejs.unsl.edu.ar\/","name":"Facultad de Ciencias Econ\u00f3micas, Jur\u00ed\u00addicas y Sociales","description":"","publisher":{"@id":"https:\/\/www.fcejs.unsl.edu.ar\/#organization"},"potentialAction":[{"@type":"SearchAction","target":{"@type":"EntryPoint","urlTemplate":"https:\/\/www.fcejs.unsl.edu.ar\/?s={search_term_string}"},"query-input":{"@type":"PropertyValueSpecification","valueRequired":true,"valueName":"search_term_string"}}],"inLanguage":"es-AR"},{"@type":"Organization","@id":"https:\/\/www.fcejs.unsl.edu.ar\/#organization","name":"Facultad de Ciencias Econ\u00f3micas, Jur\u00eddicas y Sociales","url":"https:\/\/www.fcejs.unsl.edu.ar\/","logo":{"@type":"ImageObject","inLanguage":"es-AR","@id":"https:\/\/www.fcejs.unsl.edu.ar\/#\/schema\/logo\/image\/","url":"https:\/\/www.fcejs.unsl.edu.ar\/wp-content\/uploads\/2021\/03\/logo-1.jpg","contentUrl":"https:\/\/www.fcejs.unsl.edu.ar\/wp-content\/uploads\/2021\/03\/logo-1.jpg","width":471,"height":146,"caption":"Facultad de Ciencias Econ\u00f3micas, Jur\u00eddicas y Sociales"},"image":{"@id":"https:\/\/www.fcejs.unsl.edu.ar\/#\/schema\/logo\/image\/"},"sameAs":["https:\/\/www.facebook.com\/FCEJS.UNSL\/","https:\/\/x.com\/FCEJSUNSL","https:\/\/www.instagram.com\/fcejs.unsl\/","https:\/\/www.youtube.com\/channel\/UCH-Ut6EaN_X5ogjIQMPe46g\/"]},{"@type":"Person","@id":"https:\/\/www.fcejs.unsl.edu.ar\/#\/schema\/person\/352ee6ed90c3f394c7cb5945f8956d34","name":"DATI"}]}},"jetpack_featured_media_url":"https:\/\/www.fcejs.unsl.edu.ar\/wp-content\/uploads\/2022\/04\/carrera-nva-big-data.jpg","_links":{"self":[{"href":"https:\/\/www.fcejs.unsl.edu.ar\/index.php\/wp-json\/wp\/v2\/posts\/7713","targetHints":{"allow":["GET"]}}],"collection":[{"href":"https:\/\/www.fcejs.unsl.edu.ar\/index.php\/wp-json\/wp\/v2\/posts"}],"about":[{"href":"https:\/\/www.fcejs.unsl.edu.ar\/index.php\/wp-json\/wp\/v2\/types\/post"}],"author":[{"embeddable":true,"href":"https:\/\/www.fcejs.unsl.edu.ar\/index.php\/wp-json\/wp\/v2\/users\/9"}],"replies":[{"embeddable":true,"href":"https:\/\/www.fcejs.unsl.edu.ar\/index.php\/wp-json\/wp\/v2\/comments?post=7713"}],"version-history":[{"count":2,"href":"https:\/\/www.fcejs.unsl.edu.ar\/index.php\/wp-json\/wp\/v2\/posts\/7713\/revisions"}],"predecessor-version":[{"id":7715,"href":"https:\/\/www.fcejs.unsl.edu.ar\/index.php\/wp-json\/wp\/v2\/posts\/7713\/revisions\/7715"}],"wp:featuredmedia":[{"embeddable":true,"href":"https:\/\/www.fcejs.unsl.edu.ar\/index.php\/wp-json\/wp\/v2\/media\/8029"}],"wp:attachment":[{"href":"https:\/\/www.fcejs.unsl.edu.ar\/index.php\/wp-json\/wp\/v2\/media?parent=7713"}],"wp:term":[{"taxonomy":"category","embeddable":true,"href":"https:\/\/www.fcejs.unsl.edu.ar\/index.php\/wp-json\/wp\/v2\/categories?post=7713"},{"taxonomy":"post_tag","embeddable":true,"href":"https:\/\/www.fcejs.unsl.edu.ar\/index.php\/wp-json\/wp\/v2\/tags?post=7713"}],"curies":[{"name":"wp","href":"https:\/\/api.w.org\/{rel}","templated":true}]}}