{"id":7056,"date":"2022-02-24T11:04:16","date_gmt":"2022-02-24T14:04:16","guid":{"rendered":"http:\/\/10.101.10.197\/www\/?p=7056"},"modified":"2022-03-14T13:27:42","modified_gmt":"2022-03-14T16:27:42","slug":"la-fcejs-aprobo-su-calendario-academico-2022","status":"publish","type":"post","link":"https:\/\/www.fcejs.unsl.edu.ar\/index.php\/la-fcejs-aprobo-su-calendario-academico-2022\/","title":{"rendered":"La FCEJS aprob\u00f3 su Calendario Acad\u00e9mico 2022"},"content":{"rendered":"<p>A trav\u00e9s de la <a href=\"https:\/\/www.fcejs.unsl.edu.ar\/wp-content\/uploads\/2022\/02\/ResD-No-43-2022.pdf\"><strong><span style=\"color: blue;\">Resoluci\u00f3n D N\u00ba 43\/2022<\/span><\/strong><\/a> se aprob\u00f3 el Calendario Acad\u00e9mico 2022 que cada a\u00f1o propone la Secretar\u00eda Acad\u00e9mica para las actividades acad\u00e9micas de la FCEJS, estableci\u00e9ndose\u00a0que el inicio del Primer Cuatrimestre del a\u00f1o 2022 ser\u00e1 el 14 de marzo.<\/p>\n<p><strong>CALENDARIO ACAD\u00c9MICO PARA EL CICLO LECTIVO 2022<\/strong><\/p>\n<p><strong>1. Inicio de actividades anuales: 11 de febrero<\/strong><\/p>\n<p><strong>2. Finalizaci\u00f3n de actividades: 30 de diciembre<\/strong><\/p>\n<p><strong>3. Receso Invernal: 11 al 23 de julio<\/strong><\/p>\n<p><strong>4. D\u00edas feriados, no laborables, feriados locales y no laborables, seg\u00fan creencia religiosa:<\/strong><\/p>\n<p>Se establecen de acuerdo a lo fijado en la Resoluci\u00f3n Rectoral N&#8221; 2101\/19<\/p>\n<p>1 de enero: A\u00f1o nuevo<br \/>\n28 de febrero y 1 de marzo: Carnaval<br \/>\n24 de marzo: D\u00eda Nacional de la Memoria por la Verdad y la Justicia<br \/>\n2 de abril: D\u00eda del Veterano y de los Ca\u00eddos en la Guerra de Malvinas<br \/>\n14 de abril: Jueves Santo (No laborable)<br \/>\n15 de abril: Viernes Santo (Feriado)<br \/>\n1 de mayo: D\u00eda del Trabajador<br \/>\n3 de mayo: Cristo de la Quebrada<br \/>\n10 de mayo: D\u00eda de la Universidad Nacional de San Luis (No laborable para la UNSL)<br \/>\n25 de mayo: D\u00eda de la Revoluci\u00f3n de Mayo<br \/>\n17 de junio: Paso a la Inmortalidad del General Don Mart\u00edn de G\u00fcemes<br \/>\n20 de junio: Paso a la Inmortalidad del General Manuel Belgrano<br \/>\n9 de julio: D\u00eda de la Independencia<br \/>\n15 de agosto: Paso a la Inmortalidad del General Jos\u00e9 de San Martin (se traslada del 17)<br \/>\n25 de agosto: D\u00eda de San Lu\u00eds Rey de Francia<br \/>\n11 de septiembre: D\u00eda del Docente de la UNSL (D\u00eda no laborable por claustro)<br \/>\n21 de septiembre: D\u00eda del estudiante (D\u00eda no laborable por claustro)<br \/>\n7 de octubre: Feriado con fines tur\u00edsticos<br \/>\n10 de octubre: D\u00eda del respeto a la Diversidad Cultural<br \/>\n20 de noviembre: D\u00eda de la Soberan\u00eda Nacional<br \/>\n21 de noviembre: Feriado con fines tur\u00edsticos<br \/>\n26 de noviembre: D\u00eda del Nodocente (D\u00eda no laborable por claustro)<br \/>\n1 de diciembre: Fundaci\u00f3n ciudad de Villa Mercedes<br \/>\n8 de diciembre: Inmaculada Concepci\u00f3n de Mar\u00eda<br \/>\n9 de diciembre: Feriado con fines tur\u00edsticos<br \/>\n25 de diciembre: Navidad<\/p>\n<p><strong>5. Actividades de ingreso:<\/strong><\/p>\n<p>El Ciclo Preparatorio para el Ingreso, se llevar\u00e1 a cabo en las semanas comprendidas entre el 14 de febrero al 11 de marzo de 2022.<\/p>\n<p><strong>6. Cuatrimestres:<\/strong><\/p>\n<p>Primer Cuatrimestre: 14 de marzo al 24 de junio (15 semanas)<br \/>\nCierre inscripci\u00f3n cuatrimestral: 30 de mayo<\/p>\n<p>Segundo Cuatrimestre: 8 de agosto al 18 de noviembre (15 semanas)<br \/>\nCierre inscripci\u00f3n cuatrimestral: 24 de octubre<\/p>\n<p><strong>7. Turnos Generales de Ex\u00e1menes:<\/strong><\/p>\n<p>Febrero-Marzo:<\/p>\n<p>Primer llamado: 21 al 26 de febrero<br \/>\nSegundo llamado: 14 al 19 de marzo<\/p>\n<p>Julio-Agosto:<\/p>\n<p>Primer llamado: 2 al 8 de julio<br \/>\nSegundo llamado: 1 al 6 de agosto<\/p>\n<p>Noviembre-Diciembre:<\/p>\n<p>Primer llamado: 28 de noviembre al 3 de diciembre<br \/>\nSegundo llamado: 14 al 21 de diciembre<\/p>\n<p><strong>8. Turnos Especiales de Ex\u00e1menes (con car\u00e1cter general):<\/strong><\/p>\n<p>Primer Turno: 18 al 23 de abril<br \/>\nSegundo Turno: 12 al 17 de septiembre<\/p>\n<p><strong>9. Turnos de Examen con car\u00e1cter especial:<\/strong><\/p>\n<p>Turno Mayo: 16 al 20 de mayo<br \/>\nTurno Octubre: 10 al 14 de octubre<\/p>\n<p><strong>10. Inscripci\u00f3n Anual y Readmisi\u00f3n:<\/strong> Desde el 1 abril al 30 de mayo<\/p>\n<p><strong>11- Actos de colaci\u00f3n de grado: a definir.<\/strong><\/p>\n<p><strong><a href=\"https:\/\/www.fcejs.unsl.edu.ar\/wp-content\/uploads\/2022\/02\/ResD-No-43-2022.pdf\">ResD N\u00ba 43-2022<\/a><\/strong><\/p>\n<p><img fetchpriority=\"high\" decoding=\"async\" class=\"alignnone wp-image-7063 size-full\" src=\"https:\/\/www.fcejs.unsl.edu.ar\/wp-content\/uploads\/2022\/02\/CALENDARIO-ACADEMICO-2022-1-scaled.jpg\" alt=\"\" width=\"1809\" height=\"2560\" srcset=\"https:\/\/www.fcejs.unsl.edu.ar\/wp-content\/uploads\/2022\/02\/CALENDARIO-ACADEMICO-2022-1-scaled.jpg 1809w, https:\/\/www.fcejs.unsl.edu.ar\/wp-content\/uploads\/2022\/02\/CALENDARIO-ACADEMICO-2022-1-212x300.jpg 212w, https:\/\/www.fcejs.unsl.edu.ar\/wp-content\/uploads\/2022\/02\/CALENDARIO-ACADEMICO-2022-1-724x1024.jpg 724w, https:\/\/www.fcejs.unsl.edu.ar\/wp-content\/uploads\/2022\/02\/CALENDARIO-ACADEMICO-2022-1-768x1087.jpg 768w, https:\/\/www.fcejs.unsl.edu.ar\/wp-content\/uploads\/2022\/02\/CALENDARIO-ACADEMICO-2022-1-1085x1536.jpg 1085w, https:\/\/www.fcejs.unsl.edu.ar\/wp-content\/uploads\/2022\/02\/CALENDARIO-ACADEMICO-2022-1-1447x2048.jpg 1447w\" sizes=\"(max-width: 1809px) 100vw, 1809px\" \/><\/p>\n","protected":false},"excerpt":{"rendered":"<p>A trav\u00e9s de la Resoluci\u00f3n D N\u00ba 43\/2022 se aprob\u00f3 el Calendario Acad\u00e9mico 2022 que cada a\u00f1o propone la Secretar\u00eda Acad\u00e9mica para las actividades acad\u00e9micas&hellip;<\/p>\n","protected":false},"author":9,"featured_media":7065,"comment_status":"closed","ping_status":"closed","sticky":false,"template":"","format":"standard","meta":{"om_disable_all_campaigns":false,"_monsterinsights_skip_tracking":false,"_monsterinsights_sitenote_active":false,"_monsterinsights_sitenote_note":"","_monsterinsights_sitenote_category":0,"footnotes":""},"categories":[1],"tags":[],"class_list":["post-7056","post","type-post","status-publish","format-standard","has-post-thumbnail","hentry","category-noticias"],"yoast_head":"<!-- This site is optimized with the Yoast SEO plugin v27.5 - https:\/\/yoast.com\/product\/yoast-seo-wordpress\/ -->\n<title>La FCEJS aprob\u00f3 su Calendario Acad\u00e9mico 2022 - Facultad de Ciencias Econ\u00f3micas, Jur\u00ed\u00addicas y Sociales<\/title>\n<meta name=\"robots\" content=\"index, follow, max-snippet:-1, max-image-preview:large, max-video-preview:-1\" \/>\n<link rel=\"canonical\" href=\"https:\/\/www.fcejs.unsl.edu.ar\/index.php\/la-fcejs-aprobo-su-calendario-academico-2022\/\" \/>\n<meta property=\"og:locale\" content=\"es_ES\" \/>\n<meta property=\"og:type\" content=\"article\" \/>\n<meta property=\"og:title\" content=\"La FCEJS aprob\u00f3 su Calendario Acad\u00e9mico 2022 - Facultad de Ciencias Econ\u00f3micas, Jur\u00ed\u00addicas y Sociales\" \/>\n<meta property=\"og:description\" content=\"A trav\u00e9s de la Resoluci\u00f3n D N\u00ba 43\/2022 se aprob\u00f3 el Calendario Acad\u00e9mico 2022 que cada a\u00f1o propone la Secretar\u00eda Acad\u00e9mica para las actividades acad\u00e9micas&hellip;\" \/>\n<meta property=\"og:url\" content=\"https:\/\/www.fcejs.unsl.edu.ar\/index.php\/la-fcejs-aprobo-su-calendario-academico-2022\/\" \/>\n<meta property=\"og:site_name\" content=\"Facultad de Ciencias Econ\u00f3micas, Jur\u00ed\u00addicas y Sociales\" \/>\n<meta property=\"article:publisher\" content=\"https:\/\/www.facebook.com\/FCEJS.UNSL\/\" \/>\n<meta property=\"article:published_time\" content=\"2022-02-24T14:04:16+00:00\" \/>\n<meta property=\"article:modified_time\" content=\"2022-03-14T16:27:42+00:00\" \/>\n<meta property=\"og:image\" content=\"https:\/\/www.fcejs.unsl.edu.ar\/wp-content\/uploads\/2022\/02\/CALENDARIO-ACADEMICO-2022-front.jpg\" \/>\n\t<meta property=\"og:image:width\" content=\"1148\" \/>\n\t<meta property=\"og:image:height\" content=\"648\" \/>\n\t<meta property=\"og:image:type\" content=\"image\/jpeg\" \/>\n<meta name=\"author\" content=\"DATI\" \/>\n<meta name=\"twitter:card\" content=\"summary_large_image\" \/>\n<meta name=\"twitter:creator\" content=\"@FCEJSUNSL\" \/>\n<meta name=\"twitter:site\" content=\"@FCEJSUNSL\" \/>\n<meta name=\"twitter:label1\" content=\"Escrito por\" \/>\n\t<meta name=\"twitter:data1\" content=\"DATI\" \/>\n\t<meta name=\"twitter:label2\" content=\"Tiempo de lectura\" \/>\n\t<meta name=\"twitter:data2\" content=\"3 minutos\" \/>\n<script type=\"application\/ld+json\" class=\"yoast-schema-graph\">{\"@context\":\"https:\\\/\\\/schema.org\",\"@graph\":[{\"@type\":\"Article\",\"@id\":\"https:\\\/\\\/www.fcejs.unsl.edu.ar\\\/index.php\\\/la-fcejs-aprobo-su-calendario-academico-2022\\\/#article\",\"isPartOf\":{\"@id\":\"https:\\\/\\\/www.fcejs.unsl.edu.ar\\\/index.php\\\/la-fcejs-aprobo-su-calendario-academico-2022\\\/\"},\"author\":{\"name\":\"DATI\",\"@id\":\"https:\\\/\\\/www.fcejs.unsl.edu.ar\\\/#\\\/schema\\\/person\\\/352ee6ed90c3f394c7cb5945f8956d34\"},\"headline\":\"La FCEJS aprob\u00f3 su Calendario Acad\u00e9mico 2022\",\"datePublished\":\"2022-02-24T14:04:16+00:00\",\"dateModified\":\"2022-03-14T16:27:42+00:00\",\"mainEntityOfPage\":{\"@id\":\"https:\\\/\\\/www.fcejs.unsl.edu.ar\\\/index.php\\\/la-fcejs-aprobo-su-calendario-academico-2022\\\/\"},\"wordCount\":505,\"publisher\":{\"@id\":\"https:\\\/\\\/www.fcejs.unsl.edu.ar\\\/#organization\"},\"image\":{\"@id\":\"https:\\\/\\\/www.fcejs.unsl.edu.ar\\\/index.php\\\/la-fcejs-aprobo-su-calendario-academico-2022\\\/#primaryimage\"},\"thumbnailUrl\":\"https:\\\/\\\/www.fcejs.unsl.edu.ar\\\/wp-content\\\/uploads\\\/2022\\\/02\\\/CALENDARIO-ACADEMICO-2022-front.jpg\",\"articleSection\":[\"Noticias\"],\"inLanguage\":\"es-AR\"},{\"@type\":\"WebPage\",\"@id\":\"https:\\\/\\\/www.fcejs.unsl.edu.ar\\\/index.php\\\/la-fcejs-aprobo-su-calendario-academico-2022\\\/\",\"url\":\"https:\\\/\\\/www.fcejs.unsl.edu.ar\\\/index.php\\\/la-fcejs-aprobo-su-calendario-academico-2022\\\/\",\"name\":\"La FCEJS aprob\u00f3 su Calendario Acad\u00e9mico 2022 - Facultad de Ciencias Econ\u00f3micas, Jur\u00ed\u00addicas y Sociales\",\"isPartOf\":{\"@id\":\"https:\\\/\\\/www.fcejs.unsl.edu.ar\\\/#website\"},\"primaryImageOfPage\":{\"@id\":\"https:\\\/\\\/www.fcejs.unsl.edu.ar\\\/index.php\\\/la-fcejs-aprobo-su-calendario-academico-2022\\\/#primaryimage\"},\"image\":{\"@id\":\"https:\\\/\\\/www.fcejs.unsl.edu.ar\\\/index.php\\\/la-fcejs-aprobo-su-calendario-academico-2022\\\/#primaryimage\"},\"thumbnailUrl\":\"https:\\\/\\\/www.fcejs.unsl.edu.ar\\\/wp-content\\\/uploads\\\/2022\\\/02\\\/CALENDARIO-ACADEMICO-2022-front.jpg\",\"datePublished\":\"2022-02-24T14:04:16+00:00\",\"dateModified\":\"2022-03-14T16:27:42+00:00\",\"breadcrumb\":{\"@id\":\"https:\\\/\\\/www.fcejs.unsl.edu.ar\\\/index.php\\\/la-fcejs-aprobo-su-calendario-academico-2022\\\/#breadcrumb\"},\"inLanguage\":\"es-AR\",\"potentialAction\":[{\"@type\":\"ReadAction\",\"target\":[\"https:\\\/\\\/www.fcejs.unsl.edu.ar\\\/index.php\\\/la-fcejs-aprobo-su-calendario-academico-2022\\\/\"]}]},{\"@type\":\"ImageObject\",\"inLanguage\":\"es-AR\",\"@id\":\"https:\\\/\\\/www.fcejs.unsl.edu.ar\\\/index.php\\\/la-fcejs-aprobo-su-calendario-academico-2022\\\/#primaryimage\",\"url\":\"https:\\\/\\\/www.fcejs.unsl.edu.ar\\\/wp-content\\\/uploads\\\/2022\\\/02\\\/CALENDARIO-ACADEMICO-2022-front.jpg\",\"contentUrl\":\"https:\\\/\\\/www.fcejs.unsl.edu.ar\\\/wp-content\\\/uploads\\\/2022\\\/02\\\/CALENDARIO-ACADEMICO-2022-front.jpg\",\"width\":1148,\"height\":648},{\"@type\":\"BreadcrumbList\",\"@id\":\"https:\\\/\\\/www.fcejs.unsl.edu.ar\\\/index.php\\\/la-fcejs-aprobo-su-calendario-academico-2022\\\/#breadcrumb\",\"itemListElement\":[{\"@type\":\"ListItem\",\"position\":1,\"name\":\"Inicio\",\"item\":\"https:\\\/\\\/www.fcejs.unsl.edu.ar\\\/\"},{\"@type\":\"ListItem\",\"position\":2,\"name\":\"La FCEJS aprob\u00f3 su Calendario Acad\u00e9mico 2022\"}]},{\"@type\":\"WebSite\",\"@id\":\"https:\\\/\\\/www.fcejs.unsl.edu.ar\\\/#website\",\"url\":\"https:\\\/\\\/www.fcejs.unsl.edu.ar\\\/\",\"name\":\"Facultad de Ciencias Econ\u00f3micas, Jur\u00ed\u00addicas y Sociales\",\"description\":\"\",\"publisher\":{\"@id\":\"https:\\\/\\\/www.fcejs.unsl.edu.ar\\\/#organization\"},\"potentialAction\":[{\"@type\":\"SearchAction\",\"target\":{\"@type\":\"EntryPoint\",\"urlTemplate\":\"https:\\\/\\\/www.fcejs.unsl.edu.ar\\\/?s={search_term_string}\"},\"query-input\":{\"@type\":\"PropertyValueSpecification\",\"valueRequired\":true,\"valueName\":\"search_term_string\"}}],\"inLanguage\":\"es-AR\"},{\"@type\":\"Organization\",\"@id\":\"https:\\\/\\\/www.fcejs.unsl.edu.ar\\\/#organization\",\"name\":\"Facultad de Ciencias Econ\u00f3micas, Jur\u00eddicas y Sociales\",\"url\":\"https:\\\/\\\/www.fcejs.unsl.edu.ar\\\/\",\"logo\":{\"@type\":\"ImageObject\",\"inLanguage\":\"es-AR\",\"@id\":\"https:\\\/\\\/www.fcejs.unsl.edu.ar\\\/#\\\/schema\\\/logo\\\/image\\\/\",\"url\":\"https:\\\/\\\/www.fcejs.unsl.edu.ar\\\/wp-content\\\/uploads\\\/2021\\\/03\\\/logo-1.jpg\",\"contentUrl\":\"https:\\\/\\\/www.fcejs.unsl.edu.ar\\\/wp-content\\\/uploads\\\/2021\\\/03\\\/logo-1.jpg\",\"width\":471,\"height\":146,\"caption\":\"Facultad de Ciencias Econ\u00f3micas, Jur\u00eddicas y Sociales\"},\"image\":{\"@id\":\"https:\\\/\\\/www.fcejs.unsl.edu.ar\\\/#\\\/schema\\\/logo\\\/image\\\/\"},\"sameAs\":[\"https:\\\/\\\/www.facebook.com\\\/FCEJS.UNSL\\\/\",\"https:\\\/\\\/x.com\\\/FCEJSUNSL\",\"https:\\\/\\\/www.instagram.com\\\/fcejs.unsl\\\/\",\"https:\\\/\\\/www.youtube.com\\\/channel\\\/UCH-Ut6EaN_X5ogjIQMPe46g\\\/\"]},{\"@type\":\"Person\",\"@id\":\"https:\\\/\\\/www.fcejs.unsl.edu.ar\\\/#\\\/schema\\\/person\\\/352ee6ed90c3f394c7cb5945f8956d34\",\"name\":\"DATI\"}]}<\/script>\n<!-- \/ Yoast SEO plugin. -->","yoast_head_json":{"title":"La FCEJS aprob\u00f3 su Calendario Acad\u00e9mico 2022 - Facultad de Ciencias Econ\u00f3micas, Jur\u00ed\u00addicas y Sociales","robots":{"index":"index","follow":"follow","max-snippet":"max-snippet:-1","max-image-preview":"max-image-preview:large","max-video-preview":"max-video-preview:-1"},"canonical":"https:\/\/www.fcejs.unsl.edu.ar\/index.php\/la-fcejs-aprobo-su-calendario-academico-2022\/","og_locale":"es_ES","og_type":"article","og_title":"La FCEJS aprob\u00f3 su Calendario Acad\u00e9mico 2022 - Facultad de Ciencias Econ\u00f3micas, Jur\u00ed\u00addicas y Sociales","og_description":"A trav\u00e9s de la Resoluci\u00f3n D N\u00ba 43\/2022 se aprob\u00f3 el Calendario Acad\u00e9mico 2022 que cada a\u00f1o propone la Secretar\u00eda Acad\u00e9mica para las actividades acad\u00e9micas&hellip;","og_url":"https:\/\/www.fcejs.unsl.edu.ar\/index.php\/la-fcejs-aprobo-su-calendario-academico-2022\/","og_site_name":"Facultad de Ciencias Econ\u00f3micas, Jur\u00ed\u00addicas y Sociales","article_publisher":"https:\/\/www.facebook.com\/FCEJS.UNSL\/","article_published_time":"2022-02-24T14:04:16+00:00","article_modified_time":"2022-03-14T16:27:42+00:00","og_image":[{"width":1148,"height":648,"url":"https:\/\/www.fcejs.unsl.edu.ar\/wp-content\/uploads\/2022\/02\/CALENDARIO-ACADEMICO-2022-front.jpg","type":"image\/jpeg"}],"author":"DATI","twitter_card":"summary_large_image","twitter_creator":"@FCEJSUNSL","twitter_site":"@FCEJSUNSL","twitter_misc":{"Escrito por":"DATI","Tiempo de lectura":"3 minutos"},"schema":{"@context":"https:\/\/schema.org","@graph":[{"@type":"Article","@id":"https:\/\/www.fcejs.unsl.edu.ar\/index.php\/la-fcejs-aprobo-su-calendario-academico-2022\/#article","isPartOf":{"@id":"https:\/\/www.fcejs.unsl.edu.ar\/index.php\/la-fcejs-aprobo-su-calendario-academico-2022\/"},"author":{"name":"DATI","@id":"https:\/\/www.fcejs.unsl.edu.ar\/#\/schema\/person\/352ee6ed90c3f394c7cb5945f8956d34"},"headline":"La FCEJS aprob\u00f3 su Calendario Acad\u00e9mico 2022","datePublished":"2022-02-24T14:04:16+00:00","dateModified":"2022-03-14T16:27:42+00:00","mainEntityOfPage":{"@id":"https:\/\/www.fcejs.unsl.edu.ar\/index.php\/la-fcejs-aprobo-su-calendario-academico-2022\/"},"wordCount":505,"publisher":{"@id":"https:\/\/www.fcejs.unsl.edu.ar\/#organization"},"image":{"@id":"https:\/\/www.fcejs.unsl.edu.ar\/index.php\/la-fcejs-aprobo-su-calendario-academico-2022\/#primaryimage"},"thumbnailUrl":"https:\/\/www.fcejs.unsl.edu.ar\/wp-content\/uploads\/2022\/02\/CALENDARIO-ACADEMICO-2022-front.jpg","articleSection":["Noticias"],"inLanguage":"es-AR"},{"@type":"WebPage","@id":"https:\/\/www.fcejs.unsl.edu.ar\/index.php\/la-fcejs-aprobo-su-calendario-academico-2022\/","url":"https:\/\/www.fcejs.unsl.edu.ar\/index.php\/la-fcejs-aprobo-su-calendario-academico-2022\/","name":"La FCEJS aprob\u00f3 su Calendario Acad\u00e9mico 2022 - Facultad de Ciencias Econ\u00f3micas, Jur\u00ed\u00addicas y Sociales","isPartOf":{"@id":"https:\/\/www.fcejs.unsl.edu.ar\/#website"},"primaryImageOfPage":{"@id":"https:\/\/www.fcejs.unsl.edu.ar\/index.php\/la-fcejs-aprobo-su-calendario-academico-2022\/#primaryimage"},"image":{"@id":"https:\/\/www.fcejs.unsl.edu.ar\/index.php\/la-fcejs-aprobo-su-calendario-academico-2022\/#primaryimage"},"thumbnailUrl":"https:\/\/www.fcejs.unsl.edu.ar\/wp-content\/uploads\/2022\/02\/CALENDARIO-ACADEMICO-2022-front.jpg","datePublished":"2022-02-24T14:04:16+00:00","dateModified":"2022-03-14T16:27:42+00:00","breadcrumb":{"@id":"https:\/\/www.fcejs.unsl.edu.ar\/index.php\/la-fcejs-aprobo-su-calendario-academico-2022\/#breadcrumb"},"inLanguage":"es-AR","potentialAction":[{"@type":"ReadAction","target":["https:\/\/www.fcejs.unsl.edu.ar\/index.php\/la-fcejs-aprobo-su-calendario-academico-2022\/"]}]},{"@type":"ImageObject","inLanguage":"es-AR","@id":"https:\/\/www.fcejs.unsl.edu.ar\/index.php\/la-fcejs-aprobo-su-calendario-academico-2022\/#primaryimage","url":"https:\/\/www.fcejs.unsl.edu.ar\/wp-content\/uploads\/2022\/02\/CALENDARIO-ACADEMICO-2022-front.jpg","contentUrl":"https:\/\/www.fcejs.unsl.edu.ar\/wp-content\/uploads\/2022\/02\/CALENDARIO-ACADEMICO-2022-front.jpg","width":1148,"height":648},{"@type":"BreadcrumbList","@id":"https:\/\/www.fcejs.unsl.edu.ar\/index.php\/la-fcejs-aprobo-su-calendario-academico-2022\/#breadcrumb","itemListElement":[{"@type":"ListItem","position":1,"name":"Inicio","item":"https:\/\/www.fcejs.unsl.edu.ar\/"},{"@type":"ListItem","position":2,"name":"La FCEJS aprob\u00f3 su Calendario Acad\u00e9mico 2022"}]},{"@type":"WebSite","@id":"https:\/\/www.fcejs.unsl.edu.ar\/#website","url":"https:\/\/www.fcejs.unsl.edu.ar\/","name":"Facultad de Ciencias Econ\u00f3micas, Jur\u00ed\u00addicas y Sociales","description":"","publisher":{"@id":"https:\/\/www.fcejs.unsl.edu.ar\/#organization"},"potentialAction":[{"@type":"SearchAction","target":{"@type":"EntryPoint","urlTemplate":"https:\/\/www.fcejs.unsl.edu.ar\/?s={search_term_string}"},"query-input":{"@type":"PropertyValueSpecification","valueRequired":true,"valueName":"search_term_string"}}],"inLanguage":"es-AR"},{"@type":"Organization","@id":"https:\/\/www.fcejs.unsl.edu.ar\/#organization","name":"Facultad de Ciencias Econ\u00f3micas, Jur\u00eddicas y Sociales","url":"https:\/\/www.fcejs.unsl.edu.ar\/","logo":{"@type":"ImageObject","inLanguage":"es-AR","@id":"https:\/\/www.fcejs.unsl.edu.ar\/#\/schema\/logo\/image\/","url":"https:\/\/www.fcejs.unsl.edu.ar\/wp-content\/uploads\/2021\/03\/logo-1.jpg","contentUrl":"https:\/\/www.fcejs.unsl.edu.ar\/wp-content\/uploads\/2021\/03\/logo-1.jpg","width":471,"height":146,"caption":"Facultad de Ciencias Econ\u00f3micas, Jur\u00eddicas y Sociales"},"image":{"@id":"https:\/\/www.fcejs.unsl.edu.ar\/#\/schema\/logo\/image\/"},"sameAs":["https:\/\/www.facebook.com\/FCEJS.UNSL\/","https:\/\/x.com\/FCEJSUNSL","https:\/\/www.instagram.com\/fcejs.unsl\/","https:\/\/www.youtube.com\/channel\/UCH-Ut6EaN_X5ogjIQMPe46g\/"]},{"@type":"Person","@id":"https:\/\/www.fcejs.unsl.edu.ar\/#\/schema\/person\/352ee6ed90c3f394c7cb5945f8956d34","name":"DATI"}]}},"jetpack_featured_media_url":"https:\/\/www.fcejs.unsl.edu.ar\/wp-content\/uploads\/2022\/02\/CALENDARIO-ACADEMICO-2022-front.jpg","_links":{"self":[{"href":"https:\/\/www.fcejs.unsl.edu.ar\/index.php\/wp-json\/wp\/v2\/posts\/7056","targetHints":{"allow":["GET"]}}],"collection":[{"href":"https:\/\/www.fcejs.unsl.edu.ar\/index.php\/wp-json\/wp\/v2\/posts"}],"about":[{"href":"https:\/\/www.fcejs.unsl.edu.ar\/index.php\/wp-json\/wp\/v2\/types\/post"}],"author":[{"embeddable":true,"href":"https:\/\/www.fcejs.unsl.edu.ar\/index.php\/wp-json\/wp\/v2\/users\/9"}],"replies":[{"embeddable":true,"href":"https:\/\/www.fcejs.unsl.edu.ar\/index.php\/wp-json\/wp\/v2\/comments?post=7056"}],"version-history":[{"count":3,"href":"https:\/\/www.fcejs.unsl.edu.ar\/index.php\/wp-json\/wp\/v2\/posts\/7056\/revisions"}],"predecessor-version":[{"id":7064,"href":"https:\/\/www.fcejs.unsl.edu.ar\/index.php\/wp-json\/wp\/v2\/posts\/7056\/revisions\/7064"}],"wp:featuredmedia":[{"embeddable":true,"href":"https:\/\/www.fcejs.unsl.edu.ar\/index.php\/wp-json\/wp\/v2\/media\/7065"}],"wp:attachment":[{"href":"https:\/\/www.fcejs.unsl.edu.ar\/index.php\/wp-json\/wp\/v2\/media?parent=7056"}],"wp:term":[{"taxonomy":"category","embeddable":true,"href":"https:\/\/www.fcejs.unsl.edu.ar\/index.php\/wp-json\/wp\/v2\/categories?post=7056"},{"taxonomy":"post_tag","embeddable":true,"href":"https:\/\/www.fcejs.unsl.edu.ar\/index.php\/wp-json\/wp\/v2\/tags?post=7056"}],"curies":[{"name":"wp","href":"https:\/\/api.w.org\/{rel}","templated":true}]}}