{"id":7014,"date":"2022-02-21T12:41:40","date_gmt":"2022-02-21T15:41:40","guid":{"rendered":"http:\/\/10.101.10.197\/www\/?p=7014"},"modified":"2022-03-09T11:40:43","modified_gmt":"2022-03-09T14:40:43","slug":"destacada-participacion-del-equipo-de-estudiantes-de-la-fcejs-en-la-competencia-federal-de-arbitraje-ambiental","status":"publish","type":"post","link":"https:\/\/www.fcejs.unsl.edu.ar\/index.php\/destacada-participacion-del-equipo-de-estudiantes-de-la-fcejs-en-la-competencia-federal-de-arbitraje-ambiental\/","title":{"rendered":"Destacada participaci\u00f3n del Equipo de estudiantes de la FCEJS en la Competencia Federal de Arbitraje Ambiental"},"content":{"rendered":"<p>El Equipo de Estudiantes de Abogac\u00eda de la FCEJS logr\u00f3 un destacado desempe\u00f1o en la 1\u00aa Edici\u00f3n de la Competencia Federal de Arbitraje Ambiental, certamen realizado por la Facultad de Derecho de la UBA entre abril y noviembre de 2021, en la que participaron 11 universidades nacionales.<\/p>\n<p>Acorde al informe presentado por el Comit\u00e9 Organizador del certamen, el equipo de la FCEJS logr\u00f3 el Primer Premio al Mejor Memorial Parte Demandada y el Tercer Premio al Mejor Memorial Parte Actora, puesto compartido con la Universidad Nacional de Avellaneda. Cabe destacar que de forma individual y por equipo, los estudiantes lograron una notoria participaci\u00f3n en las audiencias orales, donde defendieron las diferentes posturas (actora o demandada).<\/p>\n<p><img fetchpriority=\"high\" decoding=\"async\" class=\"aligncenter wp-image-7015 size-full\" src=\"https:\/\/www.fcejs.unsl.edu.ar\/wp-content\/uploads\/2022\/02\/equipo-arbitraje-estudiantes-.jpg\" alt=\"\" width=\"1152\" height=\"647\" srcset=\"https:\/\/www.fcejs.unsl.edu.ar\/wp-content\/uploads\/2022\/02\/equipo-arbitraje-estudiantes-.jpg 1152w, https:\/\/www.fcejs.unsl.edu.ar\/wp-content\/uploads\/2022\/02\/equipo-arbitraje-estudiantes--300x168.jpg 300w, https:\/\/www.fcejs.unsl.edu.ar\/wp-content\/uploads\/2022\/02\/equipo-arbitraje-estudiantes--1024x575.jpg 1024w, https:\/\/www.fcejs.unsl.edu.ar\/wp-content\/uploads\/2022\/02\/equipo-arbitraje-estudiantes--768x431.jpg 768w\" sizes=\"(max-width: 1152px) 100vw, 1152px\" \/><\/p>\n<p>A trav\u00e9s de estos ejercicios, las\/los participantes exploraron la aplicaci\u00f3n del derecho a trav\u00e9s de pruebas consistentes en juegos de roles en situaciones ficticias de conflicto pre-armado, bajo la direcci\u00f3n de profesoras\/es de la Facultad de origen y ante la atenta mirada de un prestigioso jurado de especialistas. La Competencia propuso explorar las aplicaciones pr\u00e1cticas del Derecho Ambiental y alentar la capacidad reflexiva y de argumentaci\u00f3n de las\/los participantes.<\/p>\n<p>Al lograr primeros puestos, los estudiantes que integraron el equipo de la FCEJS fueron premiados con becas que les permitir\u00e1n cursar m\u00e1s de una carrera de Especializaci\u00f3n o Maestr\u00eda, Programa o Diplomatura, que se dictan en la Facultad de Derecho de la UBA.<\/p>\n<p>El equipo fue integrado por las y los estudiantes: Jos\u00e9 Domine, I\u00f1aki Echevarr\u00eda Mar\u00eda y Roxana Rocha Aguilera. Como docentes entrenadoras se desempe\u00f1aron las abogadas Mar\u00eda Eugenia P\u00e9rez Cubero e Ivana Romina Muzevich. El Equipo de Formaci\u00f3n y Entrenamiento Interno fue integrado por los docentes H\u00e9ctor Alfredo L\u00e1zzari, Diego Leonardo Castillo, Marta Susana Juli\u00e1, Juan Sebasti\u00e1n Lloret Ramos, Federico Javier Cacace, Mar\u00eda Soledad Rodr\u00edguez, Daniel Gustavo Gorra, Noem\u00ed Lidia Nicolau, Mar\u00eda Amelia Marchisone; los graduadas Yanina Ang\u00e9lica Alaniz, Alfredo Montoya Schonfeld, Micaela Soledad Rosales, Camila Natal\u00ed Gouffier; con el apoyo de los estudiantes Jimena Mur, Dalma Liz Alonso y Roc\u00edo Ayel\u00e9n Leyes.<\/p>\n","protected":false},"excerpt":{"rendered":"<p>El Equipo de Estudiantes de Abogac\u00eda de la FCEJS logr\u00f3 un destacado desempe\u00f1o en la 1\u00aa Edici\u00f3n de la Competencia Federal de Arbitraje Ambiental, certamen&hellip;<\/p>\n","protected":false},"author":9,"featured_media":6171,"comment_status":"closed","ping_status":"closed","sticky":false,"template":"","format":"standard","meta":{"om_disable_all_campaigns":false,"_monsterinsights_skip_tracking":false,"_monsterinsights_sitenote_active":false,"_monsterinsights_sitenote_note":"","_monsterinsights_sitenote_category":0,"footnotes":""},"categories":[1],"tags":[],"class_list":["post-7014","post","type-post","status-publish","format-standard","has-post-thumbnail","hentry","category-noticias"],"yoast_head":"<!-- This site is optimized with the Yoast SEO plugin v27.5 - https:\/\/yoast.com\/product\/yoast-seo-wordpress\/ -->\n<title>Destacada participaci\u00f3n del Equipo de estudiantes de la FCEJS en la Competencia Federal de Arbitraje Ambiental - Facultad de Ciencias Econ\u00f3micas, Jur\u00ed\u00addicas y Sociales<\/title>\n<meta name=\"robots\" content=\"index, follow, max-snippet:-1, max-image-preview:large, max-video-preview:-1\" \/>\n<link rel=\"canonical\" href=\"https:\/\/www.fcejs.unsl.edu.ar\/index.php\/destacada-participacion-del-equipo-de-estudiantes-de-la-fcejs-en-la-competencia-federal-de-arbitraje-ambiental\/\" \/>\n<meta property=\"og:locale\" content=\"es_ES\" \/>\n<meta property=\"og:type\" content=\"article\" \/>\n<meta property=\"og:title\" content=\"Destacada participaci\u00f3n del Equipo de estudiantes de la FCEJS en la Competencia Federal de Arbitraje Ambiental - Facultad de Ciencias Econ\u00f3micas, Jur\u00ed\u00addicas y Sociales\" \/>\n<meta property=\"og:description\" content=\"El Equipo de Estudiantes de Abogac\u00eda de la FCEJS logr\u00f3 un destacado desempe\u00f1o en la 1\u00aa Edici\u00f3n de la Competencia Federal de Arbitraje Ambiental, certamen&hellip;\" \/>\n<meta property=\"og:url\" content=\"https:\/\/www.fcejs.unsl.edu.ar\/index.php\/destacada-participacion-del-equipo-de-estudiantes-de-la-fcejs-en-la-competencia-federal-de-arbitraje-ambiental\/\" \/>\n<meta property=\"og:site_name\" content=\"Facultad de Ciencias Econ\u00f3micas, Jur\u00ed\u00addicas y Sociales\" \/>\n<meta property=\"article:publisher\" content=\"https:\/\/www.facebook.com\/FCEJS.UNSL\/\" \/>\n<meta property=\"article:published_time\" content=\"2022-02-21T15:41:40+00:00\" \/>\n<meta property=\"article:modified_time\" content=\"2022-03-09T14:40:43+00:00\" \/>\n<meta property=\"og:image\" content=\"https:\/\/www.fcejs.unsl.edu.ar\/wp-content\/uploads\/2021\/11\/equipo-litigacion.jpg\" \/>\n\t<meta property=\"og:image:width\" content=\"1152\" \/>\n\t<meta property=\"og:image:height\" content=\"647\" \/>\n\t<meta property=\"og:image:type\" content=\"image\/jpeg\" \/>\n<meta name=\"author\" content=\"DATI\" \/>\n<meta name=\"twitter:card\" content=\"summary_large_image\" \/>\n<meta name=\"twitter:creator\" content=\"@FCEJSUNSL\" \/>\n<meta name=\"twitter:site\" content=\"@FCEJSUNSL\" \/>\n<meta name=\"twitter:label1\" content=\"Escrito por\" \/>\n\t<meta name=\"twitter:data1\" content=\"DATI\" \/>\n\t<meta name=\"twitter:label2\" content=\"Tiempo de lectura\" \/>\n\t<meta name=\"twitter:data2\" content=\"2 minutos\" \/>\n<script type=\"application\/ld+json\" class=\"yoast-schema-graph\">{\"@context\":\"https:\\\/\\\/schema.org\",\"@graph\":[{\"@type\":\"Article\",\"@id\":\"https:\\\/\\\/www.fcejs.unsl.edu.ar\\\/index.php\\\/destacada-participacion-del-equipo-de-estudiantes-de-la-fcejs-en-la-competencia-federal-de-arbitraje-ambiental\\\/#article\",\"isPartOf\":{\"@id\":\"https:\\\/\\\/www.fcejs.unsl.edu.ar\\\/index.php\\\/destacada-participacion-del-equipo-de-estudiantes-de-la-fcejs-en-la-competencia-federal-de-arbitraje-ambiental\\\/\"},\"author\":{\"name\":\"DATI\",\"@id\":\"https:\\\/\\\/www.fcejs.unsl.edu.ar\\\/#\\\/schema\\\/person\\\/352ee6ed90c3f394c7cb5945f8956d34\"},\"headline\":\"Destacada participaci\u00f3n del Equipo de estudiantes de la FCEJS en la Competencia Federal de Arbitraje Ambiental\",\"datePublished\":\"2022-02-21T15:41:40+00:00\",\"dateModified\":\"2022-03-09T14:40:43+00:00\",\"mainEntityOfPage\":{\"@id\":\"https:\\\/\\\/www.fcejs.unsl.edu.ar\\\/index.php\\\/destacada-participacion-del-equipo-de-estudiantes-de-la-fcejs-en-la-competencia-federal-de-arbitraje-ambiental\\\/\"},\"wordCount\":376,\"publisher\":{\"@id\":\"https:\\\/\\\/www.fcejs.unsl.edu.ar\\\/#organization\"},\"image\":{\"@id\":\"https:\\\/\\\/www.fcejs.unsl.edu.ar\\\/index.php\\\/destacada-participacion-del-equipo-de-estudiantes-de-la-fcejs-en-la-competencia-federal-de-arbitraje-ambiental\\\/#primaryimage\"},\"thumbnailUrl\":\"https:\\\/\\\/www.fcejs.unsl.edu.ar\\\/wp-content\\\/uploads\\\/2021\\\/11\\\/equipo-litigacion.jpg\",\"articleSection\":[\"Noticias\"],\"inLanguage\":\"es-AR\"},{\"@type\":\"WebPage\",\"@id\":\"https:\\\/\\\/www.fcejs.unsl.edu.ar\\\/index.php\\\/destacada-participacion-del-equipo-de-estudiantes-de-la-fcejs-en-la-competencia-federal-de-arbitraje-ambiental\\\/\",\"url\":\"https:\\\/\\\/www.fcejs.unsl.edu.ar\\\/index.php\\\/destacada-participacion-del-equipo-de-estudiantes-de-la-fcejs-en-la-competencia-federal-de-arbitraje-ambiental\\\/\",\"name\":\"Destacada participaci\u00f3n del Equipo de estudiantes de la FCEJS en la Competencia Federal de Arbitraje Ambiental - Facultad de Ciencias Econ\u00f3micas, Jur\u00ed\u00addicas y Sociales\",\"isPartOf\":{\"@id\":\"https:\\\/\\\/www.fcejs.unsl.edu.ar\\\/#website\"},\"primaryImageOfPage\":{\"@id\":\"https:\\\/\\\/www.fcejs.unsl.edu.ar\\\/index.php\\\/destacada-participacion-del-equipo-de-estudiantes-de-la-fcejs-en-la-competencia-federal-de-arbitraje-ambiental\\\/#primaryimage\"},\"image\":{\"@id\":\"https:\\\/\\\/www.fcejs.unsl.edu.ar\\\/index.php\\\/destacada-participacion-del-equipo-de-estudiantes-de-la-fcejs-en-la-competencia-federal-de-arbitraje-ambiental\\\/#primaryimage\"},\"thumbnailUrl\":\"https:\\\/\\\/www.fcejs.unsl.edu.ar\\\/wp-content\\\/uploads\\\/2021\\\/11\\\/equipo-litigacion.jpg\",\"datePublished\":\"2022-02-21T15:41:40+00:00\",\"dateModified\":\"2022-03-09T14:40:43+00:00\",\"breadcrumb\":{\"@id\":\"https:\\\/\\\/www.fcejs.unsl.edu.ar\\\/index.php\\\/destacada-participacion-del-equipo-de-estudiantes-de-la-fcejs-en-la-competencia-federal-de-arbitraje-ambiental\\\/#breadcrumb\"},\"inLanguage\":\"es-AR\",\"potentialAction\":[{\"@type\":\"ReadAction\",\"target\":[\"https:\\\/\\\/www.fcejs.unsl.edu.ar\\\/index.php\\\/destacada-participacion-del-equipo-de-estudiantes-de-la-fcejs-en-la-competencia-federal-de-arbitraje-ambiental\\\/\"]}]},{\"@type\":\"ImageObject\",\"inLanguage\":\"es-AR\",\"@id\":\"https:\\\/\\\/www.fcejs.unsl.edu.ar\\\/index.php\\\/destacada-participacion-del-equipo-de-estudiantes-de-la-fcejs-en-la-competencia-federal-de-arbitraje-ambiental\\\/#primaryimage\",\"url\":\"https:\\\/\\\/www.fcejs.unsl.edu.ar\\\/wp-content\\\/uploads\\\/2021\\\/11\\\/equipo-litigacion.jpg\",\"contentUrl\":\"https:\\\/\\\/www.fcejs.unsl.edu.ar\\\/wp-content\\\/uploads\\\/2021\\\/11\\\/equipo-litigacion.jpg\",\"width\":1152,\"height\":647},{\"@type\":\"BreadcrumbList\",\"@id\":\"https:\\\/\\\/www.fcejs.unsl.edu.ar\\\/index.php\\\/destacada-participacion-del-equipo-de-estudiantes-de-la-fcejs-en-la-competencia-federal-de-arbitraje-ambiental\\\/#breadcrumb\",\"itemListElement\":[{\"@type\":\"ListItem\",\"position\":1,\"name\":\"Inicio\",\"item\":\"https:\\\/\\\/www.fcejs.unsl.edu.ar\\\/\"},{\"@type\":\"ListItem\",\"position\":2,\"name\":\"Destacada participaci\u00f3n del Equipo de estudiantes de la FCEJS en la Competencia Federal de Arbitraje Ambiental\"}]},{\"@type\":\"WebSite\",\"@id\":\"https:\\\/\\\/www.fcejs.unsl.edu.ar\\\/#website\",\"url\":\"https:\\\/\\\/www.fcejs.unsl.edu.ar\\\/\",\"name\":\"Facultad de Ciencias Econ\u00f3micas, Jur\u00ed\u00addicas y Sociales\",\"description\":\"\",\"publisher\":{\"@id\":\"https:\\\/\\\/www.fcejs.unsl.edu.ar\\\/#organization\"},\"potentialAction\":[{\"@type\":\"SearchAction\",\"target\":{\"@type\":\"EntryPoint\",\"urlTemplate\":\"https:\\\/\\\/www.fcejs.unsl.edu.ar\\\/?s={search_term_string}\"},\"query-input\":{\"@type\":\"PropertyValueSpecification\",\"valueRequired\":true,\"valueName\":\"search_term_string\"}}],\"inLanguage\":\"es-AR\"},{\"@type\":\"Organization\",\"@id\":\"https:\\\/\\\/www.fcejs.unsl.edu.ar\\\/#organization\",\"name\":\"Facultad de Ciencias Econ\u00f3micas, Jur\u00eddicas y Sociales\",\"url\":\"https:\\\/\\\/www.fcejs.unsl.edu.ar\\\/\",\"logo\":{\"@type\":\"ImageObject\",\"inLanguage\":\"es-AR\",\"@id\":\"https:\\\/\\\/www.fcejs.unsl.edu.ar\\\/#\\\/schema\\\/logo\\\/image\\\/\",\"url\":\"https:\\\/\\\/www.fcejs.unsl.edu.ar\\\/wp-content\\\/uploads\\\/2021\\\/03\\\/logo-1.jpg\",\"contentUrl\":\"https:\\\/\\\/www.fcejs.unsl.edu.ar\\\/wp-content\\\/uploads\\\/2021\\\/03\\\/logo-1.jpg\",\"width\":471,\"height\":146,\"caption\":\"Facultad de Ciencias Econ\u00f3micas, Jur\u00eddicas y Sociales\"},\"image\":{\"@id\":\"https:\\\/\\\/www.fcejs.unsl.edu.ar\\\/#\\\/schema\\\/logo\\\/image\\\/\"},\"sameAs\":[\"https:\\\/\\\/www.facebook.com\\\/FCEJS.UNSL\\\/\",\"https:\\\/\\\/x.com\\\/FCEJSUNSL\",\"https:\\\/\\\/www.instagram.com\\\/fcejs.unsl\\\/\",\"https:\\\/\\\/www.youtube.com\\\/channel\\\/UCH-Ut6EaN_X5ogjIQMPe46g\\\/\"]},{\"@type\":\"Person\",\"@id\":\"https:\\\/\\\/www.fcejs.unsl.edu.ar\\\/#\\\/schema\\\/person\\\/352ee6ed90c3f394c7cb5945f8956d34\",\"name\":\"DATI\"}]}<\/script>\n<!-- \/ Yoast SEO plugin. -->","yoast_head_json":{"title":"Destacada participaci\u00f3n del Equipo de estudiantes de la FCEJS en la Competencia Federal de Arbitraje Ambiental - Facultad de Ciencias Econ\u00f3micas, Jur\u00ed\u00addicas y Sociales","robots":{"index":"index","follow":"follow","max-snippet":"max-snippet:-1","max-image-preview":"max-image-preview:large","max-video-preview":"max-video-preview:-1"},"canonical":"https:\/\/www.fcejs.unsl.edu.ar\/index.php\/destacada-participacion-del-equipo-de-estudiantes-de-la-fcejs-en-la-competencia-federal-de-arbitraje-ambiental\/","og_locale":"es_ES","og_type":"article","og_title":"Destacada participaci\u00f3n del Equipo de estudiantes de la FCEJS en la Competencia Federal de Arbitraje Ambiental - Facultad de Ciencias Econ\u00f3micas, Jur\u00ed\u00addicas y Sociales","og_description":"El Equipo de Estudiantes de Abogac\u00eda de la FCEJS logr\u00f3 un destacado desempe\u00f1o en la 1\u00aa Edici\u00f3n de la Competencia Federal de Arbitraje Ambiental, certamen&hellip;","og_url":"https:\/\/www.fcejs.unsl.edu.ar\/index.php\/destacada-participacion-del-equipo-de-estudiantes-de-la-fcejs-en-la-competencia-federal-de-arbitraje-ambiental\/","og_site_name":"Facultad de Ciencias Econ\u00f3micas, Jur\u00ed\u00addicas y Sociales","article_publisher":"https:\/\/www.facebook.com\/FCEJS.UNSL\/","article_published_time":"2022-02-21T15:41:40+00:00","article_modified_time":"2022-03-09T14:40:43+00:00","og_image":[{"width":1152,"height":647,"url":"https:\/\/www.fcejs.unsl.edu.ar\/wp-content\/uploads\/2021\/11\/equipo-litigacion.jpg","type":"image\/jpeg"}],"author":"DATI","twitter_card":"summary_large_image","twitter_creator":"@FCEJSUNSL","twitter_site":"@FCEJSUNSL","twitter_misc":{"Escrito por":"DATI","Tiempo de lectura":"2 minutos"},"schema":{"@context":"https:\/\/schema.org","@graph":[{"@type":"Article","@id":"https:\/\/www.fcejs.unsl.edu.ar\/index.php\/destacada-participacion-del-equipo-de-estudiantes-de-la-fcejs-en-la-competencia-federal-de-arbitraje-ambiental\/#article","isPartOf":{"@id":"https:\/\/www.fcejs.unsl.edu.ar\/index.php\/destacada-participacion-del-equipo-de-estudiantes-de-la-fcejs-en-la-competencia-federal-de-arbitraje-ambiental\/"},"author":{"name":"DATI","@id":"https:\/\/www.fcejs.unsl.edu.ar\/#\/schema\/person\/352ee6ed90c3f394c7cb5945f8956d34"},"headline":"Destacada participaci\u00f3n del Equipo de estudiantes de la FCEJS en la Competencia Federal de Arbitraje Ambiental","datePublished":"2022-02-21T15:41:40+00:00","dateModified":"2022-03-09T14:40:43+00:00","mainEntityOfPage":{"@id":"https:\/\/www.fcejs.unsl.edu.ar\/index.php\/destacada-participacion-del-equipo-de-estudiantes-de-la-fcejs-en-la-competencia-federal-de-arbitraje-ambiental\/"},"wordCount":376,"publisher":{"@id":"https:\/\/www.fcejs.unsl.edu.ar\/#organization"},"image":{"@id":"https:\/\/www.fcejs.unsl.edu.ar\/index.php\/destacada-participacion-del-equipo-de-estudiantes-de-la-fcejs-en-la-competencia-federal-de-arbitraje-ambiental\/#primaryimage"},"thumbnailUrl":"https:\/\/www.fcejs.unsl.edu.ar\/wp-content\/uploads\/2021\/11\/equipo-litigacion.jpg","articleSection":["Noticias"],"inLanguage":"es-AR"},{"@type":"WebPage","@id":"https:\/\/www.fcejs.unsl.edu.ar\/index.php\/destacada-participacion-del-equipo-de-estudiantes-de-la-fcejs-en-la-competencia-federal-de-arbitraje-ambiental\/","url":"https:\/\/www.fcejs.unsl.edu.ar\/index.php\/destacada-participacion-del-equipo-de-estudiantes-de-la-fcejs-en-la-competencia-federal-de-arbitraje-ambiental\/","name":"Destacada participaci\u00f3n del Equipo de estudiantes de la FCEJS en la Competencia Federal de Arbitraje Ambiental - Facultad de Ciencias Econ\u00f3micas, Jur\u00ed\u00addicas y Sociales","isPartOf":{"@id":"https:\/\/www.fcejs.unsl.edu.ar\/#website"},"primaryImageOfPage":{"@id":"https:\/\/www.fcejs.unsl.edu.ar\/index.php\/destacada-participacion-del-equipo-de-estudiantes-de-la-fcejs-en-la-competencia-federal-de-arbitraje-ambiental\/#primaryimage"},"image":{"@id":"https:\/\/www.fcejs.unsl.edu.ar\/index.php\/destacada-participacion-del-equipo-de-estudiantes-de-la-fcejs-en-la-competencia-federal-de-arbitraje-ambiental\/#primaryimage"},"thumbnailUrl":"https:\/\/www.fcejs.unsl.edu.ar\/wp-content\/uploads\/2021\/11\/equipo-litigacion.jpg","datePublished":"2022-02-21T15:41:40+00:00","dateModified":"2022-03-09T14:40:43+00:00","breadcrumb":{"@id":"https:\/\/www.fcejs.unsl.edu.ar\/index.php\/destacada-participacion-del-equipo-de-estudiantes-de-la-fcejs-en-la-competencia-federal-de-arbitraje-ambiental\/#breadcrumb"},"inLanguage":"es-AR","potentialAction":[{"@type":"ReadAction","target":["https:\/\/www.fcejs.unsl.edu.ar\/index.php\/destacada-participacion-del-equipo-de-estudiantes-de-la-fcejs-en-la-competencia-federal-de-arbitraje-ambiental\/"]}]},{"@type":"ImageObject","inLanguage":"es-AR","@id":"https:\/\/www.fcejs.unsl.edu.ar\/index.php\/destacada-participacion-del-equipo-de-estudiantes-de-la-fcejs-en-la-competencia-federal-de-arbitraje-ambiental\/#primaryimage","url":"https:\/\/www.fcejs.unsl.edu.ar\/wp-content\/uploads\/2021\/11\/equipo-litigacion.jpg","contentUrl":"https:\/\/www.fcejs.unsl.edu.ar\/wp-content\/uploads\/2021\/11\/equipo-litigacion.jpg","width":1152,"height":647},{"@type":"BreadcrumbList","@id":"https:\/\/www.fcejs.unsl.edu.ar\/index.php\/destacada-participacion-del-equipo-de-estudiantes-de-la-fcejs-en-la-competencia-federal-de-arbitraje-ambiental\/#breadcrumb","itemListElement":[{"@type":"ListItem","position":1,"name":"Inicio","item":"https:\/\/www.fcejs.unsl.edu.ar\/"},{"@type":"ListItem","position":2,"name":"Destacada participaci\u00f3n del Equipo de estudiantes de la FCEJS en la Competencia Federal de Arbitraje Ambiental"}]},{"@type":"WebSite","@id":"https:\/\/www.fcejs.unsl.edu.ar\/#website","url":"https:\/\/www.fcejs.unsl.edu.ar\/","name":"Facultad de Ciencias Econ\u00f3micas, Jur\u00ed\u00addicas y Sociales","description":"","publisher":{"@id":"https:\/\/www.fcejs.unsl.edu.ar\/#organization"},"potentialAction":[{"@type":"SearchAction","target":{"@type":"EntryPoint","urlTemplate":"https:\/\/www.fcejs.unsl.edu.ar\/?s={search_term_string}"},"query-input":{"@type":"PropertyValueSpecification","valueRequired":true,"valueName":"search_term_string"}}],"inLanguage":"es-AR"},{"@type":"Organization","@id":"https:\/\/www.fcejs.unsl.edu.ar\/#organization","name":"Facultad de Ciencias Econ\u00f3micas, Jur\u00eddicas y Sociales","url":"https:\/\/www.fcejs.unsl.edu.ar\/","logo":{"@type":"ImageObject","inLanguage":"es-AR","@id":"https:\/\/www.fcejs.unsl.edu.ar\/#\/schema\/logo\/image\/","url":"https:\/\/www.fcejs.unsl.edu.ar\/wp-content\/uploads\/2021\/03\/logo-1.jpg","contentUrl":"https:\/\/www.fcejs.unsl.edu.ar\/wp-content\/uploads\/2021\/03\/logo-1.jpg","width":471,"height":146,"caption":"Facultad de Ciencias Econ\u00f3micas, Jur\u00eddicas y Sociales"},"image":{"@id":"https:\/\/www.fcejs.unsl.edu.ar\/#\/schema\/logo\/image\/"},"sameAs":["https:\/\/www.facebook.com\/FCEJS.UNSL\/","https:\/\/x.com\/FCEJSUNSL","https:\/\/www.instagram.com\/fcejs.unsl\/","https:\/\/www.youtube.com\/channel\/UCH-Ut6EaN_X5ogjIQMPe46g\/"]},{"@type":"Person","@id":"https:\/\/www.fcejs.unsl.edu.ar\/#\/schema\/person\/352ee6ed90c3f394c7cb5945f8956d34","name":"DATI"}]}},"jetpack_featured_media_url":"https:\/\/www.fcejs.unsl.edu.ar\/wp-content\/uploads\/2021\/11\/equipo-litigacion.jpg","_links":{"self":[{"href":"https:\/\/www.fcejs.unsl.edu.ar\/index.php\/wp-json\/wp\/v2\/posts\/7014","targetHints":{"allow":["GET"]}}],"collection":[{"href":"https:\/\/www.fcejs.unsl.edu.ar\/index.php\/wp-json\/wp\/v2\/posts"}],"about":[{"href":"https:\/\/www.fcejs.unsl.edu.ar\/index.php\/wp-json\/wp\/v2\/types\/post"}],"author":[{"embeddable":true,"href":"https:\/\/www.fcejs.unsl.edu.ar\/index.php\/wp-json\/wp\/v2\/users\/9"}],"replies":[{"embeddable":true,"href":"https:\/\/www.fcejs.unsl.edu.ar\/index.php\/wp-json\/wp\/v2\/comments?post=7014"}],"version-history":[{"count":4,"href":"https:\/\/www.fcejs.unsl.edu.ar\/index.php\/wp-json\/wp\/v2\/posts\/7014\/revisions"}],"predecessor-version":[{"id":7045,"href":"https:\/\/www.fcejs.unsl.edu.ar\/index.php\/wp-json\/wp\/v2\/posts\/7014\/revisions\/7045"}],"wp:featuredmedia":[{"embeddable":true,"href":"https:\/\/www.fcejs.unsl.edu.ar\/index.php\/wp-json\/wp\/v2\/media\/6171"}],"wp:attachment":[{"href":"https:\/\/www.fcejs.unsl.edu.ar\/index.php\/wp-json\/wp\/v2\/media?parent=7014"}],"wp:term":[{"taxonomy":"category","embeddable":true,"href":"https:\/\/www.fcejs.unsl.edu.ar\/index.php\/wp-json\/wp\/v2\/categories?post=7014"},{"taxonomy":"post_tag","embeddable":true,"href":"https:\/\/www.fcejs.unsl.edu.ar\/index.php\/wp-json\/wp\/v2\/tags?post=7014"}],"curies":[{"name":"wp","href":"https:\/\/api.w.org\/{rel}","templated":true}]}}