{"id":6782,"date":"2021-12-23T17:29:50","date_gmt":"2021-12-23T20:29:50","guid":{"rendered":"http:\/\/10.101.10.197\/www\/?p=6782"},"modified":"2022-02-22T09:25:33","modified_gmt":"2022-02-22T12:25:33","slug":"firma-de-convenio-inicio-de-obra-edificio-25-de-mayo-centro-academico-cultural","status":"publish","type":"post","link":"https:\/\/www.fcejs.unsl.edu.ar\/index.php\/firma-de-convenio-inicio-de-obra-edificio-25-de-mayo-centro-academico-cultural\/","title":{"rendered":"Firma de Convenio \u201cInicio de Obra Edificio 25 de Mayo Centro Acad\u00e9mico Cultural\u201d"},"content":{"rendered":"<p>La Universidad dentro de las pol\u00edticas de gesti\u00f3n, tiene un gran inter\u00e9s por el mantenimiento y revalorizaci\u00f3n de la infraestructura edilicia que la componen. Acorde a esta l\u00ednea, el Centro Universitario Villa Mercedes contar\u00e1 con una obra hist\u00f3rica impulsada por la UNSL junto al Gobierno Provincial, en la que se invertir\u00e1n alrededor de 700 millones para la revalorizaci\u00f3n y mantenimiento del Edificio de 25 de Mayo, patrimonio hist\u00f3rico de 100 a\u00f1os de la ciudad de Villa Mercedes.<\/p>\n<p>En el marco de lo previsto en los convenios N\u00b0 179\/94 y N\u00b0216\/96 firmados con el Gobierno de la Provincia de San Luis a trav\u00e9s del Ministerio de Obras P\u00fablicas e Infraestructura y la UNSL, en la ma\u00f1ana del jueves 23 de diciembre de 2021, se llev\u00f3 a cabo la Firma de Convenio Inicio de Obra Edificio 25 de Mayo Centro Acad\u00e9mico Cultural (CENAC). La r\u00fabrica fue plasmada por el Ministro de Obras P\u00fablicas e Infraestructura de la Provincia, Dr. Alberto Jos\u00e9 Rodr\u00edguez Sa\u00e1 y el Rector de la UNSL, CPN Victor Mori\u00f1igo. Este acto protocolar fue realizado en las instalaciones del Instituto Escuela de Econom\u00eda, Negocios y Transferencia Tecnol\u00f3gica, con la presencia de autoridades provinciales, municipales, universitarias, docentes, nodocentes y p\u00fablico en general.<\/p>\n<p><img fetchpriority=\"high\" decoding=\"async\" class=\"aligncenter size-full wp-image-6783\" src=\"https:\/\/www.fcejs.unsl.edu.ar\/wp-content\/uploads\/2021\/12\/firma-25-demayo-fica-01.jpg\" alt=\"\" width=\"812\" height=\"607\" srcset=\"https:\/\/www.fcejs.unsl.edu.ar\/wp-content\/uploads\/2021\/12\/firma-25-demayo-fica-01.jpg 812w, https:\/\/www.fcejs.unsl.edu.ar\/wp-content\/uploads\/2021\/12\/firma-25-demayo-fica-01-300x224.jpg 300w, https:\/\/www.fcejs.unsl.edu.ar\/wp-content\/uploads\/2021\/12\/firma-25-demayo-fica-01-768x574.jpg 768w\" sizes=\"(max-width: 812px) 100vw, 812px\" \/><\/p>\n<p>Previo a la firma, el Licenciado en Historia Ricardo Ulises Miranda brind\u00f3 una semblanza sobre la historia del edificio, donde destac\u00f3 el rol importante que atraves\u00f3 en la vida de varias generaciones de villamercedinos y de sanluise\u00f1os. Consider\u00f3 valioso que esta obra surja por el trabajo en conjunto entre la UNSL y la provincia, en pos de la preservaci\u00f3n de la historia de la ciudad.<\/p>\n<p>A continuaci\u00f3n, el Jefe del Programa de Obras de Arquitectura del Gobierno, Lucas Caymes coment\u00f3 todos los aspectos que conforma el proyecto de renovaci\u00f3n y preservaci\u00f3n. Explic\u00f3 que el acuerdo firmado propone la puesta en valor y la preservaci\u00f3n del edificio con la construcci\u00f3n de obras nuevas, entre ellas la edificaci\u00f3n de dos auditorios (uno con 440 butacas y otro con 240), escenario, camarines, sanitarios y dep\u00f3sitos general para las salas. Tambi\u00e9n, el gobierno propone construir infraestructura destinada a actividades culturales y universitarias. Se realizar\u00e1n residencias estudiantiles, sal\u00f3n comedor, salas de estudio, oficinas con destino a Centros de Estudiantes y un espacio de coworking.<img decoding=\"async\" class=\"aligncenter size-full wp-image-6784\" src=\"https:\/\/www.fcejs.unsl.edu.ar\/wp-content\/uploads\/2021\/12\/firma-25-demayo-fica-02.jpg\" alt=\"\" width=\"812\" height=\"607\" srcset=\"https:\/\/www.fcejs.unsl.edu.ar\/wp-content\/uploads\/2021\/12\/firma-25-demayo-fica-02.jpg 812w, https:\/\/www.fcejs.unsl.edu.ar\/wp-content\/uploads\/2021\/12\/firma-25-demayo-fica-02-300x224.jpg 300w, https:\/\/www.fcejs.unsl.edu.ar\/wp-content\/uploads\/2021\/12\/firma-25-demayo-fica-02-768x574.jpg 768w\" sizes=\"(max-width: 812px) 100vw, 812px\" \/><\/p>\n<p>El acto continu\u00f3 con unas breves palabras brindadas por el Vicerrector de la UNSL, Mgtr. H\u00e9ctor Flores, quien destac\u00f3 la importancia de la preservaci\u00f3n del edificio, ya que cumpli\u00f3 un rol significativo para la comunidad universitaria a lo largo de los a\u00f1os. \u201cEste proyecto permitir\u00e1 que la UNSL devuelva al pueblo un edificio que le pertenece, y acompa\u00f1ar las nuevas obras que se impulsar\u00e1n en Villa Mercedes\u201d, expres\u00f3 el Vicerrector.<\/p>\n<p><img decoding=\"async\" class=\"aligncenter size-full wp-image-6785\" src=\"https:\/\/www.fcejs.unsl.edu.ar\/wp-content\/uploads\/2021\/12\/firma-25-demayo-fica-03.jpg\" alt=\"\" width=\"813\" height=\"597\" srcset=\"https:\/\/www.fcejs.unsl.edu.ar\/wp-content\/uploads\/2021\/12\/firma-25-demayo-fica-03.jpg 813w, https:\/\/www.fcejs.unsl.edu.ar\/wp-content\/uploads\/2021\/12\/firma-25-demayo-fica-03-300x220.jpg 300w, https:\/\/www.fcejs.unsl.edu.ar\/wp-content\/uploads\/2021\/12\/firma-25-demayo-fica-03-768x564.jpg 768w\" sizes=\"(max-width: 813px) 100vw, 813px\" \/><\/p>\n<p>Luego de la firma y como cierre del acto, el Rector de la UNSL, CPN V\u00edctor Mori\u00f1igo, enunci\u00f3 que acepta el desaf\u00edo, la responsabilidad y el riesgo que significa la concreci\u00f3n de esta obra, con el v\u00ednculo necesario del gobierno de la provincia, ya que \u201cno se puede desistir del razonamiento, de que la UNSL jam\u00e1s podr\u00eda haber realizado esta obra sin el apoyo del gobierno. Ser\u00e1 importante que la universidad pueda contar con los espacios necesarios para realizar eventos acad\u00e9micos y de extensi\u00f3n. Tambi\u00e9n, es una forma de reconocer a la gente que nos antecedi\u00f3 y que prestaron su servicio. Que ese edificio haya sido un hospital, luego una universidad y termine siendo un centro cultural, es muy importante para nosotros. Es la apertura universitaria por la cual nosotros bregamos\u201d, remarc\u00f3 el Rector para luego solicitarle formalmente al Intendente de Villa Mercedes, Abg. Maximiliano Frontera que se establezca a principios del 2022 un concurso abierto para \u201cencontrar un nombre emblem\u00e1tico al nuevo centro culturar, que nos reuna todos en comuni\u00f3n y podamos identificarnos positivamente como un lugar de mucha fuerza para la comunidad de Villa Mercedes\u201d.<\/p>\n<p><img loading=\"lazy\" decoding=\"async\" class=\"aligncenter size-full wp-image-6786\" src=\"https:\/\/www.fcejs.unsl.edu.ar\/wp-content\/uploads\/2021\/12\/firma-25-demayo-fica-04.jpg\" alt=\"\" width=\"805\" height=\"597\" srcset=\"https:\/\/www.fcejs.unsl.edu.ar\/wp-content\/uploads\/2021\/12\/firma-25-demayo-fica-04.jpg 805w, https:\/\/www.fcejs.unsl.edu.ar\/wp-content\/uploads\/2021\/12\/firma-25-demayo-fica-04-300x222.jpg 300w, https:\/\/www.fcejs.unsl.edu.ar\/wp-content\/uploads\/2021\/12\/firma-25-demayo-fica-04-768x570.jpg 768w\" sizes=\"(max-width: 805px) 100vw, 805px\" \/><\/p>\n","protected":false},"excerpt":{"rendered":"<p>La Universidad dentro de las pol\u00edticas de gesti\u00f3n, tiene un gran inter\u00e9s por el mantenimiento y revalorizaci\u00f3n de la infraestructura edilicia que la componen. Acorde&hellip;<\/p>\n","protected":false},"author":9,"featured_media":6790,"comment_status":"closed","ping_status":"closed","sticky":false,"template":"","format":"standard","meta":{"om_disable_all_campaigns":false,"_monsterinsights_skip_tracking":false,"_monsterinsights_sitenote_active":false,"_monsterinsights_sitenote_note":"","_monsterinsights_sitenote_category":0,"footnotes":""},"categories":[1],"tags":[],"class_list":["post-6782","post","type-post","status-publish","format-standard","has-post-thumbnail","hentry","category-noticias"],"yoast_head":"<!-- This site is optimized with the Yoast SEO plugin v27.4 - https:\/\/yoast.com\/product\/yoast-seo-wordpress\/ -->\n<title>Firma de Convenio \u201cInicio de Obra Edificio 25 de Mayo Centro Acad\u00e9mico Cultural\u201d - Facultad de Ciencias Econ\u00f3micas, Jur\u00ed\u00addicas y Sociales<\/title>\n<meta name=\"robots\" content=\"index, follow, max-snippet:-1, max-image-preview:large, max-video-preview:-1\" \/>\n<link rel=\"canonical\" href=\"https:\/\/www.fcejs.unsl.edu.ar\/index.php\/firma-de-convenio-inicio-de-obra-edificio-25-de-mayo-centro-academico-cultural\/\" \/>\n<meta property=\"og:locale\" content=\"es_ES\" \/>\n<meta property=\"og:type\" content=\"article\" \/>\n<meta property=\"og:title\" content=\"Firma de Convenio \u201cInicio de Obra Edificio 25 de Mayo Centro Acad\u00e9mico Cultural\u201d - Facultad de Ciencias Econ\u00f3micas, Jur\u00ed\u00addicas y Sociales\" \/>\n<meta property=\"og:description\" content=\"La Universidad dentro de las pol\u00edticas de gesti\u00f3n, tiene un gran inter\u00e9s por el mantenimiento y revalorizaci\u00f3n de la infraestructura edilicia que la componen. Acorde&hellip;\" \/>\n<meta property=\"og:url\" content=\"https:\/\/www.fcejs.unsl.edu.ar\/index.php\/firma-de-convenio-inicio-de-obra-edificio-25-de-mayo-centro-academico-cultural\/\" \/>\n<meta property=\"og:site_name\" content=\"Facultad de Ciencias Econ\u00f3micas, Jur\u00ed\u00addicas y Sociales\" \/>\n<meta property=\"article:publisher\" content=\"https:\/\/www.facebook.com\/FCEJS.UNSL\/\" \/>\n<meta property=\"article:published_time\" content=\"2021-12-23T20:29:50+00:00\" \/>\n<meta property=\"article:modified_time\" content=\"2022-02-22T12:25:33+00:00\" \/>\n<meta property=\"og:image\" content=\"https:\/\/www.fcejs.unsl.edu.ar\/wp-content\/uploads\/2021\/12\/firma-25-demayo-fica-front.jpg\" \/>\n\t<meta property=\"og:image:width\" content=\"1061\" \/>\n\t<meta property=\"og:image:height\" content=\"600\" \/>\n\t<meta property=\"og:image:type\" content=\"image\/jpeg\" \/>\n<meta name=\"author\" content=\"DATI\" \/>\n<meta name=\"twitter:card\" content=\"summary_large_image\" \/>\n<meta name=\"twitter:creator\" content=\"@FCEJSUNSL\" \/>\n<meta name=\"twitter:site\" content=\"@FCEJSUNSL\" \/>\n<meta name=\"twitter:label1\" content=\"Escrito por\" \/>\n\t<meta name=\"twitter:data1\" content=\"DATI\" \/>\n\t<meta name=\"twitter:label2\" content=\"Tiempo de lectura\" \/>\n\t<meta name=\"twitter:data2\" content=\"4 minutos\" \/>\n<script type=\"application\/ld+json\" class=\"yoast-schema-graph\">{\"@context\":\"https:\\\/\\\/schema.org\",\"@graph\":[{\"@type\":\"Article\",\"@id\":\"https:\\\/\\\/www.fcejs.unsl.edu.ar\\\/index.php\\\/firma-de-convenio-inicio-de-obra-edificio-25-de-mayo-centro-academico-cultural\\\/#article\",\"isPartOf\":{\"@id\":\"https:\\\/\\\/www.fcejs.unsl.edu.ar\\\/index.php\\\/firma-de-convenio-inicio-de-obra-edificio-25-de-mayo-centro-academico-cultural\\\/\"},\"author\":{\"name\":\"DATI\",\"@id\":\"https:\\\/\\\/www.fcejs.unsl.edu.ar\\\/#\\\/schema\\\/person\\\/352ee6ed90c3f394c7cb5945f8956d34\"},\"headline\":\"Firma de Convenio \u201cInicio de Obra Edificio 25 de Mayo Centro Acad\u00e9mico Cultural\u201d\",\"datePublished\":\"2021-12-23T20:29:50+00:00\",\"dateModified\":\"2022-02-22T12:25:33+00:00\",\"mainEntityOfPage\":{\"@id\":\"https:\\\/\\\/www.fcejs.unsl.edu.ar\\\/index.php\\\/firma-de-convenio-inicio-de-obra-edificio-25-de-mayo-centro-academico-cultural\\\/\"},\"wordCount\":680,\"publisher\":{\"@id\":\"https:\\\/\\\/www.fcejs.unsl.edu.ar\\\/#organization\"},\"image\":{\"@id\":\"https:\\\/\\\/www.fcejs.unsl.edu.ar\\\/index.php\\\/firma-de-convenio-inicio-de-obra-edificio-25-de-mayo-centro-academico-cultural\\\/#primaryimage\"},\"thumbnailUrl\":\"https:\\\/\\\/www.fcejs.unsl.edu.ar\\\/wp-content\\\/uploads\\\/2021\\\/12\\\/firma-25-demayo-fica-front.jpg\",\"articleSection\":[\"Noticias\"],\"inLanguage\":\"es-AR\"},{\"@type\":\"WebPage\",\"@id\":\"https:\\\/\\\/www.fcejs.unsl.edu.ar\\\/index.php\\\/firma-de-convenio-inicio-de-obra-edificio-25-de-mayo-centro-academico-cultural\\\/\",\"url\":\"https:\\\/\\\/www.fcejs.unsl.edu.ar\\\/index.php\\\/firma-de-convenio-inicio-de-obra-edificio-25-de-mayo-centro-academico-cultural\\\/\",\"name\":\"Firma de Convenio \u201cInicio de Obra Edificio 25 de Mayo Centro Acad\u00e9mico Cultural\u201d - Facultad de Ciencias Econ\u00f3micas, Jur\u00ed\u00addicas y Sociales\",\"isPartOf\":{\"@id\":\"https:\\\/\\\/www.fcejs.unsl.edu.ar\\\/#website\"},\"primaryImageOfPage\":{\"@id\":\"https:\\\/\\\/www.fcejs.unsl.edu.ar\\\/index.php\\\/firma-de-convenio-inicio-de-obra-edificio-25-de-mayo-centro-academico-cultural\\\/#primaryimage\"},\"image\":{\"@id\":\"https:\\\/\\\/www.fcejs.unsl.edu.ar\\\/index.php\\\/firma-de-convenio-inicio-de-obra-edificio-25-de-mayo-centro-academico-cultural\\\/#primaryimage\"},\"thumbnailUrl\":\"https:\\\/\\\/www.fcejs.unsl.edu.ar\\\/wp-content\\\/uploads\\\/2021\\\/12\\\/firma-25-demayo-fica-front.jpg\",\"datePublished\":\"2021-12-23T20:29:50+00:00\",\"dateModified\":\"2022-02-22T12:25:33+00:00\",\"breadcrumb\":{\"@id\":\"https:\\\/\\\/www.fcejs.unsl.edu.ar\\\/index.php\\\/firma-de-convenio-inicio-de-obra-edificio-25-de-mayo-centro-academico-cultural\\\/#breadcrumb\"},\"inLanguage\":\"es-AR\",\"potentialAction\":[{\"@type\":\"ReadAction\",\"target\":[\"https:\\\/\\\/www.fcejs.unsl.edu.ar\\\/index.php\\\/firma-de-convenio-inicio-de-obra-edificio-25-de-mayo-centro-academico-cultural\\\/\"]}]},{\"@type\":\"ImageObject\",\"inLanguage\":\"es-AR\",\"@id\":\"https:\\\/\\\/www.fcejs.unsl.edu.ar\\\/index.php\\\/firma-de-convenio-inicio-de-obra-edificio-25-de-mayo-centro-academico-cultural\\\/#primaryimage\",\"url\":\"https:\\\/\\\/www.fcejs.unsl.edu.ar\\\/wp-content\\\/uploads\\\/2021\\\/12\\\/firma-25-demayo-fica-front.jpg\",\"contentUrl\":\"https:\\\/\\\/www.fcejs.unsl.edu.ar\\\/wp-content\\\/uploads\\\/2021\\\/12\\\/firma-25-demayo-fica-front.jpg\",\"width\":1061,\"height\":600},{\"@type\":\"BreadcrumbList\",\"@id\":\"https:\\\/\\\/www.fcejs.unsl.edu.ar\\\/index.php\\\/firma-de-convenio-inicio-de-obra-edificio-25-de-mayo-centro-academico-cultural\\\/#breadcrumb\",\"itemListElement\":[{\"@type\":\"ListItem\",\"position\":1,\"name\":\"Inicio\",\"item\":\"https:\\\/\\\/www.fcejs.unsl.edu.ar\\\/\"},{\"@type\":\"ListItem\",\"position\":2,\"name\":\"Firma de Convenio \u201cInicio de Obra Edificio 25 de Mayo Centro Acad\u00e9mico Cultural\u201d\"}]},{\"@type\":\"WebSite\",\"@id\":\"https:\\\/\\\/www.fcejs.unsl.edu.ar\\\/#website\",\"url\":\"https:\\\/\\\/www.fcejs.unsl.edu.ar\\\/\",\"name\":\"Facultad de Ciencias Econ\u00f3micas, Jur\u00ed\u00addicas y Sociales\",\"description\":\"\",\"publisher\":{\"@id\":\"https:\\\/\\\/www.fcejs.unsl.edu.ar\\\/#organization\"},\"potentialAction\":[{\"@type\":\"SearchAction\",\"target\":{\"@type\":\"EntryPoint\",\"urlTemplate\":\"https:\\\/\\\/www.fcejs.unsl.edu.ar\\\/?s={search_term_string}\"},\"query-input\":{\"@type\":\"PropertyValueSpecification\",\"valueRequired\":true,\"valueName\":\"search_term_string\"}}],\"inLanguage\":\"es-AR\"},{\"@type\":\"Organization\",\"@id\":\"https:\\\/\\\/www.fcejs.unsl.edu.ar\\\/#organization\",\"name\":\"Facultad de Ciencias Econ\u00f3micas, Jur\u00eddicas y Sociales\",\"url\":\"https:\\\/\\\/www.fcejs.unsl.edu.ar\\\/\",\"logo\":{\"@type\":\"ImageObject\",\"inLanguage\":\"es-AR\",\"@id\":\"https:\\\/\\\/www.fcejs.unsl.edu.ar\\\/#\\\/schema\\\/logo\\\/image\\\/\",\"url\":\"https:\\\/\\\/www.fcejs.unsl.edu.ar\\\/wp-content\\\/uploads\\\/2021\\\/03\\\/logo-1.jpg\",\"contentUrl\":\"https:\\\/\\\/www.fcejs.unsl.edu.ar\\\/wp-content\\\/uploads\\\/2021\\\/03\\\/logo-1.jpg\",\"width\":471,\"height\":146,\"caption\":\"Facultad de Ciencias Econ\u00f3micas, Jur\u00eddicas y Sociales\"},\"image\":{\"@id\":\"https:\\\/\\\/www.fcejs.unsl.edu.ar\\\/#\\\/schema\\\/logo\\\/image\\\/\"},\"sameAs\":[\"https:\\\/\\\/www.facebook.com\\\/FCEJS.UNSL\\\/\",\"https:\\\/\\\/x.com\\\/FCEJSUNSL\",\"https:\\\/\\\/www.instagram.com\\\/fcejs.unsl\\\/\",\"https:\\\/\\\/www.youtube.com\\\/channel\\\/UCH-Ut6EaN_X5ogjIQMPe46g\\\/\"]},{\"@type\":\"Person\",\"@id\":\"https:\\\/\\\/www.fcejs.unsl.edu.ar\\\/#\\\/schema\\\/person\\\/352ee6ed90c3f394c7cb5945f8956d34\",\"name\":\"DATI\"}]}<\/script>\n<!-- \/ Yoast SEO plugin. -->","yoast_head_json":{"title":"Firma de Convenio \u201cInicio de Obra Edificio 25 de Mayo Centro Acad\u00e9mico Cultural\u201d - Facultad de Ciencias Econ\u00f3micas, Jur\u00ed\u00addicas y Sociales","robots":{"index":"index","follow":"follow","max-snippet":"max-snippet:-1","max-image-preview":"max-image-preview:large","max-video-preview":"max-video-preview:-1"},"canonical":"https:\/\/www.fcejs.unsl.edu.ar\/index.php\/firma-de-convenio-inicio-de-obra-edificio-25-de-mayo-centro-academico-cultural\/","og_locale":"es_ES","og_type":"article","og_title":"Firma de Convenio \u201cInicio de Obra Edificio 25 de Mayo Centro Acad\u00e9mico Cultural\u201d - Facultad de Ciencias Econ\u00f3micas, Jur\u00ed\u00addicas y Sociales","og_description":"La Universidad dentro de las pol\u00edticas de gesti\u00f3n, tiene un gran inter\u00e9s por el mantenimiento y revalorizaci\u00f3n de la infraestructura edilicia que la componen. Acorde&hellip;","og_url":"https:\/\/www.fcejs.unsl.edu.ar\/index.php\/firma-de-convenio-inicio-de-obra-edificio-25-de-mayo-centro-academico-cultural\/","og_site_name":"Facultad de Ciencias Econ\u00f3micas, Jur\u00ed\u00addicas y Sociales","article_publisher":"https:\/\/www.facebook.com\/FCEJS.UNSL\/","article_published_time":"2021-12-23T20:29:50+00:00","article_modified_time":"2022-02-22T12:25:33+00:00","og_image":[{"width":1061,"height":600,"url":"https:\/\/www.fcejs.unsl.edu.ar\/wp-content\/uploads\/2021\/12\/firma-25-demayo-fica-front.jpg","type":"image\/jpeg"}],"author":"DATI","twitter_card":"summary_large_image","twitter_creator":"@FCEJSUNSL","twitter_site":"@FCEJSUNSL","twitter_misc":{"Escrito por":"DATI","Tiempo de lectura":"4 minutos"},"schema":{"@context":"https:\/\/schema.org","@graph":[{"@type":"Article","@id":"https:\/\/www.fcejs.unsl.edu.ar\/index.php\/firma-de-convenio-inicio-de-obra-edificio-25-de-mayo-centro-academico-cultural\/#article","isPartOf":{"@id":"https:\/\/www.fcejs.unsl.edu.ar\/index.php\/firma-de-convenio-inicio-de-obra-edificio-25-de-mayo-centro-academico-cultural\/"},"author":{"name":"DATI","@id":"https:\/\/www.fcejs.unsl.edu.ar\/#\/schema\/person\/352ee6ed90c3f394c7cb5945f8956d34"},"headline":"Firma de Convenio \u201cInicio de Obra Edificio 25 de Mayo Centro Acad\u00e9mico Cultural\u201d","datePublished":"2021-12-23T20:29:50+00:00","dateModified":"2022-02-22T12:25:33+00:00","mainEntityOfPage":{"@id":"https:\/\/www.fcejs.unsl.edu.ar\/index.php\/firma-de-convenio-inicio-de-obra-edificio-25-de-mayo-centro-academico-cultural\/"},"wordCount":680,"publisher":{"@id":"https:\/\/www.fcejs.unsl.edu.ar\/#organization"},"image":{"@id":"https:\/\/www.fcejs.unsl.edu.ar\/index.php\/firma-de-convenio-inicio-de-obra-edificio-25-de-mayo-centro-academico-cultural\/#primaryimage"},"thumbnailUrl":"https:\/\/www.fcejs.unsl.edu.ar\/wp-content\/uploads\/2021\/12\/firma-25-demayo-fica-front.jpg","articleSection":["Noticias"],"inLanguage":"es-AR"},{"@type":"WebPage","@id":"https:\/\/www.fcejs.unsl.edu.ar\/index.php\/firma-de-convenio-inicio-de-obra-edificio-25-de-mayo-centro-academico-cultural\/","url":"https:\/\/www.fcejs.unsl.edu.ar\/index.php\/firma-de-convenio-inicio-de-obra-edificio-25-de-mayo-centro-academico-cultural\/","name":"Firma de Convenio \u201cInicio de Obra Edificio 25 de Mayo Centro Acad\u00e9mico Cultural\u201d - Facultad de Ciencias Econ\u00f3micas, Jur\u00ed\u00addicas y Sociales","isPartOf":{"@id":"https:\/\/www.fcejs.unsl.edu.ar\/#website"},"primaryImageOfPage":{"@id":"https:\/\/www.fcejs.unsl.edu.ar\/index.php\/firma-de-convenio-inicio-de-obra-edificio-25-de-mayo-centro-academico-cultural\/#primaryimage"},"image":{"@id":"https:\/\/www.fcejs.unsl.edu.ar\/index.php\/firma-de-convenio-inicio-de-obra-edificio-25-de-mayo-centro-academico-cultural\/#primaryimage"},"thumbnailUrl":"https:\/\/www.fcejs.unsl.edu.ar\/wp-content\/uploads\/2021\/12\/firma-25-demayo-fica-front.jpg","datePublished":"2021-12-23T20:29:50+00:00","dateModified":"2022-02-22T12:25:33+00:00","breadcrumb":{"@id":"https:\/\/www.fcejs.unsl.edu.ar\/index.php\/firma-de-convenio-inicio-de-obra-edificio-25-de-mayo-centro-academico-cultural\/#breadcrumb"},"inLanguage":"es-AR","potentialAction":[{"@type":"ReadAction","target":["https:\/\/www.fcejs.unsl.edu.ar\/index.php\/firma-de-convenio-inicio-de-obra-edificio-25-de-mayo-centro-academico-cultural\/"]}]},{"@type":"ImageObject","inLanguage":"es-AR","@id":"https:\/\/www.fcejs.unsl.edu.ar\/index.php\/firma-de-convenio-inicio-de-obra-edificio-25-de-mayo-centro-academico-cultural\/#primaryimage","url":"https:\/\/www.fcejs.unsl.edu.ar\/wp-content\/uploads\/2021\/12\/firma-25-demayo-fica-front.jpg","contentUrl":"https:\/\/www.fcejs.unsl.edu.ar\/wp-content\/uploads\/2021\/12\/firma-25-demayo-fica-front.jpg","width":1061,"height":600},{"@type":"BreadcrumbList","@id":"https:\/\/www.fcejs.unsl.edu.ar\/index.php\/firma-de-convenio-inicio-de-obra-edificio-25-de-mayo-centro-academico-cultural\/#breadcrumb","itemListElement":[{"@type":"ListItem","position":1,"name":"Inicio","item":"https:\/\/www.fcejs.unsl.edu.ar\/"},{"@type":"ListItem","position":2,"name":"Firma de Convenio \u201cInicio de Obra Edificio 25 de Mayo Centro Acad\u00e9mico Cultural\u201d"}]},{"@type":"WebSite","@id":"https:\/\/www.fcejs.unsl.edu.ar\/#website","url":"https:\/\/www.fcejs.unsl.edu.ar\/","name":"Facultad de Ciencias Econ\u00f3micas, Jur\u00ed\u00addicas y Sociales","description":"","publisher":{"@id":"https:\/\/www.fcejs.unsl.edu.ar\/#organization"},"potentialAction":[{"@type":"SearchAction","target":{"@type":"EntryPoint","urlTemplate":"https:\/\/www.fcejs.unsl.edu.ar\/?s={search_term_string}"},"query-input":{"@type":"PropertyValueSpecification","valueRequired":true,"valueName":"search_term_string"}}],"inLanguage":"es-AR"},{"@type":"Organization","@id":"https:\/\/www.fcejs.unsl.edu.ar\/#organization","name":"Facultad de Ciencias Econ\u00f3micas, Jur\u00eddicas y Sociales","url":"https:\/\/www.fcejs.unsl.edu.ar\/","logo":{"@type":"ImageObject","inLanguage":"es-AR","@id":"https:\/\/www.fcejs.unsl.edu.ar\/#\/schema\/logo\/image\/","url":"https:\/\/www.fcejs.unsl.edu.ar\/wp-content\/uploads\/2021\/03\/logo-1.jpg","contentUrl":"https:\/\/www.fcejs.unsl.edu.ar\/wp-content\/uploads\/2021\/03\/logo-1.jpg","width":471,"height":146,"caption":"Facultad de Ciencias Econ\u00f3micas, Jur\u00eddicas y Sociales"},"image":{"@id":"https:\/\/www.fcejs.unsl.edu.ar\/#\/schema\/logo\/image\/"},"sameAs":["https:\/\/www.facebook.com\/FCEJS.UNSL\/","https:\/\/x.com\/FCEJSUNSL","https:\/\/www.instagram.com\/fcejs.unsl\/","https:\/\/www.youtube.com\/channel\/UCH-Ut6EaN_X5ogjIQMPe46g\/"]},{"@type":"Person","@id":"https:\/\/www.fcejs.unsl.edu.ar\/#\/schema\/person\/352ee6ed90c3f394c7cb5945f8956d34","name":"DATI"}]}},"jetpack_featured_media_url":"https:\/\/www.fcejs.unsl.edu.ar\/wp-content\/uploads\/2021\/12\/firma-25-demayo-fica-front.jpg","_links":{"self":[{"href":"https:\/\/www.fcejs.unsl.edu.ar\/index.php\/wp-json\/wp\/v2\/posts\/6782","targetHints":{"allow":["GET"]}}],"collection":[{"href":"https:\/\/www.fcejs.unsl.edu.ar\/index.php\/wp-json\/wp\/v2\/posts"}],"about":[{"href":"https:\/\/www.fcejs.unsl.edu.ar\/index.php\/wp-json\/wp\/v2\/types\/post"}],"author":[{"embeddable":true,"href":"https:\/\/www.fcejs.unsl.edu.ar\/index.php\/wp-json\/wp\/v2\/users\/9"}],"replies":[{"embeddable":true,"href":"https:\/\/www.fcejs.unsl.edu.ar\/index.php\/wp-json\/wp\/v2\/comments?post=6782"}],"version-history":[{"count":3,"href":"https:\/\/www.fcejs.unsl.edu.ar\/index.php\/wp-json\/wp\/v2\/posts\/6782\/revisions"}],"predecessor-version":[{"id":6789,"href":"https:\/\/www.fcejs.unsl.edu.ar\/index.php\/wp-json\/wp\/v2\/posts\/6782\/revisions\/6789"}],"wp:featuredmedia":[{"embeddable":true,"href":"https:\/\/www.fcejs.unsl.edu.ar\/index.php\/wp-json\/wp\/v2\/media\/6790"}],"wp:attachment":[{"href":"https:\/\/www.fcejs.unsl.edu.ar\/index.php\/wp-json\/wp\/v2\/media?parent=6782"}],"wp:term":[{"taxonomy":"category","embeddable":true,"href":"https:\/\/www.fcejs.unsl.edu.ar\/index.php\/wp-json\/wp\/v2\/categories?post=6782"},{"taxonomy":"post_tag","embeddable":true,"href":"https:\/\/www.fcejs.unsl.edu.ar\/index.php\/wp-json\/wp\/v2\/tags?post=6782"}],"curies":[{"name":"wp","href":"https:\/\/api.w.org\/{rel}","templated":true}]}}