{"id":6298,"date":"2021-11-23T18:32:36","date_gmt":"2021-11-23T21:32:36","guid":{"rendered":"http:\/\/10.101.10.197\/www\/?p=6298"},"modified":"2021-11-25T18:01:14","modified_gmt":"2021-11-25T21:01:14","slug":"docentes-de-ambas-facultades-reflexionaron-como-afrontar-la-nueva-normalidad-en-el-2022","status":"publish","type":"post","link":"https:\/\/www.fcejs.unsl.edu.ar\/index.php\/docentes-de-ambas-facultades-reflexionaron-como-afrontar-la-nueva-normalidad-en-el-2022\/","title":{"rendered":"Docentes de ambas facultades reflexionaron como afrontar la nueva normalidad en el 2022."},"content":{"rendered":"<p>En el Instituto Escuela de Econom\u00eda, Negocios y Transferencia Tecnol\u00f3gica se realiza el encuentro \u00abUNSL Escucha\u00bb: Jornada institucional para repensar la Universidad en el 2022. La primera actividad tuvo lugar en la ma\u00f1ana del martes 23 de noviembre, donde docentes de ambas facultades reflexionaron y debatieron en torno a c\u00f3mo la UNSL debe enfrentar la nueva normalidad en el 2022.<\/p>\n<p>Este encuentro estuvo coordinado por el Vicerrector, Mgtr. Hector Flores, acompa\u00f1ado por la Secretaria de Posgrado de la UNSL, Dra. Nora Reyes y la Secretaria de Investigaci\u00f3n y Posgrado de la FCEJS, Mgtr. Silvina Galleto.<\/p>\n<p>En la apertura del encuentro, el Vicerrector sostuvo que la opini\u00f3n de todos los sectores es fundamental para el 2022 que la instituci\u00f3n tiene por delante. \u201cPara la gesti\u00f3n de la universidad poder tener estas charlas despu\u00e9s de un per\u00edodo de pandemia en el cual hemos tratado de ir avanzando en el funcionamiento de la universidad para ponerla en pie, es muy importante ya que tenemos un 2022 por delante y podemos proyectar todas las previsiones necesarias a partir de lo que ustedes entiendan deber\u00eda implementarse el pr\u00f3ximo a\u00f1o\u201d, expres\u00f3 el Vicerrector de la Universidad Nacional de San Luis, H\u00e9ctor Flores.<\/p>\n<p>El Vicerrector pidi\u00f3 a los participantes que, como modalidad de trabajo, \u201cnos escuchemos todos, que tengamos la oportunidad de opinar todos, en coordinaci\u00f3n, para tener en cuenta todas las opiniones\u201d. Una modalidad que simult\u00e1neamente se desarrolla en ciudad de San Luis y en Merlo. Las conclusiones que surjan de todas las sedes de la UNSL ser\u00e1n analizadas finalmente por el Consejo Superior.<\/p>\n<p><img fetchpriority=\"high\" decoding=\"async\" class=\"aligncenter size-large wp-image-6330\" src=\"https:\/\/www.fcejs.unsl.edu.ar\/wp-content\/uploads\/2021\/11\/unsl-escucha-front-fica-FCEJS--1024x579.jpg\" alt=\"\" width=\"843\" height=\"477\" srcset=\"https:\/\/www.fcejs.unsl.edu.ar\/wp-content\/uploads\/2021\/11\/unsl-escucha-front-fica-FCEJS--1024x579.jpg 1024w, https:\/\/www.fcejs.unsl.edu.ar\/wp-content\/uploads\/2021\/11\/unsl-escucha-front-fica-FCEJS--300x170.jpg 300w, https:\/\/www.fcejs.unsl.edu.ar\/wp-content\/uploads\/2021\/11\/unsl-escucha-front-fica-FCEJS--768x434.jpg 768w, https:\/\/www.fcejs.unsl.edu.ar\/wp-content\/uploads\/2021\/11\/unsl-escucha-front-fica-FCEJS-.jpg 1061w\" sizes=\"(max-width: 843px) 100vw, 843px\" \/><\/p>\n<p>&nbsp;<\/p>\n<p>La jornada continuar\u00e1 a partir de las 17 horas, en la que participar\u00e1n estudiantes de ambas facultades y concluir\u00e1 el jueves 25 de noviembre, donde nodocentes de todas las dependencias y unidades acad\u00e9micas se reunir\u00e1n en el Anfiteatro I de la UNSL, ciudad de San Luis.<\/p>\n","protected":false},"excerpt":{"rendered":"<p>En el Instituto Escuela de Econom\u00eda, Negocios y Transferencia Tecnol\u00f3gica se realiza el encuentro \u00abUNSL Escucha\u00bb: Jornada institucional para repensar la Universidad en el 2022.&hellip;<\/p>\n","protected":false},"author":9,"featured_media":6328,"comment_status":"closed","ping_status":"closed","sticky":false,"template":"","format":"standard","meta":{"om_disable_all_campaigns":false,"_monsterinsights_skip_tracking":false,"_monsterinsights_sitenote_active":false,"_monsterinsights_sitenote_note":"","_monsterinsights_sitenote_category":0,"footnotes":""},"categories":[1],"tags":[],"class_list":["post-6298","post","type-post","status-publish","format-standard","has-post-thumbnail","hentry","category-noticias"],"yoast_head":"<!-- This site is optimized with the Yoast SEO plugin v27.5 - https:\/\/yoast.com\/product\/yoast-seo-wordpress\/ -->\n<title>Docentes de ambas facultades reflexionaron como afrontar la nueva normalidad en el 2022. - Facultad de Ciencias Econ\u00f3micas, Jur\u00ed\u00addicas y Sociales<\/title>\n<meta name=\"robots\" content=\"index, follow, max-snippet:-1, max-image-preview:large, max-video-preview:-1\" \/>\n<link rel=\"canonical\" href=\"https:\/\/www.fcejs.unsl.edu.ar\/index.php\/docentes-de-ambas-facultades-reflexionaron-como-afrontar-la-nueva-normalidad-en-el-2022\/\" \/>\n<meta property=\"og:locale\" content=\"es_ES\" \/>\n<meta property=\"og:type\" content=\"article\" \/>\n<meta property=\"og:title\" content=\"Docentes de ambas facultades reflexionaron como afrontar la nueva normalidad en el 2022. - Facultad de Ciencias Econ\u00f3micas, Jur\u00ed\u00addicas y Sociales\" \/>\n<meta property=\"og:description\" content=\"En el Instituto Escuela de Econom\u00eda, Negocios y Transferencia Tecnol\u00f3gica se realiza el encuentro \u00abUNSL Escucha\u00bb: Jornada institucional para repensar la Universidad en el 2022.&hellip;\" \/>\n<meta property=\"og:url\" content=\"https:\/\/www.fcejs.unsl.edu.ar\/index.php\/docentes-de-ambas-facultades-reflexionaron-como-afrontar-la-nueva-normalidad-en-el-2022\/\" \/>\n<meta property=\"og:site_name\" content=\"Facultad de Ciencias Econ\u00f3micas, Jur\u00ed\u00addicas y Sociales\" \/>\n<meta property=\"article:publisher\" content=\"https:\/\/www.facebook.com\/FCEJS.UNSL\/\" \/>\n<meta property=\"article:published_time\" content=\"2021-11-23T21:32:36+00:00\" \/>\n<meta property=\"article:modified_time\" content=\"2021-11-25T21:01:14+00:00\" \/>\n<meta property=\"og:image\" content=\"https:\/\/www.fcejs.unsl.edu.ar\/wp-content\/uploads\/2021\/11\/unsl-escucha-front-fcejs-02.jpg\" \/>\n\t<meta property=\"og:image:width\" content=\"1152\" \/>\n\t<meta property=\"og:image:height\" content=\"647\" \/>\n\t<meta property=\"og:image:type\" content=\"image\/jpeg\" \/>\n<meta name=\"author\" content=\"DATI\" \/>\n<meta name=\"twitter:card\" content=\"summary_large_image\" \/>\n<meta name=\"twitter:creator\" content=\"@FCEJSUNSL\" \/>\n<meta name=\"twitter:site\" content=\"@FCEJSUNSL\" \/>\n<meta name=\"twitter:label1\" content=\"Escrito por\" \/>\n\t<meta name=\"twitter:data1\" content=\"DATI\" \/>\n\t<meta name=\"twitter:label2\" content=\"Tiempo de lectura\" \/>\n\t<meta name=\"twitter:data2\" content=\"2 minutos\" \/>\n<script type=\"application\/ld+json\" class=\"yoast-schema-graph\">{\"@context\":\"https:\\\/\\\/schema.org\",\"@graph\":[{\"@type\":\"Article\",\"@id\":\"https:\\\/\\\/www.fcejs.unsl.edu.ar\\\/index.php\\\/docentes-de-ambas-facultades-reflexionaron-como-afrontar-la-nueva-normalidad-en-el-2022\\\/#article\",\"isPartOf\":{\"@id\":\"https:\\\/\\\/www.fcejs.unsl.edu.ar\\\/index.php\\\/docentes-de-ambas-facultades-reflexionaron-como-afrontar-la-nueva-normalidad-en-el-2022\\\/\"},\"author\":{\"name\":\"DATI\",\"@id\":\"https:\\\/\\\/www.fcejs.unsl.edu.ar\\\/#\\\/schema\\\/person\\\/352ee6ed90c3f394c7cb5945f8956d34\"},\"headline\":\"Docentes de ambas facultades reflexionaron como afrontar la nueva normalidad en el 2022.\",\"datePublished\":\"2021-11-23T21:32:36+00:00\",\"dateModified\":\"2021-11-25T21:01:14+00:00\",\"mainEntityOfPage\":{\"@id\":\"https:\\\/\\\/www.fcejs.unsl.edu.ar\\\/index.php\\\/docentes-de-ambas-facultades-reflexionaron-como-afrontar-la-nueva-normalidad-en-el-2022\\\/\"},\"wordCount\":331,\"publisher\":{\"@id\":\"https:\\\/\\\/www.fcejs.unsl.edu.ar\\\/#organization\"},\"image\":{\"@id\":\"https:\\\/\\\/www.fcejs.unsl.edu.ar\\\/index.php\\\/docentes-de-ambas-facultades-reflexionaron-como-afrontar-la-nueva-normalidad-en-el-2022\\\/#primaryimage\"},\"thumbnailUrl\":\"https:\\\/\\\/www.fcejs.unsl.edu.ar\\\/wp-content\\\/uploads\\\/2021\\\/11\\\/unsl-escucha-front-fcejs-02.jpg\",\"articleSection\":[\"Noticias\"],\"inLanguage\":\"es-AR\"},{\"@type\":\"WebPage\",\"@id\":\"https:\\\/\\\/www.fcejs.unsl.edu.ar\\\/index.php\\\/docentes-de-ambas-facultades-reflexionaron-como-afrontar-la-nueva-normalidad-en-el-2022\\\/\",\"url\":\"https:\\\/\\\/www.fcejs.unsl.edu.ar\\\/index.php\\\/docentes-de-ambas-facultades-reflexionaron-como-afrontar-la-nueva-normalidad-en-el-2022\\\/\",\"name\":\"Docentes de ambas facultades reflexionaron como afrontar la nueva normalidad en el 2022. - Facultad de Ciencias Econ\u00f3micas, Jur\u00ed\u00addicas y Sociales\",\"isPartOf\":{\"@id\":\"https:\\\/\\\/www.fcejs.unsl.edu.ar\\\/#website\"},\"primaryImageOfPage\":{\"@id\":\"https:\\\/\\\/www.fcejs.unsl.edu.ar\\\/index.php\\\/docentes-de-ambas-facultades-reflexionaron-como-afrontar-la-nueva-normalidad-en-el-2022\\\/#primaryimage\"},\"image\":{\"@id\":\"https:\\\/\\\/www.fcejs.unsl.edu.ar\\\/index.php\\\/docentes-de-ambas-facultades-reflexionaron-como-afrontar-la-nueva-normalidad-en-el-2022\\\/#primaryimage\"},\"thumbnailUrl\":\"https:\\\/\\\/www.fcejs.unsl.edu.ar\\\/wp-content\\\/uploads\\\/2021\\\/11\\\/unsl-escucha-front-fcejs-02.jpg\",\"datePublished\":\"2021-11-23T21:32:36+00:00\",\"dateModified\":\"2021-11-25T21:01:14+00:00\",\"breadcrumb\":{\"@id\":\"https:\\\/\\\/www.fcejs.unsl.edu.ar\\\/index.php\\\/docentes-de-ambas-facultades-reflexionaron-como-afrontar-la-nueva-normalidad-en-el-2022\\\/#breadcrumb\"},\"inLanguage\":\"es-AR\",\"potentialAction\":[{\"@type\":\"ReadAction\",\"target\":[\"https:\\\/\\\/www.fcejs.unsl.edu.ar\\\/index.php\\\/docentes-de-ambas-facultades-reflexionaron-como-afrontar-la-nueva-normalidad-en-el-2022\\\/\"]}]},{\"@type\":\"ImageObject\",\"inLanguage\":\"es-AR\",\"@id\":\"https:\\\/\\\/www.fcejs.unsl.edu.ar\\\/index.php\\\/docentes-de-ambas-facultades-reflexionaron-como-afrontar-la-nueva-normalidad-en-el-2022\\\/#primaryimage\",\"url\":\"https:\\\/\\\/www.fcejs.unsl.edu.ar\\\/wp-content\\\/uploads\\\/2021\\\/11\\\/unsl-escucha-front-fcejs-02.jpg\",\"contentUrl\":\"https:\\\/\\\/www.fcejs.unsl.edu.ar\\\/wp-content\\\/uploads\\\/2021\\\/11\\\/unsl-escucha-front-fcejs-02.jpg\",\"width\":1152,\"height\":647},{\"@type\":\"BreadcrumbList\",\"@id\":\"https:\\\/\\\/www.fcejs.unsl.edu.ar\\\/index.php\\\/docentes-de-ambas-facultades-reflexionaron-como-afrontar-la-nueva-normalidad-en-el-2022\\\/#breadcrumb\",\"itemListElement\":[{\"@type\":\"ListItem\",\"position\":1,\"name\":\"Inicio\",\"item\":\"https:\\\/\\\/www.fcejs.unsl.edu.ar\\\/\"},{\"@type\":\"ListItem\",\"position\":2,\"name\":\"Docentes de ambas facultades reflexionaron como afrontar la nueva normalidad en el 2022.\"}]},{\"@type\":\"WebSite\",\"@id\":\"https:\\\/\\\/www.fcejs.unsl.edu.ar\\\/#website\",\"url\":\"https:\\\/\\\/www.fcejs.unsl.edu.ar\\\/\",\"name\":\"Facultad de Ciencias Econ\u00f3micas, Jur\u00ed\u00addicas y Sociales\",\"description\":\"\",\"publisher\":{\"@id\":\"https:\\\/\\\/www.fcejs.unsl.edu.ar\\\/#organization\"},\"potentialAction\":[{\"@type\":\"SearchAction\",\"target\":{\"@type\":\"EntryPoint\",\"urlTemplate\":\"https:\\\/\\\/www.fcejs.unsl.edu.ar\\\/?s={search_term_string}\"},\"query-input\":{\"@type\":\"PropertyValueSpecification\",\"valueRequired\":true,\"valueName\":\"search_term_string\"}}],\"inLanguage\":\"es-AR\"},{\"@type\":\"Organization\",\"@id\":\"https:\\\/\\\/www.fcejs.unsl.edu.ar\\\/#organization\",\"name\":\"Facultad de Ciencias Econ\u00f3micas, Jur\u00eddicas y Sociales\",\"url\":\"https:\\\/\\\/www.fcejs.unsl.edu.ar\\\/\",\"logo\":{\"@type\":\"ImageObject\",\"inLanguage\":\"es-AR\",\"@id\":\"https:\\\/\\\/www.fcejs.unsl.edu.ar\\\/#\\\/schema\\\/logo\\\/image\\\/\",\"url\":\"https:\\\/\\\/www.fcejs.unsl.edu.ar\\\/wp-content\\\/uploads\\\/2021\\\/03\\\/logo-1.jpg\",\"contentUrl\":\"https:\\\/\\\/www.fcejs.unsl.edu.ar\\\/wp-content\\\/uploads\\\/2021\\\/03\\\/logo-1.jpg\",\"width\":471,\"height\":146,\"caption\":\"Facultad de Ciencias Econ\u00f3micas, Jur\u00eddicas y Sociales\"},\"image\":{\"@id\":\"https:\\\/\\\/www.fcejs.unsl.edu.ar\\\/#\\\/schema\\\/logo\\\/image\\\/\"},\"sameAs\":[\"https:\\\/\\\/www.facebook.com\\\/FCEJS.UNSL\\\/\",\"https:\\\/\\\/x.com\\\/FCEJSUNSL\",\"https:\\\/\\\/www.instagram.com\\\/fcejs.unsl\\\/\",\"https:\\\/\\\/www.youtube.com\\\/channel\\\/UCH-Ut6EaN_X5ogjIQMPe46g\\\/\"]},{\"@type\":\"Person\",\"@id\":\"https:\\\/\\\/www.fcejs.unsl.edu.ar\\\/#\\\/schema\\\/person\\\/352ee6ed90c3f394c7cb5945f8956d34\",\"name\":\"DATI\"}]}<\/script>\n<!-- \/ Yoast SEO plugin. -->","yoast_head_json":{"title":"Docentes de ambas facultades reflexionaron como afrontar la nueva normalidad en el 2022. - Facultad de Ciencias Econ\u00f3micas, Jur\u00ed\u00addicas y Sociales","robots":{"index":"index","follow":"follow","max-snippet":"max-snippet:-1","max-image-preview":"max-image-preview:large","max-video-preview":"max-video-preview:-1"},"canonical":"https:\/\/www.fcejs.unsl.edu.ar\/index.php\/docentes-de-ambas-facultades-reflexionaron-como-afrontar-la-nueva-normalidad-en-el-2022\/","og_locale":"es_ES","og_type":"article","og_title":"Docentes de ambas facultades reflexionaron como afrontar la nueva normalidad en el 2022. - Facultad de Ciencias Econ\u00f3micas, Jur\u00ed\u00addicas y Sociales","og_description":"En el Instituto Escuela de Econom\u00eda, Negocios y Transferencia Tecnol\u00f3gica se realiza el encuentro \u00abUNSL Escucha\u00bb: Jornada institucional para repensar la Universidad en el 2022.&hellip;","og_url":"https:\/\/www.fcejs.unsl.edu.ar\/index.php\/docentes-de-ambas-facultades-reflexionaron-como-afrontar-la-nueva-normalidad-en-el-2022\/","og_site_name":"Facultad de Ciencias Econ\u00f3micas, Jur\u00ed\u00addicas y Sociales","article_publisher":"https:\/\/www.facebook.com\/FCEJS.UNSL\/","article_published_time":"2021-11-23T21:32:36+00:00","article_modified_time":"2021-11-25T21:01:14+00:00","og_image":[{"width":1152,"height":647,"url":"https:\/\/www.fcejs.unsl.edu.ar\/wp-content\/uploads\/2021\/11\/unsl-escucha-front-fcejs-02.jpg","type":"image\/jpeg"}],"author":"DATI","twitter_card":"summary_large_image","twitter_creator":"@FCEJSUNSL","twitter_site":"@FCEJSUNSL","twitter_misc":{"Escrito por":"DATI","Tiempo de lectura":"2 minutos"},"schema":{"@context":"https:\/\/schema.org","@graph":[{"@type":"Article","@id":"https:\/\/www.fcejs.unsl.edu.ar\/index.php\/docentes-de-ambas-facultades-reflexionaron-como-afrontar-la-nueva-normalidad-en-el-2022\/#article","isPartOf":{"@id":"https:\/\/www.fcejs.unsl.edu.ar\/index.php\/docentes-de-ambas-facultades-reflexionaron-como-afrontar-la-nueva-normalidad-en-el-2022\/"},"author":{"name":"DATI","@id":"https:\/\/www.fcejs.unsl.edu.ar\/#\/schema\/person\/352ee6ed90c3f394c7cb5945f8956d34"},"headline":"Docentes de ambas facultades reflexionaron como afrontar la nueva normalidad en el 2022.","datePublished":"2021-11-23T21:32:36+00:00","dateModified":"2021-11-25T21:01:14+00:00","mainEntityOfPage":{"@id":"https:\/\/www.fcejs.unsl.edu.ar\/index.php\/docentes-de-ambas-facultades-reflexionaron-como-afrontar-la-nueva-normalidad-en-el-2022\/"},"wordCount":331,"publisher":{"@id":"https:\/\/www.fcejs.unsl.edu.ar\/#organization"},"image":{"@id":"https:\/\/www.fcejs.unsl.edu.ar\/index.php\/docentes-de-ambas-facultades-reflexionaron-como-afrontar-la-nueva-normalidad-en-el-2022\/#primaryimage"},"thumbnailUrl":"https:\/\/www.fcejs.unsl.edu.ar\/wp-content\/uploads\/2021\/11\/unsl-escucha-front-fcejs-02.jpg","articleSection":["Noticias"],"inLanguage":"es-AR"},{"@type":"WebPage","@id":"https:\/\/www.fcejs.unsl.edu.ar\/index.php\/docentes-de-ambas-facultades-reflexionaron-como-afrontar-la-nueva-normalidad-en-el-2022\/","url":"https:\/\/www.fcejs.unsl.edu.ar\/index.php\/docentes-de-ambas-facultades-reflexionaron-como-afrontar-la-nueva-normalidad-en-el-2022\/","name":"Docentes de ambas facultades reflexionaron como afrontar la nueva normalidad en el 2022. - Facultad de Ciencias Econ\u00f3micas, Jur\u00ed\u00addicas y Sociales","isPartOf":{"@id":"https:\/\/www.fcejs.unsl.edu.ar\/#website"},"primaryImageOfPage":{"@id":"https:\/\/www.fcejs.unsl.edu.ar\/index.php\/docentes-de-ambas-facultades-reflexionaron-como-afrontar-la-nueva-normalidad-en-el-2022\/#primaryimage"},"image":{"@id":"https:\/\/www.fcejs.unsl.edu.ar\/index.php\/docentes-de-ambas-facultades-reflexionaron-como-afrontar-la-nueva-normalidad-en-el-2022\/#primaryimage"},"thumbnailUrl":"https:\/\/www.fcejs.unsl.edu.ar\/wp-content\/uploads\/2021\/11\/unsl-escucha-front-fcejs-02.jpg","datePublished":"2021-11-23T21:32:36+00:00","dateModified":"2021-11-25T21:01:14+00:00","breadcrumb":{"@id":"https:\/\/www.fcejs.unsl.edu.ar\/index.php\/docentes-de-ambas-facultades-reflexionaron-como-afrontar-la-nueva-normalidad-en-el-2022\/#breadcrumb"},"inLanguage":"es-AR","potentialAction":[{"@type":"ReadAction","target":["https:\/\/www.fcejs.unsl.edu.ar\/index.php\/docentes-de-ambas-facultades-reflexionaron-como-afrontar-la-nueva-normalidad-en-el-2022\/"]}]},{"@type":"ImageObject","inLanguage":"es-AR","@id":"https:\/\/www.fcejs.unsl.edu.ar\/index.php\/docentes-de-ambas-facultades-reflexionaron-como-afrontar-la-nueva-normalidad-en-el-2022\/#primaryimage","url":"https:\/\/www.fcejs.unsl.edu.ar\/wp-content\/uploads\/2021\/11\/unsl-escucha-front-fcejs-02.jpg","contentUrl":"https:\/\/www.fcejs.unsl.edu.ar\/wp-content\/uploads\/2021\/11\/unsl-escucha-front-fcejs-02.jpg","width":1152,"height":647},{"@type":"BreadcrumbList","@id":"https:\/\/www.fcejs.unsl.edu.ar\/index.php\/docentes-de-ambas-facultades-reflexionaron-como-afrontar-la-nueva-normalidad-en-el-2022\/#breadcrumb","itemListElement":[{"@type":"ListItem","position":1,"name":"Inicio","item":"https:\/\/www.fcejs.unsl.edu.ar\/"},{"@type":"ListItem","position":2,"name":"Docentes de ambas facultades reflexionaron como afrontar la nueva normalidad en el 2022."}]},{"@type":"WebSite","@id":"https:\/\/www.fcejs.unsl.edu.ar\/#website","url":"https:\/\/www.fcejs.unsl.edu.ar\/","name":"Facultad de Ciencias Econ\u00f3micas, Jur\u00ed\u00addicas y Sociales","description":"","publisher":{"@id":"https:\/\/www.fcejs.unsl.edu.ar\/#organization"},"potentialAction":[{"@type":"SearchAction","target":{"@type":"EntryPoint","urlTemplate":"https:\/\/www.fcejs.unsl.edu.ar\/?s={search_term_string}"},"query-input":{"@type":"PropertyValueSpecification","valueRequired":true,"valueName":"search_term_string"}}],"inLanguage":"es-AR"},{"@type":"Organization","@id":"https:\/\/www.fcejs.unsl.edu.ar\/#organization","name":"Facultad de Ciencias Econ\u00f3micas, Jur\u00eddicas y Sociales","url":"https:\/\/www.fcejs.unsl.edu.ar\/","logo":{"@type":"ImageObject","inLanguage":"es-AR","@id":"https:\/\/www.fcejs.unsl.edu.ar\/#\/schema\/logo\/image\/","url":"https:\/\/www.fcejs.unsl.edu.ar\/wp-content\/uploads\/2021\/03\/logo-1.jpg","contentUrl":"https:\/\/www.fcejs.unsl.edu.ar\/wp-content\/uploads\/2021\/03\/logo-1.jpg","width":471,"height":146,"caption":"Facultad de Ciencias Econ\u00f3micas, Jur\u00eddicas y Sociales"},"image":{"@id":"https:\/\/www.fcejs.unsl.edu.ar\/#\/schema\/logo\/image\/"},"sameAs":["https:\/\/www.facebook.com\/FCEJS.UNSL\/","https:\/\/x.com\/FCEJSUNSL","https:\/\/www.instagram.com\/fcejs.unsl\/","https:\/\/www.youtube.com\/channel\/UCH-Ut6EaN_X5ogjIQMPe46g\/"]},{"@type":"Person","@id":"https:\/\/www.fcejs.unsl.edu.ar\/#\/schema\/person\/352ee6ed90c3f394c7cb5945f8956d34","name":"DATI"}]}},"jetpack_featured_media_url":"https:\/\/www.fcejs.unsl.edu.ar\/wp-content\/uploads\/2021\/11\/unsl-escucha-front-fcejs-02.jpg","_links":{"self":[{"href":"https:\/\/www.fcejs.unsl.edu.ar\/index.php\/wp-json\/wp\/v2\/posts\/6298","targetHints":{"allow":["GET"]}}],"collection":[{"href":"https:\/\/www.fcejs.unsl.edu.ar\/index.php\/wp-json\/wp\/v2\/posts"}],"about":[{"href":"https:\/\/www.fcejs.unsl.edu.ar\/index.php\/wp-json\/wp\/v2\/types\/post"}],"author":[{"embeddable":true,"href":"https:\/\/www.fcejs.unsl.edu.ar\/index.php\/wp-json\/wp\/v2\/users\/9"}],"replies":[{"embeddable":true,"href":"https:\/\/www.fcejs.unsl.edu.ar\/index.php\/wp-json\/wp\/v2\/comments?post=6298"}],"version-history":[{"count":7,"href":"https:\/\/www.fcejs.unsl.edu.ar\/index.php\/wp-json\/wp\/v2\/posts\/6298\/revisions"}],"predecessor-version":[{"id":6331,"href":"https:\/\/www.fcejs.unsl.edu.ar\/index.php\/wp-json\/wp\/v2\/posts\/6298\/revisions\/6331"}],"wp:featuredmedia":[{"embeddable":true,"href":"https:\/\/www.fcejs.unsl.edu.ar\/index.php\/wp-json\/wp\/v2\/media\/6328"}],"wp:attachment":[{"href":"https:\/\/www.fcejs.unsl.edu.ar\/index.php\/wp-json\/wp\/v2\/media?parent=6298"}],"wp:term":[{"taxonomy":"category","embeddable":true,"href":"https:\/\/www.fcejs.unsl.edu.ar\/index.php\/wp-json\/wp\/v2\/categories?post=6298"},{"taxonomy":"post_tag","embeddable":true,"href":"https:\/\/www.fcejs.unsl.edu.ar\/index.php\/wp-json\/wp\/v2\/tags?post=6298"}],"curies":[{"name":"wp","href":"https:\/\/api.w.org\/{rel}","templated":true}]}}