{"id":6279,"date":"2021-11-19T09:29:27","date_gmt":"2021-11-19T12:29:27","guid":{"rendered":"http:\/\/10.101.10.197\/www\/?p=6279"},"modified":"2022-02-22T09:24:30","modified_gmt":"2022-02-22T12:24:30","slug":"estudiantes-de-la-licenciatura-en-trabajo-social-podran-realizar-sus-practicas-academicas-supervisadas-en-el-colegio-n11-benito-juarez","status":"publish","type":"post","link":"https:\/\/www.fcejs.unsl.edu.ar\/index.php\/estudiantes-de-la-licenciatura-en-trabajo-social-podran-realizar-sus-practicas-academicas-supervisadas-en-el-colegio-n11-benito-juarez\/","title":{"rendered":"Estudiantes de la Licenciatura en Trabajo Social podr\u00e1n realizar sus Pr\u00e1cticas Acad\u00e9micas Supervisadas en el Colegio N\u00b011 \u201cBenito Ju\u00e1rez"},"content":{"rendered":"<p>En el marco del Convenio N\u00ba 170\/94, en la ma\u00f1ana del jueves 18 de noviembre el Decano, Mgtr. Marcelo Casabene junto al Director del Colegio N\u00b011 \u201cBenito Ju\u00e1rez\u201d, Prof. Flavio Rex Guzm\u00e1n firmaron una nueva Acta Complementaria, que posibilitar\u00e1 que estudiantes de la Asignatura \u201cIntervenci\u00f3n de Trabajo Social con Familias\u201d pertenecientes al 4 a\u00f1o de la carrera Licenciatura en Trabajo Social puedan realizar las Practicas Acad\u00e9micas Supervisadas (PAS) en dicha instituci\u00f3n educativa.<\/p>\n<p>La presente propuesta surge a partir de los objetivos planteados en la asignatura, en la que se trata un proceso pedag\u00f3gico que implica la inserci\u00f3n de estudiantes de 4\u00ba a\u00f1o de la carrera de Trabajo Social en el \u00e1mbito de la Educaci\u00f3n, a fin de lograr el reconocimiento de la organizaci\u00f3n y sus actores, la identificaci\u00f3n y an\u00e1lisis de demandas, identificaci\u00f3n de necesidades y de promoci\u00f3n de derechos a trav\u00e9s de las primeras herramientas metodol\u00f3gicas como observaci\u00f3n y entrevista para continuar con la inserci\u00f3n familiar. Lograr identificar demandas y las necesidades que las subyacen, a partir de la entrevista en profundidad, para luego diagnosticar y dise\u00f1ar las estrategias de intervenci\u00f3n conducentes a iniciar un proceso de cambio con las familias de los estudiantes que concurren al Colegio Benito Ju\u00e1rez.<\/p>\n<p>Las PAS tienen la intenci\u00f3n de potenciar espacios de reflexi\u00f3n y an\u00e1lisis de las situaciones problem\u00e1ticas m\u00e1s recurrentes en las organizaciones, en las que se podr\u00e1n explicitar concepciones te\u00f3ricas en que se sustenta el proceso de intervenci\u00f3n con familias, a fin de consensuar y\/o construir nuevas miradas para abordarlas.<\/p>\n","protected":false},"excerpt":{"rendered":"<p>En el marco del Convenio N\u00ba 170\/94, en la ma\u00f1ana del jueves 18 de noviembre el Decano, Mgtr. Marcelo Casabene junto al Director del Colegio&hellip;<\/p>\n","protected":false},"author":9,"featured_media":6280,"comment_status":"closed","ping_status":"closed","sticky":false,"template":"","format":"standard","meta":{"om_disable_all_campaigns":false,"_monsterinsights_skip_tracking":false,"_monsterinsights_sitenote_active":false,"_monsterinsights_sitenote_note":"","_monsterinsights_sitenote_category":0,"footnotes":""},"categories":[1],"tags":[],"class_list":["post-6279","post","type-post","status-publish","format-standard","has-post-thumbnail","hentry","category-noticias"],"yoast_head":"<!-- This site is optimized with the Yoast SEO plugin v27.5 - https:\/\/yoast.com\/product\/yoast-seo-wordpress\/ -->\n<title>Estudiantes de la Licenciatura en Trabajo Social podr\u00e1n realizar sus Pr\u00e1cticas Acad\u00e9micas Supervisadas en el Colegio N\u00b011 \u201cBenito Ju\u00e1rez - Facultad de Ciencias Econ\u00f3micas, Jur\u00ed\u00addicas y Sociales<\/title>\n<meta name=\"robots\" content=\"index, follow, max-snippet:-1, max-image-preview:large, max-video-preview:-1\" \/>\n<link rel=\"canonical\" href=\"https:\/\/www.fcejs.unsl.edu.ar\/index.php\/estudiantes-de-la-licenciatura-en-trabajo-social-podran-realizar-sus-practicas-academicas-supervisadas-en-el-colegio-n11-benito-juarez\/\" \/>\n<meta property=\"og:locale\" content=\"es_ES\" \/>\n<meta property=\"og:type\" content=\"article\" \/>\n<meta property=\"og:title\" content=\"Estudiantes de la Licenciatura en Trabajo Social podr\u00e1n realizar sus Pr\u00e1cticas Acad\u00e9micas Supervisadas en el Colegio N\u00b011 \u201cBenito Ju\u00e1rez - Facultad de Ciencias Econ\u00f3micas, Jur\u00ed\u00addicas y Sociales\" \/>\n<meta property=\"og:description\" content=\"En el marco del Convenio N\u00ba 170\/94, en la ma\u00f1ana del jueves 18 de noviembre el Decano, Mgtr. Marcelo Casabene junto al Director del Colegio&hellip;\" \/>\n<meta property=\"og:url\" content=\"https:\/\/www.fcejs.unsl.edu.ar\/index.php\/estudiantes-de-la-licenciatura-en-trabajo-social-podran-realizar-sus-practicas-academicas-supervisadas-en-el-colegio-n11-benito-juarez\/\" \/>\n<meta property=\"og:site_name\" content=\"Facultad de Ciencias Econ\u00f3micas, Jur\u00ed\u00addicas y Sociales\" \/>\n<meta property=\"article:publisher\" content=\"https:\/\/www.facebook.com\/FCEJS.UNSL\/\" \/>\n<meta property=\"article:published_time\" content=\"2021-11-19T12:29:27+00:00\" \/>\n<meta property=\"article:modified_time\" content=\"2022-02-22T12:24:30+00:00\" \/>\n<meta property=\"og:image\" content=\"https:\/\/www.fcejs.unsl.edu.ar\/wp-content\/uploads\/2021\/11\/ACTA-BENITO-.jpg\" \/>\n\t<meta property=\"og:image:width\" content=\"1152\" \/>\n\t<meta property=\"og:image:height\" content=\"647\" \/>\n\t<meta property=\"og:image:type\" content=\"image\/jpeg\" \/>\n<meta name=\"author\" content=\"DATI\" \/>\n<meta name=\"twitter:card\" content=\"summary_large_image\" \/>\n<meta name=\"twitter:creator\" content=\"@FCEJSUNSL\" \/>\n<meta name=\"twitter:site\" content=\"@FCEJSUNSL\" \/>\n<meta name=\"twitter:label1\" content=\"Escrito por\" \/>\n\t<meta name=\"twitter:data1\" content=\"DATI\" \/>\n\t<meta name=\"twitter:label2\" content=\"Tiempo de lectura\" \/>\n\t<meta name=\"twitter:data2\" content=\"2 minutos\" \/>\n<script type=\"application\/ld+json\" class=\"yoast-schema-graph\">{\"@context\":\"https:\\\/\\\/schema.org\",\"@graph\":[{\"@type\":\"Article\",\"@id\":\"https:\\\/\\\/www.fcejs.unsl.edu.ar\\\/index.php\\\/estudiantes-de-la-licenciatura-en-trabajo-social-podran-realizar-sus-practicas-academicas-supervisadas-en-el-colegio-n11-benito-juarez\\\/#article\",\"isPartOf\":{\"@id\":\"https:\\\/\\\/www.fcejs.unsl.edu.ar\\\/index.php\\\/estudiantes-de-la-licenciatura-en-trabajo-social-podran-realizar-sus-practicas-academicas-supervisadas-en-el-colegio-n11-benito-juarez\\\/\"},\"author\":{\"name\":\"DATI\",\"@id\":\"https:\\\/\\\/www.fcejs.unsl.edu.ar\\\/#\\\/schema\\\/person\\\/352ee6ed90c3f394c7cb5945f8956d34\"},\"headline\":\"Estudiantes de la Licenciatura en Trabajo Social podr\u00e1n realizar sus Pr\u00e1cticas Acad\u00e9micas Supervisadas en el Colegio N\u00b011 \u201cBenito Ju\u00e1rez\",\"datePublished\":\"2021-11-19T12:29:27+00:00\",\"dateModified\":\"2022-02-22T12:24:30+00:00\",\"mainEntityOfPage\":{\"@id\":\"https:\\\/\\\/www.fcejs.unsl.edu.ar\\\/index.php\\\/estudiantes-de-la-licenciatura-en-trabajo-social-podran-realizar-sus-practicas-academicas-supervisadas-en-el-colegio-n11-benito-juarez\\\/\"},\"wordCount\":301,\"publisher\":{\"@id\":\"https:\\\/\\\/www.fcejs.unsl.edu.ar\\\/#organization\"},\"image\":{\"@id\":\"https:\\\/\\\/www.fcejs.unsl.edu.ar\\\/index.php\\\/estudiantes-de-la-licenciatura-en-trabajo-social-podran-realizar-sus-practicas-academicas-supervisadas-en-el-colegio-n11-benito-juarez\\\/#primaryimage\"},\"thumbnailUrl\":\"https:\\\/\\\/www.fcejs.unsl.edu.ar\\\/wp-content\\\/uploads\\\/2021\\\/11\\\/ACTA-BENITO-.jpg\",\"articleSection\":[\"Noticias\"],\"inLanguage\":\"es-AR\"},{\"@type\":\"WebPage\",\"@id\":\"https:\\\/\\\/www.fcejs.unsl.edu.ar\\\/index.php\\\/estudiantes-de-la-licenciatura-en-trabajo-social-podran-realizar-sus-practicas-academicas-supervisadas-en-el-colegio-n11-benito-juarez\\\/\",\"url\":\"https:\\\/\\\/www.fcejs.unsl.edu.ar\\\/index.php\\\/estudiantes-de-la-licenciatura-en-trabajo-social-podran-realizar-sus-practicas-academicas-supervisadas-en-el-colegio-n11-benito-juarez\\\/\",\"name\":\"Estudiantes de la Licenciatura en Trabajo Social podr\u00e1n realizar sus Pr\u00e1cticas Acad\u00e9micas Supervisadas en el Colegio N\u00b011 \u201cBenito Ju\u00e1rez - Facultad de Ciencias Econ\u00f3micas, Jur\u00ed\u00addicas y Sociales\",\"isPartOf\":{\"@id\":\"https:\\\/\\\/www.fcejs.unsl.edu.ar\\\/#website\"},\"primaryImageOfPage\":{\"@id\":\"https:\\\/\\\/www.fcejs.unsl.edu.ar\\\/index.php\\\/estudiantes-de-la-licenciatura-en-trabajo-social-podran-realizar-sus-practicas-academicas-supervisadas-en-el-colegio-n11-benito-juarez\\\/#primaryimage\"},\"image\":{\"@id\":\"https:\\\/\\\/www.fcejs.unsl.edu.ar\\\/index.php\\\/estudiantes-de-la-licenciatura-en-trabajo-social-podran-realizar-sus-practicas-academicas-supervisadas-en-el-colegio-n11-benito-juarez\\\/#primaryimage\"},\"thumbnailUrl\":\"https:\\\/\\\/www.fcejs.unsl.edu.ar\\\/wp-content\\\/uploads\\\/2021\\\/11\\\/ACTA-BENITO-.jpg\",\"datePublished\":\"2021-11-19T12:29:27+00:00\",\"dateModified\":\"2022-02-22T12:24:30+00:00\",\"breadcrumb\":{\"@id\":\"https:\\\/\\\/www.fcejs.unsl.edu.ar\\\/index.php\\\/estudiantes-de-la-licenciatura-en-trabajo-social-podran-realizar-sus-practicas-academicas-supervisadas-en-el-colegio-n11-benito-juarez\\\/#breadcrumb\"},\"inLanguage\":\"es-AR\",\"potentialAction\":[{\"@type\":\"ReadAction\",\"target\":[\"https:\\\/\\\/www.fcejs.unsl.edu.ar\\\/index.php\\\/estudiantes-de-la-licenciatura-en-trabajo-social-podran-realizar-sus-practicas-academicas-supervisadas-en-el-colegio-n11-benito-juarez\\\/\"]}]},{\"@type\":\"ImageObject\",\"inLanguage\":\"es-AR\",\"@id\":\"https:\\\/\\\/www.fcejs.unsl.edu.ar\\\/index.php\\\/estudiantes-de-la-licenciatura-en-trabajo-social-podran-realizar-sus-practicas-academicas-supervisadas-en-el-colegio-n11-benito-juarez\\\/#primaryimage\",\"url\":\"https:\\\/\\\/www.fcejs.unsl.edu.ar\\\/wp-content\\\/uploads\\\/2021\\\/11\\\/ACTA-BENITO-.jpg\",\"contentUrl\":\"https:\\\/\\\/www.fcejs.unsl.edu.ar\\\/wp-content\\\/uploads\\\/2021\\\/11\\\/ACTA-BENITO-.jpg\",\"width\":1152,\"height\":647},{\"@type\":\"BreadcrumbList\",\"@id\":\"https:\\\/\\\/www.fcejs.unsl.edu.ar\\\/index.php\\\/estudiantes-de-la-licenciatura-en-trabajo-social-podran-realizar-sus-practicas-academicas-supervisadas-en-el-colegio-n11-benito-juarez\\\/#breadcrumb\",\"itemListElement\":[{\"@type\":\"ListItem\",\"position\":1,\"name\":\"Inicio\",\"item\":\"https:\\\/\\\/www.fcejs.unsl.edu.ar\\\/\"},{\"@type\":\"ListItem\",\"position\":2,\"name\":\"Estudiantes de la Licenciatura en Trabajo Social podr\u00e1n realizar sus Pr\u00e1cticas Acad\u00e9micas Supervisadas en el Colegio N\u00b011 \u201cBenito Ju\u00e1rez\"}]},{\"@type\":\"WebSite\",\"@id\":\"https:\\\/\\\/www.fcejs.unsl.edu.ar\\\/#website\",\"url\":\"https:\\\/\\\/www.fcejs.unsl.edu.ar\\\/\",\"name\":\"Facultad de Ciencias Econ\u00f3micas, Jur\u00ed\u00addicas y Sociales\",\"description\":\"\",\"publisher\":{\"@id\":\"https:\\\/\\\/www.fcejs.unsl.edu.ar\\\/#organization\"},\"potentialAction\":[{\"@type\":\"SearchAction\",\"target\":{\"@type\":\"EntryPoint\",\"urlTemplate\":\"https:\\\/\\\/www.fcejs.unsl.edu.ar\\\/?s={search_term_string}\"},\"query-input\":{\"@type\":\"PropertyValueSpecification\",\"valueRequired\":true,\"valueName\":\"search_term_string\"}}],\"inLanguage\":\"es-AR\"},{\"@type\":\"Organization\",\"@id\":\"https:\\\/\\\/www.fcejs.unsl.edu.ar\\\/#organization\",\"name\":\"Facultad de Ciencias Econ\u00f3micas, Jur\u00eddicas y Sociales\",\"url\":\"https:\\\/\\\/www.fcejs.unsl.edu.ar\\\/\",\"logo\":{\"@type\":\"ImageObject\",\"inLanguage\":\"es-AR\",\"@id\":\"https:\\\/\\\/www.fcejs.unsl.edu.ar\\\/#\\\/schema\\\/logo\\\/image\\\/\",\"url\":\"https:\\\/\\\/www.fcejs.unsl.edu.ar\\\/wp-content\\\/uploads\\\/2021\\\/03\\\/logo-1.jpg\",\"contentUrl\":\"https:\\\/\\\/www.fcejs.unsl.edu.ar\\\/wp-content\\\/uploads\\\/2021\\\/03\\\/logo-1.jpg\",\"width\":471,\"height\":146,\"caption\":\"Facultad de Ciencias Econ\u00f3micas, Jur\u00eddicas y Sociales\"},\"image\":{\"@id\":\"https:\\\/\\\/www.fcejs.unsl.edu.ar\\\/#\\\/schema\\\/logo\\\/image\\\/\"},\"sameAs\":[\"https:\\\/\\\/www.facebook.com\\\/FCEJS.UNSL\\\/\",\"https:\\\/\\\/x.com\\\/FCEJSUNSL\",\"https:\\\/\\\/www.instagram.com\\\/fcejs.unsl\\\/\",\"https:\\\/\\\/www.youtube.com\\\/channel\\\/UCH-Ut6EaN_X5ogjIQMPe46g\\\/\"]},{\"@type\":\"Person\",\"@id\":\"https:\\\/\\\/www.fcejs.unsl.edu.ar\\\/#\\\/schema\\\/person\\\/352ee6ed90c3f394c7cb5945f8956d34\",\"name\":\"DATI\"}]}<\/script>\n<!-- \/ Yoast SEO plugin. -->","yoast_head_json":{"title":"Estudiantes de la Licenciatura en Trabajo Social podr\u00e1n realizar sus Pr\u00e1cticas Acad\u00e9micas Supervisadas en el Colegio N\u00b011 \u201cBenito Ju\u00e1rez - Facultad de Ciencias Econ\u00f3micas, Jur\u00ed\u00addicas y Sociales","robots":{"index":"index","follow":"follow","max-snippet":"max-snippet:-1","max-image-preview":"max-image-preview:large","max-video-preview":"max-video-preview:-1"},"canonical":"https:\/\/www.fcejs.unsl.edu.ar\/index.php\/estudiantes-de-la-licenciatura-en-trabajo-social-podran-realizar-sus-practicas-academicas-supervisadas-en-el-colegio-n11-benito-juarez\/","og_locale":"es_ES","og_type":"article","og_title":"Estudiantes de la Licenciatura en Trabajo Social podr\u00e1n realizar sus Pr\u00e1cticas Acad\u00e9micas Supervisadas en el Colegio N\u00b011 \u201cBenito Ju\u00e1rez - Facultad de Ciencias Econ\u00f3micas, Jur\u00ed\u00addicas y Sociales","og_description":"En el marco del Convenio N\u00ba 170\/94, en la ma\u00f1ana del jueves 18 de noviembre el Decano, Mgtr. Marcelo Casabene junto al Director del Colegio&hellip;","og_url":"https:\/\/www.fcejs.unsl.edu.ar\/index.php\/estudiantes-de-la-licenciatura-en-trabajo-social-podran-realizar-sus-practicas-academicas-supervisadas-en-el-colegio-n11-benito-juarez\/","og_site_name":"Facultad de Ciencias Econ\u00f3micas, Jur\u00ed\u00addicas y Sociales","article_publisher":"https:\/\/www.facebook.com\/FCEJS.UNSL\/","article_published_time":"2021-11-19T12:29:27+00:00","article_modified_time":"2022-02-22T12:24:30+00:00","og_image":[{"width":1152,"height":647,"url":"https:\/\/www.fcejs.unsl.edu.ar\/wp-content\/uploads\/2021\/11\/ACTA-BENITO-.jpg","type":"image\/jpeg"}],"author":"DATI","twitter_card":"summary_large_image","twitter_creator":"@FCEJSUNSL","twitter_site":"@FCEJSUNSL","twitter_misc":{"Escrito por":"DATI","Tiempo de lectura":"2 minutos"},"schema":{"@context":"https:\/\/schema.org","@graph":[{"@type":"Article","@id":"https:\/\/www.fcejs.unsl.edu.ar\/index.php\/estudiantes-de-la-licenciatura-en-trabajo-social-podran-realizar-sus-practicas-academicas-supervisadas-en-el-colegio-n11-benito-juarez\/#article","isPartOf":{"@id":"https:\/\/www.fcejs.unsl.edu.ar\/index.php\/estudiantes-de-la-licenciatura-en-trabajo-social-podran-realizar-sus-practicas-academicas-supervisadas-en-el-colegio-n11-benito-juarez\/"},"author":{"name":"DATI","@id":"https:\/\/www.fcejs.unsl.edu.ar\/#\/schema\/person\/352ee6ed90c3f394c7cb5945f8956d34"},"headline":"Estudiantes de la Licenciatura en Trabajo Social podr\u00e1n realizar sus Pr\u00e1cticas Acad\u00e9micas Supervisadas en el Colegio N\u00b011 \u201cBenito Ju\u00e1rez","datePublished":"2021-11-19T12:29:27+00:00","dateModified":"2022-02-22T12:24:30+00:00","mainEntityOfPage":{"@id":"https:\/\/www.fcejs.unsl.edu.ar\/index.php\/estudiantes-de-la-licenciatura-en-trabajo-social-podran-realizar-sus-practicas-academicas-supervisadas-en-el-colegio-n11-benito-juarez\/"},"wordCount":301,"publisher":{"@id":"https:\/\/www.fcejs.unsl.edu.ar\/#organization"},"image":{"@id":"https:\/\/www.fcejs.unsl.edu.ar\/index.php\/estudiantes-de-la-licenciatura-en-trabajo-social-podran-realizar-sus-practicas-academicas-supervisadas-en-el-colegio-n11-benito-juarez\/#primaryimage"},"thumbnailUrl":"https:\/\/www.fcejs.unsl.edu.ar\/wp-content\/uploads\/2021\/11\/ACTA-BENITO-.jpg","articleSection":["Noticias"],"inLanguage":"es-AR"},{"@type":"WebPage","@id":"https:\/\/www.fcejs.unsl.edu.ar\/index.php\/estudiantes-de-la-licenciatura-en-trabajo-social-podran-realizar-sus-practicas-academicas-supervisadas-en-el-colegio-n11-benito-juarez\/","url":"https:\/\/www.fcejs.unsl.edu.ar\/index.php\/estudiantes-de-la-licenciatura-en-trabajo-social-podran-realizar-sus-practicas-academicas-supervisadas-en-el-colegio-n11-benito-juarez\/","name":"Estudiantes de la Licenciatura en Trabajo Social podr\u00e1n realizar sus Pr\u00e1cticas Acad\u00e9micas Supervisadas en el Colegio N\u00b011 \u201cBenito Ju\u00e1rez - Facultad de Ciencias Econ\u00f3micas, Jur\u00ed\u00addicas y Sociales","isPartOf":{"@id":"https:\/\/www.fcejs.unsl.edu.ar\/#website"},"primaryImageOfPage":{"@id":"https:\/\/www.fcejs.unsl.edu.ar\/index.php\/estudiantes-de-la-licenciatura-en-trabajo-social-podran-realizar-sus-practicas-academicas-supervisadas-en-el-colegio-n11-benito-juarez\/#primaryimage"},"image":{"@id":"https:\/\/www.fcejs.unsl.edu.ar\/index.php\/estudiantes-de-la-licenciatura-en-trabajo-social-podran-realizar-sus-practicas-academicas-supervisadas-en-el-colegio-n11-benito-juarez\/#primaryimage"},"thumbnailUrl":"https:\/\/www.fcejs.unsl.edu.ar\/wp-content\/uploads\/2021\/11\/ACTA-BENITO-.jpg","datePublished":"2021-11-19T12:29:27+00:00","dateModified":"2022-02-22T12:24:30+00:00","breadcrumb":{"@id":"https:\/\/www.fcejs.unsl.edu.ar\/index.php\/estudiantes-de-la-licenciatura-en-trabajo-social-podran-realizar-sus-practicas-academicas-supervisadas-en-el-colegio-n11-benito-juarez\/#breadcrumb"},"inLanguage":"es-AR","potentialAction":[{"@type":"ReadAction","target":["https:\/\/www.fcejs.unsl.edu.ar\/index.php\/estudiantes-de-la-licenciatura-en-trabajo-social-podran-realizar-sus-practicas-academicas-supervisadas-en-el-colegio-n11-benito-juarez\/"]}]},{"@type":"ImageObject","inLanguage":"es-AR","@id":"https:\/\/www.fcejs.unsl.edu.ar\/index.php\/estudiantes-de-la-licenciatura-en-trabajo-social-podran-realizar-sus-practicas-academicas-supervisadas-en-el-colegio-n11-benito-juarez\/#primaryimage","url":"https:\/\/www.fcejs.unsl.edu.ar\/wp-content\/uploads\/2021\/11\/ACTA-BENITO-.jpg","contentUrl":"https:\/\/www.fcejs.unsl.edu.ar\/wp-content\/uploads\/2021\/11\/ACTA-BENITO-.jpg","width":1152,"height":647},{"@type":"BreadcrumbList","@id":"https:\/\/www.fcejs.unsl.edu.ar\/index.php\/estudiantes-de-la-licenciatura-en-trabajo-social-podran-realizar-sus-practicas-academicas-supervisadas-en-el-colegio-n11-benito-juarez\/#breadcrumb","itemListElement":[{"@type":"ListItem","position":1,"name":"Inicio","item":"https:\/\/www.fcejs.unsl.edu.ar\/"},{"@type":"ListItem","position":2,"name":"Estudiantes de la Licenciatura en Trabajo Social podr\u00e1n realizar sus Pr\u00e1cticas Acad\u00e9micas Supervisadas en el Colegio N\u00b011 \u201cBenito Ju\u00e1rez"}]},{"@type":"WebSite","@id":"https:\/\/www.fcejs.unsl.edu.ar\/#website","url":"https:\/\/www.fcejs.unsl.edu.ar\/","name":"Facultad de Ciencias Econ\u00f3micas, Jur\u00ed\u00addicas y Sociales","description":"","publisher":{"@id":"https:\/\/www.fcejs.unsl.edu.ar\/#organization"},"potentialAction":[{"@type":"SearchAction","target":{"@type":"EntryPoint","urlTemplate":"https:\/\/www.fcejs.unsl.edu.ar\/?s={search_term_string}"},"query-input":{"@type":"PropertyValueSpecification","valueRequired":true,"valueName":"search_term_string"}}],"inLanguage":"es-AR"},{"@type":"Organization","@id":"https:\/\/www.fcejs.unsl.edu.ar\/#organization","name":"Facultad de Ciencias Econ\u00f3micas, Jur\u00eddicas y Sociales","url":"https:\/\/www.fcejs.unsl.edu.ar\/","logo":{"@type":"ImageObject","inLanguage":"es-AR","@id":"https:\/\/www.fcejs.unsl.edu.ar\/#\/schema\/logo\/image\/","url":"https:\/\/www.fcejs.unsl.edu.ar\/wp-content\/uploads\/2021\/03\/logo-1.jpg","contentUrl":"https:\/\/www.fcejs.unsl.edu.ar\/wp-content\/uploads\/2021\/03\/logo-1.jpg","width":471,"height":146,"caption":"Facultad de Ciencias Econ\u00f3micas, Jur\u00eddicas y Sociales"},"image":{"@id":"https:\/\/www.fcejs.unsl.edu.ar\/#\/schema\/logo\/image\/"},"sameAs":["https:\/\/www.facebook.com\/FCEJS.UNSL\/","https:\/\/x.com\/FCEJSUNSL","https:\/\/www.instagram.com\/fcejs.unsl\/","https:\/\/www.youtube.com\/channel\/UCH-Ut6EaN_X5ogjIQMPe46g\/"]},{"@type":"Person","@id":"https:\/\/www.fcejs.unsl.edu.ar\/#\/schema\/person\/352ee6ed90c3f394c7cb5945f8956d34","name":"DATI"}]}},"jetpack_featured_media_url":"https:\/\/www.fcejs.unsl.edu.ar\/wp-content\/uploads\/2021\/11\/ACTA-BENITO-.jpg","_links":{"self":[{"href":"https:\/\/www.fcejs.unsl.edu.ar\/index.php\/wp-json\/wp\/v2\/posts\/6279","targetHints":{"allow":["GET"]}}],"collection":[{"href":"https:\/\/www.fcejs.unsl.edu.ar\/index.php\/wp-json\/wp\/v2\/posts"}],"about":[{"href":"https:\/\/www.fcejs.unsl.edu.ar\/index.php\/wp-json\/wp\/v2\/types\/post"}],"author":[{"embeddable":true,"href":"https:\/\/www.fcejs.unsl.edu.ar\/index.php\/wp-json\/wp\/v2\/users\/9"}],"replies":[{"embeddable":true,"href":"https:\/\/www.fcejs.unsl.edu.ar\/index.php\/wp-json\/wp\/v2\/comments?post=6279"}],"version-history":[{"count":3,"href":"https:\/\/www.fcejs.unsl.edu.ar\/index.php\/wp-json\/wp\/v2\/posts\/6279\/revisions"}],"predecessor-version":[{"id":6283,"href":"https:\/\/www.fcejs.unsl.edu.ar\/index.php\/wp-json\/wp\/v2\/posts\/6279\/revisions\/6283"}],"wp:featuredmedia":[{"embeddable":true,"href":"https:\/\/www.fcejs.unsl.edu.ar\/index.php\/wp-json\/wp\/v2\/media\/6280"}],"wp:attachment":[{"href":"https:\/\/www.fcejs.unsl.edu.ar\/index.php\/wp-json\/wp\/v2\/media?parent=6279"}],"wp:term":[{"taxonomy":"category","embeddable":true,"href":"https:\/\/www.fcejs.unsl.edu.ar\/index.php\/wp-json\/wp\/v2\/categories?post=6279"},{"taxonomy":"post_tag","embeddable":true,"href":"https:\/\/www.fcejs.unsl.edu.ar\/index.php\/wp-json\/wp\/v2\/tags?post=6279"}],"curies":[{"name":"wp","href":"https:\/\/api.w.org\/{rel}","templated":true}]}}