{"id":6230,"date":"2021-11-16T13:00:15","date_gmt":"2021-11-16T16:00:15","guid":{"rendered":"http:\/\/10.101.10.197\/www\/?p=6230"},"modified":"2022-02-22T09:24:16","modified_gmt":"2022-02-22T12:24:16","slug":"anunciaron-una-historica-obra-en-la-sede-universitaria-de-villa-mercedes","status":"publish","type":"post","link":"https:\/\/www.fcejs.unsl.edu.ar\/index.php\/anunciaron-una-historica-obra-en-la-sede-universitaria-de-villa-mercedes\/","title":{"rendered":"Anunciaron una hist\u00f3rica obra en la sede universitaria de Villa Mercedes"},"content":{"rendered":"<p>En sesi\u00f3n del Consejo Superior, el Rector present\u00f3 un proyecto que cont\u00f3 con el apoyo un\u00e1nime del Cuerpo Colegiado. La sede de la Universidad Nacional de San Luis (UNSL) en la ciudad de Villa Mercedes contar\u00e1 con una hist\u00f3rica obra que se realizar\u00e1 en acuerdo con el Gobierno provincial. Se invertir\u00e1n alrededor de 700 millones de pesos. Se construir\u00e1n residencias estudiantiles, un (1) museo y dos (2) auditorios.\u00a0El rector C.P.N V\u00edctor Mori\u00f1igo solicit\u00f3 este martes 16 de noviembre al Consejo Superior la autorizaci\u00f3n para la firma de un acta acuerdo con el Gobierno de San Luis, a trav\u00e9s de su Ministerio de Obras P\u00fablicas, para avanzar con las pr\u00f3ximas actuaciones.<\/p>\n<p>Los trabajos se realizar\u00e1n en el edificio de la calle 25 de Mayo, en un hist\u00f3rico lugar de m\u00e1s de 100 a\u00f1os, el cual fue cedido a la Instituci\u00f3n y en donde tom\u00f3 impulso la sede universitaria de la UNSL en la localidad de Villa Mercedes.<\/p>\n<p>El acuerdo que se llevar\u00e1 adelante con el Gobierno de la Provincia incluye la puesta en valor del lugar y la preservaci\u00f3n del mismo como patrimonio cultural, y la construcci\u00f3n de obras nuevas, entre ellas la edificaci\u00f3n de dos (2) auditorios, uno con 440 butacas y otro con 240, con escenario, dos (2) camarines, sanitarios y dep\u00f3sito general para las salas.<\/p>\n<figure class=\"wp-block-image\"><img decoding=\"async\" class=\"wp-image-61972\" src=\"http:\/\/www.noticias.unsl.edu.ar\/wp-content\/uploads\/2021\/11\/211116-Consejo-Superior-2-2.jpg\" sizes=\"(max-width: 1000px) 100vw, 1000px\" srcset=\"http:\/\/www.noticias.unsl.edu.ar\/wp-content\/uploads\/2021\/11\/211116-Consejo-Superior-2-2.jpg 1000w, http:\/\/www.noticias.unsl.edu.ar\/wp-content\/uploads\/2021\/11\/211116-Consejo-Superior-2-2-300x200.jpg 300w\" alt=\"\" \/><\/figure>\n<p>El Rector explic\u00f3 que las condiciones estructurales del edificio demandaron un accionar urgente para su puesta en valor. Adem\u00e1s expres\u00f3 que al inaugurarse el Campus Universitario se realiz\u00f3 el traslado de la totalidad de la comunidad universitaria y el edificio qued\u00f3 sin uso.<\/p>\n<p><em>\u00abHemos tenido graves problemas para cuidarlo e incluso quejas de los vecinos que percib\u00edan que se hab\u00eda desmejorado la zona con muchas malezas y rajaduras internas de la infraestructura. Junto con el Vicerrector visitamos el lugar varias veces y hab\u00eda una necesidad imperiosa de encontrarle una soluci\u00f3n, sobre todo la responsabilidad inmediata\u00bb .<\/em><\/p>\n<p>Durante la sesi\u00f3n del Consejo Superior el Rector dijo que el expediente inici\u00f3 el 5 de marzo de 2021, firmado por el secretario de Infraestructura de las Facultades de Villa Mercedes, y se remarc\u00f3 la necesidad de retirar a la totalidad de las personas que all\u00ed trabajaban porque hab\u00eda peligro de derrumbes.<\/p>\n<p><em>\u00abDesde hace meses venimos construyendo un acuerdo con el Gobierno de la Provincia que tiene el andamiaje administrativo y legal id\u00e9ntico al del Barrio Rawson, que tiene que ver con la cesi\u00f3n en derecho de superficie del edificio 25 de mayo donde la fachada y las cuestiones hist\u00f3ricas se mantienen inalterables, porque entiendo que hay una disposici\u00f3n de que es un edificio declarado hist\u00f3rico por la ciudad de Villa Mercedes\u00bb,\u00a0<\/em>dijo Mori\u00f1igo, quien explic\u00f3 que los espacios solamente podr\u00e1n utilizarse con fines culturales y universitarios.<\/p>\n<figure class=\"wp-block-image\"><img decoding=\"async\" class=\"wp-image-61973\" src=\"http:\/\/www.noticias.unsl.edu.ar\/wp-content\/uploads\/2021\/11\/211116-Consejo-Superior-3-3.jpg\" sizes=\"(max-width: 1000px) 100vw, 1000px\" srcset=\"http:\/\/www.noticias.unsl.edu.ar\/wp-content\/uploads\/2021\/11\/211116-Consejo-Superior-3-3.jpg 1000w, http:\/\/www.noticias.unsl.edu.ar\/wp-content\/uploads\/2021\/11\/211116-Consejo-Superior-3-3-300x200.jpg 300w\" alt=\"\" \/><\/figure>\n<p>El Gobierno propone reciclar y construir a su cargo y costo la infraestructura destinada a actividades culturales y universitarias, y realizar la puesta en valor del actual edificio. Una vez firmado el acuerdo se dispone de 24 meses de ejecuci\u00f3n, como tiempo m\u00e1ximo.<\/p>\n<p>En el lugar se realizar\u00e1n: residencias estudiantiles que estar\u00e1n compuestas por tres (3) habitaciones para dos (2) estudiantes y una (1) habitaci\u00f3n para tres (3) estudiantes; dos (2) n\u00facleos de sanitarios; un (1) sal\u00f3n comedor de cocina y despensa; salas de estudio para residentes; oficinas, fotocopiadoras y bibliotecas con destino a Centros de Estudiantes; galer\u00eda general; hall de acceso principal; oficina para director, administraci\u00f3n, secretar\u00eda, recepci\u00f3n e informes, y racks con tableros tecnol\u00f3gicos.<\/p>\n<p>Adem\u00e1s se construir\u00e1 un espacio de coworking para exclusividad de los universitarios, nueve (9) oficinas, una (1) gestor\u00eda y dep\u00f3sitos para material de trabajo. Se sumar\u00e1 un (1) bar confiter\u00eda, galer\u00edas semicubiertas, y un (1) museo institucional con cuatro (4) salas para tal fin.<\/p>\n<p>Sobre los auditorios el Rector sostuvo que\u00a0<em>\u00abhay una hist\u00f3rica demanda del Centro Universitario de Villa Mercedes de un centro de convenciones, lugar donde se puedan realizar todos los actos institucionales\u00bb<\/em>.<\/p>\n<figure class=\"wp-block-image\"><img decoding=\"async\" class=\"wp-image-61964\" src=\"http:\/\/www.noticias.unsl.edu.ar\/wp-content\/uploads\/2021\/11\/211116-Consejo-Superior-1-1.jpg\" sizes=\"(max-width: 1000px) 100vw, 1000px\" srcset=\"http:\/\/www.noticias.unsl.edu.ar\/wp-content\/uploads\/2021\/11\/211116-Consejo-Superior-1-1.jpg 1000w, http:\/\/www.noticias.unsl.edu.ar\/wp-content\/uploads\/2021\/11\/211116-Consejo-Superior-1-1-300x200.jpg 300w\" alt=\"\" \/><\/figure>\n<p>El vicerrector Mgtr. H\u00e9ctor Flores expres\u00f3<em>: \u00abeste edificio que hoy est\u00e1 en una situaci\u00f3n lamentable le dio impulso a lo que es el Campus Universitario de Villa Mercedes (\u2026) Es un sue\u00f1o poder transformarlo. Ese edificio es de la sociedad villamercedina y la verdad que Villa Mercedes es una sociedad a la cual la UNSL le debe mucho\u00bb<\/em>, dijo.<\/p>\n<p>Por su parte, el decano de la Facultad de Ingenier\u00eda y Ciencias Agropecuarias (FICA) Mgtr. Sergio Ribotta, expres\u00f3 que desde hace muchos a\u00f1os se ve\u00eda un deterioro del edificio por su antig\u00fcedad.\u00a0<em>\u00abSiempre la parte presupuestaria fue un condicionante y nunca pudimos solucionar el tema de fondo, que es la parte estructural (\u2026) Poco a poco fuimos limit\u00e1ndonos, cerrando dependencias y hemos tenido la suerte pese al desprendimiento de paredes y ca\u00edda de cielo raso de que no ocurriera ning\u00fan accidente\u00bb<\/em>, cont\u00f3.<\/p>\n<p>El decano de la Facultad de Ciencias Econ\u00f3micas, Jur\u00eddicas y Sociales (FCEJS), Mgtr. Marcelo Casabene, transmiti\u00f3 su satisfacci\u00f3n por la posibilidad de que la UNSL logre este proyecto.\u00a0<em>\u00abAdem\u00e1s de merecerlo, lo necesitamos realmente. Hemos tenido que hacer actos de egresados\/as en lugares que no son los ideales, fundamentalmente para los\/as egresados\/as y familia, y tenemos que salir a alquilar alg\u00fan espacio en la Ciudad o que nos preste la Municipalidad, que siempre nos ha facilitado espacios c\u00f3modos, pero no es lo mismo contar con nuestro lugar\u00bb<\/em>, concluy\u00f3.<\/p>\n<p>FUENTE: PRENSA UNSL<\/p>\n","protected":false},"excerpt":{"rendered":"<p>En sesi\u00f3n del Consejo Superior, el Rector present\u00f3 un proyecto que cont\u00f3 con el apoyo un\u00e1nime del Cuerpo Colegiado. La sede de la Universidad Nacional&hellip;<\/p>\n","protected":false},"author":9,"featured_media":6231,"comment_status":"closed","ping_status":"closed","sticky":false,"template":"","format":"standard","meta":{"om_disable_all_campaigns":false,"_monsterinsights_skip_tracking":false,"_monsterinsights_sitenote_active":false,"_monsterinsights_sitenote_note":"","_monsterinsights_sitenote_category":0,"footnotes":""},"categories":[1],"tags":[],"class_list":["post-6230","post","type-post","status-publish","format-standard","has-post-thumbnail","hentry","category-noticias"],"yoast_head":"<!-- This site is optimized with the Yoast SEO plugin v27.5 - https:\/\/yoast.com\/product\/yoast-seo-wordpress\/ -->\n<title>Anunciaron una hist\u00f3rica obra en la sede universitaria de Villa Mercedes - Facultad de Ciencias Econ\u00f3micas, Jur\u00ed\u00addicas y Sociales<\/title>\n<meta name=\"robots\" content=\"index, follow, max-snippet:-1, max-image-preview:large, max-video-preview:-1\" \/>\n<link rel=\"canonical\" href=\"https:\/\/www.fcejs.unsl.edu.ar\/index.php\/anunciaron-una-historica-obra-en-la-sede-universitaria-de-villa-mercedes\/\" \/>\n<meta property=\"og:locale\" content=\"es_ES\" \/>\n<meta property=\"og:type\" content=\"article\" \/>\n<meta property=\"og:title\" content=\"Anunciaron una hist\u00f3rica obra en la sede universitaria de Villa Mercedes - Facultad de Ciencias Econ\u00f3micas, Jur\u00ed\u00addicas y Sociales\" \/>\n<meta property=\"og:description\" content=\"En sesi\u00f3n del Consejo Superior, el Rector present\u00f3 un proyecto que cont\u00f3 con el apoyo un\u00e1nime del Cuerpo Colegiado. La sede de la Universidad Nacional&hellip;\" \/>\n<meta property=\"og:url\" content=\"https:\/\/www.fcejs.unsl.edu.ar\/index.php\/anunciaron-una-historica-obra-en-la-sede-universitaria-de-villa-mercedes\/\" \/>\n<meta property=\"og:site_name\" content=\"Facultad de Ciencias Econ\u00f3micas, Jur\u00ed\u00addicas y Sociales\" \/>\n<meta property=\"article:publisher\" content=\"https:\/\/www.facebook.com\/FCEJS.UNSL\/\" \/>\n<meta property=\"article:published_time\" content=\"2021-11-16T16:00:15+00:00\" \/>\n<meta property=\"article:modified_time\" content=\"2022-02-22T12:24:16+00:00\" \/>\n<meta property=\"og:image\" content=\"https:\/\/www.fcejs.unsl.edu.ar\/wp-content\/uploads\/2021\/11\/anunicio-fcejs.jpg\" \/>\n\t<meta property=\"og:image:width\" content=\"1152\" \/>\n\t<meta property=\"og:image:height\" content=\"647\" \/>\n\t<meta property=\"og:image:type\" content=\"image\/jpeg\" \/>\n<meta name=\"author\" content=\"DATI\" \/>\n<meta name=\"twitter:card\" content=\"summary_large_image\" \/>\n<meta name=\"twitter:creator\" content=\"@FCEJSUNSL\" \/>\n<meta name=\"twitter:site\" content=\"@FCEJSUNSL\" \/>\n<meta name=\"twitter:label1\" content=\"Escrito por\" \/>\n\t<meta name=\"twitter:data1\" content=\"DATI\" \/>\n\t<meta name=\"twitter:label2\" content=\"Tiempo de lectura\" \/>\n\t<meta name=\"twitter:data2\" content=\"5 minutos\" \/>\n<script type=\"application\/ld+json\" class=\"yoast-schema-graph\">{\"@context\":\"https:\\\/\\\/schema.org\",\"@graph\":[{\"@type\":\"Article\",\"@id\":\"https:\\\/\\\/www.fcejs.unsl.edu.ar\\\/index.php\\\/anunciaron-una-historica-obra-en-la-sede-universitaria-de-villa-mercedes\\\/#article\",\"isPartOf\":{\"@id\":\"https:\\\/\\\/www.fcejs.unsl.edu.ar\\\/index.php\\\/anunciaron-una-historica-obra-en-la-sede-universitaria-de-villa-mercedes\\\/\"},\"author\":{\"name\":\"DATI\",\"@id\":\"https:\\\/\\\/www.fcejs.unsl.edu.ar\\\/#\\\/schema\\\/person\\\/352ee6ed90c3f394c7cb5945f8956d34\"},\"headline\":\"Anunciaron una hist\u00f3rica obra en la sede universitaria de Villa Mercedes\",\"datePublished\":\"2021-11-16T16:00:15+00:00\",\"dateModified\":\"2022-02-22T12:24:16+00:00\",\"mainEntityOfPage\":{\"@id\":\"https:\\\/\\\/www.fcejs.unsl.edu.ar\\\/index.php\\\/anunciaron-una-historica-obra-en-la-sede-universitaria-de-villa-mercedes\\\/\"},\"wordCount\":931,\"publisher\":{\"@id\":\"https:\\\/\\\/www.fcejs.unsl.edu.ar\\\/#organization\"},\"image\":{\"@id\":\"https:\\\/\\\/www.fcejs.unsl.edu.ar\\\/index.php\\\/anunciaron-una-historica-obra-en-la-sede-universitaria-de-villa-mercedes\\\/#primaryimage\"},\"thumbnailUrl\":\"https:\\\/\\\/www.fcejs.unsl.edu.ar\\\/wp-content\\\/uploads\\\/2021\\\/11\\\/anunicio-fcejs.jpg\",\"articleSection\":[\"Noticias\"],\"inLanguage\":\"es-AR\"},{\"@type\":\"WebPage\",\"@id\":\"https:\\\/\\\/www.fcejs.unsl.edu.ar\\\/index.php\\\/anunciaron-una-historica-obra-en-la-sede-universitaria-de-villa-mercedes\\\/\",\"url\":\"https:\\\/\\\/www.fcejs.unsl.edu.ar\\\/index.php\\\/anunciaron-una-historica-obra-en-la-sede-universitaria-de-villa-mercedes\\\/\",\"name\":\"Anunciaron una hist\u00f3rica obra en la sede universitaria de Villa Mercedes - Facultad de Ciencias Econ\u00f3micas, Jur\u00ed\u00addicas y Sociales\",\"isPartOf\":{\"@id\":\"https:\\\/\\\/www.fcejs.unsl.edu.ar\\\/#website\"},\"primaryImageOfPage\":{\"@id\":\"https:\\\/\\\/www.fcejs.unsl.edu.ar\\\/index.php\\\/anunciaron-una-historica-obra-en-la-sede-universitaria-de-villa-mercedes\\\/#primaryimage\"},\"image\":{\"@id\":\"https:\\\/\\\/www.fcejs.unsl.edu.ar\\\/index.php\\\/anunciaron-una-historica-obra-en-la-sede-universitaria-de-villa-mercedes\\\/#primaryimage\"},\"thumbnailUrl\":\"https:\\\/\\\/www.fcejs.unsl.edu.ar\\\/wp-content\\\/uploads\\\/2021\\\/11\\\/anunicio-fcejs.jpg\",\"datePublished\":\"2021-11-16T16:00:15+00:00\",\"dateModified\":\"2022-02-22T12:24:16+00:00\",\"breadcrumb\":{\"@id\":\"https:\\\/\\\/www.fcejs.unsl.edu.ar\\\/index.php\\\/anunciaron-una-historica-obra-en-la-sede-universitaria-de-villa-mercedes\\\/#breadcrumb\"},\"inLanguage\":\"es-AR\",\"potentialAction\":[{\"@type\":\"ReadAction\",\"target\":[\"https:\\\/\\\/www.fcejs.unsl.edu.ar\\\/index.php\\\/anunciaron-una-historica-obra-en-la-sede-universitaria-de-villa-mercedes\\\/\"]}]},{\"@type\":\"ImageObject\",\"inLanguage\":\"es-AR\",\"@id\":\"https:\\\/\\\/www.fcejs.unsl.edu.ar\\\/index.php\\\/anunciaron-una-historica-obra-en-la-sede-universitaria-de-villa-mercedes\\\/#primaryimage\",\"url\":\"https:\\\/\\\/www.fcejs.unsl.edu.ar\\\/wp-content\\\/uploads\\\/2021\\\/11\\\/anunicio-fcejs.jpg\",\"contentUrl\":\"https:\\\/\\\/www.fcejs.unsl.edu.ar\\\/wp-content\\\/uploads\\\/2021\\\/11\\\/anunicio-fcejs.jpg\",\"width\":1152,\"height\":647},{\"@type\":\"BreadcrumbList\",\"@id\":\"https:\\\/\\\/www.fcejs.unsl.edu.ar\\\/index.php\\\/anunciaron-una-historica-obra-en-la-sede-universitaria-de-villa-mercedes\\\/#breadcrumb\",\"itemListElement\":[{\"@type\":\"ListItem\",\"position\":1,\"name\":\"Inicio\",\"item\":\"https:\\\/\\\/www.fcejs.unsl.edu.ar\\\/\"},{\"@type\":\"ListItem\",\"position\":2,\"name\":\"Anunciaron una hist\u00f3rica obra en la sede universitaria de Villa Mercedes\"}]},{\"@type\":\"WebSite\",\"@id\":\"https:\\\/\\\/www.fcejs.unsl.edu.ar\\\/#website\",\"url\":\"https:\\\/\\\/www.fcejs.unsl.edu.ar\\\/\",\"name\":\"Facultad de Ciencias Econ\u00f3micas, Jur\u00ed\u00addicas y Sociales\",\"description\":\"\",\"publisher\":{\"@id\":\"https:\\\/\\\/www.fcejs.unsl.edu.ar\\\/#organization\"},\"potentialAction\":[{\"@type\":\"SearchAction\",\"target\":{\"@type\":\"EntryPoint\",\"urlTemplate\":\"https:\\\/\\\/www.fcejs.unsl.edu.ar\\\/?s={search_term_string}\"},\"query-input\":{\"@type\":\"PropertyValueSpecification\",\"valueRequired\":true,\"valueName\":\"search_term_string\"}}],\"inLanguage\":\"es-AR\"},{\"@type\":\"Organization\",\"@id\":\"https:\\\/\\\/www.fcejs.unsl.edu.ar\\\/#organization\",\"name\":\"Facultad de Ciencias Econ\u00f3micas, Jur\u00eddicas y Sociales\",\"url\":\"https:\\\/\\\/www.fcejs.unsl.edu.ar\\\/\",\"logo\":{\"@type\":\"ImageObject\",\"inLanguage\":\"es-AR\",\"@id\":\"https:\\\/\\\/www.fcejs.unsl.edu.ar\\\/#\\\/schema\\\/logo\\\/image\\\/\",\"url\":\"https:\\\/\\\/www.fcejs.unsl.edu.ar\\\/wp-content\\\/uploads\\\/2021\\\/03\\\/logo-1.jpg\",\"contentUrl\":\"https:\\\/\\\/www.fcejs.unsl.edu.ar\\\/wp-content\\\/uploads\\\/2021\\\/03\\\/logo-1.jpg\",\"width\":471,\"height\":146,\"caption\":\"Facultad de Ciencias Econ\u00f3micas, Jur\u00eddicas y Sociales\"},\"image\":{\"@id\":\"https:\\\/\\\/www.fcejs.unsl.edu.ar\\\/#\\\/schema\\\/logo\\\/image\\\/\"},\"sameAs\":[\"https:\\\/\\\/www.facebook.com\\\/FCEJS.UNSL\\\/\",\"https:\\\/\\\/x.com\\\/FCEJSUNSL\",\"https:\\\/\\\/www.instagram.com\\\/fcejs.unsl\\\/\",\"https:\\\/\\\/www.youtube.com\\\/channel\\\/UCH-Ut6EaN_X5ogjIQMPe46g\\\/\"]},{\"@type\":\"Person\",\"@id\":\"https:\\\/\\\/www.fcejs.unsl.edu.ar\\\/#\\\/schema\\\/person\\\/352ee6ed90c3f394c7cb5945f8956d34\",\"name\":\"DATI\"}]}<\/script>\n<!-- \/ Yoast SEO plugin. -->","yoast_head_json":{"title":"Anunciaron una hist\u00f3rica obra en la sede universitaria de Villa Mercedes - Facultad de Ciencias Econ\u00f3micas, Jur\u00ed\u00addicas y Sociales","robots":{"index":"index","follow":"follow","max-snippet":"max-snippet:-1","max-image-preview":"max-image-preview:large","max-video-preview":"max-video-preview:-1"},"canonical":"https:\/\/www.fcejs.unsl.edu.ar\/index.php\/anunciaron-una-historica-obra-en-la-sede-universitaria-de-villa-mercedes\/","og_locale":"es_ES","og_type":"article","og_title":"Anunciaron una hist\u00f3rica obra en la sede universitaria de Villa Mercedes - Facultad de Ciencias Econ\u00f3micas, Jur\u00ed\u00addicas y Sociales","og_description":"En sesi\u00f3n del Consejo Superior, el Rector present\u00f3 un proyecto que cont\u00f3 con el apoyo un\u00e1nime del Cuerpo Colegiado. La sede de la Universidad Nacional&hellip;","og_url":"https:\/\/www.fcejs.unsl.edu.ar\/index.php\/anunciaron-una-historica-obra-en-la-sede-universitaria-de-villa-mercedes\/","og_site_name":"Facultad de Ciencias Econ\u00f3micas, Jur\u00ed\u00addicas y Sociales","article_publisher":"https:\/\/www.facebook.com\/FCEJS.UNSL\/","article_published_time":"2021-11-16T16:00:15+00:00","article_modified_time":"2022-02-22T12:24:16+00:00","og_image":[{"width":1152,"height":647,"url":"https:\/\/www.fcejs.unsl.edu.ar\/wp-content\/uploads\/2021\/11\/anunicio-fcejs.jpg","type":"image\/jpeg"}],"author":"DATI","twitter_card":"summary_large_image","twitter_creator":"@FCEJSUNSL","twitter_site":"@FCEJSUNSL","twitter_misc":{"Escrito por":"DATI","Tiempo de lectura":"5 minutos"},"schema":{"@context":"https:\/\/schema.org","@graph":[{"@type":"Article","@id":"https:\/\/www.fcejs.unsl.edu.ar\/index.php\/anunciaron-una-historica-obra-en-la-sede-universitaria-de-villa-mercedes\/#article","isPartOf":{"@id":"https:\/\/www.fcejs.unsl.edu.ar\/index.php\/anunciaron-una-historica-obra-en-la-sede-universitaria-de-villa-mercedes\/"},"author":{"name":"DATI","@id":"https:\/\/www.fcejs.unsl.edu.ar\/#\/schema\/person\/352ee6ed90c3f394c7cb5945f8956d34"},"headline":"Anunciaron una hist\u00f3rica obra en la sede universitaria de Villa Mercedes","datePublished":"2021-11-16T16:00:15+00:00","dateModified":"2022-02-22T12:24:16+00:00","mainEntityOfPage":{"@id":"https:\/\/www.fcejs.unsl.edu.ar\/index.php\/anunciaron-una-historica-obra-en-la-sede-universitaria-de-villa-mercedes\/"},"wordCount":931,"publisher":{"@id":"https:\/\/www.fcejs.unsl.edu.ar\/#organization"},"image":{"@id":"https:\/\/www.fcejs.unsl.edu.ar\/index.php\/anunciaron-una-historica-obra-en-la-sede-universitaria-de-villa-mercedes\/#primaryimage"},"thumbnailUrl":"https:\/\/www.fcejs.unsl.edu.ar\/wp-content\/uploads\/2021\/11\/anunicio-fcejs.jpg","articleSection":["Noticias"],"inLanguage":"es-AR"},{"@type":"WebPage","@id":"https:\/\/www.fcejs.unsl.edu.ar\/index.php\/anunciaron-una-historica-obra-en-la-sede-universitaria-de-villa-mercedes\/","url":"https:\/\/www.fcejs.unsl.edu.ar\/index.php\/anunciaron-una-historica-obra-en-la-sede-universitaria-de-villa-mercedes\/","name":"Anunciaron una hist\u00f3rica obra en la sede universitaria de Villa Mercedes - Facultad de Ciencias Econ\u00f3micas, Jur\u00ed\u00addicas y Sociales","isPartOf":{"@id":"https:\/\/www.fcejs.unsl.edu.ar\/#website"},"primaryImageOfPage":{"@id":"https:\/\/www.fcejs.unsl.edu.ar\/index.php\/anunciaron-una-historica-obra-en-la-sede-universitaria-de-villa-mercedes\/#primaryimage"},"image":{"@id":"https:\/\/www.fcejs.unsl.edu.ar\/index.php\/anunciaron-una-historica-obra-en-la-sede-universitaria-de-villa-mercedes\/#primaryimage"},"thumbnailUrl":"https:\/\/www.fcejs.unsl.edu.ar\/wp-content\/uploads\/2021\/11\/anunicio-fcejs.jpg","datePublished":"2021-11-16T16:00:15+00:00","dateModified":"2022-02-22T12:24:16+00:00","breadcrumb":{"@id":"https:\/\/www.fcejs.unsl.edu.ar\/index.php\/anunciaron-una-historica-obra-en-la-sede-universitaria-de-villa-mercedes\/#breadcrumb"},"inLanguage":"es-AR","potentialAction":[{"@type":"ReadAction","target":["https:\/\/www.fcejs.unsl.edu.ar\/index.php\/anunciaron-una-historica-obra-en-la-sede-universitaria-de-villa-mercedes\/"]}]},{"@type":"ImageObject","inLanguage":"es-AR","@id":"https:\/\/www.fcejs.unsl.edu.ar\/index.php\/anunciaron-una-historica-obra-en-la-sede-universitaria-de-villa-mercedes\/#primaryimage","url":"https:\/\/www.fcejs.unsl.edu.ar\/wp-content\/uploads\/2021\/11\/anunicio-fcejs.jpg","contentUrl":"https:\/\/www.fcejs.unsl.edu.ar\/wp-content\/uploads\/2021\/11\/anunicio-fcejs.jpg","width":1152,"height":647},{"@type":"BreadcrumbList","@id":"https:\/\/www.fcejs.unsl.edu.ar\/index.php\/anunciaron-una-historica-obra-en-la-sede-universitaria-de-villa-mercedes\/#breadcrumb","itemListElement":[{"@type":"ListItem","position":1,"name":"Inicio","item":"https:\/\/www.fcejs.unsl.edu.ar\/"},{"@type":"ListItem","position":2,"name":"Anunciaron una hist\u00f3rica obra en la sede universitaria de Villa Mercedes"}]},{"@type":"WebSite","@id":"https:\/\/www.fcejs.unsl.edu.ar\/#website","url":"https:\/\/www.fcejs.unsl.edu.ar\/","name":"Facultad de Ciencias Econ\u00f3micas, Jur\u00ed\u00addicas y Sociales","description":"","publisher":{"@id":"https:\/\/www.fcejs.unsl.edu.ar\/#organization"},"potentialAction":[{"@type":"SearchAction","target":{"@type":"EntryPoint","urlTemplate":"https:\/\/www.fcejs.unsl.edu.ar\/?s={search_term_string}"},"query-input":{"@type":"PropertyValueSpecification","valueRequired":true,"valueName":"search_term_string"}}],"inLanguage":"es-AR"},{"@type":"Organization","@id":"https:\/\/www.fcejs.unsl.edu.ar\/#organization","name":"Facultad de Ciencias Econ\u00f3micas, Jur\u00eddicas y Sociales","url":"https:\/\/www.fcejs.unsl.edu.ar\/","logo":{"@type":"ImageObject","inLanguage":"es-AR","@id":"https:\/\/www.fcejs.unsl.edu.ar\/#\/schema\/logo\/image\/","url":"https:\/\/www.fcejs.unsl.edu.ar\/wp-content\/uploads\/2021\/03\/logo-1.jpg","contentUrl":"https:\/\/www.fcejs.unsl.edu.ar\/wp-content\/uploads\/2021\/03\/logo-1.jpg","width":471,"height":146,"caption":"Facultad de Ciencias Econ\u00f3micas, Jur\u00eddicas y Sociales"},"image":{"@id":"https:\/\/www.fcejs.unsl.edu.ar\/#\/schema\/logo\/image\/"},"sameAs":["https:\/\/www.facebook.com\/FCEJS.UNSL\/","https:\/\/x.com\/FCEJSUNSL","https:\/\/www.instagram.com\/fcejs.unsl\/","https:\/\/www.youtube.com\/channel\/UCH-Ut6EaN_X5ogjIQMPe46g\/"]},{"@type":"Person","@id":"https:\/\/www.fcejs.unsl.edu.ar\/#\/schema\/person\/352ee6ed90c3f394c7cb5945f8956d34","name":"DATI"}]}},"jetpack_featured_media_url":"https:\/\/www.fcejs.unsl.edu.ar\/wp-content\/uploads\/2021\/11\/anunicio-fcejs.jpg","_links":{"self":[{"href":"https:\/\/www.fcejs.unsl.edu.ar\/index.php\/wp-json\/wp\/v2\/posts\/6230","targetHints":{"allow":["GET"]}}],"collection":[{"href":"https:\/\/www.fcejs.unsl.edu.ar\/index.php\/wp-json\/wp\/v2\/posts"}],"about":[{"href":"https:\/\/www.fcejs.unsl.edu.ar\/index.php\/wp-json\/wp\/v2\/types\/post"}],"author":[{"embeddable":true,"href":"https:\/\/www.fcejs.unsl.edu.ar\/index.php\/wp-json\/wp\/v2\/users\/9"}],"replies":[{"embeddable":true,"href":"https:\/\/www.fcejs.unsl.edu.ar\/index.php\/wp-json\/wp\/v2\/comments?post=6230"}],"version-history":[{"count":2,"href":"https:\/\/www.fcejs.unsl.edu.ar\/index.php\/wp-json\/wp\/v2\/posts\/6230\/revisions"}],"predecessor-version":[{"id":6233,"href":"https:\/\/www.fcejs.unsl.edu.ar\/index.php\/wp-json\/wp\/v2\/posts\/6230\/revisions\/6233"}],"wp:featuredmedia":[{"embeddable":true,"href":"https:\/\/www.fcejs.unsl.edu.ar\/index.php\/wp-json\/wp\/v2\/media\/6231"}],"wp:attachment":[{"href":"https:\/\/www.fcejs.unsl.edu.ar\/index.php\/wp-json\/wp\/v2\/media?parent=6230"}],"wp:term":[{"taxonomy":"category","embeddable":true,"href":"https:\/\/www.fcejs.unsl.edu.ar\/index.php\/wp-json\/wp\/v2\/categories?post=6230"},{"taxonomy":"post_tag","embeddable":true,"href":"https:\/\/www.fcejs.unsl.edu.ar\/index.php\/wp-json\/wp\/v2\/tags?post=6230"}],"curies":[{"name":"wp","href":"https:\/\/api.w.org\/{rel}","templated":true}]}}