{"id":6209,"date":"2021-11-12T09:19:55","date_gmt":"2021-11-12T12:19:55","guid":{"rendered":"http:\/\/10.101.10.197\/www\/?p=6209"},"modified":"2022-02-22T09:24:07","modified_gmt":"2022-02-22T12:24:07","slug":"informacion-sobre-solicitud-de-creditos-provinciales","status":"publish","type":"post","link":"https:\/\/www.fcejs.unsl.edu.ar\/index.php\/informacion-sobre-solicitud-de-creditos-provinciales\/","title":{"rendered":"Informaci\u00f3n sobre solicitud de cr\u00e9ditos provinciales"},"content":{"rendered":"<p>La Secretar\u00eda de Hacienda, Administraci\u00f3n e Infraestructura comunica a la comunidad universitaria la concreci\u00f3n de la instrumentaci\u00f3n de la primera etapa de los cr\u00e9ditos para empleados p\u00fablicos nacionales, en virtud del acuerdo generado entre la UNSL y el Estado Provincial.<\/p>\n<p>Para manifestar la intenci\u00f3n de solicitar, se deber\u00e1 cumplimentar la\u00a0<a href=\"http:\/\/www.noticias.unsl.edu.ar\/wp-content\/uploads\/2021\/11\/Nota-solicitud-de-cr%C3%A9dito.docx\">siguiente nota<\/a>\u00a0adjuntando el \u00faltimo recibo de sueldo. Dicha Informaci\u00f3n deber\u00e1n presentarse en:<\/p>\n<p><strong>APUNSL:<\/strong><br \/>\n11 de noviembre de 16:00 a 20:00 horas.<br \/>\n12 de noviembre de 08:00 a 10:00 horas.<\/p>\n<p><strong>ADU:<\/strong><br \/>\n11 de noviembre hasta las 20:00 horas.<br \/>\n12 de noviembre de 08:00 a 10:00 horas.<\/p>\n<p><strong>SIDIU:<\/strong><br \/>\n11 de noviembre de 16:00 a 20:00 horas.<br \/>\n12 de noviembre de 08:00 a 10:00 horas.<\/p>\n<p><strong>ASIDUNSL:<\/strong><br \/>\n11 de noviembre de 16:00 a 20:00 horas.<br \/>\n12 de noviembre de 08:00 a 10:00 horas.<\/p>\n<p><strong>Secretar\u00eda de Hacienda, Administraci\u00f3n e Infraestructura:<\/strong><br \/>\n11 de noviembre hasta las 13:00 horas.<br \/>\n12 de noviembre de 08:00 a 10:00 horas.<\/p>\n<p>En el caso de los centros Universitarios de Villa Mercedes y Merlo, excepcionalmente se recibir\u00e1 la informaci\u00f3n v\u00eda mail, firmada y escaneada al correo:\u00a0<a href=\"http:\/\/www.noticias.unsl.edu.ar\/11\/11\/2021\/informacion-sobre-solicitud-de-creditos-provinciales\/sec.hac.unsl@gmail.com\">sec.hac.unsl@gmail.com<\/a>.<\/p>\n<p>Las condiciones del presente cr\u00e9dito ser\u00e1n informadas por la entidad bancaria que tome contacto con el\/la solicitante, y en principio ser\u00edan las siguientes:<\/p>\n<ul>\n<li>Subsidio del Gobierno de San Luis para bajar la tasa de inter\u00e9s al 20% nominal anual.<\/li>\n<li>Plazo de gracia de tres (3) meses.<\/li>\n<li>Plazo de devoluci\u00f3n de 12 cuotas.<\/li>\n<li>Hasta dos (2) sueldos netos seg\u00fan recibo de sueldo.<\/li>\n<li>Participaci\u00f3n de las entidades bancarias de San Luis.<\/li>\n<\/ul>\n<p>Fuente:<strong>\u00a0<\/strong>Secretar\u00eda de Hacienda, Administraci\u00f3n e Infraestructura.<\/p>\n","protected":false},"excerpt":{"rendered":"<p>La Secretar\u00eda de Hacienda, Administraci\u00f3n e Infraestructura comunica a la comunidad universitaria la concreci\u00f3n de la instrumentaci\u00f3n de la primera etapa de los cr\u00e9ditos para&hellip;<\/p>\n","protected":false},"author":9,"featured_media":3231,"comment_status":"closed","ping_status":"closed","sticky":false,"template":"","format":"standard","meta":{"om_disable_all_campaigns":false,"_monsterinsights_skip_tracking":false,"_monsterinsights_sitenote_active":false,"_monsterinsights_sitenote_note":"","_monsterinsights_sitenote_category":0,"footnotes":""},"categories":[1],"tags":[],"class_list":["post-6209","post","type-post","status-publish","format-standard","has-post-thumbnail","hentry","category-noticias"],"yoast_head":"<!-- This site is optimized with the Yoast SEO plugin v27.4 - https:\/\/yoast.com\/product\/yoast-seo-wordpress\/ -->\n<title>Informaci\u00f3n sobre solicitud de cr\u00e9ditos provinciales - Facultad de Ciencias Econ\u00f3micas, Jur\u00ed\u00addicas y Sociales<\/title>\n<meta name=\"robots\" content=\"index, follow, max-snippet:-1, max-image-preview:large, max-video-preview:-1\" \/>\n<link rel=\"canonical\" href=\"https:\/\/www.fcejs.unsl.edu.ar\/index.php\/informacion-sobre-solicitud-de-creditos-provinciales\/\" \/>\n<meta property=\"og:locale\" content=\"es_ES\" \/>\n<meta property=\"og:type\" content=\"article\" \/>\n<meta property=\"og:title\" content=\"Informaci\u00f3n sobre solicitud de cr\u00e9ditos provinciales - Facultad de Ciencias Econ\u00f3micas, Jur\u00ed\u00addicas y Sociales\" \/>\n<meta property=\"og:description\" content=\"La Secretar\u00eda de Hacienda, Administraci\u00f3n e Infraestructura comunica a la comunidad universitaria la concreci\u00f3n de la instrumentaci\u00f3n de la primera etapa de los cr\u00e9ditos para&hellip;\" \/>\n<meta property=\"og:url\" content=\"https:\/\/www.fcejs.unsl.edu.ar\/index.php\/informacion-sobre-solicitud-de-creditos-provinciales\/\" \/>\n<meta property=\"og:site_name\" content=\"Facultad de Ciencias Econ\u00f3micas, Jur\u00ed\u00addicas y Sociales\" \/>\n<meta property=\"article:publisher\" content=\"https:\/\/www.facebook.com\/FCEJS.UNSL\/\" \/>\n<meta property=\"article:published_time\" content=\"2021-11-12T12:19:55+00:00\" \/>\n<meta property=\"article:modified_time\" content=\"2022-02-22T12:24:07+00:00\" \/>\n<meta property=\"og:image\" content=\"https:\/\/www.fcejs.unsl.edu.ar\/wp-content\/uploads\/2021\/04\/campus-aereo-home-mio-02.jpg\" \/>\n\t<meta property=\"og:image:width\" content=\"1353\" \/>\n\t<meta property=\"og:image:height\" content=\"765\" \/>\n\t<meta property=\"og:image:type\" content=\"image\/jpeg\" \/>\n<meta name=\"author\" content=\"DATI\" \/>\n<meta name=\"twitter:card\" content=\"summary_large_image\" \/>\n<meta name=\"twitter:creator\" content=\"@FCEJSUNSL\" \/>\n<meta name=\"twitter:site\" content=\"@FCEJSUNSL\" \/>\n<meta name=\"twitter:label1\" content=\"Escrito por\" \/>\n\t<meta name=\"twitter:data1\" content=\"DATI\" \/>\n\t<meta name=\"twitter:label2\" content=\"Tiempo de lectura\" \/>\n\t<meta name=\"twitter:data2\" content=\"2 minutos\" \/>\n<script type=\"application\/ld+json\" class=\"yoast-schema-graph\">{\"@context\":\"https:\\\/\\\/schema.org\",\"@graph\":[{\"@type\":\"Article\",\"@id\":\"https:\\\/\\\/www.fcejs.unsl.edu.ar\\\/index.php\\\/informacion-sobre-solicitud-de-creditos-provinciales\\\/#article\",\"isPartOf\":{\"@id\":\"https:\\\/\\\/www.fcejs.unsl.edu.ar\\\/index.php\\\/informacion-sobre-solicitud-de-creditos-provinciales\\\/\"},\"author\":{\"name\":\"DATI\",\"@id\":\"https:\\\/\\\/www.fcejs.unsl.edu.ar\\\/#\\\/schema\\\/person\\\/352ee6ed90c3f394c7cb5945f8956d34\"},\"headline\":\"Informaci\u00f3n sobre solicitud de cr\u00e9ditos provinciales\",\"datePublished\":\"2021-11-12T12:19:55+00:00\",\"dateModified\":\"2022-02-22T12:24:07+00:00\",\"mainEntityOfPage\":{\"@id\":\"https:\\\/\\\/www.fcejs.unsl.edu.ar\\\/index.php\\\/informacion-sobre-solicitud-de-creditos-provinciales\\\/\"},\"wordCount\":255,\"publisher\":{\"@id\":\"https:\\\/\\\/www.fcejs.unsl.edu.ar\\\/#organization\"},\"image\":{\"@id\":\"https:\\\/\\\/www.fcejs.unsl.edu.ar\\\/index.php\\\/informacion-sobre-solicitud-de-creditos-provinciales\\\/#primaryimage\"},\"thumbnailUrl\":\"https:\\\/\\\/www.fcejs.unsl.edu.ar\\\/wp-content\\\/uploads\\\/2021\\\/04\\\/campus-aereo-home-mio-02.jpg\",\"articleSection\":[\"Noticias\"],\"inLanguage\":\"es-AR\"},{\"@type\":\"WebPage\",\"@id\":\"https:\\\/\\\/www.fcejs.unsl.edu.ar\\\/index.php\\\/informacion-sobre-solicitud-de-creditos-provinciales\\\/\",\"url\":\"https:\\\/\\\/www.fcejs.unsl.edu.ar\\\/index.php\\\/informacion-sobre-solicitud-de-creditos-provinciales\\\/\",\"name\":\"Informaci\u00f3n sobre solicitud de cr\u00e9ditos provinciales - Facultad de Ciencias Econ\u00f3micas, Jur\u00ed\u00addicas y Sociales\",\"isPartOf\":{\"@id\":\"https:\\\/\\\/www.fcejs.unsl.edu.ar\\\/#website\"},\"primaryImageOfPage\":{\"@id\":\"https:\\\/\\\/www.fcejs.unsl.edu.ar\\\/index.php\\\/informacion-sobre-solicitud-de-creditos-provinciales\\\/#primaryimage\"},\"image\":{\"@id\":\"https:\\\/\\\/www.fcejs.unsl.edu.ar\\\/index.php\\\/informacion-sobre-solicitud-de-creditos-provinciales\\\/#primaryimage\"},\"thumbnailUrl\":\"https:\\\/\\\/www.fcejs.unsl.edu.ar\\\/wp-content\\\/uploads\\\/2021\\\/04\\\/campus-aereo-home-mio-02.jpg\",\"datePublished\":\"2021-11-12T12:19:55+00:00\",\"dateModified\":\"2022-02-22T12:24:07+00:00\",\"breadcrumb\":{\"@id\":\"https:\\\/\\\/www.fcejs.unsl.edu.ar\\\/index.php\\\/informacion-sobre-solicitud-de-creditos-provinciales\\\/#breadcrumb\"},\"inLanguage\":\"es-AR\",\"potentialAction\":[{\"@type\":\"ReadAction\",\"target\":[\"https:\\\/\\\/www.fcejs.unsl.edu.ar\\\/index.php\\\/informacion-sobre-solicitud-de-creditos-provinciales\\\/\"]}]},{\"@type\":\"ImageObject\",\"inLanguage\":\"es-AR\",\"@id\":\"https:\\\/\\\/www.fcejs.unsl.edu.ar\\\/index.php\\\/informacion-sobre-solicitud-de-creditos-provinciales\\\/#primaryimage\",\"url\":\"https:\\\/\\\/www.fcejs.unsl.edu.ar\\\/wp-content\\\/uploads\\\/2021\\\/04\\\/campus-aereo-home-mio-02.jpg\",\"contentUrl\":\"https:\\\/\\\/www.fcejs.unsl.edu.ar\\\/wp-content\\\/uploads\\\/2021\\\/04\\\/campus-aereo-home-mio-02.jpg\",\"width\":1353,\"height\":765},{\"@type\":\"BreadcrumbList\",\"@id\":\"https:\\\/\\\/www.fcejs.unsl.edu.ar\\\/index.php\\\/informacion-sobre-solicitud-de-creditos-provinciales\\\/#breadcrumb\",\"itemListElement\":[{\"@type\":\"ListItem\",\"position\":1,\"name\":\"Inicio\",\"item\":\"https:\\\/\\\/www.fcejs.unsl.edu.ar\\\/\"},{\"@type\":\"ListItem\",\"position\":2,\"name\":\"Informaci\u00f3n sobre solicitud de cr\u00e9ditos provinciales\"}]},{\"@type\":\"WebSite\",\"@id\":\"https:\\\/\\\/www.fcejs.unsl.edu.ar\\\/#website\",\"url\":\"https:\\\/\\\/www.fcejs.unsl.edu.ar\\\/\",\"name\":\"Facultad de Ciencias Econ\u00f3micas, Jur\u00ed\u00addicas y Sociales\",\"description\":\"\",\"publisher\":{\"@id\":\"https:\\\/\\\/www.fcejs.unsl.edu.ar\\\/#organization\"},\"potentialAction\":[{\"@type\":\"SearchAction\",\"target\":{\"@type\":\"EntryPoint\",\"urlTemplate\":\"https:\\\/\\\/www.fcejs.unsl.edu.ar\\\/?s={search_term_string}\"},\"query-input\":{\"@type\":\"PropertyValueSpecification\",\"valueRequired\":true,\"valueName\":\"search_term_string\"}}],\"inLanguage\":\"es-AR\"},{\"@type\":\"Organization\",\"@id\":\"https:\\\/\\\/www.fcejs.unsl.edu.ar\\\/#organization\",\"name\":\"Facultad de Ciencias Econ\u00f3micas, Jur\u00eddicas y Sociales\",\"url\":\"https:\\\/\\\/www.fcejs.unsl.edu.ar\\\/\",\"logo\":{\"@type\":\"ImageObject\",\"inLanguage\":\"es-AR\",\"@id\":\"https:\\\/\\\/www.fcejs.unsl.edu.ar\\\/#\\\/schema\\\/logo\\\/image\\\/\",\"url\":\"https:\\\/\\\/www.fcejs.unsl.edu.ar\\\/wp-content\\\/uploads\\\/2021\\\/03\\\/logo-1.jpg\",\"contentUrl\":\"https:\\\/\\\/www.fcejs.unsl.edu.ar\\\/wp-content\\\/uploads\\\/2021\\\/03\\\/logo-1.jpg\",\"width\":471,\"height\":146,\"caption\":\"Facultad de Ciencias Econ\u00f3micas, Jur\u00eddicas y Sociales\"},\"image\":{\"@id\":\"https:\\\/\\\/www.fcejs.unsl.edu.ar\\\/#\\\/schema\\\/logo\\\/image\\\/\"},\"sameAs\":[\"https:\\\/\\\/www.facebook.com\\\/FCEJS.UNSL\\\/\",\"https:\\\/\\\/x.com\\\/FCEJSUNSL\",\"https:\\\/\\\/www.instagram.com\\\/fcejs.unsl\\\/\",\"https:\\\/\\\/www.youtube.com\\\/channel\\\/UCH-Ut6EaN_X5ogjIQMPe46g\\\/\"]},{\"@type\":\"Person\",\"@id\":\"https:\\\/\\\/www.fcejs.unsl.edu.ar\\\/#\\\/schema\\\/person\\\/352ee6ed90c3f394c7cb5945f8956d34\",\"name\":\"DATI\"}]}<\/script>\n<!-- \/ Yoast SEO plugin. -->","yoast_head_json":{"title":"Informaci\u00f3n sobre solicitud de cr\u00e9ditos provinciales - Facultad de Ciencias Econ\u00f3micas, Jur\u00ed\u00addicas y Sociales","robots":{"index":"index","follow":"follow","max-snippet":"max-snippet:-1","max-image-preview":"max-image-preview:large","max-video-preview":"max-video-preview:-1"},"canonical":"https:\/\/www.fcejs.unsl.edu.ar\/index.php\/informacion-sobre-solicitud-de-creditos-provinciales\/","og_locale":"es_ES","og_type":"article","og_title":"Informaci\u00f3n sobre solicitud de cr\u00e9ditos provinciales - Facultad de Ciencias Econ\u00f3micas, Jur\u00ed\u00addicas y Sociales","og_description":"La Secretar\u00eda de Hacienda, Administraci\u00f3n e Infraestructura comunica a la comunidad universitaria la concreci\u00f3n de la instrumentaci\u00f3n de la primera etapa de los cr\u00e9ditos para&hellip;","og_url":"https:\/\/www.fcejs.unsl.edu.ar\/index.php\/informacion-sobre-solicitud-de-creditos-provinciales\/","og_site_name":"Facultad de Ciencias Econ\u00f3micas, Jur\u00ed\u00addicas y Sociales","article_publisher":"https:\/\/www.facebook.com\/FCEJS.UNSL\/","article_published_time":"2021-11-12T12:19:55+00:00","article_modified_time":"2022-02-22T12:24:07+00:00","og_image":[{"width":1353,"height":765,"url":"https:\/\/www.fcejs.unsl.edu.ar\/wp-content\/uploads\/2021\/04\/campus-aereo-home-mio-02.jpg","type":"image\/jpeg"}],"author":"DATI","twitter_card":"summary_large_image","twitter_creator":"@FCEJSUNSL","twitter_site":"@FCEJSUNSL","twitter_misc":{"Escrito por":"DATI","Tiempo de lectura":"2 minutos"},"schema":{"@context":"https:\/\/schema.org","@graph":[{"@type":"Article","@id":"https:\/\/www.fcejs.unsl.edu.ar\/index.php\/informacion-sobre-solicitud-de-creditos-provinciales\/#article","isPartOf":{"@id":"https:\/\/www.fcejs.unsl.edu.ar\/index.php\/informacion-sobre-solicitud-de-creditos-provinciales\/"},"author":{"name":"DATI","@id":"https:\/\/www.fcejs.unsl.edu.ar\/#\/schema\/person\/352ee6ed90c3f394c7cb5945f8956d34"},"headline":"Informaci\u00f3n sobre solicitud de cr\u00e9ditos provinciales","datePublished":"2021-11-12T12:19:55+00:00","dateModified":"2022-02-22T12:24:07+00:00","mainEntityOfPage":{"@id":"https:\/\/www.fcejs.unsl.edu.ar\/index.php\/informacion-sobre-solicitud-de-creditos-provinciales\/"},"wordCount":255,"publisher":{"@id":"https:\/\/www.fcejs.unsl.edu.ar\/#organization"},"image":{"@id":"https:\/\/www.fcejs.unsl.edu.ar\/index.php\/informacion-sobre-solicitud-de-creditos-provinciales\/#primaryimage"},"thumbnailUrl":"https:\/\/www.fcejs.unsl.edu.ar\/wp-content\/uploads\/2021\/04\/campus-aereo-home-mio-02.jpg","articleSection":["Noticias"],"inLanguage":"es-AR"},{"@type":"WebPage","@id":"https:\/\/www.fcejs.unsl.edu.ar\/index.php\/informacion-sobre-solicitud-de-creditos-provinciales\/","url":"https:\/\/www.fcejs.unsl.edu.ar\/index.php\/informacion-sobre-solicitud-de-creditos-provinciales\/","name":"Informaci\u00f3n sobre solicitud de cr\u00e9ditos provinciales - Facultad de Ciencias Econ\u00f3micas, Jur\u00ed\u00addicas y Sociales","isPartOf":{"@id":"https:\/\/www.fcejs.unsl.edu.ar\/#website"},"primaryImageOfPage":{"@id":"https:\/\/www.fcejs.unsl.edu.ar\/index.php\/informacion-sobre-solicitud-de-creditos-provinciales\/#primaryimage"},"image":{"@id":"https:\/\/www.fcejs.unsl.edu.ar\/index.php\/informacion-sobre-solicitud-de-creditos-provinciales\/#primaryimage"},"thumbnailUrl":"https:\/\/www.fcejs.unsl.edu.ar\/wp-content\/uploads\/2021\/04\/campus-aereo-home-mio-02.jpg","datePublished":"2021-11-12T12:19:55+00:00","dateModified":"2022-02-22T12:24:07+00:00","breadcrumb":{"@id":"https:\/\/www.fcejs.unsl.edu.ar\/index.php\/informacion-sobre-solicitud-de-creditos-provinciales\/#breadcrumb"},"inLanguage":"es-AR","potentialAction":[{"@type":"ReadAction","target":["https:\/\/www.fcejs.unsl.edu.ar\/index.php\/informacion-sobre-solicitud-de-creditos-provinciales\/"]}]},{"@type":"ImageObject","inLanguage":"es-AR","@id":"https:\/\/www.fcejs.unsl.edu.ar\/index.php\/informacion-sobre-solicitud-de-creditos-provinciales\/#primaryimage","url":"https:\/\/www.fcejs.unsl.edu.ar\/wp-content\/uploads\/2021\/04\/campus-aereo-home-mio-02.jpg","contentUrl":"https:\/\/www.fcejs.unsl.edu.ar\/wp-content\/uploads\/2021\/04\/campus-aereo-home-mio-02.jpg","width":1353,"height":765},{"@type":"BreadcrumbList","@id":"https:\/\/www.fcejs.unsl.edu.ar\/index.php\/informacion-sobre-solicitud-de-creditos-provinciales\/#breadcrumb","itemListElement":[{"@type":"ListItem","position":1,"name":"Inicio","item":"https:\/\/www.fcejs.unsl.edu.ar\/"},{"@type":"ListItem","position":2,"name":"Informaci\u00f3n sobre solicitud de cr\u00e9ditos provinciales"}]},{"@type":"WebSite","@id":"https:\/\/www.fcejs.unsl.edu.ar\/#website","url":"https:\/\/www.fcejs.unsl.edu.ar\/","name":"Facultad de Ciencias Econ\u00f3micas, Jur\u00ed\u00addicas y Sociales","description":"","publisher":{"@id":"https:\/\/www.fcejs.unsl.edu.ar\/#organization"},"potentialAction":[{"@type":"SearchAction","target":{"@type":"EntryPoint","urlTemplate":"https:\/\/www.fcejs.unsl.edu.ar\/?s={search_term_string}"},"query-input":{"@type":"PropertyValueSpecification","valueRequired":true,"valueName":"search_term_string"}}],"inLanguage":"es-AR"},{"@type":"Organization","@id":"https:\/\/www.fcejs.unsl.edu.ar\/#organization","name":"Facultad de Ciencias Econ\u00f3micas, Jur\u00eddicas y Sociales","url":"https:\/\/www.fcejs.unsl.edu.ar\/","logo":{"@type":"ImageObject","inLanguage":"es-AR","@id":"https:\/\/www.fcejs.unsl.edu.ar\/#\/schema\/logo\/image\/","url":"https:\/\/www.fcejs.unsl.edu.ar\/wp-content\/uploads\/2021\/03\/logo-1.jpg","contentUrl":"https:\/\/www.fcejs.unsl.edu.ar\/wp-content\/uploads\/2021\/03\/logo-1.jpg","width":471,"height":146,"caption":"Facultad de Ciencias Econ\u00f3micas, Jur\u00eddicas y Sociales"},"image":{"@id":"https:\/\/www.fcejs.unsl.edu.ar\/#\/schema\/logo\/image\/"},"sameAs":["https:\/\/www.facebook.com\/FCEJS.UNSL\/","https:\/\/x.com\/FCEJSUNSL","https:\/\/www.instagram.com\/fcejs.unsl\/","https:\/\/www.youtube.com\/channel\/UCH-Ut6EaN_X5ogjIQMPe46g\/"]},{"@type":"Person","@id":"https:\/\/www.fcejs.unsl.edu.ar\/#\/schema\/person\/352ee6ed90c3f394c7cb5945f8956d34","name":"DATI"}]}},"jetpack_featured_media_url":"https:\/\/www.fcejs.unsl.edu.ar\/wp-content\/uploads\/2021\/04\/campus-aereo-home-mio-02.jpg","_links":{"self":[{"href":"https:\/\/www.fcejs.unsl.edu.ar\/index.php\/wp-json\/wp\/v2\/posts\/6209","targetHints":{"allow":["GET"]}}],"collection":[{"href":"https:\/\/www.fcejs.unsl.edu.ar\/index.php\/wp-json\/wp\/v2\/posts"}],"about":[{"href":"https:\/\/www.fcejs.unsl.edu.ar\/index.php\/wp-json\/wp\/v2\/types\/post"}],"author":[{"embeddable":true,"href":"https:\/\/www.fcejs.unsl.edu.ar\/index.php\/wp-json\/wp\/v2\/users\/9"}],"replies":[{"embeddable":true,"href":"https:\/\/www.fcejs.unsl.edu.ar\/index.php\/wp-json\/wp\/v2\/comments?post=6209"}],"version-history":[{"count":1,"href":"https:\/\/www.fcejs.unsl.edu.ar\/index.php\/wp-json\/wp\/v2\/posts\/6209\/revisions"}],"predecessor-version":[{"id":6210,"href":"https:\/\/www.fcejs.unsl.edu.ar\/index.php\/wp-json\/wp\/v2\/posts\/6209\/revisions\/6210"}],"wp:featuredmedia":[{"embeddable":true,"href":"https:\/\/www.fcejs.unsl.edu.ar\/index.php\/wp-json\/wp\/v2\/media\/3231"}],"wp:attachment":[{"href":"https:\/\/www.fcejs.unsl.edu.ar\/index.php\/wp-json\/wp\/v2\/media?parent=6209"}],"wp:term":[{"taxonomy":"category","embeddable":true,"href":"https:\/\/www.fcejs.unsl.edu.ar\/index.php\/wp-json\/wp\/v2\/categories?post=6209"},{"taxonomy":"post_tag","embeddable":true,"href":"https:\/\/www.fcejs.unsl.edu.ar\/index.php\/wp-json\/wp\/v2\/tags?post=6209"}],"curies":[{"name":"wp","href":"https:\/\/api.w.org\/{rel}","templated":true}]}}