{"id":6190,"date":"2021-11-11T11:28:04","date_gmt":"2021-11-11T14:28:04","guid":{"rendered":"http:\/\/10.101.10.197\/www\/?p=6190"},"modified":"2021-11-16T08:47:05","modified_gmt":"2021-11-16T11:47:05","slug":"el-centro-de-desarrollo-deportivo-pedro-presti-ya-es-una-realidad","status":"publish","type":"post","link":"https:\/\/www.fcejs.unsl.edu.ar\/index.php\/el-centro-de-desarrollo-deportivo-pedro-presti-ya-es-una-realidad\/","title":{"rendered":"El Centro de Desarrollo Deportivo \u00abPedro Presti\u00bb ya es una realidad"},"content":{"rendered":"<p>Este mi\u00e9rcoles 10 de noviembre de 2021 en horas de la tarde y despu\u00e9s de un a\u00f1o del acuerdo y trabajo en conjunto entre la UNSL y el Gobierno de San Luis se inaugur\u00f3 la obra hist\u00f3rica para el desarrollo de deportistas de la Provincia y de la Instituci\u00f3n.<\/p>\n<p>El acto cont\u00f3 con la presencia de autoridades universitarias, municipales y provinciales, familiares de Pedro Presti, el hist\u00f3rico profesor de Educaci\u00f3n F\u00edsica de la Universidad Nacional de San Luis (UNSL) y de la Escuela Normal Juan Pascual Pringles (ENJPP). Adem\u00e1s estuvieron presentes deportistas y p\u00fablico en general que coparon las gradas del Centro. Por parte de la FICA y la FCEJS estuvieron presentes los decanos Mgtr. Sergio Ribotta y Mgtr. Marcelo Casabene, respectivamente.<\/p>\n<p><img fetchpriority=\"high\" decoding=\"async\" class=\"aligncenter wp-image-6192 size-full\" src=\"https:\/\/www.fcejs.unsl.edu.ar\/wp-content\/uploads\/2021\/11\/Presti.jpeg\" alt=\"\" width=\"512\" height=\"341\" srcset=\"https:\/\/www.fcejs.unsl.edu.ar\/wp-content\/uploads\/2021\/11\/Presti.jpeg 512w, https:\/\/www.fcejs.unsl.edu.ar\/wp-content\/uploads\/2021\/11\/Presti-300x200.jpeg 300w\" sizes=\"(max-width: 512px) 100vw, 512px\" \/><\/p>\n<p>En un primer momento, el rector C.P.N V\u00edctor Mori\u00f1igo junto al gobernador, Alberto Rodr\u00edguez Sa\u00e1, descubrieron la placa de obra. Luego, ingres\u00f3 el cuerpo de Banderas, portada por Leandro Par\u00eds, Valentina Polanco y Javier Rosales, destacados\/as representantes deportivos de la Provincia.<\/p>\n<figure class=\"wp-block-image\"><img decoding=\"async\" class=\"wp-image-61701\" src=\"http:\/\/www.noticias.unsl.edu.ar\/wp-content\/uploads\/2021\/11\/211110-Inauguraci%C3%B3n-de-Centro-de-Desarrollo-deoprtivo-Pedro-Presti-337-44.jpg\" sizes=\"(max-width: 1000px) 100vw, 1000px\" srcset=\"http:\/\/www.noticias.unsl.edu.ar\/wp-content\/uploads\/2021\/11\/211110-Inauguraci\u00f3n-de-Centro-de-Desarrollo-deoprtivo-Pedro-Presti-337-44.jpg 1000w, http:\/\/www.noticias.unsl.edu.ar\/wp-content\/uploads\/2021\/11\/211110-Inauguraci\u00f3n-de-Centro-de-Desarrollo-deoprtivo-Pedro-Presti-337-44-300x200.jpg 300w\" alt=\"\" \/><\/figure>\n<p>Seguidamente, el coordinador del Departamento de Deporte y Educaci\u00f3n F\u00edsica de la UNSL, Prof. Jorge Aman, junto a la secretaria de Deportes de San Luis, Cintia Ram\u00edrez, hicieron entrega a V\u00edctor y a Pedro Presti (hijo) de un carnet de socios vitalicios. Posteriormente, recibieron un reconocimiento a la trayectoria de Pedro Presti por parte del Gobernador.<\/p>\n<p>Luego, el Rector habl\u00f3 a las personas presentes y agradeci\u00f3 a quienes trabajaron para hacer posible esta inauguraci\u00f3n. En sus palabras, el funcionario explic\u00f3 un poco la historia del predio, que se remonta a 32 a\u00f1os atr\u00e1s. \u00ab<em>Hoy, que est\u00e9n todas las asociaciones de atletismo hace que tengamos una gran esperanza de que este predio pueda ser utilizado no solo por la Universidad, sino por deportistas de elite y por los\/as vecinos\/as de esta zona\u00bb,\u00a0<\/em>dijo.<\/p>\n<p>Haciendo referencia al trabajo en conjunto con el Gobierno provincial, el Rector agreg\u00f3:\u00a0<em>\u00ablos\/as puntanos\/as nos merecemos que los dos (2) presupuestos p\u00fablicos de mayor dinero se pongan a trabajar para mejorar la calidad de vida de la gente\u00bb.<\/em><\/p>\n<figure class=\"wp-block-image\"><img decoding=\"async\" class=\"wp-image-61702\" src=\"http:\/\/www.noticias.unsl.edu.ar\/wp-content\/uploads\/2021\/11\/211110-Inauguraci%C3%B3n-de-Centro-de-Desarrollo-deoprtivo-Pedro-Presti-341-45.jpg\" sizes=\"(max-width: 1000px) 100vw, 1000px\" srcset=\"http:\/\/www.noticias.unsl.edu.ar\/wp-content\/uploads\/2021\/11\/211110-Inauguraci\u00f3n-de-Centro-de-Desarrollo-deoprtivo-Pedro-Presti-341-45.jpg 1000w, http:\/\/www.noticias.unsl.edu.ar\/wp-content\/uploads\/2021\/11\/211110-Inauguraci\u00f3n-de-Centro-de-Desarrollo-deoprtivo-Pedro-Presti-341-45-300x200.jpg 300w\" alt=\"\" \/><\/figure>\n<p>Luego, Alberto Rodr\u00edguez Sa\u00e1 dijo unas palabras.\u00a0<em>\u00abQue hayamos realizado un convenio con la UNSL me enorgullece (\u2026) estoy maravillado, qu\u00e9 lindo es trabajar juntos, juntos se puede mucho m\u00e1s\u00bb<\/em>.<\/p>\n<p>Finalmente, Pedro Presti, acompa\u00f1ado por autoridades cort\u00f3 la cinta que dej\u00f3 inaugurado formalmente el Centro de Desarrollo Deportivo y cronometr\u00f3 una carrera en la que participaron integrantes de distintas escuelas de atletismo.<\/p>\n<figure class=\"wp-block-image\"><img decoding=\"async\" class=\"wp-image-61704\" src=\"http:\/\/www.noticias.unsl.edu.ar\/wp-content\/uploads\/2021\/11\/211110-Inauguraci%C3%B3n-de-Centro-de-Desarrollo-deoprtivo-Pedro-Presti-446-61.jpg\" sizes=\"(max-width: 1000px) 100vw, 1000px\" srcset=\"http:\/\/www.noticias.unsl.edu.ar\/wp-content\/uploads\/2021\/11\/211110-Inauguraci\u00f3n-de-Centro-de-Desarrollo-deoprtivo-Pedro-Presti-446-61.jpg 1000w, http:\/\/www.noticias.unsl.edu.ar\/wp-content\/uploads\/2021\/11\/211110-Inauguraci\u00f3n-de-Centro-de-Desarrollo-deoprtivo-Pedro-Presti-446-61-300x200.jpg 300w\" alt=\"\" \/><\/figure>\n<p><strong>Sobre la obra<\/strong><\/p>\n<p>El Centro se encuentra ubicado en el Barrio Rawson, en las calles 25 de Mayo y Neuqu\u00e9n. La obra se realiz\u00f3 por etapas y comprende una pista sint\u00e9tica de atletismo de ocho (8) andariveles con fosa de agua, avalada de acuerdo a los requerimientos del m\u00e1ximo ente de atletismo a nivel mundial.<\/p>\n<p>Adem\u00e1s, cuenta con dos (2) correderas de salto en alto, dos (2) correderas de salto en largo, zona de salto en alto, zona de lanzamiento de jabalina, martillo y bala, siendo la \u00fanica pista del pa\u00eds con doble jaula.<\/p>\n<p>El Centro adem\u00e1s tiene un (1) polideportivo que cuenta con 1.200 m2 cerrados y calefaccionados, para la pr\u00e1ctica de distintos deportes y una (1) cancha de b\u00e1squet para la modalidad 3\u00d73.<\/p>\n<p>La inversi\u00f3n para su realizaci\u00f3n proviene del acuerdo entre la Universidad y el Gobierno y supera los $350.000.000.<\/p>\n<p>Del 23 al 29 de noviembre se realizar\u00e1n en el lugar los Juegos Binacionales de Integraci\u00f3n Andina\u00a0<em>Cristo Redentor<\/em>.<\/p>\n<figure class=\"wp-block-image\"><img decoding=\"async\" class=\"wp-image-61703\" src=\"http:\/\/www.noticias.unsl.edu.ar\/wp-content\/uploads\/2021\/11\/211110-Inauguraci%C3%B3n-de-Centro-de-Desarrollo-deoprtivo-Pedro-Presti-1-1.jpg\" sizes=\"(max-width: 1000px) 100vw, 1000px\" srcset=\"http:\/\/www.noticias.unsl.edu.ar\/wp-content\/uploads\/2021\/11\/211110-Inauguraci\u00f3n-de-Centro-de-Desarrollo-deoprtivo-Pedro-Presti-1-1.jpg 1000w, http:\/\/www.noticias.unsl.edu.ar\/wp-content\/uploads\/2021\/11\/211110-Inauguraci\u00f3n-de-Centro-de-Desarrollo-deoprtivo-Pedro-Presti-1-1-300x200.jpg 300w\" alt=\"\" \/><\/figure>\n","protected":false},"excerpt":{"rendered":"<p>Este mi\u00e9rcoles 10 de noviembre de 2021 en horas de la tarde y despu\u00e9s de un a\u00f1o del acuerdo y trabajo en conjunto entre la&hellip;<\/p>\n","protected":false},"author":9,"featured_media":6191,"comment_status":"closed","ping_status":"closed","sticky":false,"template":"","format":"standard","meta":{"om_disable_all_campaigns":false,"_monsterinsights_skip_tracking":false,"_monsterinsights_sitenote_active":false,"_monsterinsights_sitenote_note":"","_monsterinsights_sitenote_category":0,"footnotes":""},"categories":[1],"tags":[],"class_list":["post-6190","post","type-post","status-publish","format-standard","has-post-thumbnail","hentry","category-noticias"],"yoast_head":"<!-- This site is optimized with the Yoast SEO plugin v27.4 - https:\/\/yoast.com\/product\/yoast-seo-wordpress\/ -->\n<title>El Centro de Desarrollo Deportivo \u00abPedro Presti\u00bb ya es una realidad - Facultad de Ciencias Econ\u00f3micas, Jur\u00ed\u00addicas y Sociales<\/title>\n<meta name=\"robots\" content=\"index, follow, max-snippet:-1, max-image-preview:large, max-video-preview:-1\" \/>\n<link rel=\"canonical\" href=\"https:\/\/www.fcejs.unsl.edu.ar\/index.php\/el-centro-de-desarrollo-deportivo-pedro-presti-ya-es-una-realidad\/\" \/>\n<meta property=\"og:locale\" content=\"es_ES\" \/>\n<meta property=\"og:type\" content=\"article\" \/>\n<meta property=\"og:title\" content=\"El Centro de Desarrollo Deportivo \u00abPedro Presti\u00bb ya es una realidad - Facultad de Ciencias Econ\u00f3micas, Jur\u00ed\u00addicas y Sociales\" \/>\n<meta property=\"og:description\" content=\"Este mi\u00e9rcoles 10 de noviembre de 2021 en horas de la tarde y despu\u00e9s de un a\u00f1o del acuerdo y trabajo en conjunto entre la&hellip;\" \/>\n<meta property=\"og:url\" content=\"https:\/\/www.fcejs.unsl.edu.ar\/index.php\/el-centro-de-desarrollo-deportivo-pedro-presti-ya-es-una-realidad\/\" \/>\n<meta property=\"og:site_name\" content=\"Facultad de Ciencias Econ\u00f3micas, Jur\u00ed\u00addicas y Sociales\" \/>\n<meta property=\"article:publisher\" content=\"https:\/\/www.facebook.com\/FCEJS.UNSL\/\" \/>\n<meta property=\"article:published_time\" content=\"2021-11-11T14:28:04+00:00\" \/>\n<meta property=\"article:modified_time\" content=\"2021-11-16T11:47:05+00:00\" \/>\n<meta property=\"og:image\" content=\"https:\/\/www.fcejs.unsl.edu.ar\/wp-content\/uploads\/2021\/11\/Inauguracion-de-Centro-de-Desarrollo-deoprtivo-Pedro-Presti.jpg\" \/>\n\t<meta property=\"og:image:width\" content=\"1000\" \/>\n\t<meta property=\"og:image:height\" content=\"600\" \/>\n\t<meta property=\"og:image:type\" content=\"image\/jpeg\" \/>\n<meta name=\"author\" content=\"DATI\" \/>\n<meta name=\"twitter:card\" content=\"summary_large_image\" \/>\n<meta name=\"twitter:creator\" content=\"@FCEJSUNSL\" \/>\n<meta name=\"twitter:site\" content=\"@FCEJSUNSL\" \/>\n<meta name=\"twitter:label1\" content=\"Escrito por\" \/>\n\t<meta name=\"twitter:data1\" content=\"DATI\" \/>\n\t<meta name=\"twitter:label2\" content=\"Tiempo de lectura\" \/>\n\t<meta name=\"twitter:data2\" content=\"4 minutos\" \/>\n<script type=\"application\/ld+json\" class=\"yoast-schema-graph\">{\"@context\":\"https:\\\/\\\/schema.org\",\"@graph\":[{\"@type\":\"Article\",\"@id\":\"https:\\\/\\\/www.fcejs.unsl.edu.ar\\\/index.php\\\/el-centro-de-desarrollo-deportivo-pedro-presti-ya-es-una-realidad\\\/#article\",\"isPartOf\":{\"@id\":\"https:\\\/\\\/www.fcejs.unsl.edu.ar\\\/index.php\\\/el-centro-de-desarrollo-deportivo-pedro-presti-ya-es-una-realidad\\\/\"},\"author\":{\"name\":\"DATI\",\"@id\":\"https:\\\/\\\/www.fcejs.unsl.edu.ar\\\/#\\\/schema\\\/person\\\/352ee6ed90c3f394c7cb5945f8956d34\"},\"headline\":\"El Centro de Desarrollo Deportivo \u00abPedro Presti\u00bb ya es una realidad\",\"datePublished\":\"2021-11-11T14:28:04+00:00\",\"dateModified\":\"2021-11-16T11:47:05+00:00\",\"mainEntityOfPage\":{\"@id\":\"https:\\\/\\\/www.fcejs.unsl.edu.ar\\\/index.php\\\/el-centro-de-desarrollo-deportivo-pedro-presti-ya-es-una-realidad\\\/\"},\"wordCount\":598,\"publisher\":{\"@id\":\"https:\\\/\\\/www.fcejs.unsl.edu.ar\\\/#organization\"},\"image\":{\"@id\":\"https:\\\/\\\/www.fcejs.unsl.edu.ar\\\/index.php\\\/el-centro-de-desarrollo-deportivo-pedro-presti-ya-es-una-realidad\\\/#primaryimage\"},\"thumbnailUrl\":\"https:\\\/\\\/www.fcejs.unsl.edu.ar\\\/wp-content\\\/uploads\\\/2021\\\/11\\\/Inauguracion-de-Centro-de-Desarrollo-deoprtivo-Pedro-Presti.jpg\",\"articleSection\":[\"Noticias\"],\"inLanguage\":\"es-AR\"},{\"@type\":\"WebPage\",\"@id\":\"https:\\\/\\\/www.fcejs.unsl.edu.ar\\\/index.php\\\/el-centro-de-desarrollo-deportivo-pedro-presti-ya-es-una-realidad\\\/\",\"url\":\"https:\\\/\\\/www.fcejs.unsl.edu.ar\\\/index.php\\\/el-centro-de-desarrollo-deportivo-pedro-presti-ya-es-una-realidad\\\/\",\"name\":\"El Centro de Desarrollo Deportivo \u00abPedro Presti\u00bb ya es una realidad - Facultad de Ciencias Econ\u00f3micas, Jur\u00ed\u00addicas y Sociales\",\"isPartOf\":{\"@id\":\"https:\\\/\\\/www.fcejs.unsl.edu.ar\\\/#website\"},\"primaryImageOfPage\":{\"@id\":\"https:\\\/\\\/www.fcejs.unsl.edu.ar\\\/index.php\\\/el-centro-de-desarrollo-deportivo-pedro-presti-ya-es-una-realidad\\\/#primaryimage\"},\"image\":{\"@id\":\"https:\\\/\\\/www.fcejs.unsl.edu.ar\\\/index.php\\\/el-centro-de-desarrollo-deportivo-pedro-presti-ya-es-una-realidad\\\/#primaryimage\"},\"thumbnailUrl\":\"https:\\\/\\\/www.fcejs.unsl.edu.ar\\\/wp-content\\\/uploads\\\/2021\\\/11\\\/Inauguracion-de-Centro-de-Desarrollo-deoprtivo-Pedro-Presti.jpg\",\"datePublished\":\"2021-11-11T14:28:04+00:00\",\"dateModified\":\"2021-11-16T11:47:05+00:00\",\"breadcrumb\":{\"@id\":\"https:\\\/\\\/www.fcejs.unsl.edu.ar\\\/index.php\\\/el-centro-de-desarrollo-deportivo-pedro-presti-ya-es-una-realidad\\\/#breadcrumb\"},\"inLanguage\":\"es-AR\",\"potentialAction\":[{\"@type\":\"ReadAction\",\"target\":[\"https:\\\/\\\/www.fcejs.unsl.edu.ar\\\/index.php\\\/el-centro-de-desarrollo-deportivo-pedro-presti-ya-es-una-realidad\\\/\"]}]},{\"@type\":\"ImageObject\",\"inLanguage\":\"es-AR\",\"@id\":\"https:\\\/\\\/www.fcejs.unsl.edu.ar\\\/index.php\\\/el-centro-de-desarrollo-deportivo-pedro-presti-ya-es-una-realidad\\\/#primaryimage\",\"url\":\"https:\\\/\\\/www.fcejs.unsl.edu.ar\\\/wp-content\\\/uploads\\\/2021\\\/11\\\/Inauguracion-de-Centro-de-Desarrollo-deoprtivo-Pedro-Presti.jpg\",\"contentUrl\":\"https:\\\/\\\/www.fcejs.unsl.edu.ar\\\/wp-content\\\/uploads\\\/2021\\\/11\\\/Inauguracion-de-Centro-de-Desarrollo-deoprtivo-Pedro-Presti.jpg\",\"width\":1000,\"height\":600},{\"@type\":\"BreadcrumbList\",\"@id\":\"https:\\\/\\\/www.fcejs.unsl.edu.ar\\\/index.php\\\/el-centro-de-desarrollo-deportivo-pedro-presti-ya-es-una-realidad\\\/#breadcrumb\",\"itemListElement\":[{\"@type\":\"ListItem\",\"position\":1,\"name\":\"Inicio\",\"item\":\"https:\\\/\\\/www.fcejs.unsl.edu.ar\\\/\"},{\"@type\":\"ListItem\",\"position\":2,\"name\":\"El Centro de Desarrollo Deportivo \u00abPedro Presti\u00bb ya es una realidad\"}]},{\"@type\":\"WebSite\",\"@id\":\"https:\\\/\\\/www.fcejs.unsl.edu.ar\\\/#website\",\"url\":\"https:\\\/\\\/www.fcejs.unsl.edu.ar\\\/\",\"name\":\"Facultad de Ciencias Econ\u00f3micas, Jur\u00ed\u00addicas y Sociales\",\"description\":\"\",\"publisher\":{\"@id\":\"https:\\\/\\\/www.fcejs.unsl.edu.ar\\\/#organization\"},\"potentialAction\":[{\"@type\":\"SearchAction\",\"target\":{\"@type\":\"EntryPoint\",\"urlTemplate\":\"https:\\\/\\\/www.fcejs.unsl.edu.ar\\\/?s={search_term_string}\"},\"query-input\":{\"@type\":\"PropertyValueSpecification\",\"valueRequired\":true,\"valueName\":\"search_term_string\"}}],\"inLanguage\":\"es-AR\"},{\"@type\":\"Organization\",\"@id\":\"https:\\\/\\\/www.fcejs.unsl.edu.ar\\\/#organization\",\"name\":\"Facultad de Ciencias Econ\u00f3micas, Jur\u00eddicas y Sociales\",\"url\":\"https:\\\/\\\/www.fcejs.unsl.edu.ar\\\/\",\"logo\":{\"@type\":\"ImageObject\",\"inLanguage\":\"es-AR\",\"@id\":\"https:\\\/\\\/www.fcejs.unsl.edu.ar\\\/#\\\/schema\\\/logo\\\/image\\\/\",\"url\":\"https:\\\/\\\/www.fcejs.unsl.edu.ar\\\/wp-content\\\/uploads\\\/2021\\\/03\\\/logo-1.jpg\",\"contentUrl\":\"https:\\\/\\\/www.fcejs.unsl.edu.ar\\\/wp-content\\\/uploads\\\/2021\\\/03\\\/logo-1.jpg\",\"width\":471,\"height\":146,\"caption\":\"Facultad de Ciencias Econ\u00f3micas, Jur\u00eddicas y Sociales\"},\"image\":{\"@id\":\"https:\\\/\\\/www.fcejs.unsl.edu.ar\\\/#\\\/schema\\\/logo\\\/image\\\/\"},\"sameAs\":[\"https:\\\/\\\/www.facebook.com\\\/FCEJS.UNSL\\\/\",\"https:\\\/\\\/x.com\\\/FCEJSUNSL\",\"https:\\\/\\\/www.instagram.com\\\/fcejs.unsl\\\/\",\"https:\\\/\\\/www.youtube.com\\\/channel\\\/UCH-Ut6EaN_X5ogjIQMPe46g\\\/\"]},{\"@type\":\"Person\",\"@id\":\"https:\\\/\\\/www.fcejs.unsl.edu.ar\\\/#\\\/schema\\\/person\\\/352ee6ed90c3f394c7cb5945f8956d34\",\"name\":\"DATI\"}]}<\/script>\n<!-- \/ Yoast SEO plugin. -->","yoast_head_json":{"title":"El Centro de Desarrollo Deportivo \u00abPedro Presti\u00bb ya es una realidad - Facultad de Ciencias Econ\u00f3micas, Jur\u00ed\u00addicas y Sociales","robots":{"index":"index","follow":"follow","max-snippet":"max-snippet:-1","max-image-preview":"max-image-preview:large","max-video-preview":"max-video-preview:-1"},"canonical":"https:\/\/www.fcejs.unsl.edu.ar\/index.php\/el-centro-de-desarrollo-deportivo-pedro-presti-ya-es-una-realidad\/","og_locale":"es_ES","og_type":"article","og_title":"El Centro de Desarrollo Deportivo \u00abPedro Presti\u00bb ya es una realidad - Facultad de Ciencias Econ\u00f3micas, Jur\u00ed\u00addicas y Sociales","og_description":"Este mi\u00e9rcoles 10 de noviembre de 2021 en horas de la tarde y despu\u00e9s de un a\u00f1o del acuerdo y trabajo en conjunto entre la&hellip;","og_url":"https:\/\/www.fcejs.unsl.edu.ar\/index.php\/el-centro-de-desarrollo-deportivo-pedro-presti-ya-es-una-realidad\/","og_site_name":"Facultad de Ciencias Econ\u00f3micas, Jur\u00ed\u00addicas y Sociales","article_publisher":"https:\/\/www.facebook.com\/FCEJS.UNSL\/","article_published_time":"2021-11-11T14:28:04+00:00","article_modified_time":"2021-11-16T11:47:05+00:00","og_image":[{"width":1000,"height":600,"url":"https:\/\/www.fcejs.unsl.edu.ar\/wp-content\/uploads\/2021\/11\/Inauguracion-de-Centro-de-Desarrollo-deoprtivo-Pedro-Presti.jpg","type":"image\/jpeg"}],"author":"DATI","twitter_card":"summary_large_image","twitter_creator":"@FCEJSUNSL","twitter_site":"@FCEJSUNSL","twitter_misc":{"Escrito por":"DATI","Tiempo de lectura":"4 minutos"},"schema":{"@context":"https:\/\/schema.org","@graph":[{"@type":"Article","@id":"https:\/\/www.fcejs.unsl.edu.ar\/index.php\/el-centro-de-desarrollo-deportivo-pedro-presti-ya-es-una-realidad\/#article","isPartOf":{"@id":"https:\/\/www.fcejs.unsl.edu.ar\/index.php\/el-centro-de-desarrollo-deportivo-pedro-presti-ya-es-una-realidad\/"},"author":{"name":"DATI","@id":"https:\/\/www.fcejs.unsl.edu.ar\/#\/schema\/person\/352ee6ed90c3f394c7cb5945f8956d34"},"headline":"El Centro de Desarrollo Deportivo \u00abPedro Presti\u00bb ya es una realidad","datePublished":"2021-11-11T14:28:04+00:00","dateModified":"2021-11-16T11:47:05+00:00","mainEntityOfPage":{"@id":"https:\/\/www.fcejs.unsl.edu.ar\/index.php\/el-centro-de-desarrollo-deportivo-pedro-presti-ya-es-una-realidad\/"},"wordCount":598,"publisher":{"@id":"https:\/\/www.fcejs.unsl.edu.ar\/#organization"},"image":{"@id":"https:\/\/www.fcejs.unsl.edu.ar\/index.php\/el-centro-de-desarrollo-deportivo-pedro-presti-ya-es-una-realidad\/#primaryimage"},"thumbnailUrl":"https:\/\/www.fcejs.unsl.edu.ar\/wp-content\/uploads\/2021\/11\/Inauguracion-de-Centro-de-Desarrollo-deoprtivo-Pedro-Presti.jpg","articleSection":["Noticias"],"inLanguage":"es-AR"},{"@type":"WebPage","@id":"https:\/\/www.fcejs.unsl.edu.ar\/index.php\/el-centro-de-desarrollo-deportivo-pedro-presti-ya-es-una-realidad\/","url":"https:\/\/www.fcejs.unsl.edu.ar\/index.php\/el-centro-de-desarrollo-deportivo-pedro-presti-ya-es-una-realidad\/","name":"El Centro de Desarrollo Deportivo \u00abPedro Presti\u00bb ya es una realidad - Facultad de Ciencias Econ\u00f3micas, Jur\u00ed\u00addicas y Sociales","isPartOf":{"@id":"https:\/\/www.fcejs.unsl.edu.ar\/#website"},"primaryImageOfPage":{"@id":"https:\/\/www.fcejs.unsl.edu.ar\/index.php\/el-centro-de-desarrollo-deportivo-pedro-presti-ya-es-una-realidad\/#primaryimage"},"image":{"@id":"https:\/\/www.fcejs.unsl.edu.ar\/index.php\/el-centro-de-desarrollo-deportivo-pedro-presti-ya-es-una-realidad\/#primaryimage"},"thumbnailUrl":"https:\/\/www.fcejs.unsl.edu.ar\/wp-content\/uploads\/2021\/11\/Inauguracion-de-Centro-de-Desarrollo-deoprtivo-Pedro-Presti.jpg","datePublished":"2021-11-11T14:28:04+00:00","dateModified":"2021-11-16T11:47:05+00:00","breadcrumb":{"@id":"https:\/\/www.fcejs.unsl.edu.ar\/index.php\/el-centro-de-desarrollo-deportivo-pedro-presti-ya-es-una-realidad\/#breadcrumb"},"inLanguage":"es-AR","potentialAction":[{"@type":"ReadAction","target":["https:\/\/www.fcejs.unsl.edu.ar\/index.php\/el-centro-de-desarrollo-deportivo-pedro-presti-ya-es-una-realidad\/"]}]},{"@type":"ImageObject","inLanguage":"es-AR","@id":"https:\/\/www.fcejs.unsl.edu.ar\/index.php\/el-centro-de-desarrollo-deportivo-pedro-presti-ya-es-una-realidad\/#primaryimage","url":"https:\/\/www.fcejs.unsl.edu.ar\/wp-content\/uploads\/2021\/11\/Inauguracion-de-Centro-de-Desarrollo-deoprtivo-Pedro-Presti.jpg","contentUrl":"https:\/\/www.fcejs.unsl.edu.ar\/wp-content\/uploads\/2021\/11\/Inauguracion-de-Centro-de-Desarrollo-deoprtivo-Pedro-Presti.jpg","width":1000,"height":600},{"@type":"BreadcrumbList","@id":"https:\/\/www.fcejs.unsl.edu.ar\/index.php\/el-centro-de-desarrollo-deportivo-pedro-presti-ya-es-una-realidad\/#breadcrumb","itemListElement":[{"@type":"ListItem","position":1,"name":"Inicio","item":"https:\/\/www.fcejs.unsl.edu.ar\/"},{"@type":"ListItem","position":2,"name":"El Centro de Desarrollo Deportivo \u00abPedro Presti\u00bb ya es una realidad"}]},{"@type":"WebSite","@id":"https:\/\/www.fcejs.unsl.edu.ar\/#website","url":"https:\/\/www.fcejs.unsl.edu.ar\/","name":"Facultad de Ciencias Econ\u00f3micas, Jur\u00ed\u00addicas y Sociales","description":"","publisher":{"@id":"https:\/\/www.fcejs.unsl.edu.ar\/#organization"},"potentialAction":[{"@type":"SearchAction","target":{"@type":"EntryPoint","urlTemplate":"https:\/\/www.fcejs.unsl.edu.ar\/?s={search_term_string}"},"query-input":{"@type":"PropertyValueSpecification","valueRequired":true,"valueName":"search_term_string"}}],"inLanguage":"es-AR"},{"@type":"Organization","@id":"https:\/\/www.fcejs.unsl.edu.ar\/#organization","name":"Facultad de Ciencias Econ\u00f3micas, Jur\u00eddicas y Sociales","url":"https:\/\/www.fcejs.unsl.edu.ar\/","logo":{"@type":"ImageObject","inLanguage":"es-AR","@id":"https:\/\/www.fcejs.unsl.edu.ar\/#\/schema\/logo\/image\/","url":"https:\/\/www.fcejs.unsl.edu.ar\/wp-content\/uploads\/2021\/03\/logo-1.jpg","contentUrl":"https:\/\/www.fcejs.unsl.edu.ar\/wp-content\/uploads\/2021\/03\/logo-1.jpg","width":471,"height":146,"caption":"Facultad de Ciencias Econ\u00f3micas, Jur\u00eddicas y Sociales"},"image":{"@id":"https:\/\/www.fcejs.unsl.edu.ar\/#\/schema\/logo\/image\/"},"sameAs":["https:\/\/www.facebook.com\/FCEJS.UNSL\/","https:\/\/x.com\/FCEJSUNSL","https:\/\/www.instagram.com\/fcejs.unsl\/","https:\/\/www.youtube.com\/channel\/UCH-Ut6EaN_X5ogjIQMPe46g\/"]},{"@type":"Person","@id":"https:\/\/www.fcejs.unsl.edu.ar\/#\/schema\/person\/352ee6ed90c3f394c7cb5945f8956d34","name":"DATI"}]}},"jetpack_featured_media_url":"https:\/\/www.fcejs.unsl.edu.ar\/wp-content\/uploads\/2021\/11\/Inauguracion-de-Centro-de-Desarrollo-deoprtivo-Pedro-Presti.jpg","_links":{"self":[{"href":"https:\/\/www.fcejs.unsl.edu.ar\/index.php\/wp-json\/wp\/v2\/posts\/6190","targetHints":{"allow":["GET"]}}],"collection":[{"href":"https:\/\/www.fcejs.unsl.edu.ar\/index.php\/wp-json\/wp\/v2\/posts"}],"about":[{"href":"https:\/\/www.fcejs.unsl.edu.ar\/index.php\/wp-json\/wp\/v2\/types\/post"}],"author":[{"embeddable":true,"href":"https:\/\/www.fcejs.unsl.edu.ar\/index.php\/wp-json\/wp\/v2\/users\/9"}],"replies":[{"embeddable":true,"href":"https:\/\/www.fcejs.unsl.edu.ar\/index.php\/wp-json\/wp\/v2\/comments?post=6190"}],"version-history":[{"count":2,"href":"https:\/\/www.fcejs.unsl.edu.ar\/index.php\/wp-json\/wp\/v2\/posts\/6190\/revisions"}],"predecessor-version":[{"id":6228,"href":"https:\/\/www.fcejs.unsl.edu.ar\/index.php\/wp-json\/wp\/v2\/posts\/6190\/revisions\/6228"}],"wp:featuredmedia":[{"embeddable":true,"href":"https:\/\/www.fcejs.unsl.edu.ar\/index.php\/wp-json\/wp\/v2\/media\/6191"}],"wp:attachment":[{"href":"https:\/\/www.fcejs.unsl.edu.ar\/index.php\/wp-json\/wp\/v2\/media?parent=6190"}],"wp:term":[{"taxonomy":"category","embeddable":true,"href":"https:\/\/www.fcejs.unsl.edu.ar\/index.php\/wp-json\/wp\/v2\/categories?post=6190"},{"taxonomy":"post_tag","embeddable":true,"href":"https:\/\/www.fcejs.unsl.edu.ar\/index.php\/wp-json\/wp\/v2\/tags?post=6190"}],"curies":[{"name":"wp","href":"https:\/\/api.w.org\/{rel}","templated":true}]}}