{"id":6166,"date":"2021-11-24T12:24:50","date_gmt":"2021-11-24T15:24:50","guid":{"rendered":"http:\/\/10.101.10.197\/www\/?p=6166"},"modified":"2021-11-29T09:43:56","modified_gmt":"2021-11-29T12:43:56","slug":"presentacion-del-nuevo-observatorio-social-de-la-fcejs","status":"publish","type":"post","link":"https:\/\/www.fcejs.unsl.edu.ar\/index.php\/presentacion-del-nuevo-observatorio-social-de-la-fcejs\/","title":{"rendered":"Presentaci\u00f3n del nuevo \u201cObservatorio Social\u201d de la FCEJS"},"content":{"rendered":"<p>La Secretar\u00eda de Planeamiento tiene el agrado de informar a toda la comunidad, que el pr\u00f3ximo viernes 26 de noviembre, se llevar\u00e1 a cabo el acto de presentaci\u00f3n del nuevo \u201cObservatorio Social\u201d de la FCEJS.<\/p>\n<p>Este acto tendr\u00e1 lugar de forma presencial a partir de las 18.30 horas, en el instituto \u201cEscuela de Econom\u00eda, Negocios y Transferencia Tecnol\u00f3gica sito en calle Pecadores 314.<\/p>\n<p>La presentaci\u00f3n del Observatorio Social estar\u00e1 a cargo de la Licenciada Pamela Bianco, su Directora, con la presencia de autoridades de la UNSL, la FCEJS, instituciones del medio y p\u00fablico en general. El cierre musical ser\u00e1 brindado por \u201cDe Centro y Sur\u201d.<\/p>\n<p>En el pasado mes de mayo de 2021, el Consejo Directivo de la FCEJS aprob\u00f3 la creaci\u00f3n del Observatorio Social de la Facultad de Ciencias Econ\u00f3micas, Jur\u00eddicas y Sociales de la Universidad Nacional de San Luis (Ord. N\u00b0 1\/2021).<\/p>\n<p>El Observatorio funcionar\u00e1 como un ente dependiente de la Secretar\u00eda de Planeamiento, la que se encuentra a cargo del Vicedecano Esp. Esteban Arias. Tiene como objetivo generar un espacio colectivo, interdisciplinario e intersectorial de construcci\u00f3n de conocimiento que se constituya en fuente de informaci\u00f3n p\u00fablica y sistem\u00e1tica a fin de aportar a la comprensi\u00f3n y transformaci\u00f3n de la realidad social. Este proyecto buscar\u00e1 aportar a la UNSL en su compromiso con la construcci\u00f3n de una sociedad m\u00e1s justa, igualitaria e inclusiva.<\/p>\n<p>Las actividades que desarrollar\u00e1 se articular\u00e1n a partir de DOS (2) l\u00edneas de acci\u00f3n:<br \/>\n<strong>Proyectos de Producci\u00f3n de Conocimiento:<\/strong> recopilaci\u00f3n, relevamiento y sistematizaci\u00f3n de informaci\u00f3n enmarcada en los ejes propuestos por el Observatorio Social.<br \/>\n<strong>Propuestas de Actividades de Divulgaci\u00f3n:<\/strong> reuniones, conversatorios, presentaci\u00f3n de documentos.<\/p>\n<p>Las mismas enmarcan en los ejes tem\u00e1ticos establecidos al momento de su creaci\u00f3n; los que podr\u00e1n ser eliminados, modificados, o ampliados:<br \/>\na) Indicadores socio-econ\u00f3micos y demogr\u00e1ficos<br \/>\nb) Desarrollo humano<br \/>\nc) Ambiente y ordenamiento territorial<br \/>\nd) Derechos y Pol\u00edticas P\u00fablicas<br \/>\ne) Democracia, Ciudadan\u00eda y Pol\u00edtica<br \/>\nf) Trabajo, Econom\u00eda, Producci\u00f3n y Econom\u00eda Social y Solidaria<br \/>\ng) Salud, Educaci\u00f3n y Cultura<br \/>\nh) G\u00e9neros y disidencias<br \/>\ny \\) Discapacidad e integraci\u00f3n<\/p>\n<p>&nbsp;<\/p>\n<p><img fetchpriority=\"high\" decoding=\"async\" class=\"aligncenter size-large wp-image-6167\" src=\"https:\/\/www.fcejs.unsl.edu.ar\/wp-content\/uploads\/2021\/11\/flyer-observatorio-social-1024x1024.jpg\" alt=\"\" width=\"843\" height=\"843\" srcset=\"https:\/\/www.fcejs.unsl.edu.ar\/wp-content\/uploads\/2021\/11\/flyer-observatorio-social-1024x1024.jpg 1024w, https:\/\/www.fcejs.unsl.edu.ar\/wp-content\/uploads\/2021\/11\/flyer-observatorio-social-300x300.jpg 300w, https:\/\/www.fcejs.unsl.edu.ar\/wp-content\/uploads\/2021\/11\/flyer-observatorio-social-150x150.jpg 150w, https:\/\/www.fcejs.unsl.edu.ar\/wp-content\/uploads\/2021\/11\/flyer-observatorio-social-768x768.jpg 768w, https:\/\/www.fcejs.unsl.edu.ar\/wp-content\/uploads\/2021\/11\/flyer-observatorio-social-1536x1536.jpg 1536w, https:\/\/www.fcejs.unsl.edu.ar\/wp-content\/uploads\/2021\/11\/flyer-observatorio-social-2048x2048.jpg 2048w\" sizes=\"(max-width: 843px) 100vw, 843px\" \/><\/p>\n","protected":false},"excerpt":{"rendered":"<p>La Secretar\u00eda de Planeamiento tiene el agrado de informar a toda la comunidad, que el pr\u00f3ximo viernes 26 de noviembre, se llevar\u00e1 a cabo el&hellip;<\/p>\n","protected":false},"author":9,"featured_media":6168,"comment_status":"closed","ping_status":"closed","sticky":false,"template":"","format":"standard","meta":{"om_disable_all_campaigns":false,"_monsterinsights_skip_tracking":false,"_monsterinsights_sitenote_active":false,"_monsterinsights_sitenote_note":"","_monsterinsights_sitenote_category":0,"footnotes":""},"categories":[21],"tags":[],"class_list":["post-6166","post","type-post","status-publish","format-standard","has-post-thumbnail","hentry","category-archivadas"],"yoast_head":"<!-- This site is optimized with the Yoast SEO plugin v27.5 - https:\/\/yoast.com\/product\/yoast-seo-wordpress\/ -->\n<title>Presentaci\u00f3n del nuevo \u201cObservatorio Social\u201d de la FCEJS - Facultad de Ciencias Econ\u00f3micas, Jur\u00ed\u00addicas y Sociales<\/title>\n<meta name=\"robots\" content=\"index, follow, max-snippet:-1, max-image-preview:large, max-video-preview:-1\" \/>\n<link rel=\"canonical\" href=\"https:\/\/www.fcejs.unsl.edu.ar\/index.php\/presentacion-del-nuevo-observatorio-social-de-la-fcejs\/\" \/>\n<meta property=\"og:locale\" content=\"es_ES\" \/>\n<meta property=\"og:type\" content=\"article\" \/>\n<meta property=\"og:title\" content=\"Presentaci\u00f3n del nuevo \u201cObservatorio Social\u201d de la FCEJS - Facultad de Ciencias Econ\u00f3micas, Jur\u00ed\u00addicas y Sociales\" \/>\n<meta property=\"og:description\" content=\"La Secretar\u00eda de Planeamiento tiene el agrado de informar a toda la comunidad, que el pr\u00f3ximo viernes 26 de noviembre, se llevar\u00e1 a cabo el&hellip;\" \/>\n<meta property=\"og:url\" content=\"https:\/\/www.fcejs.unsl.edu.ar\/index.php\/presentacion-del-nuevo-observatorio-social-de-la-fcejs\/\" \/>\n<meta property=\"og:site_name\" content=\"Facultad de Ciencias Econ\u00f3micas, Jur\u00ed\u00addicas y Sociales\" \/>\n<meta property=\"article:publisher\" content=\"https:\/\/www.facebook.com\/FCEJS.UNSL\/\" \/>\n<meta property=\"article:published_time\" content=\"2021-11-24T15:24:50+00:00\" \/>\n<meta property=\"article:modified_time\" content=\"2021-11-29T12:43:56+00:00\" \/>\n<meta property=\"og:image\" content=\"https:\/\/www.fcejs.unsl.edu.ar\/wp-content\/uploads\/2021\/11\/front-observatorio-social.jpg\" \/>\n\t<meta property=\"og:image:width\" content=\"1152\" \/>\n\t<meta property=\"og:image:height\" content=\"647\" \/>\n\t<meta property=\"og:image:type\" content=\"image\/jpeg\" \/>\n<meta name=\"author\" content=\"DATI\" \/>\n<meta name=\"twitter:card\" content=\"summary_large_image\" \/>\n<meta name=\"twitter:creator\" content=\"@FCEJSUNSL\" \/>\n<meta name=\"twitter:site\" content=\"@FCEJSUNSL\" \/>\n<meta name=\"twitter:label1\" content=\"Escrito por\" \/>\n\t<meta name=\"twitter:data1\" content=\"DATI\" \/>\n\t<meta name=\"twitter:label2\" content=\"Tiempo de lectura\" \/>\n\t<meta name=\"twitter:data2\" content=\"2 minutos\" \/>\n<script type=\"application\/ld+json\" class=\"yoast-schema-graph\">{\"@context\":\"https:\\\/\\\/schema.org\",\"@graph\":[{\"@type\":\"Article\",\"@id\":\"https:\\\/\\\/www.fcejs.unsl.edu.ar\\\/index.php\\\/presentacion-del-nuevo-observatorio-social-de-la-fcejs\\\/#article\",\"isPartOf\":{\"@id\":\"https:\\\/\\\/www.fcejs.unsl.edu.ar\\\/index.php\\\/presentacion-del-nuevo-observatorio-social-de-la-fcejs\\\/\"},\"author\":{\"name\":\"DATI\",\"@id\":\"https:\\\/\\\/www.fcejs.unsl.edu.ar\\\/#\\\/schema\\\/person\\\/352ee6ed90c3f394c7cb5945f8956d34\"},\"headline\":\"Presentaci\u00f3n del nuevo \u201cObservatorio Social\u201d de la FCEJS\",\"datePublished\":\"2021-11-24T15:24:50+00:00\",\"dateModified\":\"2021-11-29T12:43:56+00:00\",\"mainEntityOfPage\":{\"@id\":\"https:\\\/\\\/www.fcejs.unsl.edu.ar\\\/index.php\\\/presentacion-del-nuevo-observatorio-social-de-la-fcejs\\\/\"},\"wordCount\":382,\"publisher\":{\"@id\":\"https:\\\/\\\/www.fcejs.unsl.edu.ar\\\/#organization\"},\"image\":{\"@id\":\"https:\\\/\\\/www.fcejs.unsl.edu.ar\\\/index.php\\\/presentacion-del-nuevo-observatorio-social-de-la-fcejs\\\/#primaryimage\"},\"thumbnailUrl\":\"https:\\\/\\\/www.fcejs.unsl.edu.ar\\\/wp-content\\\/uploads\\\/2021\\\/11\\\/front-observatorio-social.jpg\",\"articleSection\":[\"Archivadas\"],\"inLanguage\":\"es-AR\"},{\"@type\":\"WebPage\",\"@id\":\"https:\\\/\\\/www.fcejs.unsl.edu.ar\\\/index.php\\\/presentacion-del-nuevo-observatorio-social-de-la-fcejs\\\/\",\"url\":\"https:\\\/\\\/www.fcejs.unsl.edu.ar\\\/index.php\\\/presentacion-del-nuevo-observatorio-social-de-la-fcejs\\\/\",\"name\":\"Presentaci\u00f3n del nuevo \u201cObservatorio Social\u201d de la FCEJS - Facultad de Ciencias Econ\u00f3micas, Jur\u00ed\u00addicas y Sociales\",\"isPartOf\":{\"@id\":\"https:\\\/\\\/www.fcejs.unsl.edu.ar\\\/#website\"},\"primaryImageOfPage\":{\"@id\":\"https:\\\/\\\/www.fcejs.unsl.edu.ar\\\/index.php\\\/presentacion-del-nuevo-observatorio-social-de-la-fcejs\\\/#primaryimage\"},\"image\":{\"@id\":\"https:\\\/\\\/www.fcejs.unsl.edu.ar\\\/index.php\\\/presentacion-del-nuevo-observatorio-social-de-la-fcejs\\\/#primaryimage\"},\"thumbnailUrl\":\"https:\\\/\\\/www.fcejs.unsl.edu.ar\\\/wp-content\\\/uploads\\\/2021\\\/11\\\/front-observatorio-social.jpg\",\"datePublished\":\"2021-11-24T15:24:50+00:00\",\"dateModified\":\"2021-11-29T12:43:56+00:00\",\"breadcrumb\":{\"@id\":\"https:\\\/\\\/www.fcejs.unsl.edu.ar\\\/index.php\\\/presentacion-del-nuevo-observatorio-social-de-la-fcejs\\\/#breadcrumb\"},\"inLanguage\":\"es-AR\",\"potentialAction\":[{\"@type\":\"ReadAction\",\"target\":[\"https:\\\/\\\/www.fcejs.unsl.edu.ar\\\/index.php\\\/presentacion-del-nuevo-observatorio-social-de-la-fcejs\\\/\"]}]},{\"@type\":\"ImageObject\",\"inLanguage\":\"es-AR\",\"@id\":\"https:\\\/\\\/www.fcejs.unsl.edu.ar\\\/index.php\\\/presentacion-del-nuevo-observatorio-social-de-la-fcejs\\\/#primaryimage\",\"url\":\"https:\\\/\\\/www.fcejs.unsl.edu.ar\\\/wp-content\\\/uploads\\\/2021\\\/11\\\/front-observatorio-social.jpg\",\"contentUrl\":\"https:\\\/\\\/www.fcejs.unsl.edu.ar\\\/wp-content\\\/uploads\\\/2021\\\/11\\\/front-observatorio-social.jpg\",\"width\":1152,\"height\":647},{\"@type\":\"BreadcrumbList\",\"@id\":\"https:\\\/\\\/www.fcejs.unsl.edu.ar\\\/index.php\\\/presentacion-del-nuevo-observatorio-social-de-la-fcejs\\\/#breadcrumb\",\"itemListElement\":[{\"@type\":\"ListItem\",\"position\":1,\"name\":\"Inicio\",\"item\":\"https:\\\/\\\/www.fcejs.unsl.edu.ar\\\/\"},{\"@type\":\"ListItem\",\"position\":2,\"name\":\"Presentaci\u00f3n del nuevo \u201cObservatorio Social\u201d de la FCEJS\"}]},{\"@type\":\"WebSite\",\"@id\":\"https:\\\/\\\/www.fcejs.unsl.edu.ar\\\/#website\",\"url\":\"https:\\\/\\\/www.fcejs.unsl.edu.ar\\\/\",\"name\":\"Facultad de Ciencias Econ\u00f3micas, Jur\u00ed\u00addicas y Sociales\",\"description\":\"\",\"publisher\":{\"@id\":\"https:\\\/\\\/www.fcejs.unsl.edu.ar\\\/#organization\"},\"potentialAction\":[{\"@type\":\"SearchAction\",\"target\":{\"@type\":\"EntryPoint\",\"urlTemplate\":\"https:\\\/\\\/www.fcejs.unsl.edu.ar\\\/?s={search_term_string}\"},\"query-input\":{\"@type\":\"PropertyValueSpecification\",\"valueRequired\":true,\"valueName\":\"search_term_string\"}}],\"inLanguage\":\"es-AR\"},{\"@type\":\"Organization\",\"@id\":\"https:\\\/\\\/www.fcejs.unsl.edu.ar\\\/#organization\",\"name\":\"Facultad de Ciencias Econ\u00f3micas, Jur\u00eddicas y Sociales\",\"url\":\"https:\\\/\\\/www.fcejs.unsl.edu.ar\\\/\",\"logo\":{\"@type\":\"ImageObject\",\"inLanguage\":\"es-AR\",\"@id\":\"https:\\\/\\\/www.fcejs.unsl.edu.ar\\\/#\\\/schema\\\/logo\\\/image\\\/\",\"url\":\"https:\\\/\\\/www.fcejs.unsl.edu.ar\\\/wp-content\\\/uploads\\\/2021\\\/03\\\/logo-1.jpg\",\"contentUrl\":\"https:\\\/\\\/www.fcejs.unsl.edu.ar\\\/wp-content\\\/uploads\\\/2021\\\/03\\\/logo-1.jpg\",\"width\":471,\"height\":146,\"caption\":\"Facultad de Ciencias Econ\u00f3micas, Jur\u00eddicas y Sociales\"},\"image\":{\"@id\":\"https:\\\/\\\/www.fcejs.unsl.edu.ar\\\/#\\\/schema\\\/logo\\\/image\\\/\"},\"sameAs\":[\"https:\\\/\\\/www.facebook.com\\\/FCEJS.UNSL\\\/\",\"https:\\\/\\\/x.com\\\/FCEJSUNSL\",\"https:\\\/\\\/www.instagram.com\\\/fcejs.unsl\\\/\",\"https:\\\/\\\/www.youtube.com\\\/channel\\\/UCH-Ut6EaN_X5ogjIQMPe46g\\\/\"]},{\"@type\":\"Person\",\"@id\":\"https:\\\/\\\/www.fcejs.unsl.edu.ar\\\/#\\\/schema\\\/person\\\/352ee6ed90c3f394c7cb5945f8956d34\",\"name\":\"DATI\"}]}<\/script>\n<!-- \/ Yoast SEO plugin. -->","yoast_head_json":{"title":"Presentaci\u00f3n del nuevo \u201cObservatorio Social\u201d de la FCEJS - Facultad de Ciencias Econ\u00f3micas, Jur\u00ed\u00addicas y Sociales","robots":{"index":"index","follow":"follow","max-snippet":"max-snippet:-1","max-image-preview":"max-image-preview:large","max-video-preview":"max-video-preview:-1"},"canonical":"https:\/\/www.fcejs.unsl.edu.ar\/index.php\/presentacion-del-nuevo-observatorio-social-de-la-fcejs\/","og_locale":"es_ES","og_type":"article","og_title":"Presentaci\u00f3n del nuevo \u201cObservatorio Social\u201d de la FCEJS - Facultad de Ciencias Econ\u00f3micas, Jur\u00ed\u00addicas y Sociales","og_description":"La Secretar\u00eda de Planeamiento tiene el agrado de informar a toda la comunidad, que el pr\u00f3ximo viernes 26 de noviembre, se llevar\u00e1 a cabo el&hellip;","og_url":"https:\/\/www.fcejs.unsl.edu.ar\/index.php\/presentacion-del-nuevo-observatorio-social-de-la-fcejs\/","og_site_name":"Facultad de Ciencias Econ\u00f3micas, Jur\u00ed\u00addicas y Sociales","article_publisher":"https:\/\/www.facebook.com\/FCEJS.UNSL\/","article_published_time":"2021-11-24T15:24:50+00:00","article_modified_time":"2021-11-29T12:43:56+00:00","og_image":[{"width":1152,"height":647,"url":"https:\/\/www.fcejs.unsl.edu.ar\/wp-content\/uploads\/2021\/11\/front-observatorio-social.jpg","type":"image\/jpeg"}],"author":"DATI","twitter_card":"summary_large_image","twitter_creator":"@FCEJSUNSL","twitter_site":"@FCEJSUNSL","twitter_misc":{"Escrito por":"DATI","Tiempo de lectura":"2 minutos"},"schema":{"@context":"https:\/\/schema.org","@graph":[{"@type":"Article","@id":"https:\/\/www.fcejs.unsl.edu.ar\/index.php\/presentacion-del-nuevo-observatorio-social-de-la-fcejs\/#article","isPartOf":{"@id":"https:\/\/www.fcejs.unsl.edu.ar\/index.php\/presentacion-del-nuevo-observatorio-social-de-la-fcejs\/"},"author":{"name":"DATI","@id":"https:\/\/www.fcejs.unsl.edu.ar\/#\/schema\/person\/352ee6ed90c3f394c7cb5945f8956d34"},"headline":"Presentaci\u00f3n del nuevo \u201cObservatorio Social\u201d de la FCEJS","datePublished":"2021-11-24T15:24:50+00:00","dateModified":"2021-11-29T12:43:56+00:00","mainEntityOfPage":{"@id":"https:\/\/www.fcejs.unsl.edu.ar\/index.php\/presentacion-del-nuevo-observatorio-social-de-la-fcejs\/"},"wordCount":382,"publisher":{"@id":"https:\/\/www.fcejs.unsl.edu.ar\/#organization"},"image":{"@id":"https:\/\/www.fcejs.unsl.edu.ar\/index.php\/presentacion-del-nuevo-observatorio-social-de-la-fcejs\/#primaryimage"},"thumbnailUrl":"https:\/\/www.fcejs.unsl.edu.ar\/wp-content\/uploads\/2021\/11\/front-observatorio-social.jpg","articleSection":["Archivadas"],"inLanguage":"es-AR"},{"@type":"WebPage","@id":"https:\/\/www.fcejs.unsl.edu.ar\/index.php\/presentacion-del-nuevo-observatorio-social-de-la-fcejs\/","url":"https:\/\/www.fcejs.unsl.edu.ar\/index.php\/presentacion-del-nuevo-observatorio-social-de-la-fcejs\/","name":"Presentaci\u00f3n del nuevo \u201cObservatorio Social\u201d de la FCEJS - Facultad de Ciencias Econ\u00f3micas, Jur\u00ed\u00addicas y Sociales","isPartOf":{"@id":"https:\/\/www.fcejs.unsl.edu.ar\/#website"},"primaryImageOfPage":{"@id":"https:\/\/www.fcejs.unsl.edu.ar\/index.php\/presentacion-del-nuevo-observatorio-social-de-la-fcejs\/#primaryimage"},"image":{"@id":"https:\/\/www.fcejs.unsl.edu.ar\/index.php\/presentacion-del-nuevo-observatorio-social-de-la-fcejs\/#primaryimage"},"thumbnailUrl":"https:\/\/www.fcejs.unsl.edu.ar\/wp-content\/uploads\/2021\/11\/front-observatorio-social.jpg","datePublished":"2021-11-24T15:24:50+00:00","dateModified":"2021-11-29T12:43:56+00:00","breadcrumb":{"@id":"https:\/\/www.fcejs.unsl.edu.ar\/index.php\/presentacion-del-nuevo-observatorio-social-de-la-fcejs\/#breadcrumb"},"inLanguage":"es-AR","potentialAction":[{"@type":"ReadAction","target":["https:\/\/www.fcejs.unsl.edu.ar\/index.php\/presentacion-del-nuevo-observatorio-social-de-la-fcejs\/"]}]},{"@type":"ImageObject","inLanguage":"es-AR","@id":"https:\/\/www.fcejs.unsl.edu.ar\/index.php\/presentacion-del-nuevo-observatorio-social-de-la-fcejs\/#primaryimage","url":"https:\/\/www.fcejs.unsl.edu.ar\/wp-content\/uploads\/2021\/11\/front-observatorio-social.jpg","contentUrl":"https:\/\/www.fcejs.unsl.edu.ar\/wp-content\/uploads\/2021\/11\/front-observatorio-social.jpg","width":1152,"height":647},{"@type":"BreadcrumbList","@id":"https:\/\/www.fcejs.unsl.edu.ar\/index.php\/presentacion-del-nuevo-observatorio-social-de-la-fcejs\/#breadcrumb","itemListElement":[{"@type":"ListItem","position":1,"name":"Inicio","item":"https:\/\/www.fcejs.unsl.edu.ar\/"},{"@type":"ListItem","position":2,"name":"Presentaci\u00f3n del nuevo \u201cObservatorio Social\u201d de la FCEJS"}]},{"@type":"WebSite","@id":"https:\/\/www.fcejs.unsl.edu.ar\/#website","url":"https:\/\/www.fcejs.unsl.edu.ar\/","name":"Facultad de Ciencias Econ\u00f3micas, Jur\u00ed\u00addicas y Sociales","description":"","publisher":{"@id":"https:\/\/www.fcejs.unsl.edu.ar\/#organization"},"potentialAction":[{"@type":"SearchAction","target":{"@type":"EntryPoint","urlTemplate":"https:\/\/www.fcejs.unsl.edu.ar\/?s={search_term_string}"},"query-input":{"@type":"PropertyValueSpecification","valueRequired":true,"valueName":"search_term_string"}}],"inLanguage":"es-AR"},{"@type":"Organization","@id":"https:\/\/www.fcejs.unsl.edu.ar\/#organization","name":"Facultad de Ciencias Econ\u00f3micas, Jur\u00eddicas y Sociales","url":"https:\/\/www.fcejs.unsl.edu.ar\/","logo":{"@type":"ImageObject","inLanguage":"es-AR","@id":"https:\/\/www.fcejs.unsl.edu.ar\/#\/schema\/logo\/image\/","url":"https:\/\/www.fcejs.unsl.edu.ar\/wp-content\/uploads\/2021\/03\/logo-1.jpg","contentUrl":"https:\/\/www.fcejs.unsl.edu.ar\/wp-content\/uploads\/2021\/03\/logo-1.jpg","width":471,"height":146,"caption":"Facultad de Ciencias Econ\u00f3micas, Jur\u00eddicas y Sociales"},"image":{"@id":"https:\/\/www.fcejs.unsl.edu.ar\/#\/schema\/logo\/image\/"},"sameAs":["https:\/\/www.facebook.com\/FCEJS.UNSL\/","https:\/\/x.com\/FCEJSUNSL","https:\/\/www.instagram.com\/fcejs.unsl\/","https:\/\/www.youtube.com\/channel\/UCH-Ut6EaN_X5ogjIQMPe46g\/"]},{"@type":"Person","@id":"https:\/\/www.fcejs.unsl.edu.ar\/#\/schema\/person\/352ee6ed90c3f394c7cb5945f8956d34","name":"DATI"}]}},"jetpack_featured_media_url":"https:\/\/www.fcejs.unsl.edu.ar\/wp-content\/uploads\/2021\/11\/front-observatorio-social.jpg","_links":{"self":[{"href":"https:\/\/www.fcejs.unsl.edu.ar\/index.php\/wp-json\/wp\/v2\/posts\/6166","targetHints":{"allow":["GET"]}}],"collection":[{"href":"https:\/\/www.fcejs.unsl.edu.ar\/index.php\/wp-json\/wp\/v2\/posts"}],"about":[{"href":"https:\/\/www.fcejs.unsl.edu.ar\/index.php\/wp-json\/wp\/v2\/types\/post"}],"author":[{"embeddable":true,"href":"https:\/\/www.fcejs.unsl.edu.ar\/index.php\/wp-json\/wp\/v2\/users\/9"}],"replies":[{"embeddable":true,"href":"https:\/\/www.fcejs.unsl.edu.ar\/index.php\/wp-json\/wp\/v2\/comments?post=6166"}],"version-history":[{"count":4,"href":"https:\/\/www.fcejs.unsl.edu.ar\/index.php\/wp-json\/wp\/v2\/posts\/6166\/revisions"}],"predecessor-version":[{"id":6177,"href":"https:\/\/www.fcejs.unsl.edu.ar\/index.php\/wp-json\/wp\/v2\/posts\/6166\/revisions\/6177"}],"wp:featuredmedia":[{"embeddable":true,"href":"https:\/\/www.fcejs.unsl.edu.ar\/index.php\/wp-json\/wp\/v2\/media\/6168"}],"wp:attachment":[{"href":"https:\/\/www.fcejs.unsl.edu.ar\/index.php\/wp-json\/wp\/v2\/media?parent=6166"}],"wp:term":[{"taxonomy":"category","embeddable":true,"href":"https:\/\/www.fcejs.unsl.edu.ar\/index.php\/wp-json\/wp\/v2\/categories?post=6166"},{"taxonomy":"post_tag","embeddable":true,"href":"https:\/\/www.fcejs.unsl.edu.ar\/index.php\/wp-json\/wp\/v2\/tags?post=6166"}],"curies":[{"name":"wp","href":"https:\/\/api.w.org\/{rel}","templated":true}]}}