{"id":6052,"date":"2021-11-02T10:55:04","date_gmt":"2021-11-02T13:55:04","guid":{"rendered":"http:\/\/10.101.10.197\/www\/?p=6052"},"modified":"2021-11-05T09:46:27","modified_gmt":"2021-11-05T12:46:27","slug":"ultimo-encuentro-del-ciclo-dialogos-urgentes-homenaje-a-alcira-argumedo","status":"publish","type":"post","link":"https:\/\/www.fcejs.unsl.edu.ar\/index.php\/ultimo-encuentro-del-ciclo-dialogos-urgentes-homenaje-a-alcira-argumedo\/","title":{"rendered":"\u00daltimo encuentro del ciclo \u201cDi\u00e1logos Urgentes. Homenaje a Alcira Argumedo\u201d"},"content":{"rendered":"<p>La Secretar\u00eda de Investigaci\u00f3n y Posgrado informa que, este jueves 4 de noviembre a las 19 h, se llevar\u00e1 a cabo de forma virtual el \u00faltimo encuentro del ciclo \u201cDi\u00e1logos Urgentes. Homenaje a Alcira Argumedo\u201d. En el mismo disertar\u00e1 la Prof. Violeta Guyot sobre \u201cPandemia y Caja de Pandora\u201d.<\/p>\n<p>Guyot es profesora de Filosof\u00eda por la UNLP y Profesora Em\u00e9rita por la UNSL. La presentaci\u00f3n se transmitir\u00e1 por el canal de la FCEJS en <strong><a href=\"https:\/\/www.youtube.com\/watch?v=D6tYi-2PUI4\">YouTube<\/a><\/strong>.<\/p>\n<p>Las actividades que comprenden el ciclo \u201cDi\u00e1logos Urgentes\u201d est\u00e1n abierta a las y los preocupados e interesados en compartir encuentros con referentes de distintas \u00e1reas de investigaci\u00f3n e inserci\u00f3n profesional.<\/p>\n<p>Este ciclo es organizado por la Maestr\u00eda en \u201cSociedad e Instituciones\u201d junto al PROICO: 150418. \u201cJuventudes contempor\u00e1neas: pol\u00edticas, desaf\u00edos y tensiones\u201d (UNSL). Para cada encuentro no se requiere inscripci\u00f3n previa. Se prev\u00e9 la duraci\u00f3n de cada encuentro con un l\u00edmite de 60 minutos, tras la exposici\u00f3n de cada una se abrir\u00e1 un espacio para preguntas del p\u00fablico.<\/p>\n<p>Mientras se planificaba esta actividad, se produjo la inesperada y dolorosa noticia de la partida de una referente del mundo acad\u00e9mico quien siempre expres\u00f3 un fuerte compromiso social: la profesora Alcira Argumedo. La actitud coherente e inclaudicable de sus convicciones junto a su tremenda generosidad acad\u00e9mica la coloca como una referente imprescindible para las y los que entienden la estrecha vinculaci\u00f3n entre los \u00e1mbitos cient\u00edficos-tecnol\u00f3gicos y el aporte al desarrollo de sociedades m\u00e1s inclusivas.<\/p>\n<p>Deviene se\u00f1alar a Alcira Argumedo pues ella iba a ser la primera invitada al ciclo. Por tal raz\u00f3n, desde la Maestr\u00eda en Sociedad e Instituciones, se ha decidido enmarcar la actividad en su homenaje. Argumedo integr\u00f3 el Comit\u00e9 Acad\u00e9mico de la carrera y tambi\u00e9n fue docente en la misma.<\/p>\n<p><img fetchpriority=\"high\" decoding=\"async\" class=\"aligncenter size-large wp-image-6059\" src=\"https:\/\/www.fcejs.unsl.edu.ar\/wp-content\/uploads\/2021\/11\/FLYER-ARGUMEDO-VIOLETA-GUYOT-962x1024.jpg\" alt=\"\" width=\"843\" height=\"897\" srcset=\"https:\/\/www.fcejs.unsl.edu.ar\/wp-content\/uploads\/2021\/11\/FLYER-ARGUMEDO-VIOLETA-GUYOT-962x1024.jpg 962w, https:\/\/www.fcejs.unsl.edu.ar\/wp-content\/uploads\/2021\/11\/FLYER-ARGUMEDO-VIOLETA-GUYOT-282x300.jpg 282w, https:\/\/www.fcejs.unsl.edu.ar\/wp-content\/uploads\/2021\/11\/FLYER-ARGUMEDO-VIOLETA-GUYOT-768x818.jpg 768w, https:\/\/www.fcejs.unsl.edu.ar\/wp-content\/uploads\/2021\/11\/FLYER-ARGUMEDO-VIOLETA-GUYOT-1443x1536.jpg 1443w, https:\/\/www.fcejs.unsl.edu.ar\/wp-content\/uploads\/2021\/11\/FLYER-ARGUMEDO-VIOLETA-GUYOT-1923x2048.jpg 1923w\" sizes=\"(max-width: 843px) 100vw, 843px\" \/><\/p>\n","protected":false},"excerpt":{"rendered":"<p>La Secretar\u00eda de Investigaci\u00f3n y Posgrado informa que, este jueves 4 de noviembre a las 19 h, se llevar\u00e1 a cabo de forma virtual el&hellip;<\/p>\n","protected":false},"author":9,"featured_media":4173,"comment_status":"closed","ping_status":"closed","sticky":false,"template":"","format":"standard","meta":{"om_disable_all_campaigns":false,"_monsterinsights_skip_tracking":false,"_monsterinsights_sitenote_active":false,"_monsterinsights_sitenote_note":"","_monsterinsights_sitenote_category":0,"footnotes":""},"categories":[21],"tags":[],"class_list":["post-6052","post","type-post","status-publish","format-standard","has-post-thumbnail","hentry","category-archivadas"],"yoast_head":"<!-- This site is optimized with the Yoast SEO plugin v27.5 - https:\/\/yoast.com\/product\/yoast-seo-wordpress\/ -->\n<title>\u00daltimo encuentro del ciclo \u201cDi\u00e1logos Urgentes. Homenaje a Alcira Argumedo\u201d - Facultad de Ciencias Econ\u00f3micas, Jur\u00ed\u00addicas y Sociales<\/title>\n<meta name=\"robots\" content=\"index, follow, max-snippet:-1, max-image-preview:large, max-video-preview:-1\" \/>\n<link rel=\"canonical\" href=\"https:\/\/www.fcejs.unsl.edu.ar\/index.php\/ultimo-encuentro-del-ciclo-dialogos-urgentes-homenaje-a-alcira-argumedo\/\" \/>\n<meta property=\"og:locale\" content=\"es_ES\" \/>\n<meta property=\"og:type\" content=\"article\" \/>\n<meta property=\"og:title\" content=\"\u00daltimo encuentro del ciclo \u201cDi\u00e1logos Urgentes. Homenaje a Alcira Argumedo\u201d - Facultad de Ciencias Econ\u00f3micas, Jur\u00ed\u00addicas y Sociales\" \/>\n<meta property=\"og:description\" content=\"La Secretar\u00eda de Investigaci\u00f3n y Posgrado informa que, este jueves 4 de noviembre a las 19 h, se llevar\u00e1 a cabo de forma virtual el&hellip;\" \/>\n<meta property=\"og:url\" content=\"https:\/\/www.fcejs.unsl.edu.ar\/index.php\/ultimo-encuentro-del-ciclo-dialogos-urgentes-homenaje-a-alcira-argumedo\/\" \/>\n<meta property=\"og:site_name\" content=\"Facultad de Ciencias Econ\u00f3micas, Jur\u00ed\u00addicas y Sociales\" \/>\n<meta property=\"article:publisher\" content=\"https:\/\/www.facebook.com\/FCEJS.UNSL\/\" \/>\n<meta property=\"article:published_time\" content=\"2021-11-02T13:55:04+00:00\" \/>\n<meta property=\"article:modified_time\" content=\"2021-11-05T12:46:27+00:00\" \/>\n<meta property=\"og:image\" content=\"https:\/\/www.fcejs.unsl.edu.ar\/wp-content\/uploads\/2021\/06\/Alcira-Argumedo.jpg\" \/>\n\t<meta property=\"og:image:width\" content=\"1149\" \/>\n\t<meta property=\"og:image:height\" content=\"642\" \/>\n\t<meta property=\"og:image:type\" content=\"image\/jpeg\" \/>\n<meta name=\"author\" content=\"DATI\" \/>\n<meta name=\"twitter:card\" content=\"summary_large_image\" \/>\n<meta name=\"twitter:creator\" content=\"@FCEJSUNSL\" \/>\n<meta name=\"twitter:site\" content=\"@FCEJSUNSL\" \/>\n<meta name=\"twitter:label1\" content=\"Escrito por\" \/>\n\t<meta name=\"twitter:data1\" content=\"DATI\" \/>\n\t<meta name=\"twitter:label2\" content=\"Tiempo de lectura\" \/>\n\t<meta name=\"twitter:data2\" content=\"2 minutos\" \/>\n<script type=\"application\/ld+json\" class=\"yoast-schema-graph\">{\"@context\":\"https:\\\/\\\/schema.org\",\"@graph\":[{\"@type\":\"Article\",\"@id\":\"https:\\\/\\\/www.fcejs.unsl.edu.ar\\\/index.php\\\/ultimo-encuentro-del-ciclo-dialogos-urgentes-homenaje-a-alcira-argumedo\\\/#article\",\"isPartOf\":{\"@id\":\"https:\\\/\\\/www.fcejs.unsl.edu.ar\\\/index.php\\\/ultimo-encuentro-del-ciclo-dialogos-urgentes-homenaje-a-alcira-argumedo\\\/\"},\"author\":{\"name\":\"DATI\",\"@id\":\"https:\\\/\\\/www.fcejs.unsl.edu.ar\\\/#\\\/schema\\\/person\\\/352ee6ed90c3f394c7cb5945f8956d34\"},\"headline\":\"\u00daltimo encuentro del ciclo \u201cDi\u00e1logos Urgentes. Homenaje a Alcira Argumedo\u201d\",\"datePublished\":\"2021-11-02T13:55:04+00:00\",\"dateModified\":\"2021-11-05T12:46:27+00:00\",\"mainEntityOfPage\":{\"@id\":\"https:\\\/\\\/www.fcejs.unsl.edu.ar\\\/index.php\\\/ultimo-encuentro-del-ciclo-dialogos-urgentes-homenaje-a-alcira-argumedo\\\/\"},\"wordCount\":322,\"publisher\":{\"@id\":\"https:\\\/\\\/www.fcejs.unsl.edu.ar\\\/#organization\"},\"image\":{\"@id\":\"https:\\\/\\\/www.fcejs.unsl.edu.ar\\\/index.php\\\/ultimo-encuentro-del-ciclo-dialogos-urgentes-homenaje-a-alcira-argumedo\\\/#primaryimage\"},\"thumbnailUrl\":\"https:\\\/\\\/www.fcejs.unsl.edu.ar\\\/wp-content\\\/uploads\\\/2021\\\/06\\\/Alcira-Argumedo.jpg\",\"articleSection\":[\"Archivadas\"],\"inLanguage\":\"es-AR\"},{\"@type\":\"WebPage\",\"@id\":\"https:\\\/\\\/www.fcejs.unsl.edu.ar\\\/index.php\\\/ultimo-encuentro-del-ciclo-dialogos-urgentes-homenaje-a-alcira-argumedo\\\/\",\"url\":\"https:\\\/\\\/www.fcejs.unsl.edu.ar\\\/index.php\\\/ultimo-encuentro-del-ciclo-dialogos-urgentes-homenaje-a-alcira-argumedo\\\/\",\"name\":\"\u00daltimo encuentro del ciclo \u201cDi\u00e1logos Urgentes. Homenaje a Alcira Argumedo\u201d - Facultad de Ciencias Econ\u00f3micas, Jur\u00ed\u00addicas y Sociales\",\"isPartOf\":{\"@id\":\"https:\\\/\\\/www.fcejs.unsl.edu.ar\\\/#website\"},\"primaryImageOfPage\":{\"@id\":\"https:\\\/\\\/www.fcejs.unsl.edu.ar\\\/index.php\\\/ultimo-encuentro-del-ciclo-dialogos-urgentes-homenaje-a-alcira-argumedo\\\/#primaryimage\"},\"image\":{\"@id\":\"https:\\\/\\\/www.fcejs.unsl.edu.ar\\\/index.php\\\/ultimo-encuentro-del-ciclo-dialogos-urgentes-homenaje-a-alcira-argumedo\\\/#primaryimage\"},\"thumbnailUrl\":\"https:\\\/\\\/www.fcejs.unsl.edu.ar\\\/wp-content\\\/uploads\\\/2021\\\/06\\\/Alcira-Argumedo.jpg\",\"datePublished\":\"2021-11-02T13:55:04+00:00\",\"dateModified\":\"2021-11-05T12:46:27+00:00\",\"breadcrumb\":{\"@id\":\"https:\\\/\\\/www.fcejs.unsl.edu.ar\\\/index.php\\\/ultimo-encuentro-del-ciclo-dialogos-urgentes-homenaje-a-alcira-argumedo\\\/#breadcrumb\"},\"inLanguage\":\"es-AR\",\"potentialAction\":[{\"@type\":\"ReadAction\",\"target\":[\"https:\\\/\\\/www.fcejs.unsl.edu.ar\\\/index.php\\\/ultimo-encuentro-del-ciclo-dialogos-urgentes-homenaje-a-alcira-argumedo\\\/\"]}]},{\"@type\":\"ImageObject\",\"inLanguage\":\"es-AR\",\"@id\":\"https:\\\/\\\/www.fcejs.unsl.edu.ar\\\/index.php\\\/ultimo-encuentro-del-ciclo-dialogos-urgentes-homenaje-a-alcira-argumedo\\\/#primaryimage\",\"url\":\"https:\\\/\\\/www.fcejs.unsl.edu.ar\\\/wp-content\\\/uploads\\\/2021\\\/06\\\/Alcira-Argumedo.jpg\",\"contentUrl\":\"https:\\\/\\\/www.fcejs.unsl.edu.ar\\\/wp-content\\\/uploads\\\/2021\\\/06\\\/Alcira-Argumedo.jpg\",\"width\":1149,\"height\":642},{\"@type\":\"BreadcrumbList\",\"@id\":\"https:\\\/\\\/www.fcejs.unsl.edu.ar\\\/index.php\\\/ultimo-encuentro-del-ciclo-dialogos-urgentes-homenaje-a-alcira-argumedo\\\/#breadcrumb\",\"itemListElement\":[{\"@type\":\"ListItem\",\"position\":1,\"name\":\"Inicio\",\"item\":\"https:\\\/\\\/www.fcejs.unsl.edu.ar\\\/\"},{\"@type\":\"ListItem\",\"position\":2,\"name\":\"\u00daltimo encuentro del ciclo \u201cDi\u00e1logos Urgentes. Homenaje a Alcira Argumedo\u201d\"}]},{\"@type\":\"WebSite\",\"@id\":\"https:\\\/\\\/www.fcejs.unsl.edu.ar\\\/#website\",\"url\":\"https:\\\/\\\/www.fcejs.unsl.edu.ar\\\/\",\"name\":\"Facultad de Ciencias Econ\u00f3micas, Jur\u00ed\u00addicas y Sociales\",\"description\":\"\",\"publisher\":{\"@id\":\"https:\\\/\\\/www.fcejs.unsl.edu.ar\\\/#organization\"},\"potentialAction\":[{\"@type\":\"SearchAction\",\"target\":{\"@type\":\"EntryPoint\",\"urlTemplate\":\"https:\\\/\\\/www.fcejs.unsl.edu.ar\\\/?s={search_term_string}\"},\"query-input\":{\"@type\":\"PropertyValueSpecification\",\"valueRequired\":true,\"valueName\":\"search_term_string\"}}],\"inLanguage\":\"es-AR\"},{\"@type\":\"Organization\",\"@id\":\"https:\\\/\\\/www.fcejs.unsl.edu.ar\\\/#organization\",\"name\":\"Facultad de Ciencias Econ\u00f3micas, Jur\u00eddicas y Sociales\",\"url\":\"https:\\\/\\\/www.fcejs.unsl.edu.ar\\\/\",\"logo\":{\"@type\":\"ImageObject\",\"inLanguage\":\"es-AR\",\"@id\":\"https:\\\/\\\/www.fcejs.unsl.edu.ar\\\/#\\\/schema\\\/logo\\\/image\\\/\",\"url\":\"https:\\\/\\\/www.fcejs.unsl.edu.ar\\\/wp-content\\\/uploads\\\/2021\\\/03\\\/logo-1.jpg\",\"contentUrl\":\"https:\\\/\\\/www.fcejs.unsl.edu.ar\\\/wp-content\\\/uploads\\\/2021\\\/03\\\/logo-1.jpg\",\"width\":471,\"height\":146,\"caption\":\"Facultad de Ciencias Econ\u00f3micas, Jur\u00eddicas y Sociales\"},\"image\":{\"@id\":\"https:\\\/\\\/www.fcejs.unsl.edu.ar\\\/#\\\/schema\\\/logo\\\/image\\\/\"},\"sameAs\":[\"https:\\\/\\\/www.facebook.com\\\/FCEJS.UNSL\\\/\",\"https:\\\/\\\/x.com\\\/FCEJSUNSL\",\"https:\\\/\\\/www.instagram.com\\\/fcejs.unsl\\\/\",\"https:\\\/\\\/www.youtube.com\\\/channel\\\/UCH-Ut6EaN_X5ogjIQMPe46g\\\/\"]},{\"@type\":\"Person\",\"@id\":\"https:\\\/\\\/www.fcejs.unsl.edu.ar\\\/#\\\/schema\\\/person\\\/352ee6ed90c3f394c7cb5945f8956d34\",\"name\":\"DATI\"}]}<\/script>\n<!-- \/ Yoast SEO plugin. -->","yoast_head_json":{"title":"\u00daltimo encuentro del ciclo \u201cDi\u00e1logos Urgentes. Homenaje a Alcira Argumedo\u201d - Facultad de Ciencias Econ\u00f3micas, Jur\u00ed\u00addicas y Sociales","robots":{"index":"index","follow":"follow","max-snippet":"max-snippet:-1","max-image-preview":"max-image-preview:large","max-video-preview":"max-video-preview:-1"},"canonical":"https:\/\/www.fcejs.unsl.edu.ar\/index.php\/ultimo-encuentro-del-ciclo-dialogos-urgentes-homenaje-a-alcira-argumedo\/","og_locale":"es_ES","og_type":"article","og_title":"\u00daltimo encuentro del ciclo \u201cDi\u00e1logos Urgentes. Homenaje a Alcira Argumedo\u201d - Facultad de Ciencias Econ\u00f3micas, Jur\u00ed\u00addicas y Sociales","og_description":"La Secretar\u00eda de Investigaci\u00f3n y Posgrado informa que, este jueves 4 de noviembre a las 19 h, se llevar\u00e1 a cabo de forma virtual el&hellip;","og_url":"https:\/\/www.fcejs.unsl.edu.ar\/index.php\/ultimo-encuentro-del-ciclo-dialogos-urgentes-homenaje-a-alcira-argumedo\/","og_site_name":"Facultad de Ciencias Econ\u00f3micas, Jur\u00ed\u00addicas y Sociales","article_publisher":"https:\/\/www.facebook.com\/FCEJS.UNSL\/","article_published_time":"2021-11-02T13:55:04+00:00","article_modified_time":"2021-11-05T12:46:27+00:00","og_image":[{"width":1149,"height":642,"url":"https:\/\/www.fcejs.unsl.edu.ar\/wp-content\/uploads\/2021\/06\/Alcira-Argumedo.jpg","type":"image\/jpeg"}],"author":"DATI","twitter_card":"summary_large_image","twitter_creator":"@FCEJSUNSL","twitter_site":"@FCEJSUNSL","twitter_misc":{"Escrito por":"DATI","Tiempo de lectura":"2 minutos"},"schema":{"@context":"https:\/\/schema.org","@graph":[{"@type":"Article","@id":"https:\/\/www.fcejs.unsl.edu.ar\/index.php\/ultimo-encuentro-del-ciclo-dialogos-urgentes-homenaje-a-alcira-argumedo\/#article","isPartOf":{"@id":"https:\/\/www.fcejs.unsl.edu.ar\/index.php\/ultimo-encuentro-del-ciclo-dialogos-urgentes-homenaje-a-alcira-argumedo\/"},"author":{"name":"DATI","@id":"https:\/\/www.fcejs.unsl.edu.ar\/#\/schema\/person\/352ee6ed90c3f394c7cb5945f8956d34"},"headline":"\u00daltimo encuentro del ciclo \u201cDi\u00e1logos Urgentes. Homenaje a Alcira Argumedo\u201d","datePublished":"2021-11-02T13:55:04+00:00","dateModified":"2021-11-05T12:46:27+00:00","mainEntityOfPage":{"@id":"https:\/\/www.fcejs.unsl.edu.ar\/index.php\/ultimo-encuentro-del-ciclo-dialogos-urgentes-homenaje-a-alcira-argumedo\/"},"wordCount":322,"publisher":{"@id":"https:\/\/www.fcejs.unsl.edu.ar\/#organization"},"image":{"@id":"https:\/\/www.fcejs.unsl.edu.ar\/index.php\/ultimo-encuentro-del-ciclo-dialogos-urgentes-homenaje-a-alcira-argumedo\/#primaryimage"},"thumbnailUrl":"https:\/\/www.fcejs.unsl.edu.ar\/wp-content\/uploads\/2021\/06\/Alcira-Argumedo.jpg","articleSection":["Archivadas"],"inLanguage":"es-AR"},{"@type":"WebPage","@id":"https:\/\/www.fcejs.unsl.edu.ar\/index.php\/ultimo-encuentro-del-ciclo-dialogos-urgentes-homenaje-a-alcira-argumedo\/","url":"https:\/\/www.fcejs.unsl.edu.ar\/index.php\/ultimo-encuentro-del-ciclo-dialogos-urgentes-homenaje-a-alcira-argumedo\/","name":"\u00daltimo encuentro del ciclo \u201cDi\u00e1logos Urgentes. Homenaje a Alcira Argumedo\u201d - Facultad de Ciencias Econ\u00f3micas, Jur\u00ed\u00addicas y Sociales","isPartOf":{"@id":"https:\/\/www.fcejs.unsl.edu.ar\/#website"},"primaryImageOfPage":{"@id":"https:\/\/www.fcejs.unsl.edu.ar\/index.php\/ultimo-encuentro-del-ciclo-dialogos-urgentes-homenaje-a-alcira-argumedo\/#primaryimage"},"image":{"@id":"https:\/\/www.fcejs.unsl.edu.ar\/index.php\/ultimo-encuentro-del-ciclo-dialogos-urgentes-homenaje-a-alcira-argumedo\/#primaryimage"},"thumbnailUrl":"https:\/\/www.fcejs.unsl.edu.ar\/wp-content\/uploads\/2021\/06\/Alcira-Argumedo.jpg","datePublished":"2021-11-02T13:55:04+00:00","dateModified":"2021-11-05T12:46:27+00:00","breadcrumb":{"@id":"https:\/\/www.fcejs.unsl.edu.ar\/index.php\/ultimo-encuentro-del-ciclo-dialogos-urgentes-homenaje-a-alcira-argumedo\/#breadcrumb"},"inLanguage":"es-AR","potentialAction":[{"@type":"ReadAction","target":["https:\/\/www.fcejs.unsl.edu.ar\/index.php\/ultimo-encuentro-del-ciclo-dialogos-urgentes-homenaje-a-alcira-argumedo\/"]}]},{"@type":"ImageObject","inLanguage":"es-AR","@id":"https:\/\/www.fcejs.unsl.edu.ar\/index.php\/ultimo-encuentro-del-ciclo-dialogos-urgentes-homenaje-a-alcira-argumedo\/#primaryimage","url":"https:\/\/www.fcejs.unsl.edu.ar\/wp-content\/uploads\/2021\/06\/Alcira-Argumedo.jpg","contentUrl":"https:\/\/www.fcejs.unsl.edu.ar\/wp-content\/uploads\/2021\/06\/Alcira-Argumedo.jpg","width":1149,"height":642},{"@type":"BreadcrumbList","@id":"https:\/\/www.fcejs.unsl.edu.ar\/index.php\/ultimo-encuentro-del-ciclo-dialogos-urgentes-homenaje-a-alcira-argumedo\/#breadcrumb","itemListElement":[{"@type":"ListItem","position":1,"name":"Inicio","item":"https:\/\/www.fcejs.unsl.edu.ar\/"},{"@type":"ListItem","position":2,"name":"\u00daltimo encuentro del ciclo \u201cDi\u00e1logos Urgentes. Homenaje a Alcira Argumedo\u201d"}]},{"@type":"WebSite","@id":"https:\/\/www.fcejs.unsl.edu.ar\/#website","url":"https:\/\/www.fcejs.unsl.edu.ar\/","name":"Facultad de Ciencias Econ\u00f3micas, Jur\u00ed\u00addicas y Sociales","description":"","publisher":{"@id":"https:\/\/www.fcejs.unsl.edu.ar\/#organization"},"potentialAction":[{"@type":"SearchAction","target":{"@type":"EntryPoint","urlTemplate":"https:\/\/www.fcejs.unsl.edu.ar\/?s={search_term_string}"},"query-input":{"@type":"PropertyValueSpecification","valueRequired":true,"valueName":"search_term_string"}}],"inLanguage":"es-AR"},{"@type":"Organization","@id":"https:\/\/www.fcejs.unsl.edu.ar\/#organization","name":"Facultad de Ciencias Econ\u00f3micas, Jur\u00eddicas y Sociales","url":"https:\/\/www.fcejs.unsl.edu.ar\/","logo":{"@type":"ImageObject","inLanguage":"es-AR","@id":"https:\/\/www.fcejs.unsl.edu.ar\/#\/schema\/logo\/image\/","url":"https:\/\/www.fcejs.unsl.edu.ar\/wp-content\/uploads\/2021\/03\/logo-1.jpg","contentUrl":"https:\/\/www.fcejs.unsl.edu.ar\/wp-content\/uploads\/2021\/03\/logo-1.jpg","width":471,"height":146,"caption":"Facultad de Ciencias Econ\u00f3micas, Jur\u00eddicas y Sociales"},"image":{"@id":"https:\/\/www.fcejs.unsl.edu.ar\/#\/schema\/logo\/image\/"},"sameAs":["https:\/\/www.facebook.com\/FCEJS.UNSL\/","https:\/\/x.com\/FCEJSUNSL","https:\/\/www.instagram.com\/fcejs.unsl\/","https:\/\/www.youtube.com\/channel\/UCH-Ut6EaN_X5ogjIQMPe46g\/"]},{"@type":"Person","@id":"https:\/\/www.fcejs.unsl.edu.ar\/#\/schema\/person\/352ee6ed90c3f394c7cb5945f8956d34","name":"DATI"}]}},"jetpack_featured_media_url":"https:\/\/www.fcejs.unsl.edu.ar\/wp-content\/uploads\/2021\/06\/Alcira-Argumedo.jpg","_links":{"self":[{"href":"https:\/\/www.fcejs.unsl.edu.ar\/index.php\/wp-json\/wp\/v2\/posts\/6052","targetHints":{"allow":["GET"]}}],"collection":[{"href":"https:\/\/www.fcejs.unsl.edu.ar\/index.php\/wp-json\/wp\/v2\/posts"}],"about":[{"href":"https:\/\/www.fcejs.unsl.edu.ar\/index.php\/wp-json\/wp\/v2\/types\/post"}],"author":[{"embeddable":true,"href":"https:\/\/www.fcejs.unsl.edu.ar\/index.php\/wp-json\/wp\/v2\/users\/9"}],"replies":[{"embeddable":true,"href":"https:\/\/www.fcejs.unsl.edu.ar\/index.php\/wp-json\/wp\/v2\/comments?post=6052"}],"version-history":[{"count":5,"href":"https:\/\/www.fcejs.unsl.edu.ar\/index.php\/wp-json\/wp\/v2\/posts\/6052\/revisions"}],"predecessor-version":[{"id":6061,"href":"https:\/\/www.fcejs.unsl.edu.ar\/index.php\/wp-json\/wp\/v2\/posts\/6052\/revisions\/6061"}],"wp:featuredmedia":[{"embeddable":true,"href":"https:\/\/www.fcejs.unsl.edu.ar\/index.php\/wp-json\/wp\/v2\/media\/4173"}],"wp:attachment":[{"href":"https:\/\/www.fcejs.unsl.edu.ar\/index.php\/wp-json\/wp\/v2\/media?parent=6052"}],"wp:term":[{"taxonomy":"category","embeddable":true,"href":"https:\/\/www.fcejs.unsl.edu.ar\/index.php\/wp-json\/wp\/v2\/categories?post=6052"},{"taxonomy":"post_tag","embeddable":true,"href":"https:\/\/www.fcejs.unsl.edu.ar\/index.php\/wp-json\/wp\/v2\/tags?post=6052"}],"curies":[{"name":"wp","href":"https:\/\/api.w.org\/{rel}","templated":true}]}}