{"id":5944,"date":"2021-11-19T00:25:42","date_gmt":"2021-11-19T03:25:42","guid":{"rendered":"http:\/\/10.101.10.197\/www\/?p=5944"},"modified":"2021-11-29T09:58:08","modified_gmt":"2021-11-29T12:58:08","slug":"unsl-escucha-jornada-institucional-para-repensar-la-universidad-en-el-2022","status":"publish","type":"post","link":"https:\/\/www.fcejs.unsl.edu.ar\/index.php\/unsl-escucha-jornada-institucional-para-repensar-la-universidad-en-el-2022\/","title":{"rendered":"\u00abUNSL Escucha\u00bb: Jornada institucional para repensar la Universidad en el 2022"},"content":{"rendered":"<p>Ser\u00e1 los d\u00edas 23, 24 y 25 de noviembre. Se realizar\u00e1 en simult\u00e1neo en las tres (3) sedes universitarias: San Luis, Villa Mercedes y Villa de Merlo. El eje ser\u00e1:\u00a0<em>A\u00f1o 2022, planificaci\u00f3n en pandemia de las condiciones para enfrentar la nueva normalidad<\/em>. La propuesta surge del rector C.P.N V\u00edctor Mori\u00f1igo y convocar\u00e1 a los claustros docente, nodocente y estudiantil de la Universidad Nacional de San Luis (UNSL). Se anunci\u00f3 este 28 de octubre en sesi\u00f3n extraordinaria del Consejo Superior.<\/p>\n<p>La Universidad organiza para el mes de noviembre una jornada institucional denominada\u00a0<em><strong>UNSL Escucha<\/strong><\/em>, con el objetivo de reflexionar, debatir, discutir y obtener diversas opiniones en torno a c\u00f3mo encarar la nueva normalidad en el 2022.<\/p>\n<p>Esta jornada surge dado a que el Ministerio de Educaci\u00f3n de la Naci\u00f3n deroga una resoluci\u00f3n donde se establece que el regreso a la presencialidad de las actividades de las Universidades ya no debe notificarse ni pedir autorizaci\u00f3n respectiva a las autoridades nacionales, sino que dependendiendo de las medidas de la jurisdicci\u00f3n provincial, puede retomar las actividades.<\/p>\n<p>En sesi\u00f3n del Consejo Superior, el rector C.P.N V\u00edctor Mori\u00f1igo expres\u00f3:\u00a0<em>\u00abTenemos la inmensa responsabilidad de generar los consensos necesarios para ser arquitectos del futuro de la Universidad y de las condiciones de trabajo y las reglas de juego acad\u00e9micas y administrativas que tendr\u00e1 la Universidad a partir de febrero del a\u00f1o 2022 (\u2026) Habr\u00e1n coordinadores que van establecer algunos ejes de charlas, pero la idea es escuchar, aprender, dialogar, tener contrapuntos para tratar de establecer c\u00f3mo encaramos el a\u00f1o 2022\u00bb<\/em>.<\/p>\n<figure class=\"wp-block-image\"><iframe title=\"UNSL Escucha\" width=\"843\" height=\"474\" src=\"https:\/\/www.youtube.com\/embed\/xTas4OXVseE?feature=oembed\" frameborder=\"0\" allow=\"accelerometer; autoplay; clipboard-write; encrypted-media; gyroscope; picture-in-picture\" allowfullscreen><\/iframe><\/figure>\n<p>El cronograma ser\u00e1 el siguiente:<\/p>\n<h4><strong>Centro Universitario San Luis<\/strong><\/h4>\n<p>Comedor Universitario<br \/>\n<strong>Docentes:<\/strong>\u00a023 de noviembre de 9:30 a 12:00 horas.<br \/>\n<strong>Estudiantes:\u00a0<\/strong>23 de noviembre de 17:00 a 19:30 horas.<\/p>\n<p>Escuela Normal Juan Pascual Pringles y Jard\u00edn Maternal<br \/>\n<strong>Para docentes<\/strong>: 24 de noviembre por la ma\u00f1ana y por la tarde.<\/p>\n<p>Jard\u00edn: Seg\u00fan horario del turno.<br \/>\nPrimaria: De 14:00 a 17:00 horas.<br \/>\nSecundaria: De 8:00 a 12:00 horas.<br \/>\nJard\u00edn Maternal: Seg\u00fan horario del turno.<\/p>\n<p>Anfiteatro I<br \/>\n<strong>Nodocentes:\u00a0<\/strong>25 de noviembre de 9:00 a 11:00 horas.<\/p>\n<h4>Centro Universitario Villa Mercedes<\/h4>\n<p>Escuela de Econom\u00eda y Negocios<br \/>\n<strong>Docentes:<\/strong>\u00a023 de noviembre de 9:30 a 12:00 horas.<br \/>\n<strong>Estudiantes:\u00a0<\/strong>23 de noviembre de 17:00 a 19:30 horas.<\/p>\n<p><strong>Centro Universitario Villa de Merlo<\/strong><\/p>\n<p>Campus de Barrancas Coloradas<br \/>\n<strong>Docentes:<\/strong>\u00a023 de noviembre de 9:30 a 12:00 horas.<br \/>\n<strong>Estudiantes:\u00a0<\/strong>23 de noviembre de 17:00 a 19:30 horas.<\/p>\n<p>Con relaci\u00f3n a la reuni\u00f3n del claustro Nodocente de los Centros Universitarios de Villa Mercedes y Villa de Merlo, la misma tendr\u00e1 lugar el d\u00eda 25 de noviembre de 9 a 11h en el Anfiteatro I en la ciudad de San Luis juntamente con el claustro Nodocente de San Luis.<\/p>\n<p>El Rector expres\u00f3 que este proceso de discusi\u00f3n ser\u00e1 sin actividades para fomentar la participaci\u00f3n. <em>\u00abEs muy importante tener una descripci\u00f3n de todo lo que hemos pasado para no equivocarnos en las decisiones, para tener la sabidur\u00eda necesaria y para no decidir como Consejo en soledad (\u2026) Ojal\u00e1 que en el a\u00f1o 2022 tengamos una actividad con eje en lo presencial pero con una opcionalidad en lo virtual que nos permita tener una flexibilidad inteligente\u00bb<\/em>, dijo V\u00edctor Mori\u00f1igo.<\/p>\n<figure class=\"wp-block-image\"><img decoding=\"async\" class=\"wp-image-60942\" src=\"http:\/\/www.noticias.unsl.edu.ar\/wp-content\/uploads\/2021\/10\/211028-Consejo-Superior-en-SAEBU-1-1.jpg\" sizes=\"(max-width: 1000px) 100vw, 1000px\" srcset=\"http:\/\/www.noticias.unsl.edu.ar\/wp-content\/uploads\/2021\/10\/211028-Consejo-Superior-en-SAEBU-1-1.jpg 1000w, http:\/\/www.noticias.unsl.edu.ar\/wp-content\/uploads\/2021\/10\/211028-Consejo-Superior-en-SAEBU-1-1-300x200.jpg 300w\" alt=\"\" \/><\/figure>\n<p>En cada reuni\u00f3n se contar\u00e1 con un moderador que har\u00e1 las veces de coordinador de la reuni\u00f3n, con el objetivo de efectuar un relevamiento pormenorizado de las ideas, propuestas e inquietudes de cada tema que se proponga.<\/p>\n<p>El documento final ser\u00e1 insumo para la discusi\u00f3n en el Consejo Superior (y cada Consejo Directivo), de las posibilidades de generar un consenso para iniciar un rumbo viable para las actividades del a\u00f1o 2022; como tambi\u00e9n para la elaboraci\u00f3n del presupuesto anual de la UNSL 2022.<\/p>\n<p>&nbsp;<\/p>\n","protected":false},"excerpt":{"rendered":"<p>Ser\u00e1 los d\u00edas 23, 24 y 25 de noviembre. Se realizar\u00e1 en simult\u00e1neo en las tres (3) sedes universitarias: San Luis, Villa Mercedes y Villa&hellip;<\/p>\n","protected":false},"author":9,"featured_media":6187,"comment_status":"closed","ping_status":"closed","sticky":false,"template":"","format":"standard","meta":{"om_disable_all_campaigns":false,"_monsterinsights_skip_tracking":false,"_monsterinsights_sitenote_active":false,"_monsterinsights_sitenote_note":"","_monsterinsights_sitenote_category":0,"footnotes":""},"categories":[1],"tags":[],"class_list":["post-5944","post","type-post","status-publish","format-standard","has-post-thumbnail","hentry","category-noticias"],"yoast_head":"<!-- This site is optimized with the Yoast SEO plugin v27.5 - https:\/\/yoast.com\/product\/yoast-seo-wordpress\/ -->\n<title>\u00abUNSL Escucha\u00bb: Jornada institucional para repensar la Universidad en el 2022 - Facultad de Ciencias Econ\u00f3micas, Jur\u00ed\u00addicas y Sociales<\/title>\n<meta name=\"robots\" content=\"index, follow, max-snippet:-1, max-image-preview:large, max-video-preview:-1\" \/>\n<link rel=\"canonical\" href=\"https:\/\/www.fcejs.unsl.edu.ar\/index.php\/unsl-escucha-jornada-institucional-para-repensar-la-universidad-en-el-2022\/\" \/>\n<meta property=\"og:locale\" content=\"es_ES\" \/>\n<meta property=\"og:type\" content=\"article\" \/>\n<meta property=\"og:title\" content=\"\u00abUNSL Escucha\u00bb: Jornada institucional para repensar la Universidad en el 2022 - Facultad de Ciencias Econ\u00f3micas, Jur\u00ed\u00addicas y Sociales\" \/>\n<meta property=\"og:description\" content=\"Ser\u00e1 los d\u00edas 23, 24 y 25 de noviembre. Se realizar\u00e1 en simult\u00e1neo en las tres (3) sedes universitarias: San Luis, Villa Mercedes y Villa&hellip;\" \/>\n<meta property=\"og:url\" content=\"https:\/\/www.fcejs.unsl.edu.ar\/index.php\/unsl-escucha-jornada-institucional-para-repensar-la-universidad-en-el-2022\/\" \/>\n<meta property=\"og:site_name\" content=\"Facultad de Ciencias Econ\u00f3micas, Jur\u00ed\u00addicas y Sociales\" \/>\n<meta property=\"article:publisher\" content=\"https:\/\/www.facebook.com\/FCEJS.UNSL\/\" \/>\n<meta property=\"article:published_time\" content=\"2021-11-19T03:25:42+00:00\" \/>\n<meta property=\"article:modified_time\" content=\"2021-11-29T12:58:08+00:00\" \/>\n<meta property=\"og:image\" content=\"https:\/\/www.fcejs.unsl.edu.ar\/wp-content\/uploads\/2021\/11\/uns-escucha-fcejs.jpg\" \/>\n\t<meta property=\"og:image:width\" content=\"1152\" \/>\n\t<meta property=\"og:image:height\" content=\"647\" \/>\n\t<meta property=\"og:image:type\" content=\"image\/jpeg\" \/>\n<meta name=\"author\" content=\"DATI\" \/>\n<meta name=\"twitter:card\" content=\"summary_large_image\" \/>\n<meta name=\"twitter:creator\" content=\"@FCEJSUNSL\" \/>\n<meta name=\"twitter:site\" content=\"@FCEJSUNSL\" \/>\n<meta name=\"twitter:label1\" content=\"Escrito por\" \/>\n\t<meta name=\"twitter:data1\" content=\"DATI\" \/>\n\t<meta name=\"twitter:label2\" content=\"Tiempo de lectura\" \/>\n\t<meta name=\"twitter:data2\" content=\"3 minutos\" \/>\n<script type=\"application\/ld+json\" class=\"yoast-schema-graph\">{\"@context\":\"https:\\\/\\\/schema.org\",\"@graph\":[{\"@type\":\"Article\",\"@id\":\"https:\\\/\\\/www.fcejs.unsl.edu.ar\\\/index.php\\\/unsl-escucha-jornada-institucional-para-repensar-la-universidad-en-el-2022\\\/#article\",\"isPartOf\":{\"@id\":\"https:\\\/\\\/www.fcejs.unsl.edu.ar\\\/index.php\\\/unsl-escucha-jornada-institucional-para-repensar-la-universidad-en-el-2022\\\/\"},\"author\":{\"name\":\"DATI\",\"@id\":\"https:\\\/\\\/www.fcejs.unsl.edu.ar\\\/#\\\/schema\\\/person\\\/352ee6ed90c3f394c7cb5945f8956d34\"},\"headline\":\"\u00abUNSL Escucha\u00bb: Jornada institucional para repensar la Universidad en el 2022\",\"datePublished\":\"2021-11-19T03:25:42+00:00\",\"dateModified\":\"2021-11-29T12:58:08+00:00\",\"mainEntityOfPage\":{\"@id\":\"https:\\\/\\\/www.fcejs.unsl.edu.ar\\\/index.php\\\/unsl-escucha-jornada-institucional-para-repensar-la-universidad-en-el-2022\\\/\"},\"wordCount\":626,\"publisher\":{\"@id\":\"https:\\\/\\\/www.fcejs.unsl.edu.ar\\\/#organization\"},\"image\":{\"@id\":\"https:\\\/\\\/www.fcejs.unsl.edu.ar\\\/index.php\\\/unsl-escucha-jornada-institucional-para-repensar-la-universidad-en-el-2022\\\/#primaryimage\"},\"thumbnailUrl\":\"https:\\\/\\\/www.fcejs.unsl.edu.ar\\\/wp-content\\\/uploads\\\/2021\\\/11\\\/uns-escucha-fcejs.jpg\",\"articleSection\":[\"Noticias\"],\"inLanguage\":\"es-AR\"},{\"@type\":\"WebPage\",\"@id\":\"https:\\\/\\\/www.fcejs.unsl.edu.ar\\\/index.php\\\/unsl-escucha-jornada-institucional-para-repensar-la-universidad-en-el-2022\\\/\",\"url\":\"https:\\\/\\\/www.fcejs.unsl.edu.ar\\\/index.php\\\/unsl-escucha-jornada-institucional-para-repensar-la-universidad-en-el-2022\\\/\",\"name\":\"\u00abUNSL Escucha\u00bb: Jornada institucional para repensar la Universidad en el 2022 - Facultad de Ciencias Econ\u00f3micas, Jur\u00ed\u00addicas y Sociales\",\"isPartOf\":{\"@id\":\"https:\\\/\\\/www.fcejs.unsl.edu.ar\\\/#website\"},\"primaryImageOfPage\":{\"@id\":\"https:\\\/\\\/www.fcejs.unsl.edu.ar\\\/index.php\\\/unsl-escucha-jornada-institucional-para-repensar-la-universidad-en-el-2022\\\/#primaryimage\"},\"image\":{\"@id\":\"https:\\\/\\\/www.fcejs.unsl.edu.ar\\\/index.php\\\/unsl-escucha-jornada-institucional-para-repensar-la-universidad-en-el-2022\\\/#primaryimage\"},\"thumbnailUrl\":\"https:\\\/\\\/www.fcejs.unsl.edu.ar\\\/wp-content\\\/uploads\\\/2021\\\/11\\\/uns-escucha-fcejs.jpg\",\"datePublished\":\"2021-11-19T03:25:42+00:00\",\"dateModified\":\"2021-11-29T12:58:08+00:00\",\"breadcrumb\":{\"@id\":\"https:\\\/\\\/www.fcejs.unsl.edu.ar\\\/index.php\\\/unsl-escucha-jornada-institucional-para-repensar-la-universidad-en-el-2022\\\/#breadcrumb\"},\"inLanguage\":\"es-AR\",\"potentialAction\":[{\"@type\":\"ReadAction\",\"target\":[\"https:\\\/\\\/www.fcejs.unsl.edu.ar\\\/index.php\\\/unsl-escucha-jornada-institucional-para-repensar-la-universidad-en-el-2022\\\/\"]}]},{\"@type\":\"ImageObject\",\"inLanguage\":\"es-AR\",\"@id\":\"https:\\\/\\\/www.fcejs.unsl.edu.ar\\\/index.php\\\/unsl-escucha-jornada-institucional-para-repensar-la-universidad-en-el-2022\\\/#primaryimage\",\"url\":\"https:\\\/\\\/www.fcejs.unsl.edu.ar\\\/wp-content\\\/uploads\\\/2021\\\/11\\\/uns-escucha-fcejs.jpg\",\"contentUrl\":\"https:\\\/\\\/www.fcejs.unsl.edu.ar\\\/wp-content\\\/uploads\\\/2021\\\/11\\\/uns-escucha-fcejs.jpg\",\"width\":1152,\"height\":647},{\"@type\":\"BreadcrumbList\",\"@id\":\"https:\\\/\\\/www.fcejs.unsl.edu.ar\\\/index.php\\\/unsl-escucha-jornada-institucional-para-repensar-la-universidad-en-el-2022\\\/#breadcrumb\",\"itemListElement\":[{\"@type\":\"ListItem\",\"position\":1,\"name\":\"Inicio\",\"item\":\"https:\\\/\\\/www.fcejs.unsl.edu.ar\\\/\"},{\"@type\":\"ListItem\",\"position\":2,\"name\":\"\u00abUNSL Escucha\u00bb: Jornada institucional para repensar la Universidad en el 2022\"}]},{\"@type\":\"WebSite\",\"@id\":\"https:\\\/\\\/www.fcejs.unsl.edu.ar\\\/#website\",\"url\":\"https:\\\/\\\/www.fcejs.unsl.edu.ar\\\/\",\"name\":\"Facultad de Ciencias Econ\u00f3micas, Jur\u00ed\u00addicas y Sociales\",\"description\":\"\",\"publisher\":{\"@id\":\"https:\\\/\\\/www.fcejs.unsl.edu.ar\\\/#organization\"},\"potentialAction\":[{\"@type\":\"SearchAction\",\"target\":{\"@type\":\"EntryPoint\",\"urlTemplate\":\"https:\\\/\\\/www.fcejs.unsl.edu.ar\\\/?s={search_term_string}\"},\"query-input\":{\"@type\":\"PropertyValueSpecification\",\"valueRequired\":true,\"valueName\":\"search_term_string\"}}],\"inLanguage\":\"es-AR\"},{\"@type\":\"Organization\",\"@id\":\"https:\\\/\\\/www.fcejs.unsl.edu.ar\\\/#organization\",\"name\":\"Facultad de Ciencias Econ\u00f3micas, Jur\u00eddicas y Sociales\",\"url\":\"https:\\\/\\\/www.fcejs.unsl.edu.ar\\\/\",\"logo\":{\"@type\":\"ImageObject\",\"inLanguage\":\"es-AR\",\"@id\":\"https:\\\/\\\/www.fcejs.unsl.edu.ar\\\/#\\\/schema\\\/logo\\\/image\\\/\",\"url\":\"https:\\\/\\\/www.fcejs.unsl.edu.ar\\\/wp-content\\\/uploads\\\/2021\\\/03\\\/logo-1.jpg\",\"contentUrl\":\"https:\\\/\\\/www.fcejs.unsl.edu.ar\\\/wp-content\\\/uploads\\\/2021\\\/03\\\/logo-1.jpg\",\"width\":471,\"height\":146,\"caption\":\"Facultad de Ciencias Econ\u00f3micas, Jur\u00eddicas y Sociales\"},\"image\":{\"@id\":\"https:\\\/\\\/www.fcejs.unsl.edu.ar\\\/#\\\/schema\\\/logo\\\/image\\\/\"},\"sameAs\":[\"https:\\\/\\\/www.facebook.com\\\/FCEJS.UNSL\\\/\",\"https:\\\/\\\/x.com\\\/FCEJSUNSL\",\"https:\\\/\\\/www.instagram.com\\\/fcejs.unsl\\\/\",\"https:\\\/\\\/www.youtube.com\\\/channel\\\/UCH-Ut6EaN_X5ogjIQMPe46g\\\/\"]},{\"@type\":\"Person\",\"@id\":\"https:\\\/\\\/www.fcejs.unsl.edu.ar\\\/#\\\/schema\\\/person\\\/352ee6ed90c3f394c7cb5945f8956d34\",\"name\":\"DATI\"}]}<\/script>\n<!-- \/ Yoast SEO plugin. -->","yoast_head_json":{"title":"\u00abUNSL Escucha\u00bb: Jornada institucional para repensar la Universidad en el 2022 - Facultad de Ciencias Econ\u00f3micas, Jur\u00ed\u00addicas y Sociales","robots":{"index":"index","follow":"follow","max-snippet":"max-snippet:-1","max-image-preview":"max-image-preview:large","max-video-preview":"max-video-preview:-1"},"canonical":"https:\/\/www.fcejs.unsl.edu.ar\/index.php\/unsl-escucha-jornada-institucional-para-repensar-la-universidad-en-el-2022\/","og_locale":"es_ES","og_type":"article","og_title":"\u00abUNSL Escucha\u00bb: Jornada institucional para repensar la Universidad en el 2022 - Facultad de Ciencias Econ\u00f3micas, Jur\u00ed\u00addicas y Sociales","og_description":"Ser\u00e1 los d\u00edas 23, 24 y 25 de noviembre. Se realizar\u00e1 en simult\u00e1neo en las tres (3) sedes universitarias: San Luis, Villa Mercedes y Villa&hellip;","og_url":"https:\/\/www.fcejs.unsl.edu.ar\/index.php\/unsl-escucha-jornada-institucional-para-repensar-la-universidad-en-el-2022\/","og_site_name":"Facultad de Ciencias Econ\u00f3micas, Jur\u00ed\u00addicas y Sociales","article_publisher":"https:\/\/www.facebook.com\/FCEJS.UNSL\/","article_published_time":"2021-11-19T03:25:42+00:00","article_modified_time":"2021-11-29T12:58:08+00:00","og_image":[{"width":1152,"height":647,"url":"https:\/\/www.fcejs.unsl.edu.ar\/wp-content\/uploads\/2021\/11\/uns-escucha-fcejs.jpg","type":"image\/jpeg"}],"author":"DATI","twitter_card":"summary_large_image","twitter_creator":"@FCEJSUNSL","twitter_site":"@FCEJSUNSL","twitter_misc":{"Escrito por":"DATI","Tiempo de lectura":"3 minutos"},"schema":{"@context":"https:\/\/schema.org","@graph":[{"@type":"Article","@id":"https:\/\/www.fcejs.unsl.edu.ar\/index.php\/unsl-escucha-jornada-institucional-para-repensar-la-universidad-en-el-2022\/#article","isPartOf":{"@id":"https:\/\/www.fcejs.unsl.edu.ar\/index.php\/unsl-escucha-jornada-institucional-para-repensar-la-universidad-en-el-2022\/"},"author":{"name":"DATI","@id":"https:\/\/www.fcejs.unsl.edu.ar\/#\/schema\/person\/352ee6ed90c3f394c7cb5945f8956d34"},"headline":"\u00abUNSL Escucha\u00bb: Jornada institucional para repensar la Universidad en el 2022","datePublished":"2021-11-19T03:25:42+00:00","dateModified":"2021-11-29T12:58:08+00:00","mainEntityOfPage":{"@id":"https:\/\/www.fcejs.unsl.edu.ar\/index.php\/unsl-escucha-jornada-institucional-para-repensar-la-universidad-en-el-2022\/"},"wordCount":626,"publisher":{"@id":"https:\/\/www.fcejs.unsl.edu.ar\/#organization"},"image":{"@id":"https:\/\/www.fcejs.unsl.edu.ar\/index.php\/unsl-escucha-jornada-institucional-para-repensar-la-universidad-en-el-2022\/#primaryimage"},"thumbnailUrl":"https:\/\/www.fcejs.unsl.edu.ar\/wp-content\/uploads\/2021\/11\/uns-escucha-fcejs.jpg","articleSection":["Noticias"],"inLanguage":"es-AR"},{"@type":"WebPage","@id":"https:\/\/www.fcejs.unsl.edu.ar\/index.php\/unsl-escucha-jornada-institucional-para-repensar-la-universidad-en-el-2022\/","url":"https:\/\/www.fcejs.unsl.edu.ar\/index.php\/unsl-escucha-jornada-institucional-para-repensar-la-universidad-en-el-2022\/","name":"\u00abUNSL Escucha\u00bb: Jornada institucional para repensar la Universidad en el 2022 - Facultad de Ciencias Econ\u00f3micas, Jur\u00ed\u00addicas y Sociales","isPartOf":{"@id":"https:\/\/www.fcejs.unsl.edu.ar\/#website"},"primaryImageOfPage":{"@id":"https:\/\/www.fcejs.unsl.edu.ar\/index.php\/unsl-escucha-jornada-institucional-para-repensar-la-universidad-en-el-2022\/#primaryimage"},"image":{"@id":"https:\/\/www.fcejs.unsl.edu.ar\/index.php\/unsl-escucha-jornada-institucional-para-repensar-la-universidad-en-el-2022\/#primaryimage"},"thumbnailUrl":"https:\/\/www.fcejs.unsl.edu.ar\/wp-content\/uploads\/2021\/11\/uns-escucha-fcejs.jpg","datePublished":"2021-11-19T03:25:42+00:00","dateModified":"2021-11-29T12:58:08+00:00","breadcrumb":{"@id":"https:\/\/www.fcejs.unsl.edu.ar\/index.php\/unsl-escucha-jornada-institucional-para-repensar-la-universidad-en-el-2022\/#breadcrumb"},"inLanguage":"es-AR","potentialAction":[{"@type":"ReadAction","target":["https:\/\/www.fcejs.unsl.edu.ar\/index.php\/unsl-escucha-jornada-institucional-para-repensar-la-universidad-en-el-2022\/"]}]},{"@type":"ImageObject","inLanguage":"es-AR","@id":"https:\/\/www.fcejs.unsl.edu.ar\/index.php\/unsl-escucha-jornada-institucional-para-repensar-la-universidad-en-el-2022\/#primaryimage","url":"https:\/\/www.fcejs.unsl.edu.ar\/wp-content\/uploads\/2021\/11\/uns-escucha-fcejs.jpg","contentUrl":"https:\/\/www.fcejs.unsl.edu.ar\/wp-content\/uploads\/2021\/11\/uns-escucha-fcejs.jpg","width":1152,"height":647},{"@type":"BreadcrumbList","@id":"https:\/\/www.fcejs.unsl.edu.ar\/index.php\/unsl-escucha-jornada-institucional-para-repensar-la-universidad-en-el-2022\/#breadcrumb","itemListElement":[{"@type":"ListItem","position":1,"name":"Inicio","item":"https:\/\/www.fcejs.unsl.edu.ar\/"},{"@type":"ListItem","position":2,"name":"\u00abUNSL Escucha\u00bb: Jornada institucional para repensar la Universidad en el 2022"}]},{"@type":"WebSite","@id":"https:\/\/www.fcejs.unsl.edu.ar\/#website","url":"https:\/\/www.fcejs.unsl.edu.ar\/","name":"Facultad de Ciencias Econ\u00f3micas, Jur\u00ed\u00addicas y Sociales","description":"","publisher":{"@id":"https:\/\/www.fcejs.unsl.edu.ar\/#organization"},"potentialAction":[{"@type":"SearchAction","target":{"@type":"EntryPoint","urlTemplate":"https:\/\/www.fcejs.unsl.edu.ar\/?s={search_term_string}"},"query-input":{"@type":"PropertyValueSpecification","valueRequired":true,"valueName":"search_term_string"}}],"inLanguage":"es-AR"},{"@type":"Organization","@id":"https:\/\/www.fcejs.unsl.edu.ar\/#organization","name":"Facultad de Ciencias Econ\u00f3micas, Jur\u00eddicas y Sociales","url":"https:\/\/www.fcejs.unsl.edu.ar\/","logo":{"@type":"ImageObject","inLanguage":"es-AR","@id":"https:\/\/www.fcejs.unsl.edu.ar\/#\/schema\/logo\/image\/","url":"https:\/\/www.fcejs.unsl.edu.ar\/wp-content\/uploads\/2021\/03\/logo-1.jpg","contentUrl":"https:\/\/www.fcejs.unsl.edu.ar\/wp-content\/uploads\/2021\/03\/logo-1.jpg","width":471,"height":146,"caption":"Facultad de Ciencias Econ\u00f3micas, Jur\u00eddicas y Sociales"},"image":{"@id":"https:\/\/www.fcejs.unsl.edu.ar\/#\/schema\/logo\/image\/"},"sameAs":["https:\/\/www.facebook.com\/FCEJS.UNSL\/","https:\/\/x.com\/FCEJSUNSL","https:\/\/www.instagram.com\/fcejs.unsl\/","https:\/\/www.youtube.com\/channel\/UCH-Ut6EaN_X5ogjIQMPe46g\/"]},{"@type":"Person","@id":"https:\/\/www.fcejs.unsl.edu.ar\/#\/schema\/person\/352ee6ed90c3f394c7cb5945f8956d34","name":"DATI"}]}},"jetpack_featured_media_url":"https:\/\/www.fcejs.unsl.edu.ar\/wp-content\/uploads\/2021\/11\/uns-escucha-fcejs.jpg","_links":{"self":[{"href":"https:\/\/www.fcejs.unsl.edu.ar\/index.php\/wp-json\/wp\/v2\/posts\/5944","targetHints":{"allow":["GET"]}}],"collection":[{"href":"https:\/\/www.fcejs.unsl.edu.ar\/index.php\/wp-json\/wp\/v2\/posts"}],"about":[{"href":"https:\/\/www.fcejs.unsl.edu.ar\/index.php\/wp-json\/wp\/v2\/types\/post"}],"author":[{"embeddable":true,"href":"https:\/\/www.fcejs.unsl.edu.ar\/index.php\/wp-json\/wp\/v2\/users\/9"}],"replies":[{"embeddable":true,"href":"https:\/\/www.fcejs.unsl.edu.ar\/index.php\/wp-json\/wp\/v2\/comments?post=5944"}],"version-history":[{"count":10,"href":"https:\/\/www.fcejs.unsl.edu.ar\/index.php\/wp-json\/wp\/v2\/posts\/5944\/revisions"}],"predecessor-version":[{"id":6267,"href":"https:\/\/www.fcejs.unsl.edu.ar\/index.php\/wp-json\/wp\/v2\/posts\/5944\/revisions\/6267"}],"wp:featuredmedia":[{"embeddable":true,"href":"https:\/\/www.fcejs.unsl.edu.ar\/index.php\/wp-json\/wp\/v2\/media\/6187"}],"wp:attachment":[{"href":"https:\/\/www.fcejs.unsl.edu.ar\/index.php\/wp-json\/wp\/v2\/media?parent=5944"}],"wp:term":[{"taxonomy":"category","embeddable":true,"href":"https:\/\/www.fcejs.unsl.edu.ar\/index.php\/wp-json\/wp\/v2\/categories?post=5944"},{"taxonomy":"post_tag","embeddable":true,"href":"https:\/\/www.fcejs.unsl.edu.ar\/index.php\/wp-json\/wp\/v2\/tags?post=5944"}],"curies":[{"name":"wp","href":"https:\/\/api.w.org\/{rel}","templated":true}]}}