{"id":5888,"date":"2021-10-28T15:40:03","date_gmt":"2021-10-28T18:40:03","guid":{"rendered":"http:\/\/10.101.10.197\/www\/?p=5888"},"modified":"2021-11-02T11:17:37","modified_gmt":"2021-11-02T14:17:37","slug":"segundo-ciclo-de-conversaciones-2020-2021-del-programa-de-fortalecimiento-a-las-practicas-de-la-investigacion","status":"publish","type":"post","link":"https:\/\/www.fcejs.unsl.edu.ar\/index.php\/segundo-ciclo-de-conversaciones-2020-2021-del-programa-de-fortalecimiento-a-las-practicas-de-la-investigacion\/","title":{"rendered":"Segundo Ciclo de Conversaciones 2021-22 del Programa de Fortalecimiento a las Pr\u00e1cticas de la Investigaci\u00f3n"},"content":{"rendered":"<p>La Secretar\u00eda de Investigaci\u00f3n y Posgrado informa que, el 1 de noviembre de 2021 a las 16h se llevar\u00e1 a cabo de forma virtual el<strong>\u00a0Primer Encuentro\u00a0<\/strong><strong>\u201cInvestigar en Ciencias Jur\u00eddicas y Pol\u00edticas en la UNSL.\u00a0<\/strong><strong>Est\u00edmulo a las Vocaciones Cient\u00edficas en Ciencias Jur\u00eddicas<\/strong><strong>\u201d <\/strong>del Segundo Ciclo de Conversaciones 2021-2022 organizado en conjunto entre el Programa de Fortalecimiento y el Departamento de Ciencias Jur\u00eddicas y Pol\u00edticas con la coordinaci\u00f3n de la Mgtr. Mariel Ayel\u00e9n Neme.<\/p>\n<p><strong>Objetivos<\/strong><\/p>\n<ul>\n<li>Conocer los objetivos de conocimientos, las metodolog\u00edas y las pr\u00e1cticas de conocimiento de los Proyectos de Investigaci\u00f3n del \u00e1rea disciplinar Jur\u00eddico- pol\u00edtica.<\/li>\n<li>Reflexionar sobre el modo en que la producci\u00f3n de conocimiento a trav\u00e9s de la investigaci\u00f3n cient\u00edfica nos interpela como sujetos pol\u00edticos, \u00e9ticos, intelectuales y emocionales.<\/li>\n<li>Estimular a los y las estudiantes a transitar sus primeros pasos en el oficio de investigar.<\/li>\n<\/ul>\n<p><strong>Panelistas<\/strong><\/p>\n<ul>\n<li>Mgtr. M\u00f3nica Busetti<\/li>\n<li>Dr. Daniel Gorra<\/li>\n<li>Dra. Marta Juli\u00e1<\/li>\n<li>Dra. M. Eugenia Perez Cubero<\/li>\n<li>Mgtr. Gabriela Calvo<\/li>\n<li>Mgtr. Virginia Vilchez<\/li>\n<li>Esp. Gabriela Richart<\/li>\n<li>Dra. In\u00e9s Rouquad<\/li>\n<\/ul>\n<p><strong>\u00a0<\/strong>En el conversatorio disertar\u00e1n los directores de proyectos de esta \u00e1rea disciplinar, est\u00e1 destinada a estudiantes de las carreras de Ciencias Jur\u00eddicas y es sin costo.<\/p>\n<p style=\"text-align: center;\"><span style=\"font-size: 14pt;\"><strong><a href=\"https:\/\/us06web.zoom.us\/j\/85429800373?pwd=SGVsank5eUNRSVF0aG5SV1hkWVlGQT09#success\">Enlace a reuni\u00f3n en plataforma ZOOM<\/a><\/strong><\/span><\/p>\n<p>&nbsp;<\/p>\n<p><img fetchpriority=\"high\" decoding=\"async\" class=\"aligncenter wp-image-6042 size-full\" src=\"https:\/\/www.fcejs.unsl.edu.ar\/wp-content\/uploads\/2021\/10\/POLITICOS-FULL.jpg\" alt=\"\" width=\"1080\" height=\"1350\" srcset=\"https:\/\/www.fcejs.unsl.edu.ar\/wp-content\/uploads\/2021\/10\/POLITICOS-FULL.jpg 1080w, https:\/\/www.fcejs.unsl.edu.ar\/wp-content\/uploads\/2021\/10\/POLITICOS-FULL-240x300.jpg 240w, https:\/\/www.fcejs.unsl.edu.ar\/wp-content\/uploads\/2021\/10\/POLITICOS-FULL-819x1024.jpg 819w, https:\/\/www.fcejs.unsl.edu.ar\/wp-content\/uploads\/2021\/10\/POLITICOS-FULL-768x960.jpg 768w\" sizes=\"(max-width: 1080px) 100vw, 1080px\" \/><\/p>\n","protected":false},"excerpt":{"rendered":"<p>La Secretar\u00eda de Investigaci\u00f3n y Posgrado informa que, el 1 de noviembre de 2021 a las 16h se llevar\u00e1 a cabo de forma virtual el\u00a0Primer&hellip;<\/p>\n","protected":false},"author":9,"featured_media":6040,"comment_status":"closed","ping_status":"closed","sticky":false,"template":"","format":"standard","meta":{"om_disable_all_campaigns":false,"_monsterinsights_skip_tracking":false,"_monsterinsights_sitenote_active":false,"_monsterinsights_sitenote_note":"","_monsterinsights_sitenote_category":0,"footnotes":""},"categories":[21],"tags":[],"class_list":["post-5888","post","type-post","status-publish","format-standard","has-post-thumbnail","hentry","category-archivadas"],"yoast_head":"<!-- This site is optimized with the Yoast SEO plugin v27.4 - https:\/\/yoast.com\/product\/yoast-seo-wordpress\/ -->\n<title>Segundo Ciclo de Conversaciones 2021-22 del Programa de Fortalecimiento a las Pr\u00e1cticas de la Investigaci\u00f3n - Facultad de Ciencias Econ\u00f3micas, Jur\u00ed\u00addicas y Sociales<\/title>\n<meta name=\"robots\" content=\"index, follow, max-snippet:-1, max-image-preview:large, max-video-preview:-1\" \/>\n<link rel=\"canonical\" href=\"https:\/\/www.fcejs.unsl.edu.ar\/index.php\/segundo-ciclo-de-conversaciones-2020-2021-del-programa-de-fortalecimiento-a-las-practicas-de-la-investigacion\/\" \/>\n<meta property=\"og:locale\" content=\"es_ES\" \/>\n<meta property=\"og:type\" content=\"article\" \/>\n<meta property=\"og:title\" content=\"Segundo Ciclo de Conversaciones 2021-22 del Programa de Fortalecimiento a las Pr\u00e1cticas de la Investigaci\u00f3n - Facultad de Ciencias Econ\u00f3micas, Jur\u00ed\u00addicas y Sociales\" \/>\n<meta property=\"og:description\" content=\"La Secretar\u00eda de Investigaci\u00f3n y Posgrado informa que, el 1 de noviembre de 2021 a las 16h se llevar\u00e1 a cabo de forma virtual el\u00a0Primer&hellip;\" \/>\n<meta property=\"og:url\" content=\"https:\/\/www.fcejs.unsl.edu.ar\/index.php\/segundo-ciclo-de-conversaciones-2020-2021-del-programa-de-fortalecimiento-a-las-practicas-de-la-investigacion\/\" \/>\n<meta property=\"og:site_name\" content=\"Facultad de Ciencias Econ\u00f3micas, Jur\u00ed\u00addicas y Sociales\" \/>\n<meta property=\"article:publisher\" content=\"https:\/\/www.facebook.com\/FCEJS.UNSL\/\" \/>\n<meta property=\"article:published_time\" content=\"2021-10-28T18:40:03+00:00\" \/>\n<meta property=\"article:modified_time\" content=\"2021-11-02T14:17:37+00:00\" \/>\n<meta property=\"og:image\" content=\"https:\/\/www.fcejs.unsl.edu.ar\/wp-content\/uploads\/2021\/10\/POLITICOS.jpg\" \/>\n\t<meta property=\"og:image:width\" content=\"1152\" \/>\n\t<meta property=\"og:image:height\" content=\"647\" \/>\n\t<meta property=\"og:image:type\" content=\"image\/jpeg\" \/>\n<meta name=\"author\" content=\"DATI\" \/>\n<meta name=\"twitter:card\" content=\"summary_large_image\" \/>\n<meta name=\"twitter:creator\" content=\"@FCEJSUNSL\" \/>\n<meta name=\"twitter:site\" content=\"@FCEJSUNSL\" \/>\n<meta name=\"twitter:label1\" content=\"Escrito por\" \/>\n\t<meta name=\"twitter:data1\" content=\"DATI\" \/>\n\t<meta name=\"twitter:label2\" content=\"Tiempo de lectura\" \/>\n\t<meta name=\"twitter:data2\" content=\"1 minuto\" \/>\n<script type=\"application\/ld+json\" class=\"yoast-schema-graph\">{\"@context\":\"https:\\\/\\\/schema.org\",\"@graph\":[{\"@type\":\"Article\",\"@id\":\"https:\\\/\\\/www.fcejs.unsl.edu.ar\\\/index.php\\\/segundo-ciclo-de-conversaciones-2020-2021-del-programa-de-fortalecimiento-a-las-practicas-de-la-investigacion\\\/#article\",\"isPartOf\":{\"@id\":\"https:\\\/\\\/www.fcejs.unsl.edu.ar\\\/index.php\\\/segundo-ciclo-de-conversaciones-2020-2021-del-programa-de-fortalecimiento-a-las-practicas-de-la-investigacion\\\/\"},\"author\":{\"name\":\"DATI\",\"@id\":\"https:\\\/\\\/www.fcejs.unsl.edu.ar\\\/#\\\/schema\\\/person\\\/352ee6ed90c3f394c7cb5945f8956d34\"},\"headline\":\"Segundo Ciclo de Conversaciones 2021-22 del Programa de Fortalecimiento a las Pr\u00e1cticas de la Investigaci\u00f3n\",\"datePublished\":\"2021-10-28T18:40:03+00:00\",\"dateModified\":\"2021-11-02T14:17:37+00:00\",\"mainEntityOfPage\":{\"@id\":\"https:\\\/\\\/www.fcejs.unsl.edu.ar\\\/index.php\\\/segundo-ciclo-de-conversaciones-2020-2021-del-programa-de-fortalecimiento-a-las-practicas-de-la-investigacion\\\/\"},\"wordCount\":240,\"publisher\":{\"@id\":\"https:\\\/\\\/www.fcejs.unsl.edu.ar\\\/#organization\"},\"image\":{\"@id\":\"https:\\\/\\\/www.fcejs.unsl.edu.ar\\\/index.php\\\/segundo-ciclo-de-conversaciones-2020-2021-del-programa-de-fortalecimiento-a-las-practicas-de-la-investigacion\\\/#primaryimage\"},\"thumbnailUrl\":\"https:\\\/\\\/www.fcejs.unsl.edu.ar\\\/wp-content\\\/uploads\\\/2021\\\/10\\\/POLITICOS.jpg\",\"articleSection\":[\"Archivadas\"],\"inLanguage\":\"es-AR\"},{\"@type\":\"WebPage\",\"@id\":\"https:\\\/\\\/www.fcejs.unsl.edu.ar\\\/index.php\\\/segundo-ciclo-de-conversaciones-2020-2021-del-programa-de-fortalecimiento-a-las-practicas-de-la-investigacion\\\/\",\"url\":\"https:\\\/\\\/www.fcejs.unsl.edu.ar\\\/index.php\\\/segundo-ciclo-de-conversaciones-2020-2021-del-programa-de-fortalecimiento-a-las-practicas-de-la-investigacion\\\/\",\"name\":\"Segundo Ciclo de Conversaciones 2021-22 del Programa de Fortalecimiento a las Pr\u00e1cticas de la Investigaci\u00f3n - Facultad de Ciencias Econ\u00f3micas, Jur\u00ed\u00addicas y Sociales\",\"isPartOf\":{\"@id\":\"https:\\\/\\\/www.fcejs.unsl.edu.ar\\\/#website\"},\"primaryImageOfPage\":{\"@id\":\"https:\\\/\\\/www.fcejs.unsl.edu.ar\\\/index.php\\\/segundo-ciclo-de-conversaciones-2020-2021-del-programa-de-fortalecimiento-a-las-practicas-de-la-investigacion\\\/#primaryimage\"},\"image\":{\"@id\":\"https:\\\/\\\/www.fcejs.unsl.edu.ar\\\/index.php\\\/segundo-ciclo-de-conversaciones-2020-2021-del-programa-de-fortalecimiento-a-las-practicas-de-la-investigacion\\\/#primaryimage\"},\"thumbnailUrl\":\"https:\\\/\\\/www.fcejs.unsl.edu.ar\\\/wp-content\\\/uploads\\\/2021\\\/10\\\/POLITICOS.jpg\",\"datePublished\":\"2021-10-28T18:40:03+00:00\",\"dateModified\":\"2021-11-02T14:17:37+00:00\",\"breadcrumb\":{\"@id\":\"https:\\\/\\\/www.fcejs.unsl.edu.ar\\\/index.php\\\/segundo-ciclo-de-conversaciones-2020-2021-del-programa-de-fortalecimiento-a-las-practicas-de-la-investigacion\\\/#breadcrumb\"},\"inLanguage\":\"es-AR\",\"potentialAction\":[{\"@type\":\"ReadAction\",\"target\":[\"https:\\\/\\\/www.fcejs.unsl.edu.ar\\\/index.php\\\/segundo-ciclo-de-conversaciones-2020-2021-del-programa-de-fortalecimiento-a-las-practicas-de-la-investigacion\\\/\"]}]},{\"@type\":\"ImageObject\",\"inLanguage\":\"es-AR\",\"@id\":\"https:\\\/\\\/www.fcejs.unsl.edu.ar\\\/index.php\\\/segundo-ciclo-de-conversaciones-2020-2021-del-programa-de-fortalecimiento-a-las-practicas-de-la-investigacion\\\/#primaryimage\",\"url\":\"https:\\\/\\\/www.fcejs.unsl.edu.ar\\\/wp-content\\\/uploads\\\/2021\\\/10\\\/POLITICOS.jpg\",\"contentUrl\":\"https:\\\/\\\/www.fcejs.unsl.edu.ar\\\/wp-content\\\/uploads\\\/2021\\\/10\\\/POLITICOS.jpg\",\"width\":1152,\"height\":647},{\"@type\":\"BreadcrumbList\",\"@id\":\"https:\\\/\\\/www.fcejs.unsl.edu.ar\\\/index.php\\\/segundo-ciclo-de-conversaciones-2020-2021-del-programa-de-fortalecimiento-a-las-practicas-de-la-investigacion\\\/#breadcrumb\",\"itemListElement\":[{\"@type\":\"ListItem\",\"position\":1,\"name\":\"Inicio\",\"item\":\"https:\\\/\\\/www.fcejs.unsl.edu.ar\\\/\"},{\"@type\":\"ListItem\",\"position\":2,\"name\":\"Segundo Ciclo de Conversaciones 2021-22 del Programa de Fortalecimiento a las Pr\u00e1cticas de la Investigaci\u00f3n\"}]},{\"@type\":\"WebSite\",\"@id\":\"https:\\\/\\\/www.fcejs.unsl.edu.ar\\\/#website\",\"url\":\"https:\\\/\\\/www.fcejs.unsl.edu.ar\\\/\",\"name\":\"Facultad de Ciencias Econ\u00f3micas, Jur\u00ed\u00addicas y Sociales\",\"description\":\"\",\"publisher\":{\"@id\":\"https:\\\/\\\/www.fcejs.unsl.edu.ar\\\/#organization\"},\"potentialAction\":[{\"@type\":\"SearchAction\",\"target\":{\"@type\":\"EntryPoint\",\"urlTemplate\":\"https:\\\/\\\/www.fcejs.unsl.edu.ar\\\/?s={search_term_string}\"},\"query-input\":{\"@type\":\"PropertyValueSpecification\",\"valueRequired\":true,\"valueName\":\"search_term_string\"}}],\"inLanguage\":\"es-AR\"},{\"@type\":\"Organization\",\"@id\":\"https:\\\/\\\/www.fcejs.unsl.edu.ar\\\/#organization\",\"name\":\"Facultad de Ciencias Econ\u00f3micas, Jur\u00eddicas y Sociales\",\"url\":\"https:\\\/\\\/www.fcejs.unsl.edu.ar\\\/\",\"logo\":{\"@type\":\"ImageObject\",\"inLanguage\":\"es-AR\",\"@id\":\"https:\\\/\\\/www.fcejs.unsl.edu.ar\\\/#\\\/schema\\\/logo\\\/image\\\/\",\"url\":\"https:\\\/\\\/www.fcejs.unsl.edu.ar\\\/wp-content\\\/uploads\\\/2021\\\/03\\\/logo-1.jpg\",\"contentUrl\":\"https:\\\/\\\/www.fcejs.unsl.edu.ar\\\/wp-content\\\/uploads\\\/2021\\\/03\\\/logo-1.jpg\",\"width\":471,\"height\":146,\"caption\":\"Facultad de Ciencias Econ\u00f3micas, Jur\u00eddicas y Sociales\"},\"image\":{\"@id\":\"https:\\\/\\\/www.fcejs.unsl.edu.ar\\\/#\\\/schema\\\/logo\\\/image\\\/\"},\"sameAs\":[\"https:\\\/\\\/www.facebook.com\\\/FCEJS.UNSL\\\/\",\"https:\\\/\\\/x.com\\\/FCEJSUNSL\",\"https:\\\/\\\/www.instagram.com\\\/fcejs.unsl\\\/\",\"https:\\\/\\\/www.youtube.com\\\/channel\\\/UCH-Ut6EaN_X5ogjIQMPe46g\\\/\"]},{\"@type\":\"Person\",\"@id\":\"https:\\\/\\\/www.fcejs.unsl.edu.ar\\\/#\\\/schema\\\/person\\\/352ee6ed90c3f394c7cb5945f8956d34\",\"name\":\"DATI\"}]}<\/script>\n<!-- \/ Yoast SEO plugin. -->","yoast_head_json":{"title":"Segundo Ciclo de Conversaciones 2021-22 del Programa de Fortalecimiento a las Pr\u00e1cticas de la Investigaci\u00f3n - Facultad de Ciencias Econ\u00f3micas, Jur\u00ed\u00addicas y Sociales","robots":{"index":"index","follow":"follow","max-snippet":"max-snippet:-1","max-image-preview":"max-image-preview:large","max-video-preview":"max-video-preview:-1"},"canonical":"https:\/\/www.fcejs.unsl.edu.ar\/index.php\/segundo-ciclo-de-conversaciones-2020-2021-del-programa-de-fortalecimiento-a-las-practicas-de-la-investigacion\/","og_locale":"es_ES","og_type":"article","og_title":"Segundo Ciclo de Conversaciones 2021-22 del Programa de Fortalecimiento a las Pr\u00e1cticas de la Investigaci\u00f3n - Facultad de Ciencias Econ\u00f3micas, Jur\u00ed\u00addicas y Sociales","og_description":"La Secretar\u00eda de Investigaci\u00f3n y Posgrado informa que, el 1 de noviembre de 2021 a las 16h se llevar\u00e1 a cabo de forma virtual el\u00a0Primer&hellip;","og_url":"https:\/\/www.fcejs.unsl.edu.ar\/index.php\/segundo-ciclo-de-conversaciones-2020-2021-del-programa-de-fortalecimiento-a-las-practicas-de-la-investigacion\/","og_site_name":"Facultad de Ciencias Econ\u00f3micas, Jur\u00ed\u00addicas y Sociales","article_publisher":"https:\/\/www.facebook.com\/FCEJS.UNSL\/","article_published_time":"2021-10-28T18:40:03+00:00","article_modified_time":"2021-11-02T14:17:37+00:00","og_image":[{"width":1152,"height":647,"url":"https:\/\/www.fcejs.unsl.edu.ar\/wp-content\/uploads\/2021\/10\/POLITICOS.jpg","type":"image\/jpeg"}],"author":"DATI","twitter_card":"summary_large_image","twitter_creator":"@FCEJSUNSL","twitter_site":"@FCEJSUNSL","twitter_misc":{"Escrito por":"DATI","Tiempo de lectura":"1 minuto"},"schema":{"@context":"https:\/\/schema.org","@graph":[{"@type":"Article","@id":"https:\/\/www.fcejs.unsl.edu.ar\/index.php\/segundo-ciclo-de-conversaciones-2020-2021-del-programa-de-fortalecimiento-a-las-practicas-de-la-investigacion\/#article","isPartOf":{"@id":"https:\/\/www.fcejs.unsl.edu.ar\/index.php\/segundo-ciclo-de-conversaciones-2020-2021-del-programa-de-fortalecimiento-a-las-practicas-de-la-investigacion\/"},"author":{"name":"DATI","@id":"https:\/\/www.fcejs.unsl.edu.ar\/#\/schema\/person\/352ee6ed90c3f394c7cb5945f8956d34"},"headline":"Segundo Ciclo de Conversaciones 2021-22 del Programa de Fortalecimiento a las Pr\u00e1cticas de la Investigaci\u00f3n","datePublished":"2021-10-28T18:40:03+00:00","dateModified":"2021-11-02T14:17:37+00:00","mainEntityOfPage":{"@id":"https:\/\/www.fcejs.unsl.edu.ar\/index.php\/segundo-ciclo-de-conversaciones-2020-2021-del-programa-de-fortalecimiento-a-las-practicas-de-la-investigacion\/"},"wordCount":240,"publisher":{"@id":"https:\/\/www.fcejs.unsl.edu.ar\/#organization"},"image":{"@id":"https:\/\/www.fcejs.unsl.edu.ar\/index.php\/segundo-ciclo-de-conversaciones-2020-2021-del-programa-de-fortalecimiento-a-las-practicas-de-la-investigacion\/#primaryimage"},"thumbnailUrl":"https:\/\/www.fcejs.unsl.edu.ar\/wp-content\/uploads\/2021\/10\/POLITICOS.jpg","articleSection":["Archivadas"],"inLanguage":"es-AR"},{"@type":"WebPage","@id":"https:\/\/www.fcejs.unsl.edu.ar\/index.php\/segundo-ciclo-de-conversaciones-2020-2021-del-programa-de-fortalecimiento-a-las-practicas-de-la-investigacion\/","url":"https:\/\/www.fcejs.unsl.edu.ar\/index.php\/segundo-ciclo-de-conversaciones-2020-2021-del-programa-de-fortalecimiento-a-las-practicas-de-la-investigacion\/","name":"Segundo Ciclo de Conversaciones 2021-22 del Programa de Fortalecimiento a las Pr\u00e1cticas de la Investigaci\u00f3n - Facultad de Ciencias Econ\u00f3micas, Jur\u00ed\u00addicas y Sociales","isPartOf":{"@id":"https:\/\/www.fcejs.unsl.edu.ar\/#website"},"primaryImageOfPage":{"@id":"https:\/\/www.fcejs.unsl.edu.ar\/index.php\/segundo-ciclo-de-conversaciones-2020-2021-del-programa-de-fortalecimiento-a-las-practicas-de-la-investigacion\/#primaryimage"},"image":{"@id":"https:\/\/www.fcejs.unsl.edu.ar\/index.php\/segundo-ciclo-de-conversaciones-2020-2021-del-programa-de-fortalecimiento-a-las-practicas-de-la-investigacion\/#primaryimage"},"thumbnailUrl":"https:\/\/www.fcejs.unsl.edu.ar\/wp-content\/uploads\/2021\/10\/POLITICOS.jpg","datePublished":"2021-10-28T18:40:03+00:00","dateModified":"2021-11-02T14:17:37+00:00","breadcrumb":{"@id":"https:\/\/www.fcejs.unsl.edu.ar\/index.php\/segundo-ciclo-de-conversaciones-2020-2021-del-programa-de-fortalecimiento-a-las-practicas-de-la-investigacion\/#breadcrumb"},"inLanguage":"es-AR","potentialAction":[{"@type":"ReadAction","target":["https:\/\/www.fcejs.unsl.edu.ar\/index.php\/segundo-ciclo-de-conversaciones-2020-2021-del-programa-de-fortalecimiento-a-las-practicas-de-la-investigacion\/"]}]},{"@type":"ImageObject","inLanguage":"es-AR","@id":"https:\/\/www.fcejs.unsl.edu.ar\/index.php\/segundo-ciclo-de-conversaciones-2020-2021-del-programa-de-fortalecimiento-a-las-practicas-de-la-investigacion\/#primaryimage","url":"https:\/\/www.fcejs.unsl.edu.ar\/wp-content\/uploads\/2021\/10\/POLITICOS.jpg","contentUrl":"https:\/\/www.fcejs.unsl.edu.ar\/wp-content\/uploads\/2021\/10\/POLITICOS.jpg","width":1152,"height":647},{"@type":"BreadcrumbList","@id":"https:\/\/www.fcejs.unsl.edu.ar\/index.php\/segundo-ciclo-de-conversaciones-2020-2021-del-programa-de-fortalecimiento-a-las-practicas-de-la-investigacion\/#breadcrumb","itemListElement":[{"@type":"ListItem","position":1,"name":"Inicio","item":"https:\/\/www.fcejs.unsl.edu.ar\/"},{"@type":"ListItem","position":2,"name":"Segundo Ciclo de Conversaciones 2021-22 del Programa de Fortalecimiento a las Pr\u00e1cticas de la Investigaci\u00f3n"}]},{"@type":"WebSite","@id":"https:\/\/www.fcejs.unsl.edu.ar\/#website","url":"https:\/\/www.fcejs.unsl.edu.ar\/","name":"Facultad de Ciencias Econ\u00f3micas, Jur\u00ed\u00addicas y Sociales","description":"","publisher":{"@id":"https:\/\/www.fcejs.unsl.edu.ar\/#organization"},"potentialAction":[{"@type":"SearchAction","target":{"@type":"EntryPoint","urlTemplate":"https:\/\/www.fcejs.unsl.edu.ar\/?s={search_term_string}"},"query-input":{"@type":"PropertyValueSpecification","valueRequired":true,"valueName":"search_term_string"}}],"inLanguage":"es-AR"},{"@type":"Organization","@id":"https:\/\/www.fcejs.unsl.edu.ar\/#organization","name":"Facultad de Ciencias Econ\u00f3micas, Jur\u00eddicas y Sociales","url":"https:\/\/www.fcejs.unsl.edu.ar\/","logo":{"@type":"ImageObject","inLanguage":"es-AR","@id":"https:\/\/www.fcejs.unsl.edu.ar\/#\/schema\/logo\/image\/","url":"https:\/\/www.fcejs.unsl.edu.ar\/wp-content\/uploads\/2021\/03\/logo-1.jpg","contentUrl":"https:\/\/www.fcejs.unsl.edu.ar\/wp-content\/uploads\/2021\/03\/logo-1.jpg","width":471,"height":146,"caption":"Facultad de Ciencias Econ\u00f3micas, Jur\u00eddicas y Sociales"},"image":{"@id":"https:\/\/www.fcejs.unsl.edu.ar\/#\/schema\/logo\/image\/"},"sameAs":["https:\/\/www.facebook.com\/FCEJS.UNSL\/","https:\/\/x.com\/FCEJSUNSL","https:\/\/www.instagram.com\/fcejs.unsl\/","https:\/\/www.youtube.com\/channel\/UCH-Ut6EaN_X5ogjIQMPe46g\/"]},{"@type":"Person","@id":"https:\/\/www.fcejs.unsl.edu.ar\/#\/schema\/person\/352ee6ed90c3f394c7cb5945f8956d34","name":"DATI"}]}},"jetpack_featured_media_url":"https:\/\/www.fcejs.unsl.edu.ar\/wp-content\/uploads\/2021\/10\/POLITICOS.jpg","_links":{"self":[{"href":"https:\/\/www.fcejs.unsl.edu.ar\/index.php\/wp-json\/wp\/v2\/posts\/5888","targetHints":{"allow":["GET"]}}],"collection":[{"href":"https:\/\/www.fcejs.unsl.edu.ar\/index.php\/wp-json\/wp\/v2\/posts"}],"about":[{"href":"https:\/\/www.fcejs.unsl.edu.ar\/index.php\/wp-json\/wp\/v2\/types\/post"}],"author":[{"embeddable":true,"href":"https:\/\/www.fcejs.unsl.edu.ar\/index.php\/wp-json\/wp\/v2\/users\/9"}],"replies":[{"embeddable":true,"href":"https:\/\/www.fcejs.unsl.edu.ar\/index.php\/wp-json\/wp\/v2\/comments?post=5888"}],"version-history":[{"count":6,"href":"https:\/\/www.fcejs.unsl.edu.ar\/index.php\/wp-json\/wp\/v2\/posts\/5888\/revisions"}],"predecessor-version":[{"id":6043,"href":"https:\/\/www.fcejs.unsl.edu.ar\/index.php\/wp-json\/wp\/v2\/posts\/5888\/revisions\/6043"}],"wp:featuredmedia":[{"embeddable":true,"href":"https:\/\/www.fcejs.unsl.edu.ar\/index.php\/wp-json\/wp\/v2\/media\/6040"}],"wp:attachment":[{"href":"https:\/\/www.fcejs.unsl.edu.ar\/index.php\/wp-json\/wp\/v2\/media?parent=5888"}],"wp:term":[{"taxonomy":"category","embeddable":true,"href":"https:\/\/www.fcejs.unsl.edu.ar\/index.php\/wp-json\/wp\/v2\/categories?post=5888"},{"taxonomy":"post_tag","embeddable":true,"href":"https:\/\/www.fcejs.unsl.edu.ar\/index.php\/wp-json\/wp\/v2\/tags?post=5888"}],"curies":[{"name":"wp","href":"https:\/\/api.w.org\/{rel}","templated":true}]}}