{"id":5815,"date":"2021-10-25T09:43:14","date_gmt":"2021-10-25T12:43:14","guid":{"rendered":"http:\/\/10.101.10.197\/www\/?p=5815"},"modified":"2021-10-25T09:43:14","modified_gmt":"2021-10-25T12:43:14","slug":"curso-de-posgrado-entre-la-historia-y-la-memoria-perspectivas-teoricas-y-metodologicas","status":"publish","type":"post","link":"https:\/\/www.fcejs.unsl.edu.ar\/index.php\/curso-de-posgrado-entre-la-historia-y-la-memoria-perspectivas-teoricas-y-metodologicas\/","title":{"rendered":"Curso de Posgrado: \u201cEntre la Historia y la Memoria. Perspectivas Te\u00f3ricas y Metodol\u00f3gicas\u201d"},"content":{"rendered":"<p>La Secretar\u00eda de Posgrado de la UNSL informa que, el 29 de octubre de 2021, dar\u00e1 inicio de forma virtual, mediante la plataforma Goole Meet, el Curso de Posgrado \u201cEntre la Historia y la Memoria. Perspectivas Te\u00f3ricas y Metodol\u00f3gicas\u201d.<\/p>\n<p>Los docentes responsables son la Dra. Sonia Riveros (FCH-UNSL) y el Dr. Eduardo Alberto Escudero (FFH-UNC\/FCH-UNRC) con la coordinaci\u00f3n de la Lic. Ana Laura Rom\u00e1n.<\/p>\n<p><strong>OBJETIVOS:<\/strong><\/p>\n<ul>\n<li>Problematizar la constituci\u00f3n hist\u00f3rica de la Historia como disciplina en vista temporal, te\u00f3rica y pr\u00e1ctica.<\/li>\n<li>Reflexionar acerca de la construcci\u00f3n del pasado desde distintas perspectivas historiogr\u00e1ficas, entre cl\u00e1sicas y renovadoras.<\/li>\n<li>Abordar el v\u00ednculo entre historia y memoria en clave de una historia de las pr\u00e1cticas.<\/li>\n<li>Promover la identificaci\u00f3n de herramientas conceptuales y metodol\u00f3gicas que vehiculicen pr\u00e1cticas concretas de investigaci\u00f3n, enriquecidas desde el marco de referencia de la propuesta de formaci\u00f3n.<\/li>\n<\/ul>\n<p>Con cupo limitado y un cr\u00e9dito horario de 40 horas, la propuesta est\u00e1 orientada a graduados de carreras de grado universitario y de nivel superior (en el marco de la normativa vigente) afines al campo de las ciencias sociales y humanas e inscriptos en la carrera de doctorado en educaci\u00f3n de la FCH.<\/p>\n<p><strong>CRONOGRAMA DE ACTIVIDADES<\/strong><\/p>\n<table>\n<tbody>\n<tr>\n<td><strong>Fechas<\/strong><\/td>\n<td><strong>Actividad\u00a0<\/strong><\/td>\n<td><strong>Docente\u00a0<\/strong><\/p>\n<p><strong>responsable\u00a0<\/strong><\/td>\n<td><strong>Lugar<\/strong><\/td>\n<\/tr>\n<tr>\n<td>29\/10\/2021<\/td>\n<td>Clase Te\u00f3rica: Eje problem\u00e1tico N\u00b01<\/td>\n<td>Dr. Eduardo Escudero<\/td>\n<td>Aula 43 (FCH)<\/td>\n<\/tr>\n<tr>\n<td>5\/11\/2021<\/td>\n<td>Clase Te\u00f3rica: Eje problem\u00e1tico N\u00b01<\/td>\n<td>Dr. Eduardo Escudero<\/td>\n<td>Aula 43 (FCH)<\/td>\n<\/tr>\n<tr>\n<td>12\/11\/2021<\/td>\n<td>Clase Te\u00f3rica: Eje problem\u00e1tico N\u00b02<\/td>\n<td>Dra. Sonia Riveros<\/td>\n<td>Aula 43 (FCH)<\/td>\n<\/tr>\n<tr>\n<td>19\/11\/2021<\/td>\n<td>Clase Te\u00f3rica: Eje problem\u00e1tico N\u00b02<\/td>\n<td>Dra. Sonia Riveros<\/td>\n<td>Aula 43 (FCH)<\/td>\n<\/tr>\n<tr>\n<td>26\/11\/2021<\/td>\n<td>Clase te\u00f3rica-pr\u00e1ctica. Eje problem\u00e1tico N\u00b03.\u00a0 Integraci\u00f3n de los<\/p>\n<p>contenidos abordados.\u00a0 Presentaci\u00f3n de casos de investigaci\u00f3n y\u00a0 propuestas\u00a0 de trabajos\u00a0 finales.<\/td>\n<td>Dra. Sonia Riveros<\/p>\n<p>Dr. Eduardo Escudero<\/td>\n<td>Aula 43 (FCH)<\/td>\n<\/tr>\n<tr>\n<td>03\/12\/2021<\/td>\n<td>Clase te\u00f3rica-pr\u00e1ctica.\u00a0 Eje problem\u00e1tico N\u00b0 3: Integraci\u00f3n de los<\/p>\n<p>contenidos abordados.\u00a0 Presentaci\u00f3n de casos de investigaci\u00f3n y\u00a0 propuestas de trabajos\u00a0 finales.<\/td>\n<td>Dra. Sonia Riveros<\/p>\n<p>Dr. Eduardo Escudero<\/td>\n<td>Aula 43 (FCH)<\/td>\n<\/tr>\n<\/tbody>\n<\/table>\n<p>&nbsp;<\/p>\n<p><strong>Informes:\u00a0<a href=\"mailto:analaurarg5@gmail.com\/\">analaurarg5@gmail.com\/<\/a> <a href=\"mailto:cursohistoriaymemoria@gmail.com\">cursohistoriaymemoria@gmail.com<\/a><\/strong><\/p>\n<p><strong>Inscripci\u00f3n: <a href=\"http:\/\/www.posgrado.unsl.edu.ar\">www.posgrado.unsl.edu.ar<\/a><\/strong><\/p>\n","protected":false},"excerpt":{"rendered":"<p>La Secretar\u00eda de Posgrado de la UNSL informa que, el 29 de octubre de 2021, dar\u00e1 inicio de forma virtual, mediante la plataforma Goole Meet,&hellip;<\/p>\n","protected":false},"author":9,"featured_media":5816,"comment_status":"closed","ping_status":"closed","sticky":false,"template":"","format":"standard","meta":{"om_disable_all_campaigns":false,"_monsterinsights_skip_tracking":false,"_monsterinsights_sitenote_active":false,"_monsterinsights_sitenote_note":"","_monsterinsights_sitenote_category":0,"footnotes":""},"categories":[1],"tags":[],"class_list":["post-5815","post","type-post","status-publish","format-standard","has-post-thumbnail","hentry","category-noticias"],"yoast_head":"<!-- This site is optimized with the Yoast SEO plugin v27.4 - https:\/\/yoast.com\/product\/yoast-seo-wordpress\/ -->\n<title>Curso de Posgrado: \u201cEntre la Historia y la Memoria. Perspectivas Te\u00f3ricas y Metodol\u00f3gicas\u201d - Facultad de Ciencias Econ\u00f3micas, Jur\u00ed\u00addicas y Sociales<\/title>\n<meta name=\"robots\" content=\"index, follow, max-snippet:-1, max-image-preview:large, max-video-preview:-1\" \/>\n<link rel=\"canonical\" href=\"https:\/\/www.fcejs.unsl.edu.ar\/index.php\/curso-de-posgrado-entre-la-historia-y-la-memoria-perspectivas-teoricas-y-metodologicas\/\" \/>\n<meta property=\"og:locale\" content=\"es_ES\" \/>\n<meta property=\"og:type\" content=\"article\" \/>\n<meta property=\"og:title\" content=\"Curso de Posgrado: \u201cEntre la Historia y la Memoria. Perspectivas Te\u00f3ricas y Metodol\u00f3gicas\u201d - Facultad de Ciencias Econ\u00f3micas, Jur\u00ed\u00addicas y Sociales\" \/>\n<meta property=\"og:description\" content=\"La Secretar\u00eda de Posgrado de la UNSL informa que, el 29 de octubre de 2021, dar\u00e1 inicio de forma virtual, mediante la plataforma Goole Meet,&hellip;\" \/>\n<meta property=\"og:url\" content=\"https:\/\/www.fcejs.unsl.edu.ar\/index.php\/curso-de-posgrado-entre-la-historia-y-la-memoria-perspectivas-teoricas-y-metodologicas\/\" \/>\n<meta property=\"og:site_name\" content=\"Facultad de Ciencias Econ\u00f3micas, Jur\u00ed\u00addicas y Sociales\" \/>\n<meta property=\"article:publisher\" content=\"https:\/\/www.facebook.com\/FCEJS.UNSL\/\" \/>\n<meta property=\"article:published_time\" content=\"2021-10-25T12:43:14+00:00\" \/>\n<meta property=\"og:image\" content=\"https:\/\/www.fcejs.unsl.edu.ar\/wp-content\/uploads\/2021\/10\/1.jpeg\" \/>\n\t<meta property=\"og:image:width\" content=\"720\" \/>\n\t<meta property=\"og:image:height\" content=\"720\" \/>\n\t<meta property=\"og:image:type\" content=\"image\/jpeg\" \/>\n<meta name=\"author\" content=\"DATI\" \/>\n<meta name=\"twitter:card\" content=\"summary_large_image\" \/>\n<meta name=\"twitter:creator\" content=\"@FCEJSUNSL\" \/>\n<meta name=\"twitter:site\" content=\"@FCEJSUNSL\" \/>\n<meta name=\"twitter:label1\" content=\"Escrito por\" \/>\n\t<meta name=\"twitter:data1\" content=\"DATI\" \/>\n\t<meta name=\"twitter:label2\" content=\"Tiempo de lectura\" \/>\n\t<meta name=\"twitter:data2\" content=\"2 minutos\" \/>\n<script type=\"application\/ld+json\" class=\"yoast-schema-graph\">{\"@context\":\"https:\\\/\\\/schema.org\",\"@graph\":[{\"@type\":\"Article\",\"@id\":\"https:\\\/\\\/www.fcejs.unsl.edu.ar\\\/index.php\\\/curso-de-posgrado-entre-la-historia-y-la-memoria-perspectivas-teoricas-y-metodologicas\\\/#article\",\"isPartOf\":{\"@id\":\"https:\\\/\\\/www.fcejs.unsl.edu.ar\\\/index.php\\\/curso-de-posgrado-entre-la-historia-y-la-memoria-perspectivas-teoricas-y-metodologicas\\\/\"},\"author\":{\"name\":\"DATI\",\"@id\":\"https:\\\/\\\/www.fcejs.unsl.edu.ar\\\/#\\\/schema\\\/person\\\/352ee6ed90c3f394c7cb5945f8956d34\"},\"headline\":\"Curso de Posgrado: \u201cEntre la Historia y la Memoria. Perspectivas Te\u00f3ricas y Metodol\u00f3gicas\u201d\",\"datePublished\":\"2021-10-25T12:43:14+00:00\",\"mainEntityOfPage\":{\"@id\":\"https:\\\/\\\/www.fcejs.unsl.edu.ar\\\/index.php\\\/curso-de-posgrado-entre-la-historia-y-la-memoria-perspectivas-teoricas-y-metodologicas\\\/\"},\"wordCount\":361,\"publisher\":{\"@id\":\"https:\\\/\\\/www.fcejs.unsl.edu.ar\\\/#organization\"},\"image\":{\"@id\":\"https:\\\/\\\/www.fcejs.unsl.edu.ar\\\/index.php\\\/curso-de-posgrado-entre-la-historia-y-la-memoria-perspectivas-teoricas-y-metodologicas\\\/#primaryimage\"},\"thumbnailUrl\":\"https:\\\/\\\/www.fcejs.unsl.edu.ar\\\/wp-content\\\/uploads\\\/2021\\\/10\\\/1.jpeg\",\"articleSection\":[\"Noticias\"],\"inLanguage\":\"es-AR\"},{\"@type\":\"WebPage\",\"@id\":\"https:\\\/\\\/www.fcejs.unsl.edu.ar\\\/index.php\\\/curso-de-posgrado-entre-la-historia-y-la-memoria-perspectivas-teoricas-y-metodologicas\\\/\",\"url\":\"https:\\\/\\\/www.fcejs.unsl.edu.ar\\\/index.php\\\/curso-de-posgrado-entre-la-historia-y-la-memoria-perspectivas-teoricas-y-metodologicas\\\/\",\"name\":\"Curso de Posgrado: \u201cEntre la Historia y la Memoria. Perspectivas Te\u00f3ricas y Metodol\u00f3gicas\u201d - Facultad de Ciencias Econ\u00f3micas, Jur\u00ed\u00addicas y Sociales\",\"isPartOf\":{\"@id\":\"https:\\\/\\\/www.fcejs.unsl.edu.ar\\\/#website\"},\"primaryImageOfPage\":{\"@id\":\"https:\\\/\\\/www.fcejs.unsl.edu.ar\\\/index.php\\\/curso-de-posgrado-entre-la-historia-y-la-memoria-perspectivas-teoricas-y-metodologicas\\\/#primaryimage\"},\"image\":{\"@id\":\"https:\\\/\\\/www.fcejs.unsl.edu.ar\\\/index.php\\\/curso-de-posgrado-entre-la-historia-y-la-memoria-perspectivas-teoricas-y-metodologicas\\\/#primaryimage\"},\"thumbnailUrl\":\"https:\\\/\\\/www.fcejs.unsl.edu.ar\\\/wp-content\\\/uploads\\\/2021\\\/10\\\/1.jpeg\",\"datePublished\":\"2021-10-25T12:43:14+00:00\",\"breadcrumb\":{\"@id\":\"https:\\\/\\\/www.fcejs.unsl.edu.ar\\\/index.php\\\/curso-de-posgrado-entre-la-historia-y-la-memoria-perspectivas-teoricas-y-metodologicas\\\/#breadcrumb\"},\"inLanguage\":\"es-AR\",\"potentialAction\":[{\"@type\":\"ReadAction\",\"target\":[\"https:\\\/\\\/www.fcejs.unsl.edu.ar\\\/index.php\\\/curso-de-posgrado-entre-la-historia-y-la-memoria-perspectivas-teoricas-y-metodologicas\\\/\"]}]},{\"@type\":\"ImageObject\",\"inLanguage\":\"es-AR\",\"@id\":\"https:\\\/\\\/www.fcejs.unsl.edu.ar\\\/index.php\\\/curso-de-posgrado-entre-la-historia-y-la-memoria-perspectivas-teoricas-y-metodologicas\\\/#primaryimage\",\"url\":\"https:\\\/\\\/www.fcejs.unsl.edu.ar\\\/wp-content\\\/uploads\\\/2021\\\/10\\\/1.jpeg\",\"contentUrl\":\"https:\\\/\\\/www.fcejs.unsl.edu.ar\\\/wp-content\\\/uploads\\\/2021\\\/10\\\/1.jpeg\",\"width\":720,\"height\":720},{\"@type\":\"BreadcrumbList\",\"@id\":\"https:\\\/\\\/www.fcejs.unsl.edu.ar\\\/index.php\\\/curso-de-posgrado-entre-la-historia-y-la-memoria-perspectivas-teoricas-y-metodologicas\\\/#breadcrumb\",\"itemListElement\":[{\"@type\":\"ListItem\",\"position\":1,\"name\":\"Inicio\",\"item\":\"https:\\\/\\\/www.fcejs.unsl.edu.ar\\\/\"},{\"@type\":\"ListItem\",\"position\":2,\"name\":\"Curso de Posgrado: \u201cEntre la Historia y la Memoria. Perspectivas Te\u00f3ricas y Metodol\u00f3gicas\u201d\"}]},{\"@type\":\"WebSite\",\"@id\":\"https:\\\/\\\/www.fcejs.unsl.edu.ar\\\/#website\",\"url\":\"https:\\\/\\\/www.fcejs.unsl.edu.ar\\\/\",\"name\":\"Facultad de Ciencias Econ\u00f3micas, Jur\u00ed\u00addicas y Sociales\",\"description\":\"\",\"publisher\":{\"@id\":\"https:\\\/\\\/www.fcejs.unsl.edu.ar\\\/#organization\"},\"potentialAction\":[{\"@type\":\"SearchAction\",\"target\":{\"@type\":\"EntryPoint\",\"urlTemplate\":\"https:\\\/\\\/www.fcejs.unsl.edu.ar\\\/?s={search_term_string}\"},\"query-input\":{\"@type\":\"PropertyValueSpecification\",\"valueRequired\":true,\"valueName\":\"search_term_string\"}}],\"inLanguage\":\"es-AR\"},{\"@type\":\"Organization\",\"@id\":\"https:\\\/\\\/www.fcejs.unsl.edu.ar\\\/#organization\",\"name\":\"Facultad de Ciencias Econ\u00f3micas, Jur\u00eddicas y Sociales\",\"url\":\"https:\\\/\\\/www.fcejs.unsl.edu.ar\\\/\",\"logo\":{\"@type\":\"ImageObject\",\"inLanguage\":\"es-AR\",\"@id\":\"https:\\\/\\\/www.fcejs.unsl.edu.ar\\\/#\\\/schema\\\/logo\\\/image\\\/\",\"url\":\"https:\\\/\\\/www.fcejs.unsl.edu.ar\\\/wp-content\\\/uploads\\\/2021\\\/03\\\/logo-1.jpg\",\"contentUrl\":\"https:\\\/\\\/www.fcejs.unsl.edu.ar\\\/wp-content\\\/uploads\\\/2021\\\/03\\\/logo-1.jpg\",\"width\":471,\"height\":146,\"caption\":\"Facultad de Ciencias Econ\u00f3micas, Jur\u00eddicas y Sociales\"},\"image\":{\"@id\":\"https:\\\/\\\/www.fcejs.unsl.edu.ar\\\/#\\\/schema\\\/logo\\\/image\\\/\"},\"sameAs\":[\"https:\\\/\\\/www.facebook.com\\\/FCEJS.UNSL\\\/\",\"https:\\\/\\\/x.com\\\/FCEJSUNSL\",\"https:\\\/\\\/www.instagram.com\\\/fcejs.unsl\\\/\",\"https:\\\/\\\/www.youtube.com\\\/channel\\\/UCH-Ut6EaN_X5ogjIQMPe46g\\\/\"]},{\"@type\":\"Person\",\"@id\":\"https:\\\/\\\/www.fcejs.unsl.edu.ar\\\/#\\\/schema\\\/person\\\/352ee6ed90c3f394c7cb5945f8956d34\",\"name\":\"DATI\"}]}<\/script>\n<!-- \/ Yoast SEO plugin. -->","yoast_head_json":{"title":"Curso de Posgrado: \u201cEntre la Historia y la Memoria. Perspectivas Te\u00f3ricas y Metodol\u00f3gicas\u201d - Facultad de Ciencias Econ\u00f3micas, Jur\u00ed\u00addicas y Sociales","robots":{"index":"index","follow":"follow","max-snippet":"max-snippet:-1","max-image-preview":"max-image-preview:large","max-video-preview":"max-video-preview:-1"},"canonical":"https:\/\/www.fcejs.unsl.edu.ar\/index.php\/curso-de-posgrado-entre-la-historia-y-la-memoria-perspectivas-teoricas-y-metodologicas\/","og_locale":"es_ES","og_type":"article","og_title":"Curso de Posgrado: \u201cEntre la Historia y la Memoria. Perspectivas Te\u00f3ricas y Metodol\u00f3gicas\u201d - Facultad de Ciencias Econ\u00f3micas, Jur\u00ed\u00addicas y Sociales","og_description":"La Secretar\u00eda de Posgrado de la UNSL informa que, el 29 de octubre de 2021, dar\u00e1 inicio de forma virtual, mediante la plataforma Goole Meet,&hellip;","og_url":"https:\/\/www.fcejs.unsl.edu.ar\/index.php\/curso-de-posgrado-entre-la-historia-y-la-memoria-perspectivas-teoricas-y-metodologicas\/","og_site_name":"Facultad de Ciencias Econ\u00f3micas, Jur\u00ed\u00addicas y Sociales","article_publisher":"https:\/\/www.facebook.com\/FCEJS.UNSL\/","article_published_time":"2021-10-25T12:43:14+00:00","og_image":[{"width":720,"height":720,"url":"https:\/\/www.fcejs.unsl.edu.ar\/wp-content\/uploads\/2021\/10\/1.jpeg","type":"image\/jpeg"}],"author":"DATI","twitter_card":"summary_large_image","twitter_creator":"@FCEJSUNSL","twitter_site":"@FCEJSUNSL","twitter_misc":{"Escrito por":"DATI","Tiempo de lectura":"2 minutos"},"schema":{"@context":"https:\/\/schema.org","@graph":[{"@type":"Article","@id":"https:\/\/www.fcejs.unsl.edu.ar\/index.php\/curso-de-posgrado-entre-la-historia-y-la-memoria-perspectivas-teoricas-y-metodologicas\/#article","isPartOf":{"@id":"https:\/\/www.fcejs.unsl.edu.ar\/index.php\/curso-de-posgrado-entre-la-historia-y-la-memoria-perspectivas-teoricas-y-metodologicas\/"},"author":{"name":"DATI","@id":"https:\/\/www.fcejs.unsl.edu.ar\/#\/schema\/person\/352ee6ed90c3f394c7cb5945f8956d34"},"headline":"Curso de Posgrado: \u201cEntre la Historia y la Memoria. Perspectivas Te\u00f3ricas y Metodol\u00f3gicas\u201d","datePublished":"2021-10-25T12:43:14+00:00","mainEntityOfPage":{"@id":"https:\/\/www.fcejs.unsl.edu.ar\/index.php\/curso-de-posgrado-entre-la-historia-y-la-memoria-perspectivas-teoricas-y-metodologicas\/"},"wordCount":361,"publisher":{"@id":"https:\/\/www.fcejs.unsl.edu.ar\/#organization"},"image":{"@id":"https:\/\/www.fcejs.unsl.edu.ar\/index.php\/curso-de-posgrado-entre-la-historia-y-la-memoria-perspectivas-teoricas-y-metodologicas\/#primaryimage"},"thumbnailUrl":"https:\/\/www.fcejs.unsl.edu.ar\/wp-content\/uploads\/2021\/10\/1.jpeg","articleSection":["Noticias"],"inLanguage":"es-AR"},{"@type":"WebPage","@id":"https:\/\/www.fcejs.unsl.edu.ar\/index.php\/curso-de-posgrado-entre-la-historia-y-la-memoria-perspectivas-teoricas-y-metodologicas\/","url":"https:\/\/www.fcejs.unsl.edu.ar\/index.php\/curso-de-posgrado-entre-la-historia-y-la-memoria-perspectivas-teoricas-y-metodologicas\/","name":"Curso de Posgrado: \u201cEntre la Historia y la Memoria. Perspectivas Te\u00f3ricas y Metodol\u00f3gicas\u201d - Facultad de Ciencias Econ\u00f3micas, Jur\u00ed\u00addicas y Sociales","isPartOf":{"@id":"https:\/\/www.fcejs.unsl.edu.ar\/#website"},"primaryImageOfPage":{"@id":"https:\/\/www.fcejs.unsl.edu.ar\/index.php\/curso-de-posgrado-entre-la-historia-y-la-memoria-perspectivas-teoricas-y-metodologicas\/#primaryimage"},"image":{"@id":"https:\/\/www.fcejs.unsl.edu.ar\/index.php\/curso-de-posgrado-entre-la-historia-y-la-memoria-perspectivas-teoricas-y-metodologicas\/#primaryimage"},"thumbnailUrl":"https:\/\/www.fcejs.unsl.edu.ar\/wp-content\/uploads\/2021\/10\/1.jpeg","datePublished":"2021-10-25T12:43:14+00:00","breadcrumb":{"@id":"https:\/\/www.fcejs.unsl.edu.ar\/index.php\/curso-de-posgrado-entre-la-historia-y-la-memoria-perspectivas-teoricas-y-metodologicas\/#breadcrumb"},"inLanguage":"es-AR","potentialAction":[{"@type":"ReadAction","target":["https:\/\/www.fcejs.unsl.edu.ar\/index.php\/curso-de-posgrado-entre-la-historia-y-la-memoria-perspectivas-teoricas-y-metodologicas\/"]}]},{"@type":"ImageObject","inLanguage":"es-AR","@id":"https:\/\/www.fcejs.unsl.edu.ar\/index.php\/curso-de-posgrado-entre-la-historia-y-la-memoria-perspectivas-teoricas-y-metodologicas\/#primaryimage","url":"https:\/\/www.fcejs.unsl.edu.ar\/wp-content\/uploads\/2021\/10\/1.jpeg","contentUrl":"https:\/\/www.fcejs.unsl.edu.ar\/wp-content\/uploads\/2021\/10\/1.jpeg","width":720,"height":720},{"@type":"BreadcrumbList","@id":"https:\/\/www.fcejs.unsl.edu.ar\/index.php\/curso-de-posgrado-entre-la-historia-y-la-memoria-perspectivas-teoricas-y-metodologicas\/#breadcrumb","itemListElement":[{"@type":"ListItem","position":1,"name":"Inicio","item":"https:\/\/www.fcejs.unsl.edu.ar\/"},{"@type":"ListItem","position":2,"name":"Curso de Posgrado: \u201cEntre la Historia y la Memoria. Perspectivas Te\u00f3ricas y Metodol\u00f3gicas\u201d"}]},{"@type":"WebSite","@id":"https:\/\/www.fcejs.unsl.edu.ar\/#website","url":"https:\/\/www.fcejs.unsl.edu.ar\/","name":"Facultad de Ciencias Econ\u00f3micas, Jur\u00ed\u00addicas y Sociales","description":"","publisher":{"@id":"https:\/\/www.fcejs.unsl.edu.ar\/#organization"},"potentialAction":[{"@type":"SearchAction","target":{"@type":"EntryPoint","urlTemplate":"https:\/\/www.fcejs.unsl.edu.ar\/?s={search_term_string}"},"query-input":{"@type":"PropertyValueSpecification","valueRequired":true,"valueName":"search_term_string"}}],"inLanguage":"es-AR"},{"@type":"Organization","@id":"https:\/\/www.fcejs.unsl.edu.ar\/#organization","name":"Facultad de Ciencias Econ\u00f3micas, Jur\u00eddicas y Sociales","url":"https:\/\/www.fcejs.unsl.edu.ar\/","logo":{"@type":"ImageObject","inLanguage":"es-AR","@id":"https:\/\/www.fcejs.unsl.edu.ar\/#\/schema\/logo\/image\/","url":"https:\/\/www.fcejs.unsl.edu.ar\/wp-content\/uploads\/2021\/03\/logo-1.jpg","contentUrl":"https:\/\/www.fcejs.unsl.edu.ar\/wp-content\/uploads\/2021\/03\/logo-1.jpg","width":471,"height":146,"caption":"Facultad de Ciencias Econ\u00f3micas, Jur\u00eddicas y Sociales"},"image":{"@id":"https:\/\/www.fcejs.unsl.edu.ar\/#\/schema\/logo\/image\/"},"sameAs":["https:\/\/www.facebook.com\/FCEJS.UNSL\/","https:\/\/x.com\/FCEJSUNSL","https:\/\/www.instagram.com\/fcejs.unsl\/","https:\/\/www.youtube.com\/channel\/UCH-Ut6EaN_X5ogjIQMPe46g\/"]},{"@type":"Person","@id":"https:\/\/www.fcejs.unsl.edu.ar\/#\/schema\/person\/352ee6ed90c3f394c7cb5945f8956d34","name":"DATI"}]}},"jetpack_featured_media_url":"https:\/\/www.fcejs.unsl.edu.ar\/wp-content\/uploads\/2021\/10\/1.jpeg","_links":{"self":[{"href":"https:\/\/www.fcejs.unsl.edu.ar\/index.php\/wp-json\/wp\/v2\/posts\/5815","targetHints":{"allow":["GET"]}}],"collection":[{"href":"https:\/\/www.fcejs.unsl.edu.ar\/index.php\/wp-json\/wp\/v2\/posts"}],"about":[{"href":"https:\/\/www.fcejs.unsl.edu.ar\/index.php\/wp-json\/wp\/v2\/types\/post"}],"author":[{"embeddable":true,"href":"https:\/\/www.fcejs.unsl.edu.ar\/index.php\/wp-json\/wp\/v2\/users\/9"}],"replies":[{"embeddable":true,"href":"https:\/\/www.fcejs.unsl.edu.ar\/index.php\/wp-json\/wp\/v2\/comments?post=5815"}],"version-history":[{"count":1,"href":"https:\/\/www.fcejs.unsl.edu.ar\/index.php\/wp-json\/wp\/v2\/posts\/5815\/revisions"}],"predecessor-version":[{"id":5817,"href":"https:\/\/www.fcejs.unsl.edu.ar\/index.php\/wp-json\/wp\/v2\/posts\/5815\/revisions\/5817"}],"wp:featuredmedia":[{"embeddable":true,"href":"https:\/\/www.fcejs.unsl.edu.ar\/index.php\/wp-json\/wp\/v2\/media\/5816"}],"wp:attachment":[{"href":"https:\/\/www.fcejs.unsl.edu.ar\/index.php\/wp-json\/wp\/v2\/media?parent=5815"}],"wp:term":[{"taxonomy":"category","embeddable":true,"href":"https:\/\/www.fcejs.unsl.edu.ar\/index.php\/wp-json\/wp\/v2\/categories?post=5815"},{"taxonomy":"post_tag","embeddable":true,"href":"https:\/\/www.fcejs.unsl.edu.ar\/index.php\/wp-json\/wp\/v2\/tags?post=5815"}],"curies":[{"name":"wp","href":"https:\/\/api.w.org\/{rel}","templated":true}]}}