{"id":5786,"date":"2021-10-21T10:24:16","date_gmt":"2021-10-21T13:24:16","guid":{"rendered":"http:\/\/10.101.10.197\/www\/?p=5786"},"modified":"2021-11-16T08:43:29","modified_gmt":"2021-11-16T11:43:29","slug":"vii-encuentro-de-intercambio-e-inclusion-universidad-discapacidad-derechos","status":"publish","type":"post","link":"https:\/\/www.fcejs.unsl.edu.ar\/index.php\/vii-encuentro-de-intercambio-e-inclusion-universidad-discapacidad-derechos\/","title":{"rendered":"VII Encuentro de Intercambio e Inclusi\u00f3n: Universidad, Discapacidad, Derechos"},"content":{"rendered":"<p>La Secretar\u00eda de Extensi\u00f3n Universitaria informa que, desde el 25 hasta el 29 de octubre de 2021, se desarrollar\u00e1 de manera presencial y virtual, el \u201cVII Encuentro de Intercambio e Inclusi\u00f3n: Universidad, Discapacidad, Derechos\u201d.<br \/>\nEl acto de apertura se llevar\u00e1 a cabo de forma presencial y a trav\u00e9s del canal de YouTube, a partir de las 17 horas en el Instituto Escuela de Econom\u00eda, Negocios y Transferencia Tecnol\u00f3gica sito en Pescadores N\u00ba 314. Aquellos interesados en participar en la nueva edici\u00f3n, deben inscribirse en el siguiente formulario:<\/p>\n<h4 style=\"text-align: center;\"><strong><a href=\"https:\/\/docs.google.com\/forms\/d\/e\/1FAIpQLScCzgx8pdkaQVNPRCoYVqcl8PeqjTIZgglNukr5-o37q-mOWw\/viewform?usp=sf_link\" target=\"_blank\" rel=\"noopener\">FORMULARIO DE INSCRIPCI\u00d3N<\/a><\/strong><\/h4>\n<p>La FCEJS desde la Secretar\u00eda de Extensi\u00f3n Universitaria, conjuntamente con organizaciones e instituciones del medio que trabajan por la efectivizaci\u00f3n de derechos de las personas con discapacidad, desde hace siete a\u00f1os desarrollan Encuentros en donde se debate y reflexiona en tem\u00e1ticas vinculadas a la discapacidad.<\/p>\n<p>Estos encuentros, tienen la particularidad de ser anuales, de reflexi\u00f3n y sensibilizaci\u00f3n, a partir de instancias de formaci\u00f3n\/capacitaci\u00f3n, deporte, arte, m\u00fasica y recreaci\u00f3n entre los referentes y las PcD, sus familias, representantes de organizaciones de la sociedad civil y gubernamentales y la comunidad universitaria (docentes, graduadxs, personal de apoyo a la docencia y estudiantes).<\/p>\n<p>Desde una dimensi\u00f3n institucional y territorial, estos actores sociales se proponen la defensa de los derechos de las personas con discapacidad, construyendo lazos sociales que garanticen escenarios de plena participaci\u00f3n e incidencia en el plano de las pol\u00edticas p\u00fablicas vigentes.<\/p>\n<p>Tiene como objetivos fortalecer el entramado socio-institucional con representantes locales, instalando problem\u00e1ticas sociales, espec\u00edficamente de la discapacidad, como generadoras del \u201cpensar y hacer\u201d; construir espacios de di\u00e1logos interinstitucionales que aporten a la constituci\u00f3n de redes sociales perdurables en el tiempo y generar Espacios de construcci\u00f3n colectiva de reflexi\u00f3n y sensibilizaci\u00f3n acerca de tem\u00e1ticas que refieren a la Discapacidad desde el enfoque de Derechos Humanos.<\/p>\n<p><strong>PROGRAMA<\/strong><\/p>\n<p><strong>D\u00cdA LUNES 25 DE OCTUBRE 17 H. <\/strong>Lugar: Instituto Escuela de Econom\u00eda, Negocios y Transferencia Tecnol\u00f3gica (Pescadores 314). Actividad presencial y virtual transmitida por el canal de la FCEJS en YouTube.<\/p>\n<ul>\n<li>Apertura: (presencial y a trav\u00e9s del canal de youtube)<\/li>\n<li>Muestra art\u00edstica de danza \u201cBailemos todxs Responsable:\u201d Academia Fuente de Luz Prof. Luciana Laconcha<\/li>\n<li>Presentaci\u00f3n del video \u201cUn d\u00eda dentro de la organizaci\u00f3n-Responsable Amuyen\u201d<\/li>\n<li>Presentaci\u00f3n de la Muestra: \u201cDesde nuestra palabra\u201d Formato de libro activo. Responsable: Ing Ariel Savini- FCEJS-UNSL<\/li>\n<li>Conversatorio: \u201cAspectos a tener en cuenta para la accesibilidad de las personas no videntes o con disminuci\u00f3n visual\u201d. Responsable: Fernanda Galv\u00e1n. Asociaci\u00f3n Elefante<\/li>\n<\/ul>\n<p><iframe title=\"7mo Encuentro de Intercambio e Inclusi\u00f3n. UNIVERSIDAD - DISCAPACIDAD - DERECHOS - DIA 1\" width=\"843\" height=\"474\" src=\"https:\/\/www.youtube.com\/embed\/DaPX4tOsQKA?feature=oembed\" frameborder=\"0\" allow=\"accelerometer; autoplay; clipboard-write; encrypted-media; gyroscope; picture-in-picture\" allowfullscreen><\/iframe><\/p>\n<p><strong>D\u00cdA MARTES 26 DE OCTUBRE 18 H.\u00a0<\/strong><\/p>\n<p>Actividad virtual, transmitida por el canal de la FCEJS en YouTube.<\/p>\n<ul>\n<li>Conferencia: &#8221; Construir escuelas para todxs&#8221;. Responsable: Mgtr. Silvia Bersanelli. Organiza: Escuela Especial N\u00b0 6 Doctora Mar\u00eda Montessori<\/li>\n<\/ul>\n<p><iframe title=\"7mo Encuentro de Intercambio e Inclusi\u00f3n. UNIVERSIDAD - DISCAPACIDAD - DERECHOS - DIA 2\" width=\"843\" height=\"474\" src=\"https:\/\/www.youtube.com\/embed\/H587u-2gjSw?feature=oembed\" frameborder=\"0\" allow=\"accelerometer; autoplay; clipboard-write; encrypted-media; gyroscope; picture-in-picture\" allowfullscreen><\/iframe><\/p>\n<p><strong>D\u00cdA MI\u00c9RCOLES 27 DE OCTUBRE, 18 H.<\/strong> Lugar: Instituto Escuela de Econom\u00eda, Negocios y Transferencia Tecnol\u00f3gica (Pescadores 314). Actividad presencial y virtual transmitida por el canal de la FCEJS en YouTube.<\/p>\n<ul>\n<li>Charla- Taller Modificaci\u00f3n de la Ley Nacional 26130 &#8211; &#8221; Basta de esterilizaciones forzosas&#8221;. Responsables: Esp. Mar\u00eda Cristina Galetto, Prof. Fernanda Marcela Abalos, Abg. Natalia Ver\u00f3nica Gim\u00e9nez y Lic. Fernanda Sor\u00fa<br \/>\nPrograma ConDerechos. Fundaci\u00f3n Despejarte<br \/>\nDestinatarixs: profesionales de la salud, justicia, dirigencia pol\u00edtica, familias y p\u00fablico general<\/li>\n<li>Charla: Aproximaci\u00f3n a la realidad de la persona con discapacidad visual. Consultorios profesionales Elefante. Responsable: Prof. Fernanda Galv\u00e1n. Asociaci\u00f3n Elefante<\/li>\n<\/ul>\n<p><iframe title=\"7mo Encuentro de Intercambio e Inclusi\u00f3n. UNIVERSIDAD - DISCAPACIDAD - DERECHOS - DIA 3\" width=\"843\" height=\"474\" src=\"https:\/\/www.youtube.com\/embed\/jNjKPWuw4h0?feature=oembed\" frameborder=\"0\" allow=\"accelerometer; autoplay; clipboard-write; encrypted-media; gyroscope; picture-in-picture\" allowfullscreen><\/iframe><\/p>\n<p>&nbsp;<\/p>\n<p><b>D\u00cdA<\/b><strong>\u00a0JUEVES 28 DE OCTUBRE, 18 H.<\/strong> Lugar: Instituto Escuela de Econom\u00eda, Negocios y Transferencia Tecnol\u00f3gica (Pescadores 314). Actividad presencial y virtual transmitida por el canal de la FCEJS en YouTube.<\/p>\n<p>Temas: Par\u00e1lisis cerebral beneficios de la educaci\u00f3n para mejorar la calidad de vida y retrasar la p\u00e9rdida de movimientos. Discapacidad motriz y la actividad f\u00edsica. Discapacidad intelectual y actividad f\u00edsica.<\/p>\n<ul>\n<li>Conferencia a cargo del Profesorado de Educaci\u00f3n F\u00edsica ICAEF.<br \/>\nResponsable: Profesor Marcos Dom\u00ednguez<\/li>\n<\/ul>\n<p><iframe title=\"7mo Encuentro de Intercambio e Inclusi\u00f3n. UNIVERSIDAD - DISCAPACIDAD - DERECHOS - DIA 4\" width=\"843\" height=\"474\" src=\"https:\/\/www.youtube.com\/embed\/KGOq_mzD7d0?feature=oembed\" frameborder=\"0\" allow=\"accelerometer; autoplay; clipboard-write; encrypted-media; gyroscope; picture-in-picture\" allowfullscreen><\/iframe><\/p>\n<p>&nbsp;<\/p>\n<p><b>D\u00cdA<\/b><strong>\u00a0VIERNES 29 DE OCTUBRE DE, 10 A 13 H.<\/strong> Actividad solamente presencial: Club Universitario. Las Heras 116.<\/p>\n<ul>\n<li>Realizaci\u00f3n de juegos recreativos e integradores en el Club Universitario.\u00a0Orientado a personas con discapacidad.\u00a0Responsables: Prof. Cesar Contreras y Prof. Luciana Laconcha. SAEBU y Fuente de Luz<\/li>\n<\/ul>\n<p>&nbsp;<\/p>\n","protected":false},"excerpt":{"rendered":"<p>La Secretar\u00eda de Extensi\u00f3n Universitaria informa que, desde el 25 hasta el 29 de octubre de 2021, se desarrollar\u00e1 de manera presencial y virtual, el&hellip;<\/p>\n","protected":false},"author":9,"featured_media":5789,"comment_status":"closed","ping_status":"closed","sticky":false,"template":"","format":"standard","meta":{"om_disable_all_campaigns":false,"_monsterinsights_skip_tracking":false,"_monsterinsights_sitenote_active":false,"_monsterinsights_sitenote_note":"","_monsterinsights_sitenote_category":0,"footnotes":""},"categories":[21],"tags":[],"class_list":["post-5786","post","type-post","status-publish","format-standard","has-post-thumbnail","hentry","category-archivadas"],"yoast_head":"<!-- This site is optimized with the Yoast SEO plugin v27.4 - https:\/\/yoast.com\/product\/yoast-seo-wordpress\/ -->\n<title>VII Encuentro de Intercambio e Inclusi\u00f3n: Universidad, Discapacidad, Derechos - Facultad de Ciencias Econ\u00f3micas, Jur\u00ed\u00addicas y Sociales<\/title>\n<meta name=\"robots\" content=\"index, follow, max-snippet:-1, max-image-preview:large, max-video-preview:-1\" \/>\n<link rel=\"canonical\" href=\"https:\/\/www.fcejs.unsl.edu.ar\/index.php\/vii-encuentro-de-intercambio-e-inclusion-universidad-discapacidad-derechos\/\" \/>\n<meta property=\"og:locale\" content=\"es_ES\" \/>\n<meta property=\"og:type\" content=\"article\" \/>\n<meta property=\"og:title\" content=\"VII Encuentro de Intercambio e Inclusi\u00f3n: Universidad, Discapacidad, Derechos - Facultad de Ciencias Econ\u00f3micas, Jur\u00ed\u00addicas y Sociales\" \/>\n<meta property=\"og:description\" content=\"La Secretar\u00eda de Extensi\u00f3n Universitaria informa que, desde el 25 hasta el 29 de octubre de 2021, se desarrollar\u00e1 de manera presencial y virtual, el&hellip;\" \/>\n<meta property=\"og:url\" content=\"https:\/\/www.fcejs.unsl.edu.ar\/index.php\/vii-encuentro-de-intercambio-e-inclusion-universidad-discapacidad-derechos\/\" \/>\n<meta property=\"og:site_name\" content=\"Facultad de Ciencias Econ\u00f3micas, Jur\u00ed\u00addicas y Sociales\" \/>\n<meta property=\"article:publisher\" content=\"https:\/\/www.facebook.com\/FCEJS.UNSL\/\" \/>\n<meta property=\"article:published_time\" content=\"2021-10-21T13:24:16+00:00\" \/>\n<meta property=\"article:modified_time\" content=\"2021-11-16T11:43:29+00:00\" \/>\n<meta property=\"og:image\" content=\"https:\/\/www.fcejs.unsl.edu.ar\/wp-content\/uploads\/2021\/10\/FLYER-7MO_EIIUDD-up.jpg\" \/>\n\t<meta property=\"og:image:width\" content=\"1152\" \/>\n\t<meta property=\"og:image:height\" content=\"647\" \/>\n\t<meta property=\"og:image:type\" content=\"image\/jpeg\" \/>\n<meta name=\"author\" content=\"DATI\" \/>\n<meta name=\"twitter:card\" content=\"summary_large_image\" \/>\n<meta name=\"twitter:creator\" content=\"@FCEJSUNSL\" \/>\n<meta name=\"twitter:site\" content=\"@FCEJSUNSL\" \/>\n<meta name=\"twitter:label1\" content=\"Escrito por\" \/>\n\t<meta name=\"twitter:data1\" content=\"DATI\" \/>\n\t<meta name=\"twitter:label2\" content=\"Tiempo de lectura\" \/>\n\t<meta name=\"twitter:data2\" content=\"3 minutos\" \/>\n<script type=\"application\/ld+json\" class=\"yoast-schema-graph\">{\"@context\":\"https:\\\/\\\/schema.org\",\"@graph\":[{\"@type\":\"Article\",\"@id\":\"https:\\\/\\\/www.fcejs.unsl.edu.ar\\\/index.php\\\/vii-encuentro-de-intercambio-e-inclusion-universidad-discapacidad-derechos\\\/#article\",\"isPartOf\":{\"@id\":\"https:\\\/\\\/www.fcejs.unsl.edu.ar\\\/index.php\\\/vii-encuentro-de-intercambio-e-inclusion-universidad-discapacidad-derechos\\\/\"},\"author\":{\"name\":\"DATI\",\"@id\":\"https:\\\/\\\/www.fcejs.unsl.edu.ar\\\/#\\\/schema\\\/person\\\/352ee6ed90c3f394c7cb5945f8956d34\"},\"headline\":\"VII Encuentro de Intercambio e Inclusi\u00f3n: Universidad, Discapacidad, Derechos\",\"datePublished\":\"2021-10-21T13:24:16+00:00\",\"dateModified\":\"2021-11-16T11:43:29+00:00\",\"mainEntityOfPage\":{\"@id\":\"https:\\\/\\\/www.fcejs.unsl.edu.ar\\\/index.php\\\/vii-encuentro-de-intercambio-e-inclusion-universidad-discapacidad-derechos\\\/\"},\"wordCount\":755,\"publisher\":{\"@id\":\"https:\\\/\\\/www.fcejs.unsl.edu.ar\\\/#organization\"},\"image\":{\"@id\":\"https:\\\/\\\/www.fcejs.unsl.edu.ar\\\/index.php\\\/vii-encuentro-de-intercambio-e-inclusion-universidad-discapacidad-derechos\\\/#primaryimage\"},\"thumbnailUrl\":\"https:\\\/\\\/www.fcejs.unsl.edu.ar\\\/wp-content\\\/uploads\\\/2021\\\/10\\\/FLYER-7MO_EIIUDD-up.jpg\",\"articleSection\":[\"Archivadas\"],\"inLanguage\":\"es-AR\"},{\"@type\":\"WebPage\",\"@id\":\"https:\\\/\\\/www.fcejs.unsl.edu.ar\\\/index.php\\\/vii-encuentro-de-intercambio-e-inclusion-universidad-discapacidad-derechos\\\/\",\"url\":\"https:\\\/\\\/www.fcejs.unsl.edu.ar\\\/index.php\\\/vii-encuentro-de-intercambio-e-inclusion-universidad-discapacidad-derechos\\\/\",\"name\":\"VII Encuentro de Intercambio e Inclusi\u00f3n: Universidad, Discapacidad, Derechos - Facultad de Ciencias Econ\u00f3micas, Jur\u00ed\u00addicas y Sociales\",\"isPartOf\":{\"@id\":\"https:\\\/\\\/www.fcejs.unsl.edu.ar\\\/#website\"},\"primaryImageOfPage\":{\"@id\":\"https:\\\/\\\/www.fcejs.unsl.edu.ar\\\/index.php\\\/vii-encuentro-de-intercambio-e-inclusion-universidad-discapacidad-derechos\\\/#primaryimage\"},\"image\":{\"@id\":\"https:\\\/\\\/www.fcejs.unsl.edu.ar\\\/index.php\\\/vii-encuentro-de-intercambio-e-inclusion-universidad-discapacidad-derechos\\\/#primaryimage\"},\"thumbnailUrl\":\"https:\\\/\\\/www.fcejs.unsl.edu.ar\\\/wp-content\\\/uploads\\\/2021\\\/10\\\/FLYER-7MO_EIIUDD-up.jpg\",\"datePublished\":\"2021-10-21T13:24:16+00:00\",\"dateModified\":\"2021-11-16T11:43:29+00:00\",\"breadcrumb\":{\"@id\":\"https:\\\/\\\/www.fcejs.unsl.edu.ar\\\/index.php\\\/vii-encuentro-de-intercambio-e-inclusion-universidad-discapacidad-derechos\\\/#breadcrumb\"},\"inLanguage\":\"es-AR\",\"potentialAction\":[{\"@type\":\"ReadAction\",\"target\":[\"https:\\\/\\\/www.fcejs.unsl.edu.ar\\\/index.php\\\/vii-encuentro-de-intercambio-e-inclusion-universidad-discapacidad-derechos\\\/\"]}]},{\"@type\":\"ImageObject\",\"inLanguage\":\"es-AR\",\"@id\":\"https:\\\/\\\/www.fcejs.unsl.edu.ar\\\/index.php\\\/vii-encuentro-de-intercambio-e-inclusion-universidad-discapacidad-derechos\\\/#primaryimage\",\"url\":\"https:\\\/\\\/www.fcejs.unsl.edu.ar\\\/wp-content\\\/uploads\\\/2021\\\/10\\\/FLYER-7MO_EIIUDD-up.jpg\",\"contentUrl\":\"https:\\\/\\\/www.fcejs.unsl.edu.ar\\\/wp-content\\\/uploads\\\/2021\\\/10\\\/FLYER-7MO_EIIUDD-up.jpg\",\"width\":1152,\"height\":647},{\"@type\":\"BreadcrumbList\",\"@id\":\"https:\\\/\\\/www.fcejs.unsl.edu.ar\\\/index.php\\\/vii-encuentro-de-intercambio-e-inclusion-universidad-discapacidad-derechos\\\/#breadcrumb\",\"itemListElement\":[{\"@type\":\"ListItem\",\"position\":1,\"name\":\"Inicio\",\"item\":\"https:\\\/\\\/www.fcejs.unsl.edu.ar\\\/\"},{\"@type\":\"ListItem\",\"position\":2,\"name\":\"VII Encuentro de Intercambio e Inclusi\u00f3n: Universidad, Discapacidad, Derechos\"}]},{\"@type\":\"WebSite\",\"@id\":\"https:\\\/\\\/www.fcejs.unsl.edu.ar\\\/#website\",\"url\":\"https:\\\/\\\/www.fcejs.unsl.edu.ar\\\/\",\"name\":\"Facultad de Ciencias Econ\u00f3micas, Jur\u00ed\u00addicas y Sociales\",\"description\":\"\",\"publisher\":{\"@id\":\"https:\\\/\\\/www.fcejs.unsl.edu.ar\\\/#organization\"},\"potentialAction\":[{\"@type\":\"SearchAction\",\"target\":{\"@type\":\"EntryPoint\",\"urlTemplate\":\"https:\\\/\\\/www.fcejs.unsl.edu.ar\\\/?s={search_term_string}\"},\"query-input\":{\"@type\":\"PropertyValueSpecification\",\"valueRequired\":true,\"valueName\":\"search_term_string\"}}],\"inLanguage\":\"es-AR\"},{\"@type\":\"Organization\",\"@id\":\"https:\\\/\\\/www.fcejs.unsl.edu.ar\\\/#organization\",\"name\":\"Facultad de Ciencias Econ\u00f3micas, Jur\u00eddicas y Sociales\",\"url\":\"https:\\\/\\\/www.fcejs.unsl.edu.ar\\\/\",\"logo\":{\"@type\":\"ImageObject\",\"inLanguage\":\"es-AR\",\"@id\":\"https:\\\/\\\/www.fcejs.unsl.edu.ar\\\/#\\\/schema\\\/logo\\\/image\\\/\",\"url\":\"https:\\\/\\\/www.fcejs.unsl.edu.ar\\\/wp-content\\\/uploads\\\/2021\\\/03\\\/logo-1.jpg\",\"contentUrl\":\"https:\\\/\\\/www.fcejs.unsl.edu.ar\\\/wp-content\\\/uploads\\\/2021\\\/03\\\/logo-1.jpg\",\"width\":471,\"height\":146,\"caption\":\"Facultad de Ciencias Econ\u00f3micas, Jur\u00eddicas y Sociales\"},\"image\":{\"@id\":\"https:\\\/\\\/www.fcejs.unsl.edu.ar\\\/#\\\/schema\\\/logo\\\/image\\\/\"},\"sameAs\":[\"https:\\\/\\\/www.facebook.com\\\/FCEJS.UNSL\\\/\",\"https:\\\/\\\/x.com\\\/FCEJSUNSL\",\"https:\\\/\\\/www.instagram.com\\\/fcejs.unsl\\\/\",\"https:\\\/\\\/www.youtube.com\\\/channel\\\/UCH-Ut6EaN_X5ogjIQMPe46g\\\/\"]},{\"@type\":\"Person\",\"@id\":\"https:\\\/\\\/www.fcejs.unsl.edu.ar\\\/#\\\/schema\\\/person\\\/352ee6ed90c3f394c7cb5945f8956d34\",\"name\":\"DATI\"}]}<\/script>\n<!-- \/ Yoast SEO plugin. -->","yoast_head_json":{"title":"VII Encuentro de Intercambio e Inclusi\u00f3n: Universidad, Discapacidad, Derechos - Facultad de Ciencias Econ\u00f3micas, Jur\u00ed\u00addicas y Sociales","robots":{"index":"index","follow":"follow","max-snippet":"max-snippet:-1","max-image-preview":"max-image-preview:large","max-video-preview":"max-video-preview:-1"},"canonical":"https:\/\/www.fcejs.unsl.edu.ar\/index.php\/vii-encuentro-de-intercambio-e-inclusion-universidad-discapacidad-derechos\/","og_locale":"es_ES","og_type":"article","og_title":"VII Encuentro de Intercambio e Inclusi\u00f3n: Universidad, Discapacidad, Derechos - Facultad de Ciencias Econ\u00f3micas, Jur\u00ed\u00addicas y Sociales","og_description":"La Secretar\u00eda de Extensi\u00f3n Universitaria informa que, desde el 25 hasta el 29 de octubre de 2021, se desarrollar\u00e1 de manera presencial y virtual, el&hellip;","og_url":"https:\/\/www.fcejs.unsl.edu.ar\/index.php\/vii-encuentro-de-intercambio-e-inclusion-universidad-discapacidad-derechos\/","og_site_name":"Facultad de Ciencias Econ\u00f3micas, Jur\u00ed\u00addicas y Sociales","article_publisher":"https:\/\/www.facebook.com\/FCEJS.UNSL\/","article_published_time":"2021-10-21T13:24:16+00:00","article_modified_time":"2021-11-16T11:43:29+00:00","og_image":[{"width":1152,"height":647,"url":"https:\/\/www.fcejs.unsl.edu.ar\/wp-content\/uploads\/2021\/10\/FLYER-7MO_EIIUDD-up.jpg","type":"image\/jpeg"}],"author":"DATI","twitter_card":"summary_large_image","twitter_creator":"@FCEJSUNSL","twitter_site":"@FCEJSUNSL","twitter_misc":{"Escrito por":"DATI","Tiempo de lectura":"3 minutos"},"schema":{"@context":"https:\/\/schema.org","@graph":[{"@type":"Article","@id":"https:\/\/www.fcejs.unsl.edu.ar\/index.php\/vii-encuentro-de-intercambio-e-inclusion-universidad-discapacidad-derechos\/#article","isPartOf":{"@id":"https:\/\/www.fcejs.unsl.edu.ar\/index.php\/vii-encuentro-de-intercambio-e-inclusion-universidad-discapacidad-derechos\/"},"author":{"name":"DATI","@id":"https:\/\/www.fcejs.unsl.edu.ar\/#\/schema\/person\/352ee6ed90c3f394c7cb5945f8956d34"},"headline":"VII Encuentro de Intercambio e Inclusi\u00f3n: Universidad, Discapacidad, Derechos","datePublished":"2021-10-21T13:24:16+00:00","dateModified":"2021-11-16T11:43:29+00:00","mainEntityOfPage":{"@id":"https:\/\/www.fcejs.unsl.edu.ar\/index.php\/vii-encuentro-de-intercambio-e-inclusion-universidad-discapacidad-derechos\/"},"wordCount":755,"publisher":{"@id":"https:\/\/www.fcejs.unsl.edu.ar\/#organization"},"image":{"@id":"https:\/\/www.fcejs.unsl.edu.ar\/index.php\/vii-encuentro-de-intercambio-e-inclusion-universidad-discapacidad-derechos\/#primaryimage"},"thumbnailUrl":"https:\/\/www.fcejs.unsl.edu.ar\/wp-content\/uploads\/2021\/10\/FLYER-7MO_EIIUDD-up.jpg","articleSection":["Archivadas"],"inLanguage":"es-AR"},{"@type":"WebPage","@id":"https:\/\/www.fcejs.unsl.edu.ar\/index.php\/vii-encuentro-de-intercambio-e-inclusion-universidad-discapacidad-derechos\/","url":"https:\/\/www.fcejs.unsl.edu.ar\/index.php\/vii-encuentro-de-intercambio-e-inclusion-universidad-discapacidad-derechos\/","name":"VII Encuentro de Intercambio e Inclusi\u00f3n: Universidad, Discapacidad, Derechos - Facultad de Ciencias Econ\u00f3micas, Jur\u00ed\u00addicas y Sociales","isPartOf":{"@id":"https:\/\/www.fcejs.unsl.edu.ar\/#website"},"primaryImageOfPage":{"@id":"https:\/\/www.fcejs.unsl.edu.ar\/index.php\/vii-encuentro-de-intercambio-e-inclusion-universidad-discapacidad-derechos\/#primaryimage"},"image":{"@id":"https:\/\/www.fcejs.unsl.edu.ar\/index.php\/vii-encuentro-de-intercambio-e-inclusion-universidad-discapacidad-derechos\/#primaryimage"},"thumbnailUrl":"https:\/\/www.fcejs.unsl.edu.ar\/wp-content\/uploads\/2021\/10\/FLYER-7MO_EIIUDD-up.jpg","datePublished":"2021-10-21T13:24:16+00:00","dateModified":"2021-11-16T11:43:29+00:00","breadcrumb":{"@id":"https:\/\/www.fcejs.unsl.edu.ar\/index.php\/vii-encuentro-de-intercambio-e-inclusion-universidad-discapacidad-derechos\/#breadcrumb"},"inLanguage":"es-AR","potentialAction":[{"@type":"ReadAction","target":["https:\/\/www.fcejs.unsl.edu.ar\/index.php\/vii-encuentro-de-intercambio-e-inclusion-universidad-discapacidad-derechos\/"]}]},{"@type":"ImageObject","inLanguage":"es-AR","@id":"https:\/\/www.fcejs.unsl.edu.ar\/index.php\/vii-encuentro-de-intercambio-e-inclusion-universidad-discapacidad-derechos\/#primaryimage","url":"https:\/\/www.fcejs.unsl.edu.ar\/wp-content\/uploads\/2021\/10\/FLYER-7MO_EIIUDD-up.jpg","contentUrl":"https:\/\/www.fcejs.unsl.edu.ar\/wp-content\/uploads\/2021\/10\/FLYER-7MO_EIIUDD-up.jpg","width":1152,"height":647},{"@type":"BreadcrumbList","@id":"https:\/\/www.fcejs.unsl.edu.ar\/index.php\/vii-encuentro-de-intercambio-e-inclusion-universidad-discapacidad-derechos\/#breadcrumb","itemListElement":[{"@type":"ListItem","position":1,"name":"Inicio","item":"https:\/\/www.fcejs.unsl.edu.ar\/"},{"@type":"ListItem","position":2,"name":"VII Encuentro de Intercambio e Inclusi\u00f3n: Universidad, Discapacidad, Derechos"}]},{"@type":"WebSite","@id":"https:\/\/www.fcejs.unsl.edu.ar\/#website","url":"https:\/\/www.fcejs.unsl.edu.ar\/","name":"Facultad de Ciencias Econ\u00f3micas, Jur\u00ed\u00addicas y Sociales","description":"","publisher":{"@id":"https:\/\/www.fcejs.unsl.edu.ar\/#organization"},"potentialAction":[{"@type":"SearchAction","target":{"@type":"EntryPoint","urlTemplate":"https:\/\/www.fcejs.unsl.edu.ar\/?s={search_term_string}"},"query-input":{"@type":"PropertyValueSpecification","valueRequired":true,"valueName":"search_term_string"}}],"inLanguage":"es-AR"},{"@type":"Organization","@id":"https:\/\/www.fcejs.unsl.edu.ar\/#organization","name":"Facultad de Ciencias Econ\u00f3micas, Jur\u00eddicas y Sociales","url":"https:\/\/www.fcejs.unsl.edu.ar\/","logo":{"@type":"ImageObject","inLanguage":"es-AR","@id":"https:\/\/www.fcejs.unsl.edu.ar\/#\/schema\/logo\/image\/","url":"https:\/\/www.fcejs.unsl.edu.ar\/wp-content\/uploads\/2021\/03\/logo-1.jpg","contentUrl":"https:\/\/www.fcejs.unsl.edu.ar\/wp-content\/uploads\/2021\/03\/logo-1.jpg","width":471,"height":146,"caption":"Facultad de Ciencias Econ\u00f3micas, Jur\u00eddicas y Sociales"},"image":{"@id":"https:\/\/www.fcejs.unsl.edu.ar\/#\/schema\/logo\/image\/"},"sameAs":["https:\/\/www.facebook.com\/FCEJS.UNSL\/","https:\/\/x.com\/FCEJSUNSL","https:\/\/www.instagram.com\/fcejs.unsl\/","https:\/\/www.youtube.com\/channel\/UCH-Ut6EaN_X5ogjIQMPe46g\/"]},{"@type":"Person","@id":"https:\/\/www.fcejs.unsl.edu.ar\/#\/schema\/person\/352ee6ed90c3f394c7cb5945f8956d34","name":"DATI"}]}},"jetpack_featured_media_url":"https:\/\/www.fcejs.unsl.edu.ar\/wp-content\/uploads\/2021\/10\/FLYER-7MO_EIIUDD-up.jpg","_links":{"self":[{"href":"https:\/\/www.fcejs.unsl.edu.ar\/index.php\/wp-json\/wp\/v2\/posts\/5786","targetHints":{"allow":["GET"]}}],"collection":[{"href":"https:\/\/www.fcejs.unsl.edu.ar\/index.php\/wp-json\/wp\/v2\/posts"}],"about":[{"href":"https:\/\/www.fcejs.unsl.edu.ar\/index.php\/wp-json\/wp\/v2\/types\/post"}],"author":[{"embeddable":true,"href":"https:\/\/www.fcejs.unsl.edu.ar\/index.php\/wp-json\/wp\/v2\/users\/9"}],"replies":[{"embeddable":true,"href":"https:\/\/www.fcejs.unsl.edu.ar\/index.php\/wp-json\/wp\/v2\/comments?post=5786"}],"version-history":[{"count":7,"href":"https:\/\/www.fcejs.unsl.edu.ar\/index.php\/wp-json\/wp\/v2\/posts\/5786\/revisions"}],"predecessor-version":[{"id":5929,"href":"https:\/\/www.fcejs.unsl.edu.ar\/index.php\/wp-json\/wp\/v2\/posts\/5786\/revisions\/5929"}],"wp:featuredmedia":[{"embeddable":true,"href":"https:\/\/www.fcejs.unsl.edu.ar\/index.php\/wp-json\/wp\/v2\/media\/5789"}],"wp:attachment":[{"href":"https:\/\/www.fcejs.unsl.edu.ar\/index.php\/wp-json\/wp\/v2\/media?parent=5786"}],"wp:term":[{"taxonomy":"category","embeddable":true,"href":"https:\/\/www.fcejs.unsl.edu.ar\/index.php\/wp-json\/wp\/v2\/categories?post=5786"},{"taxonomy":"post_tag","embeddable":true,"href":"https:\/\/www.fcejs.unsl.edu.ar\/index.php\/wp-json\/wp\/v2\/tags?post=5786"}],"curies":[{"name":"wp","href":"https:\/\/api.w.org\/{rel}","templated":true}]}}