{"id":5746,"date":"2021-10-18T09:35:16","date_gmt":"2021-10-18T12:35:16","guid":{"rendered":"http:\/\/10.101.10.197\/www\/?p=5746"},"modified":"2021-10-19T10:13:19","modified_gmt":"2021-10-19T13:13:19","slug":"ssaebu-capacitacion-sobre-tecnicas-de-reanimacion-cardiopulmonar","status":"publish","type":"post","link":"https:\/\/www.fcejs.unsl.edu.ar\/index.php\/ssaebu-capacitacion-sobre-tecnicas-de-reanimacion-cardiopulmonar\/","title":{"rendered":"SsAEBU: Capacitaci\u00f3n sobre t\u00e9cnicas de Reanimaci\u00f3n Cardiopulmonar"},"content":{"rendered":"<p>La Subsecretar\u00eda de Asuntos Estudiantiles y Bienestar Universitario (SsAEBU) informa que, en la ma\u00f1ana del viernes 15 de octubre de 2021, en las instalaciones del Club Lafinur (Las Heras 116) se realiz\u00f3 el Curso Taller de Reanimaci\u00f3n Cardiopulmonar (RCP), dictado por el Lic. Luciano De Vicente, docente de la Facultad de Ciencias de la Salud de la UNSL.<\/p>\n<p>La capacitaci\u00f3n tuvo como objetivo realizar una demostraci\u00f3n de deportes y ense\u00f1ar sobre la importancia de estar preparados\/as en el momento que sea necesario utilizar las t\u00e9cnicas b\u00e1sicas de reanimaci\u00f3n cardiopulmonar.<\/p>\n<p>En este espacio, el experto difundi\u00f3 su trabajo a trav\u00e9s de materiales sobre las t\u00e9cnicas manuales de reanimaci\u00f3n cardiopulmonar y la importancia de saber realizar las maniobras adecuadas para salvar una vida.<\/p>\n<p>La actividad fue destinada a todo el personal de la SsAEBU: Docentes del Dpto. de Educaci\u00f3n F\u00edsica y Deporte; personal Nodocente y Administrativo del Dpto. de Trabajo Social y del CUSE, representantes de la Residencia Universitaria y estudiantes becados que asisten a los docentes en sus pr\u00e1cticas.<img fetchpriority=\"high\" decoding=\"async\" class=\"aligncenter size-large wp-image-5747\" src=\"https:\/\/www.fcejs.unsl.edu.ar\/wp-content\/uploads\/2021\/10\/cpr-ssaebu-up-02-1024x575.jpg\" alt=\"\" width=\"843\" height=\"473\" srcset=\"https:\/\/www.fcejs.unsl.edu.ar\/wp-content\/uploads\/2021\/10\/cpr-ssaebu-up-02-1024x575.jpg 1024w, https:\/\/www.fcejs.unsl.edu.ar\/wp-content\/uploads\/2021\/10\/cpr-ssaebu-up-02-300x168.jpg 300w, https:\/\/www.fcejs.unsl.edu.ar\/wp-content\/uploads\/2021\/10\/cpr-ssaebu-up-02-768x431.jpg 768w, https:\/\/www.fcejs.unsl.edu.ar\/wp-content\/uploads\/2021\/10\/cpr-ssaebu-up-02.jpg 1152w\" sizes=\"(max-width: 843px) 100vw, 843px\" \/><\/p>\n<p>La actividad fue desarrollada en el marco de la Ley Nacional N\u00b0 26.835 y en la capacitaci\u00f3n que promueve la Federaci\u00f3n de Docentes de las Universidades (FEDUN). Fue organizada por el Departamento de Deporte y Recreaci\u00f3n.<\/p>\n","protected":false},"excerpt":{"rendered":"<p>La Subsecretar\u00eda de Asuntos Estudiantiles y Bienestar Universitario (SsAEBU) informa que, en la ma\u00f1ana del viernes 15 de octubre de 2021, en las instalaciones del&hellip;<\/p>\n","protected":false},"author":9,"featured_media":5748,"comment_status":"closed","ping_status":"closed","sticky":false,"template":"","format":"standard","meta":{"om_disable_all_campaigns":false,"_monsterinsights_skip_tracking":false,"_monsterinsights_sitenote_active":false,"_monsterinsights_sitenote_note":"","_monsterinsights_sitenote_category":0,"footnotes":""},"categories":[1],"tags":[],"class_list":["post-5746","post","type-post","status-publish","format-standard","has-post-thumbnail","hentry","category-noticias"],"yoast_head":"<!-- This site is optimized with the Yoast SEO plugin v27.4 - https:\/\/yoast.com\/product\/yoast-seo-wordpress\/ -->\n<title>SsAEBU: Capacitaci\u00f3n sobre t\u00e9cnicas de Reanimaci\u00f3n Cardiopulmonar - Facultad de Ciencias Econ\u00f3micas, Jur\u00ed\u00addicas y Sociales<\/title>\n<meta name=\"robots\" content=\"index, follow, max-snippet:-1, max-image-preview:large, max-video-preview:-1\" \/>\n<link rel=\"canonical\" href=\"https:\/\/www.fcejs.unsl.edu.ar\/index.php\/ssaebu-capacitacion-sobre-tecnicas-de-reanimacion-cardiopulmonar\/\" \/>\n<meta property=\"og:locale\" content=\"es_ES\" \/>\n<meta property=\"og:type\" content=\"article\" \/>\n<meta property=\"og:title\" content=\"SsAEBU: Capacitaci\u00f3n sobre t\u00e9cnicas de Reanimaci\u00f3n Cardiopulmonar - Facultad de Ciencias Econ\u00f3micas, Jur\u00ed\u00addicas y Sociales\" \/>\n<meta property=\"og:description\" content=\"La Subsecretar\u00eda de Asuntos Estudiantiles y Bienestar Universitario (SsAEBU) informa que, en la ma\u00f1ana del viernes 15 de octubre de 2021, en las instalaciones del&hellip;\" \/>\n<meta property=\"og:url\" content=\"https:\/\/www.fcejs.unsl.edu.ar\/index.php\/ssaebu-capacitacion-sobre-tecnicas-de-reanimacion-cardiopulmonar\/\" \/>\n<meta property=\"og:site_name\" content=\"Facultad de Ciencias Econ\u00f3micas, Jur\u00ed\u00addicas y Sociales\" \/>\n<meta property=\"article:publisher\" content=\"https:\/\/www.facebook.com\/FCEJS.UNSL\/\" \/>\n<meta property=\"article:published_time\" content=\"2021-10-18T12:35:16+00:00\" \/>\n<meta property=\"article:modified_time\" content=\"2021-10-19T13:13:19+00:00\" \/>\n<meta property=\"og:image\" content=\"https:\/\/www.fcejs.unsl.edu.ar\/wp-content\/uploads\/2021\/10\/cpr-ssaebu-up.jpg\" \/>\n\t<meta property=\"og:image:width\" content=\"1152\" \/>\n\t<meta property=\"og:image:height\" content=\"647\" \/>\n\t<meta property=\"og:image:type\" content=\"image\/jpeg\" \/>\n<meta name=\"author\" content=\"DATI\" \/>\n<meta name=\"twitter:card\" content=\"summary_large_image\" \/>\n<meta name=\"twitter:creator\" content=\"@FCEJSUNSL\" \/>\n<meta name=\"twitter:site\" content=\"@FCEJSUNSL\" \/>\n<meta name=\"twitter:label1\" content=\"Escrito por\" \/>\n\t<meta name=\"twitter:data1\" content=\"DATI\" \/>\n\t<meta name=\"twitter:label2\" content=\"Tiempo de lectura\" \/>\n\t<meta name=\"twitter:data2\" content=\"2 minutos\" \/>\n<script type=\"application\/ld+json\" class=\"yoast-schema-graph\">{\"@context\":\"https:\\\/\\\/schema.org\",\"@graph\":[{\"@type\":\"Article\",\"@id\":\"https:\\\/\\\/www.fcejs.unsl.edu.ar\\\/index.php\\\/ssaebu-capacitacion-sobre-tecnicas-de-reanimacion-cardiopulmonar\\\/#article\",\"isPartOf\":{\"@id\":\"https:\\\/\\\/www.fcejs.unsl.edu.ar\\\/index.php\\\/ssaebu-capacitacion-sobre-tecnicas-de-reanimacion-cardiopulmonar\\\/\"},\"author\":{\"name\":\"DATI\",\"@id\":\"https:\\\/\\\/www.fcejs.unsl.edu.ar\\\/#\\\/schema\\\/person\\\/352ee6ed90c3f394c7cb5945f8956d34\"},\"headline\":\"SsAEBU: Capacitaci\u00f3n sobre t\u00e9cnicas de Reanimaci\u00f3n Cardiopulmonar\",\"datePublished\":\"2021-10-18T12:35:16+00:00\",\"dateModified\":\"2021-10-19T13:13:19+00:00\",\"mainEntityOfPage\":{\"@id\":\"https:\\\/\\\/www.fcejs.unsl.edu.ar\\\/index.php\\\/ssaebu-capacitacion-sobre-tecnicas-de-reanimacion-cardiopulmonar\\\/\"},\"wordCount\":229,\"publisher\":{\"@id\":\"https:\\\/\\\/www.fcejs.unsl.edu.ar\\\/#organization\"},\"image\":{\"@id\":\"https:\\\/\\\/www.fcejs.unsl.edu.ar\\\/index.php\\\/ssaebu-capacitacion-sobre-tecnicas-de-reanimacion-cardiopulmonar\\\/#primaryimage\"},\"thumbnailUrl\":\"https:\\\/\\\/www.fcejs.unsl.edu.ar\\\/wp-content\\\/uploads\\\/2021\\\/10\\\/cpr-ssaebu-up.jpg\",\"articleSection\":[\"Noticias\"],\"inLanguage\":\"es-AR\"},{\"@type\":\"WebPage\",\"@id\":\"https:\\\/\\\/www.fcejs.unsl.edu.ar\\\/index.php\\\/ssaebu-capacitacion-sobre-tecnicas-de-reanimacion-cardiopulmonar\\\/\",\"url\":\"https:\\\/\\\/www.fcejs.unsl.edu.ar\\\/index.php\\\/ssaebu-capacitacion-sobre-tecnicas-de-reanimacion-cardiopulmonar\\\/\",\"name\":\"SsAEBU: Capacitaci\u00f3n sobre t\u00e9cnicas de Reanimaci\u00f3n Cardiopulmonar - Facultad de Ciencias Econ\u00f3micas, Jur\u00ed\u00addicas y Sociales\",\"isPartOf\":{\"@id\":\"https:\\\/\\\/www.fcejs.unsl.edu.ar\\\/#website\"},\"primaryImageOfPage\":{\"@id\":\"https:\\\/\\\/www.fcejs.unsl.edu.ar\\\/index.php\\\/ssaebu-capacitacion-sobre-tecnicas-de-reanimacion-cardiopulmonar\\\/#primaryimage\"},\"image\":{\"@id\":\"https:\\\/\\\/www.fcejs.unsl.edu.ar\\\/index.php\\\/ssaebu-capacitacion-sobre-tecnicas-de-reanimacion-cardiopulmonar\\\/#primaryimage\"},\"thumbnailUrl\":\"https:\\\/\\\/www.fcejs.unsl.edu.ar\\\/wp-content\\\/uploads\\\/2021\\\/10\\\/cpr-ssaebu-up.jpg\",\"datePublished\":\"2021-10-18T12:35:16+00:00\",\"dateModified\":\"2021-10-19T13:13:19+00:00\",\"breadcrumb\":{\"@id\":\"https:\\\/\\\/www.fcejs.unsl.edu.ar\\\/index.php\\\/ssaebu-capacitacion-sobre-tecnicas-de-reanimacion-cardiopulmonar\\\/#breadcrumb\"},\"inLanguage\":\"es-AR\",\"potentialAction\":[{\"@type\":\"ReadAction\",\"target\":[\"https:\\\/\\\/www.fcejs.unsl.edu.ar\\\/index.php\\\/ssaebu-capacitacion-sobre-tecnicas-de-reanimacion-cardiopulmonar\\\/\"]}]},{\"@type\":\"ImageObject\",\"inLanguage\":\"es-AR\",\"@id\":\"https:\\\/\\\/www.fcejs.unsl.edu.ar\\\/index.php\\\/ssaebu-capacitacion-sobre-tecnicas-de-reanimacion-cardiopulmonar\\\/#primaryimage\",\"url\":\"https:\\\/\\\/www.fcejs.unsl.edu.ar\\\/wp-content\\\/uploads\\\/2021\\\/10\\\/cpr-ssaebu-up.jpg\",\"contentUrl\":\"https:\\\/\\\/www.fcejs.unsl.edu.ar\\\/wp-content\\\/uploads\\\/2021\\\/10\\\/cpr-ssaebu-up.jpg\",\"width\":1152,\"height\":647},{\"@type\":\"BreadcrumbList\",\"@id\":\"https:\\\/\\\/www.fcejs.unsl.edu.ar\\\/index.php\\\/ssaebu-capacitacion-sobre-tecnicas-de-reanimacion-cardiopulmonar\\\/#breadcrumb\",\"itemListElement\":[{\"@type\":\"ListItem\",\"position\":1,\"name\":\"Inicio\",\"item\":\"https:\\\/\\\/www.fcejs.unsl.edu.ar\\\/\"},{\"@type\":\"ListItem\",\"position\":2,\"name\":\"SsAEBU: Capacitaci\u00f3n sobre t\u00e9cnicas de Reanimaci\u00f3n Cardiopulmonar\"}]},{\"@type\":\"WebSite\",\"@id\":\"https:\\\/\\\/www.fcejs.unsl.edu.ar\\\/#website\",\"url\":\"https:\\\/\\\/www.fcejs.unsl.edu.ar\\\/\",\"name\":\"Facultad de Ciencias Econ\u00f3micas, Jur\u00ed\u00addicas y Sociales\",\"description\":\"\",\"publisher\":{\"@id\":\"https:\\\/\\\/www.fcejs.unsl.edu.ar\\\/#organization\"},\"potentialAction\":[{\"@type\":\"SearchAction\",\"target\":{\"@type\":\"EntryPoint\",\"urlTemplate\":\"https:\\\/\\\/www.fcejs.unsl.edu.ar\\\/?s={search_term_string}\"},\"query-input\":{\"@type\":\"PropertyValueSpecification\",\"valueRequired\":true,\"valueName\":\"search_term_string\"}}],\"inLanguage\":\"es-AR\"},{\"@type\":\"Organization\",\"@id\":\"https:\\\/\\\/www.fcejs.unsl.edu.ar\\\/#organization\",\"name\":\"Facultad de Ciencias Econ\u00f3micas, Jur\u00eddicas y Sociales\",\"url\":\"https:\\\/\\\/www.fcejs.unsl.edu.ar\\\/\",\"logo\":{\"@type\":\"ImageObject\",\"inLanguage\":\"es-AR\",\"@id\":\"https:\\\/\\\/www.fcejs.unsl.edu.ar\\\/#\\\/schema\\\/logo\\\/image\\\/\",\"url\":\"https:\\\/\\\/www.fcejs.unsl.edu.ar\\\/wp-content\\\/uploads\\\/2021\\\/03\\\/logo-1.jpg\",\"contentUrl\":\"https:\\\/\\\/www.fcejs.unsl.edu.ar\\\/wp-content\\\/uploads\\\/2021\\\/03\\\/logo-1.jpg\",\"width\":471,\"height\":146,\"caption\":\"Facultad de Ciencias Econ\u00f3micas, Jur\u00eddicas y Sociales\"},\"image\":{\"@id\":\"https:\\\/\\\/www.fcejs.unsl.edu.ar\\\/#\\\/schema\\\/logo\\\/image\\\/\"},\"sameAs\":[\"https:\\\/\\\/www.facebook.com\\\/FCEJS.UNSL\\\/\",\"https:\\\/\\\/x.com\\\/FCEJSUNSL\",\"https:\\\/\\\/www.instagram.com\\\/fcejs.unsl\\\/\",\"https:\\\/\\\/www.youtube.com\\\/channel\\\/UCH-Ut6EaN_X5ogjIQMPe46g\\\/\"]},{\"@type\":\"Person\",\"@id\":\"https:\\\/\\\/www.fcejs.unsl.edu.ar\\\/#\\\/schema\\\/person\\\/352ee6ed90c3f394c7cb5945f8956d34\",\"name\":\"DATI\"}]}<\/script>\n<!-- \/ Yoast SEO plugin. -->","yoast_head_json":{"title":"SsAEBU: Capacitaci\u00f3n sobre t\u00e9cnicas de Reanimaci\u00f3n Cardiopulmonar - Facultad de Ciencias Econ\u00f3micas, Jur\u00ed\u00addicas y Sociales","robots":{"index":"index","follow":"follow","max-snippet":"max-snippet:-1","max-image-preview":"max-image-preview:large","max-video-preview":"max-video-preview:-1"},"canonical":"https:\/\/www.fcejs.unsl.edu.ar\/index.php\/ssaebu-capacitacion-sobre-tecnicas-de-reanimacion-cardiopulmonar\/","og_locale":"es_ES","og_type":"article","og_title":"SsAEBU: Capacitaci\u00f3n sobre t\u00e9cnicas de Reanimaci\u00f3n Cardiopulmonar - Facultad de Ciencias Econ\u00f3micas, Jur\u00ed\u00addicas y Sociales","og_description":"La Subsecretar\u00eda de Asuntos Estudiantiles y Bienestar Universitario (SsAEBU) informa que, en la ma\u00f1ana del viernes 15 de octubre de 2021, en las instalaciones del&hellip;","og_url":"https:\/\/www.fcejs.unsl.edu.ar\/index.php\/ssaebu-capacitacion-sobre-tecnicas-de-reanimacion-cardiopulmonar\/","og_site_name":"Facultad de Ciencias Econ\u00f3micas, Jur\u00ed\u00addicas y Sociales","article_publisher":"https:\/\/www.facebook.com\/FCEJS.UNSL\/","article_published_time":"2021-10-18T12:35:16+00:00","article_modified_time":"2021-10-19T13:13:19+00:00","og_image":[{"width":1152,"height":647,"url":"https:\/\/www.fcejs.unsl.edu.ar\/wp-content\/uploads\/2021\/10\/cpr-ssaebu-up.jpg","type":"image\/jpeg"}],"author":"DATI","twitter_card":"summary_large_image","twitter_creator":"@FCEJSUNSL","twitter_site":"@FCEJSUNSL","twitter_misc":{"Escrito por":"DATI","Tiempo de lectura":"2 minutos"},"schema":{"@context":"https:\/\/schema.org","@graph":[{"@type":"Article","@id":"https:\/\/www.fcejs.unsl.edu.ar\/index.php\/ssaebu-capacitacion-sobre-tecnicas-de-reanimacion-cardiopulmonar\/#article","isPartOf":{"@id":"https:\/\/www.fcejs.unsl.edu.ar\/index.php\/ssaebu-capacitacion-sobre-tecnicas-de-reanimacion-cardiopulmonar\/"},"author":{"name":"DATI","@id":"https:\/\/www.fcejs.unsl.edu.ar\/#\/schema\/person\/352ee6ed90c3f394c7cb5945f8956d34"},"headline":"SsAEBU: Capacitaci\u00f3n sobre t\u00e9cnicas de Reanimaci\u00f3n Cardiopulmonar","datePublished":"2021-10-18T12:35:16+00:00","dateModified":"2021-10-19T13:13:19+00:00","mainEntityOfPage":{"@id":"https:\/\/www.fcejs.unsl.edu.ar\/index.php\/ssaebu-capacitacion-sobre-tecnicas-de-reanimacion-cardiopulmonar\/"},"wordCount":229,"publisher":{"@id":"https:\/\/www.fcejs.unsl.edu.ar\/#organization"},"image":{"@id":"https:\/\/www.fcejs.unsl.edu.ar\/index.php\/ssaebu-capacitacion-sobre-tecnicas-de-reanimacion-cardiopulmonar\/#primaryimage"},"thumbnailUrl":"https:\/\/www.fcejs.unsl.edu.ar\/wp-content\/uploads\/2021\/10\/cpr-ssaebu-up.jpg","articleSection":["Noticias"],"inLanguage":"es-AR"},{"@type":"WebPage","@id":"https:\/\/www.fcejs.unsl.edu.ar\/index.php\/ssaebu-capacitacion-sobre-tecnicas-de-reanimacion-cardiopulmonar\/","url":"https:\/\/www.fcejs.unsl.edu.ar\/index.php\/ssaebu-capacitacion-sobre-tecnicas-de-reanimacion-cardiopulmonar\/","name":"SsAEBU: Capacitaci\u00f3n sobre t\u00e9cnicas de Reanimaci\u00f3n Cardiopulmonar - Facultad de Ciencias Econ\u00f3micas, Jur\u00ed\u00addicas y Sociales","isPartOf":{"@id":"https:\/\/www.fcejs.unsl.edu.ar\/#website"},"primaryImageOfPage":{"@id":"https:\/\/www.fcejs.unsl.edu.ar\/index.php\/ssaebu-capacitacion-sobre-tecnicas-de-reanimacion-cardiopulmonar\/#primaryimage"},"image":{"@id":"https:\/\/www.fcejs.unsl.edu.ar\/index.php\/ssaebu-capacitacion-sobre-tecnicas-de-reanimacion-cardiopulmonar\/#primaryimage"},"thumbnailUrl":"https:\/\/www.fcejs.unsl.edu.ar\/wp-content\/uploads\/2021\/10\/cpr-ssaebu-up.jpg","datePublished":"2021-10-18T12:35:16+00:00","dateModified":"2021-10-19T13:13:19+00:00","breadcrumb":{"@id":"https:\/\/www.fcejs.unsl.edu.ar\/index.php\/ssaebu-capacitacion-sobre-tecnicas-de-reanimacion-cardiopulmonar\/#breadcrumb"},"inLanguage":"es-AR","potentialAction":[{"@type":"ReadAction","target":["https:\/\/www.fcejs.unsl.edu.ar\/index.php\/ssaebu-capacitacion-sobre-tecnicas-de-reanimacion-cardiopulmonar\/"]}]},{"@type":"ImageObject","inLanguage":"es-AR","@id":"https:\/\/www.fcejs.unsl.edu.ar\/index.php\/ssaebu-capacitacion-sobre-tecnicas-de-reanimacion-cardiopulmonar\/#primaryimage","url":"https:\/\/www.fcejs.unsl.edu.ar\/wp-content\/uploads\/2021\/10\/cpr-ssaebu-up.jpg","contentUrl":"https:\/\/www.fcejs.unsl.edu.ar\/wp-content\/uploads\/2021\/10\/cpr-ssaebu-up.jpg","width":1152,"height":647},{"@type":"BreadcrumbList","@id":"https:\/\/www.fcejs.unsl.edu.ar\/index.php\/ssaebu-capacitacion-sobre-tecnicas-de-reanimacion-cardiopulmonar\/#breadcrumb","itemListElement":[{"@type":"ListItem","position":1,"name":"Inicio","item":"https:\/\/www.fcejs.unsl.edu.ar\/"},{"@type":"ListItem","position":2,"name":"SsAEBU: Capacitaci\u00f3n sobre t\u00e9cnicas de Reanimaci\u00f3n Cardiopulmonar"}]},{"@type":"WebSite","@id":"https:\/\/www.fcejs.unsl.edu.ar\/#website","url":"https:\/\/www.fcejs.unsl.edu.ar\/","name":"Facultad de Ciencias Econ\u00f3micas, Jur\u00ed\u00addicas y Sociales","description":"","publisher":{"@id":"https:\/\/www.fcejs.unsl.edu.ar\/#organization"},"potentialAction":[{"@type":"SearchAction","target":{"@type":"EntryPoint","urlTemplate":"https:\/\/www.fcejs.unsl.edu.ar\/?s={search_term_string}"},"query-input":{"@type":"PropertyValueSpecification","valueRequired":true,"valueName":"search_term_string"}}],"inLanguage":"es-AR"},{"@type":"Organization","@id":"https:\/\/www.fcejs.unsl.edu.ar\/#organization","name":"Facultad de Ciencias Econ\u00f3micas, Jur\u00eddicas y Sociales","url":"https:\/\/www.fcejs.unsl.edu.ar\/","logo":{"@type":"ImageObject","inLanguage":"es-AR","@id":"https:\/\/www.fcejs.unsl.edu.ar\/#\/schema\/logo\/image\/","url":"https:\/\/www.fcejs.unsl.edu.ar\/wp-content\/uploads\/2021\/03\/logo-1.jpg","contentUrl":"https:\/\/www.fcejs.unsl.edu.ar\/wp-content\/uploads\/2021\/03\/logo-1.jpg","width":471,"height":146,"caption":"Facultad de Ciencias Econ\u00f3micas, Jur\u00eddicas y Sociales"},"image":{"@id":"https:\/\/www.fcejs.unsl.edu.ar\/#\/schema\/logo\/image\/"},"sameAs":["https:\/\/www.facebook.com\/FCEJS.UNSL\/","https:\/\/x.com\/FCEJSUNSL","https:\/\/www.instagram.com\/fcejs.unsl\/","https:\/\/www.youtube.com\/channel\/UCH-Ut6EaN_X5ogjIQMPe46g\/"]},{"@type":"Person","@id":"https:\/\/www.fcejs.unsl.edu.ar\/#\/schema\/person\/352ee6ed90c3f394c7cb5945f8956d34","name":"DATI"}]}},"jetpack_featured_media_url":"https:\/\/www.fcejs.unsl.edu.ar\/wp-content\/uploads\/2021\/10\/cpr-ssaebu-up.jpg","_links":{"self":[{"href":"https:\/\/www.fcejs.unsl.edu.ar\/index.php\/wp-json\/wp\/v2\/posts\/5746","targetHints":{"allow":["GET"]}}],"collection":[{"href":"https:\/\/www.fcejs.unsl.edu.ar\/index.php\/wp-json\/wp\/v2\/posts"}],"about":[{"href":"https:\/\/www.fcejs.unsl.edu.ar\/index.php\/wp-json\/wp\/v2\/types\/post"}],"author":[{"embeddable":true,"href":"https:\/\/www.fcejs.unsl.edu.ar\/index.php\/wp-json\/wp\/v2\/users\/9"}],"replies":[{"embeddable":true,"href":"https:\/\/www.fcejs.unsl.edu.ar\/index.php\/wp-json\/wp\/v2\/comments?post=5746"}],"version-history":[{"count":8,"href":"https:\/\/www.fcejs.unsl.edu.ar\/index.php\/wp-json\/wp\/v2\/posts\/5746\/revisions"}],"predecessor-version":[{"id":5763,"href":"https:\/\/www.fcejs.unsl.edu.ar\/index.php\/wp-json\/wp\/v2\/posts\/5746\/revisions\/5763"}],"wp:featuredmedia":[{"embeddable":true,"href":"https:\/\/www.fcejs.unsl.edu.ar\/index.php\/wp-json\/wp\/v2\/media\/5748"}],"wp:attachment":[{"href":"https:\/\/www.fcejs.unsl.edu.ar\/index.php\/wp-json\/wp\/v2\/media?parent=5746"}],"wp:term":[{"taxonomy":"category","embeddable":true,"href":"https:\/\/www.fcejs.unsl.edu.ar\/index.php\/wp-json\/wp\/v2\/categories?post=5746"},{"taxonomy":"post_tag","embeddable":true,"href":"https:\/\/www.fcejs.unsl.edu.ar\/index.php\/wp-json\/wp\/v2\/tags?post=5746"}],"curies":[{"name":"wp","href":"https:\/\/api.w.org\/{rel}","templated":true}]}}